{"id":49414,"date":"2024-03-31T08:00:03","date_gmt":"2024-03-31T06:00:03","guid":{"rendered":"https:\/\/www.esplac.cat\/?p=49414"},"modified":"2024-03-29T13:31:34","modified_gmt":"2024-03-29T11:31:34","slug":"31m-dia-visibilitat-trans","status":"publish","type":"post","link":"https:\/\/www.esplac.cat\/es\/31m-dia-visibilitat-trans\/","title":{"rendered":"31M: Dia de la Visibilitat Trans*"},"content":{"rendered":"<p><div class=\"fusion-fullwidth fullwidth-box fusion-builder-row-1 fusion-flex-container nonhundred-percent-fullwidth non-hundred-percent-height-scrolling\" style=\"--awb-border-radius-top-left:0px;--awb-border-radius-top-right:0px;--awb-border-radius-bottom-right:0px;--awb-border-radius-bottom-left:0px;--awb-flex-wrap:wrap;\" ><div class=\"fusion-builder-row fusion-row fusion-flex-align-items-flex-start fusion-flex-content-wrap\" style=\"max-width:1248px;margin-left: calc(-4% \/ 2 );margin-right: calc(-4% \/ 2 );\"><div class=\"fusion-layout-column fusion_builder_column fusion-builder-column-0 fusion_builder_column_1_1 1_1 fusion-flex-column\" style=\"--awb-bg-size:cover;--awb-width-large:100%;--awb-margin-top-large:0px;--awb-spacing-right-large:1.92%;--awb-margin-bottom-large:0px;--awb-spacing-left-large:1.92%;--awb-width-medium:100%;--awb-spacing-right-medium:1.92%;--awb-spacing-left-medium:1.92%;--awb-width-small:100%;--awb-spacing-right-small:1.92%;--awb-spacing-left-small:1.92%;\"><div class=\"fusion-column-wrapper fusion-flex-justify-content-flex-start fusion-content-layout-column\"><div class=\"fusion-text fusion-text-1\"><h6 dir=\"ltr\"><strong>No hem nascut trans*, hem (de)construit la nostra identitat d\u2019acord a un q\u00fcestionament del propi g\u00e8nere que ens ha fet transicionar per poder habitar de forma menys complicada el nostre cos i el nostre m\u00f3n<\/strong><\/h6>\n<p dir=\"ltr\">Avui, 31 de mar\u00e7, celebrem el Dia Internacional de la Visibilitat Trans*. L\u2019activista Rachel Crandall, dona trans*, l\u2019any 2009, va decidir crear aquesta diada com a reacci\u00f3 a la falta de dies que visibilitzessin les persones trans* i sensibilitzessin contra la discriminaci\u00f3 cap a aquestes. Fins al moment, com a data assenyalada, hi havia el Dia Internacional de la Mem\u00f2ria Trans* en honor a totes les persones trans* assassinades per crims d\u2019odi, per\u00f2 faltava tamb\u00e9 un dia per visibilitzar a totes les persones trans* vives que continuem lluitant per les nostres companyes i que el cisheteropatriarcat no ha pogut ni podr\u00e0 callar mai.<\/p>\n<p dir=\"ltr\">Sabem que la binarietat de g\u00e8nere i sexe \u00e9s una de les construccions dins la nostra societat que est\u00e0 molt relacionada amb el funcionament del sistema en general: \u00e9s una de les fonts de viol\u00e8ncia estructural que m\u00e9s ens afecten. <strong>No hem nascut trans*, hem (de)construit la nostra identitat d\u2019acord a un q\u00fcestionament del propi g\u00e8nere que ens ha fet transicionar per poder habitar de forma menys complicada el nostre cos i el nostre m\u00f3n.<\/strong> I igualment deixem molt clar que cada viv\u00e8ncia \u00e9s diferent i v\u00e0lida.<\/p>\n<blockquote>\n<p dir=\"ltr\">Sabem que la binarietat de g\u00e8nere i sexe \u00e9s una de les construccions dins la nostra societat que est\u00e0 molt relacionada amb el funcionament del sistema en general.<\/p>\n<\/blockquote>\n<p dir=\"ltr\">Les persones trans* continuen sent les m\u00e9s discriminades i assetjades tant dins del col\u00b7lectiu LGTBI+ com per la societat en general. La visibilitat trans* no ha de ser nom\u00e9s un dia a l\u2019any. \u00c9s una feina del dia a dia, de cuidar el llenguatge, les accions, com ens comportem, com ens relacionem&#8230; revisar els privilegis i veure qu\u00e8 podem canviar; ja que els canvis s\u00f3n cosa de totes. Per\u00f2 fins que la societat no canvi\u00ef, aquests dies internacionals de visibilitzaci\u00f3 s\u00f3n necessaris per donar veu a aquestes persones i que el seu missatge arribi a la gent i faci despertar consci\u00e8ncies.<\/p>\n<p dir=\"ltr\">Fa un any es va aprovar la Llei 4\/2023, m\u00e9s coneguda com a llei Trans, garantint un acc\u00e9s a tota persona major de setze anys a canviar-se el sexe en el registre civil. Anteriorment, a Catalunya ja existia la Llei 11\/2014 que pretenia garantir els drets de les persones LGTBI. Ambdues, per\u00f2, tot i haver suposat una millora en la vida d\u2019algunes de les persones del col\u00b7lectiu, no observen totes les realitats i encara est\u00e0 lluny de ser m\u00e9s que paraules escrites en paper mullat. Tenim la unitat de Tr\u00e0nsit, creada el 2012, el Centre LGTBI, entre altres petits aven\u00e7os institucionals, molt sovint impulsats per iniciatives populars que han fet pressi\u00f3. Tot i aix\u00f2, ens queda molt per fer, i m\u00e9s quan la ultradreta t\u00e9 representaci\u00f3 als espais de decisi\u00f3 i amena\u00e7a amb empitjorar encara m\u00e9s la situaci\u00f3.<\/p>\n<blockquote>\n<p dir=\"ltr\">Falten persones que es mostrin com s\u00f3n, que ens destrossin les idees preconcebudes al voltant del g\u00e8nere i ens facin reflexionar.<\/p>\n<\/blockquote>\n<p dir=\"ltr\">Un altre tema a destacar \u00e9s la falta de referents. El que no es veu, no existeix, i si no existeix no se\u2019n parla i no es normalitza. Falten persones que es mostrin com s\u00f3n, que ens destrossin les idees preconcebudes al voltant del g\u00e8nere i ens facin reflexionar. Que ens trenquin els esquemes que des d\u2019infants ens han imposat. A m\u00e9s, tamb\u00e9 falten referents on les noves generacions es puguin veure reflectides i saber que no estan soles, que cada persona \u00e9s v\u00e0lida com \u00e9s i cap altra li pot prohibir ser. I referents diversos, que no reprodueixin els mateixos estereotips ni les mateixes actituds que no volem reproduir.<\/p>\n<p dir=\"ltr\">Per tot aix\u00f2 anteriorment explicat, Esplac es compromet a:<\/p>\n<ul>\n<li dir=\"ltr\" aria-level=\"1\">\n<p dir=\"ltr\" role=\"presentation\">Continuar treballant la tem\u00e0tica trans* aix\u00ed com el g\u00e8nere d\u2019una manera transinclusiva.<\/p>\n<\/li>\n<li dir=\"ltr\" aria-level=\"1\">\n<p dir=\"ltr\" role=\"presentation\">Crear espais segurs per a totes les persones que formen part d\u2019Esplac.<\/p>\n<\/li>\n<li dir=\"ltr\" aria-level=\"1\">\n<p dir=\"ltr\" role=\"presentation\">Donar veu a persones trans* i incloure i potenciar m\u00e9s espais de formaci\u00f3 i sensibilitzaci\u00f3.<\/p>\n<\/li>\n<li dir=\"ltr\" aria-level=\"1\">\n<p dir=\"ltr\" role=\"presentation\">Continuar treballant perqu\u00e8 Esplac incorpori al seu discurs la perspectiva trans*, aconsegueixi un discurs interseccional i es posicioni p\u00fablicament i pol\u00edticament.<\/p>\n<\/li>\n<li dir=\"ltr\" aria-level=\"1\">\n<p dir=\"ltr\" role=\"presentation\">Acompanyar els esplais en el proc\u00e9s d\u2019incorporar la perspectiva trans* i oferir eines i recursos que ho facilitin.<\/p>\n<\/li>\n<\/ul>\n<p dir=\"ltr\"><em>31 de mar\u00e7 de 2024<\/em><\/p>\n<\/div><\/div><\/div><\/div><\/div><div class=\"fusion-fullwidth fullwidth-box fusion-builder-row-2 fusion-flex-container nonhundred-percent-fullwidth non-hundred-percent-height-scrolling\" style=\"--awb-border-radius-top-left:0px;--awb-border-radius-top-right:0px;--awb-border-radius-bottom-right:0px;--awb-border-radius-bottom-left:0px;--awb-flex-wrap:wrap;\" ><div class=\"fusion-builder-row fusion-row fusion-flex-align-items-flex-start fusion-flex-content-wrap\" style=\"max-width:1248px;margin-left: calc(-4% \/ 2 );margin-right: calc(-4% \/ 2 );\"><div class=\"fusion-layout-column fusion_builder_column fusion-builder-column-1 fusion_builder_column_1_1 1_1 fusion-flex-column\" style=\"--awb-bg-size:cover;--awb-width-large:100%;--awb-margin-top-large:0px;--awb-spacing-right-large:1.92%;--awb-margin-bottom-large:0px;--awb-spacing-left-large:1.92%;--awb-width-medium:100%;--awb-spacing-right-medium:1.92%;--awb-spacing-left-medium:1.92%;--awb-width-small:100%;--awb-spacing-right-small:1.92%;--awb-spacing-left-small:1.92%;\"><div class=\"fusion-column-wrapper fusion-flex-justify-content-flex-start fusion-content-layout-column\"><div style=\"text-align:center;\"><a class=\"fusion-button button-flat fusion-button-default-size button-default fusion-button-default button-1 fusion-button-default-span fusion-button-default-type\" target=\"_self\" href=\"https:\/\/www.esplac.cat\/wp-content\/uploads\/2024\/03\/31-M.pdf\"><span class=\"fusion-button-text\">Descarrega el posicionament<\/span><\/a><\/div><div class=\"fusion-separator fusion-full-width-sep\" style=\"align-self: center;margin-left: auto;margin-right: auto;width:100%;\"><\/div><\/div><\/div><\/div><\/div><div class=\"fusion-fullwidth fullwidth-box fusion-builder-row-3 fusion-flex-container has-pattern-background has-mask-background nonhundred-percent-fullwidth non-hundred-percent-height-scrolling\" style=\"--awb-border-radius-top-left:0px;--awb-border-radius-top-right:0px;--awb-border-radius-bottom-right:0px;--awb-border-radius-bottom-left:0px;--awb-flex-wrap:wrap;\" ><div class=\"fusion-builder-row fusion-row fusion-flex-align-items-flex-start fusion-flex-content-wrap\" style=\"max-width:1248px;margin-left: calc(-4% \/ 2 );margin-right: calc(-4% \/ 2 );\"><\/div><\/div><\/p>\n","protected":false},"excerpt":{"rendered":"","protected":false},"author":3,"featured_media":49422,"comment_status":"closed","ping_status":"closed","sticky":false,"template":"","format":"standard","meta":{"om_disable_all_campaigns":false,"_monsterinsights_skip_tracking":false,"_monsterinsights_sitenote_active":false,"_monsterinsights_sitenote_note":"","_monsterinsights_sitenote_category":0,"_uf_show_specific_survey":0,"_uf_disable_surveys":false,"footnotes":""},"categories":[1127],"tags":[],"class_list":["post-49414","post","type-post","status-publish","format-standard","has-post-thumbnail","hentry","category-comunicats-posicionaments"],"yoast_head":"<!-- This site is optimized with the Yoast SEO plugin v27.4 - https:\/\/yoast.com\/product\/yoast-seo-wordpress\/ -->\n<title>31M: Dia de la Visibilitat Trans* - Esplac<\/title>\n<meta name=\"description\" content=\"Des d\u2019Esplais Catalans fem servir aquest 8 de mar\u00e7 per alc\u0327ar la veu i denunciar les desigualtats i discriminacions de ge\u0300nere i reivindicar els drets de les dones i identitats dissidents i no normatives que pateixen les viole\u0300ncies pro\u0300pies dins d\u2019una societat patriarcal i capitalista.\" \/>\n<meta name=\"robots\" content=\"index, follow, max-snippet:-1, max-image-preview:large, max-video-preview:-1\" \/>\n<link rel=\"canonical\" href=\"https:\/\/www.esplac.cat\/31m-dia-visibilitat-trans\/\" \/>\n<meta property=\"og:locale\" content=\"es_ES\" \/>\n<meta property=\"og:type\" content=\"article\" \/>\n<meta property=\"og:title\" content=\"31M: Dia de la Visibilitat Trans* - Esplac\" \/>\n<meta property=\"og:description\" content=\"Des d\u2019Esplais Catalans fem servir aquest 8 de mar\u00e7 per alc\u0327ar la veu i denunciar les desigualtats i discriminacions de ge\u0300nere i reivindicar els drets de les dones i identitats dissidents i no normatives que pateixen les viole\u0300ncies pro\u0300pies dins d\u2019una societat patriarcal i capitalista.\" \/>\n<meta property=\"og:url\" content=\"https:\/\/www.esplac.cat\/31m-dia-visibilitat-trans\/\" \/>\n<meta property=\"og:site_name\" content=\"Esplac\" \/>\n<meta property=\"article:published_time\" content=\"2024-03-31T06:00:03+00:00\" \/>\n<meta property=\"og:image\" content=\"https:\/\/www.esplac.cat\/wp-content\/uploads\/2024\/03\/IMG_0343.jpeg\" \/>\n\t<meta property=\"og:image:width\" content=\"1697\" \/>\n\t<meta property=\"og:image:height\" content=\"700\" \/>\n\t<meta property=\"og:image:type\" content=\"image\/jpeg\" \/>\n<meta name=\"author\" content=\"Comunicaci\u00f3 Esplac\" \/>\n<meta name=\"twitter:card\" content=\"summary_large_image\" \/>\n<meta name=\"twitter:label1\" content=\"Escrito por\" \/>\n\t<meta name=\"twitter:data1\" content=\"Comunicaci\u00f3 Esplac\" \/>\n\t<meta name=\"twitter:label2\" content=\"Tiempo de lectura\" \/>\n\t<meta name=\"twitter:data2\" content=\"4 minutos\" \/>\n<script type=\"application\/ld+json\" class=\"yoast-schema-graph\">{\"@context\":\"https:\\\/\\\/schema.org\",\"@graph\":[{\"@type\":\"Article\",\"@id\":\"https:\\\/\\\/www.esplac.cat\\\/31m-dia-visibilitat-trans\\\/#article\",\"isPartOf\":{\"@id\":\"https:\\\/\\\/www.esplac.cat\\\/31m-dia-visibilitat-trans\\\/\"},\"author\":{\"name\":\"Comunicaci\u00f3 Esplac\",\"@id\":\"https:\\\/\\\/www.esplac.cat\\\/#\\\/schema\\\/person\\\/908383cf240be18b68f8855d0583faca\"},\"headline\":\"31M: Dia de la Visibilitat Trans*\",\"datePublished\":\"2024-03-31T06:00:03+00:00\",\"mainEntityOfPage\":{\"@id\":\"https:\\\/\\\/www.esplac.cat\\\/31m-dia-visibilitat-trans\\\/\"},\"wordCount\":1860,\"publisher\":{\"@id\":\"https:\\\/\\\/www.esplac.cat\\\/#organization\"},\"image\":{\"@id\":\"https:\\\/\\\/www.esplac.cat\\\/31m-dia-visibilitat-trans\\\/#primaryimage\"},\"thumbnailUrl\":\"https:\\\/\\\/www.esplac.cat\\\/wp-content\\\/uploads\\\/2024\\\/03\\\/IMG_0343.jpeg\",\"articleSection\":[\"Comunicats i posicionaments\"],\"inLanguage\":\"es\"},{\"@type\":\"WebPage\",\"@id\":\"https:\\\/\\\/www.esplac.cat\\\/31m-dia-visibilitat-trans\\\/\",\"url\":\"https:\\\/\\\/www.esplac.cat\\\/31m-dia-visibilitat-trans\\\/\",\"name\":\"31M: Dia de la Visibilitat Trans* - Esplac\",\"isPartOf\":{\"@id\":\"https:\\\/\\\/www.esplac.cat\\\/#website\"},\"primaryImageOfPage\":{\"@id\":\"https:\\\/\\\/www.esplac.cat\\\/31m-dia-visibilitat-trans\\\/#primaryimage\"},\"image\":{\"@id\":\"https:\\\/\\\/www.esplac.cat\\\/31m-dia-visibilitat-trans\\\/#primaryimage\"},\"thumbnailUrl\":\"https:\\\/\\\/www.esplac.cat\\\/wp-content\\\/uploads\\\/2024\\\/03\\\/IMG_0343.jpeg\",\"datePublished\":\"2024-03-31T06:00:03+00:00\",\"description\":\"Des d\u2019Esplais Catalans fem servir aquest 8 de mar\u00e7 per alc\u0327ar la veu i denunciar les desigualtats i discriminacions de ge\u0300nere i reivindicar els drets de les dones i identitats dissidents i no normatives que pateixen les viole\u0300ncies pro\u0300pies dins d\u2019una societat patriarcal i capitalista.\",\"breadcrumb\":{\"@id\":\"https:\\\/\\\/www.esplac.cat\\\/31m-dia-visibilitat-trans\\\/#breadcrumb\"},\"inLanguage\":\"es\",\"potentialAction\":[{\"@type\":\"ReadAction\",\"target\":[\"https:\\\/\\\/www.esplac.cat\\\/31m-dia-visibilitat-trans\\\/\"]}]},{\"@type\":\"ImageObject\",\"inLanguage\":\"es\",\"@id\":\"https:\\\/\\\/www.esplac.cat\\\/31m-dia-visibilitat-trans\\\/#primaryimage\",\"url\":\"https:\\\/\\\/www.esplac.cat\\\/wp-content\\\/uploads\\\/2024\\\/03\\\/IMG_0343.jpeg\",\"contentUrl\":\"https:\\\/\\\/www.esplac.cat\\\/wp-content\\\/uploads\\\/2024\\\/03\\\/IMG_0343.jpeg\",\"width\":1697,\"height\":700},{\"@type\":\"BreadcrumbList\",\"@id\":\"https:\\\/\\\/www.esplac.cat\\\/31m-dia-visibilitat-trans\\\/#breadcrumb\",\"itemListElement\":[{\"@type\":\"ListItem\",\"position\":1,\"name\":\"Inici\",\"item\":\"https:\\\/\\\/www.esplac.cat\\\/es\\\/\"},{\"@type\":\"ListItem\",\"position\":2,\"name\":\"31M: Dia de la Visibilitat Trans*\"}]},{\"@type\":\"WebSite\",\"@id\":\"https:\\\/\\\/www.esplac.cat\\\/#website\",\"url\":\"https:\\\/\\\/www.esplac.cat\\\/\",\"name\":\"Esplac\",\"description\":\"Esplais Catalans\",\"publisher\":{\"@id\":\"https:\\\/\\\/www.esplac.cat\\\/#organization\"},\"potentialAction\":[{\"@type\":\"SearchAction\",\"target\":{\"@type\":\"EntryPoint\",\"urlTemplate\":\"https:\\\/\\\/www.esplac.cat\\\/?s={search_term_string}\"},\"query-input\":{\"@type\":\"PropertyValueSpecification\",\"valueRequired\":true,\"valueName\":\"search_term_string\"}}],\"inLanguage\":\"es\"},{\"@type\":\"Organization\",\"@id\":\"https:\\\/\\\/www.esplac.cat\\\/#organization\",\"name\":\"Esplac\",\"url\":\"https:\\\/\\\/www.esplac.cat\\\/\",\"logo\":{\"@type\":\"ImageObject\",\"inLanguage\":\"es\",\"@id\":\"https:\\\/\\\/www.esplac.cat\\\/#\\\/schema\\\/logo\\\/image\\\/\",\"url\":\"https:\\\/\\\/www.esplac.cat\\\/wp-content\\\/uploads\\\/2019\\\/08\\\/logox2.png\",\"contentUrl\":\"https:\\\/\\\/www.esplac.cat\\\/wp-content\\\/uploads\\\/2019\\\/08\\\/logox2.png\",\"width\":600,\"height\":295,\"caption\":\"Esplac\"},\"image\":{\"@id\":\"https:\\\/\\\/www.esplac.cat\\\/#\\\/schema\\\/logo\\\/image\\\/\"}},{\"@type\":\"Person\",\"@id\":\"https:\\\/\\\/www.esplac.cat\\\/#\\\/schema\\\/person\\\/908383cf240be18b68f8855d0583faca\",\"name\":\"Comunicaci\u00f3 Esplac\",\"image\":{\"@type\":\"ImageObject\",\"inLanguage\":\"es\",\"@id\":\"https:\\\/\\\/secure.gravatar.com\\\/avatar\\\/7a4cf8feb412a76ea4a740ca02d95b06b2907b5a6c648c2dd0a1082a093c3141?s=96&d=mm&r=g\",\"url\":\"https:\\\/\\\/secure.gravatar.com\\\/avatar\\\/7a4cf8feb412a76ea4a740ca02d95b06b2907b5a6c648c2dd0a1082a093c3141?s=96&d=mm&r=g\",\"contentUrl\":\"https:\\\/\\\/secure.gravatar.com\\\/avatar\\\/7a4cf8feb412a76ea4a740ca02d95b06b2907b5a6c648c2dd0a1082a093c3141?s=96&d=mm&r=g\",\"caption\":\"Comunicaci\u00f3 Esplac\"}}]}<\/script>\n<!-- \/ Yoast SEO plugin. -->","yoast_head_json":{"title":"31M: Dia de la Visibilitat Trans* - Esplac","description":"Des d\u2019Esplais Catalans fem servir aquest 8 de mar\u00e7 per alc\u0327ar la veu i denunciar les desigualtats i discriminacions de ge\u0300nere i reivindicar els drets de les dones i identitats dissidents i no normatives que pateixen les viole\u0300ncies pro\u0300pies dins d\u2019una societat patriarcal i capitalista.","robots":{"index":"index","follow":"follow","max-snippet":"max-snippet:-1","max-image-preview":"max-image-preview:large","max-video-preview":"max-video-preview:-1"},"canonical":"https:\/\/www.esplac.cat\/31m-dia-visibilitat-trans\/","og_locale":"es_ES","og_type":"article","og_title":"31M: Dia de la Visibilitat Trans* - Esplac","og_description":"Des d\u2019Esplais Catalans fem servir aquest 8 de mar\u00e7 per alc\u0327ar la veu i denunciar les desigualtats i discriminacions de ge\u0300nere i reivindicar els drets de les dones i identitats dissidents i no normatives que pateixen les viole\u0300ncies pro\u0300pies dins d\u2019una societat patriarcal i capitalista.","og_url":"https:\/\/www.esplac.cat\/31m-dia-visibilitat-trans\/","og_site_name":"Esplac","article_published_time":"2024-03-31T06:00:03+00:00","og_image":[{"width":1697,"height":700,"url":"https:\/\/www.esplac.cat\/wp-content\/uploads\/2024\/03\/IMG_0343.jpeg","type":"image\/jpeg"}],"author":"Comunicaci\u00f3 Esplac","twitter_card":"summary_large_image","twitter_misc":{"Escrito por":"Comunicaci\u00f3 Esplac","Tiempo de lectura":"4 minutos"},"schema":{"@context":"https:\/\/schema.org","@graph":[{"@type":"Article","@id":"https:\/\/www.esplac.cat\/31m-dia-visibilitat-trans\/#article","isPartOf":{"@id":"https:\/\/www.esplac.cat\/31m-dia-visibilitat-trans\/"},"author":{"name":"Comunicaci\u00f3 Esplac","@id":"https:\/\/www.esplac.cat\/#\/schema\/person\/908383cf240be18b68f8855d0583faca"},"headline":"31M: Dia de la Visibilitat Trans*","datePublished":"2024-03-31T06:00:03+00:00","mainEntityOfPage":{"@id":"https:\/\/www.esplac.cat\/31m-dia-visibilitat-trans\/"},"wordCount":1860,"publisher":{"@id":"https:\/\/www.esplac.cat\/#organization"},"image":{"@id":"https:\/\/www.esplac.cat\/31m-dia-visibilitat-trans\/#primaryimage"},"thumbnailUrl":"https:\/\/www.esplac.cat\/wp-content\/uploads\/2024\/03\/IMG_0343.jpeg","articleSection":["Comunicats i posicionaments"],"inLanguage":"es"},{"@type":"WebPage","@id":"https:\/\/www.esplac.cat\/31m-dia-visibilitat-trans\/","url":"https:\/\/www.esplac.cat\/31m-dia-visibilitat-trans\/","name":"31M: Dia de la Visibilitat Trans* - Esplac","isPartOf":{"@id":"https:\/\/www.esplac.cat\/#website"},"primaryImageOfPage":{"@id":"https:\/\/www.esplac.cat\/31m-dia-visibilitat-trans\/#primaryimage"},"image":{"@id":"https:\/\/www.esplac.cat\/31m-dia-visibilitat-trans\/#primaryimage"},"thumbnailUrl":"https:\/\/www.esplac.cat\/wp-content\/uploads\/2024\/03\/IMG_0343.jpeg","datePublished":"2024-03-31T06:00:03+00:00","description":"Des d\u2019Esplais Catalans fem servir aquest 8 de mar\u00e7 per alc\u0327ar la veu i denunciar les desigualtats i discriminacions de ge\u0300nere i reivindicar els drets de les dones i identitats dissidents i no normatives que pateixen les viole\u0300ncies pro\u0300pies dins d\u2019una societat patriarcal i capitalista.","breadcrumb":{"@id":"https:\/\/www.esplac.cat\/31m-dia-visibilitat-trans\/#breadcrumb"},"inLanguage":"es","potentialAction":[{"@type":"ReadAction","target":["https:\/\/www.esplac.cat\/31m-dia-visibilitat-trans\/"]}]},{"@type":"ImageObject","inLanguage":"es","@id":"https:\/\/www.esplac.cat\/31m-dia-visibilitat-trans\/#primaryimage","url":"https:\/\/www.esplac.cat\/wp-content\/uploads\/2024\/03\/IMG_0343.jpeg","contentUrl":"https:\/\/www.esplac.cat\/wp-content\/uploads\/2024\/03\/IMG_0343.jpeg","width":1697,"height":700},{"@type":"BreadcrumbList","@id":"https:\/\/www.esplac.cat\/31m-dia-visibilitat-trans\/#breadcrumb","itemListElement":[{"@type":"ListItem","position":1,"name":"Inici","item":"https:\/\/www.esplac.cat\/es\/"},{"@type":"ListItem","position":2,"name":"31M: Dia de la Visibilitat Trans*"}]},{"@type":"WebSite","@id":"https:\/\/www.esplac.cat\/#website","url":"https:\/\/www.esplac.cat\/","name":"Esplac","description":"Esplais Catalans","publisher":{"@id":"https:\/\/www.esplac.cat\/#organization"},"potentialAction":[{"@type":"SearchAction","target":{"@type":"EntryPoint","urlTemplate":"https:\/\/www.esplac.cat\/?s={search_term_string}"},"query-input":{"@type":"PropertyValueSpecification","valueRequired":true,"valueName":"search_term_string"}}],"inLanguage":"es"},{"@type":"Organization","@id":"https:\/\/www.esplac.cat\/#organization","name":"Esplac","url":"https:\/\/www.esplac.cat\/","logo":{"@type":"ImageObject","inLanguage":"es","@id":"https:\/\/www.esplac.cat\/#\/schema\/logo\/image\/","url":"https:\/\/www.esplac.cat\/wp-content\/uploads\/2019\/08\/logox2.png","contentUrl":"https:\/\/www.esplac.cat\/wp-content\/uploads\/2019\/08\/logox2.png","width":600,"height":295,"caption":"Esplac"},"image":{"@id":"https:\/\/www.esplac.cat\/#\/schema\/logo\/image\/"}},{"@type":"Person","@id":"https:\/\/www.esplac.cat\/#\/schema\/person\/908383cf240be18b68f8855d0583faca","name":"Comunicaci\u00f3 Esplac","image":{"@type":"ImageObject","inLanguage":"es","@id":"https:\/\/secure.gravatar.com\/avatar\/7a4cf8feb412a76ea4a740ca02d95b06b2907b5a6c648c2dd0a1082a093c3141?s=96&d=mm&r=g","url":"https:\/\/secure.gravatar.com\/avatar\/7a4cf8feb412a76ea4a740ca02d95b06b2907b5a6c648c2dd0a1082a093c3141?s=96&d=mm&r=g","contentUrl":"https:\/\/secure.gravatar.com\/avatar\/7a4cf8feb412a76ea4a740ca02d95b06b2907b5a6c648c2dd0a1082a093c3141?s=96&d=mm&r=g","caption":"Comunicaci\u00f3 Esplac"}}]}},"_links":{"self":[{"href":"https:\/\/www.esplac.cat\/es\/wp-json\/wp\/v2\/posts\/49414","targetHints":{"allow":["GET"]}}],"collection":[{"href":"https:\/\/www.esplac.cat\/es\/wp-json\/wp\/v2\/posts"}],"about":[{"href":"https:\/\/www.esplac.cat\/es\/wp-json\/wp\/v2\/types\/post"}],"author":[{"embeddable":true,"href":"https:\/\/www.esplac.cat\/es\/wp-json\/wp\/v2\/users\/3"}],"replies":[{"embeddable":true,"href":"https:\/\/www.esplac.cat\/es\/wp-json\/wp\/v2\/comments?post=49414"}],"version-history":[{"count":2,"href":"https:\/\/www.esplac.cat\/es\/wp-json\/wp\/v2\/posts\/49414\/revisions"}],"predecessor-version":[{"id":49425,"href":"https:\/\/www.esplac.cat\/es\/wp-json\/wp\/v2\/posts\/49414\/revisions\/49425"}],"wp:featuredmedia":[{"embeddable":true,"href":"https:\/\/www.esplac.cat\/es\/wp-json\/wp\/v2\/media\/49422"}],"wp:attachment":[{"href":"https:\/\/www.esplac.cat\/es\/wp-json\/wp\/v2\/media?parent=49414"}],"wp:term":[{"taxonomy":"category","embeddable":true,"href":"https:\/\/www.esplac.cat\/es\/wp-json\/wp\/v2\/categories?post=49414"},{"taxonomy":"post_tag","embeddable":true,"href":"https:\/\/www.esplac.cat\/es\/wp-json\/wp\/v2\/tags?post=49414"}],"curies":[{"name":"wp","href":"https:\/\/api.w.org\/{rel}","templated":true}]}}