{"id":4954,"date":"2018-10-03T03:57:58","date_gmt":"2018-10-03T01:57:58","guid":{"rendered":"https:\/\/www.somesplai.cat\/?p=4954"},"modified":"2019-11-28T13:31:24","modified_gmt":"2019-11-28T12:31:24","slug":"final-round-obrigado","status":"publish","type":"post","link":"https:\/\/www.esplac.cat\/es\/final-round-obrigado\/","title":{"rendered":"Final Round! Obrigado"},"content":{"rendered":"<p>2-Octubre-2018<\/p>\n<p>Autor:<strong> David Miranda Mota<\/strong>, SVE portugu\u00e8s a Barcelona i monitor de l\u2019Esplai Torxa.<\/p>\n<hr>\n<p>Hola mi gente.<br \/>\nPues aqu\u00ed estamos, al final&#8230;<br \/>\nPero antes de concluir, aun hay unas historias.<\/p>\n<p>Al llegar de Portugal empezaron la vacaciones de Esplac en la oficina y pude dedicarme a otra exposici\u00f3n, en Agosto en un local lleno de cultura urbana, el Skate&nbsp;<em>Bar<\/em> <strong>NeverMind<\/strong> del Raval. Tuve la oportunidad de conocer y darme a conocer a mucha gente y artistas de Barcelona, fue importante para ganar alg\u00fan espacio en el \u00abjuego\u00bb! En octubre&nbsp;habr\u00e1 una&nbsp;pieza grande en las paredes de all\u00ed, \u00abstay tunned\u00bb! Como era un evento significativo para mi y que yo quer\u00eda estar de lleno, las piezas de lego de mi hombro hicieron de las suyas y se sali\u00f3 del sitio (otra vez&#8230;ya van 4), pero afortunadamente estaba con unos colegas del&nbsp;<span style=\"color: #ffcc00;\">Esplai Torxa<\/span> que con mucha calma (demasiada hahaha) me acompa\u00f1aron al hospital y fue todo muy \u00abchill\u00bb, en 30 minutos ya estaba de vuelta a la fiesta, aun que con 2 dosis de \u00abVoltaren\u00bb en la nalga y del brazo al pecho. En conclusi\u00f3n fue exitoso y recib\u00ed un feedback muy fuerte!<\/p>\n<p><a href=\"https:\/\/www.somesplai.cat\/wp-content\/uploads\/2018\/10\/cat-1-e1538525704417.jpg\"><img decoding=\"async\" class=\"aligncenter size-full wp-image-4968\" src=\"https:\/\/www.somesplai.cat\/wp-content\/uploads\/2018\/10\/cat-1-e1538525704417.jpg\" alt=\"cat\" width=\"700\" height=\"459\"><\/a><\/p>\n<p><strong>Recover<\/strong>.&nbsp; Pasando unos 4 d\u00edas mas \u00abdown\u00bb fisicamente y emocionalmente, vi de golpe un par de series, para que me animase un poco mientras recuperaba del hombro, os aconsejo aqu\u00ed tres cositas muy buenas (<span style=\"color: #ff0000;\">mayores de 15<\/span>&nbsp;haha) \u00abRick and Morty\u00bb, \u00abDisenchantment \u00bb y \u00abBig Mouth\u00bb.<\/p>\n<p>Pasado esa fase me sal\u00ed de casa y me aventur\u00e9 a un paseo a pie de muchos kil\u00f3metros, camin\u00e9 un poco por algunos barios de Trinitat Vella, hasta que llegu\u00e9 al <strong>Parc de la Trinitat<\/strong> que muy deprisa me gan\u00f3, es que tiene una disposici\u00f3n de espacio muy bien organizada y equilibrada y con su semicirculo en agua. Pasado eso segu\u00ed hasta la zona verde junto al ri\u00f3 <strong><span style=\"color: #3366ff;\">Bes\u00f3s<\/span><\/strong>, que me dej\u00f3 con ganas de volver y explorar mejor, siguiendo, pas\u00e9 por un peque\u00f1o barrio muy extra\u00f1o con pinta de olvidado por la cantidad de casas inhabitadas, su aspecto antiguo y peque\u00f1o en una zona de Bon Pastor. Ese paseo termino en un local que tenia una visita pendiente desde que llegue, se trata de <strong>Nau Bostic<\/strong> y os aconsej\u00f3 ir all\u00ed si busc\u00e1is creatividad y colores a grande escala, pude ver muros de grandes artistas e incluso conocer a uno que estaba pintando en el momento. En conclusi\u00f3n fue un paseo con una constante de cosas bonitas, porque hubo mucha zona de pol\u00edgono y barrio social aburrido pero tuvo puntos muy fuertes!<\/p>\n<p><a href=\"https:\/\/www.somesplai.cat\/wp-content\/uploads\/2018\/10\/ASs-e1538530550614.jpg\"><img decoding=\"async\" class=\"aligncenter size-full wp-image-4977\" src=\"https:\/\/www.somesplai.cat\/wp-content\/uploads\/2018\/10\/ASs-e1538530550614.jpg\" alt=\"ASs\" width=\"700\" height=\"260\"><\/a><\/p>\n<p><strong>Llegaron las fiestas de Gracia<\/strong>.&nbsp; Claro que tuve que echar un vistazo, sin duda la mas currada de todas las fiestas de barrio (y esos se siente en el precio de la cerveza) con decoraciones callejeras que flipas, y aunque vas en movilidad de caracol por las calles&nbsp;descubres diferentes historias y tem\u00e1ticas todo hecho con&nbsp;material reciclado incre\u00edble y una participaci\u00f3n comunitaria muy fuerte. Ah! y como siempre, aun me cuesta asimilar todo esta locura&nbsp;de los petardos y el correfoc!<\/p>\n<p><strong>Menuda semanita mas chill.&nbsp;&nbsp;<\/strong>Me&nbsp;fallaron los planes que tenia para esa semana para trabajar en dos piezas de arte para la calle, y por un problema de entrega con el material (<span style=\"color: #000000;\">corcho de Corchugal<\/span>),&nbsp;me ir\u00e9 de Barcelona&nbsp;y no dejar\u00e9 nada en las calles? En fin&#8230; pasada la fase de revuelta, lleg\u00f3 la aceptaci\u00f3n, las cosas ya no depend\u00edan de mi en ese momento. Tras aceptarlo, toda la semana empez\u00f3 a fluir, con mucha playa, dibujitos, jugar con gatos, una cena con mis colegas de esplai (que finalmente bajaron al centro hahaha) y aun tuve la oportunidad de conocer una pareja portuguesa de emigrantes en Alemania muy buena onda.<\/p>\n<p><a href=\"https:\/\/www.somesplai.cat\/wp-content\/uploads\/2018\/10\/asd-e1538526545250.jpg\"><img decoding=\"async\" class=\"aligncenter size-full wp-image-4970\" src=\"https:\/\/www.somesplai.cat\/wp-content\/uploads\/2018\/10\/asd-e1538526545250.jpg\" alt=\"asd\" width=\"249\" height=\"400\"><\/a><\/p>\n<p>Esa semana me toc\u00f3 hacer \u00abCatsiting\u00bb, y estuve cuidando de 2 gatitos y de la casa de una amiga, que se iba de vacaciones. Tenia muchas ganas de lidiar con animales, es algo que siempre fue muy presente en mi vida y desde que llegue Barna siento esa falta. As\u00ed que bueno, se trata de aceptar las cosas, cuando ves que no puedes cambiarlas.<\/p>\n<p><a href=\"https:\/\/www.somesplai.cat\/wp-content\/uploads\/2018\/10\/WhatsApp-Image-2018-10-04-at-09-e1538686447521.jpg\"><img decoding=\"async\" class=\"aligncenter size-full wp-image-4983\" src=\"https:\/\/www.somesplai.cat\/wp-content\/uploads\/2018\/10\/WhatsApp-Image-2018-10-04-at-09-e1538686447521.jpg\" alt=\"WhatsApp Image 2018-10-04 at 09\" width=\"500\" height=\"344\"><\/a><\/p>\n<p>&nbsp;<\/p>\n<p><strong>Anem a Vilafranca de Pened\u00e8s.&nbsp; <\/strong>Otra visita que tenia pendiente era a Vilafranca del Pened\u00e8s, pues ya tenia una conexi\u00f3n con ella del pasado buenas y malas. La visit\u00e9 durante sus fiestas, me encontr\u00e9 con una buena amiga de all\u00ed que me gui\u00f3 por los encantos de esta villa y recuerdos de un Erasmus por all\u00ed.&nbsp;Las fiestas, bueno&#8230; cada uno que haga la suya&nbsp;hahaha. Aunque, claro, siempre con fuegos, petardos y correfocs. A veces es bueno volver atr\u00e1s para seguir adelante y Vilafranca tenia algo pendiente conmigo, pues fue all\u00ed que por 1\u00ba vez se desencaj\u00f3 mi hombro de lego&nbsp;y muchas otras cosas.<\/p>\n<p>El <strong><span style=\"color: #ffcc00;\">Esplai<\/span> <\/strong>esta de vacaciones aunque ya empiezan organizando&nbsp;el nuevo equipo de monitores mientras otros se despiden, y por <strong><span style=\"color: #ff9900;\">Esplac<\/span> <\/strong>se calienta motores para un nuevo a\u00f1o mientras yo preparo regalitos para ellos!<\/p>\n<p><a href=\"https:\/\/www.somesplai.cat\/wp-content\/uploads\/2018\/10\/asdas-e1538526481396.jpg\"><img decoding=\"async\" class=\"aligncenter size-full wp-image-4969\" src=\"https:\/\/www.somesplai.cat\/wp-content\/uploads\/2018\/10\/asdas-e1538526481396.jpg\" alt=\"asdas\" width=\"500\" height=\"423\"><\/a><\/p>\n<p>&nbsp;<\/p>\n<p><strong>Menorca.&nbsp;<\/strong>Me toca una semanita de vacaciones, esta vez fui a <strong>Menorca<\/strong>, esa magnifica isla. Es incre\u00edble, sus playas fueron las primeras que vi con arena totalmente blanca y agua cristalina, son bell\u00edsimas. Se siente un ritmo muy distinto, es un lugar especial donde tuve la suerte de encontrarme con alg\u00fan que otro animal raro como \u00e1guilas, peces de colores y tortugas, y un grupo de gatos que te acog\u00edan como familia en 30 segundos. La isla tiene una red de transportes muy limitada, as\u00ed que tuve que transformarme en ciclista, haciendo kil\u00f3metros en busca de peque\u00f1os para\u00edsos, entre playa y playa tienes viviendas gigantes donde se siente el nivel econ\u00f3mico de los turistas. Me quede con la sensaci\u00f3n que la falta de dinamismo de la isla (aunque alguno hay, tampoco es tan muerto) es algo intencional, para fiestas y locura ya vale Mallorca y Ibiza, all\u00ed se preserva la buena vida y un planeamiento de crecimiento. El catal\u00e1n menorqu\u00edn no lo entiendo&nbsp;nada&nbsp;hahaha, y la costumbre de la siesta all\u00ed lo llevan MUY en serio, pues&nbsp;durante gran parte de la tarde todo cierra, pero TODO!<\/p>\n<p><a href=\"https:\/\/www.somesplai.cat\/wp-content\/uploads\/2018\/10\/aqw.jpg\"><img decoding=\"async\" class=\"aligncenter size-full wp-image-4975\" src=\"https:\/\/www.somesplai.cat\/wp-content\/uploads\/2018\/10\/aqw.jpg\" alt=\"aqw\" width=\"1217\" height=\"205\"><\/a><br \/>\nEstuve con unas colegas de <strong><span style=\"color: #0000ff;\">EVS<\/span><\/strong>, que me acogieron muy bien (gracias) y les estuve ayudando con su proyecto final que seria una exposici\u00f3n sobre Menorca en un Molino muy chulo que era un espai jove, flipante, me encant\u00f3 esta mezcla de un sitio tan tradicional usado para dinamizar el pueblo. Fue un poco ir\u00f3nico ayudar otros voluntarios europeos en las vacaciones del m\u00edo hahaha pero lo pas\u00e9 muy bien, fue una semana muy buena para reflexionar, descansar y concluir mi experiencia anual de <span style=\"color: #0000ff;\">EVS<\/span>. Esta fase es siempre muy dura a varios niveles y te puede dejar con muchas dudas con tu futuro, sin embargo, la suerte me sonre\u00eda y este \u00absufrimiento\u00bb ya lo hab\u00eda resuelto una semana antes y pude realmente disfrutar de Menorca&#8230;<\/p>\n<p><a href=\"https:\/\/www.somesplai.cat\/wp-content\/uploads\/2018\/10\/qw.jpg\"><img decoding=\"async\" class=\"aligncenter size-full wp-image-4974\" src=\"https:\/\/www.somesplai.cat\/wp-content\/uploads\/2018\/10\/qw.jpg\" alt=\"qw\" width=\"1217\" height=\"205\"><\/a><\/p>\n<p>Volviendo a Barcelona, llega mi \u00faltima semana de EVS, pero antes de cerrar esta etapa de mi vida, doy inicio a otra&#8230; Os dije que no sabia si me quedaba por Barcelona o volv\u00eda a Portugal&#8230; pues la respuesta es un poco de las dos. Encontr\u00e9 trabajo por aqu\u00ed en un sitio encantador y con un ambiente muy familiar, desde ya os invit\u00f3 a conocer, &nbsp;<strong>A&nbsp;<span style=\"color: #ff0000;\">Casa<\/span> <span style=\"color: #ffcc00;\">Port<\/span><span style=\"color: #008000;\">uguesa<\/span> <\/strong>(Raval y Gracia), la pasteleria con los mejores sabores de <strong>Portugal<\/strong>.&nbsp; Estoy s\u00faper feliz por como conclu\u00ed esta aventura y porque podr\u00e9 hacer una que otra visita a \u00abels meus nens de esplai\u00bb, y otra gente que amo por aqu\u00ed, y no desperdiciar el espacio que me gan\u00e9 en el juego del arte, <em><span style=\"text-decoration: underline;\">Barna wait 4 me<\/span>!<\/em><\/p>\n<p><a href=\"https:\/\/www.somesplai.cat\/wp-content\/uploads\/2018\/10\/WhatsApp-Image-2018-10-04-at-09.48.18-e1538686185370.jpg\"><img decoding=\"async\" class=\"aligncenter size-full wp-image-4982\" src=\"https:\/\/www.somesplai.cat\/wp-content\/uploads\/2018\/10\/WhatsApp-Image-2018-10-04-at-09.48.18-e1538686185370.jpg\" alt=\"WhatsApp Image 2018-10-04 at 09.48.18\" width=\"700\" height=\"394\"><\/a><\/p>\n<p>&nbsp;<\/p>\n<p>No se bien como despedirme (ni ganas de ello) pero la vida sigue con un coraz\u00f3n bien lleno y una vida mas experimentada. Con un sentimiento de <strong>GRATITUD<\/strong> indescriptible, aconsejando a TODOS los j\u00f3venes que disfruten de la maravillosa experiencia de <span style=\"color: #0000ff;\">EVS<\/span>. Conectado para siempre a Esplai Torxa, del cual continuar\u00e9 como Lliberat estando presente cuando sea posible. Esperando vuestra visita por&nbsp;<strong>A&nbsp;<span style=\"color: #ff0000;\">Casa<\/span> <span style=\"color: #ffcc00;\">Port<\/span><span style=\"color: #008000;\">uguesa<\/span><\/strong> y que encontr\u00e9is&nbsp;<strong><span style=\"color: #993300;\">CURTI\u00c7O<\/span> <\/strong>en las calles y una que otra galer\u00eda.&nbsp; O por las Redes Sociales (@mota_curtico).<\/p>\n<p>Moltes Gracies \/ Obrigado a todos los que han contribuido para que este a\u00f1o fuera uno de los mejores de mi vida.<\/p>\n<p><span style=\"color: #0000ff;\"><strong>Injuve<\/strong> <\/span>por las formaciones, y gestiones burocr\u00e1ticas.<br \/>\n<span style=\"color: #ffcc00;\"><strong>Rota Jovem<\/strong><\/span> que me hab\u00e9is facilitado llegar aqu\u00ed.<br \/>\n<span style=\"color: #ff6600;\"><strong>Esplac<\/strong><\/span>, por la acogida, formaci\u00f3n y libertad de acci\u00f3n que me hab\u00e9is dado.<br \/>\n<strong><span style=\"color: #ff9900;\">Esplai Torxa<\/span><\/strong> (nens y monis) por todo el <span style=\"color: #ff00ff;\">AMOR<\/span>, experiencias, visitas, ense\u00f1anzas y por aumentar mi familia.<\/p>\n<p>A <strong>mis padres<\/strong> y <strong>mis bros<\/strong> de <strong><span style=\"color: #ff0000;\">Por<\/span><span style=\"color: #ffcc00;\">tu<\/span><span style=\"color: #008000;\">gal<\/span> <\/strong>que siempre me enviaron buena energ\u00eda y mucha fuerza.<br \/>\nY todas y cada una de las personas que pude conocer este a\u00f1o en <strong><span style=\"color: #000080;\"><span style=\"color: #ff0000;\">B<\/span><span style=\"color: #ffcc00;\">ar<\/span><\/span><span style=\"color: #ff0000;\">ce<\/span><span style=\"color: #ffcc00;\">lo<\/span><span style=\"color: #ff0000;\">na<\/span><\/strong> y <span style=\"color: #0000ff;\"><strong>Erasmus<span style=\"color: #ff9900;\">+<\/span><\/strong><\/span> <span style=\"color: #ffcc00;\">people<\/span>, sab\u00e9is quien sois <span style=\"color: #ff0000;\"><strong>&lt;3<\/strong><\/span><\/p>\n<p style=\"text-align: center;\"><span style=\"font-size: 18pt;\"><strong>OBRIGADO<\/strong>!<\/span><\/p>\n","protected":false},"excerpt":{"rendered":"<p>2-Octubre-2018 Autor: David Miranda Mota, SVE portugu\u00e8s a Barcelona i [&hellip;]<\/p>\n","protected":false},"author":3,"featured_media":5019,"comment_status":"closed","ping_status":"closed","sticky":false,"template":"","format":"standard","meta":{"om_disable_all_campaigns":false,"_monsterinsights_skip_tracking":false,"_monsterinsights_sitenote_active":false,"_monsterinsights_sitenote_note":"","_monsterinsights_sitenote_category":0,"_uf_show_specific_survey":0,"_uf_disable_surveys":false,"footnotes":""},"categories":[1168],"tags":[481,1002,1003,314,109,1006,418,187],"class_list":["post-4954","post","type-post","status-publish","format-standard","has-post-thumbnail","hentry","category-creuant_mirades","tag-barcelona","tag-educacio-popular","tag-esplai","tag-evs","tag-internacionalisme","tag-lleure","tag-portugal","tag-sve"],"yoast_head":"<!-- This site is optimized with the Yoast SEO plugin v27.5 - https:\/\/yoast.com\/product\/yoast-seo-wordpress\/ -->\n<title>Final Round! Obrigado - Esplac<\/title>\n<meta name=\"robots\" content=\"index, follow, max-snippet:-1, max-image-preview:large, max-video-preview:-1\" \/>\n<link rel=\"canonical\" href=\"https:\/\/www.esplac.cat\/es\/final-round-obrigado\/\" \/>\n<meta property=\"og:locale\" content=\"es_ES\" \/>\n<meta property=\"og:type\" content=\"article\" \/>\n<meta property=\"og:title\" content=\"Final Round! Obrigado - Esplac\" \/>\n<meta property=\"og:description\" content=\"2-Octubre-2018 Autor: David Miranda Mota, SVE portugu\u00e8s a Barcelona i [&hellip;]\" \/>\n<meta property=\"og:url\" content=\"https:\/\/www.esplac.cat\/es\/final-round-obrigado\/\" \/>\n<meta property=\"og:site_name\" content=\"Esplac\" \/>\n<meta property=\"article:published_time\" content=\"2018-10-03T01:57:58+00:00\" \/>\n<meta property=\"article:modified_time\" content=\"2019-11-28T12:31:24+00:00\" \/>\n<meta property=\"og:image\" content=\"https:\/\/www.esplac.cat\/wp-content\/uploads\/2019\/11\/logo-open.jpg\" \/>\n\t<meta property=\"og:image:width\" content=\"1200\" \/>\n\t<meta property=\"og:image:height\" content=\"630\" \/>\n\t<meta property=\"og:image:type\" content=\"image\/jpeg\" \/>\n<meta name=\"author\" content=\"Comunicaci\u00f3 Esplac\" \/>\n<meta name=\"twitter:card\" content=\"summary_large_image\" \/>\n<meta name=\"twitter:label1\" content=\"Escrito por\" \/>\n\t<meta name=\"twitter:data1\" content=\"Comunicaci\u00f3 Esplac\" \/>\n\t<meta name=\"twitter:label2\" content=\"Tiempo de lectura\" \/>\n\t<meta name=\"twitter:data2\" content=\"8 minutos\" \/>\n<script type=\"application\/ld+json\" class=\"yoast-schema-graph\">{\"@context\":\"https:\\\/\\\/schema.org\",\"@graph\":[{\"@type\":\"Article\",\"@id\":\"https:\\\/\\\/www.esplac.cat\\\/es\\\/final-round-obrigado\\\/#article\",\"isPartOf\":{\"@id\":\"https:\\\/\\\/www.esplac.cat\\\/es\\\/final-round-obrigado\\\/\"},\"author\":{\"name\":\"Comunicaci\u00f3 Esplac\",\"@id\":\"https:\\\/\\\/www.esplac.cat\\\/#\\\/schema\\\/person\\\/908383cf240be18b68f8855d0583faca\"},\"headline\":\"Final Round! Obrigado\",\"datePublished\":\"2018-10-03T01:57:58+00:00\",\"dateModified\":\"2019-11-28T12:31:24+00:00\",\"mainEntityOfPage\":{\"@id\":\"https:\\\/\\\/www.esplac.cat\\\/es\\\/final-round-obrigado\\\/\"},\"wordCount\":1545,\"publisher\":{\"@id\":\"https:\\\/\\\/www.esplac.cat\\\/#organization\"},\"image\":{\"@id\":\"https:\\\/\\\/www.esplac.cat\\\/es\\\/final-round-obrigado\\\/#primaryimage\"},\"thumbnailUrl\":\"\",\"keywords\":[\"barcelona\",\"educaci\u00f3 popular\",\"esplai\",\"evs\",\"internacionalisme\",\"lleure\",\"Portugal\",\"sve\"],\"articleSection\":[\"Creuant mirades\"],\"inLanguage\":\"es\"},{\"@type\":\"WebPage\",\"@id\":\"https:\\\/\\\/www.esplac.cat\\\/es\\\/final-round-obrigado\\\/\",\"url\":\"https:\\\/\\\/www.esplac.cat\\\/es\\\/final-round-obrigado\\\/\",\"name\":\"Final Round! Obrigado - Esplac\",\"isPartOf\":{\"@id\":\"https:\\\/\\\/www.esplac.cat\\\/#website\"},\"primaryImageOfPage\":{\"@id\":\"https:\\\/\\\/www.esplac.cat\\\/es\\\/final-round-obrigado\\\/#primaryimage\"},\"image\":{\"@id\":\"https:\\\/\\\/www.esplac.cat\\\/es\\\/final-round-obrigado\\\/#primaryimage\"},\"thumbnailUrl\":\"\",\"datePublished\":\"2018-10-03T01:57:58+00:00\",\"dateModified\":\"2019-11-28T12:31:24+00:00\",\"breadcrumb\":{\"@id\":\"https:\\\/\\\/www.esplac.cat\\\/es\\\/final-round-obrigado\\\/#breadcrumb\"},\"inLanguage\":\"es\",\"potentialAction\":[{\"@type\":\"ReadAction\",\"target\":[\"https:\\\/\\\/www.esplac.cat\\\/es\\\/final-round-obrigado\\\/\"]}]},{\"@type\":\"ImageObject\",\"inLanguage\":\"es\",\"@id\":\"https:\\\/\\\/www.esplac.cat\\\/es\\\/final-round-obrigado\\\/#primaryimage\",\"url\":\"\",\"contentUrl\":\"\"},{\"@type\":\"BreadcrumbList\",\"@id\":\"https:\\\/\\\/www.esplac.cat\\\/es\\\/final-round-obrigado\\\/#breadcrumb\",\"itemListElement\":[{\"@type\":\"ListItem\",\"position\":1,\"name\":\"Inici\",\"item\":\"https:\\\/\\\/www.esplac.cat\\\/es\\\/\"},{\"@type\":\"ListItem\",\"position\":2,\"name\":\"Final Round! Obrigado\"}]},{\"@type\":\"WebSite\",\"@id\":\"https:\\\/\\\/www.esplac.cat\\\/#website\",\"url\":\"https:\\\/\\\/www.esplac.cat\\\/\",\"name\":\"Esplac\",\"description\":\"Esplais Catalans\",\"publisher\":{\"@id\":\"https:\\\/\\\/www.esplac.cat\\\/#organization\"},\"potentialAction\":[{\"@type\":\"SearchAction\",\"target\":{\"@type\":\"EntryPoint\",\"urlTemplate\":\"https:\\\/\\\/www.esplac.cat\\\/?s={search_term_string}\"},\"query-input\":{\"@type\":\"PropertyValueSpecification\",\"valueRequired\":true,\"valueName\":\"search_term_string\"}}],\"inLanguage\":\"es\"},{\"@type\":\"Organization\",\"@id\":\"https:\\\/\\\/www.esplac.cat\\\/#organization\",\"name\":\"Esplac\",\"url\":\"https:\\\/\\\/www.esplac.cat\\\/\",\"logo\":{\"@type\":\"ImageObject\",\"inLanguage\":\"es\",\"@id\":\"https:\\\/\\\/www.esplac.cat\\\/#\\\/schema\\\/logo\\\/image\\\/\",\"url\":\"https:\\\/\\\/www.esplac.cat\\\/wp-content\\\/uploads\\\/2019\\\/08\\\/logox2.png\",\"contentUrl\":\"https:\\\/\\\/www.esplac.cat\\\/wp-content\\\/uploads\\\/2019\\\/08\\\/logox2.png\",\"width\":600,\"height\":295,\"caption\":\"Esplac\"},\"image\":{\"@id\":\"https:\\\/\\\/www.esplac.cat\\\/#\\\/schema\\\/logo\\\/image\\\/\"}},{\"@type\":\"Person\",\"@id\":\"https:\\\/\\\/www.esplac.cat\\\/#\\\/schema\\\/person\\\/908383cf240be18b68f8855d0583faca\",\"name\":\"Comunicaci\u00f3 Esplac\",\"image\":{\"@type\":\"ImageObject\",\"inLanguage\":\"es\",\"@id\":\"https:\\\/\\\/secure.gravatar.com\\\/avatar\\\/7a4cf8feb412a76ea4a740ca02d95b06b2907b5a6c648c2dd0a1082a093c3141?s=96&d=mm&r=g\",\"url\":\"https:\\\/\\\/secure.gravatar.com\\\/avatar\\\/7a4cf8feb412a76ea4a740ca02d95b06b2907b5a6c648c2dd0a1082a093c3141?s=96&d=mm&r=g\",\"contentUrl\":\"https:\\\/\\\/secure.gravatar.com\\\/avatar\\\/7a4cf8feb412a76ea4a740ca02d95b06b2907b5a6c648c2dd0a1082a093c3141?s=96&d=mm&r=g\",\"caption\":\"Comunicaci\u00f3 Esplac\"}}]}<\/script>\n<!-- \/ Yoast SEO plugin. -->","yoast_head_json":{"title":"Final Round! Obrigado - Esplac","robots":{"index":"index","follow":"follow","max-snippet":"max-snippet:-1","max-image-preview":"max-image-preview:large","max-video-preview":"max-video-preview:-1"},"canonical":"https:\/\/www.esplac.cat\/es\/final-round-obrigado\/","og_locale":"es_ES","og_type":"article","og_title":"Final Round! Obrigado - Esplac","og_description":"2-Octubre-2018 Autor: David Miranda Mota, SVE portugu\u00e8s a Barcelona i [&hellip;]","og_url":"https:\/\/www.esplac.cat\/es\/final-round-obrigado\/","og_site_name":"Esplac","article_published_time":"2018-10-03T01:57:58+00:00","article_modified_time":"2019-11-28T12:31:24+00:00","og_image":[{"width":1200,"height":630,"url":"https:\/\/www.esplac.cat\/wp-content\/uploads\/2019\/11\/logo-open.jpg","type":"image\/jpeg"}],"author":"Comunicaci\u00f3 Esplac","twitter_card":"summary_large_image","twitter_misc":{"Escrito por":"Comunicaci\u00f3 Esplac","Tiempo de lectura":"8 minutos"},"schema":{"@context":"https:\/\/schema.org","@graph":[{"@type":"Article","@id":"https:\/\/www.esplac.cat\/es\/final-round-obrigado\/#article","isPartOf":{"@id":"https:\/\/www.esplac.cat\/es\/final-round-obrigado\/"},"author":{"name":"Comunicaci\u00f3 Esplac","@id":"https:\/\/www.esplac.cat\/#\/schema\/person\/908383cf240be18b68f8855d0583faca"},"headline":"Final Round! Obrigado","datePublished":"2018-10-03T01:57:58+00:00","dateModified":"2019-11-28T12:31:24+00:00","mainEntityOfPage":{"@id":"https:\/\/www.esplac.cat\/es\/final-round-obrigado\/"},"wordCount":1545,"publisher":{"@id":"https:\/\/www.esplac.cat\/#organization"},"image":{"@id":"https:\/\/www.esplac.cat\/es\/final-round-obrigado\/#primaryimage"},"thumbnailUrl":"","keywords":["barcelona","educaci\u00f3 popular","esplai","evs","internacionalisme","lleure","Portugal","sve"],"articleSection":["Creuant mirades"],"inLanguage":"es"},{"@type":"WebPage","@id":"https:\/\/www.esplac.cat\/es\/final-round-obrigado\/","url":"https:\/\/www.esplac.cat\/es\/final-round-obrigado\/","name":"Final Round! Obrigado - Esplac","isPartOf":{"@id":"https:\/\/www.esplac.cat\/#website"},"primaryImageOfPage":{"@id":"https:\/\/www.esplac.cat\/es\/final-round-obrigado\/#primaryimage"},"image":{"@id":"https:\/\/www.esplac.cat\/es\/final-round-obrigado\/#primaryimage"},"thumbnailUrl":"","datePublished":"2018-10-03T01:57:58+00:00","dateModified":"2019-11-28T12:31:24+00:00","breadcrumb":{"@id":"https:\/\/www.esplac.cat\/es\/final-round-obrigado\/#breadcrumb"},"inLanguage":"es","potentialAction":[{"@type":"ReadAction","target":["https:\/\/www.esplac.cat\/es\/final-round-obrigado\/"]}]},{"@type":"ImageObject","inLanguage":"es","@id":"https:\/\/www.esplac.cat\/es\/final-round-obrigado\/#primaryimage","url":"","contentUrl":""},{"@type":"BreadcrumbList","@id":"https:\/\/www.esplac.cat\/es\/final-round-obrigado\/#breadcrumb","itemListElement":[{"@type":"ListItem","position":1,"name":"Inici","item":"https:\/\/www.esplac.cat\/es\/"},{"@type":"ListItem","position":2,"name":"Final Round! Obrigado"}]},{"@type":"WebSite","@id":"https:\/\/www.esplac.cat\/#website","url":"https:\/\/www.esplac.cat\/","name":"Esplac","description":"Esplais Catalans","publisher":{"@id":"https:\/\/www.esplac.cat\/#organization"},"potentialAction":[{"@type":"SearchAction","target":{"@type":"EntryPoint","urlTemplate":"https:\/\/www.esplac.cat\/?s={search_term_string}"},"query-input":{"@type":"PropertyValueSpecification","valueRequired":true,"valueName":"search_term_string"}}],"inLanguage":"es"},{"@type":"Organization","@id":"https:\/\/www.esplac.cat\/#organization","name":"Esplac","url":"https:\/\/www.esplac.cat\/","logo":{"@type":"ImageObject","inLanguage":"es","@id":"https:\/\/www.esplac.cat\/#\/schema\/logo\/image\/","url":"https:\/\/www.esplac.cat\/wp-content\/uploads\/2019\/08\/logox2.png","contentUrl":"https:\/\/www.esplac.cat\/wp-content\/uploads\/2019\/08\/logox2.png","width":600,"height":295,"caption":"Esplac"},"image":{"@id":"https:\/\/www.esplac.cat\/#\/schema\/logo\/image\/"}},{"@type":"Person","@id":"https:\/\/www.esplac.cat\/#\/schema\/person\/908383cf240be18b68f8855d0583faca","name":"Comunicaci\u00f3 Esplac","image":{"@type":"ImageObject","inLanguage":"es","@id":"https:\/\/secure.gravatar.com\/avatar\/7a4cf8feb412a76ea4a740ca02d95b06b2907b5a6c648c2dd0a1082a093c3141?s=96&d=mm&r=g","url":"https:\/\/secure.gravatar.com\/avatar\/7a4cf8feb412a76ea4a740ca02d95b06b2907b5a6c648c2dd0a1082a093c3141?s=96&d=mm&r=g","contentUrl":"https:\/\/secure.gravatar.com\/avatar\/7a4cf8feb412a76ea4a740ca02d95b06b2907b5a6c648c2dd0a1082a093c3141?s=96&d=mm&r=g","caption":"Comunicaci\u00f3 Esplac"}}]}},"_links":{"self":[{"href":"https:\/\/www.esplac.cat\/es\/wp-json\/wp\/v2\/posts\/4954","targetHints":{"allow":["GET"]}}],"collection":[{"href":"https:\/\/www.esplac.cat\/es\/wp-json\/wp\/v2\/posts"}],"about":[{"href":"https:\/\/www.esplac.cat\/es\/wp-json\/wp\/v2\/types\/post"}],"author":[{"embeddable":true,"href":"https:\/\/www.esplac.cat\/es\/wp-json\/wp\/v2\/users\/3"}],"replies":[{"embeddable":true,"href":"https:\/\/www.esplac.cat\/es\/wp-json\/wp\/v2\/comments?post=4954"}],"version-history":[{"count":0,"href":"https:\/\/www.esplac.cat\/es\/wp-json\/wp\/v2\/posts\/4954\/revisions"}],"wp:featuredmedia":[{"embeddable":true,"href":"https:\/\/www.esplac.cat\/es\/wp-json\/"}],"wp:attachment":[{"href":"https:\/\/www.esplac.cat\/es\/wp-json\/wp\/v2\/media?parent=4954"}],"wp:term":[{"taxonomy":"category","embeddable":true,"href":"https:\/\/www.esplac.cat\/es\/wp-json\/wp\/v2\/categories?post=4954"},{"taxonomy":"post_tag","embeddable":true,"href":"https:\/\/www.esplac.cat\/es\/wp-json\/wp\/v2\/tags?post=4954"}],"curies":[{"name":"wp","href":"https:\/\/api.w.org\/{rel}","templated":true}]}}