{"id":49585,"date":"2024-04-18T17:36:38","date_gmt":"2024-04-18T15:36:38","guid":{"rendered":"https:\/\/www.esplac.cat\/?p=49585"},"modified":"2024-04-18T17:38:15","modified_gmt":"2024-04-18T15:38:15","slug":"taula-rodona-locals-esplais-okupacio","status":"publish","type":"post","link":"https:\/\/www.esplac.cat\/es\/taula-rodona-locals-esplais-okupacio\/","title":{"rendered":"El projecte de locals us convida a una taula rodona sobre esplais i okupaci\u00f3 a l&#8217;Antiga Massana"},"content":{"rendered":"<div class=\"fusion-fullwidth fullwidth-box fusion-builder-row-1 fusion-flex-container nonhundred-percent-fullwidth non-hundred-percent-height-scrolling\" style=\"--awb-border-radius-top-left:0px;--awb-border-radius-top-right:0px;--awb-border-radius-bottom-right:0px;--awb-border-radius-bottom-left:0px;--awb-flex-wrap:wrap;\" ><div class=\"fusion-builder-row fusion-row fusion-flex-align-items-flex-start fusion-flex-content-wrap\" style=\"max-width:1248px;margin-left: calc(-4% \/ 2 );margin-right: calc(-4% \/ 2 );\"><div class=\"fusion-layout-column fusion_builder_column fusion-builder-column-0 fusion_builder_column_1_1 1_1 fusion-flex-column\" style=\"--awb-bg-size:cover;--awb-width-large:100%;--awb-margin-top-large:0px;--awb-spacing-right-large:1.92%;--awb-margin-bottom-large:0px;--awb-spacing-left-large:1.92%;--awb-width-medium:100%;--awb-spacing-right-medium:1.92%;--awb-spacing-left-medium:1.92%;--awb-width-small:100%;--awb-spacing-right-small:1.92%;--awb-spacing-left-small:1.92%;\"><div class=\"fusion-column-wrapper fusion-flex-justify-content-flex-start fusion-content-layout-column\"><div class=\"fusion-text fusion-text-1\"><h6><b>El dijous 25 d\u2019abril ens trobarem a l\u2019Antiga Massana per debatre entorn les limitacions i potencialitats d\u2019educar en espais okupats<\/b><\/h6>\n<p><span style=\"font-weight: 300;\">El pr\u00f2xim dijous 25 d\u2019abril el projecte de <strong><span style=\"color: #f69d0b;\"><a style=\"color: #f69d0b;\" href=\"https:\/\/www.esplac.cat\/projectes\/locals-i-territori-ok\/\" target=\"_blank\" rel=\"noopener\">Locals<\/a><\/span> <\/strong>d\u2019Esplais Catalans organitza una taula rodona sobre esplais i okupaci\u00f3. Aquesta girar\u00e0 entorn de <strong>la problem\u00e0tica dels locals<\/strong> a la qual un gran nombre d\u2019esplais s\u2019hi estan havent d\u2019afrontar actualment. \u00c9s per aix\u00f2 que en aquesta taula rodona es parlaran de tem\u00e0tiques que, de manera m\u00e9s o menys directa, ens interpel\u00b7len a totes.<\/span><\/p>\n<p><span style=\"font-weight: 300;\">Concretament, la taula rodona se centrar\u00e0 en esplais i okupaci\u00f3 tenint en compte les <strong>limitacions, potencialitats, implicacions pol\u00edtiques\u00a0 o educatives<\/strong>, entre d\u2019altres. Amb l\u2019objectiu de generar discurs al voltant de la q\u00fcesti\u00f3, el projecte de Locals obre aquest espai per poder reflexionar-hi col\u00b7lectivament.\u00a0<\/span><\/p>\n<p><span style=\"font-weight: 300;\">La taula rodona es realitzar\u00e0 a l\u2019<strong><a href=\"https:\/\/www.instagram.com\/antigamassana\/\" target=\"_blank\" rel=\"noopener\"><span style=\"color: #f69d0b;\">Antiga Massana<\/span><\/a><\/strong>, espai okupat al centre de Barcelona, on fan activitat diverses organitzacions del barri del Raval (des del Sindicat d\u2019Habitatge del Raval, fins al Gimn\u00e0s Popular Matilde Landa, entre molts d\u2019altres). Per nodrir-nos de la seva experi\u00e8ncia l&#8217;Antiga Massana tamb\u00e9 participar\u00e0 de la taula rodona, situant el paper del capitalisme entorn de la problem\u00e0tica i exposant alternatives davant la privatitzaci\u00f3 dels espais.<\/span><\/p>\n<p><span style=\"font-weight: 300;\">A m\u00e9s, comptarem tamb\u00e9 amb la participaci\u00f3 de persones implicades en l\u2019<strong><span style=\"color: #f69d0b;\"><a style=\"color: #f69d0b;\" href=\"https:\/\/www.instagram.com\/escolapopularsants\/\" target=\"_blank\" rel=\"noopener\">Escoleta Popular de Sants<\/a><\/span><\/strong>, que ens parlaran de les implicacions pedag\u00f2giques que t\u00e9 educar en un espai okupat i del paper de l\u2019educaci\u00f3 en la transformaci\u00f3 social. <\/span><\/p>\n<p><span style=\"font-weight: 300;\">La taula rodona ser\u00e0 oberta a tothom, per tant, us animem a convidar a joves dels vostres esplais, a amigues i amics que siguin monis d\u2019altres federacions, caps de cau, exmonis\u2026 tothom hi \u00e9s benvingut!<\/span><\/p>\n<p><strong>El cartell:<\/strong><\/p>\n<p><img decoding=\"async\" class=\"aligncenter wp-image-49589 size-fusion-600\" src=\"https:\/\/www.esplac.cat\/wp-content\/uploads\/2024\/04\/Cartell-Okupacio-i-esplai-600x849.jpg\" alt=\"\" width=\"600\" height=\"849\" srcset=\"https:\/\/www.esplac.cat\/wp-content\/uploads\/2024\/04\/Cartell-Okupacio-i-esplai-200x283.jpg 200w, https:\/\/www.esplac.cat\/wp-content\/uploads\/2024\/04\/Cartell-Okupacio-i-esplai-212x300.jpg 212w, https:\/\/www.esplac.cat\/wp-content\/uploads\/2024\/04\/Cartell-Okupacio-i-esplai-400x566.jpg 400w, https:\/\/www.esplac.cat\/wp-content\/uploads\/2024\/04\/Cartell-Okupacio-i-esplai-600x849.jpg 600w, https:\/\/www.esplac.cat\/wp-content\/uploads\/2024\/04\/Cartell-Okupacio-i-esplai-724x1024.jpg 724w, https:\/\/www.esplac.cat\/wp-content\/uploads\/2024\/04\/Cartell-Okupacio-i-esplai-768x1086.jpg 768w, https:\/\/www.esplac.cat\/wp-content\/uploads\/2024\/04\/Cartell-Okupacio-i-esplai-800x1132.jpg 800w, https:\/\/www.esplac.cat\/wp-content\/uploads\/2024\/04\/Cartell-Okupacio-i-esplai-1086x1536.jpg 1086w, https:\/\/www.esplac.cat\/wp-content\/uploads\/2024\/04\/Cartell-Okupacio-i-esplai-1200x1697.jpg 1200w, https:\/\/www.esplac.cat\/wp-content\/uploads\/2024\/04\/Cartell-Okupacio-i-esplai.jpg 1414w\" sizes=\"(max-width: 600px) 100vw, 600px\" \/><\/p>\n<\/div><\/div><\/div><\/div><\/div>\n","protected":false},"excerpt":{"rendered":"","protected":false},"author":3,"featured_media":49586,"comment_status":"closed","ping_status":"closed","sticky":false,"template":"","format":"standard","meta":{"om_disable_all_campaigns":false,"_monsterinsights_skip_tracking":false,"_monsterinsights_sitenote_active":false,"_monsterinsights_sitenote_note":"","_monsterinsights_sitenote_category":0,"_uf_show_specific_survey":0,"_uf_disable_surveys":false,"footnotes":""},"categories":[1338],"tags":[],"class_list":["post-49585","post","type-post","status-publish","format-standard","has-post-thumbnail","hentry","category-locals-i-territori"],"yoast_head":"<!-- This site is optimized with the Yoast SEO plugin v27.4 - https:\/\/yoast.com\/product\/yoast-seo-wordpress\/ -->\n<title>El projecte de locals us convida a una taula rodona sobre esplais i okupaci\u00f3 a l&#039;Antiga Massana - Esplac<\/title>\n<meta name=\"robots\" content=\"index, follow, max-snippet:-1, max-image-preview:large, max-video-preview:-1\" \/>\n<link rel=\"canonical\" href=\"https:\/\/www.esplac.cat\/taula-rodona-locals-esplais-okupacio\/\" \/>\n<meta property=\"og:locale\" content=\"es_ES\" \/>\n<meta property=\"og:type\" content=\"article\" \/>\n<meta property=\"og:title\" content=\"El projecte de locals us convida a una taula rodona sobre esplais i okupaci\u00f3 a l&#039;Antiga Massana - Esplac\" \/>\n<meta property=\"og:url\" content=\"https:\/\/www.esplac.cat\/taula-rodona-locals-esplais-okupacio\/\" \/>\n<meta property=\"og:site_name\" content=\"Esplac\" \/>\n<meta property=\"article:published_time\" content=\"2024-04-18T15:36:38+00:00\" \/>\n<meta property=\"article:modified_time\" content=\"2024-04-18T15:38:15+00:00\" \/>\n<meta property=\"og:image\" content=\"https:\/\/www.esplac.cat\/wp-content\/uploads\/2024\/04\/OKUPACIO-I-ESPLAI.jpg\" \/>\n\t<meta property=\"og:image:width\" content=\"1697\" \/>\n\t<meta property=\"og:image:height\" content=\"700\" \/>\n\t<meta property=\"og:image:type\" content=\"image\/jpeg\" \/>\n<meta name=\"author\" content=\"Comunicaci\u00f3 Esplac\" \/>\n<meta name=\"twitter:card\" content=\"summary_large_image\" \/>\n<meta name=\"twitter:label1\" content=\"Escrito por\" \/>\n\t<meta name=\"twitter:data1\" content=\"Comunicaci\u00f3 Esplac\" \/>\n\t<meta name=\"twitter:label2\" content=\"Tiempo de lectura\" \/>\n\t<meta name=\"twitter:data2\" content=\"2 minutos\" \/>\n<script type=\"application\/ld+json\" class=\"yoast-schema-graph\">{\"@context\":\"https:\\\/\\\/schema.org\",\"@graph\":[{\"@type\":\"Article\",\"@id\":\"https:\\\/\\\/www.esplac.cat\\\/taula-rodona-locals-esplais-okupacio\\\/#article\",\"isPartOf\":{\"@id\":\"https:\\\/\\\/www.esplac.cat\\\/taula-rodona-locals-esplais-okupacio\\\/\"},\"author\":{\"name\":\"Comunicaci\u00f3 Esplac\",\"@id\":\"https:\\\/\\\/www.esplac.cat\\\/#\\\/schema\\\/person\\\/908383cf240be18b68f8855d0583faca\"},\"headline\":\"El projecte de locals us convida a una taula rodona sobre esplais i okupaci\u00f3 a l&#8217;Antiga Massana\",\"datePublished\":\"2024-04-18T15:36:38+00:00\",\"dateModified\":\"2024-04-18T15:38:15+00:00\",\"mainEntityOfPage\":{\"@id\":\"https:\\\/\\\/www.esplac.cat\\\/taula-rodona-locals-esplais-okupacio\\\/\"},\"wordCount\":564,\"publisher\":{\"@id\":\"https:\\\/\\\/www.esplac.cat\\\/#organization\"},\"image\":{\"@id\":\"https:\\\/\\\/www.esplac.cat\\\/taula-rodona-locals-esplais-okupacio\\\/#primaryimage\"},\"thumbnailUrl\":\"https:\\\/\\\/www.esplac.cat\\\/wp-content\\\/uploads\\\/2024\\\/04\\\/OKUPACIO-I-ESPLAI.jpg\",\"articleSection\":[\"Locals i Territori\"],\"inLanguage\":\"es\"},{\"@type\":\"WebPage\",\"@id\":\"https:\\\/\\\/www.esplac.cat\\\/taula-rodona-locals-esplais-okupacio\\\/\",\"url\":\"https:\\\/\\\/www.esplac.cat\\\/taula-rodona-locals-esplais-okupacio\\\/\",\"name\":\"El projecte de locals us convida a una taula rodona sobre esplais i okupaci\u00f3 a l'Antiga Massana - Esplac\",\"isPartOf\":{\"@id\":\"https:\\\/\\\/www.esplac.cat\\\/#website\"},\"primaryImageOfPage\":{\"@id\":\"https:\\\/\\\/www.esplac.cat\\\/taula-rodona-locals-esplais-okupacio\\\/#primaryimage\"},\"image\":{\"@id\":\"https:\\\/\\\/www.esplac.cat\\\/taula-rodona-locals-esplais-okupacio\\\/#primaryimage\"},\"thumbnailUrl\":\"https:\\\/\\\/www.esplac.cat\\\/wp-content\\\/uploads\\\/2024\\\/04\\\/OKUPACIO-I-ESPLAI.jpg\",\"datePublished\":\"2024-04-18T15:36:38+00:00\",\"dateModified\":\"2024-04-18T15:38:15+00:00\",\"breadcrumb\":{\"@id\":\"https:\\\/\\\/www.esplac.cat\\\/taula-rodona-locals-esplais-okupacio\\\/#breadcrumb\"},\"inLanguage\":\"es\",\"potentialAction\":[{\"@type\":\"ReadAction\",\"target\":[\"https:\\\/\\\/www.esplac.cat\\\/taula-rodona-locals-esplais-okupacio\\\/\"]}]},{\"@type\":\"ImageObject\",\"inLanguage\":\"es\",\"@id\":\"https:\\\/\\\/www.esplac.cat\\\/taula-rodona-locals-esplais-okupacio\\\/#primaryimage\",\"url\":\"https:\\\/\\\/www.esplac.cat\\\/wp-content\\\/uploads\\\/2024\\\/04\\\/OKUPACIO-I-ESPLAI.jpg\",\"contentUrl\":\"https:\\\/\\\/www.esplac.cat\\\/wp-content\\\/uploads\\\/2024\\\/04\\\/OKUPACIO-I-ESPLAI.jpg\",\"width\":1697,\"height\":700},{\"@type\":\"BreadcrumbList\",\"@id\":\"https:\\\/\\\/www.esplac.cat\\\/taula-rodona-locals-esplais-okupacio\\\/#breadcrumb\",\"itemListElement\":[{\"@type\":\"ListItem\",\"position\":1,\"name\":\"Inici\",\"item\":\"https:\\\/\\\/www.esplac.cat\\\/es\\\/\"},{\"@type\":\"ListItem\",\"position\":2,\"name\":\"El projecte de locals us convida a una taula rodona sobre esplais i okupaci\u00f3 a l&#8217;Antiga Massana\"}]},{\"@type\":\"WebSite\",\"@id\":\"https:\\\/\\\/www.esplac.cat\\\/#website\",\"url\":\"https:\\\/\\\/www.esplac.cat\\\/\",\"name\":\"Esplac\",\"description\":\"Esplais Catalans\",\"publisher\":{\"@id\":\"https:\\\/\\\/www.esplac.cat\\\/#organization\"},\"potentialAction\":[{\"@type\":\"SearchAction\",\"target\":{\"@type\":\"EntryPoint\",\"urlTemplate\":\"https:\\\/\\\/www.esplac.cat\\\/?s={search_term_string}\"},\"query-input\":{\"@type\":\"PropertyValueSpecification\",\"valueRequired\":true,\"valueName\":\"search_term_string\"}}],\"inLanguage\":\"es\"},{\"@type\":\"Organization\",\"@id\":\"https:\\\/\\\/www.esplac.cat\\\/#organization\",\"name\":\"Esplac\",\"url\":\"https:\\\/\\\/www.esplac.cat\\\/\",\"logo\":{\"@type\":\"ImageObject\",\"inLanguage\":\"es\",\"@id\":\"https:\\\/\\\/www.esplac.cat\\\/#\\\/schema\\\/logo\\\/image\\\/\",\"url\":\"https:\\\/\\\/www.esplac.cat\\\/wp-content\\\/uploads\\\/2019\\\/08\\\/logox2.png\",\"contentUrl\":\"https:\\\/\\\/www.esplac.cat\\\/wp-content\\\/uploads\\\/2019\\\/08\\\/logox2.png\",\"width\":600,\"height\":295,\"caption\":\"Esplac\"},\"image\":{\"@id\":\"https:\\\/\\\/www.esplac.cat\\\/#\\\/schema\\\/logo\\\/image\\\/\"}},{\"@type\":\"Person\",\"@id\":\"https:\\\/\\\/www.esplac.cat\\\/#\\\/schema\\\/person\\\/908383cf240be18b68f8855d0583faca\",\"name\":\"Comunicaci\u00f3 Esplac\",\"image\":{\"@type\":\"ImageObject\",\"inLanguage\":\"es\",\"@id\":\"https:\\\/\\\/secure.gravatar.com\\\/avatar\\\/7a4cf8feb412a76ea4a740ca02d95b06b2907b5a6c648c2dd0a1082a093c3141?s=96&d=mm&r=g\",\"url\":\"https:\\\/\\\/secure.gravatar.com\\\/avatar\\\/7a4cf8feb412a76ea4a740ca02d95b06b2907b5a6c648c2dd0a1082a093c3141?s=96&d=mm&r=g\",\"contentUrl\":\"https:\\\/\\\/secure.gravatar.com\\\/avatar\\\/7a4cf8feb412a76ea4a740ca02d95b06b2907b5a6c648c2dd0a1082a093c3141?s=96&d=mm&r=g\",\"caption\":\"Comunicaci\u00f3 Esplac\"}}]}<\/script>\n<!-- \/ Yoast SEO plugin. -->","yoast_head_json":{"title":"El projecte de locals us convida a una taula rodona sobre esplais i okupaci\u00f3 a l'Antiga Massana - Esplac","robots":{"index":"index","follow":"follow","max-snippet":"max-snippet:-1","max-image-preview":"max-image-preview:large","max-video-preview":"max-video-preview:-1"},"canonical":"https:\/\/www.esplac.cat\/taula-rodona-locals-esplais-okupacio\/","og_locale":"es_ES","og_type":"article","og_title":"El projecte de locals us convida a una taula rodona sobre esplais i okupaci\u00f3 a l'Antiga Massana - Esplac","og_url":"https:\/\/www.esplac.cat\/taula-rodona-locals-esplais-okupacio\/","og_site_name":"Esplac","article_published_time":"2024-04-18T15:36:38+00:00","article_modified_time":"2024-04-18T15:38:15+00:00","og_image":[{"width":1697,"height":700,"url":"https:\/\/www.esplac.cat\/wp-content\/uploads\/2024\/04\/OKUPACIO-I-ESPLAI.jpg","type":"image\/jpeg"}],"author":"Comunicaci\u00f3 Esplac","twitter_card":"summary_large_image","twitter_misc":{"Escrito por":"Comunicaci\u00f3 Esplac","Tiempo de lectura":"2 minutos"},"schema":{"@context":"https:\/\/schema.org","@graph":[{"@type":"Article","@id":"https:\/\/www.esplac.cat\/taula-rodona-locals-esplais-okupacio\/#article","isPartOf":{"@id":"https:\/\/www.esplac.cat\/taula-rodona-locals-esplais-okupacio\/"},"author":{"name":"Comunicaci\u00f3 Esplac","@id":"https:\/\/www.esplac.cat\/#\/schema\/person\/908383cf240be18b68f8855d0583faca"},"headline":"El projecte de locals us convida a una taula rodona sobre esplais i okupaci\u00f3 a l&#8217;Antiga Massana","datePublished":"2024-04-18T15:36:38+00:00","dateModified":"2024-04-18T15:38:15+00:00","mainEntityOfPage":{"@id":"https:\/\/www.esplac.cat\/taula-rodona-locals-esplais-okupacio\/"},"wordCount":564,"publisher":{"@id":"https:\/\/www.esplac.cat\/#organization"},"image":{"@id":"https:\/\/www.esplac.cat\/taula-rodona-locals-esplais-okupacio\/#primaryimage"},"thumbnailUrl":"https:\/\/www.esplac.cat\/wp-content\/uploads\/2024\/04\/OKUPACIO-I-ESPLAI.jpg","articleSection":["Locals i Territori"],"inLanguage":"es"},{"@type":"WebPage","@id":"https:\/\/www.esplac.cat\/taula-rodona-locals-esplais-okupacio\/","url":"https:\/\/www.esplac.cat\/taula-rodona-locals-esplais-okupacio\/","name":"El projecte de locals us convida a una taula rodona sobre esplais i okupaci\u00f3 a l'Antiga Massana - Esplac","isPartOf":{"@id":"https:\/\/www.esplac.cat\/#website"},"primaryImageOfPage":{"@id":"https:\/\/www.esplac.cat\/taula-rodona-locals-esplais-okupacio\/#primaryimage"},"image":{"@id":"https:\/\/www.esplac.cat\/taula-rodona-locals-esplais-okupacio\/#primaryimage"},"thumbnailUrl":"https:\/\/www.esplac.cat\/wp-content\/uploads\/2024\/04\/OKUPACIO-I-ESPLAI.jpg","datePublished":"2024-04-18T15:36:38+00:00","dateModified":"2024-04-18T15:38:15+00:00","breadcrumb":{"@id":"https:\/\/www.esplac.cat\/taula-rodona-locals-esplais-okupacio\/#breadcrumb"},"inLanguage":"es","potentialAction":[{"@type":"ReadAction","target":["https:\/\/www.esplac.cat\/taula-rodona-locals-esplais-okupacio\/"]}]},{"@type":"ImageObject","inLanguage":"es","@id":"https:\/\/www.esplac.cat\/taula-rodona-locals-esplais-okupacio\/#primaryimage","url":"https:\/\/www.esplac.cat\/wp-content\/uploads\/2024\/04\/OKUPACIO-I-ESPLAI.jpg","contentUrl":"https:\/\/www.esplac.cat\/wp-content\/uploads\/2024\/04\/OKUPACIO-I-ESPLAI.jpg","width":1697,"height":700},{"@type":"BreadcrumbList","@id":"https:\/\/www.esplac.cat\/taula-rodona-locals-esplais-okupacio\/#breadcrumb","itemListElement":[{"@type":"ListItem","position":1,"name":"Inici","item":"https:\/\/www.esplac.cat\/es\/"},{"@type":"ListItem","position":2,"name":"El projecte de locals us convida a una taula rodona sobre esplais i okupaci\u00f3 a l&#8217;Antiga Massana"}]},{"@type":"WebSite","@id":"https:\/\/www.esplac.cat\/#website","url":"https:\/\/www.esplac.cat\/","name":"Esplac","description":"Esplais Catalans","publisher":{"@id":"https:\/\/www.esplac.cat\/#organization"},"potentialAction":[{"@type":"SearchAction","target":{"@type":"EntryPoint","urlTemplate":"https:\/\/www.esplac.cat\/?s={search_term_string}"},"query-input":{"@type":"PropertyValueSpecification","valueRequired":true,"valueName":"search_term_string"}}],"inLanguage":"es"},{"@type":"Organization","@id":"https:\/\/www.esplac.cat\/#organization","name":"Esplac","url":"https:\/\/www.esplac.cat\/","logo":{"@type":"ImageObject","inLanguage":"es","@id":"https:\/\/www.esplac.cat\/#\/schema\/logo\/image\/","url":"https:\/\/www.esplac.cat\/wp-content\/uploads\/2019\/08\/logox2.png","contentUrl":"https:\/\/www.esplac.cat\/wp-content\/uploads\/2019\/08\/logox2.png","width":600,"height":295,"caption":"Esplac"},"image":{"@id":"https:\/\/www.esplac.cat\/#\/schema\/logo\/image\/"}},{"@type":"Person","@id":"https:\/\/www.esplac.cat\/#\/schema\/person\/908383cf240be18b68f8855d0583faca","name":"Comunicaci\u00f3 Esplac","image":{"@type":"ImageObject","inLanguage":"es","@id":"https:\/\/secure.gravatar.com\/avatar\/7a4cf8feb412a76ea4a740ca02d95b06b2907b5a6c648c2dd0a1082a093c3141?s=96&d=mm&r=g","url":"https:\/\/secure.gravatar.com\/avatar\/7a4cf8feb412a76ea4a740ca02d95b06b2907b5a6c648c2dd0a1082a093c3141?s=96&d=mm&r=g","contentUrl":"https:\/\/secure.gravatar.com\/avatar\/7a4cf8feb412a76ea4a740ca02d95b06b2907b5a6c648c2dd0a1082a093c3141?s=96&d=mm&r=g","caption":"Comunicaci\u00f3 Esplac"}}]}},"_links":{"self":[{"href":"https:\/\/www.esplac.cat\/es\/wp-json\/wp\/v2\/posts\/49585","targetHints":{"allow":["GET"]}}],"collection":[{"href":"https:\/\/www.esplac.cat\/es\/wp-json\/wp\/v2\/posts"}],"about":[{"href":"https:\/\/www.esplac.cat\/es\/wp-json\/wp\/v2\/types\/post"}],"author":[{"embeddable":true,"href":"https:\/\/www.esplac.cat\/es\/wp-json\/wp\/v2\/users\/3"}],"replies":[{"embeddable":true,"href":"https:\/\/www.esplac.cat\/es\/wp-json\/wp\/v2\/comments?post=49585"}],"version-history":[{"count":4,"href":"https:\/\/www.esplac.cat\/es\/wp-json\/wp\/v2\/posts\/49585\/revisions"}],"predecessor-version":[{"id":49595,"href":"https:\/\/www.esplac.cat\/es\/wp-json\/wp\/v2\/posts\/49585\/revisions\/49595"}],"wp:featuredmedia":[{"embeddable":true,"href":"https:\/\/www.esplac.cat\/es\/wp-json\/wp\/v2\/media\/49586"}],"wp:attachment":[{"href":"https:\/\/www.esplac.cat\/es\/wp-json\/wp\/v2\/media?parent=49585"}],"wp:term":[{"taxonomy":"category","embeddable":true,"href":"https:\/\/www.esplac.cat\/es\/wp-json\/wp\/v2\/categories?post=49585"},{"taxonomy":"post_tag","embeddable":true,"href":"https:\/\/www.esplac.cat\/es\/wp-json\/wp\/v2\/tags?post=49585"}],"curies":[{"name":"wp","href":"https:\/\/api.w.org\/{rel}","templated":true}]}}