{"id":49673,"date":"2024-04-29T10:53:47","date_gmt":"2024-04-29T08:53:47","guid":{"rendered":"https:\/\/www.esplac.cat\/?p=49673"},"modified":"2024-04-29T11:01:31","modified_gmt":"2024-04-29T09:01:31","slug":"que-parlat-gran-comite-abril","status":"publish","type":"post","link":"https:\/\/www.esplac.cat\/es\/que-parlat-gran-comite-abril\/","title":{"rendered":"De qu\u00e8 s&#8217;ha parlat al Gran Comit\u00e8 de l&#8217;abril?"},"content":{"rendered":"<p><div class=\"fusion-fullwidth fullwidth-box fusion-builder-row-1 fusion-flex-container has-pattern-background has-mask-background nonhundred-percent-fullwidth non-hundred-percent-height-scrolling\" style=\"--awb-border-radius-top-left:0px;--awb-border-radius-top-right:0px;--awb-border-radius-bottom-right:0px;--awb-border-radius-bottom-left:0px;--awb-flex-wrap:wrap;\" ><div class=\"fusion-builder-row fusion-row fusion-flex-align-items-flex-start fusion-flex-content-wrap\" style=\"max-width:1248px;margin-left: calc(-4% \/ 2 );margin-right: calc(-4% \/ 2 );\"><div class=\"fusion-layout-column fusion_builder_column fusion-builder-column-0 fusion_builder_column_1_1 1_1 fusion-flex-column\" style=\"--awb-bg-size:cover;--awb-width-large:100%;--awb-margin-top-large:0px;--awb-spacing-right-large:1.92%;--awb-margin-bottom-large:20px;--awb-spacing-left-large:1.92%;--awb-width-medium:100%;--awb-order-medium:0;--awb-spacing-right-medium:1.92%;--awb-spacing-left-medium:1.92%;--awb-width-small:100%;--awb-order-small:0;--awb-spacing-right-small:1.92%;--awb-spacing-left-small:1.92%;\"><div class=\"fusion-column-wrapper fusion-column-has-shadow fusion-flex-justify-content-flex-start fusion-content-layout-column\"><div class=\"fusion-text fusion-text-1\"><h6><strong>Dirigents d\u2019Esplais Catalans s\u2019han reunit durant el cap de setmana del 27 i 28 d&#8217;abril per realitzar el curs Teresa Claramunt, definir el proc\u00e9s participatiu de l&#8217;Esplaiada 2025 i seguir treballant el Pla Estrat\u00e8gic, entre altres q\u00fcestions.<\/strong><\/h6>\n<p>El cap de setmana del 27 i 28 d&#8217;abril ha tingut lloc la <strong>tancada del Gran Comit\u00e8<\/strong> a l&#8217;Alberg de Manresa (<span style=\"color: #f69d0b;\"><a style=\"color: #f69d0b;\" href=\"https:\/\/www.esplac.cat\/sectors-geografics\/bages-bergueda-cerdanya\/\" target=\"_blank\" rel=\"noopener\"><strong>Sector Bages, Bergued\u00e0 i La Cerdanya<\/strong><\/a><\/span>). El Gran Comit\u00e8 \u00e9s un dels \u00f2rgans de participaci\u00f3 m\u00e9s importants d\u2019Esplac, on estan representats tots els \u00f2rgans de decisi\u00f3 i els espais de treball de l\u2019associaci\u00f3. Al final d\u2019aquesta not\u00edcia podeu veure qui hi participa! En ell es proposen, es discuteixen i s\u2019aproven l\u00ednies de treball, accions i projectes concrets.<\/p>\n<p>Aquest cop la tancada ha engegat amb el <strong>curs Teresa Claramunt<\/strong>, un espai en el qu\u00e8 Equips Generals de Sector (EGS), Representants de Comissi\u00f3 (RdC) i membres de l\u2019Equip de Coordinaci\u00f3 (Equico) s&#8217;han format al voltant de qu\u00e8 vol dir ser dirigent. El curs ha perm\u00e8s debatre i definir els rols de les persones volunt\u00e0ries dins de l&#8217;entitat.<\/p>\n<p>Tamb\u00e9 hi ha hagut espai per a treballar el <strong>Pla Estrat\u00e8gic<\/strong>. Aquest document recull els objectius de l\u2019associaci\u00f3 per als pr\u00f2xims tres cursos i enguany toca renovar-lo a trav\u00e9s d&#8217;un proc\u00e9s participatiu que implica al Gran Comit\u00e8, per\u00f2 tamb\u00e9 als esplais, als sectors i, fins i tot, a les persones s\u00f2cies d&#8217;Esplac! Per altra banda, tamb\u00e9 s&#8217;ha parlat de l&#8217;<span style=\"color: #f69d0b;\"><a style=\"color: #f69d0b;\" href=\"https:\/\/www.esplac.cat\/trobades\/esplaiada\/\" target=\"_blank\" rel=\"noopener\"><strong>Esplaiada 2025<\/strong><\/a><\/span>, un dels esdeveniments m\u00e9s importants de l&#8217;entitat, i s&#8217;ha comen\u00e7at a revisar el Protocol contra agressions discriminat\u00f2ries.<\/p>\n<p>M\u00e9s enll\u00e0 d&#8217;aix\u00f2, tamb\u00e9 hi ha hagut espai per parlar de la mem\u00f2ria econ\u00f2mica i el circuit de posicionaments, posar-se al dia sobre la tasca que s&#8217;est\u00e0 fent dels diferents projectes o treballar el calendari.<\/p>\n<p>Ha estat un cap de setmana molt profit\u00f3s!<\/p>\n<\/div><\/div><\/div><\/div><\/div><div class=\"fusion-fullwidth fullwidth-box fusion-builder-row-2 fusion-flex-container has-pattern-background has-mask-background nonhundred-percent-fullwidth non-hundred-percent-height-scrolling\" style=\"--awb-border-radius-top-left:0px;--awb-border-radius-top-right:0px;--awb-border-radius-bottom-right:0px;--awb-border-radius-bottom-left:0px;--awb-flex-wrap:wrap;\" ><div class=\"fusion-builder-row fusion-row fusion-flex-align-items-flex-start fusion-flex-content-wrap\" style=\"max-width:1248px;margin-left: calc(-4% \/ 2 );margin-right: calc(-4% \/ 2 );\"><div class=\"fusion-layout-column fusion_builder_column fusion-builder-column-1 fusion_builder_column_1_1 1_1 fusion-flex-column\" style=\"--awb-bg-size:cover;--awb-width-large:100%;--awb-margin-top-large:0px;--awb-spacing-right-large:1.92%;--awb-margin-bottom-large:20px;--awb-spacing-left-large:1.92%;--awb-width-medium:100%;--awb-order-medium:0;--awb-spacing-right-medium:1.92%;--awb-spacing-left-medium:1.92%;--awb-width-small:100%;--awb-order-small:0;--awb-spacing-right-small:1.92%;--awb-spacing-left-small:1.92%;\"><div class=\"fusion-column-wrapper fusion-column-has-shadow fusion-flex-justify-content-flex-start fusion-content-layout-column\"><div class=\"fusion-text fusion-text-2\"><h5><span style=\"color: #f69d0b;\"><strong>Qui \u00e9s qui al Gran Comit\u00e8?<\/strong><\/span><\/h5>\n<ul>\n<li>L\u2019<strong>Equip de Coordinaci\u00f3 (Equico)<\/strong> s\u00f3n les persones volunt\u00e0ries que lideren l\u2019associaci\u00f3 i que s\u00f3n escollides a l\u2019Assemblea General Ordin\u00e0ria per un mandat de 2 anys.<\/li>\n<li><strong>Els Equips Generals dels Sectors (EGS)<\/strong> s\u00f3n les persones que coordinen l\u2019acci\u00f3 dels sectors geogr\u00e0fics amb unes funcions semblants a l\u2019Equip de Coordinaci\u00f3 per\u00f2 en l\u2019\u00e0mbit del Sector Geogr\u00e0fic.<\/li>\n<li><strong>Les Representants de les Comissions (RdC)\u00a0<\/strong>s\u00f3n les persones que representen cada comissi\u00f3 i que aporten una visi\u00f3 especialitzada i transversal en les decisions que es prenen a l\u2019entitat.<\/li>\n<li><strong>La Coordinaci\u00f3 T\u00e8cnica (CT)<\/strong>\u00a0s\u00f3n la representaci\u00f3 de les treballadores que realitzen la tasca quotidiana d\u2019Esplais Catalans<\/li>\n<\/ul>\n<\/div><\/div><\/div><\/div><\/div><\/p>\n","protected":false},"excerpt":{"rendered":"","protected":false},"author":3,"featured_media":49681,"comment_status":"closed","ping_status":"closed","sticky":false,"template":"","format":"standard","meta":{"om_disable_all_campaigns":false,"_monsterinsights_skip_tracking":false,"_monsterinsights_sitenote_active":false,"_monsterinsights_sitenote_note":"","_monsterinsights_sitenote_category":0,"_uf_show_specific_survey":0,"_uf_disable_surveys":false,"footnotes":""},"categories":[1247],"tags":[],"class_list":["post-49673","post","type-post","status-publish","format-standard","has-post-thumbnail","hentry","category-gran-comite"],"yoast_head":"<!-- This site is optimized with the Yoast SEO plugin v27.4 - https:\/\/yoast.com\/product\/yoast-seo-wordpress\/ -->\n<title>De qu\u00e8 s&#039;ha parlat al Gran Comit\u00e8 de l&#039;abril? - Esplac<\/title>\n<meta name=\"description\" content=\"Durant la tancada s&#039;ha realitzat el curs Teresa Claramunt, s&#039;ha definit el proc\u00e9s participatiu de l&#039;Esplaiada i s&#039;ha treballat el Pla Estrat\u00e8gic.\" \/>\n<meta name=\"robots\" content=\"index, follow, max-snippet:-1, max-image-preview:large, max-video-preview:-1\" \/>\n<link rel=\"canonical\" href=\"https:\/\/www.esplac.cat\/que-parlat-gran-comite-abril\/\" \/>\n<meta property=\"og:locale\" content=\"es_ES\" \/>\n<meta property=\"og:type\" content=\"article\" \/>\n<meta property=\"og:title\" content=\"De qu\u00e8 s&#039;ha parlat al Gran Comit\u00e8 de l&#039;abril? - Esplac\" \/>\n<meta property=\"og:description\" content=\"Durant la tancada s&#039;ha realitzat el curs Teresa Claramunt, s&#039;ha definit el proc\u00e9s participatiu de l&#039;Esplaiada i s&#039;ha treballat el Pla Estrat\u00e8gic.\" \/>\n<meta property=\"og:url\" content=\"https:\/\/www.esplac.cat\/que-parlat-gran-comite-abril\/\" \/>\n<meta property=\"og:site_name\" content=\"Esplac\" \/>\n<meta property=\"article:published_time\" content=\"2024-04-29T08:53:47+00:00\" \/>\n<meta property=\"article:modified_time\" content=\"2024-04-29T09:01:31+00:00\" \/>\n<meta property=\"og:image\" content=\"https:\/\/www.esplac.cat\/wp-content\/uploads\/2024\/04\/Gran-Comite-Abril.jpg\" \/>\n\t<meta property=\"og:image:width\" content=\"1697\" \/>\n\t<meta property=\"og:image:height\" content=\"700\" \/>\n\t<meta property=\"og:image:type\" content=\"image\/jpeg\" \/>\n<meta name=\"author\" content=\"Comunicaci\u00f3 Esplac\" \/>\n<meta name=\"twitter:card\" content=\"summary_large_image\" \/>\n<meta name=\"twitter:label1\" content=\"Escrito por\" \/>\n\t<meta name=\"twitter:data1\" content=\"Comunicaci\u00f3 Esplac\" \/>\n\t<meta name=\"twitter:label2\" content=\"Tiempo de lectura\" \/>\n\t<meta name=\"twitter:data2\" content=\"3 minutos\" \/>\n<script type=\"application\/ld+json\" class=\"yoast-schema-graph\">{\"@context\":\"https:\\\/\\\/schema.org\",\"@graph\":[{\"@type\":\"Article\",\"@id\":\"https:\\\/\\\/www.esplac.cat\\\/que-parlat-gran-comite-abril\\\/#article\",\"isPartOf\":{\"@id\":\"https:\\\/\\\/www.esplac.cat\\\/que-parlat-gran-comite-abril\\\/\"},\"author\":{\"name\":\"Comunicaci\u00f3 Esplac\",\"@id\":\"https:\\\/\\\/www.esplac.cat\\\/#\\\/schema\\\/person\\\/908383cf240be18b68f8855d0583faca\"},\"headline\":\"De qu\u00e8 s&#8217;ha parlat al Gran Comit\u00e8 de l&#8217;abril?\",\"datePublished\":\"2024-04-29T08:53:47+00:00\",\"dateModified\":\"2024-04-29T09:01:31+00:00\",\"mainEntityOfPage\":{\"@id\":\"https:\\\/\\\/www.esplac.cat\\\/que-parlat-gran-comite-abril\\\/\"},\"wordCount\":2378,\"publisher\":{\"@id\":\"https:\\\/\\\/www.esplac.cat\\\/#organization\"},\"image\":{\"@id\":\"https:\\\/\\\/www.esplac.cat\\\/que-parlat-gran-comite-abril\\\/#primaryimage\"},\"thumbnailUrl\":\"https:\\\/\\\/www.esplac.cat\\\/wp-content\\\/uploads\\\/2024\\\/04\\\/Gran-Comite-Abril.jpg\",\"articleSection\":[\"Gran Comit\u00e8\"],\"inLanguage\":\"es\"},{\"@type\":\"WebPage\",\"@id\":\"https:\\\/\\\/www.esplac.cat\\\/que-parlat-gran-comite-abril\\\/\",\"url\":\"https:\\\/\\\/www.esplac.cat\\\/que-parlat-gran-comite-abril\\\/\",\"name\":\"De qu\u00e8 s'ha parlat al Gran Comit\u00e8 de l'abril? - Esplac\",\"isPartOf\":{\"@id\":\"https:\\\/\\\/www.esplac.cat\\\/#website\"},\"primaryImageOfPage\":{\"@id\":\"https:\\\/\\\/www.esplac.cat\\\/que-parlat-gran-comite-abril\\\/#primaryimage\"},\"image\":{\"@id\":\"https:\\\/\\\/www.esplac.cat\\\/que-parlat-gran-comite-abril\\\/#primaryimage\"},\"thumbnailUrl\":\"https:\\\/\\\/www.esplac.cat\\\/wp-content\\\/uploads\\\/2024\\\/04\\\/Gran-Comite-Abril.jpg\",\"datePublished\":\"2024-04-29T08:53:47+00:00\",\"dateModified\":\"2024-04-29T09:01:31+00:00\",\"description\":\"Durant la tancada s'ha realitzat el curs Teresa Claramunt, s'ha definit el proc\u00e9s participatiu de l'Esplaiada i s'ha treballat el Pla Estrat\u00e8gic.\",\"breadcrumb\":{\"@id\":\"https:\\\/\\\/www.esplac.cat\\\/que-parlat-gran-comite-abril\\\/#breadcrumb\"},\"inLanguage\":\"es\",\"potentialAction\":[{\"@type\":\"ReadAction\",\"target\":[\"https:\\\/\\\/www.esplac.cat\\\/que-parlat-gran-comite-abril\\\/\"]}]},{\"@type\":\"ImageObject\",\"inLanguage\":\"es\",\"@id\":\"https:\\\/\\\/www.esplac.cat\\\/que-parlat-gran-comite-abril\\\/#primaryimage\",\"url\":\"https:\\\/\\\/www.esplac.cat\\\/wp-content\\\/uploads\\\/2024\\\/04\\\/Gran-Comite-Abril.jpg\",\"contentUrl\":\"https:\\\/\\\/www.esplac.cat\\\/wp-content\\\/uploads\\\/2024\\\/04\\\/Gran-Comite-Abril.jpg\",\"width\":1697,\"height\":700,\"caption\":\"Gran Comit\u00e8\"},{\"@type\":\"BreadcrumbList\",\"@id\":\"https:\\\/\\\/www.esplac.cat\\\/que-parlat-gran-comite-abril\\\/#breadcrumb\",\"itemListElement\":[{\"@type\":\"ListItem\",\"position\":1,\"name\":\"Inici\",\"item\":\"https:\\\/\\\/www.esplac.cat\\\/es\\\/\"},{\"@type\":\"ListItem\",\"position\":2,\"name\":\"De qu\u00e8 s&#8217;ha parlat al Gran Comit\u00e8 de l&#8217;abril?\"}]},{\"@type\":\"WebSite\",\"@id\":\"https:\\\/\\\/www.esplac.cat\\\/#website\",\"url\":\"https:\\\/\\\/www.esplac.cat\\\/\",\"name\":\"Esplac\",\"description\":\"Esplais Catalans\",\"publisher\":{\"@id\":\"https:\\\/\\\/www.esplac.cat\\\/#organization\"},\"potentialAction\":[{\"@type\":\"SearchAction\",\"target\":{\"@type\":\"EntryPoint\",\"urlTemplate\":\"https:\\\/\\\/www.esplac.cat\\\/?s={search_term_string}\"},\"query-input\":{\"@type\":\"PropertyValueSpecification\",\"valueRequired\":true,\"valueName\":\"search_term_string\"}}],\"inLanguage\":\"es\"},{\"@type\":\"Organization\",\"@id\":\"https:\\\/\\\/www.esplac.cat\\\/#organization\",\"name\":\"Esplac\",\"url\":\"https:\\\/\\\/www.esplac.cat\\\/\",\"logo\":{\"@type\":\"ImageObject\",\"inLanguage\":\"es\",\"@id\":\"https:\\\/\\\/www.esplac.cat\\\/#\\\/schema\\\/logo\\\/image\\\/\",\"url\":\"https:\\\/\\\/www.esplac.cat\\\/wp-content\\\/uploads\\\/2019\\\/08\\\/logox2.png\",\"contentUrl\":\"https:\\\/\\\/www.esplac.cat\\\/wp-content\\\/uploads\\\/2019\\\/08\\\/logox2.png\",\"width\":600,\"height\":295,\"caption\":\"Esplac\"},\"image\":{\"@id\":\"https:\\\/\\\/www.esplac.cat\\\/#\\\/schema\\\/logo\\\/image\\\/\"}},{\"@type\":\"Person\",\"@id\":\"https:\\\/\\\/www.esplac.cat\\\/#\\\/schema\\\/person\\\/908383cf240be18b68f8855d0583faca\",\"name\":\"Comunicaci\u00f3 Esplac\",\"image\":{\"@type\":\"ImageObject\",\"inLanguage\":\"es\",\"@id\":\"https:\\\/\\\/secure.gravatar.com\\\/avatar\\\/7a4cf8feb412a76ea4a740ca02d95b06b2907b5a6c648c2dd0a1082a093c3141?s=96&d=mm&r=g\",\"url\":\"https:\\\/\\\/secure.gravatar.com\\\/avatar\\\/7a4cf8feb412a76ea4a740ca02d95b06b2907b5a6c648c2dd0a1082a093c3141?s=96&d=mm&r=g\",\"contentUrl\":\"https:\\\/\\\/secure.gravatar.com\\\/avatar\\\/7a4cf8feb412a76ea4a740ca02d95b06b2907b5a6c648c2dd0a1082a093c3141?s=96&d=mm&r=g\",\"caption\":\"Comunicaci\u00f3 Esplac\"}}]}<\/script>\n<!-- \/ Yoast SEO plugin. -->","yoast_head_json":{"title":"De qu\u00e8 s'ha parlat al Gran Comit\u00e8 de l'abril? - Esplac","description":"Durant la tancada s'ha realitzat el curs Teresa Claramunt, s'ha definit el proc\u00e9s participatiu de l'Esplaiada i s'ha treballat el Pla Estrat\u00e8gic.","robots":{"index":"index","follow":"follow","max-snippet":"max-snippet:-1","max-image-preview":"max-image-preview:large","max-video-preview":"max-video-preview:-1"},"canonical":"https:\/\/www.esplac.cat\/que-parlat-gran-comite-abril\/","og_locale":"es_ES","og_type":"article","og_title":"De qu\u00e8 s'ha parlat al Gran Comit\u00e8 de l'abril? - Esplac","og_description":"Durant la tancada s'ha realitzat el curs Teresa Claramunt, s'ha definit el proc\u00e9s participatiu de l'Esplaiada i s'ha treballat el Pla Estrat\u00e8gic.","og_url":"https:\/\/www.esplac.cat\/que-parlat-gran-comite-abril\/","og_site_name":"Esplac","article_published_time":"2024-04-29T08:53:47+00:00","article_modified_time":"2024-04-29T09:01:31+00:00","og_image":[{"width":1697,"height":700,"url":"https:\/\/www.esplac.cat\/wp-content\/uploads\/2024\/04\/Gran-Comite-Abril.jpg","type":"image\/jpeg"}],"author":"Comunicaci\u00f3 Esplac","twitter_card":"summary_large_image","twitter_misc":{"Escrito por":"Comunicaci\u00f3 Esplac","Tiempo de lectura":"3 minutos"},"schema":{"@context":"https:\/\/schema.org","@graph":[{"@type":"Article","@id":"https:\/\/www.esplac.cat\/que-parlat-gran-comite-abril\/#article","isPartOf":{"@id":"https:\/\/www.esplac.cat\/que-parlat-gran-comite-abril\/"},"author":{"name":"Comunicaci\u00f3 Esplac","@id":"https:\/\/www.esplac.cat\/#\/schema\/person\/908383cf240be18b68f8855d0583faca"},"headline":"De qu\u00e8 s&#8217;ha parlat al Gran Comit\u00e8 de l&#8217;abril?","datePublished":"2024-04-29T08:53:47+00:00","dateModified":"2024-04-29T09:01:31+00:00","mainEntityOfPage":{"@id":"https:\/\/www.esplac.cat\/que-parlat-gran-comite-abril\/"},"wordCount":2378,"publisher":{"@id":"https:\/\/www.esplac.cat\/#organization"},"image":{"@id":"https:\/\/www.esplac.cat\/que-parlat-gran-comite-abril\/#primaryimage"},"thumbnailUrl":"https:\/\/www.esplac.cat\/wp-content\/uploads\/2024\/04\/Gran-Comite-Abril.jpg","articleSection":["Gran Comit\u00e8"],"inLanguage":"es"},{"@type":"WebPage","@id":"https:\/\/www.esplac.cat\/que-parlat-gran-comite-abril\/","url":"https:\/\/www.esplac.cat\/que-parlat-gran-comite-abril\/","name":"De qu\u00e8 s'ha parlat al Gran Comit\u00e8 de l'abril? - Esplac","isPartOf":{"@id":"https:\/\/www.esplac.cat\/#website"},"primaryImageOfPage":{"@id":"https:\/\/www.esplac.cat\/que-parlat-gran-comite-abril\/#primaryimage"},"image":{"@id":"https:\/\/www.esplac.cat\/que-parlat-gran-comite-abril\/#primaryimage"},"thumbnailUrl":"https:\/\/www.esplac.cat\/wp-content\/uploads\/2024\/04\/Gran-Comite-Abril.jpg","datePublished":"2024-04-29T08:53:47+00:00","dateModified":"2024-04-29T09:01:31+00:00","description":"Durant la tancada s'ha realitzat el curs Teresa Claramunt, s'ha definit el proc\u00e9s participatiu de l'Esplaiada i s'ha treballat el Pla Estrat\u00e8gic.","breadcrumb":{"@id":"https:\/\/www.esplac.cat\/que-parlat-gran-comite-abril\/#breadcrumb"},"inLanguage":"es","potentialAction":[{"@type":"ReadAction","target":["https:\/\/www.esplac.cat\/que-parlat-gran-comite-abril\/"]}]},{"@type":"ImageObject","inLanguage":"es","@id":"https:\/\/www.esplac.cat\/que-parlat-gran-comite-abril\/#primaryimage","url":"https:\/\/www.esplac.cat\/wp-content\/uploads\/2024\/04\/Gran-Comite-Abril.jpg","contentUrl":"https:\/\/www.esplac.cat\/wp-content\/uploads\/2024\/04\/Gran-Comite-Abril.jpg","width":1697,"height":700,"caption":"Gran Comit\u00e8"},{"@type":"BreadcrumbList","@id":"https:\/\/www.esplac.cat\/que-parlat-gran-comite-abril\/#breadcrumb","itemListElement":[{"@type":"ListItem","position":1,"name":"Inici","item":"https:\/\/www.esplac.cat\/es\/"},{"@type":"ListItem","position":2,"name":"De qu\u00e8 s&#8217;ha parlat al Gran Comit\u00e8 de l&#8217;abril?"}]},{"@type":"WebSite","@id":"https:\/\/www.esplac.cat\/#website","url":"https:\/\/www.esplac.cat\/","name":"Esplac","description":"Esplais Catalans","publisher":{"@id":"https:\/\/www.esplac.cat\/#organization"},"potentialAction":[{"@type":"SearchAction","target":{"@type":"EntryPoint","urlTemplate":"https:\/\/www.esplac.cat\/?s={search_term_string}"},"query-input":{"@type":"PropertyValueSpecification","valueRequired":true,"valueName":"search_term_string"}}],"inLanguage":"es"},{"@type":"Organization","@id":"https:\/\/www.esplac.cat\/#organization","name":"Esplac","url":"https:\/\/www.esplac.cat\/","logo":{"@type":"ImageObject","inLanguage":"es","@id":"https:\/\/www.esplac.cat\/#\/schema\/logo\/image\/","url":"https:\/\/www.esplac.cat\/wp-content\/uploads\/2019\/08\/logox2.png","contentUrl":"https:\/\/www.esplac.cat\/wp-content\/uploads\/2019\/08\/logox2.png","width":600,"height":295,"caption":"Esplac"},"image":{"@id":"https:\/\/www.esplac.cat\/#\/schema\/logo\/image\/"}},{"@type":"Person","@id":"https:\/\/www.esplac.cat\/#\/schema\/person\/908383cf240be18b68f8855d0583faca","name":"Comunicaci\u00f3 Esplac","image":{"@type":"ImageObject","inLanguage":"es","@id":"https:\/\/secure.gravatar.com\/avatar\/7a4cf8feb412a76ea4a740ca02d95b06b2907b5a6c648c2dd0a1082a093c3141?s=96&d=mm&r=g","url":"https:\/\/secure.gravatar.com\/avatar\/7a4cf8feb412a76ea4a740ca02d95b06b2907b5a6c648c2dd0a1082a093c3141?s=96&d=mm&r=g","contentUrl":"https:\/\/secure.gravatar.com\/avatar\/7a4cf8feb412a76ea4a740ca02d95b06b2907b5a6c648c2dd0a1082a093c3141?s=96&d=mm&r=g","caption":"Comunicaci\u00f3 Esplac"}}]}},"_links":{"self":[{"href":"https:\/\/www.esplac.cat\/es\/wp-json\/wp\/v2\/posts\/49673","targetHints":{"allow":["GET"]}}],"collection":[{"href":"https:\/\/www.esplac.cat\/es\/wp-json\/wp\/v2\/posts"}],"about":[{"href":"https:\/\/www.esplac.cat\/es\/wp-json\/wp\/v2\/types\/post"}],"author":[{"embeddable":true,"href":"https:\/\/www.esplac.cat\/es\/wp-json\/wp\/v2\/users\/3"}],"replies":[{"embeddable":true,"href":"https:\/\/www.esplac.cat\/es\/wp-json\/wp\/v2\/comments?post=49673"}],"version-history":[{"count":10,"href":"https:\/\/www.esplac.cat\/es\/wp-json\/wp\/v2\/posts\/49673\/revisions"}],"predecessor-version":[{"id":49686,"href":"https:\/\/www.esplac.cat\/es\/wp-json\/wp\/v2\/posts\/49673\/revisions\/49686"}],"wp:featuredmedia":[{"embeddable":true,"href":"https:\/\/www.esplac.cat\/es\/wp-json\/wp\/v2\/media\/49681"}],"wp:attachment":[{"href":"https:\/\/www.esplac.cat\/es\/wp-json\/wp\/v2\/media?parent=49673"}],"wp:term":[{"taxonomy":"category","embeddable":true,"href":"https:\/\/www.esplac.cat\/es\/wp-json\/wp\/v2\/categories?post=49673"},{"taxonomy":"post_tag","embeddable":true,"href":"https:\/\/www.esplac.cat\/es\/wp-json\/wp\/v2\/tags?post=49673"}],"curies":[{"name":"wp","href":"https:\/\/api.w.org\/{rel}","templated":true}]}}