{"id":49775,"date":"2024-05-10T09:39:54","date_gmt":"2024-05-10T07:39:54","guid":{"rendered":"https:\/\/www.esplac.cat\/?p=49775"},"modified":"2024-05-10T09:39:54","modified_gmt":"2024-05-10T07:39:54","slug":"mes-300-participants-trobada-infants-i-joves-valles-oriental","status":"publish","type":"post","link":"https:\/\/www.esplac.cat\/es\/mes-300-participants-trobada-infants-i-joves-valles-oriental\/","title":{"rendered":"M\u00e9s de 300 participants han assistit a la Trobada d\u2019Infants i Joves del Sector Vall\u00e8s Oriental"},"content":{"rendered":"<div class=\"fusion-fullwidth fullwidth-box fusion-builder-row-1 fusion-flex-container has-pattern-background has-mask-background nonhundred-percent-fullwidth non-hundred-percent-height-scrolling\" style=\"--awb-border-radius-top-left:0px;--awb-border-radius-top-right:0px;--awb-border-radius-bottom-right:0px;--awb-border-radius-bottom-left:0px;--awb-flex-wrap:wrap;\" ><div class=\"fusion-builder-row fusion-row fusion-flex-align-items-flex-start fusion-flex-content-wrap\" style=\"max-width:1248px;margin-left: calc(-4% \/ 2 );margin-right: calc(-4% \/ 2 );\"><div class=\"fusion-layout-column fusion_builder_column fusion-builder-column-0 fusion_builder_column_1_1 1_1 fusion-flex-column\" style=\"--awb-bg-size:cover;--awb-width-large:100%;--awb-margin-top-large:0px;--awb-spacing-right-large:1.92%;--awb-margin-bottom-large:20px;--awb-spacing-left-large:1.92%;--awb-width-medium:100%;--awb-order-medium:0;--awb-spacing-right-medium:1.92%;--awb-spacing-left-medium:1.92%;--awb-width-small:100%;--awb-order-small:0;--awb-spacing-right-small:1.92%;--awb-spacing-left-small:1.92%;\"><div class=\"fusion-column-wrapper fusion-column-has-shadow fusion-flex-justify-content-flex-start fusion-content-layout-column\"><div class=\"fusion-text fusion-text-1\"><h6><strong>Infants, joves i monitores i monitos dels esplais GEPA, Guai! de Palou, Bruixes i Bruixots dels Escorrelots, el Refugi i el Bot\u00f3 han participat d&#8217;aquesta trobada que ha tingut lloc a Granollers.<\/strong><\/h6>\n<p>La Trobada d\u2019Infants i Joves (TITJ) d\u2019enguany s\u2019ha dut a terme en diferents equipaments de Granollers com ara el Tub, el GraJove o l\u2019Escola Municipal del Treball. Els diferents grups d&#8217;edat han desenvolupat activitats i jocs pel poble que han ajudat a consolidar el vincle del <span style=\"color: #f69d0b;\"><a style=\"color: #f69d0b;\" href=\"https:\/\/www.esplac.cat\/sectors-geografics\/valles-oriental\/\" target=\"_blank\" rel=\"noopener\"><strong>Sector Vall\u00e8s Oriental<\/strong><\/a><\/span> i la coneixen\u00e7a entre els esplais.<\/p>\n<p>Durant el dia de diumenge tamb\u00e9 van fer activitats i van acabar la jornada amb una macarronada multitudin\u00e0ria. Monis i participants fan una valoraci\u00f3 molt positiva de la trobada que gaireb\u00e9 conclou l\u2019activitat del sector d\u2019aquest curs.<\/p>\n<\/div><\/div><\/div><\/div><\/div>\n","protected":false},"excerpt":{"rendered":"","protected":false},"author":3,"featured_media":49903,"comment_status":"closed","ping_status":"closed","sticky":false,"template":"","format":"standard","meta":{"om_disable_all_campaigns":false,"_monsterinsights_skip_tracking":false,"_monsterinsights_sitenote_active":false,"_monsterinsights_sitenote_note":"","_monsterinsights_sitenote_category":0,"_uf_show_specific_survey":0,"_uf_disable_surveys":false,"footnotes":""},"categories":[1110,1125],"tags":[],"class_list":["post-49775","post","type-post","status-publish","format-standard","has-post-thumbnail","hentry","category-activitats-sectors","category-sector-valles-oriental"],"yoast_head":"<!-- This site is optimized with the Yoast SEO plugin v27.5 - https:\/\/yoast.com\/product\/yoast-seo-wordpress\/ -->\n<title>La Trobada d\u2019Infants i Joves del Sector Vall\u00e8s Oriental, tot un \u00e8xit!<\/title>\n<meta name=\"description\" content=\"M\u00e9s de 300 infants, joves i monis de 5 esplais diferents han participat d&#039;aquesta trobada que ha tingut lloc a Granollers.\" \/>\n<meta name=\"robots\" content=\"index, follow, max-snippet:-1, max-image-preview:large, max-video-preview:-1\" \/>\n<link rel=\"canonical\" href=\"https:\/\/www.esplac.cat\/mes-300-participants-trobada-infants-i-joves-valles-oriental\/\" \/>\n<meta property=\"og:locale\" content=\"es_ES\" \/>\n<meta property=\"og:type\" content=\"article\" \/>\n<meta property=\"og:title\" content=\"La Trobada d\u2019Infants i Joves del Sector Vall\u00e8s Oriental, tot un \u00e8xit!\" \/>\n<meta property=\"og:description\" content=\"M\u00e9s de 300 infants, joves i monis de 5 esplais diferents han participat d&#039;aquesta trobada que ha tingut lloc a Granollers.\" \/>\n<meta property=\"og:url\" content=\"https:\/\/www.esplac.cat\/mes-300-participants-trobada-infants-i-joves-valles-oriental\/\" \/>\n<meta property=\"og:site_name\" content=\"Esplac\" \/>\n<meta property=\"article:published_time\" content=\"2024-05-10T07:39:54+00:00\" \/>\n<meta property=\"og:image\" content=\"https:\/\/www.esplac.cat\/wp-content\/uploads\/2024\/05\/TITJ-VALLOR.jpg\" \/>\n\t<meta property=\"og:image:width\" content=\"1697\" \/>\n\t<meta property=\"og:image:height\" content=\"700\" \/>\n\t<meta property=\"og:image:type\" content=\"image\/jpeg\" \/>\n<meta name=\"author\" content=\"Comunicaci\u00f3 Esplac\" \/>\n<meta name=\"twitter:card\" content=\"summary_large_image\" \/>\n<meta name=\"twitter:label1\" content=\"Escrito por\" \/>\n\t<meta name=\"twitter:data1\" content=\"Comunicaci\u00f3 Esplac\" \/>\n\t<meta name=\"twitter:label2\" content=\"Tiempo de lectura\" \/>\n\t<meta name=\"twitter:data2\" content=\"1 minuto\" \/>\n<script type=\"application\/ld+json\" class=\"yoast-schema-graph\">{\"@context\":\"https:\\\/\\\/schema.org\",\"@graph\":[{\"@type\":\"Article\",\"@id\":\"https:\\\/\\\/www.esplac.cat\\\/mes-300-participants-trobada-infants-i-joves-valles-oriental\\\/#article\",\"isPartOf\":{\"@id\":\"https:\\\/\\\/www.esplac.cat\\\/mes-300-participants-trobada-infants-i-joves-valles-oriental\\\/\"},\"author\":{\"name\":\"Comunicaci\u00f3 Esplac\",\"@id\":\"https:\\\/\\\/www.esplac.cat\\\/#\\\/schema\\\/person\\\/908383cf240be18b68f8855d0583faca\"},\"headline\":\"M\u00e9s de 300 participants han assistit a la Trobada d\u2019Infants i Joves del Sector Vall\u00e8s Oriental\",\"datePublished\":\"2024-05-10T07:39:54+00:00\",\"mainEntityOfPage\":{\"@id\":\"https:\\\/\\\/www.esplac.cat\\\/mes-300-participants-trobada-infants-i-joves-valles-oriental\\\/\"},\"wordCount\":1110,\"publisher\":{\"@id\":\"https:\\\/\\\/www.esplac.cat\\\/#organization\"},\"image\":{\"@id\":\"https:\\\/\\\/www.esplac.cat\\\/mes-300-participants-trobada-infants-i-joves-valles-oriental\\\/#primaryimage\"},\"thumbnailUrl\":\"https:\\\/\\\/www.esplac.cat\\\/wp-content\\\/uploads\\\/2024\\\/05\\\/TITJ-VALLOR.jpg\",\"articleSection\":[\"Activitats sectors\",\"Sector Vall\u00e8s Oriental\"],\"inLanguage\":\"es\"},{\"@type\":\"WebPage\",\"@id\":\"https:\\\/\\\/www.esplac.cat\\\/mes-300-participants-trobada-infants-i-joves-valles-oriental\\\/\",\"url\":\"https:\\\/\\\/www.esplac.cat\\\/mes-300-participants-trobada-infants-i-joves-valles-oriental\\\/\",\"name\":\"La Trobada d\u2019Infants i Joves del Sector Vall\u00e8s Oriental, tot un \u00e8xit!\",\"isPartOf\":{\"@id\":\"https:\\\/\\\/www.esplac.cat\\\/#website\"},\"primaryImageOfPage\":{\"@id\":\"https:\\\/\\\/www.esplac.cat\\\/mes-300-participants-trobada-infants-i-joves-valles-oriental\\\/#primaryimage\"},\"image\":{\"@id\":\"https:\\\/\\\/www.esplac.cat\\\/mes-300-participants-trobada-infants-i-joves-valles-oriental\\\/#primaryimage\"},\"thumbnailUrl\":\"https:\\\/\\\/www.esplac.cat\\\/wp-content\\\/uploads\\\/2024\\\/05\\\/TITJ-VALLOR.jpg\",\"datePublished\":\"2024-05-10T07:39:54+00:00\",\"description\":\"M\u00e9s de 300 infants, joves i monis de 5 esplais diferents han participat d'aquesta trobada que ha tingut lloc a Granollers.\",\"breadcrumb\":{\"@id\":\"https:\\\/\\\/www.esplac.cat\\\/mes-300-participants-trobada-infants-i-joves-valles-oriental\\\/#breadcrumb\"},\"inLanguage\":\"es\",\"potentialAction\":[{\"@type\":\"ReadAction\",\"target\":[\"https:\\\/\\\/www.esplac.cat\\\/mes-300-participants-trobada-infants-i-joves-valles-oriental\\\/\"]}]},{\"@type\":\"ImageObject\",\"inLanguage\":\"es\",\"@id\":\"https:\\\/\\\/www.esplac.cat\\\/mes-300-participants-trobada-infants-i-joves-valles-oriental\\\/#primaryimage\",\"url\":\"https:\\\/\\\/www.esplac.cat\\\/wp-content\\\/uploads\\\/2024\\\/05\\\/TITJ-VALLOR.jpg\",\"contentUrl\":\"https:\\\/\\\/www.esplac.cat\\\/wp-content\\\/uploads\\\/2024\\\/05\\\/TITJ-VALLOR.jpg\",\"width\":1697,\"height\":700,\"caption\":\"TITJ VALLOR\"},{\"@type\":\"BreadcrumbList\",\"@id\":\"https:\\\/\\\/www.esplac.cat\\\/mes-300-participants-trobada-infants-i-joves-valles-oriental\\\/#breadcrumb\",\"itemListElement\":[{\"@type\":\"ListItem\",\"position\":1,\"name\":\"Inici\",\"item\":\"https:\\\/\\\/www.esplac.cat\\\/es\\\/\"},{\"@type\":\"ListItem\",\"position\":2,\"name\":\"M\u00e9s de 300 participants han assistit a la Trobada d\u2019Infants i Joves del Sector Vall\u00e8s Oriental\"}]},{\"@type\":\"WebSite\",\"@id\":\"https:\\\/\\\/www.esplac.cat\\\/#website\",\"url\":\"https:\\\/\\\/www.esplac.cat\\\/\",\"name\":\"Esplac\",\"description\":\"Esplais Catalans\",\"publisher\":{\"@id\":\"https:\\\/\\\/www.esplac.cat\\\/#organization\"},\"potentialAction\":[{\"@type\":\"SearchAction\",\"target\":{\"@type\":\"EntryPoint\",\"urlTemplate\":\"https:\\\/\\\/www.esplac.cat\\\/?s={search_term_string}\"},\"query-input\":{\"@type\":\"PropertyValueSpecification\",\"valueRequired\":true,\"valueName\":\"search_term_string\"}}],\"inLanguage\":\"es\"},{\"@type\":\"Organization\",\"@id\":\"https:\\\/\\\/www.esplac.cat\\\/#organization\",\"name\":\"Esplac\",\"url\":\"https:\\\/\\\/www.esplac.cat\\\/\",\"logo\":{\"@type\":\"ImageObject\",\"inLanguage\":\"es\",\"@id\":\"https:\\\/\\\/www.esplac.cat\\\/#\\\/schema\\\/logo\\\/image\\\/\",\"url\":\"https:\\\/\\\/www.esplac.cat\\\/wp-content\\\/uploads\\\/2019\\\/08\\\/logox2.png\",\"contentUrl\":\"https:\\\/\\\/www.esplac.cat\\\/wp-content\\\/uploads\\\/2019\\\/08\\\/logox2.png\",\"width\":600,\"height\":295,\"caption\":\"Esplac\"},\"image\":{\"@id\":\"https:\\\/\\\/www.esplac.cat\\\/#\\\/schema\\\/logo\\\/image\\\/\"}},{\"@type\":\"Person\",\"@id\":\"https:\\\/\\\/www.esplac.cat\\\/#\\\/schema\\\/person\\\/908383cf240be18b68f8855d0583faca\",\"name\":\"Comunicaci\u00f3 Esplac\",\"image\":{\"@type\":\"ImageObject\",\"inLanguage\":\"es\",\"@id\":\"https:\\\/\\\/secure.gravatar.com\\\/avatar\\\/7a4cf8feb412a76ea4a740ca02d95b06b2907b5a6c648c2dd0a1082a093c3141?s=96&d=mm&r=g\",\"url\":\"https:\\\/\\\/secure.gravatar.com\\\/avatar\\\/7a4cf8feb412a76ea4a740ca02d95b06b2907b5a6c648c2dd0a1082a093c3141?s=96&d=mm&r=g\",\"contentUrl\":\"https:\\\/\\\/secure.gravatar.com\\\/avatar\\\/7a4cf8feb412a76ea4a740ca02d95b06b2907b5a6c648c2dd0a1082a093c3141?s=96&d=mm&r=g\",\"caption\":\"Comunicaci\u00f3 Esplac\"}}]}<\/script>\n<!-- \/ Yoast SEO plugin. -->","yoast_head_json":{"title":"La Trobada d\u2019Infants i Joves del Sector Vall\u00e8s Oriental, tot un \u00e8xit!","description":"M\u00e9s de 300 infants, joves i monis de 5 esplais diferents han participat d'aquesta trobada que ha tingut lloc a Granollers.","robots":{"index":"index","follow":"follow","max-snippet":"max-snippet:-1","max-image-preview":"max-image-preview:large","max-video-preview":"max-video-preview:-1"},"canonical":"https:\/\/www.esplac.cat\/mes-300-participants-trobada-infants-i-joves-valles-oriental\/","og_locale":"es_ES","og_type":"article","og_title":"La Trobada d\u2019Infants i Joves del Sector Vall\u00e8s Oriental, tot un \u00e8xit!","og_description":"M\u00e9s de 300 infants, joves i monis de 5 esplais diferents han participat d'aquesta trobada que ha tingut lloc a Granollers.","og_url":"https:\/\/www.esplac.cat\/mes-300-participants-trobada-infants-i-joves-valles-oriental\/","og_site_name":"Esplac","article_published_time":"2024-05-10T07:39:54+00:00","og_image":[{"width":1697,"height":700,"url":"https:\/\/www.esplac.cat\/wp-content\/uploads\/2024\/05\/TITJ-VALLOR.jpg","type":"image\/jpeg"}],"author":"Comunicaci\u00f3 Esplac","twitter_card":"summary_large_image","twitter_misc":{"Escrito por":"Comunicaci\u00f3 Esplac","Tiempo de lectura":"1 minuto"},"schema":{"@context":"https:\/\/schema.org","@graph":[{"@type":"Article","@id":"https:\/\/www.esplac.cat\/mes-300-participants-trobada-infants-i-joves-valles-oriental\/#article","isPartOf":{"@id":"https:\/\/www.esplac.cat\/mes-300-participants-trobada-infants-i-joves-valles-oriental\/"},"author":{"name":"Comunicaci\u00f3 Esplac","@id":"https:\/\/www.esplac.cat\/#\/schema\/person\/908383cf240be18b68f8855d0583faca"},"headline":"M\u00e9s de 300 participants han assistit a la Trobada d\u2019Infants i Joves del Sector Vall\u00e8s Oriental","datePublished":"2024-05-10T07:39:54+00:00","mainEntityOfPage":{"@id":"https:\/\/www.esplac.cat\/mes-300-participants-trobada-infants-i-joves-valles-oriental\/"},"wordCount":1110,"publisher":{"@id":"https:\/\/www.esplac.cat\/#organization"},"image":{"@id":"https:\/\/www.esplac.cat\/mes-300-participants-trobada-infants-i-joves-valles-oriental\/#primaryimage"},"thumbnailUrl":"https:\/\/www.esplac.cat\/wp-content\/uploads\/2024\/05\/TITJ-VALLOR.jpg","articleSection":["Activitats sectors","Sector Vall\u00e8s Oriental"],"inLanguage":"es"},{"@type":"WebPage","@id":"https:\/\/www.esplac.cat\/mes-300-participants-trobada-infants-i-joves-valles-oriental\/","url":"https:\/\/www.esplac.cat\/mes-300-participants-trobada-infants-i-joves-valles-oriental\/","name":"La Trobada d\u2019Infants i Joves del Sector Vall\u00e8s Oriental, tot un \u00e8xit!","isPartOf":{"@id":"https:\/\/www.esplac.cat\/#website"},"primaryImageOfPage":{"@id":"https:\/\/www.esplac.cat\/mes-300-participants-trobada-infants-i-joves-valles-oriental\/#primaryimage"},"image":{"@id":"https:\/\/www.esplac.cat\/mes-300-participants-trobada-infants-i-joves-valles-oriental\/#primaryimage"},"thumbnailUrl":"https:\/\/www.esplac.cat\/wp-content\/uploads\/2024\/05\/TITJ-VALLOR.jpg","datePublished":"2024-05-10T07:39:54+00:00","description":"M\u00e9s de 300 infants, joves i monis de 5 esplais diferents han participat d'aquesta trobada que ha tingut lloc a Granollers.","breadcrumb":{"@id":"https:\/\/www.esplac.cat\/mes-300-participants-trobada-infants-i-joves-valles-oriental\/#breadcrumb"},"inLanguage":"es","potentialAction":[{"@type":"ReadAction","target":["https:\/\/www.esplac.cat\/mes-300-participants-trobada-infants-i-joves-valles-oriental\/"]}]},{"@type":"ImageObject","inLanguage":"es","@id":"https:\/\/www.esplac.cat\/mes-300-participants-trobada-infants-i-joves-valles-oriental\/#primaryimage","url":"https:\/\/www.esplac.cat\/wp-content\/uploads\/2024\/05\/TITJ-VALLOR.jpg","contentUrl":"https:\/\/www.esplac.cat\/wp-content\/uploads\/2024\/05\/TITJ-VALLOR.jpg","width":1697,"height":700,"caption":"TITJ VALLOR"},{"@type":"BreadcrumbList","@id":"https:\/\/www.esplac.cat\/mes-300-participants-trobada-infants-i-joves-valles-oriental\/#breadcrumb","itemListElement":[{"@type":"ListItem","position":1,"name":"Inici","item":"https:\/\/www.esplac.cat\/es\/"},{"@type":"ListItem","position":2,"name":"M\u00e9s de 300 participants han assistit a la Trobada d\u2019Infants i Joves del Sector Vall\u00e8s Oriental"}]},{"@type":"WebSite","@id":"https:\/\/www.esplac.cat\/#website","url":"https:\/\/www.esplac.cat\/","name":"Esplac","description":"Esplais Catalans","publisher":{"@id":"https:\/\/www.esplac.cat\/#organization"},"potentialAction":[{"@type":"SearchAction","target":{"@type":"EntryPoint","urlTemplate":"https:\/\/www.esplac.cat\/?s={search_term_string}"},"query-input":{"@type":"PropertyValueSpecification","valueRequired":true,"valueName":"search_term_string"}}],"inLanguage":"es"},{"@type":"Organization","@id":"https:\/\/www.esplac.cat\/#organization","name":"Esplac","url":"https:\/\/www.esplac.cat\/","logo":{"@type":"ImageObject","inLanguage":"es","@id":"https:\/\/www.esplac.cat\/#\/schema\/logo\/image\/","url":"https:\/\/www.esplac.cat\/wp-content\/uploads\/2019\/08\/logox2.png","contentUrl":"https:\/\/www.esplac.cat\/wp-content\/uploads\/2019\/08\/logox2.png","width":600,"height":295,"caption":"Esplac"},"image":{"@id":"https:\/\/www.esplac.cat\/#\/schema\/logo\/image\/"}},{"@type":"Person","@id":"https:\/\/www.esplac.cat\/#\/schema\/person\/908383cf240be18b68f8855d0583faca","name":"Comunicaci\u00f3 Esplac","image":{"@type":"ImageObject","inLanguage":"es","@id":"https:\/\/secure.gravatar.com\/avatar\/7a4cf8feb412a76ea4a740ca02d95b06b2907b5a6c648c2dd0a1082a093c3141?s=96&d=mm&r=g","url":"https:\/\/secure.gravatar.com\/avatar\/7a4cf8feb412a76ea4a740ca02d95b06b2907b5a6c648c2dd0a1082a093c3141?s=96&d=mm&r=g","contentUrl":"https:\/\/secure.gravatar.com\/avatar\/7a4cf8feb412a76ea4a740ca02d95b06b2907b5a6c648c2dd0a1082a093c3141?s=96&d=mm&r=g","caption":"Comunicaci\u00f3 Esplac"}}]}},"_links":{"self":[{"href":"https:\/\/www.esplac.cat\/es\/wp-json\/wp\/v2\/posts\/49775","targetHints":{"allow":["GET"]}}],"collection":[{"href":"https:\/\/www.esplac.cat\/es\/wp-json\/wp\/v2\/posts"}],"about":[{"href":"https:\/\/www.esplac.cat\/es\/wp-json\/wp\/v2\/types\/post"}],"author":[{"embeddable":true,"href":"https:\/\/www.esplac.cat\/es\/wp-json\/wp\/v2\/users\/3"}],"replies":[{"embeddable":true,"href":"https:\/\/www.esplac.cat\/es\/wp-json\/wp\/v2\/comments?post=49775"}],"version-history":[{"count":2,"href":"https:\/\/www.esplac.cat\/es\/wp-json\/wp\/v2\/posts\/49775\/revisions"}],"predecessor-version":[{"id":49777,"href":"https:\/\/www.esplac.cat\/es\/wp-json\/wp\/v2\/posts\/49775\/revisions\/49777"}],"wp:featuredmedia":[{"embeddable":true,"href":"https:\/\/www.esplac.cat\/es\/wp-json\/wp\/v2\/media\/49903"}],"wp:attachment":[{"href":"https:\/\/www.esplac.cat\/es\/wp-json\/wp\/v2\/media?parent=49775"}],"wp:term":[{"taxonomy":"category","embeddable":true,"href":"https:\/\/www.esplac.cat\/es\/wp-json\/wp\/v2\/categories?post=49775"},{"taxonomy":"post_tag","embeddable":true,"href":"https:\/\/www.esplac.cat\/es\/wp-json\/wp\/v2\/tags?post=49775"}],"curies":[{"name":"wp","href":"https:\/\/api.w.org\/{rel}","templated":true}]}}