{"id":49897,"date":"2024-05-09T09:20:13","date_gmt":"2024-05-09T07:20:13","guid":{"rendered":"https:\/\/www.esplac.cat\/?p=49897"},"modified":"2024-05-10T09:21:35","modified_gmt":"2024-05-10T07:21:35","slug":"lesplaiada-2025-esplais-han-decidit-tematica-esplaiada","status":"publish","type":"post","link":"https:\/\/www.esplac.cat\/es\/lesplaiada-2025-esplais-han-decidit-tematica-esplaiada\/","title":{"rendered":"L\u2019Esplaiada 2025 cada cop m\u00e9s a prop: els esplais ja han decidit quina ser\u00e0 la tem\u00e0tica de la seg\u00fcent edici\u00f3!"},"content":{"rendered":"<div class=\"fusion-fullwidth fullwidth-box fusion-builder-row-1 fusion-flex-container has-pattern-background has-mask-background nonhundred-percent-fullwidth non-hundred-percent-height-scrolling\" style=\"--awb-border-radius-top-left:0px;--awb-border-radius-top-right:0px;--awb-border-radius-bottom-right:0px;--awb-border-radius-bottom-left:0px;--awb-flex-wrap:wrap;\" ><div class=\"fusion-builder-row fusion-row fusion-flex-align-items-flex-start fusion-flex-content-wrap\" style=\"max-width:1248px;margin-left: calc(-4% \/ 2 );margin-right: calc(-4% \/ 2 );\"><div class=\"fusion-layout-column fusion_builder_column fusion-builder-column-0 fusion_builder_column_1_1 1_1 fusion-flex-column\" style=\"--awb-bg-size:cover;--awb-width-large:100%;--awb-margin-top-large:0px;--awb-spacing-right-large:1.92%;--awb-margin-bottom-large:20px;--awb-spacing-left-large:1.92%;--awb-width-medium:100%;--awb-order-medium:0;--awb-spacing-right-medium:1.92%;--awb-spacing-left-medium:1.92%;--awb-width-small:100%;--awb-order-small:0;--awb-spacing-right-small:1.92%;--awb-spacing-left-small:1.92%;\"><div class=\"fusion-column-wrapper fusion-column-has-shadow fusion-flex-justify-content-flex-start fusion-content-layout-column\"><div class=\"fusion-text fusion-text-1\"><h6><strong>Els discursos d\u2019odi \u00e9s el tema que els esplais han escollit per l\u2019Esplaiada 2025 a trav\u00e9s d\u2019un proc\u00e9s participatiu d\u2019infants i monis que s&#8217;ha realitzat durant els mesos de mar\u00e7 i abril. <\/strong><\/h6>\n<p>L\u2019<span style=\"color: #f69d0b;\"><a style=\"color: #f69d0b;\" href=\"https:\/\/www.esplac.cat\/trobades\/esplaiada\/\" target=\"_blank\" rel=\"noopener\"><strong>Esplaiada<\/strong><\/a> <\/span>\u00e9s la Trobada General d\u2019infants d\u2019Esplais Catalans que se celebra cada tres anys i que en la seva novena edici\u00f3 tindr\u00e0 lloc els dies <strong>17, 18 i 19 de maig<\/strong> <strong>de 2025<\/strong> en una localitat encara per descobrir. En la darrera edici\u00f3, l\u2019Esplaiada 2022, celebrada a Sant Cugat del Vall\u00e8s sota el lema \u201cLa veu d\u2019un infant \u00e9s m\u00e9s gran que un elefant\u201d, es va treballar l\u2019adultocentrisme i com les veus dels infants havien de ser escoltades i posades al centre des de l\u2019esplai.<\/p>\n<p>Per escollir el <strong>tema d\u2019aquesta edici\u00f3<\/strong>, s\u2019ha plantejat un joc amb infants per poder detectar els interessos i temes que toquen m\u00e9s de prop la seva realitat. L\u2019an\u00e0lisi dels resultats del joc i una posterior votaci\u00f3 a les Reunions de Sector d\u2019Esplac, on\u00a0 participen els esplais del territori mensualment, ha deixat com a tema guanyador els <strong>discursos d\u2019odi<\/strong>.<\/p>\n<p>A partir d\u2019ara, infants, joves i monis treballaran conjuntament per escollir <strong>el lema de l\u2019Esplaiada.<\/strong> A partir de 6 vinyetes on es representen situacions en les quals es visibilitzen i perpetuen aquests discursos, infants, joves i monis hauran de donar-hi resposta per acabar triant el lema final.<\/p>\n<p>El tipus de resposta est\u00e0 obert a qualsevol mena de contingut, siguin frases, v\u00eddeos, imatges o d\u2019altres. Aquest cop, infants i joves tamb\u00e9 proposaran lemes a trav\u00e9s de <span style=\"color: #f69d0b;\"><a style=\"color: #f69d0b;\" href=\"https:\/\/www.lapiqueta.cat\/\" target=\"_blank\" rel=\"noopener\"><strong>La Piqueta<\/strong><\/a><\/span>, la revista digital d\u2019Esplais Catalans on ja es poden veure les vinyetes elaborades.<\/p>\n<p>A les Reunions de Sector del mes de maig es far\u00e0 una din\u00e0mica per obtenir idees de lemes per part de monitores i monitors, i es donaran eines perqu\u00e8 els esplais puguin fer aquesta activitat amb els infants. Un cop fet el recull de totes les idees, es treballar\u00e0 per aconseguir, durant el mes de maig, el lema de l\u2019Esplaiada 2025 creat a partir de totes les aportacions.<\/p>\n<p>Si ets moni o s\u00f2cia d\u2019Esplais Catalans, vols implicar-te en la preparaci\u00f3 de l\u2019Esplaiada i t\u2019interessaria saber quan s\u00f3n les reunions del <strong>Grup de Treball<\/strong>, fes-ho saber a la Coordinadora de Projectes del teu sector o enviant un correu a <strong>organitzacio@esplac.cat<\/strong>.<\/p>\n<\/div><\/div><\/div><\/div><\/div>\n","protected":false},"excerpt":{"rendered":"","protected":false},"author":3,"featured_media":49899,"comment_status":"closed","ping_status":"closed","sticky":false,"template":"","format":"standard","meta":{"om_disable_all_campaigns":false,"_monsterinsights_skip_tracking":false,"_monsterinsights_sitenote_active":false,"_monsterinsights_sitenote_note":"","_monsterinsights_sitenote_category":0,"_uf_show_specific_survey":0,"_uf_disable_surveys":false,"footnotes":""},"categories":[1111,1136,1],"tags":[],"class_list":["post-49897","post","type-post","status-publish","format-standard","has-post-thumbnail","hentry","category-activitats-esplac","category-esplaiada","category-sense-categoria"],"yoast_head":"<!-- This site is optimized with the Yoast SEO plugin v27.4 - https:\/\/yoast.com\/product\/yoast-seo-wordpress\/ -->\n<title>Esplaiada 2025: els esplais ja han decidit quina ser\u00e0 la tem\u00e0tica!<\/title>\n<meta name=\"description\" content=\"Els discursos d\u2019odi \u00e9s el tema que els esplais han escollit per l\u2019Esplaiada 2025 a trav\u00e9s d\u2019un proc\u00e9s participatiu d\u2019infants i monis.\" \/>\n<meta name=\"robots\" content=\"index, follow, max-snippet:-1, max-image-preview:large, max-video-preview:-1\" \/>\n<link rel=\"canonical\" href=\"https:\/\/www.esplac.cat\/lesplaiada-2025-esplais-han-decidit-tematica-esplaiada\/\" \/>\n<meta property=\"og:locale\" content=\"es_ES\" \/>\n<meta property=\"og:type\" content=\"article\" \/>\n<meta property=\"og:title\" content=\"Esplaiada 2025: els esplais ja han decidit quina ser\u00e0 la tem\u00e0tica!\" \/>\n<meta property=\"og:description\" content=\"Els discursos d\u2019odi \u00e9s el tema que els esplais han escollit per l\u2019Esplaiada 2025 a trav\u00e9s d\u2019un proc\u00e9s participatiu d\u2019infants i monis.\" \/>\n<meta property=\"og:url\" content=\"https:\/\/www.esplac.cat\/lesplaiada-2025-esplais-han-decidit-tematica-esplaiada\/\" \/>\n<meta property=\"og:site_name\" content=\"Esplac\" \/>\n<meta property=\"article:published_time\" content=\"2024-05-09T07:20:13+00:00\" \/>\n<meta property=\"article:modified_time\" content=\"2024-05-10T07:21:35+00:00\" \/>\n<meta property=\"og:image\" content=\"https:\/\/www.esplac.cat\/wp-content\/uploads\/2024\/05\/Esplaiada.jpg\" \/>\n\t<meta property=\"og:image:width\" content=\"1697\" \/>\n\t<meta property=\"og:image:height\" content=\"700\" \/>\n\t<meta property=\"og:image:type\" content=\"image\/jpeg\" \/>\n<meta name=\"author\" content=\"Comunicaci\u00f3 Esplac\" \/>\n<meta name=\"twitter:card\" content=\"summary_large_image\" \/>\n<meta name=\"twitter:label1\" content=\"Escrito por\" \/>\n\t<meta name=\"twitter:data1\" content=\"Comunicaci\u00f3 Esplac\" \/>\n\t<meta name=\"twitter:label2\" content=\"Tiempo de lectura\" \/>\n\t<meta name=\"twitter:data2\" content=\"3 minutos\" \/>\n<script type=\"application\/ld+json\" class=\"yoast-schema-graph\">{\"@context\":\"https:\\\/\\\/schema.org\",\"@graph\":[{\"@type\":\"Article\",\"@id\":\"https:\\\/\\\/www.esplac.cat\\\/lesplaiada-2025-esplais-han-decidit-tematica-esplaiada\\\/#article\",\"isPartOf\":{\"@id\":\"https:\\\/\\\/www.esplac.cat\\\/lesplaiada-2025-esplais-han-decidit-tematica-esplaiada\\\/\"},\"author\":{\"name\":\"Comunicaci\u00f3 Esplac\",\"@id\":\"https:\\\/\\\/www.esplac.cat\\\/#\\\/schema\\\/person\\\/908383cf240be18b68f8855d0583faca\"},\"headline\":\"L\u2019Esplaiada 2025 cada cop m\u00e9s a prop: els esplais ja han decidit quina ser\u00e0 la tem\u00e0tica de la seg\u00fcent edici\u00f3!\",\"datePublished\":\"2024-05-09T07:20:13+00:00\",\"dateModified\":\"2024-05-10T07:21:35+00:00\",\"mainEntityOfPage\":{\"@id\":\"https:\\\/\\\/www.esplac.cat\\\/lesplaiada-2025-esplais-han-decidit-tematica-esplaiada\\\/\"},\"wordCount\":1384,\"publisher\":{\"@id\":\"https:\\\/\\\/www.esplac.cat\\\/#organization\"},\"image\":{\"@id\":\"https:\\\/\\\/www.esplac.cat\\\/lesplaiada-2025-esplais-han-decidit-tematica-esplaiada\\\/#primaryimage\"},\"thumbnailUrl\":\"https:\\\/\\\/www.esplac.cat\\\/wp-content\\\/uploads\\\/2024\\\/05\\\/Esplaiada.jpg\",\"articleSection\":[\"Activitats esplac\",\"Esplaiada\",\"Sense categoria\"],\"inLanguage\":\"es\"},{\"@type\":\"WebPage\",\"@id\":\"https:\\\/\\\/www.esplac.cat\\\/lesplaiada-2025-esplais-han-decidit-tematica-esplaiada\\\/\",\"url\":\"https:\\\/\\\/www.esplac.cat\\\/lesplaiada-2025-esplais-han-decidit-tematica-esplaiada\\\/\",\"name\":\"Esplaiada 2025: els esplais ja han decidit quina ser\u00e0 la tem\u00e0tica!\",\"isPartOf\":{\"@id\":\"https:\\\/\\\/www.esplac.cat\\\/#website\"},\"primaryImageOfPage\":{\"@id\":\"https:\\\/\\\/www.esplac.cat\\\/lesplaiada-2025-esplais-han-decidit-tematica-esplaiada\\\/#primaryimage\"},\"image\":{\"@id\":\"https:\\\/\\\/www.esplac.cat\\\/lesplaiada-2025-esplais-han-decidit-tematica-esplaiada\\\/#primaryimage\"},\"thumbnailUrl\":\"https:\\\/\\\/www.esplac.cat\\\/wp-content\\\/uploads\\\/2024\\\/05\\\/Esplaiada.jpg\",\"datePublished\":\"2024-05-09T07:20:13+00:00\",\"dateModified\":\"2024-05-10T07:21:35+00:00\",\"description\":\"Els discursos d\u2019odi \u00e9s el tema que els esplais han escollit per l\u2019Esplaiada 2025 a trav\u00e9s d\u2019un proc\u00e9s participatiu d\u2019infants i monis.\",\"breadcrumb\":{\"@id\":\"https:\\\/\\\/www.esplac.cat\\\/lesplaiada-2025-esplais-han-decidit-tematica-esplaiada\\\/#breadcrumb\"},\"inLanguage\":\"es\",\"potentialAction\":[{\"@type\":\"ReadAction\",\"target\":[\"https:\\\/\\\/www.esplac.cat\\\/lesplaiada-2025-esplais-han-decidit-tematica-esplaiada\\\/\"]}]},{\"@type\":\"ImageObject\",\"inLanguage\":\"es\",\"@id\":\"https:\\\/\\\/www.esplac.cat\\\/lesplaiada-2025-esplais-han-decidit-tematica-esplaiada\\\/#primaryimage\",\"url\":\"https:\\\/\\\/www.esplac.cat\\\/wp-content\\\/uploads\\\/2024\\\/05\\\/Esplaiada.jpg\",\"contentUrl\":\"https:\\\/\\\/www.esplac.cat\\\/wp-content\\\/uploads\\\/2024\\\/05\\\/Esplaiada.jpg\",\"width\":1697,\"height\":700,\"caption\":\"Esplaiada\"},{\"@type\":\"BreadcrumbList\",\"@id\":\"https:\\\/\\\/www.esplac.cat\\\/lesplaiada-2025-esplais-han-decidit-tematica-esplaiada\\\/#breadcrumb\",\"itemListElement\":[{\"@type\":\"ListItem\",\"position\":1,\"name\":\"Inici\",\"item\":\"https:\\\/\\\/www.esplac.cat\\\/es\\\/\"},{\"@type\":\"ListItem\",\"position\":2,\"name\":\"L\u2019Esplaiada 2025 cada cop m\u00e9s a prop: els esplais ja han decidit quina ser\u00e0 la tem\u00e0tica de la seg\u00fcent edici\u00f3!\"}]},{\"@type\":\"WebSite\",\"@id\":\"https:\\\/\\\/www.esplac.cat\\\/#website\",\"url\":\"https:\\\/\\\/www.esplac.cat\\\/\",\"name\":\"Esplac\",\"description\":\"Esplais Catalans\",\"publisher\":{\"@id\":\"https:\\\/\\\/www.esplac.cat\\\/#organization\"},\"potentialAction\":[{\"@type\":\"SearchAction\",\"target\":{\"@type\":\"EntryPoint\",\"urlTemplate\":\"https:\\\/\\\/www.esplac.cat\\\/?s={search_term_string}\"},\"query-input\":{\"@type\":\"PropertyValueSpecification\",\"valueRequired\":true,\"valueName\":\"search_term_string\"}}],\"inLanguage\":\"es\"},{\"@type\":\"Organization\",\"@id\":\"https:\\\/\\\/www.esplac.cat\\\/#organization\",\"name\":\"Esplac\",\"url\":\"https:\\\/\\\/www.esplac.cat\\\/\",\"logo\":{\"@type\":\"ImageObject\",\"inLanguage\":\"es\",\"@id\":\"https:\\\/\\\/www.esplac.cat\\\/#\\\/schema\\\/logo\\\/image\\\/\",\"url\":\"https:\\\/\\\/www.esplac.cat\\\/wp-content\\\/uploads\\\/2019\\\/08\\\/logox2.png\",\"contentUrl\":\"https:\\\/\\\/www.esplac.cat\\\/wp-content\\\/uploads\\\/2019\\\/08\\\/logox2.png\",\"width\":600,\"height\":295,\"caption\":\"Esplac\"},\"image\":{\"@id\":\"https:\\\/\\\/www.esplac.cat\\\/#\\\/schema\\\/logo\\\/image\\\/\"}},{\"@type\":\"Person\",\"@id\":\"https:\\\/\\\/www.esplac.cat\\\/#\\\/schema\\\/person\\\/908383cf240be18b68f8855d0583faca\",\"name\":\"Comunicaci\u00f3 Esplac\",\"image\":{\"@type\":\"ImageObject\",\"inLanguage\":\"es\",\"@id\":\"https:\\\/\\\/secure.gravatar.com\\\/avatar\\\/7a4cf8feb412a76ea4a740ca02d95b06b2907b5a6c648c2dd0a1082a093c3141?s=96&d=mm&r=g\",\"url\":\"https:\\\/\\\/secure.gravatar.com\\\/avatar\\\/7a4cf8feb412a76ea4a740ca02d95b06b2907b5a6c648c2dd0a1082a093c3141?s=96&d=mm&r=g\",\"contentUrl\":\"https:\\\/\\\/secure.gravatar.com\\\/avatar\\\/7a4cf8feb412a76ea4a740ca02d95b06b2907b5a6c648c2dd0a1082a093c3141?s=96&d=mm&r=g\",\"caption\":\"Comunicaci\u00f3 Esplac\"}}]}<\/script>\n<!-- \/ Yoast SEO plugin. -->","yoast_head_json":{"title":"Esplaiada 2025: els esplais ja han decidit quina ser\u00e0 la tem\u00e0tica!","description":"Els discursos d\u2019odi \u00e9s el tema que els esplais han escollit per l\u2019Esplaiada 2025 a trav\u00e9s d\u2019un proc\u00e9s participatiu d\u2019infants i monis.","robots":{"index":"index","follow":"follow","max-snippet":"max-snippet:-1","max-image-preview":"max-image-preview:large","max-video-preview":"max-video-preview:-1"},"canonical":"https:\/\/www.esplac.cat\/lesplaiada-2025-esplais-han-decidit-tematica-esplaiada\/","og_locale":"es_ES","og_type":"article","og_title":"Esplaiada 2025: els esplais ja han decidit quina ser\u00e0 la tem\u00e0tica!","og_description":"Els discursos d\u2019odi \u00e9s el tema que els esplais han escollit per l\u2019Esplaiada 2025 a trav\u00e9s d\u2019un proc\u00e9s participatiu d\u2019infants i monis.","og_url":"https:\/\/www.esplac.cat\/lesplaiada-2025-esplais-han-decidit-tematica-esplaiada\/","og_site_name":"Esplac","article_published_time":"2024-05-09T07:20:13+00:00","article_modified_time":"2024-05-10T07:21:35+00:00","og_image":[{"width":1697,"height":700,"url":"https:\/\/www.esplac.cat\/wp-content\/uploads\/2024\/05\/Esplaiada.jpg","type":"image\/jpeg"}],"author":"Comunicaci\u00f3 Esplac","twitter_card":"summary_large_image","twitter_misc":{"Escrito por":"Comunicaci\u00f3 Esplac","Tiempo de lectura":"3 minutos"},"schema":{"@context":"https:\/\/schema.org","@graph":[{"@type":"Article","@id":"https:\/\/www.esplac.cat\/lesplaiada-2025-esplais-han-decidit-tematica-esplaiada\/#article","isPartOf":{"@id":"https:\/\/www.esplac.cat\/lesplaiada-2025-esplais-han-decidit-tematica-esplaiada\/"},"author":{"name":"Comunicaci\u00f3 Esplac","@id":"https:\/\/www.esplac.cat\/#\/schema\/person\/908383cf240be18b68f8855d0583faca"},"headline":"L\u2019Esplaiada 2025 cada cop m\u00e9s a prop: els esplais ja han decidit quina ser\u00e0 la tem\u00e0tica de la seg\u00fcent edici\u00f3!","datePublished":"2024-05-09T07:20:13+00:00","dateModified":"2024-05-10T07:21:35+00:00","mainEntityOfPage":{"@id":"https:\/\/www.esplac.cat\/lesplaiada-2025-esplais-han-decidit-tematica-esplaiada\/"},"wordCount":1384,"publisher":{"@id":"https:\/\/www.esplac.cat\/#organization"},"image":{"@id":"https:\/\/www.esplac.cat\/lesplaiada-2025-esplais-han-decidit-tematica-esplaiada\/#primaryimage"},"thumbnailUrl":"https:\/\/www.esplac.cat\/wp-content\/uploads\/2024\/05\/Esplaiada.jpg","articleSection":["Activitats esplac","Esplaiada","Sense categoria"],"inLanguage":"es"},{"@type":"WebPage","@id":"https:\/\/www.esplac.cat\/lesplaiada-2025-esplais-han-decidit-tematica-esplaiada\/","url":"https:\/\/www.esplac.cat\/lesplaiada-2025-esplais-han-decidit-tematica-esplaiada\/","name":"Esplaiada 2025: els esplais ja han decidit quina ser\u00e0 la tem\u00e0tica!","isPartOf":{"@id":"https:\/\/www.esplac.cat\/#website"},"primaryImageOfPage":{"@id":"https:\/\/www.esplac.cat\/lesplaiada-2025-esplais-han-decidit-tematica-esplaiada\/#primaryimage"},"image":{"@id":"https:\/\/www.esplac.cat\/lesplaiada-2025-esplais-han-decidit-tematica-esplaiada\/#primaryimage"},"thumbnailUrl":"https:\/\/www.esplac.cat\/wp-content\/uploads\/2024\/05\/Esplaiada.jpg","datePublished":"2024-05-09T07:20:13+00:00","dateModified":"2024-05-10T07:21:35+00:00","description":"Els discursos d\u2019odi \u00e9s el tema que els esplais han escollit per l\u2019Esplaiada 2025 a trav\u00e9s d\u2019un proc\u00e9s participatiu d\u2019infants i monis.","breadcrumb":{"@id":"https:\/\/www.esplac.cat\/lesplaiada-2025-esplais-han-decidit-tematica-esplaiada\/#breadcrumb"},"inLanguage":"es","potentialAction":[{"@type":"ReadAction","target":["https:\/\/www.esplac.cat\/lesplaiada-2025-esplais-han-decidit-tematica-esplaiada\/"]}]},{"@type":"ImageObject","inLanguage":"es","@id":"https:\/\/www.esplac.cat\/lesplaiada-2025-esplais-han-decidit-tematica-esplaiada\/#primaryimage","url":"https:\/\/www.esplac.cat\/wp-content\/uploads\/2024\/05\/Esplaiada.jpg","contentUrl":"https:\/\/www.esplac.cat\/wp-content\/uploads\/2024\/05\/Esplaiada.jpg","width":1697,"height":700,"caption":"Esplaiada"},{"@type":"BreadcrumbList","@id":"https:\/\/www.esplac.cat\/lesplaiada-2025-esplais-han-decidit-tematica-esplaiada\/#breadcrumb","itemListElement":[{"@type":"ListItem","position":1,"name":"Inici","item":"https:\/\/www.esplac.cat\/es\/"},{"@type":"ListItem","position":2,"name":"L\u2019Esplaiada 2025 cada cop m\u00e9s a prop: els esplais ja han decidit quina ser\u00e0 la tem\u00e0tica de la seg\u00fcent edici\u00f3!"}]},{"@type":"WebSite","@id":"https:\/\/www.esplac.cat\/#website","url":"https:\/\/www.esplac.cat\/","name":"Esplac","description":"Esplais Catalans","publisher":{"@id":"https:\/\/www.esplac.cat\/#organization"},"potentialAction":[{"@type":"SearchAction","target":{"@type":"EntryPoint","urlTemplate":"https:\/\/www.esplac.cat\/?s={search_term_string}"},"query-input":{"@type":"PropertyValueSpecification","valueRequired":true,"valueName":"search_term_string"}}],"inLanguage":"es"},{"@type":"Organization","@id":"https:\/\/www.esplac.cat\/#organization","name":"Esplac","url":"https:\/\/www.esplac.cat\/","logo":{"@type":"ImageObject","inLanguage":"es","@id":"https:\/\/www.esplac.cat\/#\/schema\/logo\/image\/","url":"https:\/\/www.esplac.cat\/wp-content\/uploads\/2019\/08\/logox2.png","contentUrl":"https:\/\/www.esplac.cat\/wp-content\/uploads\/2019\/08\/logox2.png","width":600,"height":295,"caption":"Esplac"},"image":{"@id":"https:\/\/www.esplac.cat\/#\/schema\/logo\/image\/"}},{"@type":"Person","@id":"https:\/\/www.esplac.cat\/#\/schema\/person\/908383cf240be18b68f8855d0583faca","name":"Comunicaci\u00f3 Esplac","image":{"@type":"ImageObject","inLanguage":"es","@id":"https:\/\/secure.gravatar.com\/avatar\/7a4cf8feb412a76ea4a740ca02d95b06b2907b5a6c648c2dd0a1082a093c3141?s=96&d=mm&r=g","url":"https:\/\/secure.gravatar.com\/avatar\/7a4cf8feb412a76ea4a740ca02d95b06b2907b5a6c648c2dd0a1082a093c3141?s=96&d=mm&r=g","contentUrl":"https:\/\/secure.gravatar.com\/avatar\/7a4cf8feb412a76ea4a740ca02d95b06b2907b5a6c648c2dd0a1082a093c3141?s=96&d=mm&r=g","caption":"Comunicaci\u00f3 Esplac"}}]}},"_links":{"self":[{"href":"https:\/\/www.esplac.cat\/es\/wp-json\/wp\/v2\/posts\/49897","targetHints":{"allow":["GET"]}}],"collection":[{"href":"https:\/\/www.esplac.cat\/es\/wp-json\/wp\/v2\/posts"}],"about":[{"href":"https:\/\/www.esplac.cat\/es\/wp-json\/wp\/v2\/types\/post"}],"author":[{"embeddable":true,"href":"https:\/\/www.esplac.cat\/es\/wp-json\/wp\/v2\/users\/3"}],"replies":[{"embeddable":true,"href":"https:\/\/www.esplac.cat\/es\/wp-json\/wp\/v2\/comments?post=49897"}],"version-history":[{"count":2,"href":"https:\/\/www.esplac.cat\/es\/wp-json\/wp\/v2\/posts\/49897\/revisions"}],"predecessor-version":[{"id":49902,"href":"https:\/\/www.esplac.cat\/es\/wp-json\/wp\/v2\/posts\/49897\/revisions\/49902"}],"wp:featuredmedia":[{"embeddable":true,"href":"https:\/\/www.esplac.cat\/es\/wp-json\/wp\/v2\/media\/49899"}],"wp:attachment":[{"href":"https:\/\/www.esplac.cat\/es\/wp-json\/wp\/v2\/media?parent=49897"}],"wp:term":[{"taxonomy":"category","embeddable":true,"href":"https:\/\/www.esplac.cat\/es\/wp-json\/wp\/v2\/categories?post=49897"},{"taxonomy":"post_tag","embeddable":true,"href":"https:\/\/www.esplac.cat\/es\/wp-json\/wp\/v2\/tags?post=49897"}],"curies":[{"name":"wp","href":"https:\/\/api.w.org\/{rel}","templated":true}]}}