{"id":4997,"date":"2018-10-25T10:37:22","date_gmt":"2018-10-25T08:37:22","guid":{"rendered":"https:\/\/www.somesplai.cat\/?p=4997"},"modified":"2019-11-28T13:31:24","modified_gmt":"2019-11-28T12:31:24","slug":"5-coses-impressionants-barcelona","status":"publish","type":"post","link":"https:\/\/www.esplac.cat\/es\/5-coses-impressionants-barcelona\/","title":{"rendered":"Les 5 coses m\u00e9s impressionants des que he arribat a Barcelona"},"content":{"rendered":"<h5 class=\"p1\" style=\"text-align: justify;\">25-octubre-2018<\/h5>\n<p>Autor:<strong> Aleksi Paakkinen<\/strong>, SVE&nbsp;finland\u00e8s a Barcelona i monitor de l\u2019Esplai Sarau.<\/p>\n<hr>\n<p style=\"text-align: justify;\">Quan vaig arribar a Barcelona, res em va decebre. Les palmeres, les muntanyes, la gran ciutat. Per descomptat, estava molt emocionat per\u00f2 no espantat. Des del moment en qu\u00e8 dos monis em van recollir a l\u2019aeroport, sabia que no em sentiria sol. La meva organitzaci\u00f3 de Finl\u00e0ndia \u00e9s realment molt important per mi, de manera que em vaig sentir fant\u00e0stic al veure com em van acceptar els monis de l\u2019Esplai i les treballadores i treballadors&nbsp;d\u2019Esplac. Quan vaig deixar l\u2019aeroport, el principal sentiment era el que ja he mencionat, molt emocionat.<strong> Em sentia energ\u00e8tic, segur i preparat.<\/strong><\/p>\n<p style=\"text-align: justify;\">Arribar a un pa\u00eds estranger et presenta reptes sorprenents en els quals no penses quan est\u00e0s a casa teva, com per exemple comprar un bitllet de tren, fer la compra o demanar menjar. Despr\u00e9s de dues setmanes d\u2019adaptaci\u00f3, sembla molt m\u00e9s f\u00e0cil. Diria que \u00e9s q\u00fcesti\u00f3 d&#8217;actitud: has d\u2019estar disposat a provar noves coses, com per exemple aprendre&nbsp;l&#8217;idioma local. Alguns aspectes s\u00f3n m\u00e9s dif\u00edcils d\u2019adaptar-se, com per exemple els horaris de menjar. <strong>Mai&nbsp;hauria&nbsp;pensat que estaria dinant a les 14:00 o 15:00 i que soparia a les 19:00 o 20:00<\/strong>. Crec que els monis&nbsp;es van quedar tamb\u00e9 realment xocats quan els hi vaig dir que<strong> a Finl\u00e0ndia dinem a les 11 i sopem a les 15:00 o 16:00<\/strong>.<\/p>\n<p style=\"text-align: justify;\">Clarament, Esplais Catalans funciona molt diferent en comparaci\u00f3 a l\u2019entitat finlandesa (<strong>Nuoret Kotkat<\/strong>). Per\u00f2 aqu\u00ed (i especialment on visc, a Sant Cugat), aquest funcionament funciona realment. Sempre havia pensat que la nostra manera d\u2019actuar a Finl\u00e0ndia \u00e9s la m\u00e9s l\u00f2gica, per\u00f2 realment estava equivocat. El primer cap de setmana amb l\u2019Esplai va ser suficient per demostrar-ho; con\u00e8ixer un grup de gent durant un any sencer ser\u00e0 una experi\u00e8ncia incre\u00efble i no puc esperar m\u00e9s perqu\u00e8 comenci de veritat.<\/p>\n<p style=\"text-align: justify;\">Si m\u2019enyoro de vegades? Clar, una mica. Realment trobo molt a faltar els meus amics de Nuoret Kotkat i la cosa m\u00e9s dif\u00edcil de viure aqu\u00ed tan lluny de casa \u00e9s que perdre\u2019m el camp de tardor amb l\u2019Esplai a Finl\u00e0ndia. Per\u00f2 despr\u00e9s penso que si el que trobo a faltar de casa \u00e9s b\u00e0sicament el mateix que estic fent aqu\u00ed, no hi ha dubte que <strong>venir aqu\u00ed \u00e9s una de les millors decisions que he pres<\/strong>.<\/p>\n<p style=\"text-align: justify;\">&nbsp;<\/p>\n<p style=\"text-align: justify;\"><strong>Les 5 coses m\u00e9s impressionants per mi des que he arribat a Barcelona:<\/strong><\/p>\n<ul>\n<li style=\"text-align: justify;\">Caminar per la Rambla (el carrer principal de Barcelona) ple de persones i cultures diferents.<\/li>\n<\/ul>\n<ul>\n<li style=\"text-align: justify;\">Sopar despr\u00e9s d\u2019una assemblea a les 21:00h i veure l\u2019ambient entranyable de totes aquelles persones gaudint juntes.<\/li>\n<li style=\"text-align: justify;\">&nbsp;Estar a la protesta de l\u20191 d\u2019Octubre. Mai havia vist tanta gent concentrada al mateix moment.<\/li>\n<li style=\"text-align: justify;\">El primer cap de setmana d\u2019Esplai. De les 17:00h a les 20:00h i la comunitat, estant en una zona de Sant Cugat.<\/li>\n<li style=\"text-align: justify;\">L\u2019arquitectura dels carrers petits i plens de gent amb la bandera catalana, no nom\u00e9s a Barcelona,&nbsp;a Sant Cugat tamb\u00e9.<\/li>\n<\/ul>\n","protected":false},"excerpt":{"rendered":"<p>25-octubre-2018 Autor: Aleksi Paakkinen, SVE&nbsp;finland\u00e8s a Barcelona i monitor de [&hellip;]<\/p>\n","protected":false},"author":3,"featured_media":5003,"comment_status":"closed","ping_status":"closed","sticky":false,"template":"","format":"standard","meta":{"om_disable_all_campaigns":false,"_monsterinsights_skip_tracking":false,"_monsterinsights_sitenote_active":false,"_monsterinsights_sitenote_note":"","_monsterinsights_sitenote_category":0,"_uf_show_specific_survey":0,"_uf_disable_surveys":false,"footnotes":""},"categories":[1168],"tags":[481,1002,1003,990,873,857,187,158],"class_list":["post-4997","post","type-post","status-publish","format-standard","has-post-thumbnail","hentry","category-creuant_mirades","tag-barcelona","tag-educacio-popular","tag-esplai","tag-finlandia","tag-monitor","tag-sant-cugat","tag-sve","tag-voluntariat"],"yoast_head":"<!-- This site is optimized with the Yoast SEO plugin v27.5 - https:\/\/yoast.com\/product\/yoast-seo-wordpress\/ -->\n<title>Les 5 coses m\u00e9s impressionants des que he arribat a Barcelona - Esplac<\/title>\n<meta name=\"robots\" content=\"index, follow, max-snippet:-1, max-image-preview:large, max-video-preview:-1\" \/>\n<link rel=\"canonical\" href=\"https:\/\/www.esplac.cat\/es\/5-coses-impressionants-barcelona\/\" \/>\n<meta property=\"og:locale\" content=\"es_ES\" \/>\n<meta property=\"og:type\" content=\"article\" \/>\n<meta property=\"og:title\" content=\"Les 5 coses m\u00e9s impressionants des que he arribat a Barcelona - Esplac\" \/>\n<meta property=\"og:description\" content=\"25-octubre-2018 Autor: Aleksi Paakkinen, SVE&nbsp;finland\u00e8s a Barcelona i monitor de [&hellip;]\" \/>\n<meta property=\"og:url\" content=\"https:\/\/www.esplac.cat\/es\/5-coses-impressionants-barcelona\/\" \/>\n<meta property=\"og:site_name\" content=\"Esplac\" \/>\n<meta property=\"article:published_time\" content=\"2018-10-25T08:37:22+00:00\" \/>\n<meta property=\"article:modified_time\" content=\"2019-11-28T12:31:24+00:00\" \/>\n<meta property=\"og:image\" content=\"https:\/\/www.esplac.cat\/wp-content\/uploads\/2019\/11\/logo-open.jpg\" \/>\n\t<meta property=\"og:image:width\" content=\"1200\" \/>\n\t<meta property=\"og:image:height\" content=\"630\" \/>\n\t<meta property=\"og:image:type\" content=\"image\/jpeg\" \/>\n<meta name=\"author\" content=\"Comunicaci\u00f3 Esplac\" \/>\n<meta name=\"twitter:card\" content=\"summary_large_image\" \/>\n<meta name=\"twitter:label1\" content=\"Escrito por\" \/>\n\t<meta name=\"twitter:data1\" content=\"Comunicaci\u00f3 Esplac\" \/>\n\t<meta name=\"twitter:label2\" content=\"Tiempo de lectura\" \/>\n\t<meta name=\"twitter:data2\" content=\"3 minutos\" \/>\n<script type=\"application\/ld+json\" class=\"yoast-schema-graph\">{\"@context\":\"https:\\\/\\\/schema.org\",\"@graph\":[{\"@type\":\"Article\",\"@id\":\"https:\\\/\\\/www.esplac.cat\\\/es\\\/5-coses-impressionants-barcelona\\\/#article\",\"isPartOf\":{\"@id\":\"https:\\\/\\\/www.esplac.cat\\\/es\\\/5-coses-impressionants-barcelona\\\/\"},\"author\":{\"name\":\"Comunicaci\u00f3 Esplac\",\"@id\":\"https:\\\/\\\/www.esplac.cat\\\/#\\\/schema\\\/person\\\/908383cf240be18b68f8855d0583faca\"},\"headline\":\"Les 5 coses m\u00e9s impressionants des que he arribat a Barcelona\",\"datePublished\":\"2018-10-25T08:37:22+00:00\",\"dateModified\":\"2019-11-28T12:31:24+00:00\",\"mainEntityOfPage\":{\"@id\":\"https:\\\/\\\/www.esplac.cat\\\/es\\\/5-coses-impressionants-barcelona\\\/\"},\"wordCount\":551,\"publisher\":{\"@id\":\"https:\\\/\\\/www.esplac.cat\\\/#organization\"},\"image\":{\"@id\":\"https:\\\/\\\/www.esplac.cat\\\/es\\\/5-coses-impressionants-barcelona\\\/#primaryimage\"},\"thumbnailUrl\":\"\",\"keywords\":[\"barcelona\",\"educaci\u00f3 popular\",\"esplai\",\"Finlandia\",\"monitor\",\"sant cugat\",\"sve\",\"voluntariat\"],\"articleSection\":[\"Creuant mirades\"],\"inLanguage\":\"es\"},{\"@type\":\"WebPage\",\"@id\":\"https:\\\/\\\/www.esplac.cat\\\/es\\\/5-coses-impressionants-barcelona\\\/\",\"url\":\"https:\\\/\\\/www.esplac.cat\\\/es\\\/5-coses-impressionants-barcelona\\\/\",\"name\":\"Les 5 coses m\u00e9s impressionants des que he arribat a Barcelona - Esplac\",\"isPartOf\":{\"@id\":\"https:\\\/\\\/www.esplac.cat\\\/#website\"},\"primaryImageOfPage\":{\"@id\":\"https:\\\/\\\/www.esplac.cat\\\/es\\\/5-coses-impressionants-barcelona\\\/#primaryimage\"},\"image\":{\"@id\":\"https:\\\/\\\/www.esplac.cat\\\/es\\\/5-coses-impressionants-barcelona\\\/#primaryimage\"},\"thumbnailUrl\":\"\",\"datePublished\":\"2018-10-25T08:37:22+00:00\",\"dateModified\":\"2019-11-28T12:31:24+00:00\",\"breadcrumb\":{\"@id\":\"https:\\\/\\\/www.esplac.cat\\\/es\\\/5-coses-impressionants-barcelona\\\/#breadcrumb\"},\"inLanguage\":\"es\",\"potentialAction\":[{\"@type\":\"ReadAction\",\"target\":[\"https:\\\/\\\/www.esplac.cat\\\/es\\\/5-coses-impressionants-barcelona\\\/\"]}]},{\"@type\":\"ImageObject\",\"inLanguage\":\"es\",\"@id\":\"https:\\\/\\\/www.esplac.cat\\\/es\\\/5-coses-impressionants-barcelona\\\/#primaryimage\",\"url\":\"\",\"contentUrl\":\"\"},{\"@type\":\"BreadcrumbList\",\"@id\":\"https:\\\/\\\/www.esplac.cat\\\/es\\\/5-coses-impressionants-barcelona\\\/#breadcrumb\",\"itemListElement\":[{\"@type\":\"ListItem\",\"position\":1,\"name\":\"Inici\",\"item\":\"https:\\\/\\\/www.esplac.cat\\\/es\\\/\"},{\"@type\":\"ListItem\",\"position\":2,\"name\":\"Les 5 coses m\u00e9s impressionants des que he arribat a Barcelona\"}]},{\"@type\":\"WebSite\",\"@id\":\"https:\\\/\\\/www.esplac.cat\\\/#website\",\"url\":\"https:\\\/\\\/www.esplac.cat\\\/\",\"name\":\"Esplac\",\"description\":\"Esplais Catalans\",\"publisher\":{\"@id\":\"https:\\\/\\\/www.esplac.cat\\\/#organization\"},\"potentialAction\":[{\"@type\":\"SearchAction\",\"target\":{\"@type\":\"EntryPoint\",\"urlTemplate\":\"https:\\\/\\\/www.esplac.cat\\\/?s={search_term_string}\"},\"query-input\":{\"@type\":\"PropertyValueSpecification\",\"valueRequired\":true,\"valueName\":\"search_term_string\"}}],\"inLanguage\":\"es\"},{\"@type\":\"Organization\",\"@id\":\"https:\\\/\\\/www.esplac.cat\\\/#organization\",\"name\":\"Esplac\",\"url\":\"https:\\\/\\\/www.esplac.cat\\\/\",\"logo\":{\"@type\":\"ImageObject\",\"inLanguage\":\"es\",\"@id\":\"https:\\\/\\\/www.esplac.cat\\\/#\\\/schema\\\/logo\\\/image\\\/\",\"url\":\"https:\\\/\\\/www.esplac.cat\\\/wp-content\\\/uploads\\\/2019\\\/08\\\/logox2.png\",\"contentUrl\":\"https:\\\/\\\/www.esplac.cat\\\/wp-content\\\/uploads\\\/2019\\\/08\\\/logox2.png\",\"width\":600,\"height\":295,\"caption\":\"Esplac\"},\"image\":{\"@id\":\"https:\\\/\\\/www.esplac.cat\\\/#\\\/schema\\\/logo\\\/image\\\/\"}},{\"@type\":\"Person\",\"@id\":\"https:\\\/\\\/www.esplac.cat\\\/#\\\/schema\\\/person\\\/908383cf240be18b68f8855d0583faca\",\"name\":\"Comunicaci\u00f3 Esplac\",\"image\":{\"@type\":\"ImageObject\",\"inLanguage\":\"es\",\"@id\":\"https:\\\/\\\/secure.gravatar.com\\\/avatar\\\/7a4cf8feb412a76ea4a740ca02d95b06b2907b5a6c648c2dd0a1082a093c3141?s=96&d=mm&r=g\",\"url\":\"https:\\\/\\\/secure.gravatar.com\\\/avatar\\\/7a4cf8feb412a76ea4a740ca02d95b06b2907b5a6c648c2dd0a1082a093c3141?s=96&d=mm&r=g\",\"contentUrl\":\"https:\\\/\\\/secure.gravatar.com\\\/avatar\\\/7a4cf8feb412a76ea4a740ca02d95b06b2907b5a6c648c2dd0a1082a093c3141?s=96&d=mm&r=g\",\"caption\":\"Comunicaci\u00f3 Esplac\"}}]}<\/script>\n<!-- \/ Yoast SEO plugin. -->","yoast_head_json":{"title":"Les 5 coses m\u00e9s impressionants des que he arribat a Barcelona - Esplac","robots":{"index":"index","follow":"follow","max-snippet":"max-snippet:-1","max-image-preview":"max-image-preview:large","max-video-preview":"max-video-preview:-1"},"canonical":"https:\/\/www.esplac.cat\/es\/5-coses-impressionants-barcelona\/","og_locale":"es_ES","og_type":"article","og_title":"Les 5 coses m\u00e9s impressionants des que he arribat a Barcelona - Esplac","og_description":"25-octubre-2018 Autor: Aleksi Paakkinen, SVE&nbsp;finland\u00e8s a Barcelona i monitor de [&hellip;]","og_url":"https:\/\/www.esplac.cat\/es\/5-coses-impressionants-barcelona\/","og_site_name":"Esplac","article_published_time":"2018-10-25T08:37:22+00:00","article_modified_time":"2019-11-28T12:31:24+00:00","og_image":[{"width":1200,"height":630,"url":"https:\/\/www.esplac.cat\/wp-content\/uploads\/2019\/11\/logo-open.jpg","type":"image\/jpeg"}],"author":"Comunicaci\u00f3 Esplac","twitter_card":"summary_large_image","twitter_misc":{"Escrito por":"Comunicaci\u00f3 Esplac","Tiempo de lectura":"3 minutos"},"schema":{"@context":"https:\/\/schema.org","@graph":[{"@type":"Article","@id":"https:\/\/www.esplac.cat\/es\/5-coses-impressionants-barcelona\/#article","isPartOf":{"@id":"https:\/\/www.esplac.cat\/es\/5-coses-impressionants-barcelona\/"},"author":{"name":"Comunicaci\u00f3 Esplac","@id":"https:\/\/www.esplac.cat\/#\/schema\/person\/908383cf240be18b68f8855d0583faca"},"headline":"Les 5 coses m\u00e9s impressionants des que he arribat a Barcelona","datePublished":"2018-10-25T08:37:22+00:00","dateModified":"2019-11-28T12:31:24+00:00","mainEntityOfPage":{"@id":"https:\/\/www.esplac.cat\/es\/5-coses-impressionants-barcelona\/"},"wordCount":551,"publisher":{"@id":"https:\/\/www.esplac.cat\/#organization"},"image":{"@id":"https:\/\/www.esplac.cat\/es\/5-coses-impressionants-barcelona\/#primaryimage"},"thumbnailUrl":"","keywords":["barcelona","educaci\u00f3 popular","esplai","Finlandia","monitor","sant cugat","sve","voluntariat"],"articleSection":["Creuant mirades"],"inLanguage":"es"},{"@type":"WebPage","@id":"https:\/\/www.esplac.cat\/es\/5-coses-impressionants-barcelona\/","url":"https:\/\/www.esplac.cat\/es\/5-coses-impressionants-barcelona\/","name":"Les 5 coses m\u00e9s impressionants des que he arribat a Barcelona - Esplac","isPartOf":{"@id":"https:\/\/www.esplac.cat\/#website"},"primaryImageOfPage":{"@id":"https:\/\/www.esplac.cat\/es\/5-coses-impressionants-barcelona\/#primaryimage"},"image":{"@id":"https:\/\/www.esplac.cat\/es\/5-coses-impressionants-barcelona\/#primaryimage"},"thumbnailUrl":"","datePublished":"2018-10-25T08:37:22+00:00","dateModified":"2019-11-28T12:31:24+00:00","breadcrumb":{"@id":"https:\/\/www.esplac.cat\/es\/5-coses-impressionants-barcelona\/#breadcrumb"},"inLanguage":"es","potentialAction":[{"@type":"ReadAction","target":["https:\/\/www.esplac.cat\/es\/5-coses-impressionants-barcelona\/"]}]},{"@type":"ImageObject","inLanguage":"es","@id":"https:\/\/www.esplac.cat\/es\/5-coses-impressionants-barcelona\/#primaryimage","url":"","contentUrl":""},{"@type":"BreadcrumbList","@id":"https:\/\/www.esplac.cat\/es\/5-coses-impressionants-barcelona\/#breadcrumb","itemListElement":[{"@type":"ListItem","position":1,"name":"Inici","item":"https:\/\/www.esplac.cat\/es\/"},{"@type":"ListItem","position":2,"name":"Les 5 coses m\u00e9s impressionants des que he arribat a Barcelona"}]},{"@type":"WebSite","@id":"https:\/\/www.esplac.cat\/#website","url":"https:\/\/www.esplac.cat\/","name":"Esplac","description":"Esplais Catalans","publisher":{"@id":"https:\/\/www.esplac.cat\/#organization"},"potentialAction":[{"@type":"SearchAction","target":{"@type":"EntryPoint","urlTemplate":"https:\/\/www.esplac.cat\/?s={search_term_string}"},"query-input":{"@type":"PropertyValueSpecification","valueRequired":true,"valueName":"search_term_string"}}],"inLanguage":"es"},{"@type":"Organization","@id":"https:\/\/www.esplac.cat\/#organization","name":"Esplac","url":"https:\/\/www.esplac.cat\/","logo":{"@type":"ImageObject","inLanguage":"es","@id":"https:\/\/www.esplac.cat\/#\/schema\/logo\/image\/","url":"https:\/\/www.esplac.cat\/wp-content\/uploads\/2019\/08\/logox2.png","contentUrl":"https:\/\/www.esplac.cat\/wp-content\/uploads\/2019\/08\/logox2.png","width":600,"height":295,"caption":"Esplac"},"image":{"@id":"https:\/\/www.esplac.cat\/#\/schema\/logo\/image\/"}},{"@type":"Person","@id":"https:\/\/www.esplac.cat\/#\/schema\/person\/908383cf240be18b68f8855d0583faca","name":"Comunicaci\u00f3 Esplac","image":{"@type":"ImageObject","inLanguage":"es","@id":"https:\/\/secure.gravatar.com\/avatar\/7a4cf8feb412a76ea4a740ca02d95b06b2907b5a6c648c2dd0a1082a093c3141?s=96&d=mm&r=g","url":"https:\/\/secure.gravatar.com\/avatar\/7a4cf8feb412a76ea4a740ca02d95b06b2907b5a6c648c2dd0a1082a093c3141?s=96&d=mm&r=g","contentUrl":"https:\/\/secure.gravatar.com\/avatar\/7a4cf8feb412a76ea4a740ca02d95b06b2907b5a6c648c2dd0a1082a093c3141?s=96&d=mm&r=g","caption":"Comunicaci\u00f3 Esplac"}}]}},"_links":{"self":[{"href":"https:\/\/www.esplac.cat\/es\/wp-json\/wp\/v2\/posts\/4997","targetHints":{"allow":["GET"]}}],"collection":[{"href":"https:\/\/www.esplac.cat\/es\/wp-json\/wp\/v2\/posts"}],"about":[{"href":"https:\/\/www.esplac.cat\/es\/wp-json\/wp\/v2\/types\/post"}],"author":[{"embeddable":true,"href":"https:\/\/www.esplac.cat\/es\/wp-json\/wp\/v2\/users\/3"}],"replies":[{"embeddable":true,"href":"https:\/\/www.esplac.cat\/es\/wp-json\/wp\/v2\/comments?post=4997"}],"version-history":[{"count":0,"href":"https:\/\/www.esplac.cat\/es\/wp-json\/wp\/v2\/posts\/4997\/revisions"}],"wp:featuredmedia":[{"embeddable":true,"href":"https:\/\/www.esplac.cat\/es\/wp-json\/"}],"wp:attachment":[{"href":"https:\/\/www.esplac.cat\/es\/wp-json\/wp\/v2\/media?parent=4997"}],"wp:term":[{"taxonomy":"category","embeddable":true,"href":"https:\/\/www.esplac.cat\/es\/wp-json\/wp\/v2\/categories?post=4997"},{"taxonomy":"post_tag","embeddable":true,"href":"https:\/\/www.esplac.cat\/es\/wp-json\/wp\/v2\/tags?post=4997"}],"curies":[{"name":"wp","href":"https:\/\/api.w.org\/{rel}","templated":true}]}}