{"id":50020,"date":"2024-05-17T10:05:30","date_gmt":"2024-05-17T08:05:30","guid":{"rendered":"https:\/\/www.esplac.cat\/?p=50020"},"modified":"2024-05-21T10:23:46","modified_gmt":"2024-05-21T08:23:46","slug":"aquest-juny-formem-discursos-odi","status":"publish","type":"post","link":"https:\/\/www.esplac.cat\/es\/aquest-juny-formem-discursos-odi\/","title":{"rendered":"Aquest juny ens formem en discursos d\u2019odi, ja us podeu inscriure!"},"content":{"rendered":"<div class=\"fusion-fullwidth fullwidth-box fusion-builder-row-1 fusion-flex-container has-pattern-background has-mask-background nonhundred-percent-fullwidth non-hundred-percent-height-scrolling\" style=\"--awb-border-radius-top-left:0px;--awb-border-radius-top-right:0px;--awb-border-radius-bottom-right:0px;--awb-border-radius-bottom-left:0px;--awb-flex-wrap:wrap;\" ><div class=\"fusion-builder-row fusion-row fusion-flex-align-items-flex-start fusion-flex-content-wrap\" style=\"max-width:1248px;margin-left: calc(-4% \/ 2 );margin-right: calc(-4% \/ 2 );\"><div class=\"fusion-layout-column fusion_builder_column fusion-builder-column-0 fusion_builder_column_1_1 1_1 fusion-flex-column\" style=\"--awb-bg-size:cover;--awb-width-large:100%;--awb-margin-top-large:0px;--awb-spacing-right-large:1.92%;--awb-margin-bottom-large:20px;--awb-spacing-left-large:1.92%;--awb-width-medium:100%;--awb-order-medium:0;--awb-spacing-right-medium:1.92%;--awb-spacing-left-medium:1.92%;--awb-width-small:100%;--awb-order-small:0;--awb-spacing-right-small:1.92%;--awb-spacing-left-small:1.92%;\"><div class=\"fusion-column-wrapper fusion-column-has-shadow fusion-flex-justify-content-flex-start fusion-content-layout-column\"><div class=\"fusion-text fusion-text-1\"><h6><strong>Un punt de partida per construir discurs al voltant de la tem\u00e0tica escollida pels esplais per a l\u2019Esplaiada 2025!<\/strong><\/h6>\n<p>La tem\u00e0tica escollida per a l\u2019Esplaiada 2025, despr\u00e9s d\u2019un proc\u00e9s participatiu amb els esplais, han estat els discursos d\u2019odi. Des del Gran Comit\u00e8 d\u2019Esplais Catalans, format per les i els dirigents de l\u2019entitat, s\u2019ha considerat que el primer pas per poder abordar-ho ha de ser la formaci\u00f3.<\/p>\n<p>\u00c9s per aix\u00f2 que el <strong>dissabte 1 de juny de 12 a 14h<\/strong>, coincidint amb la Reuni\u00f3 del Gran Comit\u00e8 de juny, es far\u00e0 una<strong> formaci\u00f3 sobre discursos d\u2019odi<\/strong> a c\u00e0rrec \u00a0d&#8217;Andu Mendia, t\u00e8cnic jur\u00eddic especialitzat en l\u2019abordatge de prolem\u00e0tiques socials des d\u2019un prisma comunitari i que forma part de l\u2019<span style=\"color: #f69d0b;\"><a style=\"color: #f69d0b;\" href=\"https:\/\/escolaguillemagullo.cat\/\" target=\"_blank\" rel=\"noopener\"><strong>Escola de Formaci\u00f3 Guillem Agull\u00f3<\/strong><\/a><\/span>. Aquesta formaci\u00f3 \u00e9s oberta a totes les monis d\u2019Esplac i per assistir-hi nom\u00e9s cal fer la inscripci\u00f3 a trav\u00e9s de l\u2019<a href=\"https:\/\/era.esplac.cat\/#\/gestio-esplac\/activitats\/viz\/6645af6610573306ccbed31a\" target=\"_blank\" rel=\"noopener\"><span style=\"color: #f69d0b;\"><strong>Era<\/strong><\/span><\/a>.<\/p>\n<p>Aquesta formaci\u00f3 s\u2019emmarcar\u00e0 dins el programa de Beques de l\u2019Escola de Formaci\u00f3 Guillem Agull\u00f3, dirigit a incentivar activitats formatives promogudes per entitats i col\u00b7lectius sense \u00e0nim de lucre i juvenils, en relaci\u00f3 amb les tem\u00e0tiques:<\/p>\n<ul>\n<li>Combatre la desafecci\u00f3 pol\u00edtica i lluita contra l\u2019extrema dreta<\/li>\n<li>Construcci\u00f3 nacional (identitat, llengua i cultura)<\/li>\n<li>Imaginar futurs possibles i alternatives<\/li>\n<\/ul>\n<h5><strong>Aterrem la formaci\u00f3\u2026<\/strong><\/h5>\n<p>L\u2019objectiu principal de generar aquest espai formatiu \u00e9s poder crear un marc discursiu introductori a l\u2019entitat. A partir d\u2019aqu\u00ed s\u2019espera poder seguir-hi treballant al llarg del pr\u00f2xim curs per construir el discurs de l\u2019<strong>Esplaiada 2025<\/strong> i identificar altres possibles aplicacions en l\u2019estrat\u00e8gia de l\u2019entitat.<\/p>\n<p>A la formaci\u00f3 s\u2019hi destacaran dues parts: la primera, on es conceptualitzar\u00e0 el discurs d\u2019odi per entendre com s\u2019amplifica en la societat i obtenir eines per fer-hi front i la segona, on s\u2019abordaran les tipologies de discursos d\u2019odi i les implicacions d\u2019aquests en la societat, subratllant els col\u00b7lectius m\u00e9s afectats.<\/p>\n<p>T\u2019ho perdr\u00e0s? <strong>Fes la teva inscripci\u00f3 abans del dia 27 de maig!<\/strong><\/p>\n<\/div><div class=\"fusion-separator fusion-full-width-sep\" style=\"align-self: center;margin-left: auto;margin-right: auto;margin-top:20px;margin-bottom:20px;width:100%;\"><div class=\"fusion-separator-border sep-single\" style=\"--awb-height:20px;--awb-amount:20px;border-color:#f69d0b;border-top-width:1px;\"><\/div><\/div><div class=\"fusion-text fusion-text-2\"><p style=\"text-align: left;\"><span style=\"font-weight: 400;\">Amb la col\u00b7laboraci\u00f3 de&#8230;<\/span><\/p>\n<\/div><div class=\"fusion-image-element \" style=\"text-align:left;--awb-caption-title-font-family:var(--h2_typography-font-family);--awb-caption-title-font-weight:var(--h2_typography-font-weight);--awb-caption-title-font-style:var(--h2_typography-font-style);--awb-caption-title-size:var(--h2_typography-font-size);--awb-caption-title-transform:var(--h2_typography-text-transform);--awb-caption-title-line-height:var(--h2_typography-line-height);--awb-caption-title-letter-spacing:var(--h2_typography-letter-spacing);\"><span class=\" fusion-imageframe imageframe-none imageframe-1 hover-type-none\"><img decoding=\"async\" width=\"300\" height=\"124\" title=\"Formacio Discursos Odi\" src=\"https:\/\/www.esplac.cat\/wp-content\/uploads\/2024\/05\/Formacio-Discursos-Odi-2-300x124.png\" alt class=\"img-responsive wp-image-50041\" srcset=\"https:\/\/www.esplac.cat\/wp-content\/uploads\/2024\/05\/Formacio-Discursos-Odi-2-200x82.png 200w, https:\/\/www.esplac.cat\/wp-content\/uploads\/2024\/05\/Formacio-Discursos-Odi-2-400x165.png 400w, https:\/\/www.esplac.cat\/wp-content\/uploads\/2024\/05\/Formacio-Discursos-Odi-2-600x247.png 600w, https:\/\/www.esplac.cat\/wp-content\/uploads\/2024\/05\/Formacio-Discursos-Odi-2-800x330.png 800w, https:\/\/www.esplac.cat\/wp-content\/uploads\/2024\/05\/Formacio-Discursos-Odi-2-1200x495.png 1200w, https:\/\/www.esplac.cat\/wp-content\/uploads\/2024\/05\/Formacio-Discursos-Odi-2.png 1697w\" sizes=\"(max-width: 1024px) 100vw, (max-width: 640px) 100vw, 1200px\" \/><\/span><\/div><\/div><\/div><\/div><\/div>\n","protected":false},"excerpt":{"rendered":"","protected":false},"author":3,"featured_media":50023,"comment_status":"closed","ping_status":"closed","sticky":false,"template":"","format":"standard","meta":{"om_disable_all_campaigns":false,"_monsterinsights_skip_tracking":false,"_monsterinsights_sitenote_active":false,"_monsterinsights_sitenote_note":"","_monsterinsights_sitenote_category":0,"_uf_show_specific_survey":0,"_uf_disable_surveys":false,"footnotes":""},"categories":[1111],"tags":[],"class_list":["post-50020","post","type-post","status-publish","format-standard","has-post-thumbnail","hentry","category-activitats-esplac"],"yoast_head":"<!-- This site is optimized with the Yoast SEO plugin v27.5 - https:\/\/yoast.com\/product\/yoast-seo-wordpress\/ -->\n<title>Aquest juny ens formem en discursos d\u2019odi, ja us podeu inscriure! - Esplac<\/title>\n<meta name=\"description\" content=\"Un punt de partida per construir discurs al voltant de la tem\u00e0tica escollida pels esplais per a l\u2019Esplaiada 2025!\" \/>\n<meta name=\"robots\" content=\"index, follow, max-snippet:-1, max-image-preview:large, max-video-preview:-1\" \/>\n<link rel=\"canonical\" href=\"https:\/\/www.esplac.cat\/aquest-juny-formem-discursos-odi\/\" \/>\n<meta property=\"og:locale\" content=\"es_ES\" \/>\n<meta property=\"og:type\" content=\"article\" \/>\n<meta property=\"og:title\" content=\"Aquest juny ens formem en discursos d\u2019odi, ja us podeu inscriure! - Esplac\" \/>\n<meta property=\"og:description\" content=\"Un punt de partida per construir discurs al voltant de la tem\u00e0tica escollida pels esplais per a l\u2019Esplaiada 2025!\" \/>\n<meta property=\"og:url\" content=\"https:\/\/www.esplac.cat\/aquest-juny-formem-discursos-odi\/\" \/>\n<meta property=\"og:site_name\" content=\"Esplac\" \/>\n<meta property=\"article:published_time\" content=\"2024-05-17T08:05:30+00:00\" \/>\n<meta property=\"article:modified_time\" content=\"2024-05-21T08:23:46+00:00\" \/>\n<meta property=\"og:image\" content=\"https:\/\/www.esplac.cat\/wp-content\/uploads\/2024\/05\/Formacio-Discursos-Odi.jpg\" \/>\n\t<meta property=\"og:image:width\" content=\"1697\" \/>\n\t<meta property=\"og:image:height\" content=\"700\" \/>\n\t<meta property=\"og:image:type\" content=\"image\/jpeg\" \/>\n<meta name=\"author\" content=\"Comunicaci\u00f3 Esplac\" \/>\n<meta name=\"twitter:card\" content=\"summary_large_image\" \/>\n<meta name=\"twitter:label1\" content=\"Escrito por\" \/>\n\t<meta name=\"twitter:data1\" content=\"Comunicaci\u00f3 Esplac\" \/>\n\t<meta name=\"twitter:label2\" content=\"Tiempo de lectura\" \/>\n\t<meta name=\"twitter:data2\" content=\"3 minutos\" \/>\n<script type=\"application\/ld+json\" class=\"yoast-schema-graph\">{\"@context\":\"https:\\\/\\\/schema.org\",\"@graph\":[{\"@type\":\"Article\",\"@id\":\"https:\\\/\\\/www.esplac.cat\\\/aquest-juny-formem-discursos-odi\\\/#article\",\"isPartOf\":{\"@id\":\"https:\\\/\\\/www.esplac.cat\\\/aquest-juny-formem-discursos-odi\\\/\"},\"author\":{\"name\":\"Comunicaci\u00f3 Esplac\",\"@id\":\"https:\\\/\\\/www.esplac.cat\\\/#\\\/schema\\\/person\\\/908383cf240be18b68f8855d0583faca\"},\"headline\":\"Aquest juny ens formem en discursos d\u2019odi, ja us podeu inscriure!\",\"datePublished\":\"2024-05-17T08:05:30+00:00\",\"dateModified\":\"2024-05-21T08:23:46+00:00\",\"mainEntityOfPage\":{\"@id\":\"https:\\\/\\\/www.esplac.cat\\\/aquest-juny-formem-discursos-odi\\\/\"},\"wordCount\":1745,\"publisher\":{\"@id\":\"https:\\\/\\\/www.esplac.cat\\\/#organization\"},\"image\":{\"@id\":\"https:\\\/\\\/www.esplac.cat\\\/aquest-juny-formem-discursos-odi\\\/#primaryimage\"},\"thumbnailUrl\":\"https:\\\/\\\/www.esplac.cat\\\/wp-content\\\/uploads\\\/2024\\\/05\\\/Formacio-Discursos-Odi.jpg\",\"articleSection\":[\"Activitats esplac\"],\"inLanguage\":\"es\"},{\"@type\":\"WebPage\",\"@id\":\"https:\\\/\\\/www.esplac.cat\\\/aquest-juny-formem-discursos-odi\\\/\",\"url\":\"https:\\\/\\\/www.esplac.cat\\\/aquest-juny-formem-discursos-odi\\\/\",\"name\":\"Aquest juny ens formem en discursos d\u2019odi, ja us podeu inscriure! - Esplac\",\"isPartOf\":{\"@id\":\"https:\\\/\\\/www.esplac.cat\\\/#website\"},\"primaryImageOfPage\":{\"@id\":\"https:\\\/\\\/www.esplac.cat\\\/aquest-juny-formem-discursos-odi\\\/#primaryimage\"},\"image\":{\"@id\":\"https:\\\/\\\/www.esplac.cat\\\/aquest-juny-formem-discursos-odi\\\/#primaryimage\"},\"thumbnailUrl\":\"https:\\\/\\\/www.esplac.cat\\\/wp-content\\\/uploads\\\/2024\\\/05\\\/Formacio-Discursos-Odi.jpg\",\"datePublished\":\"2024-05-17T08:05:30+00:00\",\"dateModified\":\"2024-05-21T08:23:46+00:00\",\"description\":\"Un punt de partida per construir discurs al voltant de la tem\u00e0tica escollida pels esplais per a l\u2019Esplaiada 2025!\",\"breadcrumb\":{\"@id\":\"https:\\\/\\\/www.esplac.cat\\\/aquest-juny-formem-discursos-odi\\\/#breadcrumb\"},\"inLanguage\":\"es\",\"potentialAction\":[{\"@type\":\"ReadAction\",\"target\":[\"https:\\\/\\\/www.esplac.cat\\\/aquest-juny-formem-discursos-odi\\\/\"]}]},{\"@type\":\"ImageObject\",\"inLanguage\":\"es\",\"@id\":\"https:\\\/\\\/www.esplac.cat\\\/aquest-juny-formem-discursos-odi\\\/#primaryimage\",\"url\":\"https:\\\/\\\/www.esplac.cat\\\/wp-content\\\/uploads\\\/2024\\\/05\\\/Formacio-Discursos-Odi.jpg\",\"contentUrl\":\"https:\\\/\\\/www.esplac.cat\\\/wp-content\\\/uploads\\\/2024\\\/05\\\/Formacio-Discursos-Odi.jpg\",\"width\":1697,\"height\":700,\"caption\":\"Discursos odi\"},{\"@type\":\"BreadcrumbList\",\"@id\":\"https:\\\/\\\/www.esplac.cat\\\/aquest-juny-formem-discursos-odi\\\/#breadcrumb\",\"itemListElement\":[{\"@type\":\"ListItem\",\"position\":1,\"name\":\"Inici\",\"item\":\"https:\\\/\\\/www.esplac.cat\\\/es\\\/\"},{\"@type\":\"ListItem\",\"position\":2,\"name\":\"Aquest juny ens formem en discursos d\u2019odi, ja us podeu inscriure!\"}]},{\"@type\":\"WebSite\",\"@id\":\"https:\\\/\\\/www.esplac.cat\\\/#website\",\"url\":\"https:\\\/\\\/www.esplac.cat\\\/\",\"name\":\"Esplac\",\"description\":\"Esplais Catalans\",\"publisher\":{\"@id\":\"https:\\\/\\\/www.esplac.cat\\\/#organization\"},\"potentialAction\":[{\"@type\":\"SearchAction\",\"target\":{\"@type\":\"EntryPoint\",\"urlTemplate\":\"https:\\\/\\\/www.esplac.cat\\\/?s={search_term_string}\"},\"query-input\":{\"@type\":\"PropertyValueSpecification\",\"valueRequired\":true,\"valueName\":\"search_term_string\"}}],\"inLanguage\":\"es\"},{\"@type\":\"Organization\",\"@id\":\"https:\\\/\\\/www.esplac.cat\\\/#organization\",\"name\":\"Esplac\",\"url\":\"https:\\\/\\\/www.esplac.cat\\\/\",\"logo\":{\"@type\":\"ImageObject\",\"inLanguage\":\"es\",\"@id\":\"https:\\\/\\\/www.esplac.cat\\\/#\\\/schema\\\/logo\\\/image\\\/\",\"url\":\"https:\\\/\\\/www.esplac.cat\\\/wp-content\\\/uploads\\\/2019\\\/08\\\/logox2.png\",\"contentUrl\":\"https:\\\/\\\/www.esplac.cat\\\/wp-content\\\/uploads\\\/2019\\\/08\\\/logox2.png\",\"width\":600,\"height\":295,\"caption\":\"Esplac\"},\"image\":{\"@id\":\"https:\\\/\\\/www.esplac.cat\\\/#\\\/schema\\\/logo\\\/image\\\/\"}},{\"@type\":\"Person\",\"@id\":\"https:\\\/\\\/www.esplac.cat\\\/#\\\/schema\\\/person\\\/908383cf240be18b68f8855d0583faca\",\"name\":\"Comunicaci\u00f3 Esplac\",\"image\":{\"@type\":\"ImageObject\",\"inLanguage\":\"es\",\"@id\":\"https:\\\/\\\/secure.gravatar.com\\\/avatar\\\/7a4cf8feb412a76ea4a740ca02d95b06b2907b5a6c648c2dd0a1082a093c3141?s=96&d=mm&r=g\",\"url\":\"https:\\\/\\\/secure.gravatar.com\\\/avatar\\\/7a4cf8feb412a76ea4a740ca02d95b06b2907b5a6c648c2dd0a1082a093c3141?s=96&d=mm&r=g\",\"contentUrl\":\"https:\\\/\\\/secure.gravatar.com\\\/avatar\\\/7a4cf8feb412a76ea4a740ca02d95b06b2907b5a6c648c2dd0a1082a093c3141?s=96&d=mm&r=g\",\"caption\":\"Comunicaci\u00f3 Esplac\"}}]}<\/script>\n<!-- \/ Yoast SEO plugin. -->","yoast_head_json":{"title":"Aquest juny ens formem en discursos d\u2019odi, ja us podeu inscriure! - Esplac","description":"Un punt de partida per construir discurs al voltant de la tem\u00e0tica escollida pels esplais per a l\u2019Esplaiada 2025!","robots":{"index":"index","follow":"follow","max-snippet":"max-snippet:-1","max-image-preview":"max-image-preview:large","max-video-preview":"max-video-preview:-1"},"canonical":"https:\/\/www.esplac.cat\/aquest-juny-formem-discursos-odi\/","og_locale":"es_ES","og_type":"article","og_title":"Aquest juny ens formem en discursos d\u2019odi, ja us podeu inscriure! - Esplac","og_description":"Un punt de partida per construir discurs al voltant de la tem\u00e0tica escollida pels esplais per a l\u2019Esplaiada 2025!","og_url":"https:\/\/www.esplac.cat\/aquest-juny-formem-discursos-odi\/","og_site_name":"Esplac","article_published_time":"2024-05-17T08:05:30+00:00","article_modified_time":"2024-05-21T08:23:46+00:00","og_image":[{"width":1697,"height":700,"url":"https:\/\/www.esplac.cat\/wp-content\/uploads\/2024\/05\/Formacio-Discursos-Odi.jpg","type":"image\/jpeg"}],"author":"Comunicaci\u00f3 Esplac","twitter_card":"summary_large_image","twitter_misc":{"Escrito por":"Comunicaci\u00f3 Esplac","Tiempo de lectura":"3 minutos"},"schema":{"@context":"https:\/\/schema.org","@graph":[{"@type":"Article","@id":"https:\/\/www.esplac.cat\/aquest-juny-formem-discursos-odi\/#article","isPartOf":{"@id":"https:\/\/www.esplac.cat\/aquest-juny-formem-discursos-odi\/"},"author":{"name":"Comunicaci\u00f3 Esplac","@id":"https:\/\/www.esplac.cat\/#\/schema\/person\/908383cf240be18b68f8855d0583faca"},"headline":"Aquest juny ens formem en discursos d\u2019odi, ja us podeu inscriure!","datePublished":"2024-05-17T08:05:30+00:00","dateModified":"2024-05-21T08:23:46+00:00","mainEntityOfPage":{"@id":"https:\/\/www.esplac.cat\/aquest-juny-formem-discursos-odi\/"},"wordCount":1745,"publisher":{"@id":"https:\/\/www.esplac.cat\/#organization"},"image":{"@id":"https:\/\/www.esplac.cat\/aquest-juny-formem-discursos-odi\/#primaryimage"},"thumbnailUrl":"https:\/\/www.esplac.cat\/wp-content\/uploads\/2024\/05\/Formacio-Discursos-Odi.jpg","articleSection":["Activitats esplac"],"inLanguage":"es"},{"@type":"WebPage","@id":"https:\/\/www.esplac.cat\/aquest-juny-formem-discursos-odi\/","url":"https:\/\/www.esplac.cat\/aquest-juny-formem-discursos-odi\/","name":"Aquest juny ens formem en discursos d\u2019odi, ja us podeu inscriure! - Esplac","isPartOf":{"@id":"https:\/\/www.esplac.cat\/#website"},"primaryImageOfPage":{"@id":"https:\/\/www.esplac.cat\/aquest-juny-formem-discursos-odi\/#primaryimage"},"image":{"@id":"https:\/\/www.esplac.cat\/aquest-juny-formem-discursos-odi\/#primaryimage"},"thumbnailUrl":"https:\/\/www.esplac.cat\/wp-content\/uploads\/2024\/05\/Formacio-Discursos-Odi.jpg","datePublished":"2024-05-17T08:05:30+00:00","dateModified":"2024-05-21T08:23:46+00:00","description":"Un punt de partida per construir discurs al voltant de la tem\u00e0tica escollida pels esplais per a l\u2019Esplaiada 2025!","breadcrumb":{"@id":"https:\/\/www.esplac.cat\/aquest-juny-formem-discursos-odi\/#breadcrumb"},"inLanguage":"es","potentialAction":[{"@type":"ReadAction","target":["https:\/\/www.esplac.cat\/aquest-juny-formem-discursos-odi\/"]}]},{"@type":"ImageObject","inLanguage":"es","@id":"https:\/\/www.esplac.cat\/aquest-juny-formem-discursos-odi\/#primaryimage","url":"https:\/\/www.esplac.cat\/wp-content\/uploads\/2024\/05\/Formacio-Discursos-Odi.jpg","contentUrl":"https:\/\/www.esplac.cat\/wp-content\/uploads\/2024\/05\/Formacio-Discursos-Odi.jpg","width":1697,"height":700,"caption":"Discursos odi"},{"@type":"BreadcrumbList","@id":"https:\/\/www.esplac.cat\/aquest-juny-formem-discursos-odi\/#breadcrumb","itemListElement":[{"@type":"ListItem","position":1,"name":"Inici","item":"https:\/\/www.esplac.cat\/es\/"},{"@type":"ListItem","position":2,"name":"Aquest juny ens formem en discursos d\u2019odi, ja us podeu inscriure!"}]},{"@type":"WebSite","@id":"https:\/\/www.esplac.cat\/#website","url":"https:\/\/www.esplac.cat\/","name":"Esplac","description":"Esplais Catalans","publisher":{"@id":"https:\/\/www.esplac.cat\/#organization"},"potentialAction":[{"@type":"SearchAction","target":{"@type":"EntryPoint","urlTemplate":"https:\/\/www.esplac.cat\/?s={search_term_string}"},"query-input":{"@type":"PropertyValueSpecification","valueRequired":true,"valueName":"search_term_string"}}],"inLanguage":"es"},{"@type":"Organization","@id":"https:\/\/www.esplac.cat\/#organization","name":"Esplac","url":"https:\/\/www.esplac.cat\/","logo":{"@type":"ImageObject","inLanguage":"es","@id":"https:\/\/www.esplac.cat\/#\/schema\/logo\/image\/","url":"https:\/\/www.esplac.cat\/wp-content\/uploads\/2019\/08\/logox2.png","contentUrl":"https:\/\/www.esplac.cat\/wp-content\/uploads\/2019\/08\/logox2.png","width":600,"height":295,"caption":"Esplac"},"image":{"@id":"https:\/\/www.esplac.cat\/#\/schema\/logo\/image\/"}},{"@type":"Person","@id":"https:\/\/www.esplac.cat\/#\/schema\/person\/908383cf240be18b68f8855d0583faca","name":"Comunicaci\u00f3 Esplac","image":{"@type":"ImageObject","inLanguage":"es","@id":"https:\/\/secure.gravatar.com\/avatar\/7a4cf8feb412a76ea4a740ca02d95b06b2907b5a6c648c2dd0a1082a093c3141?s=96&d=mm&r=g","url":"https:\/\/secure.gravatar.com\/avatar\/7a4cf8feb412a76ea4a740ca02d95b06b2907b5a6c648c2dd0a1082a093c3141?s=96&d=mm&r=g","contentUrl":"https:\/\/secure.gravatar.com\/avatar\/7a4cf8feb412a76ea4a740ca02d95b06b2907b5a6c648c2dd0a1082a093c3141?s=96&d=mm&r=g","caption":"Comunicaci\u00f3 Esplac"}}]}},"_links":{"self":[{"href":"https:\/\/www.esplac.cat\/es\/wp-json\/wp\/v2\/posts\/50020","targetHints":{"allow":["GET"]}}],"collection":[{"href":"https:\/\/www.esplac.cat\/es\/wp-json\/wp\/v2\/posts"}],"about":[{"href":"https:\/\/www.esplac.cat\/es\/wp-json\/wp\/v2\/types\/post"}],"author":[{"embeddable":true,"href":"https:\/\/www.esplac.cat\/es\/wp-json\/wp\/v2\/users\/3"}],"replies":[{"embeddable":true,"href":"https:\/\/www.esplac.cat\/es\/wp-json\/wp\/v2\/comments?post=50020"}],"version-history":[{"count":9,"href":"https:\/\/www.esplac.cat\/es\/wp-json\/wp\/v2\/posts\/50020\/revisions"}],"predecessor-version":[{"id":50053,"href":"https:\/\/www.esplac.cat\/es\/wp-json\/wp\/v2\/posts\/50020\/revisions\/50053"}],"wp:featuredmedia":[{"embeddable":true,"href":"https:\/\/www.esplac.cat\/es\/wp-json\/wp\/v2\/media\/50023"}],"wp:attachment":[{"href":"https:\/\/www.esplac.cat\/es\/wp-json\/wp\/v2\/media?parent=50020"}],"wp:term":[{"taxonomy":"category","embeddable":true,"href":"https:\/\/www.esplac.cat\/es\/wp-json\/wp\/v2\/categories?post=50020"},{"taxonomy":"post_tag","embeddable":true,"href":"https:\/\/www.esplac.cat\/es\/wp-json\/wp\/v2\/tags?post=50020"}],"curies":[{"name":"wp","href":"https:\/\/api.w.org\/{rel}","templated":true}]}}