{"id":50054,"date":"2024-05-22T10:02:59","date_gmt":"2024-05-22T08:02:59","guid":{"rendered":"https:\/\/www.esplac.cat\/?p=50054"},"modified":"2024-05-22T13:09:51","modified_gmt":"2024-05-22T11:09:51","slug":"voleu-saber-mes-sobre-area-asi-web","status":"publish","type":"post","link":"https:\/\/www.esplac.cat\/es\/voleu-saber-mes-sobre-area-asi-web\/","title":{"rendered":"Voleu saber m\u00e9s sobre l\u2019\u00e0rea de prevenci\u00f3 i abordatge de l\u2019ab\u00fas sexual infantil? Nou apartat web disponible!"},"content":{"rendered":"<div class=\"fusion-fullwidth fullwidth-box fusion-builder-row-1 fusion-flex-container has-pattern-background has-mask-background nonhundred-percent-fullwidth non-hundred-percent-height-scrolling\" style=\"--awb-border-radius-top-left:0px;--awb-border-radius-top-right:0px;--awb-border-radius-bottom-right:0px;--awb-border-radius-bottom-left:0px;--awb-flex-wrap:wrap;\" ><div class=\"fusion-builder-row fusion-row fusion-flex-align-items-flex-start fusion-flex-content-wrap\" style=\"max-width:1248px;margin-left: calc(-4% \/ 2 );margin-right: calc(-4% \/ 2 );\"><div class=\"fusion-layout-column fusion_builder_column fusion-builder-column-0 fusion_builder_column_1_1 1_1 fusion-flex-column\" style=\"--awb-bg-size:cover;--awb-width-large:100%;--awb-margin-top-large:0px;--awb-spacing-right-large:1.92%;--awb-margin-bottom-large:20px;--awb-spacing-left-large:1.92%;--awb-width-medium:100%;--awb-order-medium:0;--awb-spacing-right-medium:1.92%;--awb-spacing-left-medium:1.92%;--awb-width-small:100%;--awb-order-small:0;--awb-spacing-right-small:1.92%;--awb-spacing-left-small:1.92%;\"><div class=\"fusion-column-wrapper fusion-column-has-shadow fusion-flex-justify-content-flex-start fusion-content-layout-column\"><div class=\"fusion-text fusion-text-1\"><h6><strong>Tota la informaci\u00f3 sobre l\u2019\u00e0rea de prevenci\u00f3 i abordatge de l&#8217;Ab\u00fas Sexual Infantil (ASI), al nou apartat web.<\/strong><\/h6>\n<p>Ja podeu consultar el nou<strong><a href=\"https:\/\/www.esplac.cat\/asi\/\" target=\"_blank\" rel=\"noopener\"><span style=\"color: #f69d0b;\"> apartat d\u2019ASI<\/span><\/a><\/strong> del web d\u2019Esplac. En aquest, trobareu informaci\u00f3 relativa al funcionament de l\u2019\u00e0rea, informaci\u00f3 b\u00e0sica sobre qu\u00e8 \u00e9s l\u2019ab\u00fas sexual infantil i sobre com n\u2019abordem la prevenci\u00f3, aix\u00ed com tamb\u00e9 informaci\u00f3 sobre qu\u00e8 hem de fer des de l\u2019esplai i com hem d\u2019actuar en cas de sospita o indici de cas. Tamb\u00e9 trobareu informaci\u00f3 sobre on formar-vos en la tem\u00e0tica, aix\u00ed com un formulari de contacte amb la <strong>Delegada d\u2019ASI de l\u2019entitat<\/strong>.<\/p>\n<p>L\u2019<strong>\u00c0rea d\u2019ASI<\/strong> s\u2019engloba dins l\u2019atenci\u00f3 personalitzada. L\u2019acci\u00f3 principal de l\u2019\u00e0rea s\u00f3n aquells <strong>assessoraments relacionats amb l\u2019actuaci\u00f3 davant casos d\u2019ab\u00fas, maltractament o assetjament a l\u2019esplai<\/strong>. A la Secretaria T\u00e8cnica hi ha una delegada de protecci\u00f3 d\u2019ASI, que \u00e9s l\u2019encarregada de dur a terme aquest tipus d\u2019assessoraments i seguiments. Cada any es valora qui ha de fer aquest rol i es forma a la persona en q\u00fcesti\u00f3 en aquesta tem\u00e0tica per tal que la intervenci\u00f3 tingui el m\u00e0xim de qualitat possible.<\/p>\n<p>Els assessoraments serveixen per guiar als esplais amb el pla d\u2019actuaci\u00f3 davant la revelaci\u00f3 d\u2019un cas d\u2019ab\u00fas: donar a con\u00e8ixer el protocol i les possibilitats que hi ha, oferir recursos per acompanyar a l\u2019infant i\/o jove que ha patit l\u2019ab\u00fas, compartir estrat\u00e8gies per comunicar-ho a les fam\u00edlies i treballar-ho, si s\u2019escau, amb el grup d\u2019infants i joves de l\u2019entitat i l\u2019assemblea de monitores i monitors.<\/p>\n<p>Recordem que davant qualsevol indici o sospita de cas, cal seguir el <span style=\"color: #f69d0b;\"><strong><a style=\"color: #f69d0b;\" href=\"https:\/\/bancrecursos.esplac.cat\/recurs\/640b1cd3c53700769591bc45\" target=\"_blank\" rel=\"noopener\">Circuit Intern<\/a><\/strong><\/span> i activar el <strong>Protocol de Prevenci\u00f3<\/strong>. Si necessiteu assessorament d\u2019Esplac, podeu contactar amb la Delegada de Protecci\u00f3 a trav\u00e9s el correu <strong><a href=\"mailto:asi@esplac.cat\" target=\"_blank\" rel=\"noopener\"><span style=\"color: #f69d0b;\">asi@esplac.cat<\/span><\/a><\/strong>, via Whatsapp al 722672167 o, en per\u00edode de vacances, al tel\u00e8fon d\u2019emerg\u00e8ncies.<\/p>\n<ul>\n<li>Si el cas s\u2019ha donat fa <strong>menys de 72 hores<\/strong> l\u2019atendrem telef\u00f2nicament de forma priorit\u00e0ria.<\/li>\n<li>Si el cas s\u2019ha donat fa <strong>m\u00e9s de 72 hores<\/strong>, ens haureu d\u2019enviar <strong><a href=\"https:\/\/bancrecursos.esplac.cat\/recurs\/640b1eb4c53700769591bc4c\" target=\"_blank\" rel=\"noopener\"><span style=\"color: #f69d0b;\">aquest model d\u2019escrit<\/span><\/a><\/strong> omplert. Us donarem resposta en un m\u00ednim d\u2019un dia i un m\u00e0xim de dues setmanes.<\/li>\n<\/ul>\n<p>Ara que s\u2019acosten les <strong>activitats de CCR d\u2019estiu<\/strong> aprofitem per recordar que els moments de conviv\u00e8ncia i intimitat esdevenen espais en els quals poden produir-se verbalitzacions de situacions abusives, sobretot durant col\u00f2nies i campaments. Us animem a consultar el <span style=\"color: #f69d0b;\"><strong><a style=\"color: #f69d0b;\" href=\"https:\/\/www.esplac.cat\/preparem-lestiu-ccr\/\" target=\"_blank\" rel=\"noopener\">web de CCR<\/a><\/strong><\/span> on trobareu una taula amb els tel\u00e8fons de contacte que podeu fer servir en cas de necessitar assessorament i tamb\u00e9 eines de prevenci\u00f3, aix\u00ed com, la proposta d\u2019un codi de conducta.<\/p>\n<p>Per \u00faltim, compartim aqu\u00ed alguns recursos que poden ser interessants relacionats amb la tem\u00e0tica:<\/p>\n<blockquote>\n<p><span style=\"color: #f69d0b;\"><strong><a style=\"color: #f69d0b;\" href=\"https:\/\/bancrecursos.esplac.cat\/recurs\/64c8cb98bbaee67a6d91047f\" target=\"_blank\" rel=\"noopener\">Pautes d&#8217;actuaci\u00f3 i orientaci\u00f3 per tenir cura de les emocions davant l&#8217;abordatge de l&#8217;ab\u00fas sexual infantil en el lleure<\/a><\/strong>.<\/span><\/p>\n<p><span style=\"color: #f69d0b;\"><strong><a style=\"color: #f69d0b;\" href=\"https:\/\/bancrecursos.esplac.cat\/recurs\/64c8ca9ebbaee67a6d910479\" target=\"_blank\" rel=\"noopener\">Abordatge de l&#8217;ab\u00fas sexual infantil en el lleure: La comunicaci\u00f3 amb les fam\u00edlies<\/a><\/strong>.<\/span><\/p>\n<p><span style=\"color: #f69d0b;\"><strong><a style=\"color: #f69d0b;\" href=\"https:\/\/bancrecursos.esplac.cat\/recurs\/64c8c784bbaee67a6d910466\" target=\"_blank\" rel=\"noopener\">Abordatge de l&#8217;ab\u00fas sexual infantil en el lleure: entre menors<\/a><\/strong>.<\/span><\/p>\n<\/blockquote>\n<\/div><\/div><\/div><\/div><\/div>\n","protected":false},"excerpt":{"rendered":"","protected":false},"author":3,"featured_media":50083,"comment_status":"closed","ping_status":"closed","sticky":false,"template":"","format":"standard","meta":{"om_disable_all_campaigns":false,"_monsterinsights_skip_tracking":false,"_monsterinsights_sitenote_active":false,"_monsterinsights_sitenote_note":"","_monsterinsights_sitenote_category":0,"_uf_show_specific_survey":0,"_uf_disable_surveys":false,"footnotes":""},"categories":[1562,1],"tags":[],"class_list":["post-50054","post","type-post","status-publish","format-standard","has-post-thumbnail","hentry","category-area-asi","category-sense-categoria"],"yoast_head":"<!-- This site is optimized with the Yoast SEO plugin v27.5 - https:\/\/yoast.com\/product\/yoast-seo-wordpress\/ -->\n<title>Tota la informaci\u00f3 sobre l\u2019\u00e0rea d&#039;ASI, al nou apartat web!<\/title>\n<meta name=\"description\" content=\"Voleu saber m\u00e9s sobre l\u2019\u00e0rea de prevenci\u00f3 i abordatge de l\u2019ab\u00fas sexual infantil? Ja podeu consultar el nou apartat web!\" \/>\n<meta name=\"robots\" content=\"index, follow, max-snippet:-1, max-image-preview:large, max-video-preview:-1\" \/>\n<link rel=\"canonical\" href=\"https:\/\/www.esplac.cat\/voleu-saber-mes-sobre-area-asi-web\/\" \/>\n<meta property=\"og:locale\" content=\"es_ES\" \/>\n<meta property=\"og:type\" content=\"article\" \/>\n<meta property=\"og:title\" content=\"Tota la informaci\u00f3 sobre l\u2019\u00e0rea d&#039;ASI, al nou apartat web!\" \/>\n<meta property=\"og:description\" content=\"Voleu saber m\u00e9s sobre l\u2019\u00e0rea de prevenci\u00f3 i abordatge de l\u2019ab\u00fas sexual infantil? Ja podeu consultar el nou apartat web!\" \/>\n<meta property=\"og:url\" content=\"https:\/\/www.esplac.cat\/voleu-saber-mes-sobre-area-asi-web\/\" \/>\n<meta property=\"og:site_name\" content=\"Esplac\" \/>\n<meta property=\"article:published_time\" content=\"2024-05-22T08:02:59+00:00\" \/>\n<meta property=\"article:modified_time\" content=\"2024-05-22T11:09:51+00:00\" \/>\n<meta property=\"og:image\" content=\"https:\/\/www.esplac.cat\/wp-content\/uploads\/2024\/05\/WEB-ASI.jpg\" \/>\n\t<meta property=\"og:image:width\" content=\"1697\" \/>\n\t<meta property=\"og:image:height\" content=\"700\" \/>\n\t<meta property=\"og:image:type\" content=\"image\/jpeg\" \/>\n<meta name=\"author\" content=\"Comunicaci\u00f3 Esplac\" \/>\n<meta name=\"twitter:card\" content=\"summary_large_image\" \/>\n<meta name=\"twitter:label1\" content=\"Escrito por\" \/>\n\t<meta name=\"twitter:data1\" content=\"Comunicaci\u00f3 Esplac\" \/>\n\t<meta name=\"twitter:label2\" content=\"Tiempo de lectura\" \/>\n\t<meta name=\"twitter:data2\" content=\"3 minutos\" \/>\n<script type=\"application\/ld+json\" class=\"yoast-schema-graph\">{\"@context\":\"https:\\\/\\\/schema.org\",\"@graph\":[{\"@type\":\"Article\",\"@id\":\"https:\\\/\\\/www.esplac.cat\\\/voleu-saber-mes-sobre-area-asi-web\\\/#article\",\"isPartOf\":{\"@id\":\"https:\\\/\\\/www.esplac.cat\\\/voleu-saber-mes-sobre-area-asi-web\\\/\"},\"author\":{\"name\":\"Comunicaci\u00f3 Esplac\",\"@id\":\"https:\\\/\\\/www.esplac.cat\\\/#\\\/schema\\\/person\\\/908383cf240be18b68f8855d0583faca\"},\"headline\":\"Voleu saber m\u00e9s sobre l\u2019\u00e0rea de prevenci\u00f3 i abordatge de l\u2019ab\u00fas sexual infantil? Nou apartat web disponible!\",\"datePublished\":\"2024-05-22T08:02:59+00:00\",\"dateModified\":\"2024-05-22T11:09:51+00:00\",\"mainEntityOfPage\":{\"@id\":\"https:\\\/\\\/www.esplac.cat\\\/voleu-saber-mes-sobre-area-asi-web\\\/\"},\"wordCount\":1521,\"publisher\":{\"@id\":\"https:\\\/\\\/www.esplac.cat\\\/#organization\"},\"image\":{\"@id\":\"https:\\\/\\\/www.esplac.cat\\\/voleu-saber-mes-sobre-area-asi-web\\\/#primaryimage\"},\"thumbnailUrl\":\"https:\\\/\\\/www.esplac.cat\\\/wp-content\\\/uploads\\\/2024\\\/05\\\/WEB-ASI.jpg\",\"articleSection\":[\"\u00c0rea ASI\",\"Sense categoria\"],\"inLanguage\":\"es\"},{\"@type\":\"WebPage\",\"@id\":\"https:\\\/\\\/www.esplac.cat\\\/voleu-saber-mes-sobre-area-asi-web\\\/\",\"url\":\"https:\\\/\\\/www.esplac.cat\\\/voleu-saber-mes-sobre-area-asi-web\\\/\",\"name\":\"Tota la informaci\u00f3 sobre l\u2019\u00e0rea d'ASI, al nou apartat web!\",\"isPartOf\":{\"@id\":\"https:\\\/\\\/www.esplac.cat\\\/#website\"},\"primaryImageOfPage\":{\"@id\":\"https:\\\/\\\/www.esplac.cat\\\/voleu-saber-mes-sobre-area-asi-web\\\/#primaryimage\"},\"image\":{\"@id\":\"https:\\\/\\\/www.esplac.cat\\\/voleu-saber-mes-sobre-area-asi-web\\\/#primaryimage\"},\"thumbnailUrl\":\"https:\\\/\\\/www.esplac.cat\\\/wp-content\\\/uploads\\\/2024\\\/05\\\/WEB-ASI.jpg\",\"datePublished\":\"2024-05-22T08:02:59+00:00\",\"dateModified\":\"2024-05-22T11:09:51+00:00\",\"description\":\"Voleu saber m\u00e9s sobre l\u2019\u00e0rea de prevenci\u00f3 i abordatge de l\u2019ab\u00fas sexual infantil? Ja podeu consultar el nou apartat web!\",\"breadcrumb\":{\"@id\":\"https:\\\/\\\/www.esplac.cat\\\/voleu-saber-mes-sobre-area-asi-web\\\/#breadcrumb\"},\"inLanguage\":\"es\",\"potentialAction\":[{\"@type\":\"ReadAction\",\"target\":[\"https:\\\/\\\/www.esplac.cat\\\/voleu-saber-mes-sobre-area-asi-web\\\/\"]}]},{\"@type\":\"ImageObject\",\"inLanguage\":\"es\",\"@id\":\"https:\\\/\\\/www.esplac.cat\\\/voleu-saber-mes-sobre-area-asi-web\\\/#primaryimage\",\"url\":\"https:\\\/\\\/www.esplac.cat\\\/wp-content\\\/uploads\\\/2024\\\/05\\\/WEB-ASI.jpg\",\"contentUrl\":\"https:\\\/\\\/www.esplac.cat\\\/wp-content\\\/uploads\\\/2024\\\/05\\\/WEB-ASI.jpg\",\"width\":1697,\"height\":700,\"caption\":\"ASI\"},{\"@type\":\"BreadcrumbList\",\"@id\":\"https:\\\/\\\/www.esplac.cat\\\/voleu-saber-mes-sobre-area-asi-web\\\/#breadcrumb\",\"itemListElement\":[{\"@type\":\"ListItem\",\"position\":1,\"name\":\"Inici\",\"item\":\"https:\\\/\\\/www.esplac.cat\\\/es\\\/\"},{\"@type\":\"ListItem\",\"position\":2,\"name\":\"Voleu saber m\u00e9s sobre l\u2019\u00e0rea de prevenci\u00f3 i abordatge de l\u2019ab\u00fas sexual infantil? Nou apartat web disponible!\"}]},{\"@type\":\"WebSite\",\"@id\":\"https:\\\/\\\/www.esplac.cat\\\/#website\",\"url\":\"https:\\\/\\\/www.esplac.cat\\\/\",\"name\":\"Esplac\",\"description\":\"Esplais Catalans\",\"publisher\":{\"@id\":\"https:\\\/\\\/www.esplac.cat\\\/#organization\"},\"potentialAction\":[{\"@type\":\"SearchAction\",\"target\":{\"@type\":\"EntryPoint\",\"urlTemplate\":\"https:\\\/\\\/www.esplac.cat\\\/?s={search_term_string}\"},\"query-input\":{\"@type\":\"PropertyValueSpecification\",\"valueRequired\":true,\"valueName\":\"search_term_string\"}}],\"inLanguage\":\"es\"},{\"@type\":\"Organization\",\"@id\":\"https:\\\/\\\/www.esplac.cat\\\/#organization\",\"name\":\"Esplac\",\"url\":\"https:\\\/\\\/www.esplac.cat\\\/\",\"logo\":{\"@type\":\"ImageObject\",\"inLanguage\":\"es\",\"@id\":\"https:\\\/\\\/www.esplac.cat\\\/#\\\/schema\\\/logo\\\/image\\\/\",\"url\":\"https:\\\/\\\/www.esplac.cat\\\/wp-content\\\/uploads\\\/2019\\\/08\\\/logox2.png\",\"contentUrl\":\"https:\\\/\\\/www.esplac.cat\\\/wp-content\\\/uploads\\\/2019\\\/08\\\/logox2.png\",\"width\":600,\"height\":295,\"caption\":\"Esplac\"},\"image\":{\"@id\":\"https:\\\/\\\/www.esplac.cat\\\/#\\\/schema\\\/logo\\\/image\\\/\"}},{\"@type\":\"Person\",\"@id\":\"https:\\\/\\\/www.esplac.cat\\\/#\\\/schema\\\/person\\\/908383cf240be18b68f8855d0583faca\",\"name\":\"Comunicaci\u00f3 Esplac\",\"image\":{\"@type\":\"ImageObject\",\"inLanguage\":\"es\",\"@id\":\"https:\\\/\\\/secure.gravatar.com\\\/avatar\\\/7a4cf8feb412a76ea4a740ca02d95b06b2907b5a6c648c2dd0a1082a093c3141?s=96&d=mm&r=g\",\"url\":\"https:\\\/\\\/secure.gravatar.com\\\/avatar\\\/7a4cf8feb412a76ea4a740ca02d95b06b2907b5a6c648c2dd0a1082a093c3141?s=96&d=mm&r=g\",\"contentUrl\":\"https:\\\/\\\/secure.gravatar.com\\\/avatar\\\/7a4cf8feb412a76ea4a740ca02d95b06b2907b5a6c648c2dd0a1082a093c3141?s=96&d=mm&r=g\",\"caption\":\"Comunicaci\u00f3 Esplac\"}}]}<\/script>\n<!-- \/ Yoast SEO plugin. -->","yoast_head_json":{"title":"Tota la informaci\u00f3 sobre l\u2019\u00e0rea d'ASI, al nou apartat web!","description":"Voleu saber m\u00e9s sobre l\u2019\u00e0rea de prevenci\u00f3 i abordatge de l\u2019ab\u00fas sexual infantil? Ja podeu consultar el nou apartat web!","robots":{"index":"index","follow":"follow","max-snippet":"max-snippet:-1","max-image-preview":"max-image-preview:large","max-video-preview":"max-video-preview:-1"},"canonical":"https:\/\/www.esplac.cat\/voleu-saber-mes-sobre-area-asi-web\/","og_locale":"es_ES","og_type":"article","og_title":"Tota la informaci\u00f3 sobre l\u2019\u00e0rea d'ASI, al nou apartat web!","og_description":"Voleu saber m\u00e9s sobre l\u2019\u00e0rea de prevenci\u00f3 i abordatge de l\u2019ab\u00fas sexual infantil? Ja podeu consultar el nou apartat web!","og_url":"https:\/\/www.esplac.cat\/voleu-saber-mes-sobre-area-asi-web\/","og_site_name":"Esplac","article_published_time":"2024-05-22T08:02:59+00:00","article_modified_time":"2024-05-22T11:09:51+00:00","og_image":[{"width":1697,"height":700,"url":"https:\/\/www.esplac.cat\/wp-content\/uploads\/2024\/05\/WEB-ASI.jpg","type":"image\/jpeg"}],"author":"Comunicaci\u00f3 Esplac","twitter_card":"summary_large_image","twitter_misc":{"Escrito por":"Comunicaci\u00f3 Esplac","Tiempo de lectura":"3 minutos"},"schema":{"@context":"https:\/\/schema.org","@graph":[{"@type":"Article","@id":"https:\/\/www.esplac.cat\/voleu-saber-mes-sobre-area-asi-web\/#article","isPartOf":{"@id":"https:\/\/www.esplac.cat\/voleu-saber-mes-sobre-area-asi-web\/"},"author":{"name":"Comunicaci\u00f3 Esplac","@id":"https:\/\/www.esplac.cat\/#\/schema\/person\/908383cf240be18b68f8855d0583faca"},"headline":"Voleu saber m\u00e9s sobre l\u2019\u00e0rea de prevenci\u00f3 i abordatge de l\u2019ab\u00fas sexual infantil? Nou apartat web disponible!","datePublished":"2024-05-22T08:02:59+00:00","dateModified":"2024-05-22T11:09:51+00:00","mainEntityOfPage":{"@id":"https:\/\/www.esplac.cat\/voleu-saber-mes-sobre-area-asi-web\/"},"wordCount":1521,"publisher":{"@id":"https:\/\/www.esplac.cat\/#organization"},"image":{"@id":"https:\/\/www.esplac.cat\/voleu-saber-mes-sobre-area-asi-web\/#primaryimage"},"thumbnailUrl":"https:\/\/www.esplac.cat\/wp-content\/uploads\/2024\/05\/WEB-ASI.jpg","articleSection":["\u00c0rea ASI","Sense categoria"],"inLanguage":"es"},{"@type":"WebPage","@id":"https:\/\/www.esplac.cat\/voleu-saber-mes-sobre-area-asi-web\/","url":"https:\/\/www.esplac.cat\/voleu-saber-mes-sobre-area-asi-web\/","name":"Tota la informaci\u00f3 sobre l\u2019\u00e0rea d'ASI, al nou apartat web!","isPartOf":{"@id":"https:\/\/www.esplac.cat\/#website"},"primaryImageOfPage":{"@id":"https:\/\/www.esplac.cat\/voleu-saber-mes-sobre-area-asi-web\/#primaryimage"},"image":{"@id":"https:\/\/www.esplac.cat\/voleu-saber-mes-sobre-area-asi-web\/#primaryimage"},"thumbnailUrl":"https:\/\/www.esplac.cat\/wp-content\/uploads\/2024\/05\/WEB-ASI.jpg","datePublished":"2024-05-22T08:02:59+00:00","dateModified":"2024-05-22T11:09:51+00:00","description":"Voleu saber m\u00e9s sobre l\u2019\u00e0rea de prevenci\u00f3 i abordatge de l\u2019ab\u00fas sexual infantil? Ja podeu consultar el nou apartat web!","breadcrumb":{"@id":"https:\/\/www.esplac.cat\/voleu-saber-mes-sobre-area-asi-web\/#breadcrumb"},"inLanguage":"es","potentialAction":[{"@type":"ReadAction","target":["https:\/\/www.esplac.cat\/voleu-saber-mes-sobre-area-asi-web\/"]}]},{"@type":"ImageObject","inLanguage":"es","@id":"https:\/\/www.esplac.cat\/voleu-saber-mes-sobre-area-asi-web\/#primaryimage","url":"https:\/\/www.esplac.cat\/wp-content\/uploads\/2024\/05\/WEB-ASI.jpg","contentUrl":"https:\/\/www.esplac.cat\/wp-content\/uploads\/2024\/05\/WEB-ASI.jpg","width":1697,"height":700,"caption":"ASI"},{"@type":"BreadcrumbList","@id":"https:\/\/www.esplac.cat\/voleu-saber-mes-sobre-area-asi-web\/#breadcrumb","itemListElement":[{"@type":"ListItem","position":1,"name":"Inici","item":"https:\/\/www.esplac.cat\/es\/"},{"@type":"ListItem","position":2,"name":"Voleu saber m\u00e9s sobre l\u2019\u00e0rea de prevenci\u00f3 i abordatge de l\u2019ab\u00fas sexual infantil? Nou apartat web disponible!"}]},{"@type":"WebSite","@id":"https:\/\/www.esplac.cat\/#website","url":"https:\/\/www.esplac.cat\/","name":"Esplac","description":"Esplais Catalans","publisher":{"@id":"https:\/\/www.esplac.cat\/#organization"},"potentialAction":[{"@type":"SearchAction","target":{"@type":"EntryPoint","urlTemplate":"https:\/\/www.esplac.cat\/?s={search_term_string}"},"query-input":{"@type":"PropertyValueSpecification","valueRequired":true,"valueName":"search_term_string"}}],"inLanguage":"es"},{"@type":"Organization","@id":"https:\/\/www.esplac.cat\/#organization","name":"Esplac","url":"https:\/\/www.esplac.cat\/","logo":{"@type":"ImageObject","inLanguage":"es","@id":"https:\/\/www.esplac.cat\/#\/schema\/logo\/image\/","url":"https:\/\/www.esplac.cat\/wp-content\/uploads\/2019\/08\/logox2.png","contentUrl":"https:\/\/www.esplac.cat\/wp-content\/uploads\/2019\/08\/logox2.png","width":600,"height":295,"caption":"Esplac"},"image":{"@id":"https:\/\/www.esplac.cat\/#\/schema\/logo\/image\/"}},{"@type":"Person","@id":"https:\/\/www.esplac.cat\/#\/schema\/person\/908383cf240be18b68f8855d0583faca","name":"Comunicaci\u00f3 Esplac","image":{"@type":"ImageObject","inLanguage":"es","@id":"https:\/\/secure.gravatar.com\/avatar\/7a4cf8feb412a76ea4a740ca02d95b06b2907b5a6c648c2dd0a1082a093c3141?s=96&d=mm&r=g","url":"https:\/\/secure.gravatar.com\/avatar\/7a4cf8feb412a76ea4a740ca02d95b06b2907b5a6c648c2dd0a1082a093c3141?s=96&d=mm&r=g","contentUrl":"https:\/\/secure.gravatar.com\/avatar\/7a4cf8feb412a76ea4a740ca02d95b06b2907b5a6c648c2dd0a1082a093c3141?s=96&d=mm&r=g","caption":"Comunicaci\u00f3 Esplac"}}]}},"_links":{"self":[{"href":"https:\/\/www.esplac.cat\/es\/wp-json\/wp\/v2\/posts\/50054","targetHints":{"allow":["GET"]}}],"collection":[{"href":"https:\/\/www.esplac.cat\/es\/wp-json\/wp\/v2\/posts"}],"about":[{"href":"https:\/\/www.esplac.cat\/es\/wp-json\/wp\/v2\/types\/post"}],"author":[{"embeddable":true,"href":"https:\/\/www.esplac.cat\/es\/wp-json\/wp\/v2\/users\/3"}],"replies":[{"embeddable":true,"href":"https:\/\/www.esplac.cat\/es\/wp-json\/wp\/v2\/comments?post=50054"}],"version-history":[{"count":6,"href":"https:\/\/www.esplac.cat\/es\/wp-json\/wp\/v2\/posts\/50054\/revisions"}],"predecessor-version":[{"id":50082,"href":"https:\/\/www.esplac.cat\/es\/wp-json\/wp\/v2\/posts\/50054\/revisions\/50082"}],"wp:featuredmedia":[{"embeddable":true,"href":"https:\/\/www.esplac.cat\/es\/wp-json\/wp\/v2\/media\/50083"}],"wp:attachment":[{"href":"https:\/\/www.esplac.cat\/es\/wp-json\/wp\/v2\/media?parent=50054"}],"wp:term":[{"taxonomy":"category","embeddable":true,"href":"https:\/\/www.esplac.cat\/es\/wp-json\/wp\/v2\/categories?post=50054"},{"taxonomy":"post_tag","embeddable":true,"href":"https:\/\/www.esplac.cat\/es\/wp-json\/wp\/v2\/tags?post=50054"}],"curies":[{"name":"wp","href":"https:\/\/api.w.org\/{rel}","templated":true}]}}