{"id":5012,"date":"2018-11-05T12:16:33","date_gmt":"2018-11-05T10:16:33","guid":{"rendered":"https:\/\/www.somesplai.cat\/?p=5012"},"modified":"2019-11-28T13:31:24","modified_gmt":"2019-11-28T12:31:24","slug":"primers-passos-barcelona","status":"publish","type":"post","link":"https:\/\/www.esplac.cat\/es\/primers-passos-barcelona\/","title":{"rendered":"Primers passos a Barcelona"},"content":{"rendered":"<h5 class=\"p1\" style=\"text-align: justify;\">05-novembre-2018<\/h5>\n<p>Autor:<strong>&nbsp;Aleksi Paakkinen<\/strong>, SVE&nbsp;finland\u00e8s a Barcelona i monitor de l\u2019Esplai Sarau.<\/p>\n<hr>\n<p style=\"text-align: justify;\">La primera cosa i la m\u00e9s dif\u00edcil quan marxes fora del teu pa\u00eds \u00e9s que, inevitablement, est\u00e0s sol. No mentir\u00e9, \u00e9s com et sents quan arribes i ning\u00fa pot fer res, ho has d&#8217;acceptar de la millor manera.\u2028 Ara, un mes m\u00e9s tard, honestament puc dir que<strong> em sento com a casa.<\/strong> He conegut als altres monitors del meu grup (Tagues) i a les persones d&#8217;Esplac. Hem tingut v\u00e0ries activitats amb el grup i algunes reunions amb els i les monitores, a m\u00e9s a m\u00e9s d&#8217;estar dos vegades a l&#8217;oficina d&#8217;Esplac. \u00c9s realment incre\u00efble tot el que pot passar en 30 dies o menys.<\/p>\n<p style=\"text-align: justify;\">\u00d2bviament la cosa m\u00e9s dif\u00edcil (i la m\u00e9s important) \u00e9s <strong>aprendre la llengua<\/strong>. Actualment tinc un nivell b\u00e0sic: puc presentar-me en catal\u00e0. Estic agra\u00eft i content que hi hagi tant suport per aprendre una nova llengua. Aix\u00f2 realment em t\u00e9 motivat.<\/p>\n<p style=\"text-align: justify;\">En general, <strong>cada dia em sento m\u00e9s segur i cada dia aprenc coses noves<\/strong>. S\u00f3c conscient que aquest projecte, l&#8217;SVE, dura un any i que encara em queden 11 mesos al davant. Estar\u00e9 content i agra\u00eft que cada dia que passi em far\u00e0 ser millor monitor. L&#8217;entusiasme s&#8217;ha convertit en seguretat i tranquil\u00b7litat gr\u00e0cies a tot el suport que rebo de tota la gent que m&#8217;envolta.<\/p>\n<p style=\"text-align: justify;\">&nbsp;<\/p>\n<p style=\"text-align: justify;\">&nbsp;<\/p>\n","protected":false},"excerpt":{"rendered":"<p>05-novembre-2018 Autor:&nbsp;Aleksi Paakkinen, SVE&nbsp;finland\u00e8s a Barcelona i monitor de l\u2019Esplai [&hellip;]<\/p>\n","protected":false},"author":3,"featured_media":5016,"comment_status":"closed","ping_status":"closed","sticky":false,"template":"","format":"standard","meta":{"om_disable_all_campaigns":false,"_monsterinsights_skip_tracking":false,"_monsterinsights_sitenote_active":false,"_monsterinsights_sitenote_note":"","_monsterinsights_sitenote_category":0,"_uf_show_specific_survey":0,"_uf_disable_surveys":false,"footnotes":""},"categories":[1168],"tags":[481,1002,1003,990,1006,873,187],"class_list":["post-5012","post","type-post","status-publish","format-standard","has-post-thumbnail","hentry","category-creuant_mirades","tag-barcelona","tag-educacio-popular","tag-esplai","tag-finlandia","tag-lleure","tag-monitor","tag-sve"],"yoast_head":"<!-- This site is optimized with the Yoast SEO plugin v27.5 - https:\/\/yoast.com\/product\/yoast-seo-wordpress\/ -->\n<title>Primers passos a Barcelona - Esplac<\/title>\n<meta name=\"robots\" content=\"index, follow, max-snippet:-1, max-image-preview:large, max-video-preview:-1\" \/>\n<link rel=\"canonical\" href=\"https:\/\/www.esplac.cat\/primers-passos-barcelona\/\" \/>\n<meta property=\"og:locale\" content=\"es_ES\" \/>\n<meta property=\"og:type\" content=\"article\" \/>\n<meta property=\"og:title\" content=\"Primers passos a Barcelona - Esplac\" \/>\n<meta property=\"og:description\" content=\"05-novembre-2018 Autor:&nbsp;Aleksi Paakkinen, SVE&nbsp;finland\u00e8s a Barcelona i monitor de l\u2019Esplai [&hellip;]\" \/>\n<meta property=\"og:url\" content=\"https:\/\/www.esplac.cat\/primers-passos-barcelona\/\" \/>\n<meta property=\"og:site_name\" content=\"Esplac\" \/>\n<meta property=\"article:published_time\" content=\"2018-11-05T10:16:33+00:00\" \/>\n<meta property=\"article:modified_time\" content=\"2019-11-28T12:31:24+00:00\" \/>\n<meta property=\"og:image\" content=\"https:\/\/www.esplac.cat\/wp-content\/uploads\/2019\/11\/logo-open.jpg\" \/>\n\t<meta property=\"og:image:width\" content=\"1200\" \/>\n\t<meta property=\"og:image:height\" content=\"630\" \/>\n\t<meta property=\"og:image:type\" content=\"image\/jpeg\" \/>\n<meta name=\"author\" content=\"Comunicaci\u00f3 Esplac\" \/>\n<meta name=\"twitter:card\" content=\"summary_large_image\" \/>\n<meta name=\"twitter:label1\" content=\"Escrito por\" \/>\n\t<meta name=\"twitter:data1\" content=\"Comunicaci\u00f3 Esplac\" \/>\n\t<meta name=\"twitter:label2\" content=\"Tiempo de lectura\" \/>\n\t<meta name=\"twitter:data2\" content=\"1 minuto\" \/>\n<script type=\"application\/ld+json\" class=\"yoast-schema-graph\">{\"@context\":\"https:\\\/\\\/schema.org\",\"@graph\":[{\"@type\":\"Article\",\"@id\":\"https:\\\/\\\/www.esplac.cat\\\/primers-passos-barcelona\\\/#article\",\"isPartOf\":{\"@id\":\"https:\\\/\\\/www.esplac.cat\\\/primers-passos-barcelona\\\/\"},\"author\":{\"name\":\"Comunicaci\u00f3 Esplac\",\"@id\":\"https:\\\/\\\/www.esplac.cat\\\/#\\\/schema\\\/person\\\/908383cf240be18b68f8855d0583faca\"},\"headline\":\"Primers passos a Barcelona\",\"datePublished\":\"2018-11-05T10:16:33+00:00\",\"dateModified\":\"2019-11-28T12:31:24+00:00\",\"mainEntityOfPage\":{\"@id\":\"https:\\\/\\\/www.esplac.cat\\\/primers-passos-barcelona\\\/\"},\"wordCount\":260,\"publisher\":{\"@id\":\"https:\\\/\\\/www.esplac.cat\\\/#organization\"},\"image\":{\"@id\":\"https:\\\/\\\/www.esplac.cat\\\/primers-passos-barcelona\\\/#primaryimage\"},\"thumbnailUrl\":\"\",\"keywords\":[\"barcelona\",\"educaci\u00f3 popular\",\"esplai\",\"Finlandia\",\"lleure\",\"monitor\",\"sve\"],\"articleSection\":[\"Creuant mirades\"],\"inLanguage\":\"es\"},{\"@type\":\"WebPage\",\"@id\":\"https:\\\/\\\/www.esplac.cat\\\/primers-passos-barcelona\\\/\",\"url\":\"https:\\\/\\\/www.esplac.cat\\\/primers-passos-barcelona\\\/\",\"name\":\"Primers passos a Barcelona - Esplac\",\"isPartOf\":{\"@id\":\"https:\\\/\\\/www.esplac.cat\\\/#website\"},\"primaryImageOfPage\":{\"@id\":\"https:\\\/\\\/www.esplac.cat\\\/primers-passos-barcelona\\\/#primaryimage\"},\"image\":{\"@id\":\"https:\\\/\\\/www.esplac.cat\\\/primers-passos-barcelona\\\/#primaryimage\"},\"thumbnailUrl\":\"\",\"datePublished\":\"2018-11-05T10:16:33+00:00\",\"dateModified\":\"2019-11-28T12:31:24+00:00\",\"breadcrumb\":{\"@id\":\"https:\\\/\\\/www.esplac.cat\\\/primers-passos-barcelona\\\/#breadcrumb\"},\"inLanguage\":\"es\",\"potentialAction\":[{\"@type\":\"ReadAction\",\"target\":[\"https:\\\/\\\/www.esplac.cat\\\/primers-passos-barcelona\\\/\"]}]},{\"@type\":\"ImageObject\",\"inLanguage\":\"es\",\"@id\":\"https:\\\/\\\/www.esplac.cat\\\/primers-passos-barcelona\\\/#primaryimage\",\"url\":\"\",\"contentUrl\":\"\"},{\"@type\":\"BreadcrumbList\",\"@id\":\"https:\\\/\\\/www.esplac.cat\\\/primers-passos-barcelona\\\/#breadcrumb\",\"itemListElement\":[{\"@type\":\"ListItem\",\"position\":1,\"name\":\"Inici\",\"item\":\"https:\\\/\\\/www.esplac.cat\\\/es\\\/\"},{\"@type\":\"ListItem\",\"position\":2,\"name\":\"Primers passos a Barcelona\"}]},{\"@type\":\"WebSite\",\"@id\":\"https:\\\/\\\/www.esplac.cat\\\/#website\",\"url\":\"https:\\\/\\\/www.esplac.cat\\\/\",\"name\":\"Esplac\",\"description\":\"Esplais Catalans\",\"publisher\":{\"@id\":\"https:\\\/\\\/www.esplac.cat\\\/#organization\"},\"potentialAction\":[{\"@type\":\"SearchAction\",\"target\":{\"@type\":\"EntryPoint\",\"urlTemplate\":\"https:\\\/\\\/www.esplac.cat\\\/?s={search_term_string}\"},\"query-input\":{\"@type\":\"PropertyValueSpecification\",\"valueRequired\":true,\"valueName\":\"search_term_string\"}}],\"inLanguage\":\"es\"},{\"@type\":\"Organization\",\"@id\":\"https:\\\/\\\/www.esplac.cat\\\/#organization\",\"name\":\"Esplac\",\"url\":\"https:\\\/\\\/www.esplac.cat\\\/\",\"logo\":{\"@type\":\"ImageObject\",\"inLanguage\":\"es\",\"@id\":\"https:\\\/\\\/www.esplac.cat\\\/#\\\/schema\\\/logo\\\/image\\\/\",\"url\":\"https:\\\/\\\/www.esplac.cat\\\/wp-content\\\/uploads\\\/2019\\\/08\\\/logox2.png\",\"contentUrl\":\"https:\\\/\\\/www.esplac.cat\\\/wp-content\\\/uploads\\\/2019\\\/08\\\/logox2.png\",\"width\":600,\"height\":295,\"caption\":\"Esplac\"},\"image\":{\"@id\":\"https:\\\/\\\/www.esplac.cat\\\/#\\\/schema\\\/logo\\\/image\\\/\"}},{\"@type\":\"Person\",\"@id\":\"https:\\\/\\\/www.esplac.cat\\\/#\\\/schema\\\/person\\\/908383cf240be18b68f8855d0583faca\",\"name\":\"Comunicaci\u00f3 Esplac\",\"image\":{\"@type\":\"ImageObject\",\"inLanguage\":\"es\",\"@id\":\"https:\\\/\\\/secure.gravatar.com\\\/avatar\\\/7a4cf8feb412a76ea4a740ca02d95b06b2907b5a6c648c2dd0a1082a093c3141?s=96&d=mm&r=g\",\"url\":\"https:\\\/\\\/secure.gravatar.com\\\/avatar\\\/7a4cf8feb412a76ea4a740ca02d95b06b2907b5a6c648c2dd0a1082a093c3141?s=96&d=mm&r=g\",\"contentUrl\":\"https:\\\/\\\/secure.gravatar.com\\\/avatar\\\/7a4cf8feb412a76ea4a740ca02d95b06b2907b5a6c648c2dd0a1082a093c3141?s=96&d=mm&r=g\",\"caption\":\"Comunicaci\u00f3 Esplac\"}}]}<\/script>\n<!-- \/ Yoast SEO plugin. -->","yoast_head_json":{"title":"Primers passos a Barcelona - Esplac","robots":{"index":"index","follow":"follow","max-snippet":"max-snippet:-1","max-image-preview":"max-image-preview:large","max-video-preview":"max-video-preview:-1"},"canonical":"https:\/\/www.esplac.cat\/primers-passos-barcelona\/","og_locale":"es_ES","og_type":"article","og_title":"Primers passos a Barcelona - Esplac","og_description":"05-novembre-2018 Autor:&nbsp;Aleksi Paakkinen, SVE&nbsp;finland\u00e8s a Barcelona i monitor de l\u2019Esplai [&hellip;]","og_url":"https:\/\/www.esplac.cat\/primers-passos-barcelona\/","og_site_name":"Esplac","article_published_time":"2018-11-05T10:16:33+00:00","article_modified_time":"2019-11-28T12:31:24+00:00","og_image":[{"width":1200,"height":630,"url":"https:\/\/www.esplac.cat\/wp-content\/uploads\/2019\/11\/logo-open.jpg","type":"image\/jpeg"}],"author":"Comunicaci\u00f3 Esplac","twitter_card":"summary_large_image","twitter_misc":{"Escrito por":"Comunicaci\u00f3 Esplac","Tiempo de lectura":"1 minuto"},"schema":{"@context":"https:\/\/schema.org","@graph":[{"@type":"Article","@id":"https:\/\/www.esplac.cat\/primers-passos-barcelona\/#article","isPartOf":{"@id":"https:\/\/www.esplac.cat\/primers-passos-barcelona\/"},"author":{"name":"Comunicaci\u00f3 Esplac","@id":"https:\/\/www.esplac.cat\/#\/schema\/person\/908383cf240be18b68f8855d0583faca"},"headline":"Primers passos a Barcelona","datePublished":"2018-11-05T10:16:33+00:00","dateModified":"2019-11-28T12:31:24+00:00","mainEntityOfPage":{"@id":"https:\/\/www.esplac.cat\/primers-passos-barcelona\/"},"wordCount":260,"publisher":{"@id":"https:\/\/www.esplac.cat\/#organization"},"image":{"@id":"https:\/\/www.esplac.cat\/primers-passos-barcelona\/#primaryimage"},"thumbnailUrl":"","keywords":["barcelona","educaci\u00f3 popular","esplai","Finlandia","lleure","monitor","sve"],"articleSection":["Creuant mirades"],"inLanguage":"es"},{"@type":"WebPage","@id":"https:\/\/www.esplac.cat\/primers-passos-barcelona\/","url":"https:\/\/www.esplac.cat\/primers-passos-barcelona\/","name":"Primers passos a Barcelona - Esplac","isPartOf":{"@id":"https:\/\/www.esplac.cat\/#website"},"primaryImageOfPage":{"@id":"https:\/\/www.esplac.cat\/primers-passos-barcelona\/#primaryimage"},"image":{"@id":"https:\/\/www.esplac.cat\/primers-passos-barcelona\/#primaryimage"},"thumbnailUrl":"","datePublished":"2018-11-05T10:16:33+00:00","dateModified":"2019-11-28T12:31:24+00:00","breadcrumb":{"@id":"https:\/\/www.esplac.cat\/primers-passos-barcelona\/#breadcrumb"},"inLanguage":"es","potentialAction":[{"@type":"ReadAction","target":["https:\/\/www.esplac.cat\/primers-passos-barcelona\/"]}]},{"@type":"ImageObject","inLanguage":"es","@id":"https:\/\/www.esplac.cat\/primers-passos-barcelona\/#primaryimage","url":"","contentUrl":""},{"@type":"BreadcrumbList","@id":"https:\/\/www.esplac.cat\/primers-passos-barcelona\/#breadcrumb","itemListElement":[{"@type":"ListItem","position":1,"name":"Inici","item":"https:\/\/www.esplac.cat\/es\/"},{"@type":"ListItem","position":2,"name":"Primers passos a Barcelona"}]},{"@type":"WebSite","@id":"https:\/\/www.esplac.cat\/#website","url":"https:\/\/www.esplac.cat\/","name":"Esplac","description":"Esplais Catalans","publisher":{"@id":"https:\/\/www.esplac.cat\/#organization"},"potentialAction":[{"@type":"SearchAction","target":{"@type":"EntryPoint","urlTemplate":"https:\/\/www.esplac.cat\/?s={search_term_string}"},"query-input":{"@type":"PropertyValueSpecification","valueRequired":true,"valueName":"search_term_string"}}],"inLanguage":"es"},{"@type":"Organization","@id":"https:\/\/www.esplac.cat\/#organization","name":"Esplac","url":"https:\/\/www.esplac.cat\/","logo":{"@type":"ImageObject","inLanguage":"es","@id":"https:\/\/www.esplac.cat\/#\/schema\/logo\/image\/","url":"https:\/\/www.esplac.cat\/wp-content\/uploads\/2019\/08\/logox2.png","contentUrl":"https:\/\/www.esplac.cat\/wp-content\/uploads\/2019\/08\/logox2.png","width":600,"height":295,"caption":"Esplac"},"image":{"@id":"https:\/\/www.esplac.cat\/#\/schema\/logo\/image\/"}},{"@type":"Person","@id":"https:\/\/www.esplac.cat\/#\/schema\/person\/908383cf240be18b68f8855d0583faca","name":"Comunicaci\u00f3 Esplac","image":{"@type":"ImageObject","inLanguage":"es","@id":"https:\/\/secure.gravatar.com\/avatar\/7a4cf8feb412a76ea4a740ca02d95b06b2907b5a6c648c2dd0a1082a093c3141?s=96&d=mm&r=g","url":"https:\/\/secure.gravatar.com\/avatar\/7a4cf8feb412a76ea4a740ca02d95b06b2907b5a6c648c2dd0a1082a093c3141?s=96&d=mm&r=g","contentUrl":"https:\/\/secure.gravatar.com\/avatar\/7a4cf8feb412a76ea4a740ca02d95b06b2907b5a6c648c2dd0a1082a093c3141?s=96&d=mm&r=g","caption":"Comunicaci\u00f3 Esplac"}}]}},"_links":{"self":[{"href":"https:\/\/www.esplac.cat\/es\/wp-json\/wp\/v2\/posts\/5012","targetHints":{"allow":["GET"]}}],"collection":[{"href":"https:\/\/www.esplac.cat\/es\/wp-json\/wp\/v2\/posts"}],"about":[{"href":"https:\/\/www.esplac.cat\/es\/wp-json\/wp\/v2\/types\/post"}],"author":[{"embeddable":true,"href":"https:\/\/www.esplac.cat\/es\/wp-json\/wp\/v2\/users\/3"}],"replies":[{"embeddable":true,"href":"https:\/\/www.esplac.cat\/es\/wp-json\/wp\/v2\/comments?post=5012"}],"version-history":[{"count":0,"href":"https:\/\/www.esplac.cat\/es\/wp-json\/wp\/v2\/posts\/5012\/revisions"}],"wp:featuredmedia":[{"embeddable":true,"href":"https:\/\/www.esplac.cat\/es\/wp-json\/"}],"wp:attachment":[{"href":"https:\/\/www.esplac.cat\/es\/wp-json\/wp\/v2\/media?parent=5012"}],"wp:term":[{"taxonomy":"category","embeddable":true,"href":"https:\/\/www.esplac.cat\/es\/wp-json\/wp\/v2\/categories?post=5012"},{"taxonomy":"post_tag","embeddable":true,"href":"https:\/\/www.esplac.cat\/es\/wp-json\/wp\/v2\/tags?post=5012"}],"curies":[{"name":"wp","href":"https:\/\/api.w.org\/{rel}","templated":true}]}}