{"id":50129,"date":"2024-05-23T11:03:23","date_gmt":"2024-05-23T09:03:23","guid":{"rendered":"https:\/\/www.esplac.cat\/?p=50129"},"modified":"2024-05-23T11:03:23","modified_gmt":"2024-05-23T09:03:23","slug":"apuntat-campaments-internacionals-sud-londres","status":"publish","type":"post","link":"https:\/\/www.esplac.cat\/es\/apuntat-campaments-internacionals-sud-londres\/","title":{"rendered":"Apunta\u2019t amb el teu grup a uns campaments internacionals al sud de Londres!"},"content":{"rendered":"<div class=\"fusion-fullwidth fullwidth-box fusion-builder-row-1 fusion-flex-container has-pattern-background has-mask-background nonhundred-percent-fullwidth non-hundred-percent-height-scrolling\" style=\"--awb-border-radius-top-left:0px;--awb-border-radius-top-right:0px;--awb-border-radius-bottom-right:0px;--awb-border-radius-bottom-left:0px;--awb-flex-wrap:wrap;\" ><div class=\"fusion-builder-row fusion-row fusion-flex-align-items-flex-start fusion-flex-content-wrap\" style=\"max-width:1248px;margin-left: calc(-4% \/ 2 );margin-right: calc(-4% \/ 2 );\"><div class=\"fusion-layout-column fusion_builder_column fusion-builder-column-0 fusion_builder_column_1_1 1_1 fusion-flex-column\" style=\"--awb-bg-size:cover;--awb-width-large:100%;--awb-margin-top-large:0px;--awb-spacing-right-large:1.92%;--awb-margin-bottom-large:20px;--awb-spacing-left-large:1.92%;--awb-width-medium:100%;--awb-order-medium:0;--awb-spacing-right-medium:1.92%;--awb-spacing-left-medium:1.92%;--awb-width-small:100%;--awb-order-small:0;--awb-spacing-right-small:1.92%;--awb-spacing-left-small:1.92%;\"><div class=\"fusion-column-wrapper fusion-column-has-shadow fusion-flex-justify-content-flex-start fusion-content-layout-column\"><div class=\"fusion-text fusion-text-1\"><h6><strong>Woodcraft Folk d\u2019Anglaterra convida a un grup d\u2019Esplac al seu campament internacional!<\/strong><\/h6>\n<p>Si encara esteu buscant una <strong>oportunitat internacional<\/strong> per aquest estiu, l\u2019entitat <span style=\"color: #f69d0b;\"><a style=\"color: #f69d0b;\" href=\"https:\/\/woodcraft.org.uk\/\" target=\"_blank\" rel=\"noopener\"><strong>Woodcraft Folk<\/strong><\/a><\/span> d\u2019Anglaterra organitza un campament obert a grups internacionals <strong>del 27 de juliol al 3 d\u2019agost<\/strong>, a prop de Londres, conjuntament amb altres entitats i grups d\u2019edat diversos de les seves entitats. <strong>Tots els grups d\u2019edats hi s\u00f3n benvinguts<\/strong>, fins i tot els m\u00e9s petits!<\/p>\n<p>Woodcraft Folk \u00e9s una entitat centen\u00e0ria amb llarga tradici\u00f3 d\u2019organitzar campaments de grans dimensions, amb la idea de crear una comunitat cooperativa, per tal de viure, aprendre noves maneres de fer i con\u00e8ixer gent.<\/p>\n<p>El preu del campament s\u00f3n 150\u00a3 (uns 175 euros) + el viatge fins a Londres.<\/p>\n<p>Per a m\u00e9s informaci\u00f3 i inscripcions contacteu amb <a href=\"mailto:internacional@esplac.cat\" target=\"_blank\" rel=\"noopener\"><strong><span style=\"color: #f69d0b;\">internacional@esplac.cat<\/span><\/strong><\/a> \/ 93 302 61 03 \/ 637 04 42 26<\/p>\n<\/div><\/div><\/div><\/div><\/div>\n","protected":false},"excerpt":{"rendered":"","protected":false},"author":3,"featured_media":50131,"comment_status":"closed","ping_status":"closed","sticky":false,"template":"","format":"standard","meta":{"om_disable_all_campaigns":false,"_monsterinsights_skip_tracking":false,"_monsterinsights_sitenote_active":false,"_monsterinsights_sitenote_note":"","_monsterinsights_sitenote_category":0,"_uf_show_specific_survey":0,"_uf_disable_surveys":false,"footnotes":""},"categories":[1112,1],"tags":[],"class_list":["post-50129","post","type-post","status-publish","format-standard","has-post-thumbnail","hentry","category-esplac-al-mon","category-sense-categoria"],"yoast_head":"<!-- This site is optimized with the Yoast SEO plugin v27.5 - https:\/\/yoast.com\/product\/yoast-seo-wordpress\/ -->\n<title>Apunta\u2019t amb el teu grup a uns campaments internacionals!<\/title>\n<meta name=\"description\" content=\"L&#039;entitat Woodcraft Folk d\u2019Anglaterra convida a un grup d\u2019Esplac al seu campament internacional, del 27 de juliol al 3 d&#039;agost.\" \/>\n<meta name=\"robots\" content=\"index, follow, max-snippet:-1, max-image-preview:large, max-video-preview:-1\" \/>\n<link rel=\"canonical\" href=\"https:\/\/www.esplac.cat\/apuntat-campaments-internacionals-sud-londres\/\" \/>\n<meta property=\"og:locale\" content=\"es_ES\" \/>\n<meta property=\"og:type\" content=\"article\" \/>\n<meta property=\"og:title\" content=\"Apunta\u2019t amb el teu grup a uns campaments internacionals!\" \/>\n<meta property=\"og:description\" content=\"L&#039;entitat Woodcraft Folk d\u2019Anglaterra convida a un grup d\u2019Esplac al seu campament internacional, del 27 de juliol al 3 d&#039;agost.\" \/>\n<meta property=\"og:url\" content=\"https:\/\/www.esplac.cat\/apuntat-campaments-internacionals-sud-londres\/\" \/>\n<meta property=\"og:site_name\" content=\"Esplac\" \/>\n<meta property=\"article:published_time\" content=\"2024-05-23T09:03:23+00:00\" \/>\n<meta property=\"og:image\" content=\"https:\/\/www.esplac.cat\/wp-content\/uploads\/2024\/05\/Woodcraft.jpg\" \/>\n\t<meta property=\"og:image:width\" content=\"1697\" \/>\n\t<meta property=\"og:image:height\" content=\"700\" \/>\n\t<meta property=\"og:image:type\" content=\"image\/jpeg\" \/>\n<meta name=\"author\" content=\"Comunicaci\u00f3 Esplac\" \/>\n<meta name=\"twitter:card\" content=\"summary_large_image\" \/>\n<meta name=\"twitter:label1\" content=\"Escrito por\" \/>\n\t<meta name=\"twitter:data1\" content=\"Comunicaci\u00f3 Esplac\" \/>\n\t<meta name=\"twitter:label2\" content=\"Tiempo de lectura\" \/>\n\t<meta name=\"twitter:data2\" content=\"1 minuto\" \/>\n<script type=\"application\/ld+json\" class=\"yoast-schema-graph\">{\"@context\":\"https:\\\/\\\/schema.org\",\"@graph\":[{\"@type\":\"Article\",\"@id\":\"https:\\\/\\\/www.esplac.cat\\\/apuntat-campaments-internacionals-sud-londres\\\/#article\",\"isPartOf\":{\"@id\":\"https:\\\/\\\/www.esplac.cat\\\/apuntat-campaments-internacionals-sud-londres\\\/\"},\"author\":{\"name\":\"Comunicaci\u00f3 Esplac\",\"@id\":\"https:\\\/\\\/www.esplac.cat\\\/#\\\/schema\\\/person\\\/908383cf240be18b68f8855d0583faca\"},\"headline\":\"Apunta\u2019t amb el teu grup a uns campaments internacionals al sud de Londres!\",\"datePublished\":\"2024-05-23T09:03:23+00:00\",\"mainEntityOfPage\":{\"@id\":\"https:\\\/\\\/www.esplac.cat\\\/apuntat-campaments-internacionals-sud-londres\\\/\"},\"wordCount\":1109,\"publisher\":{\"@id\":\"https:\\\/\\\/www.esplac.cat\\\/#organization\"},\"image\":{\"@id\":\"https:\\\/\\\/www.esplac.cat\\\/apuntat-campaments-internacionals-sud-londres\\\/#primaryimage\"},\"thumbnailUrl\":\"https:\\\/\\\/www.esplac.cat\\\/wp-content\\\/uploads\\\/2024\\\/05\\\/Woodcraft.jpg\",\"articleSection\":[\"Esplac al m\u00f3n\",\"Sense categoria\"],\"inLanguage\":\"es\"},{\"@type\":\"WebPage\",\"@id\":\"https:\\\/\\\/www.esplac.cat\\\/apuntat-campaments-internacionals-sud-londres\\\/\",\"url\":\"https:\\\/\\\/www.esplac.cat\\\/apuntat-campaments-internacionals-sud-londres\\\/\",\"name\":\"Apunta\u2019t amb el teu grup a uns campaments internacionals!\",\"isPartOf\":{\"@id\":\"https:\\\/\\\/www.esplac.cat\\\/#website\"},\"primaryImageOfPage\":{\"@id\":\"https:\\\/\\\/www.esplac.cat\\\/apuntat-campaments-internacionals-sud-londres\\\/#primaryimage\"},\"image\":{\"@id\":\"https:\\\/\\\/www.esplac.cat\\\/apuntat-campaments-internacionals-sud-londres\\\/#primaryimage\"},\"thumbnailUrl\":\"https:\\\/\\\/www.esplac.cat\\\/wp-content\\\/uploads\\\/2024\\\/05\\\/Woodcraft.jpg\",\"datePublished\":\"2024-05-23T09:03:23+00:00\",\"description\":\"L'entitat Woodcraft Folk d\u2019Anglaterra convida a un grup d\u2019Esplac al seu campament internacional, del 27 de juliol al 3 d'agost.\",\"breadcrumb\":{\"@id\":\"https:\\\/\\\/www.esplac.cat\\\/apuntat-campaments-internacionals-sud-londres\\\/#breadcrumb\"},\"inLanguage\":\"es\",\"potentialAction\":[{\"@type\":\"ReadAction\",\"target\":[\"https:\\\/\\\/www.esplac.cat\\\/apuntat-campaments-internacionals-sud-londres\\\/\"]}]},{\"@type\":\"ImageObject\",\"inLanguage\":\"es\",\"@id\":\"https:\\\/\\\/www.esplac.cat\\\/apuntat-campaments-internacionals-sud-londres\\\/#primaryimage\",\"url\":\"https:\\\/\\\/www.esplac.cat\\\/wp-content\\\/uploads\\\/2024\\\/05\\\/Woodcraft.jpg\",\"contentUrl\":\"https:\\\/\\\/www.esplac.cat\\\/wp-content\\\/uploads\\\/2024\\\/05\\\/Woodcraft.jpg\",\"width\":1697,\"height\":700,\"caption\":\"Woodcraft\"},{\"@type\":\"BreadcrumbList\",\"@id\":\"https:\\\/\\\/www.esplac.cat\\\/apuntat-campaments-internacionals-sud-londres\\\/#breadcrumb\",\"itemListElement\":[{\"@type\":\"ListItem\",\"position\":1,\"name\":\"Inici\",\"item\":\"https:\\\/\\\/www.esplac.cat\\\/es\\\/\"},{\"@type\":\"ListItem\",\"position\":2,\"name\":\"Apunta\u2019t amb el teu grup a uns campaments internacionals al sud de Londres!\"}]},{\"@type\":\"WebSite\",\"@id\":\"https:\\\/\\\/www.esplac.cat\\\/#website\",\"url\":\"https:\\\/\\\/www.esplac.cat\\\/\",\"name\":\"Esplac\",\"description\":\"Esplais Catalans\",\"publisher\":{\"@id\":\"https:\\\/\\\/www.esplac.cat\\\/#organization\"},\"potentialAction\":[{\"@type\":\"SearchAction\",\"target\":{\"@type\":\"EntryPoint\",\"urlTemplate\":\"https:\\\/\\\/www.esplac.cat\\\/?s={search_term_string}\"},\"query-input\":{\"@type\":\"PropertyValueSpecification\",\"valueRequired\":true,\"valueName\":\"search_term_string\"}}],\"inLanguage\":\"es\"},{\"@type\":\"Organization\",\"@id\":\"https:\\\/\\\/www.esplac.cat\\\/#organization\",\"name\":\"Esplac\",\"url\":\"https:\\\/\\\/www.esplac.cat\\\/\",\"logo\":{\"@type\":\"ImageObject\",\"inLanguage\":\"es\",\"@id\":\"https:\\\/\\\/www.esplac.cat\\\/#\\\/schema\\\/logo\\\/image\\\/\",\"url\":\"https:\\\/\\\/www.esplac.cat\\\/wp-content\\\/uploads\\\/2019\\\/08\\\/logox2.png\",\"contentUrl\":\"https:\\\/\\\/www.esplac.cat\\\/wp-content\\\/uploads\\\/2019\\\/08\\\/logox2.png\",\"width\":600,\"height\":295,\"caption\":\"Esplac\"},\"image\":{\"@id\":\"https:\\\/\\\/www.esplac.cat\\\/#\\\/schema\\\/logo\\\/image\\\/\"}},{\"@type\":\"Person\",\"@id\":\"https:\\\/\\\/www.esplac.cat\\\/#\\\/schema\\\/person\\\/908383cf240be18b68f8855d0583faca\",\"name\":\"Comunicaci\u00f3 Esplac\",\"image\":{\"@type\":\"ImageObject\",\"inLanguage\":\"es\",\"@id\":\"https:\\\/\\\/secure.gravatar.com\\\/avatar\\\/7a4cf8feb412a76ea4a740ca02d95b06b2907b5a6c648c2dd0a1082a093c3141?s=96&d=mm&r=g\",\"url\":\"https:\\\/\\\/secure.gravatar.com\\\/avatar\\\/7a4cf8feb412a76ea4a740ca02d95b06b2907b5a6c648c2dd0a1082a093c3141?s=96&d=mm&r=g\",\"contentUrl\":\"https:\\\/\\\/secure.gravatar.com\\\/avatar\\\/7a4cf8feb412a76ea4a740ca02d95b06b2907b5a6c648c2dd0a1082a093c3141?s=96&d=mm&r=g\",\"caption\":\"Comunicaci\u00f3 Esplac\"}}]}<\/script>\n<!-- \/ Yoast SEO plugin. -->","yoast_head_json":{"title":"Apunta\u2019t amb el teu grup a uns campaments internacionals!","description":"L'entitat Woodcraft Folk d\u2019Anglaterra convida a un grup d\u2019Esplac al seu campament internacional, del 27 de juliol al 3 d'agost.","robots":{"index":"index","follow":"follow","max-snippet":"max-snippet:-1","max-image-preview":"max-image-preview:large","max-video-preview":"max-video-preview:-1"},"canonical":"https:\/\/www.esplac.cat\/apuntat-campaments-internacionals-sud-londres\/","og_locale":"es_ES","og_type":"article","og_title":"Apunta\u2019t amb el teu grup a uns campaments internacionals!","og_description":"L'entitat Woodcraft Folk d\u2019Anglaterra convida a un grup d\u2019Esplac al seu campament internacional, del 27 de juliol al 3 d'agost.","og_url":"https:\/\/www.esplac.cat\/apuntat-campaments-internacionals-sud-londres\/","og_site_name":"Esplac","article_published_time":"2024-05-23T09:03:23+00:00","og_image":[{"width":1697,"height":700,"url":"https:\/\/www.esplac.cat\/wp-content\/uploads\/2024\/05\/Woodcraft.jpg","type":"image\/jpeg"}],"author":"Comunicaci\u00f3 Esplac","twitter_card":"summary_large_image","twitter_misc":{"Escrito por":"Comunicaci\u00f3 Esplac","Tiempo de lectura":"1 minuto"},"schema":{"@context":"https:\/\/schema.org","@graph":[{"@type":"Article","@id":"https:\/\/www.esplac.cat\/apuntat-campaments-internacionals-sud-londres\/#article","isPartOf":{"@id":"https:\/\/www.esplac.cat\/apuntat-campaments-internacionals-sud-londres\/"},"author":{"name":"Comunicaci\u00f3 Esplac","@id":"https:\/\/www.esplac.cat\/#\/schema\/person\/908383cf240be18b68f8855d0583faca"},"headline":"Apunta\u2019t amb el teu grup a uns campaments internacionals al sud de Londres!","datePublished":"2024-05-23T09:03:23+00:00","mainEntityOfPage":{"@id":"https:\/\/www.esplac.cat\/apuntat-campaments-internacionals-sud-londres\/"},"wordCount":1109,"publisher":{"@id":"https:\/\/www.esplac.cat\/#organization"},"image":{"@id":"https:\/\/www.esplac.cat\/apuntat-campaments-internacionals-sud-londres\/#primaryimage"},"thumbnailUrl":"https:\/\/www.esplac.cat\/wp-content\/uploads\/2024\/05\/Woodcraft.jpg","articleSection":["Esplac al m\u00f3n","Sense categoria"],"inLanguage":"es"},{"@type":"WebPage","@id":"https:\/\/www.esplac.cat\/apuntat-campaments-internacionals-sud-londres\/","url":"https:\/\/www.esplac.cat\/apuntat-campaments-internacionals-sud-londres\/","name":"Apunta\u2019t amb el teu grup a uns campaments internacionals!","isPartOf":{"@id":"https:\/\/www.esplac.cat\/#website"},"primaryImageOfPage":{"@id":"https:\/\/www.esplac.cat\/apuntat-campaments-internacionals-sud-londres\/#primaryimage"},"image":{"@id":"https:\/\/www.esplac.cat\/apuntat-campaments-internacionals-sud-londres\/#primaryimage"},"thumbnailUrl":"https:\/\/www.esplac.cat\/wp-content\/uploads\/2024\/05\/Woodcraft.jpg","datePublished":"2024-05-23T09:03:23+00:00","description":"L'entitat Woodcraft Folk d\u2019Anglaterra convida a un grup d\u2019Esplac al seu campament internacional, del 27 de juliol al 3 d'agost.","breadcrumb":{"@id":"https:\/\/www.esplac.cat\/apuntat-campaments-internacionals-sud-londres\/#breadcrumb"},"inLanguage":"es","potentialAction":[{"@type":"ReadAction","target":["https:\/\/www.esplac.cat\/apuntat-campaments-internacionals-sud-londres\/"]}]},{"@type":"ImageObject","inLanguage":"es","@id":"https:\/\/www.esplac.cat\/apuntat-campaments-internacionals-sud-londres\/#primaryimage","url":"https:\/\/www.esplac.cat\/wp-content\/uploads\/2024\/05\/Woodcraft.jpg","contentUrl":"https:\/\/www.esplac.cat\/wp-content\/uploads\/2024\/05\/Woodcraft.jpg","width":1697,"height":700,"caption":"Woodcraft"},{"@type":"BreadcrumbList","@id":"https:\/\/www.esplac.cat\/apuntat-campaments-internacionals-sud-londres\/#breadcrumb","itemListElement":[{"@type":"ListItem","position":1,"name":"Inici","item":"https:\/\/www.esplac.cat\/es\/"},{"@type":"ListItem","position":2,"name":"Apunta\u2019t amb el teu grup a uns campaments internacionals al sud de Londres!"}]},{"@type":"WebSite","@id":"https:\/\/www.esplac.cat\/#website","url":"https:\/\/www.esplac.cat\/","name":"Esplac","description":"Esplais Catalans","publisher":{"@id":"https:\/\/www.esplac.cat\/#organization"},"potentialAction":[{"@type":"SearchAction","target":{"@type":"EntryPoint","urlTemplate":"https:\/\/www.esplac.cat\/?s={search_term_string}"},"query-input":{"@type":"PropertyValueSpecification","valueRequired":true,"valueName":"search_term_string"}}],"inLanguage":"es"},{"@type":"Organization","@id":"https:\/\/www.esplac.cat\/#organization","name":"Esplac","url":"https:\/\/www.esplac.cat\/","logo":{"@type":"ImageObject","inLanguage":"es","@id":"https:\/\/www.esplac.cat\/#\/schema\/logo\/image\/","url":"https:\/\/www.esplac.cat\/wp-content\/uploads\/2019\/08\/logox2.png","contentUrl":"https:\/\/www.esplac.cat\/wp-content\/uploads\/2019\/08\/logox2.png","width":600,"height":295,"caption":"Esplac"},"image":{"@id":"https:\/\/www.esplac.cat\/#\/schema\/logo\/image\/"}},{"@type":"Person","@id":"https:\/\/www.esplac.cat\/#\/schema\/person\/908383cf240be18b68f8855d0583faca","name":"Comunicaci\u00f3 Esplac","image":{"@type":"ImageObject","inLanguage":"es","@id":"https:\/\/secure.gravatar.com\/avatar\/7a4cf8feb412a76ea4a740ca02d95b06b2907b5a6c648c2dd0a1082a093c3141?s=96&d=mm&r=g","url":"https:\/\/secure.gravatar.com\/avatar\/7a4cf8feb412a76ea4a740ca02d95b06b2907b5a6c648c2dd0a1082a093c3141?s=96&d=mm&r=g","contentUrl":"https:\/\/secure.gravatar.com\/avatar\/7a4cf8feb412a76ea4a740ca02d95b06b2907b5a6c648c2dd0a1082a093c3141?s=96&d=mm&r=g","caption":"Comunicaci\u00f3 Esplac"}}]}},"_links":{"self":[{"href":"https:\/\/www.esplac.cat\/es\/wp-json\/wp\/v2\/posts\/50129","targetHints":{"allow":["GET"]}}],"collection":[{"href":"https:\/\/www.esplac.cat\/es\/wp-json\/wp\/v2\/posts"}],"about":[{"href":"https:\/\/www.esplac.cat\/es\/wp-json\/wp\/v2\/types\/post"}],"author":[{"embeddable":true,"href":"https:\/\/www.esplac.cat\/es\/wp-json\/wp\/v2\/users\/3"}],"replies":[{"embeddable":true,"href":"https:\/\/www.esplac.cat\/es\/wp-json\/wp\/v2\/comments?post=50129"}],"version-history":[{"count":3,"href":"https:\/\/www.esplac.cat\/es\/wp-json\/wp\/v2\/posts\/50129\/revisions"}],"predecessor-version":[{"id":50135,"href":"https:\/\/www.esplac.cat\/es\/wp-json\/wp\/v2\/posts\/50129\/revisions\/50135"}],"wp:featuredmedia":[{"embeddable":true,"href":"https:\/\/www.esplac.cat\/es\/wp-json\/wp\/v2\/media\/50131"}],"wp:attachment":[{"href":"https:\/\/www.esplac.cat\/es\/wp-json\/wp\/v2\/media?parent=50129"}],"wp:term":[{"taxonomy":"category","embeddable":true,"href":"https:\/\/www.esplac.cat\/es\/wp-json\/wp\/v2\/categories?post=50129"},{"taxonomy":"post_tag","embeddable":true,"href":"https:\/\/www.esplac.cat\/es\/wp-json\/wp\/v2\/tags?post=50129"}],"curies":[{"name":"wp","href":"https:\/\/api.w.org\/{rel}","templated":true}]}}