{"id":50157,"date":"2024-05-28T12:51:23","date_gmt":"2024-05-28T10:51:23","guid":{"rendered":"https:\/\/www.esplac.cat\/?p=50157"},"modified":"2024-05-28T12:51:23","modified_gmt":"2024-05-28T10:51:23","slug":"estiu-intercanvi-juvenil-prop-berlin","status":"publish","type":"post","link":"https:\/\/www.esplac.cat\/es\/estiu-intercanvi-juvenil-prop-berlin\/","title":{"rendered":"Un estiu d\u2019intercanvi juvenil a prop de Berl\u00edn!"},"content":{"rendered":"<div class=\"fusion-fullwidth fullwidth-box fusion-builder-row-1 fusion-flex-container has-pattern-background has-mask-background nonhundred-percent-fullwidth non-hundred-percent-height-scrolling\" style=\"--awb-border-radius-top-left:0px;--awb-border-radius-top-right:0px;--awb-border-radius-bottom-right:0px;--awb-border-radius-bottom-left:0px;--awb-flex-wrap:wrap;\" ><div class=\"fusion-builder-row fusion-row fusion-flex-align-items-flex-start fusion-flex-content-wrap\" style=\"max-width:1248px;margin-left: calc(-4% \/ 2 );margin-right: calc(-4% \/ 2 );\"><div class=\"fusion-layout-column fusion_builder_column fusion-builder-column-0 fusion_builder_column_1_1 1_1 fusion-flex-column\" style=\"--awb-bg-size:cover;--awb-width-large:100%;--awb-margin-top-large:0px;--awb-spacing-right-large:1.92%;--awb-margin-bottom-large:20px;--awb-spacing-left-large:1.92%;--awb-width-medium:100%;--awb-order-medium:0;--awb-spacing-right-medium:1.92%;--awb-spacing-left-medium:1.92%;--awb-width-small:100%;--awb-order-small:0;--awb-spacing-right-small:1.92%;--awb-spacing-left-small:1.92%;\"><div class=\"fusion-column-wrapper fusion-column-has-shadow fusion-flex-justify-content-flex-start fusion-content-layout-column\"><div class=\"fusion-text fusion-text-1\"><h6><strong>Han obert les inscripcions per l\u2019activitat estiuenca del Centre Kurt L\u00f6wenstein (Alemanya), aquest any sobre formes de vida comunit\u00e0ries i anticapitalistes!<\/strong><\/h6>\n<p><strong><em>Radical horizons: exploring communal living, queer anti-capitalism and anarchy in a changing world<\/em> <\/strong>\u00e9s el t\u00edtol de l\u2019escola d\u2019estiu de l\u2019entitat alemanya que organitza intercanvis juvenils trimestralment (la Queer Easter i la Summer School). L\u2019edici\u00f3 d\u2019enguany girar\u00e0 al voltant de <strong>vida comunit\u00e0ria<\/strong> i altres formes alternatives de viure amb una <strong>arrel ideol\u00f2gica anticapitalista<\/strong>.<\/p>\n<p>Al llarg de l&#8217;intercanvi es facilitaran tallers i altres activitats formatives per reflexionar sobre la construcci\u00f3 de resili\u00e8ncies comunit\u00e0ries, treballar les bases de l\u2019anticapitalisme i explorar maneres alternatives de viure for del marc convencional capitalista. Si tens ganes d\u2019aprofundir en el comunalisme, la cooperaci\u00f3 i parlar d\u2019alternatives amb mirades sostenibles, queer i anticapitalistes, el <span style=\"color: #f69d0b;\"><a style=\"color: #f69d0b;\" href=\"https:\/\/www.kurt-loewenstein.de\/de\/englische_seite\/index.html\" target=\"_blank\" rel=\"noopener\"><strong>Centre Kurt L\u00f6wenstein<\/strong><\/a><\/span> et convida a passar una setmana a l\u2019estiu, amb entitats d\u2019arreu del m\u00f3n per debatre i formar-te sobre tots aquests temes!<\/p>\n<p>Les sessions les desenvolupar\u00e0 l\u2019equip internacional del centre. A m\u00e9s, a banda de les activitats formatives durant el dia, a la nit hi haur\u00e0 espais d\u2019oci i intercanvi cultural i s&#8217;organitzar\u00e0 una visita a la ciutat de Berl\u00edn.<\/p>\n<blockquote>\n<p><strong>Dates<\/strong>: del 16 al 23 d\u2019agost<\/p>\n<p><strong>Lloc<\/strong>: Centre Kurt L\u00f6wenstein (Werftpfuhl \u2013 Alemanya)<\/p>\n<p><strong>Cost<\/strong>: 70\u20ac (inclou allotjament, \u00e0pats i viatge)<\/p>\n<p><strong>Idioma de treball<\/strong>: Angl\u00e8s<\/p>\n<p><strong>Com m\u2019inscric? <span style=\"color: #f69d0b;\"><a style=\"color: #f69d0b;\" href=\"https:\/\/era.esplac.cat\/#\/gestio-edt\/espaidecoordinaci%C3%B3internacional\/activitats\/viz\/66557e6c396aacd2ed28fa94\" target=\"_blank\" rel=\"noopener\">A trav\u00e9s de l\u2019Era!<\/a><\/span><\/strong><\/p>\n<\/blockquote>\n<p><strong>Teniu temps per apuntar-vos fins al 12 de juliol!<\/strong> Un cop tancat el per\u00edode d\u2019inscripci\u00f3, us informarem si heu estat seleccionades o seleccionats per participar en aquest seminari.<\/p>\n<p>M\u00e9s informaci\u00f3 i contacte a\u00a0 <span style=\"color: #f69d0b;\"><a style=\"color: #f69d0b;\" href=\"mailto:internacional@esplac.cat\"><strong>internacional@esplac.cat<\/strong>\u00a0<\/a><\/span> \/ 93 302 61 03 \/ 637 04 42 26<\/p>\n<\/div><\/div><\/div><\/div><\/div>\n","protected":false},"excerpt":{"rendered":"","protected":false},"author":3,"featured_media":50161,"comment_status":"closed","ping_status":"closed","sticky":false,"template":"","format":"standard","meta":{"om_disable_all_campaigns":false,"_monsterinsights_skip_tracking":false,"_monsterinsights_sitenote_active":false,"_monsterinsights_sitenote_note":"","_monsterinsights_sitenote_category":0,"_uf_show_specific_survey":0,"_uf_disable_surveys":false,"footnotes":""},"categories":[1112],"tags":[],"class_list":["post-50157","post","type-post","status-publish","format-standard","has-post-thumbnail","hentry","category-esplac-al-mon"],"yoast_head":"<!-- This site is optimized with the Yoast SEO plugin v27.5 - https:\/\/yoast.com\/product\/yoast-seo-wordpress\/ -->\n<title>Un estiu d\u2019intercanvi juvenil a prop de Berl\u00edn! - Esplac<\/title>\n<meta name=\"description\" content=\"Han obert les inscripcions per la Summer School, un inercanvi formatiu sobre formes de vida comunit\u00e0ries i anticapitalistes.\" \/>\n<meta name=\"robots\" content=\"index, follow, max-snippet:-1, max-image-preview:large, max-video-preview:-1\" \/>\n<link rel=\"canonical\" href=\"https:\/\/www.esplac.cat\/estiu-intercanvi-juvenil-prop-berlin\/\" \/>\n<meta property=\"og:locale\" content=\"es_ES\" \/>\n<meta property=\"og:type\" content=\"article\" \/>\n<meta property=\"og:title\" content=\"Un estiu d\u2019intercanvi juvenil a prop de Berl\u00edn! - Esplac\" \/>\n<meta property=\"og:description\" content=\"Han obert les inscripcions per la Summer School, un inercanvi formatiu sobre formes de vida comunit\u00e0ries i anticapitalistes.\" \/>\n<meta property=\"og:url\" content=\"https:\/\/www.esplac.cat\/estiu-intercanvi-juvenil-prop-berlin\/\" \/>\n<meta property=\"og:site_name\" content=\"Esplac\" \/>\n<meta property=\"article:published_time\" content=\"2024-05-28T10:51:23+00:00\" \/>\n<meta property=\"og:image\" content=\"https:\/\/www.esplac.cat\/wp-content\/uploads\/2024\/05\/Summer-School-.jpg\" \/>\n\t<meta property=\"og:image:width\" content=\"1697\" \/>\n\t<meta property=\"og:image:height\" content=\"700\" \/>\n\t<meta property=\"og:image:type\" content=\"image\/jpeg\" \/>\n<meta name=\"author\" content=\"Comunicaci\u00f3 Esplac\" \/>\n<meta name=\"twitter:card\" content=\"summary_large_image\" \/>\n<meta name=\"twitter:label1\" content=\"Escrito por\" \/>\n\t<meta name=\"twitter:data1\" content=\"Comunicaci\u00f3 Esplac\" \/>\n\t<meta name=\"twitter:label2\" content=\"Tiempo de lectura\" \/>\n\t<meta name=\"twitter:data2\" content=\"2 minutos\" \/>\n<script type=\"application\/ld+json\" class=\"yoast-schema-graph\">{\"@context\":\"https:\\\/\\\/schema.org\",\"@graph\":[{\"@type\":\"Article\",\"@id\":\"https:\\\/\\\/www.esplac.cat\\\/estiu-intercanvi-juvenil-prop-berlin\\\/#article\",\"isPartOf\":{\"@id\":\"https:\\\/\\\/www.esplac.cat\\\/estiu-intercanvi-juvenil-prop-berlin\\\/\"},\"author\":{\"name\":\"Comunicaci\u00f3 Esplac\",\"@id\":\"https:\\\/\\\/www.esplac.cat\\\/#\\\/schema\\\/person\\\/908383cf240be18b68f8855d0583faca\"},\"headline\":\"Un estiu d\u2019intercanvi juvenil a prop de Berl\u00edn!\",\"datePublished\":\"2024-05-28T10:51:23+00:00\",\"mainEntityOfPage\":{\"@id\":\"https:\\\/\\\/www.esplac.cat\\\/estiu-intercanvi-juvenil-prop-berlin\\\/\"},\"wordCount\":1253,\"publisher\":{\"@id\":\"https:\\\/\\\/www.esplac.cat\\\/#organization\"},\"image\":{\"@id\":\"https:\\\/\\\/www.esplac.cat\\\/estiu-intercanvi-juvenil-prop-berlin\\\/#primaryimage\"},\"thumbnailUrl\":\"https:\\\/\\\/www.esplac.cat\\\/wp-content\\\/uploads\\\/2024\\\/05\\\/Summer-School-.jpg\",\"articleSection\":[\"Esplac al m\u00f3n\"],\"inLanguage\":\"es\"},{\"@type\":\"WebPage\",\"@id\":\"https:\\\/\\\/www.esplac.cat\\\/estiu-intercanvi-juvenil-prop-berlin\\\/\",\"url\":\"https:\\\/\\\/www.esplac.cat\\\/estiu-intercanvi-juvenil-prop-berlin\\\/\",\"name\":\"Un estiu d\u2019intercanvi juvenil a prop de Berl\u00edn! - Esplac\",\"isPartOf\":{\"@id\":\"https:\\\/\\\/www.esplac.cat\\\/#website\"},\"primaryImageOfPage\":{\"@id\":\"https:\\\/\\\/www.esplac.cat\\\/estiu-intercanvi-juvenil-prop-berlin\\\/#primaryimage\"},\"image\":{\"@id\":\"https:\\\/\\\/www.esplac.cat\\\/estiu-intercanvi-juvenil-prop-berlin\\\/#primaryimage\"},\"thumbnailUrl\":\"https:\\\/\\\/www.esplac.cat\\\/wp-content\\\/uploads\\\/2024\\\/05\\\/Summer-School-.jpg\",\"datePublished\":\"2024-05-28T10:51:23+00:00\",\"description\":\"Han obert les inscripcions per la Summer School, un inercanvi formatiu sobre formes de vida comunit\u00e0ries i anticapitalistes.\",\"breadcrumb\":{\"@id\":\"https:\\\/\\\/www.esplac.cat\\\/estiu-intercanvi-juvenil-prop-berlin\\\/#breadcrumb\"},\"inLanguage\":\"es\",\"potentialAction\":[{\"@type\":\"ReadAction\",\"target\":[\"https:\\\/\\\/www.esplac.cat\\\/estiu-intercanvi-juvenil-prop-berlin\\\/\"]}]},{\"@type\":\"ImageObject\",\"inLanguage\":\"es\",\"@id\":\"https:\\\/\\\/www.esplac.cat\\\/estiu-intercanvi-juvenil-prop-berlin\\\/#primaryimage\",\"url\":\"https:\\\/\\\/www.esplac.cat\\\/wp-content\\\/uploads\\\/2024\\\/05\\\/Summer-School-.jpg\",\"contentUrl\":\"https:\\\/\\\/www.esplac.cat\\\/wp-content\\\/uploads\\\/2024\\\/05\\\/Summer-School-.jpg\",\"width\":1697,\"height\":700,\"caption\":\"intercanvi\"},{\"@type\":\"BreadcrumbList\",\"@id\":\"https:\\\/\\\/www.esplac.cat\\\/estiu-intercanvi-juvenil-prop-berlin\\\/#breadcrumb\",\"itemListElement\":[{\"@type\":\"ListItem\",\"position\":1,\"name\":\"Inici\",\"item\":\"https:\\\/\\\/www.esplac.cat\\\/es\\\/\"},{\"@type\":\"ListItem\",\"position\":2,\"name\":\"Un estiu d\u2019intercanvi juvenil a prop de Berl\u00edn!\"}]},{\"@type\":\"WebSite\",\"@id\":\"https:\\\/\\\/www.esplac.cat\\\/#website\",\"url\":\"https:\\\/\\\/www.esplac.cat\\\/\",\"name\":\"Esplac\",\"description\":\"Esplais Catalans\",\"publisher\":{\"@id\":\"https:\\\/\\\/www.esplac.cat\\\/#organization\"},\"potentialAction\":[{\"@type\":\"SearchAction\",\"target\":{\"@type\":\"EntryPoint\",\"urlTemplate\":\"https:\\\/\\\/www.esplac.cat\\\/?s={search_term_string}\"},\"query-input\":{\"@type\":\"PropertyValueSpecification\",\"valueRequired\":true,\"valueName\":\"search_term_string\"}}],\"inLanguage\":\"es\"},{\"@type\":\"Organization\",\"@id\":\"https:\\\/\\\/www.esplac.cat\\\/#organization\",\"name\":\"Esplac\",\"url\":\"https:\\\/\\\/www.esplac.cat\\\/\",\"logo\":{\"@type\":\"ImageObject\",\"inLanguage\":\"es\",\"@id\":\"https:\\\/\\\/www.esplac.cat\\\/#\\\/schema\\\/logo\\\/image\\\/\",\"url\":\"https:\\\/\\\/www.esplac.cat\\\/wp-content\\\/uploads\\\/2019\\\/08\\\/logox2.png\",\"contentUrl\":\"https:\\\/\\\/www.esplac.cat\\\/wp-content\\\/uploads\\\/2019\\\/08\\\/logox2.png\",\"width\":600,\"height\":295,\"caption\":\"Esplac\"},\"image\":{\"@id\":\"https:\\\/\\\/www.esplac.cat\\\/#\\\/schema\\\/logo\\\/image\\\/\"}},{\"@type\":\"Person\",\"@id\":\"https:\\\/\\\/www.esplac.cat\\\/#\\\/schema\\\/person\\\/908383cf240be18b68f8855d0583faca\",\"name\":\"Comunicaci\u00f3 Esplac\",\"image\":{\"@type\":\"ImageObject\",\"inLanguage\":\"es\",\"@id\":\"https:\\\/\\\/secure.gravatar.com\\\/avatar\\\/7a4cf8feb412a76ea4a740ca02d95b06b2907b5a6c648c2dd0a1082a093c3141?s=96&d=mm&r=g\",\"url\":\"https:\\\/\\\/secure.gravatar.com\\\/avatar\\\/7a4cf8feb412a76ea4a740ca02d95b06b2907b5a6c648c2dd0a1082a093c3141?s=96&d=mm&r=g\",\"contentUrl\":\"https:\\\/\\\/secure.gravatar.com\\\/avatar\\\/7a4cf8feb412a76ea4a740ca02d95b06b2907b5a6c648c2dd0a1082a093c3141?s=96&d=mm&r=g\",\"caption\":\"Comunicaci\u00f3 Esplac\"}}]}<\/script>\n<!-- \/ Yoast SEO plugin. -->","yoast_head_json":{"title":"Un estiu d\u2019intercanvi juvenil a prop de Berl\u00edn! - Esplac","description":"Han obert les inscripcions per la Summer School, un inercanvi formatiu sobre formes de vida comunit\u00e0ries i anticapitalistes.","robots":{"index":"index","follow":"follow","max-snippet":"max-snippet:-1","max-image-preview":"max-image-preview:large","max-video-preview":"max-video-preview:-1"},"canonical":"https:\/\/www.esplac.cat\/estiu-intercanvi-juvenil-prop-berlin\/","og_locale":"es_ES","og_type":"article","og_title":"Un estiu d\u2019intercanvi juvenil a prop de Berl\u00edn! - Esplac","og_description":"Han obert les inscripcions per la Summer School, un inercanvi formatiu sobre formes de vida comunit\u00e0ries i anticapitalistes.","og_url":"https:\/\/www.esplac.cat\/estiu-intercanvi-juvenil-prop-berlin\/","og_site_name":"Esplac","article_published_time":"2024-05-28T10:51:23+00:00","og_image":[{"width":1697,"height":700,"url":"https:\/\/www.esplac.cat\/wp-content\/uploads\/2024\/05\/Summer-School-.jpg","type":"image\/jpeg"}],"author":"Comunicaci\u00f3 Esplac","twitter_card":"summary_large_image","twitter_misc":{"Escrito por":"Comunicaci\u00f3 Esplac","Tiempo de lectura":"2 minutos"},"schema":{"@context":"https:\/\/schema.org","@graph":[{"@type":"Article","@id":"https:\/\/www.esplac.cat\/estiu-intercanvi-juvenil-prop-berlin\/#article","isPartOf":{"@id":"https:\/\/www.esplac.cat\/estiu-intercanvi-juvenil-prop-berlin\/"},"author":{"name":"Comunicaci\u00f3 Esplac","@id":"https:\/\/www.esplac.cat\/#\/schema\/person\/908383cf240be18b68f8855d0583faca"},"headline":"Un estiu d\u2019intercanvi juvenil a prop de Berl\u00edn!","datePublished":"2024-05-28T10:51:23+00:00","mainEntityOfPage":{"@id":"https:\/\/www.esplac.cat\/estiu-intercanvi-juvenil-prop-berlin\/"},"wordCount":1253,"publisher":{"@id":"https:\/\/www.esplac.cat\/#organization"},"image":{"@id":"https:\/\/www.esplac.cat\/estiu-intercanvi-juvenil-prop-berlin\/#primaryimage"},"thumbnailUrl":"https:\/\/www.esplac.cat\/wp-content\/uploads\/2024\/05\/Summer-School-.jpg","articleSection":["Esplac al m\u00f3n"],"inLanguage":"es"},{"@type":"WebPage","@id":"https:\/\/www.esplac.cat\/estiu-intercanvi-juvenil-prop-berlin\/","url":"https:\/\/www.esplac.cat\/estiu-intercanvi-juvenil-prop-berlin\/","name":"Un estiu d\u2019intercanvi juvenil a prop de Berl\u00edn! - Esplac","isPartOf":{"@id":"https:\/\/www.esplac.cat\/#website"},"primaryImageOfPage":{"@id":"https:\/\/www.esplac.cat\/estiu-intercanvi-juvenil-prop-berlin\/#primaryimage"},"image":{"@id":"https:\/\/www.esplac.cat\/estiu-intercanvi-juvenil-prop-berlin\/#primaryimage"},"thumbnailUrl":"https:\/\/www.esplac.cat\/wp-content\/uploads\/2024\/05\/Summer-School-.jpg","datePublished":"2024-05-28T10:51:23+00:00","description":"Han obert les inscripcions per la Summer School, un inercanvi formatiu sobre formes de vida comunit\u00e0ries i anticapitalistes.","breadcrumb":{"@id":"https:\/\/www.esplac.cat\/estiu-intercanvi-juvenil-prop-berlin\/#breadcrumb"},"inLanguage":"es","potentialAction":[{"@type":"ReadAction","target":["https:\/\/www.esplac.cat\/estiu-intercanvi-juvenil-prop-berlin\/"]}]},{"@type":"ImageObject","inLanguage":"es","@id":"https:\/\/www.esplac.cat\/estiu-intercanvi-juvenil-prop-berlin\/#primaryimage","url":"https:\/\/www.esplac.cat\/wp-content\/uploads\/2024\/05\/Summer-School-.jpg","contentUrl":"https:\/\/www.esplac.cat\/wp-content\/uploads\/2024\/05\/Summer-School-.jpg","width":1697,"height":700,"caption":"intercanvi"},{"@type":"BreadcrumbList","@id":"https:\/\/www.esplac.cat\/estiu-intercanvi-juvenil-prop-berlin\/#breadcrumb","itemListElement":[{"@type":"ListItem","position":1,"name":"Inici","item":"https:\/\/www.esplac.cat\/es\/"},{"@type":"ListItem","position":2,"name":"Un estiu d\u2019intercanvi juvenil a prop de Berl\u00edn!"}]},{"@type":"WebSite","@id":"https:\/\/www.esplac.cat\/#website","url":"https:\/\/www.esplac.cat\/","name":"Esplac","description":"Esplais Catalans","publisher":{"@id":"https:\/\/www.esplac.cat\/#organization"},"potentialAction":[{"@type":"SearchAction","target":{"@type":"EntryPoint","urlTemplate":"https:\/\/www.esplac.cat\/?s={search_term_string}"},"query-input":{"@type":"PropertyValueSpecification","valueRequired":true,"valueName":"search_term_string"}}],"inLanguage":"es"},{"@type":"Organization","@id":"https:\/\/www.esplac.cat\/#organization","name":"Esplac","url":"https:\/\/www.esplac.cat\/","logo":{"@type":"ImageObject","inLanguage":"es","@id":"https:\/\/www.esplac.cat\/#\/schema\/logo\/image\/","url":"https:\/\/www.esplac.cat\/wp-content\/uploads\/2019\/08\/logox2.png","contentUrl":"https:\/\/www.esplac.cat\/wp-content\/uploads\/2019\/08\/logox2.png","width":600,"height":295,"caption":"Esplac"},"image":{"@id":"https:\/\/www.esplac.cat\/#\/schema\/logo\/image\/"}},{"@type":"Person","@id":"https:\/\/www.esplac.cat\/#\/schema\/person\/908383cf240be18b68f8855d0583faca","name":"Comunicaci\u00f3 Esplac","image":{"@type":"ImageObject","inLanguage":"es","@id":"https:\/\/secure.gravatar.com\/avatar\/7a4cf8feb412a76ea4a740ca02d95b06b2907b5a6c648c2dd0a1082a093c3141?s=96&d=mm&r=g","url":"https:\/\/secure.gravatar.com\/avatar\/7a4cf8feb412a76ea4a740ca02d95b06b2907b5a6c648c2dd0a1082a093c3141?s=96&d=mm&r=g","contentUrl":"https:\/\/secure.gravatar.com\/avatar\/7a4cf8feb412a76ea4a740ca02d95b06b2907b5a6c648c2dd0a1082a093c3141?s=96&d=mm&r=g","caption":"Comunicaci\u00f3 Esplac"}}]}},"_links":{"self":[{"href":"https:\/\/www.esplac.cat\/es\/wp-json\/wp\/v2\/posts\/50157","targetHints":{"allow":["GET"]}}],"collection":[{"href":"https:\/\/www.esplac.cat\/es\/wp-json\/wp\/v2\/posts"}],"about":[{"href":"https:\/\/www.esplac.cat\/es\/wp-json\/wp\/v2\/types\/post"}],"author":[{"embeddable":true,"href":"https:\/\/www.esplac.cat\/es\/wp-json\/wp\/v2\/users\/3"}],"replies":[{"embeddable":true,"href":"https:\/\/www.esplac.cat\/es\/wp-json\/wp\/v2\/comments?post=50157"}],"version-history":[{"count":3,"href":"https:\/\/www.esplac.cat\/es\/wp-json\/wp\/v2\/posts\/50157\/revisions"}],"predecessor-version":[{"id":50160,"href":"https:\/\/www.esplac.cat\/es\/wp-json\/wp\/v2\/posts\/50157\/revisions\/50160"}],"wp:featuredmedia":[{"embeddable":true,"href":"https:\/\/www.esplac.cat\/es\/wp-json\/wp\/v2\/media\/50161"}],"wp:attachment":[{"href":"https:\/\/www.esplac.cat\/es\/wp-json\/wp\/v2\/media?parent=50157"}],"wp:term":[{"taxonomy":"category","embeddable":true,"href":"https:\/\/www.esplac.cat\/es\/wp-json\/wp\/v2\/categories?post=50157"},{"taxonomy":"post_tag","embeddable":true,"href":"https:\/\/www.esplac.cat\/es\/wp-json\/wp\/v2\/tags?post=50157"}],"curies":[{"name":"wp","href":"https:\/\/api.w.org\/{rel}","templated":true}]}}