{"id":50191,"date":"2024-06-03T11:55:27","date_gmt":"2024-06-03T09:55:27","guid":{"rendered":"https:\/\/www.esplac.cat\/?p=50191"},"modified":"2024-06-03T12:00:45","modified_gmt":"2024-06-03T10:00:45","slug":"associacionisme-educatiu-catalunyaunim-jornada-reivindicativa-defensa-activitats","status":"publish","type":"post","link":"https:\/\/www.esplac.cat\/es\/associacionisme-educatiu-catalunyaunim-jornada-reivindicativa-defensa-activitats\/","title":{"rendered":"L\u2019associacionisme educatiu de Catalunya ens unim en una jornada reivindicativa per a la defensa de les nostres activitats"},"content":{"rendered":"<div class=\"fusion-fullwidth fullwidth-box fusion-builder-row-1 fusion-flex-container has-pattern-background has-mask-background nonhundred-percent-fullwidth non-hundred-percent-height-scrolling\" style=\"--awb-border-radius-top-left:0px;--awb-border-radius-top-right:0px;--awb-border-radius-bottom-right:0px;--awb-border-radius-bottom-left:0px;--awb-flex-wrap:wrap;\" ><div class=\"fusion-builder-row fusion-row fusion-flex-align-items-flex-start fusion-flex-content-wrap\" style=\"max-width:1248px;margin-left: calc(-4% \/ 2 );margin-right: calc(-4% \/ 2 );\"><div class=\"fusion-layout-column fusion_builder_column fusion-builder-column-0 fusion_builder_column_1_1 1_1 fusion-flex-column\" style=\"--awb-bg-size:cover;--awb-width-large:100%;--awb-margin-top-large:0px;--awb-spacing-right-large:1.92%;--awb-margin-bottom-large:20px;--awb-spacing-left-large:1.92%;--awb-width-medium:100%;--awb-order-medium:0;--awb-spacing-right-medium:1.92%;--awb-spacing-left-medium:1.92%;--awb-width-small:100%;--awb-order-small:0;--awb-spacing-right-small:1.92%;--awb-spacing-left-small:1.92%;\"><div class=\"fusion-column-wrapper fusion-column-has-shadow fusion-flex-justify-content-flex-start fusion-content-layout-column\"><div class=\"fusion-text fusion-text-1\"><h6><strong>500 agrupaments i esplais ens hem mobilitzat arreu del territori catal\u00e0 en una jornada reivindicativa que ha concl\u00f2s amb una manifestaci\u00f3 unit\u00e0ria a Barcelona, on hi han participat 5000 persones.<\/strong><\/h6>\n<p>El dissabte 1 de juny <strong>m\u00e9s de 500 agrupaments i esplais d\u2019arreu de Catalunya<\/strong> ens hem mobilitzat en una jornada reivindicativa unit\u00e0ria per defensar el reconeixement del lleure educatiu de base volunt\u00e0ria i comunit\u00e0ria. La protesta s\u2019ha iniciat amb d\u2019un mat\u00ed de cau i esplai al carrer als pobles i ciutats de les agrupacions i ha concl\u00f2s amb una <strong>gran manifestaci\u00f3<\/strong> a les 17.30 h de la Pla\u00e7a Tetuan a la Pla\u00e7a Sant Jaume de Barcelona. La concentraci\u00f3, que ha comptat amb la participaci\u00f3 de milers d&#8217;infants, joves, fam\u00edlies, caps i monitores, ha estat convocada per <span style=\"color: #f69d0b;\"><a style=\"color: #f69d0b;\" href=\"https:\/\/www.accioescolta.cat\/\" target=\"_blank\" rel=\"noopener\"><strong>Acci\u00f3 Escolta de Catalunya<\/strong><\/a><\/span>, <span style=\"color: #f69d0b;\"><a style=\"color: #f69d0b;\" href=\"https:\/\/www.escoltes.org\/\" target=\"_blank\" rel=\"noopener\"><strong>Escoltes Catalans<\/strong><\/a><\/span>, <a href=\"https:\/\/www.escoltesiguies.cat\/\" target=\"_blank\" rel=\"noopener\"><strong><span style=\"color: #f69d0b;\">Minyons Escoltes i Guies de Catalunya<\/span><\/strong><\/a> (MEG), <a href=\"https:\/\/www.esplac.cat\/\" target=\"_blank\" rel=\"noopener\"><strong><span style=\"color: #f69d0b;\">Esplais Catalans<\/span><\/strong><\/a>, i <strong>Moviment de Centres d&#8217;Esplai Cristians Catalans<\/strong> (MCECC), el <strong>Centre Marista d\u2019Escoltes<\/strong> i el <span style=\"color: #f69d0b;\"><a style=\"color: #f69d0b;\" href=\"https:\/\/cnjc.cat\/ca\" target=\"_blank\" rel=\"noopener\"><strong>Consell Nacional de la Joventut de Catalunya<\/strong><\/a><\/span> (CNJC).<\/p>\n<p>En la mobilitzaci\u00f3 hem reclamat la visibilitzaci\u00f3 i el reconeixement de la tasca de l\u2019associacionisme educatiu. Una demanda hist\u00f2rica que ha guanyat for\u00e7a aquestes \u00faltimes setmanes arran de la crisi dels terrenys d\u2019acampada que ha interromput de manera for\u00e7osa la preparaci\u00f3 dels campaments d\u2019estiu d\u2019agrupaments escoltes i esplais. Aquesta situaci\u00f3 s\u2019ha agreujat amb el comunicat a les entitats que <strong>cal tancar 79 dels 156 terrenys d\u2019acampada per manca d\u2019autoritzaci\u00f3 de l\u2019Ag\u00e8ncia Catalana de l\u2019Aigua a tan sols dos mesos de l\u2019inici de la campanya<\/strong>. Aix\u00f2 ha provocat la reubicaci\u00f3 a contrarellotge de m\u00e9s de 200 reserves fetes a terrenys per als mesos d\u2019estiu, afectant 12.000 infants i joves. Les entitats de l&#8217;associacionisme educatiu ens unim per a defensar els campaments, una eina pedag\u00f2gica essencial.<\/p>\n<h4><strong>Una jornada reivindicativa multitudin\u00e0ria<\/strong><\/h4>\n<p>Les accions matinals de l\u20191 de juny han tingut lloc <strong>arreu del territori catal\u00e0<\/strong>. Esplais i agrupaments hem ocupat l\u2019espai p\u00fablic, agrupant-nos en places i carrers, per a preparar-nos per a la manifestaci\u00f3 de la tarda amb activitats de reflexi\u00f3, tallers de pancartes i jocs. Alguns dels municipis on s\u2019ha pogut presenciar aquesta activitat han estat Vic, Girona, Viladecans, Solsona, Cervera, Vilafranca i diversos barris de la ciutat de Barcelona, entre altres.<\/p>\n<p>La manifestaci\u00f3 de la tarda, que ha mobilitzat<strong> 5.000 persones<\/strong>, ha servit per fer sentir la veu de l\u2019associacionisme educatiu i <strong>denunciar l\u2019ofec administratiu a qu\u00e8 veiem sotmesa la nostra tasca<\/strong>. En la lectura d\u2019un manifest davant del Palau de la Generalitat, les entitats convocants hem assenyalat que fa molts anys que patim restriccions d\u2019activitat i que aquesta nova situaci\u00f3 ha estat \u201cla gota ha fet vessar el got\u201d.\u00a0 Hem posat de manifest que aix\u00f2 s\u2019agreuja despr\u00e9s de quatre anys de burocr\u00e0cia excessiva, amb l\u2019impacte de la Covid-19 i les restriccions derivades de l\u2019emerg\u00e8ncia clim\u00e0tica que dificulten la celebraci\u00f3 dels campaments amb normalitat.<\/p>\n<h4><strong>La promoci\u00f3 i reconeixement real de l\u2019associacionisme educatiu, la demanda principal<\/strong><\/h4>\n<p>En la lectura del manifest, les entitats convocants tamb\u00e9 hem posat sobre la taula altres problem\u00e0tiques cronificades que travessen l\u2019associacionisme educatiu. D\u2019una banda, la <strong>manca de locals dignes<\/strong> on realitzar les nostres activitats, amb desenes d\u2019agrupaments i esplais esperant solucions. De l\u2019altra, la dificultat de fer <strong>\u00fas de l\u2019espai p\u00fablic<\/strong> per exc\u00e9s de burocratitzaci\u00f3 en els permisos. Tamb\u00e9 hem fet pal\u00e8s com la <strong>precarietat juvenil<\/strong> ataca el sector, sustentat per la implicaci\u00f3 de caps i monis volunt\u00e0ries i voluntrais que dediquen el seu temps lliure a fer educaci\u00f3 comunit\u00e0ria arreu del territori.<\/p>\n<\/div><blockquote class=\"instagram-media\" data-instgrm-captioned data-instgrm-permalink=\"https:\/\/www.instagram.com\/reel\/C7rpGQuKxAg\/?utm_source=ig_embed&utm_campaign=loading\" data-instgrm-version=\"14\" style=\" background:#FFF; border:0; border-radius:3px; box-shadow:0 0 1px 0 rgba(0,0,0,0.5),0 1px 10px 0 rgba(0,0,0,0.15); margin: 1px; max-width:540px; min-width:326px; padding:0; width:99.375%; width:-webkit-calc(100% - 2px); width:calc(100% - 2px);\"><div style=\"padding:16px;\"> <a href=\"https:\/\/www.instagram.com\/reel\/C7rpGQuKxAg\/?utm_source=ig_embed&utm_campaign=loading\" style=\" background:#FFFFFF; line-height:0; padding:0 0; text-align:center; text-decoration:none; width:100%;\" target=\"_blank\"> <div style=\" display: flex; flex-direction: row; align-items: center;\"> <div style=\"background-color: #F4F4F4; border-radius: 50%; flex-grow: 0; height: 40px; margin-right: 14px; width: 40px;\"><\/div> <div style=\"display: flex; flex-direction: column; flex-grow: 1; justify-content: center;\"> <div style=\" background-color: #F4F4F4; border-radius: 4px; flex-grow: 0; height: 14px; margin-bottom: 6px; width: 100px;\"><\/div> <div style=\" background-color: #F4F4F4; border-radius: 4px; flex-grow: 0; height: 14px; width: 60px;\"><\/div><\/div><\/div><div style=\"padding: 19% 0;\"><\/div> <div style=\"display:block; height:50px; margin:0 auto 12px; width:50px;\"><svg width=\"50px\" height=\"50px\" viewBox=\"0 0 60 60\" version=\"1.1\" xmlns=\"https:\/\/www.w3.org\/2000\/svg\" xmlns:xlink=\"https:\/\/www.w3.org\/1999\/xlink\"><g stroke=\"none\" stroke-width=\"1\" fill=\"none\" fill-rule=\"evenodd\"><g transform=\"translate(-511.000000, -20.000000)\" fill=\"#000000\"><g><path d=\"M556.869,30.41 C554.814,30.41 553.148,32.076 553.148,34.131 C553.148,36.186 554.814,37.852 556.869,37.852 C558.924,37.852 560.59,36.186 560.59,34.131 C560.59,32.076 558.924,30.41 556.869,30.41 M541,60.657 C535.114,60.657 530.342,55.887 530.342,50 C530.342,44.114 535.114,39.342 541,39.342 C546.887,39.342 551.658,44.114 551.658,50 C551.658,55.887 546.887,60.657 541,60.657 M541,33.886 C532.1,33.886 524.886,41.1 524.886,50 C524.886,58.899 532.1,66.113 541,66.113 C549.9,66.113 557.115,58.899 557.115,50 C557.115,41.1 549.9,33.886 541,33.886 M565.378,62.101 C565.244,65.022 564.756,66.606 564.346,67.663 C563.803,69.06 563.154,70.057 562.106,71.106 C561.058,72.155 560.06,72.803 558.662,73.347 C557.607,73.757 556.021,74.244 553.102,74.378 C549.944,74.521 548.997,74.552 541,74.552 C533.003,74.552 532.056,74.521 528.898,74.378 C525.979,74.244 524.393,73.757 523.338,73.347 C521.94,72.803 520.942,72.155 519.894,71.106 C518.846,70.057 518.197,69.06 517.654,67.663 C517.244,66.606 516.755,65.022 516.623,62.101 C516.479,58.943 516.448,57.996 516.448,50 C516.448,42.003 516.479,41.056 516.623,37.899 C516.755,34.978 517.244,33.391 517.654,32.338 C518.197,30.938 518.846,29.942 519.894,28.894 C520.942,27.846 521.94,27.196 523.338,26.654 C524.393,26.244 525.979,25.756 528.898,25.623 C532.057,25.479 533.004,25.448 541,25.448 C548.997,25.448 549.943,25.479 553.102,25.623 C556.021,25.756 557.607,26.244 558.662,26.654 C560.06,27.196 561.058,27.846 562.106,28.894 C563.154,29.942 563.803,30.938 564.346,32.338 C564.756,33.391 565.244,34.978 565.378,37.899 C565.522,41.056 565.552,42.003 565.552,50 C565.552,57.996 565.522,58.943 565.378,62.101 M570.82,37.631 C570.674,34.438 570.167,32.258 569.425,30.349 C568.659,28.377 567.633,26.702 565.965,25.035 C564.297,23.368 562.623,22.342 560.652,21.575 C558.743,20.834 556.562,20.326 553.369,20.18 C550.169,20.033 549.148,20 541,20 C532.853,20 531.831,20.033 528.631,20.18 C525.438,20.326 523.257,20.834 521.349,21.575 C519.376,22.342 517.703,23.368 516.035,25.035 C514.368,26.702 513.342,28.377 512.574,30.349 C511.834,32.258 511.326,34.438 511.181,37.631 C511.035,40.831 511,41.851 511,50 C511,58.147 511.035,59.17 511.181,62.369 C511.326,65.562 511.834,67.743 512.574,69.651 C513.342,71.625 514.368,73.296 516.035,74.965 C517.703,76.634 519.376,77.658 521.349,78.425 C523.257,79.167 525.438,79.673 528.631,79.82 C531.831,79.965 532.853,80.001 541,80.001 C549.148,80.001 550.169,79.965 553.369,79.82 C556.562,79.673 558.743,79.167 560.652,78.425 C562.623,77.658 564.297,76.634 565.965,74.965 C567.633,73.296 568.659,71.625 569.425,69.651 C570.167,67.743 570.674,65.562 570.82,62.369 C570.966,59.17 571,58.147 571,50 C571,41.851 570.966,40.831 570.82,37.631\"><\/path><\/g><\/g><\/g><\/svg><\/div><div style=\"padding-top: 8px;\"> <div style=\" color:#3897f0; font-family:Arial,sans-serif; font-size:14px; font-style:normal; font-weight:550; line-height:18px;\">View this post on Instagram<\/div><\/div><div style=\"padding: 12.5% 0;\"><\/div> <div style=\"display: flex; flex-direction: row; margin-bottom: 14px; align-items: center;\"><div> <div style=\"background-color: #F4F4F4; border-radius: 50%; height: 12.5px; width: 12.5px; transform: translateX(0px) translateY(7px);\"><\/div> <div style=\"background-color: #F4F4F4; height: 12.5px; transform: rotate(-45deg) translateX(3px) translateY(1px); width: 12.5px; flex-grow: 0; margin-right: 14px; margin-left: 2px;\"><\/div> <div style=\"background-color: #F4F4F4; border-radius: 50%; height: 12.5px; width: 12.5px; transform: translateX(9px) translateY(-18px);\"><\/div><\/div><div style=\"margin-left: 8px;\"> <div style=\" background-color: #F4F4F4; border-radius: 50%; flex-grow: 0; height: 20px; width: 20px;\"><\/div> <div style=\" width: 0; height: 0; border-top: 2px solid transparent; border-left: 6px solid #f4f4f4; border-bottom: 2px solid transparent; transform: translateX(16px) translateY(-4px) rotate(30deg)\"><\/div><\/div><div style=\"margin-left: auto;\"> <div style=\" width: 0px; border-top: 8px solid #F4F4F4; border-right: 8px solid transparent; transform: translateY(16px);\"><\/div> <div style=\" background-color: #F4F4F4; flex-grow: 0; height: 12px; width: 16px; transform: translateY(-4px);\"><\/div> <div style=\" width: 0; height: 0; border-top: 8px solid #F4F4F4; border-left: 8px solid transparent; transform: translateY(-4px) translateX(8px);\"><\/div><\/div><\/div> <div style=\"display: flex; flex-direction: column; flex-grow: 1; justify-content: center; margin-bottom: 24px;\"> <div style=\" background-color: #F4F4F4; border-radius: 4px; flex-grow: 0; height: 14px; margin-bottom: 6px; width: 224px;\"><\/div> <div style=\" background-color: #F4F4F4; border-radius: 4px; flex-grow: 0; height: 14px; width: 144px;\"><\/div><\/div><\/a><p style=\" color:#c9c8cd; font-family:Arial,sans-serif; font-size:14px; line-height:17px; margin-bottom:0; margin-top:8px; overflow:hidden; padding:8px 0 7px; text-align:center; text-overflow:ellipsis; white-space:nowrap;\"><a href=\"https:\/\/www.instagram.com\/reel\/C7rpGQuKxAg\/?utm_source=ig_embed&utm_campaign=loading\" style=\" color:#c9c8cd; font-family:Arial,sans-serif; font-size:14px; font-style:normal; font-weight:normal; line-height:17px; text-decoration:none;\" target=\"_blank\">A post shared by Consell Nacional de la Joventut de Catalunya (@conselljoventutcat)<\/a><\/p><\/div><\/blockquote> <script async src=\"\/\/www.instagram.com\/embed.js\"><\/script><\/div><\/div><\/div><\/div>\n","protected":false},"excerpt":{"rendered":"","protected":false},"author":3,"featured_media":50209,"comment_status":"closed","ping_status":"closed","sticky":false,"template":"","format":"standard","meta":{"om_disable_all_campaigns":false,"_monsterinsights_skip_tracking":false,"_monsterinsights_sitenote_active":false,"_monsterinsights_sitenote_note":"","_monsterinsights_sitenote_category":0,"_uf_show_specific_survey":0,"_uf_disable_surveys":false,"footnotes":""},"categories":[1111],"tags":[],"class_list":["post-50191","post","type-post","status-publish","format-standard","has-post-thumbnail","hentry","category-activitats-esplac"],"yoast_head":"<!-- This site is optimized with the Yoast SEO plugin v27.4 - https:\/\/yoast.com\/product\/yoast-seo-wordpress\/ -->\n<title>Defensem les activitats d&#039;estiu en una jornada reivindicativa!<\/title>\n<meta name=\"description\" content=\"M\u00e9s de 500 agrupaments i esplais ens hem mobilitzat arreu del territori catal\u00e0 en una jornada reivindicativa.\" \/>\n<meta name=\"robots\" content=\"index, follow, max-snippet:-1, max-image-preview:large, max-video-preview:-1\" \/>\n<link rel=\"canonical\" href=\"https:\/\/www.esplac.cat\/associacionisme-educatiu-catalunyaunim-jornada-reivindicativa-defensa-activitats\/\" \/>\n<meta property=\"og:locale\" content=\"es_ES\" \/>\n<meta property=\"og:type\" content=\"article\" \/>\n<meta property=\"og:title\" content=\"Defensem les activitats d&#039;estiu en una jornada reivindicativa!\" \/>\n<meta property=\"og:description\" content=\"M\u00e9s de 500 agrupaments i esplais ens hem mobilitzat arreu del territori catal\u00e0 en una jornada reivindicativa.\" \/>\n<meta property=\"og:url\" content=\"https:\/\/www.esplac.cat\/associacionisme-educatiu-catalunyaunim-jornada-reivindicativa-defensa-activitats\/\" \/>\n<meta property=\"og:site_name\" content=\"Esplac\" \/>\n<meta property=\"article:published_time\" content=\"2024-06-03T09:55:27+00:00\" \/>\n<meta property=\"article:modified_time\" content=\"2024-06-03T10:00:45+00:00\" \/>\n<meta property=\"og:image\" content=\"https:\/\/www.esplac.cat\/wp-content\/uploads\/2024\/06\/Mani-Campaments.jpg\" \/>\n\t<meta property=\"og:image:width\" content=\"1697\" \/>\n\t<meta property=\"og:image:height\" content=\"700\" \/>\n\t<meta property=\"og:image:type\" content=\"image\/jpeg\" \/>\n<meta name=\"author\" content=\"Comunicaci\u00f3 Esplac\" \/>\n<meta name=\"twitter:card\" content=\"summary_large_image\" \/>\n<meta name=\"twitter:label1\" content=\"Escrito por\" \/>\n\t<meta name=\"twitter:data1\" content=\"Comunicaci\u00f3 Esplac\" \/>\n\t<meta name=\"twitter:label2\" content=\"Tiempo de lectura\" \/>\n\t<meta name=\"twitter:data2\" content=\"4 minutos\" \/>\n<script type=\"application\/ld+json\" class=\"yoast-schema-graph\">{\"@context\":\"https:\\\/\\\/schema.org\",\"@graph\":[{\"@type\":\"Article\",\"@id\":\"https:\\\/\\\/www.esplac.cat\\\/associacionisme-educatiu-catalunyaunim-jornada-reivindicativa-defensa-activitats\\\/#article\",\"isPartOf\":{\"@id\":\"https:\\\/\\\/www.esplac.cat\\\/associacionisme-educatiu-catalunyaunim-jornada-reivindicativa-defensa-activitats\\\/\"},\"author\":{\"name\":\"Comunicaci\u00f3 Esplac\",\"@id\":\"https:\\\/\\\/www.esplac.cat\\\/#\\\/schema\\\/person\\\/908383cf240be18b68f8855d0583faca\"},\"headline\":\"L\u2019associacionisme educatiu de Catalunya ens unim en una jornada reivindicativa per a la defensa de les nostres activitats\",\"datePublished\":\"2024-06-03T09:55:27+00:00\",\"dateModified\":\"2024-06-03T10:00:45+00:00\",\"mainEntityOfPage\":{\"@id\":\"https:\\\/\\\/www.esplac.cat\\\/associacionisme-educatiu-catalunyaunim-jornada-reivindicativa-defensa-activitats\\\/\"},\"wordCount\":2792,\"publisher\":{\"@id\":\"https:\\\/\\\/www.esplac.cat\\\/#organization\"},\"image\":{\"@id\":\"https:\\\/\\\/www.esplac.cat\\\/associacionisme-educatiu-catalunyaunim-jornada-reivindicativa-defensa-activitats\\\/#primaryimage\"},\"thumbnailUrl\":\"https:\\\/\\\/www.esplac.cat\\\/wp-content\\\/uploads\\\/2024\\\/06\\\/Mani-Campaments.jpg\",\"articleSection\":[\"Activitats esplac\"],\"inLanguage\":\"es\"},{\"@type\":\"WebPage\",\"@id\":\"https:\\\/\\\/www.esplac.cat\\\/associacionisme-educatiu-catalunyaunim-jornada-reivindicativa-defensa-activitats\\\/\",\"url\":\"https:\\\/\\\/www.esplac.cat\\\/associacionisme-educatiu-catalunyaunim-jornada-reivindicativa-defensa-activitats\\\/\",\"name\":\"Defensem les activitats d'estiu en una jornada reivindicativa!\",\"isPartOf\":{\"@id\":\"https:\\\/\\\/www.esplac.cat\\\/#website\"},\"primaryImageOfPage\":{\"@id\":\"https:\\\/\\\/www.esplac.cat\\\/associacionisme-educatiu-catalunyaunim-jornada-reivindicativa-defensa-activitats\\\/#primaryimage\"},\"image\":{\"@id\":\"https:\\\/\\\/www.esplac.cat\\\/associacionisme-educatiu-catalunyaunim-jornada-reivindicativa-defensa-activitats\\\/#primaryimage\"},\"thumbnailUrl\":\"https:\\\/\\\/www.esplac.cat\\\/wp-content\\\/uploads\\\/2024\\\/06\\\/Mani-Campaments.jpg\",\"datePublished\":\"2024-06-03T09:55:27+00:00\",\"dateModified\":\"2024-06-03T10:00:45+00:00\",\"description\":\"M\u00e9s de 500 agrupaments i esplais ens hem mobilitzat arreu del territori catal\u00e0 en una jornada reivindicativa.\",\"breadcrumb\":{\"@id\":\"https:\\\/\\\/www.esplac.cat\\\/associacionisme-educatiu-catalunyaunim-jornada-reivindicativa-defensa-activitats\\\/#breadcrumb\"},\"inLanguage\":\"es\",\"potentialAction\":[{\"@type\":\"ReadAction\",\"target\":[\"https:\\\/\\\/www.esplac.cat\\\/associacionisme-educatiu-catalunyaunim-jornada-reivindicativa-defensa-activitats\\\/\"]}]},{\"@type\":\"ImageObject\",\"inLanguage\":\"es\",\"@id\":\"https:\\\/\\\/www.esplac.cat\\\/associacionisme-educatiu-catalunyaunim-jornada-reivindicativa-defensa-activitats\\\/#primaryimage\",\"url\":\"https:\\\/\\\/www.esplac.cat\\\/wp-content\\\/uploads\\\/2024\\\/06\\\/Mani-Campaments.jpg\",\"contentUrl\":\"https:\\\/\\\/www.esplac.cat\\\/wp-content\\\/uploads\\\/2024\\\/06\\\/Mani-Campaments.jpg\",\"width\":1697,\"height\":700,\"caption\":\"campaments\"},{\"@type\":\"BreadcrumbList\",\"@id\":\"https:\\\/\\\/www.esplac.cat\\\/associacionisme-educatiu-catalunyaunim-jornada-reivindicativa-defensa-activitats\\\/#breadcrumb\",\"itemListElement\":[{\"@type\":\"ListItem\",\"position\":1,\"name\":\"Inici\",\"item\":\"https:\\\/\\\/www.esplac.cat\\\/es\\\/\"},{\"@type\":\"ListItem\",\"position\":2,\"name\":\"L\u2019associacionisme educatiu de Catalunya ens unim en una jornada reivindicativa per a la defensa de les nostres activitats\"}]},{\"@type\":\"WebSite\",\"@id\":\"https:\\\/\\\/www.esplac.cat\\\/#website\",\"url\":\"https:\\\/\\\/www.esplac.cat\\\/\",\"name\":\"Esplac\",\"description\":\"Esplais Catalans\",\"publisher\":{\"@id\":\"https:\\\/\\\/www.esplac.cat\\\/#organization\"},\"potentialAction\":[{\"@type\":\"SearchAction\",\"target\":{\"@type\":\"EntryPoint\",\"urlTemplate\":\"https:\\\/\\\/www.esplac.cat\\\/?s={search_term_string}\"},\"query-input\":{\"@type\":\"PropertyValueSpecification\",\"valueRequired\":true,\"valueName\":\"search_term_string\"}}],\"inLanguage\":\"es\"},{\"@type\":\"Organization\",\"@id\":\"https:\\\/\\\/www.esplac.cat\\\/#organization\",\"name\":\"Esplac\",\"url\":\"https:\\\/\\\/www.esplac.cat\\\/\",\"logo\":{\"@type\":\"ImageObject\",\"inLanguage\":\"es\",\"@id\":\"https:\\\/\\\/www.esplac.cat\\\/#\\\/schema\\\/logo\\\/image\\\/\",\"url\":\"https:\\\/\\\/www.esplac.cat\\\/wp-content\\\/uploads\\\/2019\\\/08\\\/logox2.png\",\"contentUrl\":\"https:\\\/\\\/www.esplac.cat\\\/wp-content\\\/uploads\\\/2019\\\/08\\\/logox2.png\",\"width\":600,\"height\":295,\"caption\":\"Esplac\"},\"image\":{\"@id\":\"https:\\\/\\\/www.esplac.cat\\\/#\\\/schema\\\/logo\\\/image\\\/\"}},{\"@type\":\"Person\",\"@id\":\"https:\\\/\\\/www.esplac.cat\\\/#\\\/schema\\\/person\\\/908383cf240be18b68f8855d0583faca\",\"name\":\"Comunicaci\u00f3 Esplac\",\"image\":{\"@type\":\"ImageObject\",\"inLanguage\":\"es\",\"@id\":\"https:\\\/\\\/secure.gravatar.com\\\/avatar\\\/7a4cf8feb412a76ea4a740ca02d95b06b2907b5a6c648c2dd0a1082a093c3141?s=96&d=mm&r=g\",\"url\":\"https:\\\/\\\/secure.gravatar.com\\\/avatar\\\/7a4cf8feb412a76ea4a740ca02d95b06b2907b5a6c648c2dd0a1082a093c3141?s=96&d=mm&r=g\",\"contentUrl\":\"https:\\\/\\\/secure.gravatar.com\\\/avatar\\\/7a4cf8feb412a76ea4a740ca02d95b06b2907b5a6c648c2dd0a1082a093c3141?s=96&d=mm&r=g\",\"caption\":\"Comunicaci\u00f3 Esplac\"}}]}<\/script>\n<!-- \/ Yoast SEO plugin. -->","yoast_head_json":{"title":"Defensem les activitats d'estiu en una jornada reivindicativa!","description":"M\u00e9s de 500 agrupaments i esplais ens hem mobilitzat arreu del territori catal\u00e0 en una jornada reivindicativa.","robots":{"index":"index","follow":"follow","max-snippet":"max-snippet:-1","max-image-preview":"max-image-preview:large","max-video-preview":"max-video-preview:-1"},"canonical":"https:\/\/www.esplac.cat\/associacionisme-educatiu-catalunyaunim-jornada-reivindicativa-defensa-activitats\/","og_locale":"es_ES","og_type":"article","og_title":"Defensem les activitats d'estiu en una jornada reivindicativa!","og_description":"M\u00e9s de 500 agrupaments i esplais ens hem mobilitzat arreu del territori catal\u00e0 en una jornada reivindicativa.","og_url":"https:\/\/www.esplac.cat\/associacionisme-educatiu-catalunyaunim-jornada-reivindicativa-defensa-activitats\/","og_site_name":"Esplac","article_published_time":"2024-06-03T09:55:27+00:00","article_modified_time":"2024-06-03T10:00:45+00:00","og_image":[{"width":1697,"height":700,"url":"https:\/\/www.esplac.cat\/wp-content\/uploads\/2024\/06\/Mani-Campaments.jpg","type":"image\/jpeg"}],"author":"Comunicaci\u00f3 Esplac","twitter_card":"summary_large_image","twitter_misc":{"Escrito por":"Comunicaci\u00f3 Esplac","Tiempo de lectura":"4 minutos"},"schema":{"@context":"https:\/\/schema.org","@graph":[{"@type":"Article","@id":"https:\/\/www.esplac.cat\/associacionisme-educatiu-catalunyaunim-jornada-reivindicativa-defensa-activitats\/#article","isPartOf":{"@id":"https:\/\/www.esplac.cat\/associacionisme-educatiu-catalunyaunim-jornada-reivindicativa-defensa-activitats\/"},"author":{"name":"Comunicaci\u00f3 Esplac","@id":"https:\/\/www.esplac.cat\/#\/schema\/person\/908383cf240be18b68f8855d0583faca"},"headline":"L\u2019associacionisme educatiu de Catalunya ens unim en una jornada reivindicativa per a la defensa de les nostres activitats","datePublished":"2024-06-03T09:55:27+00:00","dateModified":"2024-06-03T10:00:45+00:00","mainEntityOfPage":{"@id":"https:\/\/www.esplac.cat\/associacionisme-educatiu-catalunyaunim-jornada-reivindicativa-defensa-activitats\/"},"wordCount":2792,"publisher":{"@id":"https:\/\/www.esplac.cat\/#organization"},"image":{"@id":"https:\/\/www.esplac.cat\/associacionisme-educatiu-catalunyaunim-jornada-reivindicativa-defensa-activitats\/#primaryimage"},"thumbnailUrl":"https:\/\/www.esplac.cat\/wp-content\/uploads\/2024\/06\/Mani-Campaments.jpg","articleSection":["Activitats esplac"],"inLanguage":"es"},{"@type":"WebPage","@id":"https:\/\/www.esplac.cat\/associacionisme-educatiu-catalunyaunim-jornada-reivindicativa-defensa-activitats\/","url":"https:\/\/www.esplac.cat\/associacionisme-educatiu-catalunyaunim-jornada-reivindicativa-defensa-activitats\/","name":"Defensem les activitats d'estiu en una jornada reivindicativa!","isPartOf":{"@id":"https:\/\/www.esplac.cat\/#website"},"primaryImageOfPage":{"@id":"https:\/\/www.esplac.cat\/associacionisme-educatiu-catalunyaunim-jornada-reivindicativa-defensa-activitats\/#primaryimage"},"image":{"@id":"https:\/\/www.esplac.cat\/associacionisme-educatiu-catalunyaunim-jornada-reivindicativa-defensa-activitats\/#primaryimage"},"thumbnailUrl":"https:\/\/www.esplac.cat\/wp-content\/uploads\/2024\/06\/Mani-Campaments.jpg","datePublished":"2024-06-03T09:55:27+00:00","dateModified":"2024-06-03T10:00:45+00:00","description":"M\u00e9s de 500 agrupaments i esplais ens hem mobilitzat arreu del territori catal\u00e0 en una jornada reivindicativa.","breadcrumb":{"@id":"https:\/\/www.esplac.cat\/associacionisme-educatiu-catalunyaunim-jornada-reivindicativa-defensa-activitats\/#breadcrumb"},"inLanguage":"es","potentialAction":[{"@type":"ReadAction","target":["https:\/\/www.esplac.cat\/associacionisme-educatiu-catalunyaunim-jornada-reivindicativa-defensa-activitats\/"]}]},{"@type":"ImageObject","inLanguage":"es","@id":"https:\/\/www.esplac.cat\/associacionisme-educatiu-catalunyaunim-jornada-reivindicativa-defensa-activitats\/#primaryimage","url":"https:\/\/www.esplac.cat\/wp-content\/uploads\/2024\/06\/Mani-Campaments.jpg","contentUrl":"https:\/\/www.esplac.cat\/wp-content\/uploads\/2024\/06\/Mani-Campaments.jpg","width":1697,"height":700,"caption":"campaments"},{"@type":"BreadcrumbList","@id":"https:\/\/www.esplac.cat\/associacionisme-educatiu-catalunyaunim-jornada-reivindicativa-defensa-activitats\/#breadcrumb","itemListElement":[{"@type":"ListItem","position":1,"name":"Inici","item":"https:\/\/www.esplac.cat\/es\/"},{"@type":"ListItem","position":2,"name":"L\u2019associacionisme educatiu de Catalunya ens unim en una jornada reivindicativa per a la defensa de les nostres activitats"}]},{"@type":"WebSite","@id":"https:\/\/www.esplac.cat\/#website","url":"https:\/\/www.esplac.cat\/","name":"Esplac","description":"Esplais Catalans","publisher":{"@id":"https:\/\/www.esplac.cat\/#organization"},"potentialAction":[{"@type":"SearchAction","target":{"@type":"EntryPoint","urlTemplate":"https:\/\/www.esplac.cat\/?s={search_term_string}"},"query-input":{"@type":"PropertyValueSpecification","valueRequired":true,"valueName":"search_term_string"}}],"inLanguage":"es"},{"@type":"Organization","@id":"https:\/\/www.esplac.cat\/#organization","name":"Esplac","url":"https:\/\/www.esplac.cat\/","logo":{"@type":"ImageObject","inLanguage":"es","@id":"https:\/\/www.esplac.cat\/#\/schema\/logo\/image\/","url":"https:\/\/www.esplac.cat\/wp-content\/uploads\/2019\/08\/logox2.png","contentUrl":"https:\/\/www.esplac.cat\/wp-content\/uploads\/2019\/08\/logox2.png","width":600,"height":295,"caption":"Esplac"},"image":{"@id":"https:\/\/www.esplac.cat\/#\/schema\/logo\/image\/"}},{"@type":"Person","@id":"https:\/\/www.esplac.cat\/#\/schema\/person\/908383cf240be18b68f8855d0583faca","name":"Comunicaci\u00f3 Esplac","image":{"@type":"ImageObject","inLanguage":"es","@id":"https:\/\/secure.gravatar.com\/avatar\/7a4cf8feb412a76ea4a740ca02d95b06b2907b5a6c648c2dd0a1082a093c3141?s=96&d=mm&r=g","url":"https:\/\/secure.gravatar.com\/avatar\/7a4cf8feb412a76ea4a740ca02d95b06b2907b5a6c648c2dd0a1082a093c3141?s=96&d=mm&r=g","contentUrl":"https:\/\/secure.gravatar.com\/avatar\/7a4cf8feb412a76ea4a740ca02d95b06b2907b5a6c648c2dd0a1082a093c3141?s=96&d=mm&r=g","caption":"Comunicaci\u00f3 Esplac"}}]}},"_links":{"self":[{"href":"https:\/\/www.esplac.cat\/es\/wp-json\/wp\/v2\/posts\/50191","targetHints":{"allow":["GET"]}}],"collection":[{"href":"https:\/\/www.esplac.cat\/es\/wp-json\/wp\/v2\/posts"}],"about":[{"href":"https:\/\/www.esplac.cat\/es\/wp-json\/wp\/v2\/types\/post"}],"author":[{"embeddable":true,"href":"https:\/\/www.esplac.cat\/es\/wp-json\/wp\/v2\/users\/3"}],"replies":[{"embeddable":true,"href":"https:\/\/www.esplac.cat\/es\/wp-json\/wp\/v2\/comments?post=50191"}],"version-history":[{"count":11,"href":"https:\/\/www.esplac.cat\/es\/wp-json\/wp\/v2\/posts\/50191\/revisions"}],"predecessor-version":[{"id":50214,"href":"https:\/\/www.esplac.cat\/es\/wp-json\/wp\/v2\/posts\/50191\/revisions\/50214"}],"wp:featuredmedia":[{"embeddable":true,"href":"https:\/\/www.esplac.cat\/es\/wp-json\/wp\/v2\/media\/50209"}],"wp:attachment":[{"href":"https:\/\/www.esplac.cat\/es\/wp-json\/wp\/v2\/media?parent=50191"}],"wp:term":[{"taxonomy":"category","embeddable":true,"href":"https:\/\/www.esplac.cat\/es\/wp-json\/wp\/v2\/categories?post=50191"},{"taxonomy":"post_tag","embeddable":true,"href":"https:\/\/www.esplac.cat\/es\/wp-json\/wp\/v2\/tags?post=50191"}],"curies":[{"name":"wp","href":"https:\/\/api.w.org\/{rel}","templated":true}]}}