{"id":50237,"date":"2024-06-05T13:50:56","date_gmt":"2024-06-05T11:50:56","guid":{"rendered":"https:\/\/www.esplac.cat\/?p=50237"},"modified":"2024-06-05T13:50:56","modified_gmt":"2024-06-05T11:50:56","slug":"preparem-cami-esplaiada-formacio-discursos-odi","status":"publish","type":"post","link":"https:\/\/www.esplac.cat\/es\/preparem-cami-esplaiada-formacio-discursos-odi\/","title":{"rendered":"Preparem el cam\u00ed cap a l\u2019Esplaiada amb una formaci\u00f3 sobre discursos d\u2019odi"},"content":{"rendered":"<div class=\"fusion-fullwidth fullwidth-box fusion-builder-row-1 fusion-flex-container has-pattern-background has-mask-background nonhundred-percent-fullwidth non-hundred-percent-height-scrolling\" style=\"--awb-border-radius-top-left:0px;--awb-border-radius-top-right:0px;--awb-border-radius-bottom-right:0px;--awb-border-radius-bottom-left:0px;--awb-flex-wrap:wrap;\" ><div class=\"fusion-builder-row fusion-row fusion-flex-align-items-flex-start fusion-flex-content-wrap\" style=\"max-width:1248px;margin-left: calc(-4% \/ 2 );margin-right: calc(-4% \/ 2 );\"><div class=\"fusion-layout-column fusion_builder_column fusion-builder-column-0 fusion_builder_column_1_1 1_1 fusion-flex-column\" style=\"--awb-bg-size:cover;--awb-width-large:100%;--awb-margin-top-large:0px;--awb-spacing-right-large:1.92%;--awb-margin-bottom-large:20px;--awb-spacing-left-large:1.92%;--awb-width-medium:100%;--awb-order-medium:0;--awb-spacing-right-medium:1.92%;--awb-spacing-left-medium:1.92%;--awb-width-small:100%;--awb-order-small:0;--awb-spacing-right-small:1.92%;--awb-spacing-left-small:1.92%;\"><div class=\"fusion-column-wrapper fusion-column-has-shadow fusion-flex-justify-content-flex-start fusion-content-layout-column\"><div class=\"fusion-text fusion-text-1\"><h6><strong>El Gran Comit\u00e8 s\u2019ha reunit per celebrar l\u2019Assemblea General Extraordin\u00e0ria i fer una formaci\u00f3 sobre Discursos d\u2019Odi amb l\u2019Escola de Formaci\u00f3 Guillem Agull\u00f3.<\/strong><\/h6>\n<p>Representants de la majoria de sectors geogr\u00e0fics s\u2019han reunit el dissabte 1 de juny per treballar conjuntament sobre els principals temes de l\u2019entitat. Entre altres, es va celebrar l\u2019<strong>Assemblea General Extraordin\u00e0ria (AGE)<\/strong> i es va fer una formaci\u00f3 sobre <strong>Discursos d\u2019Odi<\/strong> amb l\u2019<span style=\"color: #f69d0b;\"><a style=\"color: #f69d0b;\" href=\"https:\/\/escolaguillemagullo.cat\/\" target=\"_blank\" rel=\"noopener\"><strong>Escola de Formaci\u00f3 Guillem Agull\u00f3<\/strong><\/a><\/span>.<\/p>\n<p>La reuni\u00f3 va comen\u00e7ar amb l\u2019Assemblea General Extraordin\u00e0ria on es van portar a votaci\u00f3 el Compte de Resultats, el Balan\u00e7 i l\u2019aplicaci\u00f3 del resultat al Romanent, que va quedar tot aprovat.<\/p>\n<p>Per acabar la reuni\u00f3, l\u2019<strong>Anna Olesti,<\/strong> formadora de l\u2019Escola de Formaci\u00f3 Guillem Agull\u00f3, va impartir una formaci\u00f3 sobre Discursos d\u2019Odi amb l\u2019objectiu de consensuar definicions i conceptes de cara a la preparaci\u00f3 de l\u2019<strong>Esplaiada 2025<\/strong>, que girar\u00e0 al voltant d\u2019aquesta tem\u00e0tica. A la formaci\u00f3, es van analitzar diferents casos de delictes d\u2019odi cap a diferents col\u00b7lectius per tal d\u2019identificar l\u2019origen, la naturalesa i les formes que adopten aquests discursos. Va ser una formaci\u00f3 que, sens dubte, va servir per assentar les bases i principals debats que s\u2019abordaran al llarg del curs 2024-25 per l\u2019Esplaiada.<\/p>\n<p>Ara les i els dirigents d\u2019Esplais Catalans es preparen per concloure el curs 2023 &#8211; 2024 amb l\u2019\u00faltima Tancada del Gran Comit\u00e8 abans de l\u2019estiu, que tindr\u00e0 lloc\u00a0 els dies 15 i 16 de juny a Moi\u00e0.<\/p>\n<\/div><div class=\"fusion-separator fusion-full-width-sep\" style=\"align-self: center;margin-left: auto;margin-right: auto;margin-top:25%;margin-bottom:25%;width:100%;\"><div class=\"fusion-separator-border sep-single\" style=\"--awb-height:20px;--awb-amount:20px;border-color:#f69d0b;border-top-width:1px;\"><\/div><\/div><div class=\"fusion-text fusion-text-2\"><p>Amb la col\u00b7laboraci\u00f3 de&#8230;<\/p>\n<\/div><div class=\"fusion-image-element \" style=\"text-align:center;--awb-caption-title-font-family:var(--h2_typography-font-family);--awb-caption-title-font-weight:var(--h2_typography-font-weight);--awb-caption-title-font-style:var(--h2_typography-font-style);--awb-caption-title-size:var(--h2_typography-font-size);--awb-caption-title-transform:var(--h2_typography-text-transform);--awb-caption-title-line-height:var(--h2_typography-line-height);--awb-caption-title-letter-spacing:var(--h2_typography-letter-spacing);\"><span class=\" fusion-imageframe imageframe-none imageframe-1 hover-type-none\"><img decoding=\"async\" width=\"300\" height=\"124\" alt=\"discursos odi\" title=\"Formacio Discursos Odi\" src=\"https:\/\/www.esplac.cat\/wp-content\/uploads\/2024\/05\/Formacio-Discursos-Odi-300x124.png\" class=\"img-responsive wp-image-50034\" srcset=\"https:\/\/www.esplac.cat\/wp-content\/uploads\/2024\/05\/Formacio-Discursos-Odi-200x82.png 200w, https:\/\/www.esplac.cat\/wp-content\/uploads\/2024\/05\/Formacio-Discursos-Odi-400x165.png 400w, https:\/\/www.esplac.cat\/wp-content\/uploads\/2024\/05\/Formacio-Discursos-Odi-600x247.png 600w, https:\/\/www.esplac.cat\/wp-content\/uploads\/2024\/05\/Formacio-Discursos-Odi-800x330.png 800w, https:\/\/www.esplac.cat\/wp-content\/uploads\/2024\/05\/Formacio-Discursos-Odi-1200x495.png 1200w, https:\/\/www.esplac.cat\/wp-content\/uploads\/2024\/05\/Formacio-Discursos-Odi.png 1697w\" sizes=\"(max-width: 1024px) 100vw, (max-width: 640px) 100vw, 1200px\" \/><\/span><\/div><\/div><\/div><\/div><\/div>\n","protected":false},"excerpt":{"rendered":"","protected":false},"author":3,"featured_media":50239,"comment_status":"closed","ping_status":"closed","sticky":false,"template":"","format":"standard","meta":{"om_disable_all_campaigns":false,"_monsterinsights_skip_tracking":false,"_monsterinsights_sitenote_active":false,"_monsterinsights_sitenote_note":"","_monsterinsights_sitenote_category":0,"_uf_show_specific_survey":0,"_uf_disable_surveys":false,"footnotes":""},"categories":[1247],"tags":[],"class_list":["post-50237","post","type-post","status-publish","format-standard","has-post-thumbnail","hentry","category-gran-comite"],"yoast_head":"<!-- This site is optimized with the Yoast SEO plugin v27.4 - https:\/\/yoast.com\/product\/yoast-seo-wordpress\/ -->\n<title>Encarem l&#039;esplaiada formant-nos sobre discursos d&#039;odi!<\/title>\n<meta name=\"description\" content=\"El Gran Comit\u00e8 s\u2019ha reunit per celebrar l\u2019AGE i fer una formaci\u00f3 sobre Discursos d\u2019Odi amb l\u2019Escola de Formaci\u00f3 Guillem Agull\u00f3.\" \/>\n<meta name=\"robots\" content=\"index, follow, max-snippet:-1, max-image-preview:large, max-video-preview:-1\" \/>\n<link rel=\"canonical\" href=\"https:\/\/www.esplac.cat\/preparem-cami-esplaiada-formacio-discursos-odi\/\" \/>\n<meta property=\"og:locale\" content=\"es_ES\" \/>\n<meta property=\"og:type\" content=\"article\" \/>\n<meta property=\"og:title\" content=\"Encarem l&#039;esplaiada formant-nos sobre discursos d&#039;odi!\" \/>\n<meta property=\"og:description\" content=\"El Gran Comit\u00e8 s\u2019ha reunit per celebrar l\u2019AGE i fer una formaci\u00f3 sobre Discursos d\u2019Odi amb l\u2019Escola de Formaci\u00f3 Guillem Agull\u00f3.\" \/>\n<meta property=\"og:url\" content=\"https:\/\/www.esplac.cat\/preparem-cami-esplaiada-formacio-discursos-odi\/\" \/>\n<meta property=\"og:site_name\" content=\"Esplac\" \/>\n<meta property=\"article:published_time\" content=\"2024-06-05T11:50:56+00:00\" \/>\n<meta property=\"og:image\" content=\"https:\/\/www.esplac.cat\/wp-content\/uploads\/2024\/06\/Discursos-Odi.jpg\" \/>\n\t<meta property=\"og:image:width\" content=\"1697\" \/>\n\t<meta property=\"og:image:height\" content=\"700\" \/>\n\t<meta property=\"og:image:type\" content=\"image\/jpeg\" \/>\n<meta name=\"author\" content=\"Comunicaci\u00f3 Esplac\" \/>\n<meta name=\"twitter:card\" content=\"summary_large_image\" \/>\n<meta name=\"twitter:label1\" content=\"Escrito por\" \/>\n\t<meta name=\"twitter:data1\" content=\"Comunicaci\u00f3 Esplac\" \/>\n\t<meta name=\"twitter:label2\" content=\"Tiempo de lectura\" \/>\n\t<meta name=\"twitter:data2\" content=\"2 minutos\" \/>\n<script type=\"application\/ld+json\" class=\"yoast-schema-graph\">{\"@context\":\"https:\\\/\\\/schema.org\",\"@graph\":[{\"@type\":\"Article\",\"@id\":\"https:\\\/\\\/www.esplac.cat\\\/preparem-cami-esplaiada-formacio-discursos-odi\\\/#article\",\"isPartOf\":{\"@id\":\"https:\\\/\\\/www.esplac.cat\\\/preparem-cami-esplaiada-formacio-discursos-odi\\\/\"},\"author\":{\"name\":\"Comunicaci\u00f3 Esplac\",\"@id\":\"https:\\\/\\\/www.esplac.cat\\\/#\\\/schema\\\/person\\\/908383cf240be18b68f8855d0583faca\"},\"headline\":\"Preparem el cam\u00ed cap a l\u2019Esplaiada amb una formaci\u00f3 sobre discursos d\u2019odi\",\"datePublished\":\"2024-06-05T11:50:56+00:00\",\"mainEntityOfPage\":{\"@id\":\"https:\\\/\\\/www.esplac.cat\\\/preparem-cami-esplaiada-formacio-discursos-odi\\\/\"},\"wordCount\":1653,\"publisher\":{\"@id\":\"https:\\\/\\\/www.esplac.cat\\\/#organization\"},\"image\":{\"@id\":\"https:\\\/\\\/www.esplac.cat\\\/preparem-cami-esplaiada-formacio-discursos-odi\\\/#primaryimage\"},\"thumbnailUrl\":\"https:\\\/\\\/www.esplac.cat\\\/wp-content\\\/uploads\\\/2024\\\/06\\\/Discursos-Odi.jpg\",\"articleSection\":[\"Gran Comit\u00e8\"],\"inLanguage\":\"es\"},{\"@type\":\"WebPage\",\"@id\":\"https:\\\/\\\/www.esplac.cat\\\/preparem-cami-esplaiada-formacio-discursos-odi\\\/\",\"url\":\"https:\\\/\\\/www.esplac.cat\\\/preparem-cami-esplaiada-formacio-discursos-odi\\\/\",\"name\":\"Encarem l'esplaiada formant-nos sobre discursos d'odi!\",\"isPartOf\":{\"@id\":\"https:\\\/\\\/www.esplac.cat\\\/#website\"},\"primaryImageOfPage\":{\"@id\":\"https:\\\/\\\/www.esplac.cat\\\/preparem-cami-esplaiada-formacio-discursos-odi\\\/#primaryimage\"},\"image\":{\"@id\":\"https:\\\/\\\/www.esplac.cat\\\/preparem-cami-esplaiada-formacio-discursos-odi\\\/#primaryimage\"},\"thumbnailUrl\":\"https:\\\/\\\/www.esplac.cat\\\/wp-content\\\/uploads\\\/2024\\\/06\\\/Discursos-Odi.jpg\",\"datePublished\":\"2024-06-05T11:50:56+00:00\",\"description\":\"El Gran Comit\u00e8 s\u2019ha reunit per celebrar l\u2019AGE i fer una formaci\u00f3 sobre Discursos d\u2019Odi amb l\u2019Escola de Formaci\u00f3 Guillem Agull\u00f3.\",\"breadcrumb\":{\"@id\":\"https:\\\/\\\/www.esplac.cat\\\/preparem-cami-esplaiada-formacio-discursos-odi\\\/#breadcrumb\"},\"inLanguage\":\"es\",\"potentialAction\":[{\"@type\":\"ReadAction\",\"target\":[\"https:\\\/\\\/www.esplac.cat\\\/preparem-cami-esplaiada-formacio-discursos-odi\\\/\"]}]},{\"@type\":\"ImageObject\",\"inLanguage\":\"es\",\"@id\":\"https:\\\/\\\/www.esplac.cat\\\/preparem-cami-esplaiada-formacio-discursos-odi\\\/#primaryimage\",\"url\":\"https:\\\/\\\/www.esplac.cat\\\/wp-content\\\/uploads\\\/2024\\\/06\\\/Discursos-Odi.jpg\",\"contentUrl\":\"https:\\\/\\\/www.esplac.cat\\\/wp-content\\\/uploads\\\/2024\\\/06\\\/Discursos-Odi.jpg\",\"width\":1697,\"height\":700,\"caption\":\"discursos odi\"},{\"@type\":\"BreadcrumbList\",\"@id\":\"https:\\\/\\\/www.esplac.cat\\\/preparem-cami-esplaiada-formacio-discursos-odi\\\/#breadcrumb\",\"itemListElement\":[{\"@type\":\"ListItem\",\"position\":1,\"name\":\"Inici\",\"item\":\"https:\\\/\\\/www.esplac.cat\\\/es\\\/\"},{\"@type\":\"ListItem\",\"position\":2,\"name\":\"Preparem el cam\u00ed cap a l\u2019Esplaiada amb una formaci\u00f3 sobre discursos d\u2019odi\"}]},{\"@type\":\"WebSite\",\"@id\":\"https:\\\/\\\/www.esplac.cat\\\/#website\",\"url\":\"https:\\\/\\\/www.esplac.cat\\\/\",\"name\":\"Esplac\",\"description\":\"Esplais Catalans\",\"publisher\":{\"@id\":\"https:\\\/\\\/www.esplac.cat\\\/#organization\"},\"potentialAction\":[{\"@type\":\"SearchAction\",\"target\":{\"@type\":\"EntryPoint\",\"urlTemplate\":\"https:\\\/\\\/www.esplac.cat\\\/?s={search_term_string}\"},\"query-input\":{\"@type\":\"PropertyValueSpecification\",\"valueRequired\":true,\"valueName\":\"search_term_string\"}}],\"inLanguage\":\"es\"},{\"@type\":\"Organization\",\"@id\":\"https:\\\/\\\/www.esplac.cat\\\/#organization\",\"name\":\"Esplac\",\"url\":\"https:\\\/\\\/www.esplac.cat\\\/\",\"logo\":{\"@type\":\"ImageObject\",\"inLanguage\":\"es\",\"@id\":\"https:\\\/\\\/www.esplac.cat\\\/#\\\/schema\\\/logo\\\/image\\\/\",\"url\":\"https:\\\/\\\/www.esplac.cat\\\/wp-content\\\/uploads\\\/2019\\\/08\\\/logox2.png\",\"contentUrl\":\"https:\\\/\\\/www.esplac.cat\\\/wp-content\\\/uploads\\\/2019\\\/08\\\/logox2.png\",\"width\":600,\"height\":295,\"caption\":\"Esplac\"},\"image\":{\"@id\":\"https:\\\/\\\/www.esplac.cat\\\/#\\\/schema\\\/logo\\\/image\\\/\"}},{\"@type\":\"Person\",\"@id\":\"https:\\\/\\\/www.esplac.cat\\\/#\\\/schema\\\/person\\\/908383cf240be18b68f8855d0583faca\",\"name\":\"Comunicaci\u00f3 Esplac\",\"image\":{\"@type\":\"ImageObject\",\"inLanguage\":\"es\",\"@id\":\"https:\\\/\\\/secure.gravatar.com\\\/avatar\\\/7a4cf8feb412a76ea4a740ca02d95b06b2907b5a6c648c2dd0a1082a093c3141?s=96&d=mm&r=g\",\"url\":\"https:\\\/\\\/secure.gravatar.com\\\/avatar\\\/7a4cf8feb412a76ea4a740ca02d95b06b2907b5a6c648c2dd0a1082a093c3141?s=96&d=mm&r=g\",\"contentUrl\":\"https:\\\/\\\/secure.gravatar.com\\\/avatar\\\/7a4cf8feb412a76ea4a740ca02d95b06b2907b5a6c648c2dd0a1082a093c3141?s=96&d=mm&r=g\",\"caption\":\"Comunicaci\u00f3 Esplac\"}}]}<\/script>\n<!-- \/ Yoast SEO plugin. -->","yoast_head_json":{"title":"Encarem l'esplaiada formant-nos sobre discursos d'odi!","description":"El Gran Comit\u00e8 s\u2019ha reunit per celebrar l\u2019AGE i fer una formaci\u00f3 sobre Discursos d\u2019Odi amb l\u2019Escola de Formaci\u00f3 Guillem Agull\u00f3.","robots":{"index":"index","follow":"follow","max-snippet":"max-snippet:-1","max-image-preview":"max-image-preview:large","max-video-preview":"max-video-preview:-1"},"canonical":"https:\/\/www.esplac.cat\/preparem-cami-esplaiada-formacio-discursos-odi\/","og_locale":"es_ES","og_type":"article","og_title":"Encarem l'esplaiada formant-nos sobre discursos d'odi!","og_description":"El Gran Comit\u00e8 s\u2019ha reunit per celebrar l\u2019AGE i fer una formaci\u00f3 sobre Discursos d\u2019Odi amb l\u2019Escola de Formaci\u00f3 Guillem Agull\u00f3.","og_url":"https:\/\/www.esplac.cat\/preparem-cami-esplaiada-formacio-discursos-odi\/","og_site_name":"Esplac","article_published_time":"2024-06-05T11:50:56+00:00","og_image":[{"width":1697,"height":700,"url":"https:\/\/www.esplac.cat\/wp-content\/uploads\/2024\/06\/Discursos-Odi.jpg","type":"image\/jpeg"}],"author":"Comunicaci\u00f3 Esplac","twitter_card":"summary_large_image","twitter_misc":{"Escrito por":"Comunicaci\u00f3 Esplac","Tiempo de lectura":"2 minutos"},"schema":{"@context":"https:\/\/schema.org","@graph":[{"@type":"Article","@id":"https:\/\/www.esplac.cat\/preparem-cami-esplaiada-formacio-discursos-odi\/#article","isPartOf":{"@id":"https:\/\/www.esplac.cat\/preparem-cami-esplaiada-formacio-discursos-odi\/"},"author":{"name":"Comunicaci\u00f3 Esplac","@id":"https:\/\/www.esplac.cat\/#\/schema\/person\/908383cf240be18b68f8855d0583faca"},"headline":"Preparem el cam\u00ed cap a l\u2019Esplaiada amb una formaci\u00f3 sobre discursos d\u2019odi","datePublished":"2024-06-05T11:50:56+00:00","mainEntityOfPage":{"@id":"https:\/\/www.esplac.cat\/preparem-cami-esplaiada-formacio-discursos-odi\/"},"wordCount":1653,"publisher":{"@id":"https:\/\/www.esplac.cat\/#organization"},"image":{"@id":"https:\/\/www.esplac.cat\/preparem-cami-esplaiada-formacio-discursos-odi\/#primaryimage"},"thumbnailUrl":"https:\/\/www.esplac.cat\/wp-content\/uploads\/2024\/06\/Discursos-Odi.jpg","articleSection":["Gran Comit\u00e8"],"inLanguage":"es"},{"@type":"WebPage","@id":"https:\/\/www.esplac.cat\/preparem-cami-esplaiada-formacio-discursos-odi\/","url":"https:\/\/www.esplac.cat\/preparem-cami-esplaiada-formacio-discursos-odi\/","name":"Encarem l'esplaiada formant-nos sobre discursos d'odi!","isPartOf":{"@id":"https:\/\/www.esplac.cat\/#website"},"primaryImageOfPage":{"@id":"https:\/\/www.esplac.cat\/preparem-cami-esplaiada-formacio-discursos-odi\/#primaryimage"},"image":{"@id":"https:\/\/www.esplac.cat\/preparem-cami-esplaiada-formacio-discursos-odi\/#primaryimage"},"thumbnailUrl":"https:\/\/www.esplac.cat\/wp-content\/uploads\/2024\/06\/Discursos-Odi.jpg","datePublished":"2024-06-05T11:50:56+00:00","description":"El Gran Comit\u00e8 s\u2019ha reunit per celebrar l\u2019AGE i fer una formaci\u00f3 sobre Discursos d\u2019Odi amb l\u2019Escola de Formaci\u00f3 Guillem Agull\u00f3.","breadcrumb":{"@id":"https:\/\/www.esplac.cat\/preparem-cami-esplaiada-formacio-discursos-odi\/#breadcrumb"},"inLanguage":"es","potentialAction":[{"@type":"ReadAction","target":["https:\/\/www.esplac.cat\/preparem-cami-esplaiada-formacio-discursos-odi\/"]}]},{"@type":"ImageObject","inLanguage":"es","@id":"https:\/\/www.esplac.cat\/preparem-cami-esplaiada-formacio-discursos-odi\/#primaryimage","url":"https:\/\/www.esplac.cat\/wp-content\/uploads\/2024\/06\/Discursos-Odi.jpg","contentUrl":"https:\/\/www.esplac.cat\/wp-content\/uploads\/2024\/06\/Discursos-Odi.jpg","width":1697,"height":700,"caption":"discursos odi"},{"@type":"BreadcrumbList","@id":"https:\/\/www.esplac.cat\/preparem-cami-esplaiada-formacio-discursos-odi\/#breadcrumb","itemListElement":[{"@type":"ListItem","position":1,"name":"Inici","item":"https:\/\/www.esplac.cat\/es\/"},{"@type":"ListItem","position":2,"name":"Preparem el cam\u00ed cap a l\u2019Esplaiada amb una formaci\u00f3 sobre discursos d\u2019odi"}]},{"@type":"WebSite","@id":"https:\/\/www.esplac.cat\/#website","url":"https:\/\/www.esplac.cat\/","name":"Esplac","description":"Esplais Catalans","publisher":{"@id":"https:\/\/www.esplac.cat\/#organization"},"potentialAction":[{"@type":"SearchAction","target":{"@type":"EntryPoint","urlTemplate":"https:\/\/www.esplac.cat\/?s={search_term_string}"},"query-input":{"@type":"PropertyValueSpecification","valueRequired":true,"valueName":"search_term_string"}}],"inLanguage":"es"},{"@type":"Organization","@id":"https:\/\/www.esplac.cat\/#organization","name":"Esplac","url":"https:\/\/www.esplac.cat\/","logo":{"@type":"ImageObject","inLanguage":"es","@id":"https:\/\/www.esplac.cat\/#\/schema\/logo\/image\/","url":"https:\/\/www.esplac.cat\/wp-content\/uploads\/2019\/08\/logox2.png","contentUrl":"https:\/\/www.esplac.cat\/wp-content\/uploads\/2019\/08\/logox2.png","width":600,"height":295,"caption":"Esplac"},"image":{"@id":"https:\/\/www.esplac.cat\/#\/schema\/logo\/image\/"}},{"@type":"Person","@id":"https:\/\/www.esplac.cat\/#\/schema\/person\/908383cf240be18b68f8855d0583faca","name":"Comunicaci\u00f3 Esplac","image":{"@type":"ImageObject","inLanguage":"es","@id":"https:\/\/secure.gravatar.com\/avatar\/7a4cf8feb412a76ea4a740ca02d95b06b2907b5a6c648c2dd0a1082a093c3141?s=96&d=mm&r=g","url":"https:\/\/secure.gravatar.com\/avatar\/7a4cf8feb412a76ea4a740ca02d95b06b2907b5a6c648c2dd0a1082a093c3141?s=96&d=mm&r=g","contentUrl":"https:\/\/secure.gravatar.com\/avatar\/7a4cf8feb412a76ea4a740ca02d95b06b2907b5a6c648c2dd0a1082a093c3141?s=96&d=mm&r=g","caption":"Comunicaci\u00f3 Esplac"}}]}},"_links":{"self":[{"href":"https:\/\/www.esplac.cat\/es\/wp-json\/wp\/v2\/posts\/50237","targetHints":{"allow":["GET"]}}],"collection":[{"href":"https:\/\/www.esplac.cat\/es\/wp-json\/wp\/v2\/posts"}],"about":[{"href":"https:\/\/www.esplac.cat\/es\/wp-json\/wp\/v2\/types\/post"}],"author":[{"embeddable":true,"href":"https:\/\/www.esplac.cat\/es\/wp-json\/wp\/v2\/users\/3"}],"replies":[{"embeddable":true,"href":"https:\/\/www.esplac.cat\/es\/wp-json\/wp\/v2\/comments?post=50237"}],"version-history":[{"count":4,"href":"https:\/\/www.esplac.cat\/es\/wp-json\/wp\/v2\/posts\/50237\/revisions"}],"predecessor-version":[{"id":50244,"href":"https:\/\/www.esplac.cat\/es\/wp-json\/wp\/v2\/posts\/50237\/revisions\/50244"}],"wp:featuredmedia":[{"embeddable":true,"href":"https:\/\/www.esplac.cat\/es\/wp-json\/wp\/v2\/media\/50239"}],"wp:attachment":[{"href":"https:\/\/www.esplac.cat\/es\/wp-json\/wp\/v2\/media?parent=50237"}],"wp:term":[{"taxonomy":"category","embeddable":true,"href":"https:\/\/www.esplac.cat\/es\/wp-json\/wp\/v2\/categories?post=50237"},{"taxonomy":"post_tag","embeddable":true,"href":"https:\/\/www.esplac.cat\/es\/wp-json\/wp\/v2\/tags?post=50237"}],"curies":[{"name":"wp","href":"https:\/\/api.w.org\/{rel}","templated":true}]}}