{"id":50245,"date":"2024-06-07T09:53:07","date_gmt":"2024-06-07T07:53:07","guid":{"rendered":"https:\/\/www.esplac.cat\/?p=50245"},"modified":"2024-06-07T10:04:24","modified_gmt":"2024-06-07T08:04:24","slug":"lassociacionisme-educatiu-unim-forces-protegir-campaments","status":"publish","type":"post","link":"https:\/\/www.esplac.cat\/es\/lassociacionisme-educatiu-unim-forces-protegir-campaments\/","title":{"rendered":"L\u2019associacionisme educatiu arribem a un acord amb la Conselleria de Drets Socials per garantir les nostres activitats i reconeixement social"},"content":{"rendered":"<div class=\"fusion-fullwidth fullwidth-box fusion-builder-row-1 fusion-flex-container has-pattern-background has-mask-background nonhundred-percent-fullwidth non-hundred-percent-height-scrolling\" style=\"--awb-border-radius-top-left:0px;--awb-border-radius-top-right:0px;--awb-border-radius-bottom-right:0px;--awb-border-radius-bottom-left:0px;--awb-flex-wrap:wrap;\" ><div class=\"fusion-builder-row fusion-row fusion-flex-align-items-flex-start fusion-flex-content-wrap\" style=\"max-width:1248px;margin-left: calc(-4% \/ 2 );margin-right: calc(-4% \/ 2 );\"><div class=\"fusion-layout-column fusion_builder_column fusion-builder-column-0 fusion_builder_column_1_1 1_1 fusion-flex-column\" style=\"--awb-bg-size:cover;--awb-width-large:100%;--awb-margin-top-large:0px;--awb-spacing-right-large:1.92%;--awb-margin-bottom-large:20px;--awb-spacing-left-large:1.92%;--awb-width-medium:100%;--awb-order-medium:0;--awb-spacing-right-medium:1.92%;--awb-spacing-left-medium:1.92%;--awb-width-small:100%;--awb-order-small:0;--awb-spacing-right-small:1.92%;--awb-spacing-left-small:1.92%;\"><div class=\"fusion-column-wrapper fusion-column-has-shadow fusion-flex-justify-content-flex-start fusion-content-layout-column\"><div class=\"fusion-text fusion-text-1\"><h6><strong>Despr\u00e9s de la pressi\u00f3 unit\u00e0ria exercida pel sector de l&#8217;associacionisme educatiu, incloent-hi una jornada reivindicativa que va mobilitzar 5.000 persones, les entitats hem aconseguit firmar un acord amb la Conselleria de Drets Socials per garantir les nostres activitats i reconeixement social.<\/strong><\/h6>\n<p>Les entitats de l\u2019associacionisme educatiu hem aconseguit firmar un acord amb la <span style=\"color: #f69d0b;\"><a style=\"color: #f69d0b;\" href=\"https:\/\/dretssocials.gencat.cat\/ca\/inici\/index.html\" target=\"_blank\" rel=\"noopener\"><strong>Conselleria de Drets Socials<\/strong> <\/a><\/span>que <strong>garanteixi les activitats al medi natural i el reconeixement real de la nostra tasca educativa i de transformaci\u00f3 social<\/strong>. Una fita aconseguida despr\u00e9s de la pressi\u00f3 unit\u00e0ria exercida des del sector arran de la crisi dels terrenys d\u2019acampada, l\u2019\u00faltima una jornada reivindicativa el dissabte 1 de juny, la qual va mobilitzar <strong>5.000 persones<\/strong>. Entre els aspectes que inclou l\u2019acord hi ha actuacions per mitigar l\u2019impacte\u00a0 derivat de les <strong>mesures restrictives de l\u2019emerg\u00e8ncia clim\u00e0tica<\/strong> de l\u2019estiu sobre els campaments, la simplificaci\u00f3 de<strong> tr\u00e0mits burocr\u00e0tics<\/strong> i l\u2019augment del<strong> pressupost<\/strong> destinat a l&#8217;educaci\u00f3 en el lleure de base volunt\u00e0ria i comunit\u00e0ria.<\/p>\n<p>Aquest acord arriba despr\u00e9s de diversos dies de reunions i negociacions entre la Conselleria i representants de les entitats signants: <span style=\"color: #f69d0b;\"><a style=\"color: #f69d0b;\" href=\"https:\/\/www.accioescolta.cat\/\" target=\"_blank\" rel=\"noopener\"><strong>Acci\u00f3 Escolta de Catalunya<\/strong><\/a><\/span>, <span style=\"color: #f69d0b;\"><strong><a style=\"color: #f69d0b;\" href=\"https:\/\/www.esplac.cat\/\" target=\"_blank\" rel=\"noopener\">Esplais Catalans<\/a><\/strong><\/span>, Moviment de Centres d\u2019Esplais Cristians Catalans, <span style=\"color: #f69d0b;\"><strong><a style=\"color: #f69d0b;\" href=\"https:\/\/www.escoltesiguies.cat\/\" target=\"_blank\" rel=\"noopener\">Minyons Escoltes i Guies<\/a><\/strong><\/span>, <span style=\"color: #f69d0b;\"><strong><a style=\"color: #f69d0b;\" href=\"https:\/\/www.escoltes.org\/\" target=\"_blank\" rel=\"noopener\">Escoltes Catalans<\/a><\/strong>, <strong><a style=\"color: #f69d0b;\" href=\"https:\/\/www.maristes.cat\/pastoral\/centre-marista-descoltes\" target=\"_blank\" rel=\"noopener\">Centre Marista d\u2019Escoltes<\/a><\/strong><\/span> i el <span style=\"color: #f69d0b;\"><strong><a style=\"color: #f69d0b;\" href=\"https:\/\/cnjc.cat\/ca\" target=\"_blank\" rel=\"noopener\">Consell Nacional de la Joventut de Catalunya<\/a><\/strong>.<\/span> Des d\u2019un primer moment les entitats ens hem esfor\u00e7at per anar a l\u2019una i coordinar les reivindicacions com a bloc. Una estrat\u00e8gia que ha servit perqu\u00e8 el Govern s\u2019assegu\u00e9s a la taula per a negociar l\u2019acord.<\/p>\n<p>El document signat pacta dues l\u00ednies principals de treball. D\u2019una banda,<strong> actuacions per mitigar l\u2019impacte derivat de les mesures restrictives de l\u2019emerg\u00e8ncia clim\u00e0tica sobre els campaments<\/strong>. En aquest punt s\u2019hi inclou una nova l\u00ednia de finan\u00e7ament per fer front els estudis hidr\u00e0ulics d\u2019inundabilitat dels terrenys, aix\u00ed com els sobrecostos derivats de la reorganitzaci\u00f3 dels campaments d\u2019aquest estiu. Tamb\u00e9 el desenvolupament d\u2019un pla director per a garantir la viabilitat de les activitats de lleure a la natura en context d\u2019emerg\u00e8ncia clim\u00e0tica, establir un circuit \u00e0gil de gesti\u00f3 dels tr\u00e0mits amb l\u2019Ag\u00e8ncia Catalana de l\u2019Aigua -responsable d\u2019emetre autoritzacions d\u2019acampada en la Zona de Policia de Lleres-, i creaci\u00f3 d\u2019un espai de seguiment operatiu sobre la situaci\u00f3 dels terrenys d\u2019acampada des del setembre de 2024.<\/p>\n<p>D\u2019altra banda, l&#8217;acord estableix <strong>actuacions de suport i reconeixement del lleure educatiu<\/strong>. En aquesta l\u00ednia de treball s\u2019hi integra el desenvolupament d\u2019un full de ruta que protegeixi el model de lleure educatiu de base volunt\u00e0ria i comunit\u00e0ria. Aquest preveu el seu reconeixement social com a agent educatiu, l\u2019augment del pressupost destinat, l\u2019equitat en la participaci\u00f3 i l\u2019abordament de la problem\u00e0tica dels locals dignes per a les activitats. De la mateixa manera, inclou la posada en marxa d\u2019un pla integral per enfortir la transversalitat del sector en el conjunt del Govern, garantint que es tinguin en compte les pol\u00edtiques que els afecten a tots els nivells. Tamb\u00e9 fixa el refor\u00e7 de l&#8217;acompanyament administratiu, amb m\u00e9s simplificaci\u00f3 i agilitzaci\u00f3 en els tr\u00e0mits, aix\u00ed com l\u2019assentament d\u2019un espai d&#8217;interlocuci\u00f3 amb la Direcci\u00f3 General de Joventut per dissenyar les l\u00ednies de suport a les activitats de lleure de la CONVO 2025.<\/p>\n<h4><strong>Un acord que arriba tard i que deixa feina pendent<\/strong><\/h4>\n<p>Les entitats tenim clar que aquest acord representa nom\u00e9s l&#8217;inici d&#8217;un llarg cam\u00ed a rec\u00f3rrer per dur a terme les accions acordades i resoldre les <strong>reivindicacions hist\u00f2riques de l&#8217;associacionisme educatiu<\/strong>. Aix\u00ed doncs, cal continuar treballant de manera col\u00b7lectiva i compromesa per garantir que les mesures es posin en pr\u00e0ctica i es tradueixin en millores reals.<\/p>\n<p>Caldr\u00e0 veure quins s\u00f3n els resultats tangibles en la implementaci\u00f3 d\u2019aquest acord, que considerem que arriba tard i no servir\u00e0, malauradament, per fer front a totes les conseq\u00fc\u00e8ncies que se&#8217;n deriven per aquest estiu. Aquests no seran uns campaments normals, per\u00f2 agraim l\u2019esfor\u00e7 de caps, monis, infants i joves per adaptar els seus projectes pedag\u00f2gics a la situaci\u00f3 generada.<\/p>\n<p>A m\u00e9s, posem sobre la taula la complexitat de resoldre les problem\u00e0tiques cronificades que travessen l\u2019associacionisme educatiu, com la <strong>manca de locals<\/strong> i l&#8217;estat d&#8217;aquests, la <strong>dificultat de fer \u00fas de l\u2019espai p\u00fablic<\/strong> per exc\u00e9s de burocratitzaci\u00f3 en els permisos i la <strong>precarietat juvenil<\/strong> que afecta la participaci\u00f3 del jovent en espais associatius i voluntaris. Reivindiquen que \u00e9s essencial abordar aquestes q\u00fcestions estructurals per garantir la sostenibilitat i el desenvolupament de les entitats educatives i de lleure a llarg termini.<\/p>\n<\/div><blockquote class=\"instagram-media\" data-instgrm-captioned data-instgrm-permalink=\"https:\/\/www.instagram.com\/reel\/C7yablIKJHD\/?utm_source=ig_embed&utm_campaign=loading\" data-instgrm-version=\"14\" style=\" background:#FFF; border:0; border-radius:3px; box-shadow:0 0 1px 0 rgba(0,0,0,0.5),0 1px 10px 0 rgba(0,0,0,0.15); margin: 1px; max-width:540px; min-width:326px; padding:0; width:99.375%; width:-webkit-calc(100% - 2px); width:calc(100% - 2px);\"><div style=\"padding:16px;\"> <a href=\"https:\/\/www.instagram.com\/reel\/C7yablIKJHD\/?utm_source=ig_embed&utm_campaign=loading\" style=\" background:#FFFFFF; line-height:0; padding:0 0; text-align:center; text-decoration:none; width:100%;\" target=\"_blank\"> <div style=\" display: flex; flex-direction: row; align-items: center;\"> <div style=\"background-color: #F4F4F4; border-radius: 50%; flex-grow: 0; height: 40px; margin-right: 14px; width: 40px;\"><\/div> <div style=\"display: flex; flex-direction: column; flex-grow: 1; justify-content: center;\"> <div style=\" background-color: #F4F4F4; border-radius: 4px; flex-grow: 0; height: 14px; margin-bottom: 6px; width: 100px;\"><\/div> <div style=\" background-color: #F4F4F4; border-radius: 4px; flex-grow: 0; height: 14px; width: 60px;\"><\/div><\/div><\/div><div style=\"padding: 19% 0;\"><\/div> <div style=\"display:block; height:50px; margin:0 auto 12px; width:50px;\"><svg width=\"50px\" height=\"50px\" viewBox=\"0 0 60 60\" version=\"1.1\" xmlns=\"https:\/\/www.w3.org\/2000\/svg\" xmlns:xlink=\"https:\/\/www.w3.org\/1999\/xlink\"><g stroke=\"none\" stroke-width=\"1\" fill=\"none\" fill-rule=\"evenodd\"><g transform=\"translate(-511.000000, -20.000000)\" fill=\"#000000\"><g><path d=\"M556.869,30.41 C554.814,30.41 553.148,32.076 553.148,34.131 C553.148,36.186 554.814,37.852 556.869,37.852 C558.924,37.852 560.59,36.186 560.59,34.131 C560.59,32.076 558.924,30.41 556.869,30.41 M541,60.657 C535.114,60.657 530.342,55.887 530.342,50 C530.342,44.114 535.114,39.342 541,39.342 C546.887,39.342 551.658,44.114 551.658,50 C551.658,55.887 546.887,60.657 541,60.657 M541,33.886 C532.1,33.886 524.886,41.1 524.886,50 C524.886,58.899 532.1,66.113 541,66.113 C549.9,66.113 557.115,58.899 557.115,50 C557.115,41.1 549.9,33.886 541,33.886 M565.378,62.101 C565.244,65.022 564.756,66.606 564.346,67.663 C563.803,69.06 563.154,70.057 562.106,71.106 C561.058,72.155 560.06,72.803 558.662,73.347 C557.607,73.757 556.021,74.244 553.102,74.378 C549.944,74.521 548.997,74.552 541,74.552 C533.003,74.552 532.056,74.521 528.898,74.378 C525.979,74.244 524.393,73.757 523.338,73.347 C521.94,72.803 520.942,72.155 519.894,71.106 C518.846,70.057 518.197,69.06 517.654,67.663 C517.244,66.606 516.755,65.022 516.623,62.101 C516.479,58.943 516.448,57.996 516.448,50 C516.448,42.003 516.479,41.056 516.623,37.899 C516.755,34.978 517.244,33.391 517.654,32.338 C518.197,30.938 518.846,29.942 519.894,28.894 C520.942,27.846 521.94,27.196 523.338,26.654 C524.393,26.244 525.979,25.756 528.898,25.623 C532.057,25.479 533.004,25.448 541,25.448 C548.997,25.448 549.943,25.479 553.102,25.623 C556.021,25.756 557.607,26.244 558.662,26.654 C560.06,27.196 561.058,27.846 562.106,28.894 C563.154,29.942 563.803,30.938 564.346,32.338 C564.756,33.391 565.244,34.978 565.378,37.899 C565.522,41.056 565.552,42.003 565.552,50 C565.552,57.996 565.522,58.943 565.378,62.101 M570.82,37.631 C570.674,34.438 570.167,32.258 569.425,30.349 C568.659,28.377 567.633,26.702 565.965,25.035 C564.297,23.368 562.623,22.342 560.652,21.575 C558.743,20.834 556.562,20.326 553.369,20.18 C550.169,20.033 549.148,20 541,20 C532.853,20 531.831,20.033 528.631,20.18 C525.438,20.326 523.257,20.834 521.349,21.575 C519.376,22.342 517.703,23.368 516.035,25.035 C514.368,26.702 513.342,28.377 512.574,30.349 C511.834,32.258 511.326,34.438 511.181,37.631 C511.035,40.831 511,41.851 511,50 C511,58.147 511.035,59.17 511.181,62.369 C511.326,65.562 511.834,67.743 512.574,69.651 C513.342,71.625 514.368,73.296 516.035,74.965 C517.703,76.634 519.376,77.658 521.349,78.425 C523.257,79.167 525.438,79.673 528.631,79.82 C531.831,79.965 532.853,80.001 541,80.001 C549.148,80.001 550.169,79.965 553.369,79.82 C556.562,79.673 558.743,79.167 560.652,78.425 C562.623,77.658 564.297,76.634 565.965,74.965 C567.633,73.296 568.659,71.625 569.425,69.651 C570.167,67.743 570.674,65.562 570.82,62.369 C570.966,59.17 571,58.147 571,50 C571,41.851 570.966,40.831 570.82,37.631\"><\/path><\/g><\/g><\/g><\/svg><\/div><div style=\"padding-top: 8px;\"> <div style=\" color:#3897f0; font-family:Arial,sans-serif; font-size:14px; font-style:normal; font-weight:550; line-height:18px;\">View this post on Instagram<\/div><\/div><div style=\"padding: 12.5% 0;\"><\/div> <div style=\"display: flex; flex-direction: row; margin-bottom: 14px; align-items: center;\"><div> <div style=\"background-color: #F4F4F4; border-radius: 50%; height: 12.5px; width: 12.5px; transform: translateX(0px) translateY(7px);\"><\/div> <div style=\"background-color: #F4F4F4; height: 12.5px; transform: rotate(-45deg) translateX(3px) translateY(1px); width: 12.5px; flex-grow: 0; margin-right: 14px; margin-left: 2px;\"><\/div> <div style=\"background-color: #F4F4F4; border-radius: 50%; height: 12.5px; width: 12.5px; transform: translateX(9px) translateY(-18px);\"><\/div><\/div><div style=\"margin-left: 8px;\"> <div style=\" background-color: #F4F4F4; border-radius: 50%; flex-grow: 0; height: 20px; width: 20px;\"><\/div> <div style=\" width: 0; height: 0; border-top: 2px solid transparent; border-left: 6px solid #f4f4f4; border-bottom: 2px solid transparent; transform: translateX(16px) translateY(-4px) rotate(30deg)\"><\/div><\/div><div style=\"margin-left: auto;\"> <div style=\" width: 0px; border-top: 8px solid #F4F4F4; border-right: 8px solid transparent; transform: translateY(16px);\"><\/div> <div style=\" background-color: #F4F4F4; flex-grow: 0; height: 12px; width: 16px; transform: translateY(-4px);\"><\/div> <div style=\" width: 0; height: 0; border-top: 8px solid #F4F4F4; border-left: 8px solid transparent; transform: translateY(-4px) translateX(8px);\"><\/div><\/div><\/div> <div style=\"display: flex; flex-direction: column; flex-grow: 1; justify-content: center; margin-bottom: 24px;\"> <div style=\" background-color: #F4F4F4; border-radius: 4px; flex-grow: 0; height: 14px; margin-bottom: 6px; width: 224px;\"><\/div> <div style=\" background-color: #F4F4F4; border-radius: 4px; flex-grow: 0; height: 14px; width: 144px;\"><\/div><\/div><\/a><p style=\" color:#c9c8cd; font-family:Arial,sans-serif; font-size:14px; line-height:17px; margin-bottom:0; margin-top:8px; overflow:hidden; padding:8px 0 7px; text-align:center; text-overflow:ellipsis; white-space:nowrap;\"><a href=\"https:\/\/www.instagram.com\/reel\/C7yablIKJHD\/?utm_source=ig_embed&utm_campaign=loading\" style=\" color:#c9c8cd; font-family:Arial,sans-serif; font-size:14px; font-style:normal; font-weight:normal; line-height:17px; text-decoration:none;\" target=\"_blank\">A post shared by Escoltes Catalans (@escoltescatalans)<\/a><\/p><\/div><\/blockquote> <script async src=\"\/\/www.instagram.com\/embed.js\"><\/script><\/div><\/div><\/div><\/div>\n","protected":false},"excerpt":{"rendered":"","protected":false},"author":3,"featured_media":50251,"comment_status":"closed","ping_status":"closed","sticky":false,"template":"","format":"standard","meta":{"om_disable_all_campaigns":false,"_monsterinsights_skip_tracking":false,"_monsterinsights_sitenote_active":false,"_monsterinsights_sitenote_note":"","_monsterinsights_sitenote_category":0,"_uf_show_specific_survey":0,"_uf_disable_surveys":false,"footnotes":""},"categories":[1111,1],"tags":[],"class_list":["post-50245","post","type-post","status-publish","format-standard","has-post-thumbnail","hentry","category-activitats-esplac","category-sense-categoria"],"yoast_head":"<!-- This site is optimized with the Yoast SEO plugin v27.5 - https:\/\/yoast.com\/product\/yoast-seo-wordpress\/ -->\n<title>L\u2019associacionisme educatiu protegim els campaments!<\/title>\n<meta name=\"description\" content=\"Despr\u00e9s de la pressi\u00f3 unit\u00e0ria exercida pel sector de l&#039;associacionisme educatiu, les entitats hem firmat un acord amb la Conselleria de Drets Socials per garantir les nostres activitats i reconeixement social.\" \/>\n<meta name=\"robots\" content=\"index, follow, max-snippet:-1, max-image-preview:large, max-video-preview:-1\" \/>\n<link rel=\"canonical\" href=\"https:\/\/www.esplac.cat\/lassociacionisme-educatiu-unim-forces-protegir-campaments\/\" \/>\n<meta property=\"og:locale\" content=\"es_ES\" \/>\n<meta property=\"og:type\" content=\"article\" \/>\n<meta property=\"og:title\" content=\"L\u2019associacionisme educatiu protegim els campaments!\" \/>\n<meta property=\"og:description\" content=\"Despr\u00e9s de la pressi\u00f3 unit\u00e0ria exercida pel sector de l&#039;associacionisme educatiu, les entitats hem firmat un acord amb la Conselleria de Drets Socials per garantir les nostres activitats i reconeixement social.\" \/>\n<meta property=\"og:url\" content=\"https:\/\/www.esplac.cat\/lassociacionisme-educatiu-unim-forces-protegir-campaments\/\" \/>\n<meta property=\"og:site_name\" content=\"Esplac\" \/>\n<meta property=\"article:published_time\" content=\"2024-06-07T07:53:07+00:00\" \/>\n<meta property=\"article:modified_time\" content=\"2024-06-07T08:04:24+00:00\" \/>\n<meta property=\"og:image\" content=\"https:\/\/www.esplac.cat\/wp-content\/uploads\/2024\/06\/Acord_Campaments.jpg\" \/>\n\t<meta property=\"og:image:width\" content=\"1697\" \/>\n\t<meta property=\"og:image:height\" content=\"700\" \/>\n\t<meta property=\"og:image:type\" content=\"image\/jpeg\" \/>\n<meta name=\"author\" content=\"Comunicaci\u00f3 Esplac\" \/>\n<meta name=\"twitter:card\" content=\"summary_large_image\" \/>\n<meta name=\"twitter:label1\" content=\"Escrito por\" \/>\n\t<meta name=\"twitter:data1\" content=\"Comunicaci\u00f3 Esplac\" \/>\n\t<meta name=\"twitter:label2\" content=\"Tiempo de lectura\" \/>\n\t<meta name=\"twitter:data2\" content=\"5 minutos\" \/>\n<script type=\"application\/ld+json\" class=\"yoast-schema-graph\">{\"@context\":\"https:\\\/\\\/schema.org\",\"@graph\":[{\"@type\":\"Article\",\"@id\":\"https:\\\/\\\/www.esplac.cat\\\/lassociacionisme-educatiu-unim-forces-protegir-campaments\\\/#article\",\"isPartOf\":{\"@id\":\"https:\\\/\\\/www.esplac.cat\\\/lassociacionisme-educatiu-unim-forces-protegir-campaments\\\/\"},\"author\":{\"name\":\"Comunicaci\u00f3 Esplac\",\"@id\":\"https:\\\/\\\/www.esplac.cat\\\/#\\\/schema\\\/person\\\/908383cf240be18b68f8855d0583faca\"},\"headline\":\"L\u2019associacionisme educatiu arribem a un acord amb la Conselleria de Drets Socials per garantir les nostres activitats i reconeixement social\",\"datePublished\":\"2024-06-07T07:53:07+00:00\",\"dateModified\":\"2024-06-07T08:04:24+00:00\",\"mainEntityOfPage\":{\"@id\":\"https:\\\/\\\/www.esplac.cat\\\/lassociacionisme-educatiu-unim-forces-protegir-campaments\\\/\"},\"wordCount\":2982,\"publisher\":{\"@id\":\"https:\\\/\\\/www.esplac.cat\\\/#organization\"},\"image\":{\"@id\":\"https:\\\/\\\/www.esplac.cat\\\/lassociacionisme-educatiu-unim-forces-protegir-campaments\\\/#primaryimage\"},\"thumbnailUrl\":\"https:\\\/\\\/www.esplac.cat\\\/wp-content\\\/uploads\\\/2024\\\/06\\\/Acord_Campaments.jpg\",\"articleSection\":[\"Activitats esplac\",\"Sense categoria\"],\"inLanguage\":\"es\"},{\"@type\":\"WebPage\",\"@id\":\"https:\\\/\\\/www.esplac.cat\\\/lassociacionisme-educatiu-unim-forces-protegir-campaments\\\/\",\"url\":\"https:\\\/\\\/www.esplac.cat\\\/lassociacionisme-educatiu-unim-forces-protegir-campaments\\\/\",\"name\":\"L\u2019associacionisme educatiu protegim els campaments!\",\"isPartOf\":{\"@id\":\"https:\\\/\\\/www.esplac.cat\\\/#website\"},\"primaryImageOfPage\":{\"@id\":\"https:\\\/\\\/www.esplac.cat\\\/lassociacionisme-educatiu-unim-forces-protegir-campaments\\\/#primaryimage\"},\"image\":{\"@id\":\"https:\\\/\\\/www.esplac.cat\\\/lassociacionisme-educatiu-unim-forces-protegir-campaments\\\/#primaryimage\"},\"thumbnailUrl\":\"https:\\\/\\\/www.esplac.cat\\\/wp-content\\\/uploads\\\/2024\\\/06\\\/Acord_Campaments.jpg\",\"datePublished\":\"2024-06-07T07:53:07+00:00\",\"dateModified\":\"2024-06-07T08:04:24+00:00\",\"description\":\"Despr\u00e9s de la pressi\u00f3 unit\u00e0ria exercida pel sector de l'associacionisme educatiu, les entitats hem firmat un acord amb la Conselleria de Drets Socials per garantir les nostres activitats i reconeixement social.\",\"breadcrumb\":{\"@id\":\"https:\\\/\\\/www.esplac.cat\\\/lassociacionisme-educatiu-unim-forces-protegir-campaments\\\/#breadcrumb\"},\"inLanguage\":\"es\",\"potentialAction\":[{\"@type\":\"ReadAction\",\"target\":[\"https:\\\/\\\/www.esplac.cat\\\/lassociacionisme-educatiu-unim-forces-protegir-campaments\\\/\"]}]},{\"@type\":\"ImageObject\",\"inLanguage\":\"es\",\"@id\":\"https:\\\/\\\/www.esplac.cat\\\/lassociacionisme-educatiu-unim-forces-protegir-campaments\\\/#primaryimage\",\"url\":\"https:\\\/\\\/www.esplac.cat\\\/wp-content\\\/uploads\\\/2024\\\/06\\\/Acord_Campaments.jpg\",\"contentUrl\":\"https:\\\/\\\/www.esplac.cat\\\/wp-content\\\/uploads\\\/2024\\\/06\\\/Acord_Campaments.jpg\",\"width\":1697,\"height\":700,\"caption\":\"associacionsime\"},{\"@type\":\"BreadcrumbList\",\"@id\":\"https:\\\/\\\/www.esplac.cat\\\/lassociacionisme-educatiu-unim-forces-protegir-campaments\\\/#breadcrumb\",\"itemListElement\":[{\"@type\":\"ListItem\",\"position\":1,\"name\":\"Inici\",\"item\":\"https:\\\/\\\/www.esplac.cat\\\/es\\\/\"},{\"@type\":\"ListItem\",\"position\":2,\"name\":\"L\u2019associacionisme educatiu arribem a un acord amb la Conselleria de Drets Socials per garantir les nostres activitats i reconeixement social\"}]},{\"@type\":\"WebSite\",\"@id\":\"https:\\\/\\\/www.esplac.cat\\\/#website\",\"url\":\"https:\\\/\\\/www.esplac.cat\\\/\",\"name\":\"Esplac\",\"description\":\"Esplais Catalans\",\"publisher\":{\"@id\":\"https:\\\/\\\/www.esplac.cat\\\/#organization\"},\"potentialAction\":[{\"@type\":\"SearchAction\",\"target\":{\"@type\":\"EntryPoint\",\"urlTemplate\":\"https:\\\/\\\/www.esplac.cat\\\/?s={search_term_string}\"},\"query-input\":{\"@type\":\"PropertyValueSpecification\",\"valueRequired\":true,\"valueName\":\"search_term_string\"}}],\"inLanguage\":\"es\"},{\"@type\":\"Organization\",\"@id\":\"https:\\\/\\\/www.esplac.cat\\\/#organization\",\"name\":\"Esplac\",\"url\":\"https:\\\/\\\/www.esplac.cat\\\/\",\"logo\":{\"@type\":\"ImageObject\",\"inLanguage\":\"es\",\"@id\":\"https:\\\/\\\/www.esplac.cat\\\/#\\\/schema\\\/logo\\\/image\\\/\",\"url\":\"https:\\\/\\\/www.esplac.cat\\\/wp-content\\\/uploads\\\/2019\\\/08\\\/logox2.png\",\"contentUrl\":\"https:\\\/\\\/www.esplac.cat\\\/wp-content\\\/uploads\\\/2019\\\/08\\\/logox2.png\",\"width\":600,\"height\":295,\"caption\":\"Esplac\"},\"image\":{\"@id\":\"https:\\\/\\\/www.esplac.cat\\\/#\\\/schema\\\/logo\\\/image\\\/\"}},{\"@type\":\"Person\",\"@id\":\"https:\\\/\\\/www.esplac.cat\\\/#\\\/schema\\\/person\\\/908383cf240be18b68f8855d0583faca\",\"name\":\"Comunicaci\u00f3 Esplac\",\"image\":{\"@type\":\"ImageObject\",\"inLanguage\":\"es\",\"@id\":\"https:\\\/\\\/secure.gravatar.com\\\/avatar\\\/7a4cf8feb412a76ea4a740ca02d95b06b2907b5a6c648c2dd0a1082a093c3141?s=96&d=mm&r=g\",\"url\":\"https:\\\/\\\/secure.gravatar.com\\\/avatar\\\/7a4cf8feb412a76ea4a740ca02d95b06b2907b5a6c648c2dd0a1082a093c3141?s=96&d=mm&r=g\",\"contentUrl\":\"https:\\\/\\\/secure.gravatar.com\\\/avatar\\\/7a4cf8feb412a76ea4a740ca02d95b06b2907b5a6c648c2dd0a1082a093c3141?s=96&d=mm&r=g\",\"caption\":\"Comunicaci\u00f3 Esplac\"}}]}<\/script>\n<!-- \/ Yoast SEO plugin. -->","yoast_head_json":{"title":"L\u2019associacionisme educatiu protegim els campaments!","description":"Despr\u00e9s de la pressi\u00f3 unit\u00e0ria exercida pel sector de l'associacionisme educatiu, les entitats hem firmat un acord amb la Conselleria de Drets Socials per garantir les nostres activitats i reconeixement social.","robots":{"index":"index","follow":"follow","max-snippet":"max-snippet:-1","max-image-preview":"max-image-preview:large","max-video-preview":"max-video-preview:-1"},"canonical":"https:\/\/www.esplac.cat\/lassociacionisme-educatiu-unim-forces-protegir-campaments\/","og_locale":"es_ES","og_type":"article","og_title":"L\u2019associacionisme educatiu protegim els campaments!","og_description":"Despr\u00e9s de la pressi\u00f3 unit\u00e0ria exercida pel sector de l'associacionisme educatiu, les entitats hem firmat un acord amb la Conselleria de Drets Socials per garantir les nostres activitats i reconeixement social.","og_url":"https:\/\/www.esplac.cat\/lassociacionisme-educatiu-unim-forces-protegir-campaments\/","og_site_name":"Esplac","article_published_time":"2024-06-07T07:53:07+00:00","article_modified_time":"2024-06-07T08:04:24+00:00","og_image":[{"width":1697,"height":700,"url":"https:\/\/www.esplac.cat\/wp-content\/uploads\/2024\/06\/Acord_Campaments.jpg","type":"image\/jpeg"}],"author":"Comunicaci\u00f3 Esplac","twitter_card":"summary_large_image","twitter_misc":{"Escrito por":"Comunicaci\u00f3 Esplac","Tiempo de lectura":"5 minutos"},"schema":{"@context":"https:\/\/schema.org","@graph":[{"@type":"Article","@id":"https:\/\/www.esplac.cat\/lassociacionisme-educatiu-unim-forces-protegir-campaments\/#article","isPartOf":{"@id":"https:\/\/www.esplac.cat\/lassociacionisme-educatiu-unim-forces-protegir-campaments\/"},"author":{"name":"Comunicaci\u00f3 Esplac","@id":"https:\/\/www.esplac.cat\/#\/schema\/person\/908383cf240be18b68f8855d0583faca"},"headline":"L\u2019associacionisme educatiu arribem a un acord amb la Conselleria de Drets Socials per garantir les nostres activitats i reconeixement social","datePublished":"2024-06-07T07:53:07+00:00","dateModified":"2024-06-07T08:04:24+00:00","mainEntityOfPage":{"@id":"https:\/\/www.esplac.cat\/lassociacionisme-educatiu-unim-forces-protegir-campaments\/"},"wordCount":2982,"publisher":{"@id":"https:\/\/www.esplac.cat\/#organization"},"image":{"@id":"https:\/\/www.esplac.cat\/lassociacionisme-educatiu-unim-forces-protegir-campaments\/#primaryimage"},"thumbnailUrl":"https:\/\/www.esplac.cat\/wp-content\/uploads\/2024\/06\/Acord_Campaments.jpg","articleSection":["Activitats esplac","Sense categoria"],"inLanguage":"es"},{"@type":"WebPage","@id":"https:\/\/www.esplac.cat\/lassociacionisme-educatiu-unim-forces-protegir-campaments\/","url":"https:\/\/www.esplac.cat\/lassociacionisme-educatiu-unim-forces-protegir-campaments\/","name":"L\u2019associacionisme educatiu protegim els campaments!","isPartOf":{"@id":"https:\/\/www.esplac.cat\/#website"},"primaryImageOfPage":{"@id":"https:\/\/www.esplac.cat\/lassociacionisme-educatiu-unim-forces-protegir-campaments\/#primaryimage"},"image":{"@id":"https:\/\/www.esplac.cat\/lassociacionisme-educatiu-unim-forces-protegir-campaments\/#primaryimage"},"thumbnailUrl":"https:\/\/www.esplac.cat\/wp-content\/uploads\/2024\/06\/Acord_Campaments.jpg","datePublished":"2024-06-07T07:53:07+00:00","dateModified":"2024-06-07T08:04:24+00:00","description":"Despr\u00e9s de la pressi\u00f3 unit\u00e0ria exercida pel sector de l'associacionisme educatiu, les entitats hem firmat un acord amb la Conselleria de Drets Socials per garantir les nostres activitats i reconeixement social.","breadcrumb":{"@id":"https:\/\/www.esplac.cat\/lassociacionisme-educatiu-unim-forces-protegir-campaments\/#breadcrumb"},"inLanguage":"es","potentialAction":[{"@type":"ReadAction","target":["https:\/\/www.esplac.cat\/lassociacionisme-educatiu-unim-forces-protegir-campaments\/"]}]},{"@type":"ImageObject","inLanguage":"es","@id":"https:\/\/www.esplac.cat\/lassociacionisme-educatiu-unim-forces-protegir-campaments\/#primaryimage","url":"https:\/\/www.esplac.cat\/wp-content\/uploads\/2024\/06\/Acord_Campaments.jpg","contentUrl":"https:\/\/www.esplac.cat\/wp-content\/uploads\/2024\/06\/Acord_Campaments.jpg","width":1697,"height":700,"caption":"associacionsime"},{"@type":"BreadcrumbList","@id":"https:\/\/www.esplac.cat\/lassociacionisme-educatiu-unim-forces-protegir-campaments\/#breadcrumb","itemListElement":[{"@type":"ListItem","position":1,"name":"Inici","item":"https:\/\/www.esplac.cat\/es\/"},{"@type":"ListItem","position":2,"name":"L\u2019associacionisme educatiu arribem a un acord amb la Conselleria de Drets Socials per garantir les nostres activitats i reconeixement social"}]},{"@type":"WebSite","@id":"https:\/\/www.esplac.cat\/#website","url":"https:\/\/www.esplac.cat\/","name":"Esplac","description":"Esplais Catalans","publisher":{"@id":"https:\/\/www.esplac.cat\/#organization"},"potentialAction":[{"@type":"SearchAction","target":{"@type":"EntryPoint","urlTemplate":"https:\/\/www.esplac.cat\/?s={search_term_string}"},"query-input":{"@type":"PropertyValueSpecification","valueRequired":true,"valueName":"search_term_string"}}],"inLanguage":"es"},{"@type":"Organization","@id":"https:\/\/www.esplac.cat\/#organization","name":"Esplac","url":"https:\/\/www.esplac.cat\/","logo":{"@type":"ImageObject","inLanguage":"es","@id":"https:\/\/www.esplac.cat\/#\/schema\/logo\/image\/","url":"https:\/\/www.esplac.cat\/wp-content\/uploads\/2019\/08\/logox2.png","contentUrl":"https:\/\/www.esplac.cat\/wp-content\/uploads\/2019\/08\/logox2.png","width":600,"height":295,"caption":"Esplac"},"image":{"@id":"https:\/\/www.esplac.cat\/#\/schema\/logo\/image\/"}},{"@type":"Person","@id":"https:\/\/www.esplac.cat\/#\/schema\/person\/908383cf240be18b68f8855d0583faca","name":"Comunicaci\u00f3 Esplac","image":{"@type":"ImageObject","inLanguage":"es","@id":"https:\/\/secure.gravatar.com\/avatar\/7a4cf8feb412a76ea4a740ca02d95b06b2907b5a6c648c2dd0a1082a093c3141?s=96&d=mm&r=g","url":"https:\/\/secure.gravatar.com\/avatar\/7a4cf8feb412a76ea4a740ca02d95b06b2907b5a6c648c2dd0a1082a093c3141?s=96&d=mm&r=g","contentUrl":"https:\/\/secure.gravatar.com\/avatar\/7a4cf8feb412a76ea4a740ca02d95b06b2907b5a6c648c2dd0a1082a093c3141?s=96&d=mm&r=g","caption":"Comunicaci\u00f3 Esplac"}}]}},"_links":{"self":[{"href":"https:\/\/www.esplac.cat\/es\/wp-json\/wp\/v2\/posts\/50245","targetHints":{"allow":["GET"]}}],"collection":[{"href":"https:\/\/www.esplac.cat\/es\/wp-json\/wp\/v2\/posts"}],"about":[{"href":"https:\/\/www.esplac.cat\/es\/wp-json\/wp\/v2\/types\/post"}],"author":[{"embeddable":true,"href":"https:\/\/www.esplac.cat\/es\/wp-json\/wp\/v2\/users\/3"}],"replies":[{"embeddable":true,"href":"https:\/\/www.esplac.cat\/es\/wp-json\/wp\/v2\/comments?post=50245"}],"version-history":[{"count":8,"href":"https:\/\/www.esplac.cat\/es\/wp-json\/wp\/v2\/posts\/50245\/revisions"}],"predecessor-version":[{"id":50256,"href":"https:\/\/www.esplac.cat\/es\/wp-json\/wp\/v2\/posts\/50245\/revisions\/50256"}],"wp:featuredmedia":[{"embeddable":true,"href":"https:\/\/www.esplac.cat\/es\/wp-json\/wp\/v2\/media\/50251"}],"wp:attachment":[{"href":"https:\/\/www.esplac.cat\/es\/wp-json\/wp\/v2\/media?parent=50245"}],"wp:term":[{"taxonomy":"category","embeddable":true,"href":"https:\/\/www.esplac.cat\/es\/wp-json\/wp\/v2\/categories?post=50245"},{"taxonomy":"post_tag","embeddable":true,"href":"https:\/\/www.esplac.cat\/es\/wp-json\/wp\/v2\/tags?post=50245"}],"curies":[{"name":"wp","href":"https:\/\/api.w.org\/{rel}","templated":true}]}}