{"id":5061,"date":"2018-12-13T11:04:05","date_gmt":"2018-12-13T09:04:05","guid":{"rendered":"https:\/\/www.somesplai.cat\/?p=5061"},"modified":"2019-11-28T13:31:24","modified_gmt":"2019-11-28T12:31:24","slug":"setmana-fantastica-formacio-darribada","status":"publish","type":"post","link":"https:\/\/www.esplac.cat\/es\/setmana-fantastica-formacio-darribada\/","title":{"rendered":"Sobre una setmana fant\u00e0stica de replantejaments i de reflexions personals- Formaci\u00f3 d&#8217;arribada."},"content":{"rendered":"<h5 class=\"p1\" style=\"text-align: justify;\">13-desembre-2018<\/h5>\n<p>Autora: <strong>Natalya Chetverova<\/strong>, SVE&nbsp;alemanya&nbsp;a Terrassa i monitora de l\u2019esplai La Fera.<\/p>\n<hr>\n<p>Sembla que, com a volunt\u00e0ria, no nom\u00e9s he descobert les meves responsabilitats en l&#8217;organitzaci\u00f3 que m&#8217;acull, Esplac, sin\u00f3 que tamb\u00e9, durant l&#8217;any, la responsabilitat de participar en les formacions sobre el meu projecte SVE finan\u00e7at per la Uni\u00f3 Europea. Per aquesta ra\u00f3, vaig anar, acompanyada de l&#8217;Aleksi, el dilluns 26.01.11 durant quasi una setmana a Girona.<br \/>\nTot i que la ciutat (en la que tenia altes expectatives gr\u00e0cies al fet que molts amics em deien que Girona \u00e9s probablement la ciutat m\u00e9s bonica de Catalunya) em va encantar, l&#8217;alberg estava situat al centre i les relacions amb les persones no van ser tan negatives com pensava. Realment, no volia participar-hi al principi.<\/p>\n<p>Sentia que era una p\u00e8rdua de temps i preferia passar temps amb els meus nous amics i amigues a Terrasa que escoltant a persones de la Uni\u00f3 Europea que, probablement, m&#8217;explicarien coses molt allunyades a la meva realitat, coses que no em servirien o coses que ja conec. Aquest era el meu pensament al principi, i despr\u00e9s d&#8217;aquesta fant\u00e0stica setmana, realment me&#8217;n penedeixo de la meva actitud presumptuosa, ja que em sento com si hagu\u00e9s passat per alt molts moments fant\u00e0stics al principi. Molt r\u00e0pidament els formadors i les formadores em van demostrar el contrari i <strong>una setmana de profundes reflexions, noves idees i la motivaci\u00f3 em va tornar.<\/strong> Em va agradar com els formadors i formadores van organitzar el programa de manera que mai fos avorrit. Em van agradar molt i van organitzar activitats de treball en equip on ens trob\u00e0vem barrejats diverses vegades durant les activitats.<\/p>\n<p>De forma informal, jugant a jocs \u00abximples\u00bb, fent collages, representant obres de teatre, etc. est\u00e0vem educant-nos sobre moltes coses interessant pel nostre any SVE, de manera que va ser MOLT interessant i informatiu.<\/p>\n<p>Aix\u00ed mateix, em va servir molt perqu\u00e8 l&#8217;educaci\u00f3 informal \u00e9s una forma de treballar als esplais i de treballar amb els infants que jo puc aprofitar dins del meu context. Vaig aprendre molts m\u00e8todes nous, divertits i que no esperava per utilitzar en el meu grup, o per explicar-ho als i les monis que podrien estar interessats (durant la setmana acabar\u00e9 d&#8217;escriure tots els m\u00e8todes a la meva llibreta).<\/p>\n<p><strong>Aquesta formaci\u00f3 em va generar tornar a repensar molts aspectes de la meva vida<\/strong>, aspectes que no havia pogut pensar-hi abans&#8230; la meva perspectiva sobre la cultura i la interculturalitat va canviar: vaig ser m\u00e9s conscient del meu impacte cultural (en el qual no creia abans, ja que no hi ha \u00f2bviament una \u00abcultura alemanya\u00bb); he acabat aprenent la difer\u00e8ncia entre multi i interculturalitat i vaig aprendre com la cultura \u00e9s una de les raons per les quals de vegades, de forma inusual, dormo fins a 14 hores al dia (es tracta del \u00abxoc cultural\u00bb, una paraula contundent que significa trobar-te en un ambient que diferent del que no est\u00e0s acostumat, de manera que el cervell ha de descansar m\u00e9s i a vegades ho fa dormint).<\/p>\n<p>En general, aquesta formaci\u00f3 m&#8217;ha provocat un nou inter\u00e8s sobre totes aquestes coses que mai havia pensat abans. Despr\u00e9s d&#8217;acabar la formaci\u00f3 i he continuat pensant. Fins i tot, setmanes despr\u00e9s d&#8217;aquesta formaci\u00f3 em trobo perduda enmig d&#8217;aquests pensaments sobre el meu impacte cultural, sobre com la meva visi\u00f3 ha canviat i canviar\u00e0. <strong>He tornat a ser conscient de com soc d\u2019afortunada d&#8217;estar aqu\u00ed i quina gran oportunitat \u00e9s aquest lloc per obrir la meva ment<\/strong>. \u00d2bviament pots tenir una ment oberta per\u00f2 no pots aprendre realment d&#8217;una altra vida o agafar una nova perspectiva nom\u00e9s observant els altres des de la dist\u00e0ncia (des del teu propi pa\u00eds). Vaig con\u00e8ixer molta gent, que est\u00e0 fent m\u00e9s o menys el mateix proc\u00e9s de redefinir-se i reconstruir-se i trobant el seu espai en un nou pa\u00eds.<\/p>\n<p>Sembla una mica estrany, per\u00f2 estic contenta d&#8217;haver estat \u00abfor\u00e7ada\u00bb a venir en aquesta formaci\u00f3 perqu\u00e8, de no ser aix\u00ed, hagu\u00e9s perdut una part molt bonica i important del meu SVE.<\/p>\n","protected":false},"excerpt":{"rendered":"<p>13-desembre-2018 Autora: Natalya Chetverova, SVE&nbsp;alemanya&nbsp;a Terrassa i monitora de l\u2019esplai [&hellip;]<\/p>\n","protected":false},"author":3,"featured_media":5066,"comment_status":"closed","ping_status":"closed","sticky":false,"template":"","format":"standard","meta":{"om_disable_all_campaigns":false,"_monsterinsights_skip_tracking":false,"_monsterinsights_sitenote_active":false,"_monsterinsights_sitenote_note":"","_monsterinsights_sitenote_category":0,"_uf_show_specific_survey":0,"_uf_disable_surveys":false,"footnotes":""},"categories":[1168],"tags":[],"class_list":["post-5061","post","type-post","status-publish","format-standard","has-post-thumbnail","hentry","category-creuant_mirades"],"yoast_head":"<!-- This site is optimized with the Yoast SEO plugin v27.5 - https:\/\/yoast.com\/product\/yoast-seo-wordpress\/ -->\n<title>Sobre una setmana fant\u00e0stica de replantejaments i de reflexions personals- Formaci\u00f3 d&#039;arribada. - Esplac<\/title>\n<meta name=\"robots\" content=\"index, follow, max-snippet:-1, max-image-preview:large, max-video-preview:-1\" \/>\n<link rel=\"canonical\" href=\"https:\/\/www.esplac.cat\/es\/setmana-fantastica-formacio-darribada\/\" \/>\n<meta property=\"og:locale\" content=\"es_ES\" \/>\n<meta property=\"og:type\" content=\"article\" \/>\n<meta property=\"og:title\" content=\"Sobre una setmana fant\u00e0stica de replantejaments i de reflexions personals- Formaci\u00f3 d&#039;arribada. - Esplac\" \/>\n<meta property=\"og:description\" content=\"13-desembre-2018 Autora: Natalya Chetverova, SVE&nbsp;alemanya&nbsp;a Terrassa i monitora de l\u2019esplai [&hellip;]\" \/>\n<meta property=\"og:url\" content=\"https:\/\/www.esplac.cat\/es\/setmana-fantastica-formacio-darribada\/\" \/>\n<meta property=\"og:site_name\" content=\"Esplac\" \/>\n<meta property=\"article:published_time\" content=\"2018-12-13T09:04:05+00:00\" \/>\n<meta property=\"article:modified_time\" content=\"2019-11-28T12:31:24+00:00\" \/>\n<meta property=\"og:image\" content=\"https:\/\/www.esplac.cat\/wp-content\/uploads\/2019\/11\/logo-open.jpg\" \/>\n\t<meta property=\"og:image:width\" content=\"1200\" \/>\n\t<meta property=\"og:image:height\" content=\"630\" \/>\n\t<meta property=\"og:image:type\" content=\"image\/jpeg\" \/>\n<meta name=\"author\" content=\"Comunicaci\u00f3 Esplac\" \/>\n<meta name=\"twitter:card\" content=\"summary_large_image\" \/>\n<meta name=\"twitter:label1\" content=\"Escrito por\" \/>\n\t<meta name=\"twitter:data1\" content=\"Comunicaci\u00f3 Esplac\" \/>\n\t<meta name=\"twitter:label2\" content=\"Tiempo de lectura\" \/>\n\t<meta name=\"twitter:data2\" content=\"4 minutos\" \/>\n<script type=\"application\/ld+json\" class=\"yoast-schema-graph\">{\"@context\":\"https:\\\/\\\/schema.org\",\"@graph\":[{\"@type\":\"Article\",\"@id\":\"https:\\\/\\\/www.esplac.cat\\\/es\\\/setmana-fantastica-formacio-darribada\\\/#article\",\"isPartOf\":{\"@id\":\"https:\\\/\\\/www.esplac.cat\\\/es\\\/setmana-fantastica-formacio-darribada\\\/\"},\"author\":{\"name\":\"Comunicaci\u00f3 Esplac\",\"@id\":\"https:\\\/\\\/www.esplac.cat\\\/#\\\/schema\\\/person\\\/908383cf240be18b68f8855d0583faca\"},\"headline\":\"Sobre una setmana fant\u00e0stica de replantejaments i de reflexions personals- Formaci\u00f3 d&#8217;arribada.\",\"datePublished\":\"2018-12-13T09:04:05+00:00\",\"dateModified\":\"2019-11-28T12:31:24+00:00\",\"mainEntityOfPage\":{\"@id\":\"https:\\\/\\\/www.esplac.cat\\\/es\\\/setmana-fantastica-formacio-darribada\\\/\"},\"wordCount\":731,\"publisher\":{\"@id\":\"https:\\\/\\\/www.esplac.cat\\\/#organization\"},\"image\":{\"@id\":\"https:\\\/\\\/www.esplac.cat\\\/es\\\/setmana-fantastica-formacio-darribada\\\/#primaryimage\"},\"thumbnailUrl\":\"\",\"articleSection\":[\"Creuant mirades\"],\"inLanguage\":\"es\"},{\"@type\":\"WebPage\",\"@id\":\"https:\\\/\\\/www.esplac.cat\\\/es\\\/setmana-fantastica-formacio-darribada\\\/\",\"url\":\"https:\\\/\\\/www.esplac.cat\\\/es\\\/setmana-fantastica-formacio-darribada\\\/\",\"name\":\"Sobre una setmana fant\u00e0stica de replantejaments i de reflexions personals- Formaci\u00f3 d'arribada. - Esplac\",\"isPartOf\":{\"@id\":\"https:\\\/\\\/www.esplac.cat\\\/#website\"},\"primaryImageOfPage\":{\"@id\":\"https:\\\/\\\/www.esplac.cat\\\/es\\\/setmana-fantastica-formacio-darribada\\\/#primaryimage\"},\"image\":{\"@id\":\"https:\\\/\\\/www.esplac.cat\\\/es\\\/setmana-fantastica-formacio-darribada\\\/#primaryimage\"},\"thumbnailUrl\":\"\",\"datePublished\":\"2018-12-13T09:04:05+00:00\",\"dateModified\":\"2019-11-28T12:31:24+00:00\",\"breadcrumb\":{\"@id\":\"https:\\\/\\\/www.esplac.cat\\\/es\\\/setmana-fantastica-formacio-darribada\\\/#breadcrumb\"},\"inLanguage\":\"es\",\"potentialAction\":[{\"@type\":\"ReadAction\",\"target\":[\"https:\\\/\\\/www.esplac.cat\\\/es\\\/setmana-fantastica-formacio-darribada\\\/\"]}]},{\"@type\":\"ImageObject\",\"inLanguage\":\"es\",\"@id\":\"https:\\\/\\\/www.esplac.cat\\\/es\\\/setmana-fantastica-formacio-darribada\\\/#primaryimage\",\"url\":\"\",\"contentUrl\":\"\"},{\"@type\":\"BreadcrumbList\",\"@id\":\"https:\\\/\\\/www.esplac.cat\\\/es\\\/setmana-fantastica-formacio-darribada\\\/#breadcrumb\",\"itemListElement\":[{\"@type\":\"ListItem\",\"position\":1,\"name\":\"Inici\",\"item\":\"https:\\\/\\\/www.esplac.cat\\\/es\\\/\"},{\"@type\":\"ListItem\",\"position\":2,\"name\":\"Sobre una setmana fant\u00e0stica de replantejaments i de reflexions personals- Formaci\u00f3 d&#8217;arribada.\"}]},{\"@type\":\"WebSite\",\"@id\":\"https:\\\/\\\/www.esplac.cat\\\/#website\",\"url\":\"https:\\\/\\\/www.esplac.cat\\\/\",\"name\":\"Esplac\",\"description\":\"Esplais Catalans\",\"publisher\":{\"@id\":\"https:\\\/\\\/www.esplac.cat\\\/#organization\"},\"potentialAction\":[{\"@type\":\"SearchAction\",\"target\":{\"@type\":\"EntryPoint\",\"urlTemplate\":\"https:\\\/\\\/www.esplac.cat\\\/?s={search_term_string}\"},\"query-input\":{\"@type\":\"PropertyValueSpecification\",\"valueRequired\":true,\"valueName\":\"search_term_string\"}}],\"inLanguage\":\"es\"},{\"@type\":\"Organization\",\"@id\":\"https:\\\/\\\/www.esplac.cat\\\/#organization\",\"name\":\"Esplac\",\"url\":\"https:\\\/\\\/www.esplac.cat\\\/\",\"logo\":{\"@type\":\"ImageObject\",\"inLanguage\":\"es\",\"@id\":\"https:\\\/\\\/www.esplac.cat\\\/#\\\/schema\\\/logo\\\/image\\\/\",\"url\":\"https:\\\/\\\/www.esplac.cat\\\/wp-content\\\/uploads\\\/2019\\\/08\\\/logox2.png\",\"contentUrl\":\"https:\\\/\\\/www.esplac.cat\\\/wp-content\\\/uploads\\\/2019\\\/08\\\/logox2.png\",\"width\":600,\"height\":295,\"caption\":\"Esplac\"},\"image\":{\"@id\":\"https:\\\/\\\/www.esplac.cat\\\/#\\\/schema\\\/logo\\\/image\\\/\"}},{\"@type\":\"Person\",\"@id\":\"https:\\\/\\\/www.esplac.cat\\\/#\\\/schema\\\/person\\\/908383cf240be18b68f8855d0583faca\",\"name\":\"Comunicaci\u00f3 Esplac\",\"image\":{\"@type\":\"ImageObject\",\"inLanguage\":\"es\",\"@id\":\"https:\\\/\\\/secure.gravatar.com\\\/avatar\\\/7a4cf8feb412a76ea4a740ca02d95b06b2907b5a6c648c2dd0a1082a093c3141?s=96&d=mm&r=g\",\"url\":\"https:\\\/\\\/secure.gravatar.com\\\/avatar\\\/7a4cf8feb412a76ea4a740ca02d95b06b2907b5a6c648c2dd0a1082a093c3141?s=96&d=mm&r=g\",\"contentUrl\":\"https:\\\/\\\/secure.gravatar.com\\\/avatar\\\/7a4cf8feb412a76ea4a740ca02d95b06b2907b5a6c648c2dd0a1082a093c3141?s=96&d=mm&r=g\",\"caption\":\"Comunicaci\u00f3 Esplac\"}}]}<\/script>\n<!-- \/ Yoast SEO plugin. -->","yoast_head_json":{"title":"Sobre una setmana fant\u00e0stica de replantejaments i de reflexions personals- Formaci\u00f3 d'arribada. - Esplac","robots":{"index":"index","follow":"follow","max-snippet":"max-snippet:-1","max-image-preview":"max-image-preview:large","max-video-preview":"max-video-preview:-1"},"canonical":"https:\/\/www.esplac.cat\/es\/setmana-fantastica-formacio-darribada\/","og_locale":"es_ES","og_type":"article","og_title":"Sobre una setmana fant\u00e0stica de replantejaments i de reflexions personals- Formaci\u00f3 d'arribada. - Esplac","og_description":"13-desembre-2018 Autora: Natalya Chetverova, SVE&nbsp;alemanya&nbsp;a Terrassa i monitora de l\u2019esplai [&hellip;]","og_url":"https:\/\/www.esplac.cat\/es\/setmana-fantastica-formacio-darribada\/","og_site_name":"Esplac","article_published_time":"2018-12-13T09:04:05+00:00","article_modified_time":"2019-11-28T12:31:24+00:00","og_image":[{"width":1200,"height":630,"url":"https:\/\/www.esplac.cat\/wp-content\/uploads\/2019\/11\/logo-open.jpg","type":"image\/jpeg"}],"author":"Comunicaci\u00f3 Esplac","twitter_card":"summary_large_image","twitter_misc":{"Escrito por":"Comunicaci\u00f3 Esplac","Tiempo de lectura":"4 minutos"},"schema":{"@context":"https:\/\/schema.org","@graph":[{"@type":"Article","@id":"https:\/\/www.esplac.cat\/es\/setmana-fantastica-formacio-darribada\/#article","isPartOf":{"@id":"https:\/\/www.esplac.cat\/es\/setmana-fantastica-formacio-darribada\/"},"author":{"name":"Comunicaci\u00f3 Esplac","@id":"https:\/\/www.esplac.cat\/#\/schema\/person\/908383cf240be18b68f8855d0583faca"},"headline":"Sobre una setmana fant\u00e0stica de replantejaments i de reflexions personals- Formaci\u00f3 d&#8217;arribada.","datePublished":"2018-12-13T09:04:05+00:00","dateModified":"2019-11-28T12:31:24+00:00","mainEntityOfPage":{"@id":"https:\/\/www.esplac.cat\/es\/setmana-fantastica-formacio-darribada\/"},"wordCount":731,"publisher":{"@id":"https:\/\/www.esplac.cat\/#organization"},"image":{"@id":"https:\/\/www.esplac.cat\/es\/setmana-fantastica-formacio-darribada\/#primaryimage"},"thumbnailUrl":"","articleSection":["Creuant mirades"],"inLanguage":"es"},{"@type":"WebPage","@id":"https:\/\/www.esplac.cat\/es\/setmana-fantastica-formacio-darribada\/","url":"https:\/\/www.esplac.cat\/es\/setmana-fantastica-formacio-darribada\/","name":"Sobre una setmana fant\u00e0stica de replantejaments i de reflexions personals- Formaci\u00f3 d'arribada. - Esplac","isPartOf":{"@id":"https:\/\/www.esplac.cat\/#website"},"primaryImageOfPage":{"@id":"https:\/\/www.esplac.cat\/es\/setmana-fantastica-formacio-darribada\/#primaryimage"},"image":{"@id":"https:\/\/www.esplac.cat\/es\/setmana-fantastica-formacio-darribada\/#primaryimage"},"thumbnailUrl":"","datePublished":"2018-12-13T09:04:05+00:00","dateModified":"2019-11-28T12:31:24+00:00","breadcrumb":{"@id":"https:\/\/www.esplac.cat\/es\/setmana-fantastica-formacio-darribada\/#breadcrumb"},"inLanguage":"es","potentialAction":[{"@type":"ReadAction","target":["https:\/\/www.esplac.cat\/es\/setmana-fantastica-formacio-darribada\/"]}]},{"@type":"ImageObject","inLanguage":"es","@id":"https:\/\/www.esplac.cat\/es\/setmana-fantastica-formacio-darribada\/#primaryimage","url":"","contentUrl":""},{"@type":"BreadcrumbList","@id":"https:\/\/www.esplac.cat\/es\/setmana-fantastica-formacio-darribada\/#breadcrumb","itemListElement":[{"@type":"ListItem","position":1,"name":"Inici","item":"https:\/\/www.esplac.cat\/es\/"},{"@type":"ListItem","position":2,"name":"Sobre una setmana fant\u00e0stica de replantejaments i de reflexions personals- Formaci\u00f3 d&#8217;arribada."}]},{"@type":"WebSite","@id":"https:\/\/www.esplac.cat\/#website","url":"https:\/\/www.esplac.cat\/","name":"Esplac","description":"Esplais Catalans","publisher":{"@id":"https:\/\/www.esplac.cat\/#organization"},"potentialAction":[{"@type":"SearchAction","target":{"@type":"EntryPoint","urlTemplate":"https:\/\/www.esplac.cat\/?s={search_term_string}"},"query-input":{"@type":"PropertyValueSpecification","valueRequired":true,"valueName":"search_term_string"}}],"inLanguage":"es"},{"@type":"Organization","@id":"https:\/\/www.esplac.cat\/#organization","name":"Esplac","url":"https:\/\/www.esplac.cat\/","logo":{"@type":"ImageObject","inLanguage":"es","@id":"https:\/\/www.esplac.cat\/#\/schema\/logo\/image\/","url":"https:\/\/www.esplac.cat\/wp-content\/uploads\/2019\/08\/logox2.png","contentUrl":"https:\/\/www.esplac.cat\/wp-content\/uploads\/2019\/08\/logox2.png","width":600,"height":295,"caption":"Esplac"},"image":{"@id":"https:\/\/www.esplac.cat\/#\/schema\/logo\/image\/"}},{"@type":"Person","@id":"https:\/\/www.esplac.cat\/#\/schema\/person\/908383cf240be18b68f8855d0583faca","name":"Comunicaci\u00f3 Esplac","image":{"@type":"ImageObject","inLanguage":"es","@id":"https:\/\/secure.gravatar.com\/avatar\/7a4cf8feb412a76ea4a740ca02d95b06b2907b5a6c648c2dd0a1082a093c3141?s=96&d=mm&r=g","url":"https:\/\/secure.gravatar.com\/avatar\/7a4cf8feb412a76ea4a740ca02d95b06b2907b5a6c648c2dd0a1082a093c3141?s=96&d=mm&r=g","contentUrl":"https:\/\/secure.gravatar.com\/avatar\/7a4cf8feb412a76ea4a740ca02d95b06b2907b5a6c648c2dd0a1082a093c3141?s=96&d=mm&r=g","caption":"Comunicaci\u00f3 Esplac"}}]}},"_links":{"self":[{"href":"https:\/\/www.esplac.cat\/es\/wp-json\/wp\/v2\/posts\/5061","targetHints":{"allow":["GET"]}}],"collection":[{"href":"https:\/\/www.esplac.cat\/es\/wp-json\/wp\/v2\/posts"}],"about":[{"href":"https:\/\/www.esplac.cat\/es\/wp-json\/wp\/v2\/types\/post"}],"author":[{"embeddable":true,"href":"https:\/\/www.esplac.cat\/es\/wp-json\/wp\/v2\/users\/3"}],"replies":[{"embeddable":true,"href":"https:\/\/www.esplac.cat\/es\/wp-json\/wp\/v2\/comments?post=5061"}],"version-history":[{"count":0,"href":"https:\/\/www.esplac.cat\/es\/wp-json\/wp\/v2\/posts\/5061\/revisions"}],"wp:featuredmedia":[{"embeddable":true,"href":"https:\/\/www.esplac.cat\/es\/wp-json\/"}],"wp:attachment":[{"href":"https:\/\/www.esplac.cat\/es\/wp-json\/wp\/v2\/media?parent=5061"}],"wp:term":[{"taxonomy":"category","embeddable":true,"href":"https:\/\/www.esplac.cat\/es\/wp-json\/wp\/v2\/categories?post=5061"},{"taxonomy":"post_tag","embeddable":true,"href":"https:\/\/www.esplac.cat\/es\/wp-json\/wp\/v2\/tags?post=5061"}],"curies":[{"name":"wp","href":"https:\/\/api.w.org\/{rel}","templated":true}]}}