{"id":50673,"date":"2024-07-29T13:41:00","date_gmt":"2024-07-29T11:41:00","guid":{"rendered":"https:\/\/www.esplac.cat\/?p=50673"},"modified":"2024-12-12T15:05:28","modified_gmt":"2024-12-12T13:05:28","slug":"torna-tardor-formacio-2024","status":"publish","type":"post","link":"https:\/\/www.esplac.cat\/es\/torna-tardor-formacio-2024\/","title":{"rendered":"Torna la tardor de formaci\u00f3: una oportunitat \u00fanica per reflexionar des del lleure sobre ecologisme, feminisme, antiracisme i just\u00edcia global"},"content":{"rendered":"<div class=\"fusion-fullwidth fullwidth-box fusion-builder-row-1 fusion-flex-container has-pattern-background has-mask-background nonhundred-percent-fullwidth non-hundred-percent-height-scrolling\" style=\"--awb-border-radius-top-left:0px;--awb-border-radius-top-right:0px;--awb-border-radius-bottom-right:0px;--awb-border-radius-bottom-left:0px;--awb-flex-wrap:wrap;\" ><div class=\"fusion-builder-row fusion-row fusion-flex-align-items-flex-start fusion-flex-content-wrap\" style=\"max-width:1248px;margin-left: calc(-4% \/ 2 );margin-right: calc(-4% \/ 2 );\"><div class=\"fusion-layout-column fusion_builder_column fusion-builder-column-0 fusion_builder_column_1_1 1_1 fusion-flex-column\" style=\"--awb-bg-size:cover;--awb-width-large:100%;--awb-margin-top-large:0px;--awb-spacing-right-large:1.92%;--awb-margin-bottom-large:20px;--awb-spacing-left-large:1.92%;--awb-width-medium:100%;--awb-order-medium:0;--awb-spacing-right-medium:1.92%;--awb-spacing-left-medium:1.92%;--awb-width-small:100%;--awb-order-small:0;--awb-spacing-right-small:1.92%;--awb-spacing-left-small:1.92%;\"><div class=\"fusion-column-wrapper fusion-column-has-shadow fusion-flex-justify-content-flex-start fusion-content-layout-column\"><div class=\"fusion-text fusion-text-1\"><h6><strong>Aquesta tardor tornen les Jornades Ambientals, les Jornades de Lleure i Feminismes i les Tardes de Lleure i Antiracisme. A m\u00e9s, enguany tamb\u00e9 s\u2019organitzen unes jornades sobre just\u00edcia global. No perdis l\u2019oportunitat de participar-hi!<\/strong><\/h6>\n<p>L\u2019octubre, per a molts esplais, \u00e9s el moment d\u2019arrencar un nou curs i acostuma a estar carregat d\u2019energia i il\u00b7lusi\u00f3. Quina millor \u00e8poca, doncs, per a formar-se i aprofundir en aquelles inquietuds pedag\u00f2giques que tenim com a monis? La proposta formativa d\u2019aquesta tardor arriba carregada de novetats; aix\u00ed que pareu atenci\u00f3 i agafeu l\u2019agenda.<\/p>\n<p>El <strong>diumenge 13 d\u2019octubre<\/strong> arriba l\u2019onzena edici\u00f3 de les <span style=\"color: #f69d0b;\"><a style=\"color: #f69d0b;\" href=\"https:\/\/www.esplac.cat\/formacions\/jornades-ambientals\/\" target=\"_blank\" rel=\"noopener\"><strong>Jornades Ambientals<\/strong><\/a><\/span>, aquest cop per reflexionar al voltant de la <strong>sobirania aliment\u00e0ria<\/strong> i debatre sobre com treballar aquesta q\u00fcesti\u00f3 des del lleure associatiu. Els esplais poden esdevenir un agent fonamental en l&#8217;educaci\u00f3 per la sobirania aliment\u00e0ria, convertint-se en una eina educativa clau per a fomentar la participaci\u00f3 activa, enfortir la cohesi\u00f3 social i garantir l&#8217;acc\u00e9s a aliments sans i sostenibles. Amb aquestes jornades la <span style=\"color: #f69d0b;\"><a style=\"color: #f69d0b;\" href=\"https:\/\/www.esplac.cat\/comissions\/reduint-petjada\/\" target=\"_blank\" rel=\"noopener\"><strong>Comissi\u00f3 Reduint Petjada<\/strong><\/a><\/span> vol treballar per aconseguir que els esplais contribueixin realment a una sobirania aliment\u00e0ria m\u00e9s robusta i resilient arreu del territori. La trobada formativa tindr\u00e0 lloc a <strong>La Casa Groga<\/strong>, al barri del Fort Pienc de Barcelona.<\/p>\n<p>Per altra banda, el <strong>dissabte 26 d\u2019octubre<\/strong> tindran lloc les <span style=\"color: #f69d0b;\"><a style=\"color: #f69d0b;\" href=\"https:\/\/www.lafede.cat\/ca\/canviar-leducacio-per-canviar-el-mon\/\" target=\"_blank\" rel=\"noopener\"><strong>Jornades Canviar l\u2019Educaci\u00f3 per a Canviar el M\u00f3n<\/strong><\/a><\/span>, organitzades per La Fede amb la col\u00b7laboraci\u00f3 d\u2019Escoltes Catalans, Minyons Escoltes i Guia de Catalunya i Esplac. Es tracta d\u2019un espai formatiu pensat per a <strong>monis i joves a partir de 12 anys<\/strong> que vol impulsar i visibilitzar l\u2019<strong>educaci\u00f3 per a la just\u00edcia global<\/strong>, promovent el treball en xarxa entre agents educatius i socials. Les jornades tindran lloc al <strong>Centre C\u00edvic Pla d\u2019en Boet<\/strong>, a Matar\u00f3.<\/p>\n<p>El mateix cap de setmana arriba tamb\u00e9 la catorzena edici\u00f3 de les<span style=\"color: #f69d0b;\"><a style=\"color: #f69d0b;\" href=\"https:\/\/www.esplac.cat\/formacions\/jornades-lleure-feminsimes\/\" target=\"_blank\" rel=\"noopener\"> <strong>Jornades de Lleure i Feminismes<\/strong><\/a><\/span>, que tindran lloc a la Masia de la Guineueta, Barcelona, el <strong>diumenge 27 d\u2019octubre<\/strong>. Sota el t\u00edtol <em><strong>Desgranem les crisis: respostes des dels feminismes i el lleure,<\/strong><\/em> l\u2019objectiu de la trobada \u00e9s abordar els m\u00faltiples reptes als quals ens enfrontem en l\u2019actual context de crisi global. Amb aquesta proposta, l\u2019Escola Lliure el Sol, Esplais Catalans i Minyons Escoltes i Guies aposten per la <strong>revisi\u00f3 de l\u2019an\u00e0lisi i la pr\u00e0ctica de la interseccionalitat des d\u2019una mirada cr\u00edtica<\/strong>.<\/p>\n<p>Per \u00faltim, els dies <strong>5, 6 i 7 de novembre<\/strong> tindr\u00e0 lloc la segona edici\u00f3 de les <span style=\"color: #f69d0b;\"><a style=\"color: #f69d0b;\" href=\"https:\/\/www.esplac.cat\/formacions\/tardes-lleure-i-antiracisme\/\" target=\"_blank\" rel=\"noopener\"><strong>Tardes de Lleure i Antiracisme<\/strong><\/a><\/span>, un espai formatiu organitzat per Esplac, l\u2019Escola Lliure el Sol i la Fundaci\u00f3 Ferrer i Gu\u00e0rdia. En aquestes jornades es parlar\u00e0 sobre el paper de les xarxes socials en l\u2019extensi\u00f3 d\u2019aquestes postures, s\u2019analitzaran els impactes que genera la Llei d\u2019Estrangeria a infants i joves i s\u2019exposaran diferents experi\u00e8ncies antiracistes amb l\u2019objectiu de pensar i definir de quines <strong>estrat\u00e8gies disposem per confrontar l\u2019odi, les viol\u00e8ncies i les opressions<\/strong>.<\/p>\n<p>Ben aviat podreu con\u00e8ixer el programa de les diferents jornades i la informaci\u00f3 actualitzada a les p\u00e0gines del web d\u2019Esplac. Aix\u00ed que estigueu atentes i atents! A m\u00e9s, <strong>el dia 16 de setembre s\u2019obriran totes les inscripcions<\/strong>; si no voleu quedar-vos sense pla\u00e7a, ja podeu anotar la data al calendari.<\/p>\n<\/div><div class=\"awb-gallery-wrapper awb-gallery-wrapper-1 button-span-no\" style=\"--more-btn-alignment:center;\"><div style=\"margin:-5px;--awb-bordersize:0px;\" class=\"fusion-gallery fusion-gallery-container fusion-grid-3 fusion-columns-total-3 fusion-gallery-layout-grid fusion-gallery-1\"><div style=\"padding:5px;\" class=\"fusion-grid-column fusion-gallery-column fusion-gallery-column-3 hover-type-none\"><div class=\"fusion-gallery-image\"><a href=\"https:\/\/www.esplac.cat\/wp-content\/uploads\/2024\/12\/DEFINITIU.jpg\" rel=\"noreferrer\" data-rel=\"iLightbox[gallery_image_1]\" class=\"fusion-lightbox\" target=\"_self\"><img decoding=\"async\" src=\"https:\/\/www.esplac.cat\/wp-content\/uploads\/2024\/12\/DEFINITIU.jpg\" width=\"1587\" height=\"2245\" alt=\"\" title=\"DEFINITIU\" aria-label=\"DEFINITIU\" class=\"img-responsive wp-image-52037\" srcset=\"https:\/\/www.esplac.cat\/wp-content\/uploads\/2024\/12\/DEFINITIU-200x283.jpg 200w, https:\/\/www.esplac.cat\/wp-content\/uploads\/2024\/12\/DEFINITIU-400x566.jpg 400w, https:\/\/www.esplac.cat\/wp-content\/uploads\/2024\/12\/DEFINITIU-600x849.jpg 600w, https:\/\/www.esplac.cat\/wp-content\/uploads\/2024\/12\/DEFINITIU-800x1132.jpg 800w, https:\/\/www.esplac.cat\/wp-content\/uploads\/2024\/12\/DEFINITIU-1200x1698.jpg 1200w, https:\/\/www.esplac.cat\/wp-content\/uploads\/2024\/12\/DEFINITIU.jpg 1587w\" sizes=\"(min-width: 2200px) 100vw, (min-width: 784px) 397px, (min-width: 712px) 595px, (min-width: 640px) 712px, \" \/><\/a><\/div><\/div><div style=\"padding:5px;\" class=\"fusion-grid-column fusion-gallery-column fusion-gallery-column-3 hover-type-none\"><div class=\"fusion-gallery-image\"><a href=\"https:\/\/www.esplac.cat\/wp-content\/uploads\/2024\/07\/DEF_CARTELL_JLLIF_24.jpg\" rel=\"noreferrer\" data-rel=\"iLightbox[gallery_image_1]\" class=\"fusion-lightbox\" target=\"_self\"><img decoding=\"async\" src=\"https:\/\/www.esplac.cat\/wp-content\/uploads\/2024\/07\/DEF_CARTELL_JLLIF_24.jpg\" width=\"1587\" height=\"2245\" alt=\"Jornades de Lleure i Feminismes\" title=\"DEF_CARTELL_JLLIF_24\" aria-label=\"DEF_CARTELL_JLLIF_24\" class=\"img-responsive wp-image-50664\" srcset=\"https:\/\/www.esplac.cat\/wp-content\/uploads\/2024\/07\/DEF_CARTELL_JLLIF_24-200x283.jpg 200w, https:\/\/www.esplac.cat\/wp-content\/uploads\/2024\/07\/DEF_CARTELL_JLLIF_24-400x566.jpg 400w, https:\/\/www.esplac.cat\/wp-content\/uploads\/2024\/07\/DEF_CARTELL_JLLIF_24-600x849.jpg 600w, https:\/\/www.esplac.cat\/wp-content\/uploads\/2024\/07\/DEF_CARTELL_JLLIF_24-800x1132.jpg 800w, https:\/\/www.esplac.cat\/wp-content\/uploads\/2024\/07\/DEF_CARTELL_JLLIF_24-1200x1698.jpg 1200w, https:\/\/www.esplac.cat\/wp-content\/uploads\/2024\/07\/DEF_CARTELL_JLLIF_24.jpg 1587w\" sizes=\"(min-width: 2200px) 100vw, (min-width: 784px) 397px, (min-width: 712px) 595px, (min-width: 640px) 712px, \" \/><\/a><\/div><\/div><div style=\"padding:5px;\" class=\"fusion-grid-column fusion-gallery-column fusion-gallery-column-3 hover-type-none\"><div class=\"fusion-gallery-image\"><a href=\"https:\/\/www.esplac.cat\/wp-content\/uploads\/2024\/07\/CARTELL_TLLA_24.jpg\" rel=\"noreferrer\" data-rel=\"iLightbox[gallery_image_1]\" class=\"fusion-lightbox\" target=\"_self\"><img decoding=\"async\" src=\"https:\/\/www.esplac.cat\/wp-content\/uploads\/2024\/07\/CARTELL_TLLA_24.jpg\" width=\"1587\" height=\"2245\" alt=\"Tardes de Lleure i Antiracisme\" title=\"CARTELL_TLLA_24\" aria-label=\"CARTELL_TLLA_24\" class=\"img-responsive wp-image-50617\" srcset=\"https:\/\/www.esplac.cat\/wp-content\/uploads\/2024\/07\/CARTELL_TLLA_24-200x283.jpg 200w, https:\/\/www.esplac.cat\/wp-content\/uploads\/2024\/07\/CARTELL_TLLA_24-400x566.jpg 400w, https:\/\/www.esplac.cat\/wp-content\/uploads\/2024\/07\/CARTELL_TLLA_24-600x849.jpg 600w, https:\/\/www.esplac.cat\/wp-content\/uploads\/2024\/07\/CARTELL_TLLA_24-800x1132.jpg 800w, https:\/\/www.esplac.cat\/wp-content\/uploads\/2024\/07\/CARTELL_TLLA_24-1200x1698.jpg 1200w, https:\/\/www.esplac.cat\/wp-content\/uploads\/2024\/07\/CARTELL_TLLA_24.jpg 1587w\" sizes=\"(min-width: 2200px) 100vw, (min-width: 784px) 397px, (min-width: 712px) 595px, (min-width: 640px) 712px, \" \/><\/a><\/div><\/div><div class=\"clearfix\"><\/div><\/div><\/div><\/div><\/div><\/div><\/div>\n","protected":false},"excerpt":{"rendered":"","protected":false},"author":3,"featured_media":50677,"comment_status":"closed","ping_status":"closed","sticky":false,"template":"","format":"standard","meta":{"om_disable_all_campaigns":false,"_monsterinsights_skip_tracking":false,"_monsterinsights_sitenote_active":false,"_monsterinsights_sitenote_note":"","_monsterinsights_sitenote_category":0,"_uf_show_specific_survey":0,"_uf_disable_surveys":false,"footnotes":""},"categories":[1112,1159,1158,1330,1396],"tags":[],"class_list":["post-50673","post","type-post","status-publish","format-standard","has-post-thumbnail","hentry","category-esplac-al-mon","category-jornades-ambientals","category-jornades-lleure-feminismes","category-jornades-interculturalitat","category-socies"],"yoast_head":"<!-- This site is optimized with the Yoast SEO plugin v27.5 - https:\/\/yoast.com\/product\/yoast-seo-wordpress\/ -->\n<title>Torna la tardor de formaci\u00f3: una oportunitat \u00fanica per reflexionar des del lleure sobre ecologisme, feminisme, antiracisme i just\u00edcia global - Esplac<\/title>\n<meta name=\"robots\" content=\"index, follow, max-snippet:-1, max-image-preview:large, max-video-preview:-1\" \/>\n<link rel=\"canonical\" href=\"https:\/\/www.esplac.cat\/torna-tardor-formacio-2024\/\" \/>\n<meta property=\"og:locale\" content=\"es_ES\" \/>\n<meta property=\"og:type\" content=\"article\" \/>\n<meta property=\"og:title\" content=\"Torna la tardor de formaci\u00f3: una oportunitat \u00fanica per reflexionar des del lleure sobre ecologisme, feminisme, antiracisme i just\u00edcia global - Esplac\" \/>\n<meta property=\"og:url\" content=\"https:\/\/www.esplac.cat\/torna-tardor-formacio-2024\/\" \/>\n<meta property=\"og:site_name\" content=\"Esplac\" \/>\n<meta property=\"article:published_time\" content=\"2024-07-29T11:41:00+00:00\" \/>\n<meta property=\"article:modified_time\" content=\"2024-12-12T13:05:28+00:00\" \/>\n<meta property=\"og:image\" content=\"https:\/\/www.esplac.cat\/wp-content\/uploads\/2024\/07\/Tardor-de-Formacio.jpg\" \/>\n\t<meta property=\"og:image:width\" content=\"1697\" \/>\n\t<meta property=\"og:image:height\" content=\"700\" \/>\n\t<meta property=\"og:image:type\" content=\"image\/jpeg\" \/>\n<meta name=\"author\" content=\"Comunicaci\u00f3 Esplac\" \/>\n<meta name=\"twitter:card\" content=\"summary_large_image\" \/>\n<meta name=\"twitter:label1\" content=\"Escrito por\" \/>\n\t<meta name=\"twitter:data1\" content=\"Comunicaci\u00f3 Esplac\" \/>\n\t<meta name=\"twitter:label2\" content=\"Tiempo de lectura\" \/>\n\t<meta name=\"twitter:data2\" content=\"4 minutos\" \/>\n<script type=\"application\/ld+json\" class=\"yoast-schema-graph\">{\"@context\":\"https:\\\/\\\/schema.org\",\"@graph\":[{\"@type\":\"Article\",\"@id\":\"https:\\\/\\\/www.esplac.cat\\\/torna-tardor-formacio-2024\\\/#article\",\"isPartOf\":{\"@id\":\"https:\\\/\\\/www.esplac.cat\\\/torna-tardor-formacio-2024\\\/\"},\"author\":{\"name\":\"Comunicaci\u00f3 Esplac\",\"@id\":\"https:\\\/\\\/www.esplac.cat\\\/#\\\/schema\\\/person\\\/908383cf240be18b68f8855d0583faca\"},\"headline\":\"Torna la tardor de formaci\u00f3: una oportunitat \u00fanica per reflexionar des del lleure sobre ecologisme, feminisme, antiracisme i just\u00edcia global\",\"datePublished\":\"2024-07-29T11:41:00+00:00\",\"dateModified\":\"2024-12-12T13:05:28+00:00\",\"mainEntityOfPage\":{\"@id\":\"https:\\\/\\\/www.esplac.cat\\\/torna-tardor-formacio-2024\\\/\"},\"wordCount\":1835,\"publisher\":{\"@id\":\"https:\\\/\\\/www.esplac.cat\\\/#organization\"},\"image\":{\"@id\":\"https:\\\/\\\/www.esplac.cat\\\/torna-tardor-formacio-2024\\\/#primaryimage\"},\"thumbnailUrl\":\"https:\\\/\\\/www.esplac.cat\\\/wp-content\\\/uploads\\\/2024\\\/07\\\/Tardor-de-Formacio.jpg\",\"articleSection\":[\"Esplac al m\u00f3n\",\"Jornades ambientals\",\"Jornades de Lleure i Feminismes\",\"Jornades Interculturalitat\",\"S\u00f2cies\"],\"inLanguage\":\"es\"},{\"@type\":\"WebPage\",\"@id\":\"https:\\\/\\\/www.esplac.cat\\\/torna-tardor-formacio-2024\\\/\",\"url\":\"https:\\\/\\\/www.esplac.cat\\\/torna-tardor-formacio-2024\\\/\",\"name\":\"Torna la tardor de formaci\u00f3: una oportunitat \u00fanica per reflexionar des del lleure sobre ecologisme, feminisme, antiracisme i just\u00edcia global - Esplac\",\"isPartOf\":{\"@id\":\"https:\\\/\\\/www.esplac.cat\\\/#website\"},\"primaryImageOfPage\":{\"@id\":\"https:\\\/\\\/www.esplac.cat\\\/torna-tardor-formacio-2024\\\/#primaryimage\"},\"image\":{\"@id\":\"https:\\\/\\\/www.esplac.cat\\\/torna-tardor-formacio-2024\\\/#primaryimage\"},\"thumbnailUrl\":\"https:\\\/\\\/www.esplac.cat\\\/wp-content\\\/uploads\\\/2024\\\/07\\\/Tardor-de-Formacio.jpg\",\"datePublished\":\"2024-07-29T11:41:00+00:00\",\"dateModified\":\"2024-12-12T13:05:28+00:00\",\"breadcrumb\":{\"@id\":\"https:\\\/\\\/www.esplac.cat\\\/torna-tardor-formacio-2024\\\/#breadcrumb\"},\"inLanguage\":\"es\",\"potentialAction\":[{\"@type\":\"ReadAction\",\"target\":[\"https:\\\/\\\/www.esplac.cat\\\/torna-tardor-formacio-2024\\\/\"]}]},{\"@type\":\"ImageObject\",\"inLanguage\":\"es\",\"@id\":\"https:\\\/\\\/www.esplac.cat\\\/torna-tardor-formacio-2024\\\/#primaryimage\",\"url\":\"https:\\\/\\\/www.esplac.cat\\\/wp-content\\\/uploads\\\/2024\\\/07\\\/Tardor-de-Formacio.jpg\",\"contentUrl\":\"https:\\\/\\\/www.esplac.cat\\\/wp-content\\\/uploads\\\/2024\\\/07\\\/Tardor-de-Formacio.jpg\",\"width\":1697,\"height\":700,\"caption\":\"Tardor de Formaci\u00f3\"},{\"@type\":\"BreadcrumbList\",\"@id\":\"https:\\\/\\\/www.esplac.cat\\\/torna-tardor-formacio-2024\\\/#breadcrumb\",\"itemListElement\":[{\"@type\":\"ListItem\",\"position\":1,\"name\":\"Inici\",\"item\":\"https:\\\/\\\/www.esplac.cat\\\/es\\\/\"},{\"@type\":\"ListItem\",\"position\":2,\"name\":\"Torna la tardor de formaci\u00f3: una oportunitat \u00fanica per reflexionar des del lleure sobre ecologisme, feminisme, antiracisme i just\u00edcia global\"}]},{\"@type\":\"WebSite\",\"@id\":\"https:\\\/\\\/www.esplac.cat\\\/#website\",\"url\":\"https:\\\/\\\/www.esplac.cat\\\/\",\"name\":\"Esplac\",\"description\":\"Esplais Catalans\",\"publisher\":{\"@id\":\"https:\\\/\\\/www.esplac.cat\\\/#organization\"},\"potentialAction\":[{\"@type\":\"SearchAction\",\"target\":{\"@type\":\"EntryPoint\",\"urlTemplate\":\"https:\\\/\\\/www.esplac.cat\\\/?s={search_term_string}\"},\"query-input\":{\"@type\":\"PropertyValueSpecification\",\"valueRequired\":true,\"valueName\":\"search_term_string\"}}],\"inLanguage\":\"es\"},{\"@type\":\"Organization\",\"@id\":\"https:\\\/\\\/www.esplac.cat\\\/#organization\",\"name\":\"Esplac\",\"url\":\"https:\\\/\\\/www.esplac.cat\\\/\",\"logo\":{\"@type\":\"ImageObject\",\"inLanguage\":\"es\",\"@id\":\"https:\\\/\\\/www.esplac.cat\\\/#\\\/schema\\\/logo\\\/image\\\/\",\"url\":\"https:\\\/\\\/www.esplac.cat\\\/wp-content\\\/uploads\\\/2019\\\/08\\\/logox2.png\",\"contentUrl\":\"https:\\\/\\\/www.esplac.cat\\\/wp-content\\\/uploads\\\/2019\\\/08\\\/logox2.png\",\"width\":600,\"height\":295,\"caption\":\"Esplac\"},\"image\":{\"@id\":\"https:\\\/\\\/www.esplac.cat\\\/#\\\/schema\\\/logo\\\/image\\\/\"}},{\"@type\":\"Person\",\"@id\":\"https:\\\/\\\/www.esplac.cat\\\/#\\\/schema\\\/person\\\/908383cf240be18b68f8855d0583faca\",\"name\":\"Comunicaci\u00f3 Esplac\",\"image\":{\"@type\":\"ImageObject\",\"inLanguage\":\"es\",\"@id\":\"https:\\\/\\\/secure.gravatar.com\\\/avatar\\\/7a4cf8feb412a76ea4a740ca02d95b06b2907b5a6c648c2dd0a1082a093c3141?s=96&d=mm&r=g\",\"url\":\"https:\\\/\\\/secure.gravatar.com\\\/avatar\\\/7a4cf8feb412a76ea4a740ca02d95b06b2907b5a6c648c2dd0a1082a093c3141?s=96&d=mm&r=g\",\"contentUrl\":\"https:\\\/\\\/secure.gravatar.com\\\/avatar\\\/7a4cf8feb412a76ea4a740ca02d95b06b2907b5a6c648c2dd0a1082a093c3141?s=96&d=mm&r=g\",\"caption\":\"Comunicaci\u00f3 Esplac\"}}]}<\/script>\n<!-- \/ Yoast SEO plugin. -->","yoast_head_json":{"title":"Torna la tardor de formaci\u00f3: una oportunitat \u00fanica per reflexionar des del lleure sobre ecologisme, feminisme, antiracisme i just\u00edcia global - Esplac","robots":{"index":"index","follow":"follow","max-snippet":"max-snippet:-1","max-image-preview":"max-image-preview:large","max-video-preview":"max-video-preview:-1"},"canonical":"https:\/\/www.esplac.cat\/torna-tardor-formacio-2024\/","og_locale":"es_ES","og_type":"article","og_title":"Torna la tardor de formaci\u00f3: una oportunitat \u00fanica per reflexionar des del lleure sobre ecologisme, feminisme, antiracisme i just\u00edcia global - Esplac","og_url":"https:\/\/www.esplac.cat\/torna-tardor-formacio-2024\/","og_site_name":"Esplac","article_published_time":"2024-07-29T11:41:00+00:00","article_modified_time":"2024-12-12T13:05:28+00:00","og_image":[{"width":1697,"height":700,"url":"https:\/\/www.esplac.cat\/wp-content\/uploads\/2024\/07\/Tardor-de-Formacio.jpg","type":"image\/jpeg"}],"author":"Comunicaci\u00f3 Esplac","twitter_card":"summary_large_image","twitter_misc":{"Escrito por":"Comunicaci\u00f3 Esplac","Tiempo de lectura":"4 minutos"},"schema":{"@context":"https:\/\/schema.org","@graph":[{"@type":"Article","@id":"https:\/\/www.esplac.cat\/torna-tardor-formacio-2024\/#article","isPartOf":{"@id":"https:\/\/www.esplac.cat\/torna-tardor-formacio-2024\/"},"author":{"name":"Comunicaci\u00f3 Esplac","@id":"https:\/\/www.esplac.cat\/#\/schema\/person\/908383cf240be18b68f8855d0583faca"},"headline":"Torna la tardor de formaci\u00f3: una oportunitat \u00fanica per reflexionar des del lleure sobre ecologisme, feminisme, antiracisme i just\u00edcia global","datePublished":"2024-07-29T11:41:00+00:00","dateModified":"2024-12-12T13:05:28+00:00","mainEntityOfPage":{"@id":"https:\/\/www.esplac.cat\/torna-tardor-formacio-2024\/"},"wordCount":1835,"publisher":{"@id":"https:\/\/www.esplac.cat\/#organization"},"image":{"@id":"https:\/\/www.esplac.cat\/torna-tardor-formacio-2024\/#primaryimage"},"thumbnailUrl":"https:\/\/www.esplac.cat\/wp-content\/uploads\/2024\/07\/Tardor-de-Formacio.jpg","articleSection":["Esplac al m\u00f3n","Jornades ambientals","Jornades de Lleure i Feminismes","Jornades Interculturalitat","S\u00f2cies"],"inLanguage":"es"},{"@type":"WebPage","@id":"https:\/\/www.esplac.cat\/torna-tardor-formacio-2024\/","url":"https:\/\/www.esplac.cat\/torna-tardor-formacio-2024\/","name":"Torna la tardor de formaci\u00f3: una oportunitat \u00fanica per reflexionar des del lleure sobre ecologisme, feminisme, antiracisme i just\u00edcia global - Esplac","isPartOf":{"@id":"https:\/\/www.esplac.cat\/#website"},"primaryImageOfPage":{"@id":"https:\/\/www.esplac.cat\/torna-tardor-formacio-2024\/#primaryimage"},"image":{"@id":"https:\/\/www.esplac.cat\/torna-tardor-formacio-2024\/#primaryimage"},"thumbnailUrl":"https:\/\/www.esplac.cat\/wp-content\/uploads\/2024\/07\/Tardor-de-Formacio.jpg","datePublished":"2024-07-29T11:41:00+00:00","dateModified":"2024-12-12T13:05:28+00:00","breadcrumb":{"@id":"https:\/\/www.esplac.cat\/torna-tardor-formacio-2024\/#breadcrumb"},"inLanguage":"es","potentialAction":[{"@type":"ReadAction","target":["https:\/\/www.esplac.cat\/torna-tardor-formacio-2024\/"]}]},{"@type":"ImageObject","inLanguage":"es","@id":"https:\/\/www.esplac.cat\/torna-tardor-formacio-2024\/#primaryimage","url":"https:\/\/www.esplac.cat\/wp-content\/uploads\/2024\/07\/Tardor-de-Formacio.jpg","contentUrl":"https:\/\/www.esplac.cat\/wp-content\/uploads\/2024\/07\/Tardor-de-Formacio.jpg","width":1697,"height":700,"caption":"Tardor de Formaci\u00f3"},{"@type":"BreadcrumbList","@id":"https:\/\/www.esplac.cat\/torna-tardor-formacio-2024\/#breadcrumb","itemListElement":[{"@type":"ListItem","position":1,"name":"Inici","item":"https:\/\/www.esplac.cat\/es\/"},{"@type":"ListItem","position":2,"name":"Torna la tardor de formaci\u00f3: una oportunitat \u00fanica per reflexionar des del lleure sobre ecologisme, feminisme, antiracisme i just\u00edcia global"}]},{"@type":"WebSite","@id":"https:\/\/www.esplac.cat\/#website","url":"https:\/\/www.esplac.cat\/","name":"Esplac","description":"Esplais Catalans","publisher":{"@id":"https:\/\/www.esplac.cat\/#organization"},"potentialAction":[{"@type":"SearchAction","target":{"@type":"EntryPoint","urlTemplate":"https:\/\/www.esplac.cat\/?s={search_term_string}"},"query-input":{"@type":"PropertyValueSpecification","valueRequired":true,"valueName":"search_term_string"}}],"inLanguage":"es"},{"@type":"Organization","@id":"https:\/\/www.esplac.cat\/#organization","name":"Esplac","url":"https:\/\/www.esplac.cat\/","logo":{"@type":"ImageObject","inLanguage":"es","@id":"https:\/\/www.esplac.cat\/#\/schema\/logo\/image\/","url":"https:\/\/www.esplac.cat\/wp-content\/uploads\/2019\/08\/logox2.png","contentUrl":"https:\/\/www.esplac.cat\/wp-content\/uploads\/2019\/08\/logox2.png","width":600,"height":295,"caption":"Esplac"},"image":{"@id":"https:\/\/www.esplac.cat\/#\/schema\/logo\/image\/"}},{"@type":"Person","@id":"https:\/\/www.esplac.cat\/#\/schema\/person\/908383cf240be18b68f8855d0583faca","name":"Comunicaci\u00f3 Esplac","image":{"@type":"ImageObject","inLanguage":"es","@id":"https:\/\/secure.gravatar.com\/avatar\/7a4cf8feb412a76ea4a740ca02d95b06b2907b5a6c648c2dd0a1082a093c3141?s=96&d=mm&r=g","url":"https:\/\/secure.gravatar.com\/avatar\/7a4cf8feb412a76ea4a740ca02d95b06b2907b5a6c648c2dd0a1082a093c3141?s=96&d=mm&r=g","contentUrl":"https:\/\/secure.gravatar.com\/avatar\/7a4cf8feb412a76ea4a740ca02d95b06b2907b5a6c648c2dd0a1082a093c3141?s=96&d=mm&r=g","caption":"Comunicaci\u00f3 Esplac"}}]}},"_links":{"self":[{"href":"https:\/\/www.esplac.cat\/es\/wp-json\/wp\/v2\/posts\/50673","targetHints":{"allow":["GET"]}}],"collection":[{"href":"https:\/\/www.esplac.cat\/es\/wp-json\/wp\/v2\/posts"}],"about":[{"href":"https:\/\/www.esplac.cat\/es\/wp-json\/wp\/v2\/types\/post"}],"author":[{"embeddable":true,"href":"https:\/\/www.esplac.cat\/es\/wp-json\/wp\/v2\/users\/3"}],"replies":[{"embeddable":true,"href":"https:\/\/www.esplac.cat\/es\/wp-json\/wp\/v2\/comments?post=50673"}],"version-history":[{"count":12,"href":"https:\/\/www.esplac.cat\/es\/wp-json\/wp\/v2\/posts\/50673\/revisions"}],"predecessor-version":[{"id":52044,"href":"https:\/\/www.esplac.cat\/es\/wp-json\/wp\/v2\/posts\/50673\/revisions\/52044"}],"wp:featuredmedia":[{"embeddable":true,"href":"https:\/\/www.esplac.cat\/es\/wp-json\/wp\/v2\/media\/50677"}],"wp:attachment":[{"href":"https:\/\/www.esplac.cat\/es\/wp-json\/wp\/v2\/media?parent=50673"}],"wp:term":[{"taxonomy":"category","embeddable":true,"href":"https:\/\/www.esplac.cat\/es\/wp-json\/wp\/v2\/categories?post=50673"},{"taxonomy":"post_tag","embeddable":true,"href":"https:\/\/www.esplac.cat\/es\/wp-json\/wp\/v2\/tags?post=50673"}],"curies":[{"name":"wp","href":"https:\/\/api.w.org\/{rel}","templated":true}]}}