{"id":51099,"date":"2024-09-20T13:26:10","date_gmt":"2024-09-20T11:26:10","guid":{"rendered":"https:\/\/www.esplac.cat\/?p=51099"},"modified":"2024-09-20T13:26:10","modified_gmt":"2024-09-20T11:26:10","slug":"estiu-esplais-reivindiquem-model-lleure-associatiu-base-voluntaria","status":"publish","type":"post","link":"https:\/\/www.esplac.cat\/es\/estiu-esplais-reivindiquem-model-lleure-associatiu-base-voluntaria\/","title":{"rendered":"L&#8217;estiu dels esplais: reivindiquem el model del lleure associatiu de base volunt\u00e0ria"},"content":{"rendered":"<div class=\"fusion-fullwidth fullwidth-box fusion-builder-row-1 fusion-flex-container has-pattern-background has-mask-background nonhundred-percent-fullwidth non-hundred-percent-height-scrolling\" style=\"--awb-border-radius-top-left:0px;--awb-border-radius-top-right:0px;--awb-border-radius-bottom-right:0px;--awb-border-radius-bottom-left:0px;--awb-flex-wrap:wrap;\" ><div class=\"fusion-builder-row fusion-row fusion-flex-align-items-flex-start fusion-flex-content-wrap\" style=\"max-width:1248px;margin-left: calc(-4% \/ 2 );margin-right: calc(-4% \/ 2 );\"><div class=\"fusion-layout-column fusion_builder_column fusion-builder-column-0 fusion_builder_column_1_1 1_1 fusion-flex-column\" style=\"--awb-bg-size:cover;--awb-width-large:100%;--awb-margin-top-large:0px;--awb-spacing-right-large:1.92%;--awb-margin-bottom-large:20px;--awb-spacing-left-large:1.92%;--awb-width-medium:100%;--awb-order-medium:0;--awb-spacing-right-medium:1.92%;--awb-spacing-left-medium:1.92%;--awb-width-small:100%;--awb-order-small:0;--awb-spacing-right-small:1.92%;--awb-spacing-left-small:1.92%;\"><div class=\"fusion-column-wrapper fusion-column-has-shadow fusion-flex-justify-content-flex-start fusion-content-layout-column\"><div class=\"fusion-text fusion-text-1\"><h6><strong>6.567 infants i 1.756 monis han participat a m\u00e9s de 200 activitats d&#8217;estiu, mantenint viu un model basat en l\u2019autogesti\u00f3 i l\u2019educaci\u00f3 comunit\u00e0ria<\/strong><\/h6>\n<p>Entre <strong>campaments, col\u00f2nies i rutes<\/strong>, els esplais d\u2019Esplac heu dedicat l\u2019estiu a l\u2019organitzaci\u00f3 d\u2019activitats per a infants i joves d\u2019arreu de Catalunya, fent perviure la tasca del lleure associatiu. Aquestes activitats representen un dels moments m\u00e9s importants del curs, ja que ens permeten generar espais de conviv\u00e8ncia que fomenten el treball pedag\u00f2gic dels esplais i la transmissi\u00f3 de valors per a la transformaci\u00f3 social.<\/p>\n<p>Les activitats d\u2019estiu s\u00f3n el moment en qu\u00e8 joves i infants gaudeixen d\u2019uns dies de desconnexi\u00f3 i contacte amb la natura. \u00c9s un moment per fer excursions, aix\u00ed com jocs, gimcanes i <strong>activitats basades en l\u2019educaci\u00f3 popular i vivencial<\/strong>. Els campaments, les col\u00f2nies i les rutes s\u00f3n <strong>activitats autogestionades<\/strong>, que no serien possibles sense la preparaci\u00f3 per part de les monitores i els monitors a les assemblees.<\/p>\n<p>La majoria d\u2019infants i joves destaquen que el que m\u00e9s els agrada de passar l\u2019estiu amb l\u2019esplai \u00e9s la confian\u00e7a entre infants i monitores i monitors, l\u2019oportunitat de sortir de la ciutat per fer activitats a la natura i la desconnexi\u00f3 del m\u00f2bil i les xarxes socials.<\/p>\n<p>Enguany, la preparaci\u00f3 d\u2019aquestes activitats ha estat marcada per la <span style=\"color: #f69d0b;\"><a style=\"color: #f69d0b;\" href=\"https:\/\/www.esplac.cat\/associacionisme-educatiu-catalunyaunim-jornada-reivindicativa-defensa-activitats\/\" target=\"_blank\" rel=\"noopener\"><strong>crisi dels terrenys d\u2019acampada<\/strong> <\/a><\/span>que va esclatar el mes de maig. A dos mesos de l\u2019inici de la campanya d\u2019estiu, es van bloquejar 79 dels 156 terrenys d\u2019acampada disponibles a Catalunya per manca d\u2019autoritzaci\u00f3 de l\u2019Ag\u00e8ncia Catalana de l\u2019Aigua, afectant les reserves de 12.000 infants i joves arreu del territori.<\/p>\n<p>Malgrat tot, gr\u00e0cies a l\u2019esfor\u00e7 de monis, infants, joves i fam\u00edlies, els esplais us heu adaptat a la situaci\u00f3 i heu buscat alternatives per a poder dur a terme amb la m\u00e0xima normalitat possible les seves activitats.<\/p>\n<h4><strong>El lleure associatiu de base volunt\u00e0ria, un model a defensar<\/strong><\/h4>\n<p>En un context de creixent privatitzaci\u00f3 del lleure i de la monopolitzaci\u00f3 per part d\u2019empreses privades de les activitats d\u2019oci d\u2019estiu dedicades a infants i joves, <strong>reivindiquem l&#8217;esplai com a un agent educatiu clau pel foment de l\u2019aprenentatge de la inf\u00e0ncia i la joventut<\/strong> del territori. A partir del contacte amb la natura i el foment de l\u2019esperit cr\u00edtic de les i els participants, l\u2019esplai esdev\u00e9 una alternativa educativa de gran valor. En aquest sentit, des d\u2019Esplac posem en q\u00fcesti\u00f3 un sistema en qu\u00e8 les activitats que generen un benefici social i no econ\u00f2mic queden en un segon pla. Per aix\u00f2, des de l\u2019entitat <strong>treballem per defensar els valors del lleure associatiu de base volunt\u00e0ria<\/strong>.<\/p>\n<p>Una de les eines per a enfortir aquest model s\u00f3n els <strong><span style=\"color: #f69d0b;\"><a style=\"color: #f69d0b;\" href=\"https:\/\/escolaelsol.coop\/educant-en-loptimisme-i-la-transformacio\/\" target=\"_blank\" rel=\"noopener\">cursos Marta Mata<\/a><\/span><\/strong>, que organitzem conjuntament amb l\u2019<strong>Escola Lliure el Sol<\/strong>. Es tracta de cursos de monitor\/a i director\/a de lleure amb enfocament associatiu. Enguany s\u2019han fet cinc cursos en format residencial per a monis d\u2019Esplac al llarg de l\u2019agost, on hi heu participat m\u00e9s de 100 persones de m\u00e9s de 30 esplais del territori.<\/p>\n<h4><strong>Les activitats d\u2019estiu en dades<\/strong><\/h4>\n<p>Aquest estiu els esplais heu organitzat 232 activitats, entre campaments, col\u00f2nies i rutes. Els campaments han estat l\u2019activitat m\u00e9s triada pels esplais, amb un total de 112 campaments, seguits de les col\u00f2nies i rutes, amb xifres de 54 i 66 activitats respectivament. En l\u2019\u00e0mbit nacional i internacional s\u2019han dut a terme 33 activitats arreu de l\u2019Estat Espanyol i 6 en l\u2019\u00e0mbit internacional.<\/p>\n<\/div><\/div><\/div><\/div><\/div>\n","protected":false},"excerpt":{"rendered":"","protected":false},"author":3,"featured_media":51102,"comment_status":"closed","ping_status":"closed","sticky":false,"template":"","format":"standard","meta":{"om_disable_all_campaigns":false,"_monsterinsights_skip_tracking":false,"_monsterinsights_sitenote_active":false,"_monsterinsights_sitenote_note":"","_monsterinsights_sitenote_category":0,"_uf_show_specific_survey":0,"_uf_disable_surveys":false,"footnotes":""},"categories":[1117],"tags":[],"class_list":["post-51099","post","type-post","status-publish","format-standard","has-post-thumbnail","hentry","category-activitats-esplais"],"yoast_head":"<!-- This site is optimized with the Yoast SEO plugin v27.4 - https:\/\/yoast.com\/product\/yoast-seo-wordpress\/ -->\n<title>L&#039;estiu dels esplais: reivindiquem el lleure associatiu!<\/title>\n<meta name=\"description\" content=\"Aquest estiu 6.567 infants i 1.756 monis han participat a m\u00e9s de 200 activitats, entre campaments, col\u00f2nies i rutes.\" \/>\n<meta name=\"robots\" content=\"index, follow, max-snippet:-1, max-image-preview:large, max-video-preview:-1\" \/>\n<link rel=\"canonical\" href=\"https:\/\/www.esplac.cat\/estiu-esplais-reivindiquem-model-lleure-associatiu-base-voluntaria\/\" \/>\n<meta property=\"og:locale\" content=\"es_ES\" \/>\n<meta property=\"og:type\" content=\"article\" \/>\n<meta property=\"og:title\" content=\"L&#039;estiu dels esplais: reivindiquem el lleure associatiu!\" \/>\n<meta property=\"og:description\" content=\"Aquest estiu 6.567 infants i 1.756 monis han participat a m\u00e9s de 200 activitats, entre campaments, col\u00f2nies i rutes.\" \/>\n<meta property=\"og:url\" content=\"https:\/\/www.esplac.cat\/estiu-esplais-reivindiquem-model-lleure-associatiu-base-voluntaria\/\" \/>\n<meta property=\"og:site_name\" content=\"Esplac\" \/>\n<meta property=\"article:published_time\" content=\"2024-09-20T11:26:10+00:00\" \/>\n<meta property=\"og:image\" content=\"https:\/\/www.esplac.cat\/wp-content\/uploads\/2024\/09\/CCR.jpg\" \/>\n\t<meta property=\"og:image:width\" content=\"1697\" \/>\n\t<meta property=\"og:image:height\" content=\"700\" \/>\n\t<meta property=\"og:image:type\" content=\"image\/jpeg\" \/>\n<meta name=\"author\" content=\"Comunicaci\u00f3 Esplac\" \/>\n<meta name=\"twitter:card\" content=\"summary_large_image\" \/>\n<meta name=\"twitter:label1\" content=\"Escrito por\" \/>\n\t<meta name=\"twitter:data1\" content=\"Comunicaci\u00f3 Esplac\" \/>\n\t<meta name=\"twitter:label2\" content=\"Tiempo de lectura\" \/>\n\t<meta name=\"twitter:data2\" content=\"4 minutos\" \/>\n<script type=\"application\/ld+json\" class=\"yoast-schema-graph\">{\"@context\":\"https:\\\/\\\/schema.org\",\"@graph\":[{\"@type\":\"Article\",\"@id\":\"https:\\\/\\\/www.esplac.cat\\\/estiu-esplais-reivindiquem-model-lleure-associatiu-base-voluntaria\\\/#article\",\"isPartOf\":{\"@id\":\"https:\\\/\\\/www.esplac.cat\\\/estiu-esplais-reivindiquem-model-lleure-associatiu-base-voluntaria\\\/\"},\"author\":{\"name\":\"Comunicaci\u00f3 Esplac\",\"@id\":\"https:\\\/\\\/www.esplac.cat\\\/#\\\/schema\\\/person\\\/908383cf240be18b68f8855d0583faca\"},\"headline\":\"L&#8217;estiu dels esplais: reivindiquem el model del lleure associatiu de base volunt\u00e0ria\",\"datePublished\":\"2024-09-20T11:26:10+00:00\",\"mainEntityOfPage\":{\"@id\":\"https:\\\/\\\/www.esplac.cat\\\/estiu-esplais-reivindiquem-model-lleure-associatiu-base-voluntaria\\\/\"},\"wordCount\":1586,\"publisher\":{\"@id\":\"https:\\\/\\\/www.esplac.cat\\\/#organization\"},\"image\":{\"@id\":\"https:\\\/\\\/www.esplac.cat\\\/estiu-esplais-reivindiquem-model-lleure-associatiu-base-voluntaria\\\/#primaryimage\"},\"thumbnailUrl\":\"https:\\\/\\\/www.esplac.cat\\\/wp-content\\\/uploads\\\/2024\\\/09\\\/CCR.jpg\",\"articleSection\":[\"Activitats esplais\"],\"inLanguage\":\"es\"},{\"@type\":\"WebPage\",\"@id\":\"https:\\\/\\\/www.esplac.cat\\\/estiu-esplais-reivindiquem-model-lleure-associatiu-base-voluntaria\\\/\",\"url\":\"https:\\\/\\\/www.esplac.cat\\\/estiu-esplais-reivindiquem-model-lleure-associatiu-base-voluntaria\\\/\",\"name\":\"L'estiu dels esplais: reivindiquem el lleure associatiu!\",\"isPartOf\":{\"@id\":\"https:\\\/\\\/www.esplac.cat\\\/#website\"},\"primaryImageOfPage\":{\"@id\":\"https:\\\/\\\/www.esplac.cat\\\/estiu-esplais-reivindiquem-model-lleure-associatiu-base-voluntaria\\\/#primaryimage\"},\"image\":{\"@id\":\"https:\\\/\\\/www.esplac.cat\\\/estiu-esplais-reivindiquem-model-lleure-associatiu-base-voluntaria\\\/#primaryimage\"},\"thumbnailUrl\":\"https:\\\/\\\/www.esplac.cat\\\/wp-content\\\/uploads\\\/2024\\\/09\\\/CCR.jpg\",\"datePublished\":\"2024-09-20T11:26:10+00:00\",\"description\":\"Aquest estiu 6.567 infants i 1.756 monis han participat a m\u00e9s de 200 activitats, entre campaments, col\u00f2nies i rutes.\",\"breadcrumb\":{\"@id\":\"https:\\\/\\\/www.esplac.cat\\\/estiu-esplais-reivindiquem-model-lleure-associatiu-base-voluntaria\\\/#breadcrumb\"},\"inLanguage\":\"es\",\"potentialAction\":[{\"@type\":\"ReadAction\",\"target\":[\"https:\\\/\\\/www.esplac.cat\\\/estiu-esplais-reivindiquem-model-lleure-associatiu-base-voluntaria\\\/\"]}]},{\"@type\":\"ImageObject\",\"inLanguage\":\"es\",\"@id\":\"https:\\\/\\\/www.esplac.cat\\\/estiu-esplais-reivindiquem-model-lleure-associatiu-base-voluntaria\\\/#primaryimage\",\"url\":\"https:\\\/\\\/www.esplac.cat\\\/wp-content\\\/uploads\\\/2024\\\/09\\\/CCR.jpg\",\"contentUrl\":\"https:\\\/\\\/www.esplac.cat\\\/wp-content\\\/uploads\\\/2024\\\/09\\\/CCR.jpg\",\"width\":1697,\"height\":700,\"caption\":\"estiu\"},{\"@type\":\"BreadcrumbList\",\"@id\":\"https:\\\/\\\/www.esplac.cat\\\/estiu-esplais-reivindiquem-model-lleure-associatiu-base-voluntaria\\\/#breadcrumb\",\"itemListElement\":[{\"@type\":\"ListItem\",\"position\":1,\"name\":\"Inici\",\"item\":\"https:\\\/\\\/www.esplac.cat\\\/es\\\/\"},{\"@type\":\"ListItem\",\"position\":2,\"name\":\"L&#8217;estiu dels esplais: reivindiquem el model del lleure associatiu de base volunt\u00e0ria\"}]},{\"@type\":\"WebSite\",\"@id\":\"https:\\\/\\\/www.esplac.cat\\\/#website\",\"url\":\"https:\\\/\\\/www.esplac.cat\\\/\",\"name\":\"Esplac\",\"description\":\"Esplais Catalans\",\"publisher\":{\"@id\":\"https:\\\/\\\/www.esplac.cat\\\/#organization\"},\"potentialAction\":[{\"@type\":\"SearchAction\",\"target\":{\"@type\":\"EntryPoint\",\"urlTemplate\":\"https:\\\/\\\/www.esplac.cat\\\/?s={search_term_string}\"},\"query-input\":{\"@type\":\"PropertyValueSpecification\",\"valueRequired\":true,\"valueName\":\"search_term_string\"}}],\"inLanguage\":\"es\"},{\"@type\":\"Organization\",\"@id\":\"https:\\\/\\\/www.esplac.cat\\\/#organization\",\"name\":\"Esplac\",\"url\":\"https:\\\/\\\/www.esplac.cat\\\/\",\"logo\":{\"@type\":\"ImageObject\",\"inLanguage\":\"es\",\"@id\":\"https:\\\/\\\/www.esplac.cat\\\/#\\\/schema\\\/logo\\\/image\\\/\",\"url\":\"https:\\\/\\\/www.esplac.cat\\\/wp-content\\\/uploads\\\/2019\\\/08\\\/logox2.png\",\"contentUrl\":\"https:\\\/\\\/www.esplac.cat\\\/wp-content\\\/uploads\\\/2019\\\/08\\\/logox2.png\",\"width\":600,\"height\":295,\"caption\":\"Esplac\"},\"image\":{\"@id\":\"https:\\\/\\\/www.esplac.cat\\\/#\\\/schema\\\/logo\\\/image\\\/\"}},{\"@type\":\"Person\",\"@id\":\"https:\\\/\\\/www.esplac.cat\\\/#\\\/schema\\\/person\\\/908383cf240be18b68f8855d0583faca\",\"name\":\"Comunicaci\u00f3 Esplac\",\"image\":{\"@type\":\"ImageObject\",\"inLanguage\":\"es\",\"@id\":\"https:\\\/\\\/secure.gravatar.com\\\/avatar\\\/7a4cf8feb412a76ea4a740ca02d95b06b2907b5a6c648c2dd0a1082a093c3141?s=96&d=mm&r=g\",\"url\":\"https:\\\/\\\/secure.gravatar.com\\\/avatar\\\/7a4cf8feb412a76ea4a740ca02d95b06b2907b5a6c648c2dd0a1082a093c3141?s=96&d=mm&r=g\",\"contentUrl\":\"https:\\\/\\\/secure.gravatar.com\\\/avatar\\\/7a4cf8feb412a76ea4a740ca02d95b06b2907b5a6c648c2dd0a1082a093c3141?s=96&d=mm&r=g\",\"caption\":\"Comunicaci\u00f3 Esplac\"}}]}<\/script>\n<!-- \/ Yoast SEO plugin. -->","yoast_head_json":{"title":"L'estiu dels esplais: reivindiquem el lleure associatiu!","description":"Aquest estiu 6.567 infants i 1.756 monis han participat a m\u00e9s de 200 activitats, entre campaments, col\u00f2nies i rutes.","robots":{"index":"index","follow":"follow","max-snippet":"max-snippet:-1","max-image-preview":"max-image-preview:large","max-video-preview":"max-video-preview:-1"},"canonical":"https:\/\/www.esplac.cat\/estiu-esplais-reivindiquem-model-lleure-associatiu-base-voluntaria\/","og_locale":"es_ES","og_type":"article","og_title":"L'estiu dels esplais: reivindiquem el lleure associatiu!","og_description":"Aquest estiu 6.567 infants i 1.756 monis han participat a m\u00e9s de 200 activitats, entre campaments, col\u00f2nies i rutes.","og_url":"https:\/\/www.esplac.cat\/estiu-esplais-reivindiquem-model-lleure-associatiu-base-voluntaria\/","og_site_name":"Esplac","article_published_time":"2024-09-20T11:26:10+00:00","og_image":[{"width":1697,"height":700,"url":"https:\/\/www.esplac.cat\/wp-content\/uploads\/2024\/09\/CCR.jpg","type":"image\/jpeg"}],"author":"Comunicaci\u00f3 Esplac","twitter_card":"summary_large_image","twitter_misc":{"Escrito por":"Comunicaci\u00f3 Esplac","Tiempo de lectura":"4 minutos"},"schema":{"@context":"https:\/\/schema.org","@graph":[{"@type":"Article","@id":"https:\/\/www.esplac.cat\/estiu-esplais-reivindiquem-model-lleure-associatiu-base-voluntaria\/#article","isPartOf":{"@id":"https:\/\/www.esplac.cat\/estiu-esplais-reivindiquem-model-lleure-associatiu-base-voluntaria\/"},"author":{"name":"Comunicaci\u00f3 Esplac","@id":"https:\/\/www.esplac.cat\/#\/schema\/person\/908383cf240be18b68f8855d0583faca"},"headline":"L&#8217;estiu dels esplais: reivindiquem el model del lleure associatiu de base volunt\u00e0ria","datePublished":"2024-09-20T11:26:10+00:00","mainEntityOfPage":{"@id":"https:\/\/www.esplac.cat\/estiu-esplais-reivindiquem-model-lleure-associatiu-base-voluntaria\/"},"wordCount":1586,"publisher":{"@id":"https:\/\/www.esplac.cat\/#organization"},"image":{"@id":"https:\/\/www.esplac.cat\/estiu-esplais-reivindiquem-model-lleure-associatiu-base-voluntaria\/#primaryimage"},"thumbnailUrl":"https:\/\/www.esplac.cat\/wp-content\/uploads\/2024\/09\/CCR.jpg","articleSection":["Activitats esplais"],"inLanguage":"es"},{"@type":"WebPage","@id":"https:\/\/www.esplac.cat\/estiu-esplais-reivindiquem-model-lleure-associatiu-base-voluntaria\/","url":"https:\/\/www.esplac.cat\/estiu-esplais-reivindiquem-model-lleure-associatiu-base-voluntaria\/","name":"L'estiu dels esplais: reivindiquem el lleure associatiu!","isPartOf":{"@id":"https:\/\/www.esplac.cat\/#website"},"primaryImageOfPage":{"@id":"https:\/\/www.esplac.cat\/estiu-esplais-reivindiquem-model-lleure-associatiu-base-voluntaria\/#primaryimage"},"image":{"@id":"https:\/\/www.esplac.cat\/estiu-esplais-reivindiquem-model-lleure-associatiu-base-voluntaria\/#primaryimage"},"thumbnailUrl":"https:\/\/www.esplac.cat\/wp-content\/uploads\/2024\/09\/CCR.jpg","datePublished":"2024-09-20T11:26:10+00:00","description":"Aquest estiu 6.567 infants i 1.756 monis han participat a m\u00e9s de 200 activitats, entre campaments, col\u00f2nies i rutes.","breadcrumb":{"@id":"https:\/\/www.esplac.cat\/estiu-esplais-reivindiquem-model-lleure-associatiu-base-voluntaria\/#breadcrumb"},"inLanguage":"es","potentialAction":[{"@type":"ReadAction","target":["https:\/\/www.esplac.cat\/estiu-esplais-reivindiquem-model-lleure-associatiu-base-voluntaria\/"]}]},{"@type":"ImageObject","inLanguage":"es","@id":"https:\/\/www.esplac.cat\/estiu-esplais-reivindiquem-model-lleure-associatiu-base-voluntaria\/#primaryimage","url":"https:\/\/www.esplac.cat\/wp-content\/uploads\/2024\/09\/CCR.jpg","contentUrl":"https:\/\/www.esplac.cat\/wp-content\/uploads\/2024\/09\/CCR.jpg","width":1697,"height":700,"caption":"estiu"},{"@type":"BreadcrumbList","@id":"https:\/\/www.esplac.cat\/estiu-esplais-reivindiquem-model-lleure-associatiu-base-voluntaria\/#breadcrumb","itemListElement":[{"@type":"ListItem","position":1,"name":"Inici","item":"https:\/\/www.esplac.cat\/es\/"},{"@type":"ListItem","position":2,"name":"L&#8217;estiu dels esplais: reivindiquem el model del lleure associatiu de base volunt\u00e0ria"}]},{"@type":"WebSite","@id":"https:\/\/www.esplac.cat\/#website","url":"https:\/\/www.esplac.cat\/","name":"Esplac","description":"Esplais Catalans","publisher":{"@id":"https:\/\/www.esplac.cat\/#organization"},"potentialAction":[{"@type":"SearchAction","target":{"@type":"EntryPoint","urlTemplate":"https:\/\/www.esplac.cat\/?s={search_term_string}"},"query-input":{"@type":"PropertyValueSpecification","valueRequired":true,"valueName":"search_term_string"}}],"inLanguage":"es"},{"@type":"Organization","@id":"https:\/\/www.esplac.cat\/#organization","name":"Esplac","url":"https:\/\/www.esplac.cat\/","logo":{"@type":"ImageObject","inLanguage":"es","@id":"https:\/\/www.esplac.cat\/#\/schema\/logo\/image\/","url":"https:\/\/www.esplac.cat\/wp-content\/uploads\/2019\/08\/logox2.png","contentUrl":"https:\/\/www.esplac.cat\/wp-content\/uploads\/2019\/08\/logox2.png","width":600,"height":295,"caption":"Esplac"},"image":{"@id":"https:\/\/www.esplac.cat\/#\/schema\/logo\/image\/"}},{"@type":"Person","@id":"https:\/\/www.esplac.cat\/#\/schema\/person\/908383cf240be18b68f8855d0583faca","name":"Comunicaci\u00f3 Esplac","image":{"@type":"ImageObject","inLanguage":"es","@id":"https:\/\/secure.gravatar.com\/avatar\/7a4cf8feb412a76ea4a740ca02d95b06b2907b5a6c648c2dd0a1082a093c3141?s=96&d=mm&r=g","url":"https:\/\/secure.gravatar.com\/avatar\/7a4cf8feb412a76ea4a740ca02d95b06b2907b5a6c648c2dd0a1082a093c3141?s=96&d=mm&r=g","contentUrl":"https:\/\/secure.gravatar.com\/avatar\/7a4cf8feb412a76ea4a740ca02d95b06b2907b5a6c648c2dd0a1082a093c3141?s=96&d=mm&r=g","caption":"Comunicaci\u00f3 Esplac"}}]}},"_links":{"self":[{"href":"https:\/\/www.esplac.cat\/es\/wp-json\/wp\/v2\/posts\/51099","targetHints":{"allow":["GET"]}}],"collection":[{"href":"https:\/\/www.esplac.cat\/es\/wp-json\/wp\/v2\/posts"}],"about":[{"href":"https:\/\/www.esplac.cat\/es\/wp-json\/wp\/v2\/types\/post"}],"author":[{"embeddable":true,"href":"https:\/\/www.esplac.cat\/es\/wp-json\/wp\/v2\/users\/3"}],"replies":[{"embeddable":true,"href":"https:\/\/www.esplac.cat\/es\/wp-json\/wp\/v2\/comments?post=51099"}],"version-history":[{"count":4,"href":"https:\/\/www.esplac.cat\/es\/wp-json\/wp\/v2\/posts\/51099\/revisions"}],"predecessor-version":[{"id":51106,"href":"https:\/\/www.esplac.cat\/es\/wp-json\/wp\/v2\/posts\/51099\/revisions\/51106"}],"wp:featuredmedia":[{"embeddable":true,"href":"https:\/\/www.esplac.cat\/es\/wp-json\/wp\/v2\/media\/51102"}],"wp:attachment":[{"href":"https:\/\/www.esplac.cat\/es\/wp-json\/wp\/v2\/media?parent=51099"}],"wp:term":[{"taxonomy":"category","embeddable":true,"href":"https:\/\/www.esplac.cat\/es\/wp-json\/wp\/v2\/categories?post=51099"},{"taxonomy":"post_tag","embeddable":true,"href":"https:\/\/www.esplac.cat\/es\/wp-json\/wp\/v2\/tags?post=51099"}],"curies":[{"name":"wp","href":"https:\/\/api.w.org\/{rel}","templated":true}]}}