{"id":51125,"date":"2024-09-30T10:06:05","date_gmt":"2024-09-30T08:06:05","guid":{"rendered":"https:\/\/www.esplac.cat\/?p=51125"},"modified":"2024-09-30T10:06:05","modified_gmt":"2024-09-30T08:06:05","slug":"tot-el-que-necessites-saber-sobre-ago-sectors","status":"publish","type":"post","link":"https:\/\/www.esplac.cat\/es\/tot-el-que-necessites-saber-sobre-ago-sectors\/","title":{"rendered":"Tot el que necessites saber sobre les AGO dels sectors"},"content":{"rendered":"<div class=\"fusion-fullwidth fullwidth-box fusion-builder-row-1 fusion-flex-container has-pattern-background has-mask-background nonhundred-percent-fullwidth non-hundred-percent-height-scrolling\" style=\"--awb-border-radius-top-left:0px;--awb-border-radius-top-right:0px;--awb-border-radius-bottom-right:0px;--awb-border-radius-bottom-left:0px;--awb-flex-wrap:wrap;\" ><div class=\"fusion-builder-row fusion-row fusion-flex-align-items-flex-start fusion-flex-content-wrap\" style=\"max-width:1248px;margin-left: calc(-4% \/ 2 );margin-right: calc(-4% \/ 2 );\"><div class=\"fusion-layout-column fusion_builder_column fusion-builder-column-0 fusion_builder_column_1_1 1_1 fusion-flex-column\" style=\"--awb-bg-size:cover;--awb-width-large:100%;--awb-margin-top-large:0px;--awb-spacing-right-large:1.92%;--awb-margin-bottom-large:20px;--awb-spacing-left-large:1.92%;--awb-width-medium:100%;--awb-order-medium:0;--awb-spacing-right-medium:1.92%;--awb-spacing-left-medium:1.92%;--awb-width-small:100%;--awb-order-small:0;--awb-spacing-right-small:1.92%;--awb-spacing-left-small:1.92%;\"><div class=\"fusion-column-wrapper fusion-column-has-shadow fusion-flex-justify-content-flex-start fusion-content-layout-column\"><div class=\"fusion-text fusion-text-1\"><h6><strong>Durant el mes d\u2019octubre se celebren les Assemblees Generals Ordin\u00e0ries dels diferents sectors geogr\u00e0fics d\u2019Esplac, on es defineix qu\u00e8 es far\u00e0 durant el curs i qui representar\u00e0 el sector. <\/strong><\/h6>\n<p>Comen\u00e7a un nou curs i, amb aquest, l\u2019activitat dels <strong>sectors geogr\u00e0fics d\u2019Esplac<\/strong> agafa embranzida. Com cada any, durant el mes d\u2019octubre se celebren les <strong>Assemblees Generals Ordin\u00e0ries (AGO) de sector<\/strong>. Aquestes s\u00f3n un espai de decisi\u00f3 format per tots els esplais d\u2019un mateix sector geogr\u00e0fic i representa un moment molt important, ja que s\u2019hi marquen les bases del funcionament del sector al llarg de tot el curs.<\/p>\n<p>Per establir aquestes bases, a l&#8217;AGO principalment es porta a debat i votaci\u00f3 la Mem\u00f2ria, el Balan\u00e7, les l\u00ednies d\u2019actuaci\u00f3, el Pressupost i les persones que formaran l\u2019<strong>Equip General del Sector<\/strong> (EGS). Les EGS s\u00f3n les persones volunt\u00e0ries que coordinen l\u2019acci\u00f3 dels sectors geogr\u00e0fics amb unes funcions semblants a l\u2019Equip de Coordinaci\u00f3, per\u00f2 en l\u2019\u00e0mbit del sector, i tamb\u00e9 representen els interessos del sector al <strong>Gran Comit\u00e8<\/strong>, que \u00e9s l\u2019\u00f2rgan de decisi\u00f3 principal d\u2019Esplac. <a href=\"https:\/\/www.esplac.cat\/equips\/#egs\" target=\"_blank\" rel=\"noopener\"><strong><span style=\"color: #f69d0b;\">Consulta qui forma part d\u2019aquests equips!<\/span><\/strong><\/a><\/p>\n<p>Les <strong>funcions dels sectors<\/strong> s\u00f3n articular la representaci\u00f3 dels esplais en els projectes d\u2019Esplac, promoure l\u2019intercanvi i la coordinaci\u00f3 dels esplais d\u2019un mateix territori i facilitar el treball de cadascun d\u2019ells. Actualment n\u2019hi ha 13!<\/p>\n<p>Per entendre millor com funciona l\u2019<strong>organitzaci\u00f3 d\u2019Esplac<\/strong> i quins s\u00f3n els <strong>espais de participaci\u00f3<\/strong> dins de l\u2019associaci\u00f3, podeu consultar <span style=\"color: #f69d0b;\"><a style=\"color: #f69d0b;\" href=\"https:\/\/www.esplac.cat\/com-ens-organitzem\/\" target=\"_blank\" rel=\"noopener\"><strong>aquest apartat del web<\/strong><\/a><\/span>!<\/p>\n<\/div><\/div><\/div><\/div><\/div>\n","protected":false},"excerpt":{"rendered":"","protected":false},"author":3,"featured_media":51127,"comment_status":"closed","ping_status":"closed","sticky":false,"template":"","format":"standard","meta":{"om_disable_all_campaigns":false,"_monsterinsights_skip_tracking":false,"_monsterinsights_sitenote_active":false,"_monsterinsights_sitenote_note":"","_monsterinsights_sitenote_category":0,"_uf_show_specific_survey":0,"_uf_disable_surveys":false,"footnotes":""},"categories":[1110],"tags":[],"class_list":["post-51125","post","type-post","status-publish","format-standard","has-post-thumbnail","hentry","category-activitats-sectors"],"yoast_head":"<!-- This site is optimized with the Yoast SEO plugin v27.5 - https:\/\/yoast.com\/product\/yoast-seo-wordpress\/ -->\n<title>Tot el que necessites saber sobre les AGO dels sectors - Esplac<\/title>\n<meta name=\"description\" content=\"Durant el mes d\u2019octubre se celebren les AGO dels sectors, on es defineix qu\u00e8 es far\u00e0 durant el curs i qui representar\u00e0 el sector.\" \/>\n<meta name=\"robots\" content=\"index, follow, max-snippet:-1, max-image-preview:large, max-video-preview:-1\" \/>\n<link rel=\"canonical\" href=\"https:\/\/www.esplac.cat\/tot-el-que-necessites-saber-sobre-ago-sectors\/\" \/>\n<meta property=\"og:locale\" content=\"es_ES\" \/>\n<meta property=\"og:type\" content=\"article\" \/>\n<meta property=\"og:title\" content=\"Tot el que necessites saber sobre les AGO dels sectors - Esplac\" \/>\n<meta property=\"og:description\" content=\"Durant el mes d\u2019octubre se celebren les AGO dels sectors, on es defineix qu\u00e8 es far\u00e0 durant el curs i qui representar\u00e0 el sector.\" \/>\n<meta property=\"og:url\" content=\"https:\/\/www.esplac.cat\/tot-el-que-necessites-saber-sobre-ago-sectors\/\" \/>\n<meta property=\"og:site_name\" content=\"Esplac\" \/>\n<meta property=\"article:published_time\" content=\"2024-09-30T08:06:05+00:00\" \/>\n<meta property=\"og:image\" content=\"https:\/\/www.esplac.cat\/wp-content\/uploads\/2024\/09\/AGOs-Sector.jpg\" \/>\n\t<meta property=\"og:image:width\" content=\"1697\" \/>\n\t<meta property=\"og:image:height\" content=\"700\" \/>\n\t<meta property=\"og:image:type\" content=\"image\/jpeg\" \/>\n<meta name=\"author\" content=\"Comunicaci\u00f3 Esplac\" \/>\n<meta name=\"twitter:card\" content=\"summary_large_image\" \/>\n<meta name=\"twitter:label1\" content=\"Escrito por\" \/>\n\t<meta name=\"twitter:data1\" content=\"Comunicaci\u00f3 Esplac\" \/>\n\t<meta name=\"twitter:label2\" content=\"Tiempo de lectura\" \/>\n\t<meta name=\"twitter:data2\" content=\"2 minutos\" \/>\n<script type=\"application\/ld+json\" class=\"yoast-schema-graph\">{\"@context\":\"https:\\\/\\\/schema.org\",\"@graph\":[{\"@type\":\"Article\",\"@id\":\"https:\\\/\\\/www.esplac.cat\\\/tot-el-que-necessites-saber-sobre-ago-sectors\\\/#article\",\"isPartOf\":{\"@id\":\"https:\\\/\\\/www.esplac.cat\\\/tot-el-que-necessites-saber-sobre-ago-sectors\\\/\"},\"author\":{\"name\":\"Comunicaci\u00f3 Esplac\",\"@id\":\"https:\\\/\\\/www.esplac.cat\\\/#\\\/schema\\\/person\\\/908383cf240be18b68f8855d0583faca\"},\"headline\":\"Tot el que necessites saber sobre les AGO dels sectors\",\"datePublished\":\"2024-09-30T08:06:05+00:00\",\"mainEntityOfPage\":{\"@id\":\"https:\\\/\\\/www.esplac.cat\\\/tot-el-que-necessites-saber-sobre-ago-sectors\\\/\"},\"wordCount\":1238,\"publisher\":{\"@id\":\"https:\\\/\\\/www.esplac.cat\\\/#organization\"},\"image\":{\"@id\":\"https:\\\/\\\/www.esplac.cat\\\/tot-el-que-necessites-saber-sobre-ago-sectors\\\/#primaryimage\"},\"thumbnailUrl\":\"https:\\\/\\\/www.esplac.cat\\\/wp-content\\\/uploads\\\/2024\\\/09\\\/AGOs-Sector.jpg\",\"articleSection\":[\"Activitats sectors\"],\"inLanguage\":\"es\"},{\"@type\":\"WebPage\",\"@id\":\"https:\\\/\\\/www.esplac.cat\\\/tot-el-que-necessites-saber-sobre-ago-sectors\\\/\",\"url\":\"https:\\\/\\\/www.esplac.cat\\\/tot-el-que-necessites-saber-sobre-ago-sectors\\\/\",\"name\":\"Tot el que necessites saber sobre les AGO dels sectors - Esplac\",\"isPartOf\":{\"@id\":\"https:\\\/\\\/www.esplac.cat\\\/#website\"},\"primaryImageOfPage\":{\"@id\":\"https:\\\/\\\/www.esplac.cat\\\/tot-el-que-necessites-saber-sobre-ago-sectors\\\/#primaryimage\"},\"image\":{\"@id\":\"https:\\\/\\\/www.esplac.cat\\\/tot-el-que-necessites-saber-sobre-ago-sectors\\\/#primaryimage\"},\"thumbnailUrl\":\"https:\\\/\\\/www.esplac.cat\\\/wp-content\\\/uploads\\\/2024\\\/09\\\/AGOs-Sector.jpg\",\"datePublished\":\"2024-09-30T08:06:05+00:00\",\"description\":\"Durant el mes d\u2019octubre se celebren les AGO dels sectors, on es defineix qu\u00e8 es far\u00e0 durant el curs i qui representar\u00e0 el sector.\",\"breadcrumb\":{\"@id\":\"https:\\\/\\\/www.esplac.cat\\\/tot-el-que-necessites-saber-sobre-ago-sectors\\\/#breadcrumb\"},\"inLanguage\":\"es\",\"potentialAction\":[{\"@type\":\"ReadAction\",\"target\":[\"https:\\\/\\\/www.esplac.cat\\\/tot-el-que-necessites-saber-sobre-ago-sectors\\\/\"]}]},{\"@type\":\"ImageObject\",\"inLanguage\":\"es\",\"@id\":\"https:\\\/\\\/www.esplac.cat\\\/tot-el-que-necessites-saber-sobre-ago-sectors\\\/#primaryimage\",\"url\":\"https:\\\/\\\/www.esplac.cat\\\/wp-content\\\/uploads\\\/2024\\\/09\\\/AGOs-Sector.jpg\",\"contentUrl\":\"https:\\\/\\\/www.esplac.cat\\\/wp-content\\\/uploads\\\/2024\\\/09\\\/AGOs-Sector.jpg\",\"width\":1697,\"height\":700,\"caption\":\"sector\"},{\"@type\":\"BreadcrumbList\",\"@id\":\"https:\\\/\\\/www.esplac.cat\\\/tot-el-que-necessites-saber-sobre-ago-sectors\\\/#breadcrumb\",\"itemListElement\":[{\"@type\":\"ListItem\",\"position\":1,\"name\":\"Inici\",\"item\":\"https:\\\/\\\/www.esplac.cat\\\/es\\\/\"},{\"@type\":\"ListItem\",\"position\":2,\"name\":\"Tot el que necessites saber sobre les AGO dels sectors\"}]},{\"@type\":\"WebSite\",\"@id\":\"https:\\\/\\\/www.esplac.cat\\\/#website\",\"url\":\"https:\\\/\\\/www.esplac.cat\\\/\",\"name\":\"Esplac\",\"description\":\"Esplais Catalans\",\"publisher\":{\"@id\":\"https:\\\/\\\/www.esplac.cat\\\/#organization\"},\"potentialAction\":[{\"@type\":\"SearchAction\",\"target\":{\"@type\":\"EntryPoint\",\"urlTemplate\":\"https:\\\/\\\/www.esplac.cat\\\/?s={search_term_string}\"},\"query-input\":{\"@type\":\"PropertyValueSpecification\",\"valueRequired\":true,\"valueName\":\"search_term_string\"}}],\"inLanguage\":\"es\"},{\"@type\":\"Organization\",\"@id\":\"https:\\\/\\\/www.esplac.cat\\\/#organization\",\"name\":\"Esplac\",\"url\":\"https:\\\/\\\/www.esplac.cat\\\/\",\"logo\":{\"@type\":\"ImageObject\",\"inLanguage\":\"es\",\"@id\":\"https:\\\/\\\/www.esplac.cat\\\/#\\\/schema\\\/logo\\\/image\\\/\",\"url\":\"https:\\\/\\\/www.esplac.cat\\\/wp-content\\\/uploads\\\/2019\\\/08\\\/logox2.png\",\"contentUrl\":\"https:\\\/\\\/www.esplac.cat\\\/wp-content\\\/uploads\\\/2019\\\/08\\\/logox2.png\",\"width\":600,\"height\":295,\"caption\":\"Esplac\"},\"image\":{\"@id\":\"https:\\\/\\\/www.esplac.cat\\\/#\\\/schema\\\/logo\\\/image\\\/\"}},{\"@type\":\"Person\",\"@id\":\"https:\\\/\\\/www.esplac.cat\\\/#\\\/schema\\\/person\\\/908383cf240be18b68f8855d0583faca\",\"name\":\"Comunicaci\u00f3 Esplac\",\"image\":{\"@type\":\"ImageObject\",\"inLanguage\":\"es\",\"@id\":\"https:\\\/\\\/secure.gravatar.com\\\/avatar\\\/7a4cf8feb412a76ea4a740ca02d95b06b2907b5a6c648c2dd0a1082a093c3141?s=96&d=mm&r=g\",\"url\":\"https:\\\/\\\/secure.gravatar.com\\\/avatar\\\/7a4cf8feb412a76ea4a740ca02d95b06b2907b5a6c648c2dd0a1082a093c3141?s=96&d=mm&r=g\",\"contentUrl\":\"https:\\\/\\\/secure.gravatar.com\\\/avatar\\\/7a4cf8feb412a76ea4a740ca02d95b06b2907b5a6c648c2dd0a1082a093c3141?s=96&d=mm&r=g\",\"caption\":\"Comunicaci\u00f3 Esplac\"}}]}<\/script>\n<!-- \/ Yoast SEO plugin. -->","yoast_head_json":{"title":"Tot el que necessites saber sobre les AGO dels sectors - Esplac","description":"Durant el mes d\u2019octubre se celebren les AGO dels sectors, on es defineix qu\u00e8 es far\u00e0 durant el curs i qui representar\u00e0 el sector.","robots":{"index":"index","follow":"follow","max-snippet":"max-snippet:-1","max-image-preview":"max-image-preview:large","max-video-preview":"max-video-preview:-1"},"canonical":"https:\/\/www.esplac.cat\/tot-el-que-necessites-saber-sobre-ago-sectors\/","og_locale":"es_ES","og_type":"article","og_title":"Tot el que necessites saber sobre les AGO dels sectors - Esplac","og_description":"Durant el mes d\u2019octubre se celebren les AGO dels sectors, on es defineix qu\u00e8 es far\u00e0 durant el curs i qui representar\u00e0 el sector.","og_url":"https:\/\/www.esplac.cat\/tot-el-que-necessites-saber-sobre-ago-sectors\/","og_site_name":"Esplac","article_published_time":"2024-09-30T08:06:05+00:00","og_image":[{"width":1697,"height":700,"url":"https:\/\/www.esplac.cat\/wp-content\/uploads\/2024\/09\/AGOs-Sector.jpg","type":"image\/jpeg"}],"author":"Comunicaci\u00f3 Esplac","twitter_card":"summary_large_image","twitter_misc":{"Escrito por":"Comunicaci\u00f3 Esplac","Tiempo de lectura":"2 minutos"},"schema":{"@context":"https:\/\/schema.org","@graph":[{"@type":"Article","@id":"https:\/\/www.esplac.cat\/tot-el-que-necessites-saber-sobre-ago-sectors\/#article","isPartOf":{"@id":"https:\/\/www.esplac.cat\/tot-el-que-necessites-saber-sobre-ago-sectors\/"},"author":{"name":"Comunicaci\u00f3 Esplac","@id":"https:\/\/www.esplac.cat\/#\/schema\/person\/908383cf240be18b68f8855d0583faca"},"headline":"Tot el que necessites saber sobre les AGO dels sectors","datePublished":"2024-09-30T08:06:05+00:00","mainEntityOfPage":{"@id":"https:\/\/www.esplac.cat\/tot-el-que-necessites-saber-sobre-ago-sectors\/"},"wordCount":1238,"publisher":{"@id":"https:\/\/www.esplac.cat\/#organization"},"image":{"@id":"https:\/\/www.esplac.cat\/tot-el-que-necessites-saber-sobre-ago-sectors\/#primaryimage"},"thumbnailUrl":"https:\/\/www.esplac.cat\/wp-content\/uploads\/2024\/09\/AGOs-Sector.jpg","articleSection":["Activitats sectors"],"inLanguage":"es"},{"@type":"WebPage","@id":"https:\/\/www.esplac.cat\/tot-el-que-necessites-saber-sobre-ago-sectors\/","url":"https:\/\/www.esplac.cat\/tot-el-que-necessites-saber-sobre-ago-sectors\/","name":"Tot el que necessites saber sobre les AGO dels sectors - Esplac","isPartOf":{"@id":"https:\/\/www.esplac.cat\/#website"},"primaryImageOfPage":{"@id":"https:\/\/www.esplac.cat\/tot-el-que-necessites-saber-sobre-ago-sectors\/#primaryimage"},"image":{"@id":"https:\/\/www.esplac.cat\/tot-el-que-necessites-saber-sobre-ago-sectors\/#primaryimage"},"thumbnailUrl":"https:\/\/www.esplac.cat\/wp-content\/uploads\/2024\/09\/AGOs-Sector.jpg","datePublished":"2024-09-30T08:06:05+00:00","description":"Durant el mes d\u2019octubre se celebren les AGO dels sectors, on es defineix qu\u00e8 es far\u00e0 durant el curs i qui representar\u00e0 el sector.","breadcrumb":{"@id":"https:\/\/www.esplac.cat\/tot-el-que-necessites-saber-sobre-ago-sectors\/#breadcrumb"},"inLanguage":"es","potentialAction":[{"@type":"ReadAction","target":["https:\/\/www.esplac.cat\/tot-el-que-necessites-saber-sobre-ago-sectors\/"]}]},{"@type":"ImageObject","inLanguage":"es","@id":"https:\/\/www.esplac.cat\/tot-el-que-necessites-saber-sobre-ago-sectors\/#primaryimage","url":"https:\/\/www.esplac.cat\/wp-content\/uploads\/2024\/09\/AGOs-Sector.jpg","contentUrl":"https:\/\/www.esplac.cat\/wp-content\/uploads\/2024\/09\/AGOs-Sector.jpg","width":1697,"height":700,"caption":"sector"},{"@type":"BreadcrumbList","@id":"https:\/\/www.esplac.cat\/tot-el-que-necessites-saber-sobre-ago-sectors\/#breadcrumb","itemListElement":[{"@type":"ListItem","position":1,"name":"Inici","item":"https:\/\/www.esplac.cat\/es\/"},{"@type":"ListItem","position":2,"name":"Tot el que necessites saber sobre les AGO dels sectors"}]},{"@type":"WebSite","@id":"https:\/\/www.esplac.cat\/#website","url":"https:\/\/www.esplac.cat\/","name":"Esplac","description":"Esplais Catalans","publisher":{"@id":"https:\/\/www.esplac.cat\/#organization"},"potentialAction":[{"@type":"SearchAction","target":{"@type":"EntryPoint","urlTemplate":"https:\/\/www.esplac.cat\/?s={search_term_string}"},"query-input":{"@type":"PropertyValueSpecification","valueRequired":true,"valueName":"search_term_string"}}],"inLanguage":"es"},{"@type":"Organization","@id":"https:\/\/www.esplac.cat\/#organization","name":"Esplac","url":"https:\/\/www.esplac.cat\/","logo":{"@type":"ImageObject","inLanguage":"es","@id":"https:\/\/www.esplac.cat\/#\/schema\/logo\/image\/","url":"https:\/\/www.esplac.cat\/wp-content\/uploads\/2019\/08\/logox2.png","contentUrl":"https:\/\/www.esplac.cat\/wp-content\/uploads\/2019\/08\/logox2.png","width":600,"height":295,"caption":"Esplac"},"image":{"@id":"https:\/\/www.esplac.cat\/#\/schema\/logo\/image\/"}},{"@type":"Person","@id":"https:\/\/www.esplac.cat\/#\/schema\/person\/908383cf240be18b68f8855d0583faca","name":"Comunicaci\u00f3 Esplac","image":{"@type":"ImageObject","inLanguage":"es","@id":"https:\/\/secure.gravatar.com\/avatar\/7a4cf8feb412a76ea4a740ca02d95b06b2907b5a6c648c2dd0a1082a093c3141?s=96&d=mm&r=g","url":"https:\/\/secure.gravatar.com\/avatar\/7a4cf8feb412a76ea4a740ca02d95b06b2907b5a6c648c2dd0a1082a093c3141?s=96&d=mm&r=g","contentUrl":"https:\/\/secure.gravatar.com\/avatar\/7a4cf8feb412a76ea4a740ca02d95b06b2907b5a6c648c2dd0a1082a093c3141?s=96&d=mm&r=g","caption":"Comunicaci\u00f3 Esplac"}}]}},"_links":{"self":[{"href":"https:\/\/www.esplac.cat\/es\/wp-json\/wp\/v2\/posts\/51125","targetHints":{"allow":["GET"]}}],"collection":[{"href":"https:\/\/www.esplac.cat\/es\/wp-json\/wp\/v2\/posts"}],"about":[{"href":"https:\/\/www.esplac.cat\/es\/wp-json\/wp\/v2\/types\/post"}],"author":[{"embeddable":true,"href":"https:\/\/www.esplac.cat\/es\/wp-json\/wp\/v2\/users\/3"}],"replies":[{"embeddable":true,"href":"https:\/\/www.esplac.cat\/es\/wp-json\/wp\/v2\/comments?post=51125"}],"version-history":[{"count":5,"href":"https:\/\/www.esplac.cat\/es\/wp-json\/wp\/v2\/posts\/51125\/revisions"}],"predecessor-version":[{"id":51134,"href":"https:\/\/www.esplac.cat\/es\/wp-json\/wp\/v2\/posts\/51125\/revisions\/51134"}],"wp:featuredmedia":[{"embeddable":true,"href":"https:\/\/www.esplac.cat\/es\/wp-json\/wp\/v2\/media\/51127"}],"wp:attachment":[{"href":"https:\/\/www.esplac.cat\/es\/wp-json\/wp\/v2\/media?parent=51125"}],"wp:term":[{"taxonomy":"category","embeddable":true,"href":"https:\/\/www.esplac.cat\/es\/wp-json\/wp\/v2\/categories?post=51125"},{"taxonomy":"post_tag","embeddable":true,"href":"https:\/\/www.esplac.cat\/es\/wp-json\/wp\/v2\/tags?post=51125"}],"curies":[{"name":"wp","href":"https:\/\/api.w.org\/{rel}","templated":true}]}}