{"id":51135,"date":"2024-10-01T12:33:07","date_gmt":"2024-10-01T10:33:07","guid":{"rendered":"https:\/\/www.esplac.cat\/?p=51135"},"modified":"2025-03-27T14:57:42","modified_gmt":"2025-03-27T12:57:42","slug":"esplais-barcelona-arrenquen-curs-amb-cim","status":"publish","type":"post","link":"https:\/\/www.esplac.cat\/es\/esplais-barcelona-arrenquen-curs-amb-cim\/","title":{"rendered":"Els esplais de Barcelona arrenquen el curs amb el CIM!"},"content":{"rendered":"<div class=\"fusion-fullwidth fullwidth-box fusion-builder-row-1 fusion-flex-container has-pattern-background has-mask-background nonhundred-percent-fullwidth non-hundred-percent-height-scrolling\" style=\"--awb-border-radius-top-left:0px;--awb-border-radius-top-right:0px;--awb-border-radius-bottom-right:0px;--awb-border-radius-bottom-left:0px;--awb-flex-wrap:wrap;\" ><div class=\"fusion-builder-row fusion-row fusion-flex-align-items-flex-start fusion-flex-content-wrap\" style=\"max-width:1248px;margin-left: calc(-4% \/ 2 );margin-right: calc(-4% \/ 2 );\"><div class=\"fusion-layout-column fusion_builder_column fusion-builder-column-0 fusion_builder_column_1_1 1_1 fusion-flex-column\" style=\"--awb-bg-size:cover;--awb-width-large:100%;--awb-margin-top-large:0px;--awb-spacing-right-large:1.92%;--awb-margin-bottom-large:20px;--awb-spacing-left-large:1.92%;--awb-width-medium:100%;--awb-order-medium:0;--awb-spacing-right-medium:1.92%;--awb-spacing-left-medium:1.92%;--awb-width-small:100%;--awb-order-small:0;--awb-spacing-right-small:1.92%;--awb-spacing-left-small:1.92%;\"><div class=\"fusion-column-wrapper fusion-column-has-shadow fusion-flex-justify-content-flex-start fusion-content-layout-column\"><div class=\"fusion-text fusion-text-1\"><h6><strong>El cap de setmana del 27, 28 i 29 de setembre monis i premonis dels 3 sectors de Barcelona han marxat a Caldes de Montbui per celebrar el Curs d\u2019Iniciaci\u00f3 al Monitoratge.<\/strong><\/h6>\n<p>El <strong>CIM<\/strong> <strong>(Curs d\u2019Iniciaci\u00f3 al Monitoratge)<\/strong> \u00e9s una activitat consolidada des de fa temps als sectors de Barcelona. De forma autogestionada, les monitores i monitors preparen formacions per tal que els grups de joves i premonis dels diferents esplais participants puguin comen\u00e7ar la seva etapa com a monis ben prepares i preparats. <strong>Durant el CIM, es treballen i es debat al voltant de conceptes b\u00e0sics per a la futura entrada dels i les joves a l\u2019assemblea de l\u2019esplai.<\/strong><\/p>\n<p>Enguany <strong>5 esplais dels 3 sectors de Barcelona han participat al CIM<\/strong>: l\u2019Esplai SCV El Clot, l\u2019Esplai Kasperle, l\u2019Esplai GMM, l\u2019Esplai Espurna i l\u2019Esplai Guineueta. D\u2019aquests diferents esplais, 14 persones s\u2019han encarregat de les formacions i 30 joves i premonis les rebien.<\/p>\n<p>Com en els tres cursos anteriors, aquest any s\u2019ha continuat apostant per realitzar el CIM en un <strong>terreny d\u2019acampada<\/strong>. Aquest cop, al c\u00e0mping El Pasqualet, a Caldes de Montbui. \u00c9s un terreny adaptat amb cuina, instal\u00b7laci\u00f3 el\u00e8ctrica i aixopluc, fet que ha facilitat la realitzaci\u00f3 de l\u2019activitat.<\/p>\n<p>Durant el cap de setmana s\u2019han realitzat tres <strong>formacions i diversos espais de coneixen\u00e7a i cohesi\u00f3<\/strong>. Les formacions que s\u2019han fet han estat \u201c<strong>Pedagogia<\/strong>\u201d, on s\u2019ha parlat de q\u00fcestions que generen debat en l\u2019\u00e0mbit pedag\u00f2gic com ara la participaci\u00f3 infantil, els l\u00edmits o la gesti\u00f3 dels conflictes; \u201c<strong>Qu\u00e8 \u00e9s l\u2019esplai?<\/strong>\u201d, on s\u2019ha explicat la hist\u00f2ria dels esplais i del lleure educatiu, aix\u00ed com les bases ideol\u00f2giques d\u2019Esplac; i \u201c<strong>Organitzaci\u00f3<\/strong>\u201d, on s\u2019ha treballat l\u2019assemblearisme i l\u2019organitzaci\u00f3 interna. Per culminar l\u2019activitat i fer un tancament de l\u2019espai, el diumenge s\u2019ha fet un dinar conjunt de cloenda.<\/p>\n<p>El CIM \u00e9s una activitat amb un format i un seguiment molt consolidats als sectors de Barcelona, on <strong>es valora molt positivament l\u2019espai formatiu i de cohesi\u00f3 de les futures generacions de monis dels esplais<\/strong>. Durant el cap de setmana es comparteixen experi\u00e8ncies, dubtes i inquietuds al voltant de la tasca educativa que realitzen els esplais, generant aix\u00ed un coneixement col\u00b7lectiu molt enriquidor!<\/p>\n<\/div><div class=\"fusion-image-element \" style=\"--awb-caption-title-font-family:var(--h2_typography-font-family);--awb-caption-title-font-weight:var(--h2_typography-font-weight);--awb-caption-title-font-style:var(--h2_typography-font-style);--awb-caption-title-size:var(--h2_typography-font-size);--awb-caption-title-transform:var(--h2_typography-text-transform);--awb-caption-title-line-height:var(--h2_typography-line-height);--awb-caption-title-letter-spacing:var(--h2_typography-letter-spacing);\"><span class=\" fusion-imageframe imageframe-none imageframe-1 hover-type-none\"><img decoding=\"async\" width=\"1697\" height=\"700\" title=\"Logo_BCN (1)\" src=\"https:\/\/www.esplac.cat\/wp-content\/uploads\/2024\/11\/Logo_BCN-1-1.png\" alt class=\"img-responsive wp-image-53331\" srcset=\"https:\/\/www.esplac.cat\/wp-content\/uploads\/2024\/11\/Logo_BCN-1-1-200x82.png 200w, https:\/\/www.esplac.cat\/wp-content\/uploads\/2024\/11\/Logo_BCN-1-1-400x165.png 400w, https:\/\/www.esplac.cat\/wp-content\/uploads\/2024\/11\/Logo_BCN-1-1-600x247.png 600w, https:\/\/www.esplac.cat\/wp-content\/uploads\/2024\/11\/Logo_BCN-1-1-800x330.png 800w, https:\/\/www.esplac.cat\/wp-content\/uploads\/2024\/11\/Logo_BCN-1-1-1200x495.png 1200w, https:\/\/www.esplac.cat\/wp-content\/uploads\/2024\/11\/Logo_BCN-1-1.png 1697w\" sizes=\"(max-width: 1024px) 100vw, (max-width: 640px) 100vw, 1200px\" \/><\/span><\/div><\/div><\/div><\/div><\/div>\n","protected":false},"excerpt":{"rendered":"","protected":false},"author":3,"featured_media":51143,"comment_status":"closed","ping_status":"closed","sticky":false,"template":"","format":"standard","meta":{"om_disable_all_campaigns":false,"_monsterinsights_skip_tracking":false,"_monsterinsights_sitenote_active":false,"_monsterinsights_sitenote_note":"","_monsterinsights_sitenote_category":0,"_uf_show_specific_survey":0,"_uf_disable_surveys":false,"footnotes":""},"categories":[1110,1398,1399,1397,1],"tags":[],"class_list":["post-51135","post","type-post","status-publish","format-standard","has-post-thumbnail","hentry","category-activitats-sectors","category-sector-barcelona-nord-est","category-sector-barcelona-oest","category-sector-barcelona-sud","category-sense-categoria"],"yoast_head":"<!-- This site is optimized with the Yoast SEO plugin v27.5 - https:\/\/yoast.com\/product\/yoast-seo-wordpress\/ -->\n<title>Els esplais de Barcelona arrenquen el curs amb el CIM! - Esplac<\/title>\n<meta name=\"description\" content=\"Monis i premonis dels 3 sectors de Barcelona han marxat a Caldes de Montbui per celebrar el Curs d\u2019Iniciaci\u00f3 al Monitoratge.\" \/>\n<meta name=\"robots\" content=\"index, follow, max-snippet:-1, max-image-preview:large, max-video-preview:-1\" \/>\n<link rel=\"canonical\" href=\"https:\/\/www.esplac.cat\/esplais-barcelona-arrenquen-curs-amb-cim\/\" \/>\n<meta property=\"og:locale\" content=\"es_ES\" \/>\n<meta property=\"og:type\" content=\"article\" \/>\n<meta property=\"og:title\" content=\"Els esplais de Barcelona arrenquen el curs amb el CIM! - Esplac\" \/>\n<meta property=\"og:description\" content=\"Monis i premonis dels 3 sectors de Barcelona han marxat a Caldes de Montbui per celebrar el Curs d\u2019Iniciaci\u00f3 al Monitoratge.\" \/>\n<meta property=\"og:url\" content=\"https:\/\/www.esplac.cat\/esplais-barcelona-arrenquen-curs-amb-cim\/\" \/>\n<meta property=\"og:site_name\" content=\"Esplac\" \/>\n<meta property=\"article:published_time\" content=\"2024-10-01T10:33:07+00:00\" \/>\n<meta property=\"article:modified_time\" content=\"2025-03-27T12:57:42+00:00\" \/>\n<meta property=\"og:image\" content=\"https:\/\/www.esplac.cat\/wp-content\/uploads\/2024\/10\/CIM_Bcn_24.jpg\" \/>\n\t<meta property=\"og:image:width\" content=\"1697\" \/>\n\t<meta property=\"og:image:height\" content=\"700\" \/>\n\t<meta property=\"og:image:type\" content=\"image\/jpeg\" \/>\n<meta name=\"author\" content=\"Comunicaci\u00f3 Esplac\" \/>\n<meta name=\"twitter:card\" content=\"summary_large_image\" \/>\n<meta name=\"twitter:label1\" content=\"Escrito por\" \/>\n\t<meta name=\"twitter:data1\" content=\"Comunicaci\u00f3 Esplac\" \/>\n\t<meta name=\"twitter:label2\" content=\"Tiempo de lectura\" \/>\n\t<meta name=\"twitter:data2\" content=\"3 minutos\" \/>\n<script type=\"application\/ld+json\" class=\"yoast-schema-graph\">{\"@context\":\"https:\\\/\\\/schema.org\",\"@graph\":[{\"@type\":\"Article\",\"@id\":\"https:\\\/\\\/www.esplac.cat\\\/esplais-barcelona-arrenquen-curs-amb-cim\\\/#article\",\"isPartOf\":{\"@id\":\"https:\\\/\\\/www.esplac.cat\\\/esplais-barcelona-arrenquen-curs-amb-cim\\\/\"},\"author\":{\"name\":\"Comunicaci\u00f3 Esplac\",\"@id\":\"https:\\\/\\\/www.esplac.cat\\\/#\\\/schema\\\/person\\\/908383cf240be18b68f8855d0583faca\"},\"headline\":\"Els esplais de Barcelona arrenquen el curs amb el CIM!\",\"datePublished\":\"2024-10-01T10:33:07+00:00\",\"dateModified\":\"2025-03-27T12:57:42+00:00\",\"mainEntityOfPage\":{\"@id\":\"https:\\\/\\\/www.esplac.cat\\\/esplais-barcelona-arrenquen-curs-amb-cim\\\/\"},\"wordCount\":1647,\"publisher\":{\"@id\":\"https:\\\/\\\/www.esplac.cat\\\/#organization\"},\"image\":{\"@id\":\"https:\\\/\\\/www.esplac.cat\\\/esplais-barcelona-arrenquen-curs-amb-cim\\\/#primaryimage\"},\"thumbnailUrl\":\"https:\\\/\\\/www.esplac.cat\\\/wp-content\\\/uploads\\\/2024\\\/10\\\/CIM_Bcn_24.jpg\",\"articleSection\":[\"Activitats sectors\",\"Sector Barcelona Nord-Est\",\"Sector Barcelona Oest\",\"Sector Barcelona Sud\",\"Sense categoria\"],\"inLanguage\":\"es\"},{\"@type\":\"WebPage\",\"@id\":\"https:\\\/\\\/www.esplac.cat\\\/esplais-barcelona-arrenquen-curs-amb-cim\\\/\",\"url\":\"https:\\\/\\\/www.esplac.cat\\\/esplais-barcelona-arrenquen-curs-amb-cim\\\/\",\"name\":\"Els esplais de Barcelona arrenquen el curs amb el CIM! - Esplac\",\"isPartOf\":{\"@id\":\"https:\\\/\\\/www.esplac.cat\\\/#website\"},\"primaryImageOfPage\":{\"@id\":\"https:\\\/\\\/www.esplac.cat\\\/esplais-barcelona-arrenquen-curs-amb-cim\\\/#primaryimage\"},\"image\":{\"@id\":\"https:\\\/\\\/www.esplac.cat\\\/esplais-barcelona-arrenquen-curs-amb-cim\\\/#primaryimage\"},\"thumbnailUrl\":\"https:\\\/\\\/www.esplac.cat\\\/wp-content\\\/uploads\\\/2024\\\/10\\\/CIM_Bcn_24.jpg\",\"datePublished\":\"2024-10-01T10:33:07+00:00\",\"dateModified\":\"2025-03-27T12:57:42+00:00\",\"description\":\"Monis i premonis dels 3 sectors de Barcelona han marxat a Caldes de Montbui per celebrar el Curs d\u2019Iniciaci\u00f3 al Monitoratge.\",\"breadcrumb\":{\"@id\":\"https:\\\/\\\/www.esplac.cat\\\/esplais-barcelona-arrenquen-curs-amb-cim\\\/#breadcrumb\"},\"inLanguage\":\"es\",\"potentialAction\":[{\"@type\":\"ReadAction\",\"target\":[\"https:\\\/\\\/www.esplac.cat\\\/esplais-barcelona-arrenquen-curs-amb-cim\\\/\"]}]},{\"@type\":\"ImageObject\",\"inLanguage\":\"es\",\"@id\":\"https:\\\/\\\/www.esplac.cat\\\/esplais-barcelona-arrenquen-curs-amb-cim\\\/#primaryimage\",\"url\":\"https:\\\/\\\/www.esplac.cat\\\/wp-content\\\/uploads\\\/2024\\\/10\\\/CIM_Bcn_24.jpg\",\"contentUrl\":\"https:\\\/\\\/www.esplac.cat\\\/wp-content\\\/uploads\\\/2024\\\/10\\\/CIM_Bcn_24.jpg\",\"width\":1697,\"height\":700,\"caption\":\"cim\"},{\"@type\":\"BreadcrumbList\",\"@id\":\"https:\\\/\\\/www.esplac.cat\\\/esplais-barcelona-arrenquen-curs-amb-cim\\\/#breadcrumb\",\"itemListElement\":[{\"@type\":\"ListItem\",\"position\":1,\"name\":\"Inici\",\"item\":\"https:\\\/\\\/www.esplac.cat\\\/es\\\/\"},{\"@type\":\"ListItem\",\"position\":2,\"name\":\"Els esplais de Barcelona arrenquen el curs amb el CIM!\"}]},{\"@type\":\"WebSite\",\"@id\":\"https:\\\/\\\/www.esplac.cat\\\/#website\",\"url\":\"https:\\\/\\\/www.esplac.cat\\\/\",\"name\":\"Esplac\",\"description\":\"Esplais Catalans\",\"publisher\":{\"@id\":\"https:\\\/\\\/www.esplac.cat\\\/#organization\"},\"potentialAction\":[{\"@type\":\"SearchAction\",\"target\":{\"@type\":\"EntryPoint\",\"urlTemplate\":\"https:\\\/\\\/www.esplac.cat\\\/?s={search_term_string}\"},\"query-input\":{\"@type\":\"PropertyValueSpecification\",\"valueRequired\":true,\"valueName\":\"search_term_string\"}}],\"inLanguage\":\"es\"},{\"@type\":\"Organization\",\"@id\":\"https:\\\/\\\/www.esplac.cat\\\/#organization\",\"name\":\"Esplac\",\"url\":\"https:\\\/\\\/www.esplac.cat\\\/\",\"logo\":{\"@type\":\"ImageObject\",\"inLanguage\":\"es\",\"@id\":\"https:\\\/\\\/www.esplac.cat\\\/#\\\/schema\\\/logo\\\/image\\\/\",\"url\":\"https:\\\/\\\/www.esplac.cat\\\/wp-content\\\/uploads\\\/2019\\\/08\\\/logox2.png\",\"contentUrl\":\"https:\\\/\\\/www.esplac.cat\\\/wp-content\\\/uploads\\\/2019\\\/08\\\/logox2.png\",\"width\":600,\"height\":295,\"caption\":\"Esplac\"},\"image\":{\"@id\":\"https:\\\/\\\/www.esplac.cat\\\/#\\\/schema\\\/logo\\\/image\\\/\"}},{\"@type\":\"Person\",\"@id\":\"https:\\\/\\\/www.esplac.cat\\\/#\\\/schema\\\/person\\\/908383cf240be18b68f8855d0583faca\",\"name\":\"Comunicaci\u00f3 Esplac\",\"image\":{\"@type\":\"ImageObject\",\"inLanguage\":\"es\",\"@id\":\"https:\\\/\\\/secure.gravatar.com\\\/avatar\\\/7a4cf8feb412a76ea4a740ca02d95b06b2907b5a6c648c2dd0a1082a093c3141?s=96&d=mm&r=g\",\"url\":\"https:\\\/\\\/secure.gravatar.com\\\/avatar\\\/7a4cf8feb412a76ea4a740ca02d95b06b2907b5a6c648c2dd0a1082a093c3141?s=96&d=mm&r=g\",\"contentUrl\":\"https:\\\/\\\/secure.gravatar.com\\\/avatar\\\/7a4cf8feb412a76ea4a740ca02d95b06b2907b5a6c648c2dd0a1082a093c3141?s=96&d=mm&r=g\",\"caption\":\"Comunicaci\u00f3 Esplac\"}}]}<\/script>\n<!-- \/ Yoast SEO plugin. -->","yoast_head_json":{"title":"Els esplais de Barcelona arrenquen el curs amb el CIM! - Esplac","description":"Monis i premonis dels 3 sectors de Barcelona han marxat a Caldes de Montbui per celebrar el Curs d\u2019Iniciaci\u00f3 al Monitoratge.","robots":{"index":"index","follow":"follow","max-snippet":"max-snippet:-1","max-image-preview":"max-image-preview:large","max-video-preview":"max-video-preview:-1"},"canonical":"https:\/\/www.esplac.cat\/esplais-barcelona-arrenquen-curs-amb-cim\/","og_locale":"es_ES","og_type":"article","og_title":"Els esplais de Barcelona arrenquen el curs amb el CIM! - Esplac","og_description":"Monis i premonis dels 3 sectors de Barcelona han marxat a Caldes de Montbui per celebrar el Curs d\u2019Iniciaci\u00f3 al Monitoratge.","og_url":"https:\/\/www.esplac.cat\/esplais-barcelona-arrenquen-curs-amb-cim\/","og_site_name":"Esplac","article_published_time":"2024-10-01T10:33:07+00:00","article_modified_time":"2025-03-27T12:57:42+00:00","og_image":[{"width":1697,"height":700,"url":"https:\/\/www.esplac.cat\/wp-content\/uploads\/2024\/10\/CIM_Bcn_24.jpg","type":"image\/jpeg"}],"author":"Comunicaci\u00f3 Esplac","twitter_card":"summary_large_image","twitter_misc":{"Escrito por":"Comunicaci\u00f3 Esplac","Tiempo de lectura":"3 minutos"},"schema":{"@context":"https:\/\/schema.org","@graph":[{"@type":"Article","@id":"https:\/\/www.esplac.cat\/esplais-barcelona-arrenquen-curs-amb-cim\/#article","isPartOf":{"@id":"https:\/\/www.esplac.cat\/esplais-barcelona-arrenquen-curs-amb-cim\/"},"author":{"name":"Comunicaci\u00f3 Esplac","@id":"https:\/\/www.esplac.cat\/#\/schema\/person\/908383cf240be18b68f8855d0583faca"},"headline":"Els esplais de Barcelona arrenquen el curs amb el CIM!","datePublished":"2024-10-01T10:33:07+00:00","dateModified":"2025-03-27T12:57:42+00:00","mainEntityOfPage":{"@id":"https:\/\/www.esplac.cat\/esplais-barcelona-arrenquen-curs-amb-cim\/"},"wordCount":1647,"publisher":{"@id":"https:\/\/www.esplac.cat\/#organization"},"image":{"@id":"https:\/\/www.esplac.cat\/esplais-barcelona-arrenquen-curs-amb-cim\/#primaryimage"},"thumbnailUrl":"https:\/\/www.esplac.cat\/wp-content\/uploads\/2024\/10\/CIM_Bcn_24.jpg","articleSection":["Activitats sectors","Sector Barcelona Nord-Est","Sector Barcelona Oest","Sector Barcelona Sud","Sense categoria"],"inLanguage":"es"},{"@type":"WebPage","@id":"https:\/\/www.esplac.cat\/esplais-barcelona-arrenquen-curs-amb-cim\/","url":"https:\/\/www.esplac.cat\/esplais-barcelona-arrenquen-curs-amb-cim\/","name":"Els esplais de Barcelona arrenquen el curs amb el CIM! - Esplac","isPartOf":{"@id":"https:\/\/www.esplac.cat\/#website"},"primaryImageOfPage":{"@id":"https:\/\/www.esplac.cat\/esplais-barcelona-arrenquen-curs-amb-cim\/#primaryimage"},"image":{"@id":"https:\/\/www.esplac.cat\/esplais-barcelona-arrenquen-curs-amb-cim\/#primaryimage"},"thumbnailUrl":"https:\/\/www.esplac.cat\/wp-content\/uploads\/2024\/10\/CIM_Bcn_24.jpg","datePublished":"2024-10-01T10:33:07+00:00","dateModified":"2025-03-27T12:57:42+00:00","description":"Monis i premonis dels 3 sectors de Barcelona han marxat a Caldes de Montbui per celebrar el Curs d\u2019Iniciaci\u00f3 al Monitoratge.","breadcrumb":{"@id":"https:\/\/www.esplac.cat\/esplais-barcelona-arrenquen-curs-amb-cim\/#breadcrumb"},"inLanguage":"es","potentialAction":[{"@type":"ReadAction","target":["https:\/\/www.esplac.cat\/esplais-barcelona-arrenquen-curs-amb-cim\/"]}]},{"@type":"ImageObject","inLanguage":"es","@id":"https:\/\/www.esplac.cat\/esplais-barcelona-arrenquen-curs-amb-cim\/#primaryimage","url":"https:\/\/www.esplac.cat\/wp-content\/uploads\/2024\/10\/CIM_Bcn_24.jpg","contentUrl":"https:\/\/www.esplac.cat\/wp-content\/uploads\/2024\/10\/CIM_Bcn_24.jpg","width":1697,"height":700,"caption":"cim"},{"@type":"BreadcrumbList","@id":"https:\/\/www.esplac.cat\/esplais-barcelona-arrenquen-curs-amb-cim\/#breadcrumb","itemListElement":[{"@type":"ListItem","position":1,"name":"Inici","item":"https:\/\/www.esplac.cat\/es\/"},{"@type":"ListItem","position":2,"name":"Els esplais de Barcelona arrenquen el curs amb el CIM!"}]},{"@type":"WebSite","@id":"https:\/\/www.esplac.cat\/#website","url":"https:\/\/www.esplac.cat\/","name":"Esplac","description":"Esplais Catalans","publisher":{"@id":"https:\/\/www.esplac.cat\/#organization"},"potentialAction":[{"@type":"SearchAction","target":{"@type":"EntryPoint","urlTemplate":"https:\/\/www.esplac.cat\/?s={search_term_string}"},"query-input":{"@type":"PropertyValueSpecification","valueRequired":true,"valueName":"search_term_string"}}],"inLanguage":"es"},{"@type":"Organization","@id":"https:\/\/www.esplac.cat\/#organization","name":"Esplac","url":"https:\/\/www.esplac.cat\/","logo":{"@type":"ImageObject","inLanguage":"es","@id":"https:\/\/www.esplac.cat\/#\/schema\/logo\/image\/","url":"https:\/\/www.esplac.cat\/wp-content\/uploads\/2019\/08\/logox2.png","contentUrl":"https:\/\/www.esplac.cat\/wp-content\/uploads\/2019\/08\/logox2.png","width":600,"height":295,"caption":"Esplac"},"image":{"@id":"https:\/\/www.esplac.cat\/#\/schema\/logo\/image\/"}},{"@type":"Person","@id":"https:\/\/www.esplac.cat\/#\/schema\/person\/908383cf240be18b68f8855d0583faca","name":"Comunicaci\u00f3 Esplac","image":{"@type":"ImageObject","inLanguage":"es","@id":"https:\/\/secure.gravatar.com\/avatar\/7a4cf8feb412a76ea4a740ca02d95b06b2907b5a6c648c2dd0a1082a093c3141?s=96&d=mm&r=g","url":"https:\/\/secure.gravatar.com\/avatar\/7a4cf8feb412a76ea4a740ca02d95b06b2907b5a6c648c2dd0a1082a093c3141?s=96&d=mm&r=g","contentUrl":"https:\/\/secure.gravatar.com\/avatar\/7a4cf8feb412a76ea4a740ca02d95b06b2907b5a6c648c2dd0a1082a093c3141?s=96&d=mm&r=g","caption":"Comunicaci\u00f3 Esplac"}}]}},"_links":{"self":[{"href":"https:\/\/www.esplac.cat\/es\/wp-json\/wp\/v2\/posts\/51135","targetHints":{"allow":["GET"]}}],"collection":[{"href":"https:\/\/www.esplac.cat\/es\/wp-json\/wp\/v2\/posts"}],"about":[{"href":"https:\/\/www.esplac.cat\/es\/wp-json\/wp\/v2\/types\/post"}],"author":[{"embeddable":true,"href":"https:\/\/www.esplac.cat\/es\/wp-json\/wp\/v2\/users\/3"}],"replies":[{"embeddable":true,"href":"https:\/\/www.esplac.cat\/es\/wp-json\/wp\/v2\/comments?post=51135"}],"version-history":[{"count":5,"href":"https:\/\/www.esplac.cat\/es\/wp-json\/wp\/v2\/posts\/51135\/revisions"}],"predecessor-version":[{"id":53334,"href":"https:\/\/www.esplac.cat\/es\/wp-json\/wp\/v2\/posts\/51135\/revisions\/53334"}],"wp:featuredmedia":[{"embeddable":true,"href":"https:\/\/www.esplac.cat\/es\/wp-json\/wp\/v2\/media\/51143"}],"wp:attachment":[{"href":"https:\/\/www.esplac.cat\/es\/wp-json\/wp\/v2\/media?parent=51135"}],"wp:term":[{"taxonomy":"category","embeddable":true,"href":"https:\/\/www.esplac.cat\/es\/wp-json\/wp\/v2\/categories?post=51135"},{"taxonomy":"post_tag","embeddable":true,"href":"https:\/\/www.esplac.cat\/es\/wp-json\/wp\/v2\/tags?post=51135"}],"curies":[{"name":"wp","href":"https:\/\/api.w.org\/{rel}","templated":true}]}}