{"id":5133,"date":"2019-01-24T10:53:22","date_gmt":"2019-01-24T08:53:22","guid":{"rendered":"https:\/\/www.somesplai.cat\/?p=5133"},"modified":"2020-10-15T17:23:38","modified_gmt":"2020-10-15T16:23:38","slug":"el-caracter-alemany","status":"publish","type":"post","link":"https:\/\/www.esplac.cat\/es\/el-caracter-alemany\/","title":{"rendered":"El car\u00e0cter alemany"},"content":{"rendered":"<h5 style=\"text-align: justify;\">24-gener-2019<\/h5>\n<p>Autora:&nbsp;<strong>Gemma Solans<\/strong>, monitora de l&#8217;esplai&nbsp;Kasperle i SVE a Berl\u00edn.<\/p>\n<hr>\n<p style=\"text-align: justify;\"><em>Dimarts, 22 de gener de 2019.<\/em><\/p>\n<p style=\"text-align: justify;\">Acabo de llegir un article d&#8217;Icon, la revista (es veu que masculina) mensual de El Pa\u00eds, sobre quines difer\u00e8ncies veuen els estrangers residents a Espanya en el car\u00e0cter dels espanyols. Per\u00f2 existeix un car\u00e0cter eminentment \u00abespanyol\u00bb? Persones d&#8217;arreu ho comenten, m\u00e9s enll\u00e0 dels t\u00f2pics de la veneraci\u00f3 de la <em>siesta<\/em>, la fama de cridaners i altres estereotips. I a grans trets puc estar d&#8217;acord. Per exemple, la import\u00e0ncia que t\u00e9 per nosaltres la cerca de la felicitat, la cura i el suport a la fam\u00edlia i les amistats o la vergonya de parlar un idioma estranger incorrectament com l&#8217;angl\u00e8s&#8230; per\u00f2 el comentari m\u00e9s top en la meva opini\u00f3 \u00e9s que el nostre esport nacional \u00e9s parlar dels altres a l&#8217;esquena. El <em>cotilleo<\/em> de tota la vida. O tamb\u00e9 l&#8217;habilitat de fer humor sobre qualsevol tema, fins a l\u00edmits insospitats, inclosos nosaltres mateixos. Hi esteu d&#8217;acord?<\/p>\n<p style=\"text-align: justify;\">Vull dedicar aquest post a comentar el que he pogut veure sobre el car\u00e0cter dels alemanys des que s\u00f3c a Berl\u00edn. Est\u00e0 clar que qualsevol cosa a dir resultar\u00e0 una generalitzaci\u00f3 i cada persona \u00e9s un m\u00f3n, s\u00ed. Tanmateix, crec haver observat subtils caracter\u00edstiques comunes, que donen forma a l&#8217;estil de vida d&#8217;una ciutat cosmopolita i amb tanta diversitat cultural com \u00e9s Berl\u00edn.<\/p>\n<p style=\"text-align: justify;\">En primer lloc, els ciutadans alemanys tenen una gran consideraci\u00f3 per la privacitat de cada individu i aix\u00f2 es nota sobretot en <strong>les interaccions en l&#8217;espai p\u00fablic.<\/strong> Tenen en mala consideraci\u00f3, per posar un cas, dirigir-te a una altra persona que no coneixes en mig del carrer. Haig de dir que m&#8217;he adaptat a aquest car\u00e0cter i quan vaig tornar a Barcelona per les festes de nadal, se&#8217;m va fer estrany, i incl\u00fas vaig pensar-ho com una falta d&#8217;educaci\u00f3, el fet que el cambrer d&#8217;un bar (persona desconeguda per mi) se&#8217;m dirig\u00eds amb naturalitat. A m\u00e9s, acabo d&#8217;adonar-me&nbsp;que, des que s\u00f3c aqu\u00ed, no m&#8217;he creuat amb cap (t\u00edpic) treballador\/a que es posa a parar gent en mig del carrer, sigui per informar o per vendre&#8217;t alguna cosa.<\/p>\n<p style=\"text-align: justify;\">En segon lloc, i aix\u00f2 ha vingut com una non grata sorpresa,<strong> tenen una relaci\u00f3 molt pragm\u00e0tica amb el menjar i el beure<\/strong>. Veuen aquesta necessitat com un mitj\u00e0 sense el qual no poden sobreviure. Tal qual. El menjar no t\u00e9 la funci\u00f3 de cohesi\u00f3 i socialitzaci\u00f3 que t\u00e9 pels catalans, i en general pels espanyols. Menjar no \u00e9s un plaer per ells, \u00e9s un mitj\u00e0 de vida. I est\u00e0 clar que necessitem alimentar-nos per viure, per\u00f2 per mi va m\u00e9s enll\u00e0. Ho podem veure amb la quantitat de temps que inverteixen a cuinar o menjar \u00aben fam\u00edlia\u00bb. Berl\u00edn \u00e9s una ciutat coneguda pel menjar ambulant i moltes paradetes es dediquen a servir menjar \u00abd&#8217;altres cultures\u00bb, com el turc (bon\u00edssim s&#8217;ha de dir). En una altra q\u00fcesti\u00f3 es fa notable: el caf\u00e8. Com a consumidora habitual he de dir que encara no he trobat cap lloc on es dediquin, m\u00e9s enll\u00e0 de servir-lo, a fer-lo de qualitat. Aix\u00ed, majorit\u00e0riament el serveixen aigualit i massa fluix, almenys pel meu gust.<\/p>\n<p style=\"text-align: justify;\">En tercer lloc i per acabar, <strong>tendeixen molt a mostrar-se amb educaci\u00f3.<\/strong> El fet de deixar passar, demanar si us plau i donar les gr\u00e0cies, per exemple. Tot i que tamb\u00e9 tenen dies m\u00e9s bons que d&#8217;altres, en general, sempre tenen el \u00absi us plau\u00bb i les \u00abgr\u00e0cies\u00bb a la boca, sobretot a l&#8217;hora de demanar. Em vaig adonar al poc d&#8217;arribar i la veritat \u00e9s que es tracta d&#8217;un bon costum, que crec que no tenia abans.<\/p>\n<p style=\"text-align: justify;\">Tot i que podria escriure sobre altres difer\u00e8ncies i tamb\u00e9 similituds, fins aqu\u00ed el que he pogut reflexionar fins al moment present. Si heu tingut l&#8217;oportunitat de relacionar-vos amb el car\u00e0cter alemany, estar\u00edeu d&#8217;acord amb mi? &nbsp;<\/p>\n<p style=\"text-align: justify;\">&nbsp;<\/p>\n<p><a href=\"https:\/\/www.somesplai.cat\/wp-content\/uploads\/2019\/01\/dinner_with_dieter.jpg\"><img decoding=\"async\" class=\"aligncenter wp-image-5140\" src=\"https:\/\/www.somesplai.cat\/wp-content\/uploads\/2019\/01\/dinner_with_dieter.jpg\" alt=\"dinner_with_dieter\" width=\"575\" height=\"324\"><\/a><\/p>\n<p>&nbsp;<\/p>\n<p><a href=\"https:\/\/www.somesplai.cat\/wp-content\/uploads\/2019\/01\/1200px-Berlin_Skyline_Fernsehturm_02.jpg\"><img decoding=\"async\" class=\"wp-image-5139 aligncenter\" src=\"https:\/\/www.somesplai.cat\/wp-content\/uploads\/2019\/01\/1200px-Berlin_Skyline_Fernsehturm_02.jpg\" alt=\"1200px-Berlin_Skyline_Fernsehturm_02\" width=\"583\" height=\"328\"><\/a><\/p>\n","protected":false},"excerpt":{"rendered":"<p>24-gener-2019 Autora:&nbsp;Gemma Solans, monitora de l&#8217;esplai&nbsp;Kasperle i SVE a Berl\u00edn. [&hellip;]<\/p>\n","protected":false},"author":3,"featured_media":5134,"comment_status":"closed","ping_status":"closed","sticky":false,"template":"","format":"standard","meta":{"om_disable_all_campaigns":false,"_monsterinsights_skip_tracking":false,"_monsterinsights_sitenote_active":false,"_monsterinsights_sitenote_note":"","_monsterinsights_sitenote_category":0,"_uf_show_specific_survey":0,"_uf_disable_surveys":false,"footnotes":""},"categories":[1168],"tags":[271,513,1002,1003,874,187,134,158],"class_list":["post-5133","post","type-post","status-publish","format-standard","has-post-thumbnail","hentry","category-creuant_mirades","tag-alemanya","tag-berlin","tag-educacio-popular","tag-esplai","tag-monitora","tag-sve","tag-transformacio-social","tag-voluntariat"],"yoast_head":"<!-- This site is optimized with the Yoast SEO plugin v27.5 - https:\/\/yoast.com\/product\/yoast-seo-wordpress\/ -->\n<title>El car\u00e0cter alemany - Esplac<\/title>\n<meta name=\"robots\" content=\"index, follow, max-snippet:-1, max-image-preview:large, max-video-preview:-1\" \/>\n<link rel=\"canonical\" href=\"https:\/\/www.esplac.cat\/es\/el-caracter-alemany\/\" \/>\n<meta property=\"og:locale\" content=\"es_ES\" \/>\n<meta property=\"og:type\" content=\"article\" \/>\n<meta property=\"og:title\" content=\"El car\u00e0cter alemany - Esplac\" \/>\n<meta property=\"og:description\" content=\"24-gener-2019 Autora:&nbsp;Gemma Solans, monitora de l&#8217;esplai&nbsp;Kasperle i SVE a Berl\u00edn. [&hellip;]\" \/>\n<meta property=\"og:url\" content=\"https:\/\/www.esplac.cat\/es\/el-caracter-alemany\/\" \/>\n<meta property=\"og:site_name\" content=\"Esplac\" \/>\n<meta property=\"article:published_time\" content=\"2019-01-24T08:53:22+00:00\" \/>\n<meta property=\"article:modified_time\" content=\"2020-10-15T16:23:38+00:00\" \/>\n<meta property=\"og:image\" content=\"https:\/\/www.esplac.cat\/wp-content\/uploads\/2019\/11\/logo-open.jpg\" \/>\n\t<meta property=\"og:image:width\" content=\"1200\" \/>\n\t<meta property=\"og:image:height\" content=\"630\" \/>\n\t<meta property=\"og:image:type\" content=\"image\/jpeg\" \/>\n<meta name=\"author\" content=\"Comunicaci\u00f3 Esplac\" \/>\n<meta name=\"twitter:card\" content=\"summary_large_image\" \/>\n<meta name=\"twitter:label1\" content=\"Escrito por\" \/>\n\t<meta name=\"twitter:data1\" content=\"Comunicaci\u00f3 Esplac\" \/>\n\t<meta name=\"twitter:label2\" content=\"Tiempo de lectura\" \/>\n\t<meta name=\"twitter:data2\" content=\"3 minutos\" \/>\n<script type=\"application\/ld+json\" class=\"yoast-schema-graph\">{\"@context\":\"https:\\\/\\\/schema.org\",\"@graph\":[{\"@type\":\"Article\",\"@id\":\"https:\\\/\\\/www.esplac.cat\\\/es\\\/el-caracter-alemany\\\/#article\",\"isPartOf\":{\"@id\":\"https:\\\/\\\/www.esplac.cat\\\/es\\\/el-caracter-alemany\\\/\"},\"author\":{\"name\":\"Comunicaci\u00f3 Esplac\",\"@id\":\"https:\\\/\\\/www.esplac.cat\\\/#\\\/schema\\\/person\\\/908383cf240be18b68f8855d0583faca\"},\"headline\":\"El car\u00e0cter alemany\",\"datePublished\":\"2019-01-24T08:53:22+00:00\",\"dateModified\":\"2020-10-15T16:23:38+00:00\",\"mainEntityOfPage\":{\"@id\":\"https:\\\/\\\/www.esplac.cat\\\/es\\\/el-caracter-alemany\\\/\"},\"wordCount\":712,\"publisher\":{\"@id\":\"https:\\\/\\\/www.esplac.cat\\\/#organization\"},\"image\":{\"@id\":\"https:\\\/\\\/www.esplac.cat\\\/es\\\/el-caracter-alemany\\\/#primaryimage\"},\"thumbnailUrl\":\"\",\"keywords\":[\"alemanya\",\"Berlin\",\"educaci\u00f3 popular\",\"esplai\",\"monitora\",\"sve\",\"transformaci\u00f3 social\",\"voluntariat\"],\"articleSection\":[\"Creuant mirades\"],\"inLanguage\":\"es\"},{\"@type\":\"WebPage\",\"@id\":\"https:\\\/\\\/www.esplac.cat\\\/es\\\/el-caracter-alemany\\\/\",\"url\":\"https:\\\/\\\/www.esplac.cat\\\/es\\\/el-caracter-alemany\\\/\",\"name\":\"El car\u00e0cter alemany - Esplac\",\"isPartOf\":{\"@id\":\"https:\\\/\\\/www.esplac.cat\\\/#website\"},\"primaryImageOfPage\":{\"@id\":\"https:\\\/\\\/www.esplac.cat\\\/es\\\/el-caracter-alemany\\\/#primaryimage\"},\"image\":{\"@id\":\"https:\\\/\\\/www.esplac.cat\\\/es\\\/el-caracter-alemany\\\/#primaryimage\"},\"thumbnailUrl\":\"\",\"datePublished\":\"2019-01-24T08:53:22+00:00\",\"dateModified\":\"2020-10-15T16:23:38+00:00\",\"breadcrumb\":{\"@id\":\"https:\\\/\\\/www.esplac.cat\\\/es\\\/el-caracter-alemany\\\/#breadcrumb\"},\"inLanguage\":\"es\",\"potentialAction\":[{\"@type\":\"ReadAction\",\"target\":[\"https:\\\/\\\/www.esplac.cat\\\/es\\\/el-caracter-alemany\\\/\"]}]},{\"@type\":\"ImageObject\",\"inLanguage\":\"es\",\"@id\":\"https:\\\/\\\/www.esplac.cat\\\/es\\\/el-caracter-alemany\\\/#primaryimage\",\"url\":\"\",\"contentUrl\":\"\"},{\"@type\":\"BreadcrumbList\",\"@id\":\"https:\\\/\\\/www.esplac.cat\\\/es\\\/el-caracter-alemany\\\/#breadcrumb\",\"itemListElement\":[{\"@type\":\"ListItem\",\"position\":1,\"name\":\"Inici\",\"item\":\"https:\\\/\\\/www.esplac.cat\\\/es\\\/\"},{\"@type\":\"ListItem\",\"position\":2,\"name\":\"El car\u00e0cter alemany\"}]},{\"@type\":\"WebSite\",\"@id\":\"https:\\\/\\\/www.esplac.cat\\\/#website\",\"url\":\"https:\\\/\\\/www.esplac.cat\\\/\",\"name\":\"Esplac\",\"description\":\"Esplais Catalans\",\"publisher\":{\"@id\":\"https:\\\/\\\/www.esplac.cat\\\/#organization\"},\"potentialAction\":[{\"@type\":\"SearchAction\",\"target\":{\"@type\":\"EntryPoint\",\"urlTemplate\":\"https:\\\/\\\/www.esplac.cat\\\/?s={search_term_string}\"},\"query-input\":{\"@type\":\"PropertyValueSpecification\",\"valueRequired\":true,\"valueName\":\"search_term_string\"}}],\"inLanguage\":\"es\"},{\"@type\":\"Organization\",\"@id\":\"https:\\\/\\\/www.esplac.cat\\\/#organization\",\"name\":\"Esplac\",\"url\":\"https:\\\/\\\/www.esplac.cat\\\/\",\"logo\":{\"@type\":\"ImageObject\",\"inLanguage\":\"es\",\"@id\":\"https:\\\/\\\/www.esplac.cat\\\/#\\\/schema\\\/logo\\\/image\\\/\",\"url\":\"https:\\\/\\\/www.esplac.cat\\\/wp-content\\\/uploads\\\/2019\\\/08\\\/logox2.png\",\"contentUrl\":\"https:\\\/\\\/www.esplac.cat\\\/wp-content\\\/uploads\\\/2019\\\/08\\\/logox2.png\",\"width\":600,\"height\":295,\"caption\":\"Esplac\"},\"image\":{\"@id\":\"https:\\\/\\\/www.esplac.cat\\\/#\\\/schema\\\/logo\\\/image\\\/\"}},{\"@type\":\"Person\",\"@id\":\"https:\\\/\\\/www.esplac.cat\\\/#\\\/schema\\\/person\\\/908383cf240be18b68f8855d0583faca\",\"name\":\"Comunicaci\u00f3 Esplac\",\"image\":{\"@type\":\"ImageObject\",\"inLanguage\":\"es\",\"@id\":\"https:\\\/\\\/secure.gravatar.com\\\/avatar\\\/7a4cf8feb412a76ea4a740ca02d95b06b2907b5a6c648c2dd0a1082a093c3141?s=96&d=mm&r=g\",\"url\":\"https:\\\/\\\/secure.gravatar.com\\\/avatar\\\/7a4cf8feb412a76ea4a740ca02d95b06b2907b5a6c648c2dd0a1082a093c3141?s=96&d=mm&r=g\",\"contentUrl\":\"https:\\\/\\\/secure.gravatar.com\\\/avatar\\\/7a4cf8feb412a76ea4a740ca02d95b06b2907b5a6c648c2dd0a1082a093c3141?s=96&d=mm&r=g\",\"caption\":\"Comunicaci\u00f3 Esplac\"}}]}<\/script>\n<!-- \/ Yoast SEO plugin. -->","yoast_head_json":{"title":"El car\u00e0cter alemany - Esplac","robots":{"index":"index","follow":"follow","max-snippet":"max-snippet:-1","max-image-preview":"max-image-preview:large","max-video-preview":"max-video-preview:-1"},"canonical":"https:\/\/www.esplac.cat\/es\/el-caracter-alemany\/","og_locale":"es_ES","og_type":"article","og_title":"El car\u00e0cter alemany - Esplac","og_description":"24-gener-2019 Autora:&nbsp;Gemma Solans, monitora de l&#8217;esplai&nbsp;Kasperle i SVE a Berl\u00edn. [&hellip;]","og_url":"https:\/\/www.esplac.cat\/es\/el-caracter-alemany\/","og_site_name":"Esplac","article_published_time":"2019-01-24T08:53:22+00:00","article_modified_time":"2020-10-15T16:23:38+00:00","og_image":[{"width":1200,"height":630,"url":"https:\/\/www.esplac.cat\/wp-content\/uploads\/2019\/11\/logo-open.jpg","type":"image\/jpeg"}],"author":"Comunicaci\u00f3 Esplac","twitter_card":"summary_large_image","twitter_misc":{"Escrito por":"Comunicaci\u00f3 Esplac","Tiempo de lectura":"3 minutos"},"schema":{"@context":"https:\/\/schema.org","@graph":[{"@type":"Article","@id":"https:\/\/www.esplac.cat\/es\/el-caracter-alemany\/#article","isPartOf":{"@id":"https:\/\/www.esplac.cat\/es\/el-caracter-alemany\/"},"author":{"name":"Comunicaci\u00f3 Esplac","@id":"https:\/\/www.esplac.cat\/#\/schema\/person\/908383cf240be18b68f8855d0583faca"},"headline":"El car\u00e0cter alemany","datePublished":"2019-01-24T08:53:22+00:00","dateModified":"2020-10-15T16:23:38+00:00","mainEntityOfPage":{"@id":"https:\/\/www.esplac.cat\/es\/el-caracter-alemany\/"},"wordCount":712,"publisher":{"@id":"https:\/\/www.esplac.cat\/#organization"},"image":{"@id":"https:\/\/www.esplac.cat\/es\/el-caracter-alemany\/#primaryimage"},"thumbnailUrl":"","keywords":["alemanya","Berlin","educaci\u00f3 popular","esplai","monitora","sve","transformaci\u00f3 social","voluntariat"],"articleSection":["Creuant mirades"],"inLanguage":"es"},{"@type":"WebPage","@id":"https:\/\/www.esplac.cat\/es\/el-caracter-alemany\/","url":"https:\/\/www.esplac.cat\/es\/el-caracter-alemany\/","name":"El car\u00e0cter alemany - Esplac","isPartOf":{"@id":"https:\/\/www.esplac.cat\/#website"},"primaryImageOfPage":{"@id":"https:\/\/www.esplac.cat\/es\/el-caracter-alemany\/#primaryimage"},"image":{"@id":"https:\/\/www.esplac.cat\/es\/el-caracter-alemany\/#primaryimage"},"thumbnailUrl":"","datePublished":"2019-01-24T08:53:22+00:00","dateModified":"2020-10-15T16:23:38+00:00","breadcrumb":{"@id":"https:\/\/www.esplac.cat\/es\/el-caracter-alemany\/#breadcrumb"},"inLanguage":"es","potentialAction":[{"@type":"ReadAction","target":["https:\/\/www.esplac.cat\/es\/el-caracter-alemany\/"]}]},{"@type":"ImageObject","inLanguage":"es","@id":"https:\/\/www.esplac.cat\/es\/el-caracter-alemany\/#primaryimage","url":"","contentUrl":""},{"@type":"BreadcrumbList","@id":"https:\/\/www.esplac.cat\/es\/el-caracter-alemany\/#breadcrumb","itemListElement":[{"@type":"ListItem","position":1,"name":"Inici","item":"https:\/\/www.esplac.cat\/es\/"},{"@type":"ListItem","position":2,"name":"El car\u00e0cter alemany"}]},{"@type":"WebSite","@id":"https:\/\/www.esplac.cat\/#website","url":"https:\/\/www.esplac.cat\/","name":"Esplac","description":"Esplais Catalans","publisher":{"@id":"https:\/\/www.esplac.cat\/#organization"},"potentialAction":[{"@type":"SearchAction","target":{"@type":"EntryPoint","urlTemplate":"https:\/\/www.esplac.cat\/?s={search_term_string}"},"query-input":{"@type":"PropertyValueSpecification","valueRequired":true,"valueName":"search_term_string"}}],"inLanguage":"es"},{"@type":"Organization","@id":"https:\/\/www.esplac.cat\/#organization","name":"Esplac","url":"https:\/\/www.esplac.cat\/","logo":{"@type":"ImageObject","inLanguage":"es","@id":"https:\/\/www.esplac.cat\/#\/schema\/logo\/image\/","url":"https:\/\/www.esplac.cat\/wp-content\/uploads\/2019\/08\/logox2.png","contentUrl":"https:\/\/www.esplac.cat\/wp-content\/uploads\/2019\/08\/logox2.png","width":600,"height":295,"caption":"Esplac"},"image":{"@id":"https:\/\/www.esplac.cat\/#\/schema\/logo\/image\/"}},{"@type":"Person","@id":"https:\/\/www.esplac.cat\/#\/schema\/person\/908383cf240be18b68f8855d0583faca","name":"Comunicaci\u00f3 Esplac","image":{"@type":"ImageObject","inLanguage":"es","@id":"https:\/\/secure.gravatar.com\/avatar\/7a4cf8feb412a76ea4a740ca02d95b06b2907b5a6c648c2dd0a1082a093c3141?s=96&d=mm&r=g","url":"https:\/\/secure.gravatar.com\/avatar\/7a4cf8feb412a76ea4a740ca02d95b06b2907b5a6c648c2dd0a1082a093c3141?s=96&d=mm&r=g","contentUrl":"https:\/\/secure.gravatar.com\/avatar\/7a4cf8feb412a76ea4a740ca02d95b06b2907b5a6c648c2dd0a1082a093c3141?s=96&d=mm&r=g","caption":"Comunicaci\u00f3 Esplac"}}]}},"_links":{"self":[{"href":"https:\/\/www.esplac.cat\/es\/wp-json\/wp\/v2\/posts\/5133","targetHints":{"allow":["GET"]}}],"collection":[{"href":"https:\/\/www.esplac.cat\/es\/wp-json\/wp\/v2\/posts"}],"about":[{"href":"https:\/\/www.esplac.cat\/es\/wp-json\/wp\/v2\/types\/post"}],"author":[{"embeddable":true,"href":"https:\/\/www.esplac.cat\/es\/wp-json\/wp\/v2\/users\/3"}],"replies":[{"embeddable":true,"href":"https:\/\/www.esplac.cat\/es\/wp-json\/wp\/v2\/comments?post=5133"}],"version-history":[{"count":0,"href":"https:\/\/www.esplac.cat\/es\/wp-json\/wp\/v2\/posts\/5133\/revisions"}],"wp:featuredmedia":[{"embeddable":true,"href":"https:\/\/www.esplac.cat\/es\/wp-json\/"}],"wp:attachment":[{"href":"https:\/\/www.esplac.cat\/es\/wp-json\/wp\/v2\/media?parent=5133"}],"wp:term":[{"taxonomy":"category","embeddable":true,"href":"https:\/\/www.esplac.cat\/es\/wp-json\/wp\/v2\/categories?post=5133"},{"taxonomy":"post_tag","embeddable":true,"href":"https:\/\/www.esplac.cat\/es\/wp-json\/wp\/v2\/tags?post=5133"}],"curies":[{"name":"wp","href":"https:\/\/api.w.org\/{rel}","templated":true}]}}