{"id":51371,"date":"2024-10-22T10:52:28","date_gmt":"2024-10-22T08:52:28","guid":{"rendered":"https:\/\/www.esplac.cat\/?p=51371"},"modified":"2024-10-22T10:52:28","modified_gmt":"2024-10-22T08:52:28","slug":"sector-rom-planifica-curs-ago","status":"publish","type":"post","link":"https:\/\/www.esplac.cat\/es\/sector-rom-planifica-curs-ago\/","title":{"rendered":"El Sector ROM planifica el curs amb l\u2019AGO a l\u2019esplai el Casalot"},"content":{"rendered":"<div class=\"fusion-fullwidth fullwidth-box fusion-builder-row-1 fusion-flex-container has-pattern-background has-mask-background nonhundred-percent-fullwidth non-hundred-percent-height-scrolling\" style=\"--awb-border-radius-top-left:0px;--awb-border-radius-top-right:0px;--awb-border-radius-bottom-right:0px;--awb-border-radius-bottom-left:0px;--awb-flex-wrap:wrap;\" ><div class=\"fusion-builder-row fusion-row fusion-flex-align-items-flex-start fusion-flex-content-wrap\" style=\"max-width:1248px;margin-left: calc(-4% \/ 2 );margin-right: calc(-4% \/ 2 );\"><div class=\"fusion-layout-column fusion_builder_column fusion-builder-column-0 fusion_builder_column_1_1 1_1 fusion-flex-column\" style=\"--awb-bg-size:cover;--awb-width-large:100%;--awb-margin-top-large:0px;--awb-spacing-right-large:1.92%;--awb-margin-bottom-large:20px;--awb-spacing-left-large:1.92%;--awb-width-medium:100%;--awb-order-medium:0;--awb-spacing-right-medium:1.92%;--awb-spacing-left-medium:1.92%;--awb-width-small:100%;--awb-order-small:0;--awb-spacing-right-small:1.92%;--awb-spacing-left-small:1.92%;\"><div class=\"fusion-column-wrapper fusion-column-has-shadow fusion-flex-justify-content-flex-start fusion-content-layout-column\"><div class=\"fusion-text fusion-text-1\"><h6><strong>Un mat\u00ed de feina i cohesi\u00f3 al Sector Ripoll\u00e8s, Osona i Moian\u00e8s, amb noves incorporacions i amb les piles carregades!<\/strong><\/h6>\n<p>El <span style=\"color: #f69d0b;\"><a style=\"color: #f69d0b;\" href=\"https:\/\/www.esplac.cat\/sectors-geografics\/ripolles-osona-i-moianes\/\" target=\"_blank\" rel=\"noopener\"><strong>Sector Ripoll\u00e8s, Osona i Moian\u00e8s<\/strong> <\/a><\/span>(ROM) ha celebrat un any m\u00e9s l\u2019<strong>Assemblea General Ordin\u00e0ria<\/strong> (AGO) del sector. Enguany monis i dirigents han aprofitat el dia per fer tamb\u00e9 la <strong>Reuni\u00f3 de Sector<\/strong> i un <strong>dinar de cohesi\u00f3<\/strong>. Tot aix\u00f2 ha passat el dissabte dia 19 d&#8217;octubre a <strong>Roda de Ter<\/strong>, al local de l\u2019esplai <span style=\"color: #f69d0b;\"><a style=\"color: #f69d0b;\" href=\"https:\/\/www.instagram.com\/esplaielcasalot\/\" target=\"_blank\" rel=\"noopener\"><strong>El Casalot<\/strong><\/a><\/span>.<\/p>\n<p>El mat\u00ed s&#8217;ha dividit en dues franges. La primera ha comen\u00e7at a les nou del mat\u00ed i ha servit per treballar la documentaci\u00f3 de l&#8217;AGO, que inclou la Mem\u00f2ria del curs passat, aix\u00ed com el Pla de Treball on es recullen els objectius, les accions i les activitats d\u2019aquest. Tot seguit, s&#8217;han votat i aprovat aquests documents.<\/p>\n<p>A continuaci\u00f3, despr\u00e9s d&#8217;esmorar coca de Folgueroles, s&#8217;ha seguit el mat\u00ed amb la <strong>Reuni\u00f3 de Sector d\u2019octubre. <\/strong>Aquesta comptava amb un munt de punts informatius importants pels esplais, a banda de la preparaci\u00f3 de la trobada per celebrar el <strong>Dia Universal dels Drets dels Infants<\/strong>, on la majoria d\u2019esplais del sector es troben per con\u00e8ixer-se i celebrar els seus drets.<\/p>\n<p>Per acabar el mat\u00ed, les m\u00e9s de vint persones assistents provinent de les <strong>100 Teies<\/strong>, el <strong>G\u00fcitxi-G\u00fcitxi,<\/strong>\u00a0<strong>el<\/strong> <strong>Creixent<\/strong> i <strong>el Casalot<\/strong> han dinat conjuntament i han posat la cirereta a un profit\u00f3s dia que aporta una alenada d\u2019aire fresc al sector!<\/p>\n<\/div><\/div><\/div><\/div><\/div>\n","protected":false},"excerpt":{"rendered":"","protected":false},"author":3,"featured_media":51373,"comment_status":"closed","ping_status":"closed","sticky":false,"template":"","format":"standard","meta":{"om_disable_all_campaigns":false,"_monsterinsights_skip_tracking":false,"_monsterinsights_sitenote_active":false,"_monsterinsights_sitenote_note":"","_monsterinsights_sitenote_category":0,"_uf_show_specific_survey":0,"_uf_disable_surveys":false,"footnotes":""},"categories":[1120],"tags":[],"class_list":["post-51371","post","type-post","status-publish","format-standard","has-post-thumbnail","hentry","category-sector-ripolles-osona-i-moianes"],"yoast_head":"<!-- This site is optimized with the Yoast SEO plugin v27.4 - https:\/\/yoast.com\/product\/yoast-seo-wordpress\/ -->\n<title>El Sector ROM planifica el curs amb l\u2019AGO a l\u2019esplai el Casalot<\/title>\n<meta name=\"description\" content=\"Un mat\u00ed de feina i cohesi\u00f3 al Sector Ripoll\u00e8s, Osona i Moian\u00e8s, amb noves incorporacions i amb les piles carregades!\" \/>\n<meta name=\"robots\" content=\"index, follow, max-snippet:-1, max-image-preview:large, max-video-preview:-1\" \/>\n<link rel=\"canonical\" href=\"https:\/\/www.esplac.cat\/sector-rom-planifica-curs-ago\/\" \/>\n<meta property=\"og:locale\" content=\"es_ES\" \/>\n<meta property=\"og:type\" content=\"article\" \/>\n<meta property=\"og:title\" content=\"El Sector ROM planifica el curs amb l\u2019AGO a l\u2019esplai el Casalot\" \/>\n<meta property=\"og:description\" content=\"Un mat\u00ed de feina i cohesi\u00f3 al Sector Ripoll\u00e8s, Osona i Moian\u00e8s, amb noves incorporacions i amb les piles carregades!\" \/>\n<meta property=\"og:url\" content=\"https:\/\/www.esplac.cat\/sector-rom-planifica-curs-ago\/\" \/>\n<meta property=\"og:site_name\" content=\"Esplac\" \/>\n<meta property=\"article:published_time\" content=\"2024-10-22T08:52:28+00:00\" \/>\n<meta property=\"og:image\" content=\"https:\/\/www.esplac.cat\/wp-content\/uploads\/2024\/10\/AGO_ROM.jpg\" \/>\n\t<meta property=\"og:image:width\" content=\"1697\" \/>\n\t<meta property=\"og:image:height\" content=\"700\" \/>\n\t<meta property=\"og:image:type\" content=\"image\/jpeg\" \/>\n<meta name=\"author\" content=\"Comunicaci\u00f3 Esplac\" \/>\n<meta name=\"twitter:card\" content=\"summary_large_image\" \/>\n<meta name=\"twitter:label1\" content=\"Escrito por\" \/>\n\t<meta name=\"twitter:data1\" content=\"Comunicaci\u00f3 Esplac\" \/>\n\t<meta name=\"twitter:label2\" content=\"Tiempo de lectura\" \/>\n\t<meta name=\"twitter:data2\" content=\"2 minutos\" \/>\n<script type=\"application\/ld+json\" class=\"yoast-schema-graph\">{\"@context\":\"https:\\\/\\\/schema.org\",\"@graph\":[{\"@type\":\"Article\",\"@id\":\"https:\\\/\\\/www.esplac.cat\\\/sector-rom-planifica-curs-ago\\\/#article\",\"isPartOf\":{\"@id\":\"https:\\\/\\\/www.esplac.cat\\\/sector-rom-planifica-curs-ago\\\/\"},\"author\":{\"name\":\"Comunicaci\u00f3 Esplac\",\"@id\":\"https:\\\/\\\/www.esplac.cat\\\/#\\\/schema\\\/person\\\/908383cf240be18b68f8855d0583faca\"},\"headline\":\"El Sector ROM planifica el curs amb l\u2019AGO a l\u2019esplai el Casalot\",\"datePublished\":\"2024-10-22T08:52:28+00:00\",\"mainEntityOfPage\":{\"@id\":\"https:\\\/\\\/www.esplac.cat\\\/sector-rom-planifica-curs-ago\\\/\"},\"wordCount\":1231,\"publisher\":{\"@id\":\"https:\\\/\\\/www.esplac.cat\\\/#organization\"},\"image\":{\"@id\":\"https:\\\/\\\/www.esplac.cat\\\/sector-rom-planifica-curs-ago\\\/#primaryimage\"},\"thumbnailUrl\":\"https:\\\/\\\/www.esplac.cat\\\/wp-content\\\/uploads\\\/2024\\\/10\\\/AGO_ROM.jpg\",\"articleSection\":[\"Sector Ripoll\u00e8s, Osona i Moian\u00e8s\"],\"inLanguage\":\"es\"},{\"@type\":\"WebPage\",\"@id\":\"https:\\\/\\\/www.esplac.cat\\\/sector-rom-planifica-curs-ago\\\/\",\"url\":\"https:\\\/\\\/www.esplac.cat\\\/sector-rom-planifica-curs-ago\\\/\",\"name\":\"El Sector ROM planifica el curs amb l\u2019AGO a l\u2019esplai el Casalot\",\"isPartOf\":{\"@id\":\"https:\\\/\\\/www.esplac.cat\\\/#website\"},\"primaryImageOfPage\":{\"@id\":\"https:\\\/\\\/www.esplac.cat\\\/sector-rom-planifica-curs-ago\\\/#primaryimage\"},\"image\":{\"@id\":\"https:\\\/\\\/www.esplac.cat\\\/sector-rom-planifica-curs-ago\\\/#primaryimage\"},\"thumbnailUrl\":\"https:\\\/\\\/www.esplac.cat\\\/wp-content\\\/uploads\\\/2024\\\/10\\\/AGO_ROM.jpg\",\"datePublished\":\"2024-10-22T08:52:28+00:00\",\"description\":\"Un mat\u00ed de feina i cohesi\u00f3 al Sector Ripoll\u00e8s, Osona i Moian\u00e8s, amb noves incorporacions i amb les piles carregades!\",\"breadcrumb\":{\"@id\":\"https:\\\/\\\/www.esplac.cat\\\/sector-rom-planifica-curs-ago\\\/#breadcrumb\"},\"inLanguage\":\"es\",\"potentialAction\":[{\"@type\":\"ReadAction\",\"target\":[\"https:\\\/\\\/www.esplac.cat\\\/sector-rom-planifica-curs-ago\\\/\"]}]},{\"@type\":\"ImageObject\",\"inLanguage\":\"es\",\"@id\":\"https:\\\/\\\/www.esplac.cat\\\/sector-rom-planifica-curs-ago\\\/#primaryimage\",\"url\":\"https:\\\/\\\/www.esplac.cat\\\/wp-content\\\/uploads\\\/2024\\\/10\\\/AGO_ROM.jpg\",\"contentUrl\":\"https:\\\/\\\/www.esplac.cat\\\/wp-content\\\/uploads\\\/2024\\\/10\\\/AGO_ROM.jpg\",\"width\":1697,\"height\":700,\"caption\":\"sector\"},{\"@type\":\"BreadcrumbList\",\"@id\":\"https:\\\/\\\/www.esplac.cat\\\/sector-rom-planifica-curs-ago\\\/#breadcrumb\",\"itemListElement\":[{\"@type\":\"ListItem\",\"position\":1,\"name\":\"Inici\",\"item\":\"https:\\\/\\\/www.esplac.cat\\\/es\\\/\"},{\"@type\":\"ListItem\",\"position\":2,\"name\":\"El Sector ROM planifica el curs amb l\u2019AGO a l\u2019esplai el Casalot\"}]},{\"@type\":\"WebSite\",\"@id\":\"https:\\\/\\\/www.esplac.cat\\\/#website\",\"url\":\"https:\\\/\\\/www.esplac.cat\\\/\",\"name\":\"Esplac\",\"description\":\"Esplais Catalans\",\"publisher\":{\"@id\":\"https:\\\/\\\/www.esplac.cat\\\/#organization\"},\"potentialAction\":[{\"@type\":\"SearchAction\",\"target\":{\"@type\":\"EntryPoint\",\"urlTemplate\":\"https:\\\/\\\/www.esplac.cat\\\/?s={search_term_string}\"},\"query-input\":{\"@type\":\"PropertyValueSpecification\",\"valueRequired\":true,\"valueName\":\"search_term_string\"}}],\"inLanguage\":\"es\"},{\"@type\":\"Organization\",\"@id\":\"https:\\\/\\\/www.esplac.cat\\\/#organization\",\"name\":\"Esplac\",\"url\":\"https:\\\/\\\/www.esplac.cat\\\/\",\"logo\":{\"@type\":\"ImageObject\",\"inLanguage\":\"es\",\"@id\":\"https:\\\/\\\/www.esplac.cat\\\/#\\\/schema\\\/logo\\\/image\\\/\",\"url\":\"https:\\\/\\\/www.esplac.cat\\\/wp-content\\\/uploads\\\/2019\\\/08\\\/logox2.png\",\"contentUrl\":\"https:\\\/\\\/www.esplac.cat\\\/wp-content\\\/uploads\\\/2019\\\/08\\\/logox2.png\",\"width\":600,\"height\":295,\"caption\":\"Esplac\"},\"image\":{\"@id\":\"https:\\\/\\\/www.esplac.cat\\\/#\\\/schema\\\/logo\\\/image\\\/\"}},{\"@type\":\"Person\",\"@id\":\"https:\\\/\\\/www.esplac.cat\\\/#\\\/schema\\\/person\\\/908383cf240be18b68f8855d0583faca\",\"name\":\"Comunicaci\u00f3 Esplac\",\"image\":{\"@type\":\"ImageObject\",\"inLanguage\":\"es\",\"@id\":\"https:\\\/\\\/secure.gravatar.com\\\/avatar\\\/7a4cf8feb412a76ea4a740ca02d95b06b2907b5a6c648c2dd0a1082a093c3141?s=96&d=mm&r=g\",\"url\":\"https:\\\/\\\/secure.gravatar.com\\\/avatar\\\/7a4cf8feb412a76ea4a740ca02d95b06b2907b5a6c648c2dd0a1082a093c3141?s=96&d=mm&r=g\",\"contentUrl\":\"https:\\\/\\\/secure.gravatar.com\\\/avatar\\\/7a4cf8feb412a76ea4a740ca02d95b06b2907b5a6c648c2dd0a1082a093c3141?s=96&d=mm&r=g\",\"caption\":\"Comunicaci\u00f3 Esplac\"}}]}<\/script>\n<!-- \/ Yoast SEO plugin. -->","yoast_head_json":{"title":"El Sector ROM planifica el curs amb l\u2019AGO a l\u2019esplai el Casalot","description":"Un mat\u00ed de feina i cohesi\u00f3 al Sector Ripoll\u00e8s, Osona i Moian\u00e8s, amb noves incorporacions i amb les piles carregades!","robots":{"index":"index","follow":"follow","max-snippet":"max-snippet:-1","max-image-preview":"max-image-preview:large","max-video-preview":"max-video-preview:-1"},"canonical":"https:\/\/www.esplac.cat\/sector-rom-planifica-curs-ago\/","og_locale":"es_ES","og_type":"article","og_title":"El Sector ROM planifica el curs amb l\u2019AGO a l\u2019esplai el Casalot","og_description":"Un mat\u00ed de feina i cohesi\u00f3 al Sector Ripoll\u00e8s, Osona i Moian\u00e8s, amb noves incorporacions i amb les piles carregades!","og_url":"https:\/\/www.esplac.cat\/sector-rom-planifica-curs-ago\/","og_site_name":"Esplac","article_published_time":"2024-10-22T08:52:28+00:00","og_image":[{"width":1697,"height":700,"url":"https:\/\/www.esplac.cat\/wp-content\/uploads\/2024\/10\/AGO_ROM.jpg","type":"image\/jpeg"}],"author":"Comunicaci\u00f3 Esplac","twitter_card":"summary_large_image","twitter_misc":{"Escrito por":"Comunicaci\u00f3 Esplac","Tiempo de lectura":"2 minutos"},"schema":{"@context":"https:\/\/schema.org","@graph":[{"@type":"Article","@id":"https:\/\/www.esplac.cat\/sector-rom-planifica-curs-ago\/#article","isPartOf":{"@id":"https:\/\/www.esplac.cat\/sector-rom-planifica-curs-ago\/"},"author":{"name":"Comunicaci\u00f3 Esplac","@id":"https:\/\/www.esplac.cat\/#\/schema\/person\/908383cf240be18b68f8855d0583faca"},"headline":"El Sector ROM planifica el curs amb l\u2019AGO a l\u2019esplai el Casalot","datePublished":"2024-10-22T08:52:28+00:00","mainEntityOfPage":{"@id":"https:\/\/www.esplac.cat\/sector-rom-planifica-curs-ago\/"},"wordCount":1231,"publisher":{"@id":"https:\/\/www.esplac.cat\/#organization"},"image":{"@id":"https:\/\/www.esplac.cat\/sector-rom-planifica-curs-ago\/#primaryimage"},"thumbnailUrl":"https:\/\/www.esplac.cat\/wp-content\/uploads\/2024\/10\/AGO_ROM.jpg","articleSection":["Sector Ripoll\u00e8s, Osona i Moian\u00e8s"],"inLanguage":"es"},{"@type":"WebPage","@id":"https:\/\/www.esplac.cat\/sector-rom-planifica-curs-ago\/","url":"https:\/\/www.esplac.cat\/sector-rom-planifica-curs-ago\/","name":"El Sector ROM planifica el curs amb l\u2019AGO a l\u2019esplai el Casalot","isPartOf":{"@id":"https:\/\/www.esplac.cat\/#website"},"primaryImageOfPage":{"@id":"https:\/\/www.esplac.cat\/sector-rom-planifica-curs-ago\/#primaryimage"},"image":{"@id":"https:\/\/www.esplac.cat\/sector-rom-planifica-curs-ago\/#primaryimage"},"thumbnailUrl":"https:\/\/www.esplac.cat\/wp-content\/uploads\/2024\/10\/AGO_ROM.jpg","datePublished":"2024-10-22T08:52:28+00:00","description":"Un mat\u00ed de feina i cohesi\u00f3 al Sector Ripoll\u00e8s, Osona i Moian\u00e8s, amb noves incorporacions i amb les piles carregades!","breadcrumb":{"@id":"https:\/\/www.esplac.cat\/sector-rom-planifica-curs-ago\/#breadcrumb"},"inLanguage":"es","potentialAction":[{"@type":"ReadAction","target":["https:\/\/www.esplac.cat\/sector-rom-planifica-curs-ago\/"]}]},{"@type":"ImageObject","inLanguage":"es","@id":"https:\/\/www.esplac.cat\/sector-rom-planifica-curs-ago\/#primaryimage","url":"https:\/\/www.esplac.cat\/wp-content\/uploads\/2024\/10\/AGO_ROM.jpg","contentUrl":"https:\/\/www.esplac.cat\/wp-content\/uploads\/2024\/10\/AGO_ROM.jpg","width":1697,"height":700,"caption":"sector"},{"@type":"BreadcrumbList","@id":"https:\/\/www.esplac.cat\/sector-rom-planifica-curs-ago\/#breadcrumb","itemListElement":[{"@type":"ListItem","position":1,"name":"Inici","item":"https:\/\/www.esplac.cat\/es\/"},{"@type":"ListItem","position":2,"name":"El Sector ROM planifica el curs amb l\u2019AGO a l\u2019esplai el Casalot"}]},{"@type":"WebSite","@id":"https:\/\/www.esplac.cat\/#website","url":"https:\/\/www.esplac.cat\/","name":"Esplac","description":"Esplais Catalans","publisher":{"@id":"https:\/\/www.esplac.cat\/#organization"},"potentialAction":[{"@type":"SearchAction","target":{"@type":"EntryPoint","urlTemplate":"https:\/\/www.esplac.cat\/?s={search_term_string}"},"query-input":{"@type":"PropertyValueSpecification","valueRequired":true,"valueName":"search_term_string"}}],"inLanguage":"es"},{"@type":"Organization","@id":"https:\/\/www.esplac.cat\/#organization","name":"Esplac","url":"https:\/\/www.esplac.cat\/","logo":{"@type":"ImageObject","inLanguage":"es","@id":"https:\/\/www.esplac.cat\/#\/schema\/logo\/image\/","url":"https:\/\/www.esplac.cat\/wp-content\/uploads\/2019\/08\/logox2.png","contentUrl":"https:\/\/www.esplac.cat\/wp-content\/uploads\/2019\/08\/logox2.png","width":600,"height":295,"caption":"Esplac"},"image":{"@id":"https:\/\/www.esplac.cat\/#\/schema\/logo\/image\/"}},{"@type":"Person","@id":"https:\/\/www.esplac.cat\/#\/schema\/person\/908383cf240be18b68f8855d0583faca","name":"Comunicaci\u00f3 Esplac","image":{"@type":"ImageObject","inLanguage":"es","@id":"https:\/\/secure.gravatar.com\/avatar\/7a4cf8feb412a76ea4a740ca02d95b06b2907b5a6c648c2dd0a1082a093c3141?s=96&d=mm&r=g","url":"https:\/\/secure.gravatar.com\/avatar\/7a4cf8feb412a76ea4a740ca02d95b06b2907b5a6c648c2dd0a1082a093c3141?s=96&d=mm&r=g","contentUrl":"https:\/\/secure.gravatar.com\/avatar\/7a4cf8feb412a76ea4a740ca02d95b06b2907b5a6c648c2dd0a1082a093c3141?s=96&d=mm&r=g","caption":"Comunicaci\u00f3 Esplac"}}]}},"_links":{"self":[{"href":"https:\/\/www.esplac.cat\/es\/wp-json\/wp\/v2\/posts\/51371","targetHints":{"allow":["GET"]}}],"collection":[{"href":"https:\/\/www.esplac.cat\/es\/wp-json\/wp\/v2\/posts"}],"about":[{"href":"https:\/\/www.esplac.cat\/es\/wp-json\/wp\/v2\/types\/post"}],"author":[{"embeddable":true,"href":"https:\/\/www.esplac.cat\/es\/wp-json\/wp\/v2\/users\/3"}],"replies":[{"embeddable":true,"href":"https:\/\/www.esplac.cat\/es\/wp-json\/wp\/v2\/comments?post=51371"}],"version-history":[{"count":2,"href":"https:\/\/www.esplac.cat\/es\/wp-json\/wp\/v2\/posts\/51371\/revisions"}],"predecessor-version":[{"id":51376,"href":"https:\/\/www.esplac.cat\/es\/wp-json\/wp\/v2\/posts\/51371\/revisions\/51376"}],"wp:featuredmedia":[{"embeddable":true,"href":"https:\/\/www.esplac.cat\/es\/wp-json\/wp\/v2\/media\/51373"}],"wp:attachment":[{"href":"https:\/\/www.esplac.cat\/es\/wp-json\/wp\/v2\/media?parent=51371"}],"wp:term":[{"taxonomy":"category","embeddable":true,"href":"https:\/\/www.esplac.cat\/es\/wp-json\/wp\/v2\/categories?post=51371"},{"taxonomy":"post_tag","embeddable":true,"href":"https:\/\/www.esplac.cat\/es\/wp-json\/wp\/v2\/tags?post=51371"}],"curies":[{"name":"wp","href":"https:\/\/api.w.org\/{rel}","templated":true}]}}