{"id":5146,"date":"2019-01-29T11:16:19","date_gmt":"2019-01-29T09:16:19","guid":{"rendered":"https:\/\/www.somesplai.cat\/?p=5146"},"modified":"2020-10-15T17:23:38","modified_gmt":"2020-10-15T16:23:38","slug":"nou-any-nou-esperit","status":"publish","type":"post","link":"https:\/\/www.esplac.cat\/es\/nou-any-nou-esperit\/","title":{"rendered":"Nou any, nou esperit"},"content":{"rendered":"<h5 class=\"p1\" style=\"text-align: justify;\">29-gener-2019<\/h5>\n<p>Autora: <strong>Natalya Chetverova<\/strong>, SVE&nbsp;alemanya&nbsp;a Terrassa i monitora de l\u2019esplai La Fera.<\/p>\n<hr>\n<p style=\"text-align: justify;\">Vaig tornar a casa per vacances i recordo que els dies abans esperava amb forces que arrib\u00e9s el dia 15 de desembre. Realment estava molt contenta de veure els meus amics i la meva fam\u00edlia altre cop i em va fer recordar quant els havia trobat a faltar realment&#8230; Vaig passar el Nadal amb la meva fam\u00edlia i el cap d&#8217;any amb els meus amics i amigues del meu Esplai.<\/p>\n<p style=\"text-align: justify;\">Despr\u00e9s dels meus tres primers mesos aqu\u00ed,<strong> va ser un bon moment per tornar a casa i repensar el meu SVE<\/strong>, aix\u00ed com parlar amb la gent que em coneix des de fa molt de temps. Em va ajudar a agafar forces altra vegada, motivaci\u00f3 i idees per la meva estada a Barcelona. Quan vaig tornar a Barcelona, vaig sentir com si amb el nou any, una nova part del SVE havia comen\u00e7at. Tot i que al principi tenia por de tornar a deixar casa meva, estava contenta de tornar aqu\u00ed i de veure els meus amics de l&#8217;Esplai la Fera altra vegada. El temps em va donar la benvinguda amb un dia de primavera (tenint en compte els est\u00e0ndards alemanys) i em vaig acostumar r\u00e0pidament un altre cop aqu\u00ed.<\/p>\n<p style=\"text-align: justify;\">Des de l&#8217;any passat, diverses coses han canviat finalment i han millorat (el que em fa sentir que han tardat m\u00e9s del normal) com per exemple el curs de catal\u00e0 que ara, al cap de tres mesos, ha comen\u00e7at. Espero que tot superant la barrera del llenguatge, em sigui m\u00e9s f\u00e0cil con\u00e8ixer gent nova i fer nous amics i amigues.<\/p>\n<p style=\"text-align: justify;\">Una altra cosa fant\u00e0stica, la qual potser sorpr\u00e8n una mica, \u00e9s que finalment he pogut con\u00e8ixer la gent amb la qual treballo. Vull dir: els coneixia d&#8217;abans, per\u00f2 abans del sopar d&#8217;Esplac i de la festa, realment no tenia molt contacte amb la gent&#8230; Estic realment molt contenta que el grup de gent amb la qual puc parlar i relacionar-me augmenti, aix\u00ed com que les hores a Esplac siguin m\u00e9s personals&#8230;<\/p>\n<p style=\"text-align: justify;\">Per acabar, em sento realment contenta d&#8217;estar aqu\u00ed i espero passar m\u00e9s bons moments. <strong>Espero que el nou any em porti llargs aprenentatges a mi i a tothom<\/strong>, i que tots i totes sigueu molt feli\u00e7os aquest nou any!<\/p>\n","protected":false},"excerpt":{"rendered":"<p>29-gener-2019 Autora: Natalya Chetverova, SVE&nbsp;alemanya&nbsp;a Terrassa i monitora de l\u2019esplai [&hellip;]<\/p>\n","protected":false},"author":3,"featured_media":5149,"comment_status":"closed","ping_status":"closed","sticky":false,"template":"","format":"standard","meta":{"om_disable_all_campaigns":false,"_monsterinsights_skip_tracking":false,"_monsterinsights_sitenote_active":false,"_monsterinsights_sitenote_note":"","_monsterinsights_sitenote_category":0,"_uf_show_specific_survey":0,"_uf_disable_surveys":false,"footnotes":""},"categories":[1168],"tags":[271,1192,1002,874,187,1020,158],"class_list":["post-5146","post","type-post","status-publish","format-standard","has-post-thumbnail","hentry","category-creuant_mirades","tag-alemanya","tag-any-nou","tag-educacio-popular","tag-monitora","tag-sve","tag-terrassa","tag-voluntariat"],"yoast_head":"<!-- This site is optimized with the Yoast SEO plugin v27.5 - https:\/\/yoast.com\/product\/yoast-seo-wordpress\/ -->\n<title>Nou any, nou esperit - Esplac<\/title>\n<meta name=\"robots\" content=\"index, follow, max-snippet:-1, max-image-preview:large, max-video-preview:-1\" \/>\n<link rel=\"canonical\" href=\"https:\/\/www.esplac.cat\/nou-any-nou-esperit\/\" \/>\n<meta property=\"og:locale\" content=\"es_ES\" \/>\n<meta property=\"og:type\" content=\"article\" \/>\n<meta property=\"og:title\" content=\"Nou any, nou esperit - Esplac\" \/>\n<meta property=\"og:description\" content=\"29-gener-2019 Autora: Natalya Chetverova, SVE&nbsp;alemanya&nbsp;a Terrassa i monitora de l\u2019esplai [&hellip;]\" \/>\n<meta property=\"og:url\" content=\"https:\/\/www.esplac.cat\/nou-any-nou-esperit\/\" \/>\n<meta property=\"og:site_name\" content=\"Esplac\" \/>\n<meta property=\"article:published_time\" content=\"2019-01-29T09:16:19+00:00\" \/>\n<meta property=\"article:modified_time\" content=\"2020-10-15T16:23:38+00:00\" \/>\n<meta property=\"og:image\" content=\"https:\/\/www.esplac.cat\/wp-content\/uploads\/2019\/11\/logo-open.jpg\" \/>\n\t<meta property=\"og:image:width\" content=\"1200\" \/>\n\t<meta property=\"og:image:height\" content=\"630\" \/>\n\t<meta property=\"og:image:type\" content=\"image\/jpeg\" \/>\n<meta name=\"author\" content=\"Comunicaci\u00f3 Esplac\" \/>\n<meta name=\"twitter:card\" content=\"summary_large_image\" \/>\n<meta name=\"twitter:label1\" content=\"Escrito por\" \/>\n\t<meta name=\"twitter:data1\" content=\"Comunicaci\u00f3 Esplac\" \/>\n\t<meta name=\"twitter:label2\" content=\"Tiempo de lectura\" \/>\n\t<meta name=\"twitter:data2\" content=\"2 minutos\" \/>\n<script type=\"application\/ld+json\" class=\"yoast-schema-graph\">{\"@context\":\"https:\\\/\\\/schema.org\",\"@graph\":[{\"@type\":\"Article\",\"@id\":\"https:\\\/\\\/www.esplac.cat\\\/nou-any-nou-esperit\\\/#article\",\"isPartOf\":{\"@id\":\"https:\\\/\\\/www.esplac.cat\\\/nou-any-nou-esperit\\\/\"},\"author\":{\"name\":\"Comunicaci\u00f3 Esplac\",\"@id\":\"https:\\\/\\\/www.esplac.cat\\\/#\\\/schema\\\/person\\\/908383cf240be18b68f8855d0583faca\"},\"headline\":\"Nou any, nou esperit\",\"datePublished\":\"2019-01-29T09:16:19+00:00\",\"dateModified\":\"2020-10-15T16:23:38+00:00\",\"mainEntityOfPage\":{\"@id\":\"https:\\\/\\\/www.esplac.cat\\\/nou-any-nou-esperit\\\/\"},\"wordCount\":414,\"publisher\":{\"@id\":\"https:\\\/\\\/www.esplac.cat\\\/#organization\"},\"image\":{\"@id\":\"https:\\\/\\\/www.esplac.cat\\\/nou-any-nou-esperit\\\/#primaryimage\"},\"thumbnailUrl\":\"\",\"keywords\":[\"alemanya\",\"Any nou\",\"educaci\u00f3 popular\",\"monitora\",\"sve\",\"terrassa\",\"voluntariat\"],\"articleSection\":[\"Creuant mirades\"],\"inLanguage\":\"es\"},{\"@type\":\"WebPage\",\"@id\":\"https:\\\/\\\/www.esplac.cat\\\/nou-any-nou-esperit\\\/\",\"url\":\"https:\\\/\\\/www.esplac.cat\\\/nou-any-nou-esperit\\\/\",\"name\":\"Nou any, nou esperit - Esplac\",\"isPartOf\":{\"@id\":\"https:\\\/\\\/www.esplac.cat\\\/#website\"},\"primaryImageOfPage\":{\"@id\":\"https:\\\/\\\/www.esplac.cat\\\/nou-any-nou-esperit\\\/#primaryimage\"},\"image\":{\"@id\":\"https:\\\/\\\/www.esplac.cat\\\/nou-any-nou-esperit\\\/#primaryimage\"},\"thumbnailUrl\":\"\",\"datePublished\":\"2019-01-29T09:16:19+00:00\",\"dateModified\":\"2020-10-15T16:23:38+00:00\",\"breadcrumb\":{\"@id\":\"https:\\\/\\\/www.esplac.cat\\\/nou-any-nou-esperit\\\/#breadcrumb\"},\"inLanguage\":\"es\",\"potentialAction\":[{\"@type\":\"ReadAction\",\"target\":[\"https:\\\/\\\/www.esplac.cat\\\/nou-any-nou-esperit\\\/\"]}]},{\"@type\":\"ImageObject\",\"inLanguage\":\"es\",\"@id\":\"https:\\\/\\\/www.esplac.cat\\\/nou-any-nou-esperit\\\/#primaryimage\",\"url\":\"\",\"contentUrl\":\"\"},{\"@type\":\"BreadcrumbList\",\"@id\":\"https:\\\/\\\/www.esplac.cat\\\/nou-any-nou-esperit\\\/#breadcrumb\",\"itemListElement\":[{\"@type\":\"ListItem\",\"position\":1,\"name\":\"Inici\",\"item\":\"https:\\\/\\\/www.esplac.cat\\\/es\\\/\"},{\"@type\":\"ListItem\",\"position\":2,\"name\":\"Nou any, nou esperit\"}]},{\"@type\":\"WebSite\",\"@id\":\"https:\\\/\\\/www.esplac.cat\\\/#website\",\"url\":\"https:\\\/\\\/www.esplac.cat\\\/\",\"name\":\"Esplac\",\"description\":\"Esplais Catalans\",\"publisher\":{\"@id\":\"https:\\\/\\\/www.esplac.cat\\\/#organization\"},\"potentialAction\":[{\"@type\":\"SearchAction\",\"target\":{\"@type\":\"EntryPoint\",\"urlTemplate\":\"https:\\\/\\\/www.esplac.cat\\\/?s={search_term_string}\"},\"query-input\":{\"@type\":\"PropertyValueSpecification\",\"valueRequired\":true,\"valueName\":\"search_term_string\"}}],\"inLanguage\":\"es\"},{\"@type\":\"Organization\",\"@id\":\"https:\\\/\\\/www.esplac.cat\\\/#organization\",\"name\":\"Esplac\",\"url\":\"https:\\\/\\\/www.esplac.cat\\\/\",\"logo\":{\"@type\":\"ImageObject\",\"inLanguage\":\"es\",\"@id\":\"https:\\\/\\\/www.esplac.cat\\\/#\\\/schema\\\/logo\\\/image\\\/\",\"url\":\"https:\\\/\\\/www.esplac.cat\\\/wp-content\\\/uploads\\\/2019\\\/08\\\/logox2.png\",\"contentUrl\":\"https:\\\/\\\/www.esplac.cat\\\/wp-content\\\/uploads\\\/2019\\\/08\\\/logox2.png\",\"width\":600,\"height\":295,\"caption\":\"Esplac\"},\"image\":{\"@id\":\"https:\\\/\\\/www.esplac.cat\\\/#\\\/schema\\\/logo\\\/image\\\/\"}},{\"@type\":\"Person\",\"@id\":\"https:\\\/\\\/www.esplac.cat\\\/#\\\/schema\\\/person\\\/908383cf240be18b68f8855d0583faca\",\"name\":\"Comunicaci\u00f3 Esplac\",\"image\":{\"@type\":\"ImageObject\",\"inLanguage\":\"es\",\"@id\":\"https:\\\/\\\/secure.gravatar.com\\\/avatar\\\/7a4cf8feb412a76ea4a740ca02d95b06b2907b5a6c648c2dd0a1082a093c3141?s=96&d=mm&r=g\",\"url\":\"https:\\\/\\\/secure.gravatar.com\\\/avatar\\\/7a4cf8feb412a76ea4a740ca02d95b06b2907b5a6c648c2dd0a1082a093c3141?s=96&d=mm&r=g\",\"contentUrl\":\"https:\\\/\\\/secure.gravatar.com\\\/avatar\\\/7a4cf8feb412a76ea4a740ca02d95b06b2907b5a6c648c2dd0a1082a093c3141?s=96&d=mm&r=g\",\"caption\":\"Comunicaci\u00f3 Esplac\"}}]}<\/script>\n<!-- \/ Yoast SEO plugin. -->","yoast_head_json":{"title":"Nou any, nou esperit - Esplac","robots":{"index":"index","follow":"follow","max-snippet":"max-snippet:-1","max-image-preview":"max-image-preview:large","max-video-preview":"max-video-preview:-1"},"canonical":"https:\/\/www.esplac.cat\/nou-any-nou-esperit\/","og_locale":"es_ES","og_type":"article","og_title":"Nou any, nou esperit - Esplac","og_description":"29-gener-2019 Autora: Natalya Chetverova, SVE&nbsp;alemanya&nbsp;a Terrassa i monitora de l\u2019esplai [&hellip;]","og_url":"https:\/\/www.esplac.cat\/nou-any-nou-esperit\/","og_site_name":"Esplac","article_published_time":"2019-01-29T09:16:19+00:00","article_modified_time":"2020-10-15T16:23:38+00:00","og_image":[{"width":1200,"height":630,"url":"https:\/\/www.esplac.cat\/wp-content\/uploads\/2019\/11\/logo-open.jpg","type":"image\/jpeg"}],"author":"Comunicaci\u00f3 Esplac","twitter_card":"summary_large_image","twitter_misc":{"Escrito por":"Comunicaci\u00f3 Esplac","Tiempo de lectura":"2 minutos"},"schema":{"@context":"https:\/\/schema.org","@graph":[{"@type":"Article","@id":"https:\/\/www.esplac.cat\/nou-any-nou-esperit\/#article","isPartOf":{"@id":"https:\/\/www.esplac.cat\/nou-any-nou-esperit\/"},"author":{"name":"Comunicaci\u00f3 Esplac","@id":"https:\/\/www.esplac.cat\/#\/schema\/person\/908383cf240be18b68f8855d0583faca"},"headline":"Nou any, nou esperit","datePublished":"2019-01-29T09:16:19+00:00","dateModified":"2020-10-15T16:23:38+00:00","mainEntityOfPage":{"@id":"https:\/\/www.esplac.cat\/nou-any-nou-esperit\/"},"wordCount":414,"publisher":{"@id":"https:\/\/www.esplac.cat\/#organization"},"image":{"@id":"https:\/\/www.esplac.cat\/nou-any-nou-esperit\/#primaryimage"},"thumbnailUrl":"","keywords":["alemanya","Any nou","educaci\u00f3 popular","monitora","sve","terrassa","voluntariat"],"articleSection":["Creuant mirades"],"inLanguage":"es"},{"@type":"WebPage","@id":"https:\/\/www.esplac.cat\/nou-any-nou-esperit\/","url":"https:\/\/www.esplac.cat\/nou-any-nou-esperit\/","name":"Nou any, nou esperit - Esplac","isPartOf":{"@id":"https:\/\/www.esplac.cat\/#website"},"primaryImageOfPage":{"@id":"https:\/\/www.esplac.cat\/nou-any-nou-esperit\/#primaryimage"},"image":{"@id":"https:\/\/www.esplac.cat\/nou-any-nou-esperit\/#primaryimage"},"thumbnailUrl":"","datePublished":"2019-01-29T09:16:19+00:00","dateModified":"2020-10-15T16:23:38+00:00","breadcrumb":{"@id":"https:\/\/www.esplac.cat\/nou-any-nou-esperit\/#breadcrumb"},"inLanguage":"es","potentialAction":[{"@type":"ReadAction","target":["https:\/\/www.esplac.cat\/nou-any-nou-esperit\/"]}]},{"@type":"ImageObject","inLanguage":"es","@id":"https:\/\/www.esplac.cat\/nou-any-nou-esperit\/#primaryimage","url":"","contentUrl":""},{"@type":"BreadcrumbList","@id":"https:\/\/www.esplac.cat\/nou-any-nou-esperit\/#breadcrumb","itemListElement":[{"@type":"ListItem","position":1,"name":"Inici","item":"https:\/\/www.esplac.cat\/es\/"},{"@type":"ListItem","position":2,"name":"Nou any, nou esperit"}]},{"@type":"WebSite","@id":"https:\/\/www.esplac.cat\/#website","url":"https:\/\/www.esplac.cat\/","name":"Esplac","description":"Esplais Catalans","publisher":{"@id":"https:\/\/www.esplac.cat\/#organization"},"potentialAction":[{"@type":"SearchAction","target":{"@type":"EntryPoint","urlTemplate":"https:\/\/www.esplac.cat\/?s={search_term_string}"},"query-input":{"@type":"PropertyValueSpecification","valueRequired":true,"valueName":"search_term_string"}}],"inLanguage":"es"},{"@type":"Organization","@id":"https:\/\/www.esplac.cat\/#organization","name":"Esplac","url":"https:\/\/www.esplac.cat\/","logo":{"@type":"ImageObject","inLanguage":"es","@id":"https:\/\/www.esplac.cat\/#\/schema\/logo\/image\/","url":"https:\/\/www.esplac.cat\/wp-content\/uploads\/2019\/08\/logox2.png","contentUrl":"https:\/\/www.esplac.cat\/wp-content\/uploads\/2019\/08\/logox2.png","width":600,"height":295,"caption":"Esplac"},"image":{"@id":"https:\/\/www.esplac.cat\/#\/schema\/logo\/image\/"}},{"@type":"Person","@id":"https:\/\/www.esplac.cat\/#\/schema\/person\/908383cf240be18b68f8855d0583faca","name":"Comunicaci\u00f3 Esplac","image":{"@type":"ImageObject","inLanguage":"es","@id":"https:\/\/secure.gravatar.com\/avatar\/7a4cf8feb412a76ea4a740ca02d95b06b2907b5a6c648c2dd0a1082a093c3141?s=96&d=mm&r=g","url":"https:\/\/secure.gravatar.com\/avatar\/7a4cf8feb412a76ea4a740ca02d95b06b2907b5a6c648c2dd0a1082a093c3141?s=96&d=mm&r=g","contentUrl":"https:\/\/secure.gravatar.com\/avatar\/7a4cf8feb412a76ea4a740ca02d95b06b2907b5a6c648c2dd0a1082a093c3141?s=96&d=mm&r=g","caption":"Comunicaci\u00f3 Esplac"}}]}},"_links":{"self":[{"href":"https:\/\/www.esplac.cat\/es\/wp-json\/wp\/v2\/posts\/5146","targetHints":{"allow":["GET"]}}],"collection":[{"href":"https:\/\/www.esplac.cat\/es\/wp-json\/wp\/v2\/posts"}],"about":[{"href":"https:\/\/www.esplac.cat\/es\/wp-json\/wp\/v2\/types\/post"}],"author":[{"embeddable":true,"href":"https:\/\/www.esplac.cat\/es\/wp-json\/wp\/v2\/users\/3"}],"replies":[{"embeddable":true,"href":"https:\/\/www.esplac.cat\/es\/wp-json\/wp\/v2\/comments?post=5146"}],"version-history":[{"count":0,"href":"https:\/\/www.esplac.cat\/es\/wp-json\/wp\/v2\/posts\/5146\/revisions"}],"wp:featuredmedia":[{"embeddable":true,"href":"https:\/\/www.esplac.cat\/es\/wp-json\/"}],"wp:attachment":[{"href":"https:\/\/www.esplac.cat\/es\/wp-json\/wp\/v2\/media?parent=5146"}],"wp:term":[{"taxonomy":"category","embeddable":true,"href":"https:\/\/www.esplac.cat\/es\/wp-json\/wp\/v2\/categories?post=5146"},{"taxonomy":"post_tag","embeddable":true,"href":"https:\/\/www.esplac.cat\/es\/wp-json\/wp\/v2\/tags?post=5146"}],"curies":[{"name":"wp","href":"https:\/\/api.w.org\/{rel}","templated":true}]}}