{"id":51497,"date":"2024-10-24T10:06:58","date_gmt":"2024-10-24T08:06:58","guid":{"rendered":"https:\/\/www.esplac.cat\/?p=51497"},"modified":"2024-10-24T13:13:58","modified_gmt":"2024-10-24T11:13:58","slug":"busquem-esponsor-esplaiada-2025","status":"publish","type":"post","link":"https:\/\/www.esplac.cat\/es\/busquem-esponsor-esplaiada-2025\/","title":{"rendered":"Busquem esp\u00f2nsors per l\u2019Esplaiada 2025!"},"content":{"rendered":"<div class=\"fusion-fullwidth fullwidth-box fusion-builder-row-1 fusion-flex-container has-pattern-background has-mask-background nonhundred-percent-fullwidth non-hundred-percent-height-scrolling\" style=\"--awb-border-radius-top-left:0px;--awb-border-radius-top-right:0px;--awb-border-radius-bottom-right:0px;--awb-border-radius-bottom-left:0px;--awb-flex-wrap:wrap;\" ><div class=\"fusion-builder-row fusion-row fusion-flex-align-items-flex-start fusion-flex-content-wrap\" style=\"max-width:1248px;margin-left: calc(-4% \/ 2 );margin-right: calc(-4% \/ 2 );\"><div class=\"fusion-layout-column fusion_builder_column fusion-builder-column-0 fusion_builder_column_1_1 1_1 fusion-flex-column\" style=\"--awb-bg-size:cover;--awb-width-large:100%;--awb-margin-top-large:0px;--awb-spacing-right-large:1.92%;--awb-margin-bottom-large:20px;--awb-spacing-left-large:1.92%;--awb-width-medium:100%;--awb-order-medium:0;--awb-spacing-right-medium:1.92%;--awb-spacing-left-medium:1.92%;--awb-width-small:100%;--awb-order-small:0;--awb-spacing-right-small:1.92%;--awb-spacing-left-small:1.92%;\"><div class=\"fusion-column-wrapper fusion-column-has-shadow fusion-flex-justify-content-flex-start fusion-content-layout-column\"><div class=\"fusion-text fusion-text-1\"><h6><strong>Si ets una empresa del tercer sector, entitat o cooperativa i vols patrocinar l\u2019Esplaiada 2025, t\u2019estem buscant!<\/strong><\/h6>\n<p>En plena preparaci\u00f3 de l\u2019<strong>Esplaiada 2025<\/strong>, que es dur\u00e0 a terme els dies <strong>16, 17 i 18 de maig<\/strong> a <strong>Vilanova i la Geltr\u00fa<\/strong>, fem una crida a empreses del tercer sector, entitats o cooperatives que vulguin implicar-se en l\u2019esdeveniment.<\/p>\n<h4><strong>Qu\u00e8 \u00e9s l\u2019Esplaiada?<\/strong><\/h4>\n<p>L\u2019Esplaiada \u00e9s la <strong>trobada general de l\u2019entitat <\/strong>en qu\u00e8 participen tots els esplais que en formen part i on fem tallers, activitats, un concert per joves i un acte unitari de cloenda. Aquesta trobada es duu a terme generalment cada tres anys i gira al voltant d&#8217;una tem\u00e0tica concreta. Enguany, despr\u00e9s d\u2019un proc\u00e9s participatiu intern, s&#8217;ha decidit <strong>aprofitar la trobada per treballar els<\/strong> <strong>discursos d\u2019odi<\/strong>, tenint en compte de quina manera afecten els infants i quines eines tenim per fer-hi front. A l&#8217;Esplaiada hi participaran infants, monitores i monitors, dirigents d\u2019Esplais Catalans, s\u00f2cies i socis, l\u2019Ajuntament local, entitats i empreses col\u00b7laboradores, treballadores i treballadors d\u2019Esplac, els diferents sectors geogr\u00e0fics de l\u2019entitat i la poblaci\u00f3 de la ciutat d\u2019acollida.<\/p>\n<h4><strong>Com pots col\u00b7laborar?<\/strong><\/h4>\n<blockquote>\n<p><strong>Material fungible<\/strong>: material de papereria, material de neteja i per la recollida de residus.<\/p>\n<p><strong>Aportaci\u00f3 econ\u00f2mica<\/strong>: oferir descomptes o fer una aportaci\u00f3 econ\u00f2mica pel finan\u00e7ament de la trobada.<\/p>\n<p><strong>Aliments<\/strong>: esmorzars, dinars, berenars, sopars: llet, aigua, fruita, sucs\u2026<\/p>\n<p><strong>Serveis<\/strong>: estampaci\u00f3 de samarretes, lavabos, qu\u00edmics, sonoritzaci\u00f3 dels actes\u2026<\/p>\n<p><strong>Material no fungible<\/strong>: taules i cadires, equips de so, meg\u00e0fons\u2026<\/p>\n<\/blockquote>\n<p>Tota la col\u00b7laboraci\u00f3 \u00e9s ben rebuda: tant de la cessi\u00f3 i donaci\u00f3 de material, com l\u2019aportaci\u00f3 econ\u00f2mica i descomptes comercials.<\/p>\n<h4><strong>P\u00fablic<\/strong><\/h4>\n<p>L\u2019Esplaiada deixa una important empremta interna en l\u2019associaci\u00f3 i tamb\u00e9 <strong>ress\u00f2 social reivindicant la tasca educativa que realitzen els esplais<\/strong>, com agents de transformaci\u00f3 social. La naturalesa de l\u2019esdeveniment, preveu la participaci\u00f3 de m\u00e9s de 3.300 persones. A m\u00e9s, a cada edici\u00f3 la participaci\u00f3 va en augment i necessitem tot el suport.<\/p>\n<h4><strong>Per qu\u00e8 patrocinar l\u2019Esplaiada?<\/strong><\/h4>\n<p><strong>Visibilitzaci\u00f3 i promoci\u00f3 de la vostra entitat, cooperativa o empresa<\/strong>. Possibilitat de publicitat a la imatge gr\u00e0fica de la trobada en cartelleria, pancartes o altres. A m\u00e9s, tamb\u00e9 hi hauria la possibilitat de posar pancartes o publicitat exclusiva vostra als diferents espais i equipaments acollidors.<\/p>\n<p><strong>Relaci\u00f3 de la vostra entitat amb la defensa i suport del lleure associatiu, voluntari i laic.<\/strong> A m\u00e9s, un dels pilars de la nostra federaci\u00f3 \u00e9s la defensa i conquesta de drets dels infants i necessitem tot el suport i xarxa de m\u00e9s entitats per fer aquest objectiu extensible i possible.<\/p>\n<h4><strong>Impacte medi\u00e0tic durant l\u2019Esplaiada 2022<\/strong><\/h4>\n<p>A l\u2019<span style=\"color: #f69d0b;\"><a style=\"color: #f69d0b;\" href=\"https:\/\/www.esplac.cat\/trobades\/esplaiada\/\" target=\"_blank\" rel=\"noopener\"><strong>Esplaiada 2022<\/strong><\/a><\/span>, a Sant Cugat, sota el lema <em><strong>La veu d\u2019un infant \u00e9s m\u00e9s gran que un elefant!<\/strong><\/em>\u00a0i hi van participar unes <strong>3.000 persones<\/strong>. Va tenir impacte a diferents mitjans de comunicaci\u00f3 i mitjan\u00e7ant diferents canals. En total van ser <strong>m\u00e9s de 50 aparicions a mitjans locals i nacionals<\/strong>, i un seguiment exponencial a les xarxes amb 3.382 seguidors a Instagram, 4,413 a Facebook i 5.277 a Twitter. En <span style=\"color: #f69d0b;\"><a style=\"color: #f69d0b;\" href=\"https:\/\/youtu.be\/VuDUJN6cfhc?si=cFN7zrPDMsyQfCHf\" target=\"_blank\" rel=\"noopener\"><strong>aquest enlla\u00e7<\/strong><\/a><\/span> podeu veure el v\u00eddeo resum de la trobada.<\/p>\n<p>Algunes de les aparicions i impactes m\u00e9s destacats:<\/p>\n<ul>\n<li><span style=\"color: #f69d0b;\"><strong><a style=\"color: #f69d0b;\" href=\"https:\/\/x.com\/rtvenoticies\/status\/1522975797245530112?s=20&amp;t=t7yHrmPrCZFmPB0nHLhlfw\" target=\"_blank\" rel=\"noopener\">Entrevistes per Catalunya R\u00e0dio i Catalunya Informaci\u00f3 i RNE Catalunya<\/a><\/strong><\/span><\/li>\n<li><span style=\"color: #f69d0b;\"><strong><a style=\"color: #f69d0b;\" href=\"https:\/\/www.youtube.com\/watch?v=WpyP-9yfQvQ&amp;t=4s\" target=\"_blank\" rel=\"noopener\">Informatius locals &#8211; Televisi\u00f3 de Sant Cugat<\/a><\/strong><\/span><\/li>\n<li><span style=\"color: #f69d0b;\"><strong><a style=\"color: #f69d0b;\" href=\"https:\/\/x.com\/govern\/status\/1523336226614480904?s=20&amp;t=vyBRZkxevHWgxOZOVjIA0w\" target=\"_blank\" rel=\"noopener\">Visita del Govern de Catalunya<\/a><\/strong><\/span><\/li>\n<\/ul>\n<p>Per a m\u00e9s informaci\u00f3 podeu trucar al <strong>93 302 61 03<\/strong> o enviant un correu electr\u00f2nic a <strong>esplac@esplac.cat<\/strong>.<\/p>\n<\/div><\/div><\/div><\/div><\/div>\n","protected":false},"excerpt":{"rendered":"","protected":false},"author":3,"featured_media":51499,"comment_status":"closed","ping_status":"closed","sticky":false,"template":"","format":"standard","meta":{"om_disable_all_campaigns":false,"_monsterinsights_skip_tracking":false,"_monsterinsights_sitenote_active":false,"_monsterinsights_sitenote_note":"","_monsterinsights_sitenote_category":0,"_uf_show_specific_survey":0,"_uf_disable_surveys":false,"footnotes":""},"categories":[1136,1],"tags":[],"class_list":["post-51497","post","type-post","status-publish","format-standard","has-post-thumbnail","hentry","category-esplaiada","category-sense-categoria"],"yoast_head":"<!-- This site is optimized with the Yoast SEO plugin v27.4 - https:\/\/yoast.com\/product\/yoast-seo-wordpress\/ -->\n<title>Busquem esp\u00f2nsors per l\u2019Esplaiada 2025! - Esplac<\/title>\n<meta name=\"description\" content=\"Si ets una empresa del tercer sector, entitat o cooperativa i vols patrocinar l\u2019Esplaiada 2025, t\u2019estem buscant!\" \/>\n<meta name=\"robots\" content=\"index, follow, max-snippet:-1, max-image-preview:large, max-video-preview:-1\" \/>\n<link rel=\"canonical\" href=\"https:\/\/www.esplac.cat\/busquem-esponsor-esplaiada-2025\/\" \/>\n<meta property=\"og:locale\" content=\"es_ES\" \/>\n<meta property=\"og:type\" content=\"article\" \/>\n<meta property=\"og:title\" content=\"Busquem esp\u00f2nsors per l\u2019Esplaiada 2025! - Esplac\" \/>\n<meta property=\"og:description\" content=\"Si ets una empresa del tercer sector, entitat o cooperativa i vols patrocinar l\u2019Esplaiada 2025, t\u2019estem buscant!\" \/>\n<meta property=\"og:url\" content=\"https:\/\/www.esplac.cat\/busquem-esponsor-esplaiada-2025\/\" \/>\n<meta property=\"og:site_name\" content=\"Esplac\" \/>\n<meta property=\"article:published_time\" content=\"2024-10-24T08:06:58+00:00\" \/>\n<meta property=\"article:modified_time\" content=\"2024-10-24T11:13:58+00:00\" \/>\n<meta property=\"og:image\" content=\"https:\/\/www.esplac.cat\/wp-content\/uploads\/2024\/10\/Esplaiada_Esponsors.jpg\" \/>\n\t<meta property=\"og:image:width\" content=\"1697\" \/>\n\t<meta property=\"og:image:height\" content=\"700\" \/>\n\t<meta property=\"og:image:type\" content=\"image\/jpeg\" \/>\n<meta name=\"author\" content=\"Comunicaci\u00f3 Esplac\" \/>\n<meta name=\"twitter:card\" content=\"summary_large_image\" \/>\n<meta name=\"twitter:label1\" content=\"Escrito por\" \/>\n\t<meta name=\"twitter:data1\" content=\"Comunicaci\u00f3 Esplac\" \/>\n\t<meta name=\"twitter:label2\" content=\"Tiempo de lectura\" \/>\n\t<meta name=\"twitter:data2\" content=\"3 minutos\" \/>\n<script type=\"application\/ld+json\" class=\"yoast-schema-graph\">{\"@context\":\"https:\\\/\\\/schema.org\",\"@graph\":[{\"@type\":\"Article\",\"@id\":\"https:\\\/\\\/www.esplac.cat\\\/busquem-esponsor-esplaiada-2025\\\/#article\",\"isPartOf\":{\"@id\":\"https:\\\/\\\/www.esplac.cat\\\/busquem-esponsor-esplaiada-2025\\\/\"},\"author\":{\"name\":\"Comunicaci\u00f3 Esplac\",\"@id\":\"https:\\\/\\\/www.esplac.cat\\\/#\\\/schema\\\/person\\\/908383cf240be18b68f8855d0583faca\"},\"headline\":\"Busquem esp\u00f2nsors per l\u2019Esplaiada 2025!\",\"datePublished\":\"2024-10-24T08:06:58+00:00\",\"dateModified\":\"2024-10-24T11:13:58+00:00\",\"mainEntityOfPage\":{\"@id\":\"https:\\\/\\\/www.esplac.cat\\\/busquem-esponsor-esplaiada-2025\\\/\"},\"wordCount\":1547,\"publisher\":{\"@id\":\"https:\\\/\\\/www.esplac.cat\\\/#organization\"},\"image\":{\"@id\":\"https:\\\/\\\/www.esplac.cat\\\/busquem-esponsor-esplaiada-2025\\\/#primaryimage\"},\"thumbnailUrl\":\"https:\\\/\\\/www.esplac.cat\\\/wp-content\\\/uploads\\\/2024\\\/10\\\/Esplaiada_Esponsors.jpg\",\"articleSection\":[\"Esplaiada\",\"Sense categoria\"],\"inLanguage\":\"es\"},{\"@type\":\"WebPage\",\"@id\":\"https:\\\/\\\/www.esplac.cat\\\/busquem-esponsor-esplaiada-2025\\\/\",\"url\":\"https:\\\/\\\/www.esplac.cat\\\/busquem-esponsor-esplaiada-2025\\\/\",\"name\":\"Busquem esp\u00f2nsors per l\u2019Esplaiada 2025! - Esplac\",\"isPartOf\":{\"@id\":\"https:\\\/\\\/www.esplac.cat\\\/#website\"},\"primaryImageOfPage\":{\"@id\":\"https:\\\/\\\/www.esplac.cat\\\/busquem-esponsor-esplaiada-2025\\\/#primaryimage\"},\"image\":{\"@id\":\"https:\\\/\\\/www.esplac.cat\\\/busquem-esponsor-esplaiada-2025\\\/#primaryimage\"},\"thumbnailUrl\":\"https:\\\/\\\/www.esplac.cat\\\/wp-content\\\/uploads\\\/2024\\\/10\\\/Esplaiada_Esponsors.jpg\",\"datePublished\":\"2024-10-24T08:06:58+00:00\",\"dateModified\":\"2024-10-24T11:13:58+00:00\",\"description\":\"Si ets una empresa del tercer sector, entitat o cooperativa i vols patrocinar l\u2019Esplaiada 2025, t\u2019estem buscant!\",\"breadcrumb\":{\"@id\":\"https:\\\/\\\/www.esplac.cat\\\/busquem-esponsor-esplaiada-2025\\\/#breadcrumb\"},\"inLanguage\":\"es\",\"potentialAction\":[{\"@type\":\"ReadAction\",\"target\":[\"https:\\\/\\\/www.esplac.cat\\\/busquem-esponsor-esplaiada-2025\\\/\"]}]},{\"@type\":\"ImageObject\",\"inLanguage\":\"es\",\"@id\":\"https:\\\/\\\/www.esplac.cat\\\/busquem-esponsor-esplaiada-2025\\\/#primaryimage\",\"url\":\"https:\\\/\\\/www.esplac.cat\\\/wp-content\\\/uploads\\\/2024\\\/10\\\/Esplaiada_Esponsors.jpg\",\"contentUrl\":\"https:\\\/\\\/www.esplac.cat\\\/wp-content\\\/uploads\\\/2024\\\/10\\\/Esplaiada_Esponsors.jpg\",\"width\":1697,\"height\":700,\"caption\":\"esplaiada\"},{\"@type\":\"BreadcrumbList\",\"@id\":\"https:\\\/\\\/www.esplac.cat\\\/busquem-esponsor-esplaiada-2025\\\/#breadcrumb\",\"itemListElement\":[{\"@type\":\"ListItem\",\"position\":1,\"name\":\"Inici\",\"item\":\"https:\\\/\\\/www.esplac.cat\\\/es\\\/\"},{\"@type\":\"ListItem\",\"position\":2,\"name\":\"Busquem esp\u00f2nsors per l\u2019Esplaiada 2025!\"}]},{\"@type\":\"WebSite\",\"@id\":\"https:\\\/\\\/www.esplac.cat\\\/#website\",\"url\":\"https:\\\/\\\/www.esplac.cat\\\/\",\"name\":\"Esplac\",\"description\":\"Esplais Catalans\",\"publisher\":{\"@id\":\"https:\\\/\\\/www.esplac.cat\\\/#organization\"},\"potentialAction\":[{\"@type\":\"SearchAction\",\"target\":{\"@type\":\"EntryPoint\",\"urlTemplate\":\"https:\\\/\\\/www.esplac.cat\\\/?s={search_term_string}\"},\"query-input\":{\"@type\":\"PropertyValueSpecification\",\"valueRequired\":true,\"valueName\":\"search_term_string\"}}],\"inLanguage\":\"es\"},{\"@type\":\"Organization\",\"@id\":\"https:\\\/\\\/www.esplac.cat\\\/#organization\",\"name\":\"Esplac\",\"url\":\"https:\\\/\\\/www.esplac.cat\\\/\",\"logo\":{\"@type\":\"ImageObject\",\"inLanguage\":\"es\",\"@id\":\"https:\\\/\\\/www.esplac.cat\\\/#\\\/schema\\\/logo\\\/image\\\/\",\"url\":\"https:\\\/\\\/www.esplac.cat\\\/wp-content\\\/uploads\\\/2019\\\/08\\\/logox2.png\",\"contentUrl\":\"https:\\\/\\\/www.esplac.cat\\\/wp-content\\\/uploads\\\/2019\\\/08\\\/logox2.png\",\"width\":600,\"height\":295,\"caption\":\"Esplac\"},\"image\":{\"@id\":\"https:\\\/\\\/www.esplac.cat\\\/#\\\/schema\\\/logo\\\/image\\\/\"}},{\"@type\":\"Person\",\"@id\":\"https:\\\/\\\/www.esplac.cat\\\/#\\\/schema\\\/person\\\/908383cf240be18b68f8855d0583faca\",\"name\":\"Comunicaci\u00f3 Esplac\",\"image\":{\"@type\":\"ImageObject\",\"inLanguage\":\"es\",\"@id\":\"https:\\\/\\\/secure.gravatar.com\\\/avatar\\\/7a4cf8feb412a76ea4a740ca02d95b06b2907b5a6c648c2dd0a1082a093c3141?s=96&d=mm&r=g\",\"url\":\"https:\\\/\\\/secure.gravatar.com\\\/avatar\\\/7a4cf8feb412a76ea4a740ca02d95b06b2907b5a6c648c2dd0a1082a093c3141?s=96&d=mm&r=g\",\"contentUrl\":\"https:\\\/\\\/secure.gravatar.com\\\/avatar\\\/7a4cf8feb412a76ea4a740ca02d95b06b2907b5a6c648c2dd0a1082a093c3141?s=96&d=mm&r=g\",\"caption\":\"Comunicaci\u00f3 Esplac\"}}]}<\/script>\n<!-- \/ Yoast SEO plugin. -->","yoast_head_json":{"title":"Busquem esp\u00f2nsors per l\u2019Esplaiada 2025! - Esplac","description":"Si ets una empresa del tercer sector, entitat o cooperativa i vols patrocinar l\u2019Esplaiada 2025, t\u2019estem buscant!","robots":{"index":"index","follow":"follow","max-snippet":"max-snippet:-1","max-image-preview":"max-image-preview:large","max-video-preview":"max-video-preview:-1"},"canonical":"https:\/\/www.esplac.cat\/busquem-esponsor-esplaiada-2025\/","og_locale":"es_ES","og_type":"article","og_title":"Busquem esp\u00f2nsors per l\u2019Esplaiada 2025! - Esplac","og_description":"Si ets una empresa del tercer sector, entitat o cooperativa i vols patrocinar l\u2019Esplaiada 2025, t\u2019estem buscant!","og_url":"https:\/\/www.esplac.cat\/busquem-esponsor-esplaiada-2025\/","og_site_name":"Esplac","article_published_time":"2024-10-24T08:06:58+00:00","article_modified_time":"2024-10-24T11:13:58+00:00","og_image":[{"width":1697,"height":700,"url":"https:\/\/www.esplac.cat\/wp-content\/uploads\/2024\/10\/Esplaiada_Esponsors.jpg","type":"image\/jpeg"}],"author":"Comunicaci\u00f3 Esplac","twitter_card":"summary_large_image","twitter_misc":{"Escrito por":"Comunicaci\u00f3 Esplac","Tiempo de lectura":"3 minutos"},"schema":{"@context":"https:\/\/schema.org","@graph":[{"@type":"Article","@id":"https:\/\/www.esplac.cat\/busquem-esponsor-esplaiada-2025\/#article","isPartOf":{"@id":"https:\/\/www.esplac.cat\/busquem-esponsor-esplaiada-2025\/"},"author":{"name":"Comunicaci\u00f3 Esplac","@id":"https:\/\/www.esplac.cat\/#\/schema\/person\/908383cf240be18b68f8855d0583faca"},"headline":"Busquem esp\u00f2nsors per l\u2019Esplaiada 2025!","datePublished":"2024-10-24T08:06:58+00:00","dateModified":"2024-10-24T11:13:58+00:00","mainEntityOfPage":{"@id":"https:\/\/www.esplac.cat\/busquem-esponsor-esplaiada-2025\/"},"wordCount":1547,"publisher":{"@id":"https:\/\/www.esplac.cat\/#organization"},"image":{"@id":"https:\/\/www.esplac.cat\/busquem-esponsor-esplaiada-2025\/#primaryimage"},"thumbnailUrl":"https:\/\/www.esplac.cat\/wp-content\/uploads\/2024\/10\/Esplaiada_Esponsors.jpg","articleSection":["Esplaiada","Sense categoria"],"inLanguage":"es"},{"@type":"WebPage","@id":"https:\/\/www.esplac.cat\/busquem-esponsor-esplaiada-2025\/","url":"https:\/\/www.esplac.cat\/busquem-esponsor-esplaiada-2025\/","name":"Busquem esp\u00f2nsors per l\u2019Esplaiada 2025! - Esplac","isPartOf":{"@id":"https:\/\/www.esplac.cat\/#website"},"primaryImageOfPage":{"@id":"https:\/\/www.esplac.cat\/busquem-esponsor-esplaiada-2025\/#primaryimage"},"image":{"@id":"https:\/\/www.esplac.cat\/busquem-esponsor-esplaiada-2025\/#primaryimage"},"thumbnailUrl":"https:\/\/www.esplac.cat\/wp-content\/uploads\/2024\/10\/Esplaiada_Esponsors.jpg","datePublished":"2024-10-24T08:06:58+00:00","dateModified":"2024-10-24T11:13:58+00:00","description":"Si ets una empresa del tercer sector, entitat o cooperativa i vols patrocinar l\u2019Esplaiada 2025, t\u2019estem buscant!","breadcrumb":{"@id":"https:\/\/www.esplac.cat\/busquem-esponsor-esplaiada-2025\/#breadcrumb"},"inLanguage":"es","potentialAction":[{"@type":"ReadAction","target":["https:\/\/www.esplac.cat\/busquem-esponsor-esplaiada-2025\/"]}]},{"@type":"ImageObject","inLanguage":"es","@id":"https:\/\/www.esplac.cat\/busquem-esponsor-esplaiada-2025\/#primaryimage","url":"https:\/\/www.esplac.cat\/wp-content\/uploads\/2024\/10\/Esplaiada_Esponsors.jpg","contentUrl":"https:\/\/www.esplac.cat\/wp-content\/uploads\/2024\/10\/Esplaiada_Esponsors.jpg","width":1697,"height":700,"caption":"esplaiada"},{"@type":"BreadcrumbList","@id":"https:\/\/www.esplac.cat\/busquem-esponsor-esplaiada-2025\/#breadcrumb","itemListElement":[{"@type":"ListItem","position":1,"name":"Inici","item":"https:\/\/www.esplac.cat\/es\/"},{"@type":"ListItem","position":2,"name":"Busquem esp\u00f2nsors per l\u2019Esplaiada 2025!"}]},{"@type":"WebSite","@id":"https:\/\/www.esplac.cat\/#website","url":"https:\/\/www.esplac.cat\/","name":"Esplac","description":"Esplais Catalans","publisher":{"@id":"https:\/\/www.esplac.cat\/#organization"},"potentialAction":[{"@type":"SearchAction","target":{"@type":"EntryPoint","urlTemplate":"https:\/\/www.esplac.cat\/?s={search_term_string}"},"query-input":{"@type":"PropertyValueSpecification","valueRequired":true,"valueName":"search_term_string"}}],"inLanguage":"es"},{"@type":"Organization","@id":"https:\/\/www.esplac.cat\/#organization","name":"Esplac","url":"https:\/\/www.esplac.cat\/","logo":{"@type":"ImageObject","inLanguage":"es","@id":"https:\/\/www.esplac.cat\/#\/schema\/logo\/image\/","url":"https:\/\/www.esplac.cat\/wp-content\/uploads\/2019\/08\/logox2.png","contentUrl":"https:\/\/www.esplac.cat\/wp-content\/uploads\/2019\/08\/logox2.png","width":600,"height":295,"caption":"Esplac"},"image":{"@id":"https:\/\/www.esplac.cat\/#\/schema\/logo\/image\/"}},{"@type":"Person","@id":"https:\/\/www.esplac.cat\/#\/schema\/person\/908383cf240be18b68f8855d0583faca","name":"Comunicaci\u00f3 Esplac","image":{"@type":"ImageObject","inLanguage":"es","@id":"https:\/\/secure.gravatar.com\/avatar\/7a4cf8feb412a76ea4a740ca02d95b06b2907b5a6c648c2dd0a1082a093c3141?s=96&d=mm&r=g","url":"https:\/\/secure.gravatar.com\/avatar\/7a4cf8feb412a76ea4a740ca02d95b06b2907b5a6c648c2dd0a1082a093c3141?s=96&d=mm&r=g","contentUrl":"https:\/\/secure.gravatar.com\/avatar\/7a4cf8feb412a76ea4a740ca02d95b06b2907b5a6c648c2dd0a1082a093c3141?s=96&d=mm&r=g","caption":"Comunicaci\u00f3 Esplac"}}]}},"_links":{"self":[{"href":"https:\/\/www.esplac.cat\/es\/wp-json\/wp\/v2\/posts\/51497","targetHints":{"allow":["GET"]}}],"collection":[{"href":"https:\/\/www.esplac.cat\/es\/wp-json\/wp\/v2\/posts"}],"about":[{"href":"https:\/\/www.esplac.cat\/es\/wp-json\/wp\/v2\/types\/post"}],"author":[{"embeddable":true,"href":"https:\/\/www.esplac.cat\/es\/wp-json\/wp\/v2\/users\/3"}],"replies":[{"embeddable":true,"href":"https:\/\/www.esplac.cat\/es\/wp-json\/wp\/v2\/comments?post=51497"}],"version-history":[{"count":8,"href":"https:\/\/www.esplac.cat\/es\/wp-json\/wp\/v2\/posts\/51497\/revisions"}],"predecessor-version":[{"id":51513,"href":"https:\/\/www.esplac.cat\/es\/wp-json\/wp\/v2\/posts\/51497\/revisions\/51513"}],"wp:featuredmedia":[{"embeddable":true,"href":"https:\/\/www.esplac.cat\/es\/wp-json\/wp\/v2\/media\/51499"}],"wp:attachment":[{"href":"https:\/\/www.esplac.cat\/es\/wp-json\/wp\/v2\/media?parent=51497"}],"wp:term":[{"taxonomy":"category","embeddable":true,"href":"https:\/\/www.esplac.cat\/es\/wp-json\/wp\/v2\/categories?post=51497"},{"taxonomy":"post_tag","embeddable":true,"href":"https:\/\/www.esplac.cat\/es\/wp-json\/wp\/v2\/tags?post=51497"}],"curies":[{"name":"wp","href":"https:\/\/api.w.org\/{rel}","templated":true}]}}