{"id":51590,"date":"2024-11-05T09:36:15","date_gmt":"2024-11-05T07:36:15","guid":{"rendered":"https:\/\/www.esplac.cat\/?p=51590"},"modified":"2024-11-14T11:23:43","modified_gmt":"2024-11-14T09:23:43","slug":"desgranem-crisis-respostes-feminismes-illeure","status":"publish","type":"post","link":"https:\/\/www.esplac.cat\/es\/desgranem-crisis-respostes-feminismes-illeure\/","title":{"rendered":"Desgranem les crisis: respostes des dels feminismes i el lleure"},"content":{"rendered":"<div class=\"fusion-fullwidth fullwidth-box fusion-builder-row-1 fusion-flex-container has-pattern-background has-mask-background nonhundred-percent-fullwidth non-hundred-percent-height-scrolling\" style=\"--awb-border-radius-top-left:0px;--awb-border-radius-top-right:0px;--awb-border-radius-bottom-right:0px;--awb-border-radius-bottom-left:0px;--awb-flex-wrap:wrap;\" ><div class=\"fusion-builder-row fusion-row fusion-flex-align-items-flex-start fusion-flex-content-wrap\" style=\"max-width:1248px;margin-left: calc(-4% \/ 2 );margin-right: calc(-4% \/ 2 );\"><div class=\"fusion-layout-column fusion_builder_column fusion-builder-column-0 fusion_builder_column_1_1 1_1 fusion-flex-column\" style=\"--awb-bg-size:cover;--awb-width-large:100%;--awb-margin-top-large:0px;--awb-spacing-right-large:1.92%;--awb-margin-bottom-large:20px;--awb-spacing-left-large:1.92%;--awb-width-medium:100%;--awb-order-medium:0;--awb-spacing-right-medium:1.92%;--awb-spacing-left-medium:1.92%;--awb-width-small:100%;--awb-order-small:0;--awb-spacing-right-small:1.92%;--awb-spacing-left-small:1.92%;\"><div class=\"fusion-column-wrapper fusion-column-has-shadow fusion-flex-justify-content-flex-start fusion-content-layout-column\"><div class=\"fusion-text fusion-text-1\"><h6><strong>El diumenge 27 d&#8217;octubre s\u2019ha celebrat la XIV edici\u00f3 de les Jornades de Lleure i Feminisme a la Masia de la Guineueta, a Barcelona, on hi han participat una cinquantena de persones de Minyons Escoltes i Guies i Esplais Catalans.<\/strong><\/h6>\n<p>Les <strong><a href=\"https:\/\/www.esplac.cat\/formacions\/jornades-lleure-feminsimes\/\" target=\"_blank\" rel=\"noopener\"><span style=\"color: #f69d0b;\">Jornades de Lleure i Feminismes<\/span><\/a><\/strong> s\u00f3n un espai de trobada entre l\u2019associacionisme educatiu i el moviment feminista i LGBTIQA+. Un espai de col\u00b7laboraci\u00f3 que ens permet estendre discursos, teixir complicitats i intercanviar experi\u00e8ncies. Enguany la Masia de la Guineueta ha acollit la catorzena edici\u00f3 d\u2019aquestes jornades, organitzades per l\u2019<strong><a href=\"https:\/\/escolaelsol.coop\/\" target=\"_blank\" rel=\"noopener\"><span style=\"color: #f69d0b;\">Escola Lliure El Sol<\/span><\/a><\/strong>, <span style=\"color: #f69d0b;\"><strong><a style=\"color: #f69d0b;\" href=\"https:\/\/www.escoltesiguies.cat\/\" target=\"_blank\" rel=\"noopener\">Minyons Escoltes i Guies<\/a><\/strong><\/span> i Esplais Catalans.<\/p>\n<p>Les jornades han arrencat a les 9:45 del mat\u00ed amb una taula rodona, titulada <em><strong>Revisem la interseccionalitat<\/strong><\/em>, a c\u00e0rrec de Maria Rod\u00f3, Paqui Perona i Florencia Brizuela i moderada per la Cristina Gotzens, membre de l&#8217;Equip de Coordinaci\u00f3 d&#8217;Esplac. La taula rodona ha comptat amb la pres\u00e8ncia de tres activistes feministes amb l&#8217;objectiu d\u2019<strong>oferir una revisi\u00f3 cr\u00edtica del paper de la interseccionalitat en la lluita feminista<\/strong>, tot analitzant els focus de tensi\u00f3 i punts de mutu acord dins del moviment.<\/p>\n<p>Una hora despr\u00e9s, han comen\u00e7at els tallers del mat\u00ed. Per una banda, hem gaudit del taller titulat <em><strong>Feminisme gitano: una resposta a l&#8217;antigitanisme<\/strong><\/em> a c\u00e0rrec de Paqui Perona, tallerista del col\u00b7lectiu <a href=\"https:\/\/www.instagram.com\/veusgitanes\/\" target=\"_blank\" rel=\"noopener\"><strong><span style=\"color: #f69d0b;\">Veus Gitanes<\/span><\/strong><\/a>. El taller estava enfocat a con\u00e8ixer la cultura del Poble Gitano des d\u2019una mirada antiracista i de lluita contra l&#8217;antigitanisme. Per altra banda, el taller <em><strong>Una mirada als conflictes (armats) des dels feminismes<\/strong><\/em>\u00a0ha anat a c\u00e0rrec del col\u00b7lectiu Del kurdistan a Catalunya: educar per transformar, on s&#8217;ha pogut aprofundir en el moviment de resist\u00e8ncia kurd, l\u2019autodefensa que encarnen les dones i la seva ci\u00e8ncia: la Jineoloji.<\/p>\n<p>Acabats els tallers del mat\u00ed, dues companyes properes a l\u2019organitzaci\u00f3 han preparat el dinar per a tothom. Despr\u00e9s de compartir aquest \u00e0pat, <span style=\"color: #f69d0b;\"><a style=\"color: #f69d0b;\" href=\"https:\/\/www.instagram.com\/fricandones\/\" target=\"_blank\" rel=\"noopener\"><strong>Fricandones<\/strong><\/a><\/span> han organitzat un DJ set. FricanDones \u00e9s un projecte format per la Ikki i la Momo, comprom\u00e8s amb la cultura accessible, feta amb consci\u00e8ncia de classe i amb el transfeminisme com a sistema de lluita i cures.<\/p>\n<p>A la tarda ha arribat el moment de la segona ronda de tallers. Durant el taller <em><strong>Masculinitats i viol\u00e8ncies: quin \u00e9s el paper dels homes?<\/strong><\/em> impartit per Lau Zalacain s&#8217;ha parlat sobre els conceptes d\u2019identitat, g\u00e8nere i privilegis, tot posant el focus en les possibilitats i alternatives a les que podem aspirar a trav\u00e9s de la revisi\u00f3 i el q\u00fcestionament del model hegem\u00f2nic de masculinitat.<\/p>\n<p>Mentrestant, al taller de <em><strong>Diversitat funcional i anticapacitisme amb perspectiva feminista<\/strong><\/em> dinamitzat pel <span style=\"color: #f69d0b;\"><a style=\"color: #f69d0b;\" href=\"https:\/\/www.instagram.com\/collectiu.argelaga\/\" target=\"_blank\" rel=\"noopener\"><strong>Col\u00b7lectiu L\u2019Argelaga<\/strong><\/a><\/span> s&#8217;ha articulat un di\u00e0leg en la intersecci\u00f3 entre les neurodiverg\u00e8ncies amb el g\u00e8nere i la sexualitat. Per tal de comprendre com funciona aquesta interacci\u00f3 entre les identitats queer i les neurodiverg\u00e8ncies ha calgut repensar i redefinir diversos conceptes vinculats a la \u201csalut\u201d. A partir d\u2019un marc anticapacitista, s&#8217;han donat eines per acompanyar inf\u00e0ncies dissidents i construir espais m\u00e9s segurs i inclusius en el lleure educatiu.<\/p>\n<p>Simult\u00e0niament, ha tingut lloc el taller <em><strong>\u00c8tica de la cura i mirada restaurativa a les organitzacions<\/strong><\/em> preparat per <span style=\"color: #f69d0b;\"><strong><a style=\"color: #f69d0b;\" href=\"https:\/\/abilis.cat\/\" target=\"_blank\" rel=\"noopener\">Abilis<\/a><\/strong><\/span>. No hi ha una \u00fanica manera v\u00e0lida d\u2019existir, les persones tenim necessitats diverses. Per participar d\u2019una organitzaci\u00f3, ha d\u2019existir la possibilitat. Les organitzacions han de tenir en compte aquestes condicions per tal de sostenir-se en el temps a mitj\u00e0 i a llarg termini. El taller s&#8217;ha centrat en el treball d\u2019aspectes com la identitat de l\u2019entitat, l\u2019organitzaci\u00f3, el relleu o els rols de poder, aix\u00ed com oferir eines, metodologies o coneixements que serveixin per a crear col\u00b7lectivament una \u00e8tica compartida.<\/p>\n<p>Per tancar les jornades, a les 19:00h les participants han pogut transmetre les seves impressions sobre les jornades i s\u2019ha explorat quines tem\u00e0tiques els agradaria abordar en futures edicions. Amb tot, la trobada ha estat una oportunitat per a descobrir recursos i din\u00e0miques, aix\u00ed com noves referents, perspectives i mirades. Gr\u00e0cies a totes les participants, a l\u2019organitzaci\u00f3 i a les talleristes per fer-les possibles!<\/p>\n<\/div><div style=\"text-align:center;\"><a class=\"fusion-button button-flat fusion-button-default-size button-default fusion-button-default button-1 fusion-button-default-span fusion-button-default-type\" target=\"_self\" href=\"https:\/\/flic.kr\/s\/aHBqjBRw9V\"><span class=\"fusion-button-text\">Fotografies de les jornades<\/span><\/a><\/div><\/div><\/div><\/div><\/div>\n","protected":false},"excerpt":{"rendered":"","protected":false},"author":3,"featured_media":51598,"comment_status":"closed","ping_status":"closed","sticky":false,"template":"","format":"standard","meta":{"om_disable_all_campaigns":false,"_monsterinsights_skip_tracking":false,"_monsterinsights_sitenote_active":false,"_monsterinsights_sitenote_note":"","_monsterinsights_sitenote_category":0,"_uf_show_specific_survey":0,"_uf_disable_surveys":false,"footnotes":""},"categories":[1158,1],"tags":[],"class_list":["post-51590","post","type-post","status-publish","format-standard","has-post-thumbnail","hentry","category-jornades-lleure-feminismes","category-sense-categoria"],"yoast_head":"<!-- This site is optimized with the Yoast SEO plugin v27.5 - https:\/\/yoast.com\/product\/yoast-seo-wordpress\/ -->\n<title>Desgranem les crisis: respostes des dels feminismes i el lleure - Esplac<\/title>\n<meta name=\"description\" content=\"Celebrem la XIV edici\u00f3 de les Jornades de Lleure i Feminisme, on hi han participat una cinquantena de persones.\" \/>\n<meta name=\"robots\" content=\"index, follow, max-snippet:-1, max-image-preview:large, max-video-preview:-1\" \/>\n<link rel=\"canonical\" href=\"https:\/\/www.esplac.cat\/desgranem-crisis-respostes-feminismes-illeure\/\" \/>\n<meta property=\"og:locale\" content=\"es_ES\" \/>\n<meta property=\"og:type\" content=\"article\" \/>\n<meta property=\"og:title\" content=\"Desgranem les crisis: respostes des dels feminismes i el lleure - Esplac\" \/>\n<meta property=\"og:description\" content=\"Celebrem la XIV edici\u00f3 de les Jornades de Lleure i Feminisme, on hi han participat una cinquantena de persones.\" \/>\n<meta property=\"og:url\" content=\"https:\/\/www.esplac.cat\/desgranem-crisis-respostes-feminismes-illeure\/\" \/>\n<meta property=\"og:site_name\" content=\"Esplac\" \/>\n<meta property=\"article:published_time\" content=\"2024-11-05T07:36:15+00:00\" \/>\n<meta property=\"article:modified_time\" content=\"2024-11-14T09:23:43+00:00\" \/>\n<meta property=\"og:image\" content=\"https:\/\/www.esplac.cat\/wp-content\/uploads\/2024\/11\/Jornades_Lleure_Feminismes.jpg\" \/>\n\t<meta property=\"og:image:width\" content=\"1697\" \/>\n\t<meta property=\"og:image:height\" content=\"700\" \/>\n\t<meta property=\"og:image:type\" content=\"image\/jpeg\" \/>\n<meta name=\"author\" content=\"Comunicaci\u00f3 Esplac\" \/>\n<meta name=\"twitter:card\" content=\"summary_large_image\" \/>\n<meta name=\"twitter:label1\" content=\"Escrito por\" \/>\n\t<meta name=\"twitter:data1\" content=\"Comunicaci\u00f3 Esplac\" \/>\n\t<meta name=\"twitter:label2\" content=\"Tiempo de lectura\" \/>\n\t<meta name=\"twitter:data2\" content=\"4 minutos\" \/>\n<script type=\"application\/ld+json\" class=\"yoast-schema-graph\">{\"@context\":\"https:\\\/\\\/schema.org\",\"@graph\":[{\"@type\":\"Article\",\"@id\":\"https:\\\/\\\/www.esplac.cat\\\/desgranem-crisis-respostes-feminismes-illeure\\\/#article\",\"isPartOf\":{\"@id\":\"https:\\\/\\\/www.esplac.cat\\\/desgranem-crisis-respostes-feminismes-illeure\\\/\"},\"author\":{\"name\":\"Comunicaci\u00f3 Esplac\",\"@id\":\"https:\\\/\\\/www.esplac.cat\\\/#\\\/schema\\\/person\\\/908383cf240be18b68f8855d0583faca\"},\"headline\":\"Desgranem les crisis: respostes des dels feminismes i el lleure\",\"datePublished\":\"2024-11-05T07:36:15+00:00\",\"dateModified\":\"2024-11-14T09:23:43+00:00\",\"mainEntityOfPage\":{\"@id\":\"https:\\\/\\\/www.esplac.cat\\\/desgranem-crisis-respostes-feminismes-illeure\\\/\"},\"wordCount\":1854,\"publisher\":{\"@id\":\"https:\\\/\\\/www.esplac.cat\\\/#organization\"},\"image\":{\"@id\":\"https:\\\/\\\/www.esplac.cat\\\/desgranem-crisis-respostes-feminismes-illeure\\\/#primaryimage\"},\"thumbnailUrl\":\"https:\\\/\\\/www.esplac.cat\\\/wp-content\\\/uploads\\\/2024\\\/11\\\/Jornades_Lleure_Feminismes.jpg\",\"articleSection\":[\"Jornades de Lleure i Feminismes\",\"Sense categoria\"],\"inLanguage\":\"es\"},{\"@type\":\"WebPage\",\"@id\":\"https:\\\/\\\/www.esplac.cat\\\/desgranem-crisis-respostes-feminismes-illeure\\\/\",\"url\":\"https:\\\/\\\/www.esplac.cat\\\/desgranem-crisis-respostes-feminismes-illeure\\\/\",\"name\":\"Desgranem les crisis: respostes des dels feminismes i el lleure - Esplac\",\"isPartOf\":{\"@id\":\"https:\\\/\\\/www.esplac.cat\\\/#website\"},\"primaryImageOfPage\":{\"@id\":\"https:\\\/\\\/www.esplac.cat\\\/desgranem-crisis-respostes-feminismes-illeure\\\/#primaryimage\"},\"image\":{\"@id\":\"https:\\\/\\\/www.esplac.cat\\\/desgranem-crisis-respostes-feminismes-illeure\\\/#primaryimage\"},\"thumbnailUrl\":\"https:\\\/\\\/www.esplac.cat\\\/wp-content\\\/uploads\\\/2024\\\/11\\\/Jornades_Lleure_Feminismes.jpg\",\"datePublished\":\"2024-11-05T07:36:15+00:00\",\"dateModified\":\"2024-11-14T09:23:43+00:00\",\"description\":\"Celebrem la XIV edici\u00f3 de les Jornades de Lleure i Feminisme, on hi han participat una cinquantena de persones.\",\"breadcrumb\":{\"@id\":\"https:\\\/\\\/www.esplac.cat\\\/desgranem-crisis-respostes-feminismes-illeure\\\/#breadcrumb\"},\"inLanguage\":\"es\",\"potentialAction\":[{\"@type\":\"ReadAction\",\"target\":[\"https:\\\/\\\/www.esplac.cat\\\/desgranem-crisis-respostes-feminismes-illeure\\\/\"]}]},{\"@type\":\"ImageObject\",\"inLanguage\":\"es\",\"@id\":\"https:\\\/\\\/www.esplac.cat\\\/desgranem-crisis-respostes-feminismes-illeure\\\/#primaryimage\",\"url\":\"https:\\\/\\\/www.esplac.cat\\\/wp-content\\\/uploads\\\/2024\\\/11\\\/Jornades_Lleure_Feminismes.jpg\",\"contentUrl\":\"https:\\\/\\\/www.esplac.cat\\\/wp-content\\\/uploads\\\/2024\\\/11\\\/Jornades_Lleure_Feminismes.jpg\",\"width\":1697,\"height\":700,\"caption\":\"jornades lleure\"},{\"@type\":\"BreadcrumbList\",\"@id\":\"https:\\\/\\\/www.esplac.cat\\\/desgranem-crisis-respostes-feminismes-illeure\\\/#breadcrumb\",\"itemListElement\":[{\"@type\":\"ListItem\",\"position\":1,\"name\":\"Inici\",\"item\":\"https:\\\/\\\/www.esplac.cat\\\/es\\\/\"},{\"@type\":\"ListItem\",\"position\":2,\"name\":\"Desgranem les crisis: respostes des dels feminismes i el lleure\"}]},{\"@type\":\"WebSite\",\"@id\":\"https:\\\/\\\/www.esplac.cat\\\/#website\",\"url\":\"https:\\\/\\\/www.esplac.cat\\\/\",\"name\":\"Esplac\",\"description\":\"Esplais Catalans\",\"publisher\":{\"@id\":\"https:\\\/\\\/www.esplac.cat\\\/#organization\"},\"potentialAction\":[{\"@type\":\"SearchAction\",\"target\":{\"@type\":\"EntryPoint\",\"urlTemplate\":\"https:\\\/\\\/www.esplac.cat\\\/?s={search_term_string}\"},\"query-input\":{\"@type\":\"PropertyValueSpecification\",\"valueRequired\":true,\"valueName\":\"search_term_string\"}}],\"inLanguage\":\"es\"},{\"@type\":\"Organization\",\"@id\":\"https:\\\/\\\/www.esplac.cat\\\/#organization\",\"name\":\"Esplac\",\"url\":\"https:\\\/\\\/www.esplac.cat\\\/\",\"logo\":{\"@type\":\"ImageObject\",\"inLanguage\":\"es\",\"@id\":\"https:\\\/\\\/www.esplac.cat\\\/#\\\/schema\\\/logo\\\/image\\\/\",\"url\":\"https:\\\/\\\/www.esplac.cat\\\/wp-content\\\/uploads\\\/2019\\\/08\\\/logox2.png\",\"contentUrl\":\"https:\\\/\\\/www.esplac.cat\\\/wp-content\\\/uploads\\\/2019\\\/08\\\/logox2.png\",\"width\":600,\"height\":295,\"caption\":\"Esplac\"},\"image\":{\"@id\":\"https:\\\/\\\/www.esplac.cat\\\/#\\\/schema\\\/logo\\\/image\\\/\"}},{\"@type\":\"Person\",\"@id\":\"https:\\\/\\\/www.esplac.cat\\\/#\\\/schema\\\/person\\\/908383cf240be18b68f8855d0583faca\",\"name\":\"Comunicaci\u00f3 Esplac\",\"image\":{\"@type\":\"ImageObject\",\"inLanguage\":\"es\",\"@id\":\"https:\\\/\\\/secure.gravatar.com\\\/avatar\\\/7a4cf8feb412a76ea4a740ca02d95b06b2907b5a6c648c2dd0a1082a093c3141?s=96&d=mm&r=g\",\"url\":\"https:\\\/\\\/secure.gravatar.com\\\/avatar\\\/7a4cf8feb412a76ea4a740ca02d95b06b2907b5a6c648c2dd0a1082a093c3141?s=96&d=mm&r=g\",\"contentUrl\":\"https:\\\/\\\/secure.gravatar.com\\\/avatar\\\/7a4cf8feb412a76ea4a740ca02d95b06b2907b5a6c648c2dd0a1082a093c3141?s=96&d=mm&r=g\",\"caption\":\"Comunicaci\u00f3 Esplac\"}}]}<\/script>\n<!-- \/ Yoast SEO plugin. -->","yoast_head_json":{"title":"Desgranem les crisis: respostes des dels feminismes i el lleure - Esplac","description":"Celebrem la XIV edici\u00f3 de les Jornades de Lleure i Feminisme, on hi han participat una cinquantena de persones.","robots":{"index":"index","follow":"follow","max-snippet":"max-snippet:-1","max-image-preview":"max-image-preview:large","max-video-preview":"max-video-preview:-1"},"canonical":"https:\/\/www.esplac.cat\/desgranem-crisis-respostes-feminismes-illeure\/","og_locale":"es_ES","og_type":"article","og_title":"Desgranem les crisis: respostes des dels feminismes i el lleure - Esplac","og_description":"Celebrem la XIV edici\u00f3 de les Jornades de Lleure i Feminisme, on hi han participat una cinquantena de persones.","og_url":"https:\/\/www.esplac.cat\/desgranem-crisis-respostes-feminismes-illeure\/","og_site_name":"Esplac","article_published_time":"2024-11-05T07:36:15+00:00","article_modified_time":"2024-11-14T09:23:43+00:00","og_image":[{"width":1697,"height":700,"url":"https:\/\/www.esplac.cat\/wp-content\/uploads\/2024\/11\/Jornades_Lleure_Feminismes.jpg","type":"image\/jpeg"}],"author":"Comunicaci\u00f3 Esplac","twitter_card":"summary_large_image","twitter_misc":{"Escrito por":"Comunicaci\u00f3 Esplac","Tiempo de lectura":"4 minutos"},"schema":{"@context":"https:\/\/schema.org","@graph":[{"@type":"Article","@id":"https:\/\/www.esplac.cat\/desgranem-crisis-respostes-feminismes-illeure\/#article","isPartOf":{"@id":"https:\/\/www.esplac.cat\/desgranem-crisis-respostes-feminismes-illeure\/"},"author":{"name":"Comunicaci\u00f3 Esplac","@id":"https:\/\/www.esplac.cat\/#\/schema\/person\/908383cf240be18b68f8855d0583faca"},"headline":"Desgranem les crisis: respostes des dels feminismes i el lleure","datePublished":"2024-11-05T07:36:15+00:00","dateModified":"2024-11-14T09:23:43+00:00","mainEntityOfPage":{"@id":"https:\/\/www.esplac.cat\/desgranem-crisis-respostes-feminismes-illeure\/"},"wordCount":1854,"publisher":{"@id":"https:\/\/www.esplac.cat\/#organization"},"image":{"@id":"https:\/\/www.esplac.cat\/desgranem-crisis-respostes-feminismes-illeure\/#primaryimage"},"thumbnailUrl":"https:\/\/www.esplac.cat\/wp-content\/uploads\/2024\/11\/Jornades_Lleure_Feminismes.jpg","articleSection":["Jornades de Lleure i Feminismes","Sense categoria"],"inLanguage":"es"},{"@type":"WebPage","@id":"https:\/\/www.esplac.cat\/desgranem-crisis-respostes-feminismes-illeure\/","url":"https:\/\/www.esplac.cat\/desgranem-crisis-respostes-feminismes-illeure\/","name":"Desgranem les crisis: respostes des dels feminismes i el lleure - Esplac","isPartOf":{"@id":"https:\/\/www.esplac.cat\/#website"},"primaryImageOfPage":{"@id":"https:\/\/www.esplac.cat\/desgranem-crisis-respostes-feminismes-illeure\/#primaryimage"},"image":{"@id":"https:\/\/www.esplac.cat\/desgranem-crisis-respostes-feminismes-illeure\/#primaryimage"},"thumbnailUrl":"https:\/\/www.esplac.cat\/wp-content\/uploads\/2024\/11\/Jornades_Lleure_Feminismes.jpg","datePublished":"2024-11-05T07:36:15+00:00","dateModified":"2024-11-14T09:23:43+00:00","description":"Celebrem la XIV edici\u00f3 de les Jornades de Lleure i Feminisme, on hi han participat una cinquantena de persones.","breadcrumb":{"@id":"https:\/\/www.esplac.cat\/desgranem-crisis-respostes-feminismes-illeure\/#breadcrumb"},"inLanguage":"es","potentialAction":[{"@type":"ReadAction","target":["https:\/\/www.esplac.cat\/desgranem-crisis-respostes-feminismes-illeure\/"]}]},{"@type":"ImageObject","inLanguage":"es","@id":"https:\/\/www.esplac.cat\/desgranem-crisis-respostes-feminismes-illeure\/#primaryimage","url":"https:\/\/www.esplac.cat\/wp-content\/uploads\/2024\/11\/Jornades_Lleure_Feminismes.jpg","contentUrl":"https:\/\/www.esplac.cat\/wp-content\/uploads\/2024\/11\/Jornades_Lleure_Feminismes.jpg","width":1697,"height":700,"caption":"jornades lleure"},{"@type":"BreadcrumbList","@id":"https:\/\/www.esplac.cat\/desgranem-crisis-respostes-feminismes-illeure\/#breadcrumb","itemListElement":[{"@type":"ListItem","position":1,"name":"Inici","item":"https:\/\/www.esplac.cat\/es\/"},{"@type":"ListItem","position":2,"name":"Desgranem les crisis: respostes des dels feminismes i el lleure"}]},{"@type":"WebSite","@id":"https:\/\/www.esplac.cat\/#website","url":"https:\/\/www.esplac.cat\/","name":"Esplac","description":"Esplais Catalans","publisher":{"@id":"https:\/\/www.esplac.cat\/#organization"},"potentialAction":[{"@type":"SearchAction","target":{"@type":"EntryPoint","urlTemplate":"https:\/\/www.esplac.cat\/?s={search_term_string}"},"query-input":{"@type":"PropertyValueSpecification","valueRequired":true,"valueName":"search_term_string"}}],"inLanguage":"es"},{"@type":"Organization","@id":"https:\/\/www.esplac.cat\/#organization","name":"Esplac","url":"https:\/\/www.esplac.cat\/","logo":{"@type":"ImageObject","inLanguage":"es","@id":"https:\/\/www.esplac.cat\/#\/schema\/logo\/image\/","url":"https:\/\/www.esplac.cat\/wp-content\/uploads\/2019\/08\/logox2.png","contentUrl":"https:\/\/www.esplac.cat\/wp-content\/uploads\/2019\/08\/logox2.png","width":600,"height":295,"caption":"Esplac"},"image":{"@id":"https:\/\/www.esplac.cat\/#\/schema\/logo\/image\/"}},{"@type":"Person","@id":"https:\/\/www.esplac.cat\/#\/schema\/person\/908383cf240be18b68f8855d0583faca","name":"Comunicaci\u00f3 Esplac","image":{"@type":"ImageObject","inLanguage":"es","@id":"https:\/\/secure.gravatar.com\/avatar\/7a4cf8feb412a76ea4a740ca02d95b06b2907b5a6c648c2dd0a1082a093c3141?s=96&d=mm&r=g","url":"https:\/\/secure.gravatar.com\/avatar\/7a4cf8feb412a76ea4a740ca02d95b06b2907b5a6c648c2dd0a1082a093c3141?s=96&d=mm&r=g","contentUrl":"https:\/\/secure.gravatar.com\/avatar\/7a4cf8feb412a76ea4a740ca02d95b06b2907b5a6c648c2dd0a1082a093c3141?s=96&d=mm&r=g","caption":"Comunicaci\u00f3 Esplac"}}]}},"_links":{"self":[{"href":"https:\/\/www.esplac.cat\/es\/wp-json\/wp\/v2\/posts\/51590","targetHints":{"allow":["GET"]}}],"collection":[{"href":"https:\/\/www.esplac.cat\/es\/wp-json\/wp\/v2\/posts"}],"about":[{"href":"https:\/\/www.esplac.cat\/es\/wp-json\/wp\/v2\/types\/post"}],"author":[{"embeddable":true,"href":"https:\/\/www.esplac.cat\/es\/wp-json\/wp\/v2\/users\/3"}],"replies":[{"embeddable":true,"href":"https:\/\/www.esplac.cat\/es\/wp-json\/wp\/v2\/comments?post=51590"}],"version-history":[{"count":4,"href":"https:\/\/www.esplac.cat\/es\/wp-json\/wp\/v2\/posts\/51590\/revisions"}],"predecessor-version":[{"id":51691,"href":"https:\/\/www.esplac.cat\/es\/wp-json\/wp\/v2\/posts\/51590\/revisions\/51691"}],"wp:featuredmedia":[{"embeddable":true,"href":"https:\/\/www.esplac.cat\/es\/wp-json\/wp\/v2\/media\/51598"}],"wp:attachment":[{"href":"https:\/\/www.esplac.cat\/es\/wp-json\/wp\/v2\/media?parent=51590"}],"wp:term":[{"taxonomy":"category","embeddable":true,"href":"https:\/\/www.esplac.cat\/es\/wp-json\/wp\/v2\/categories?post=51590"},{"taxonomy":"post_tag","embeddable":true,"href":"https:\/\/www.esplac.cat\/es\/wp-json\/wp\/v2\/tags?post=51590"}],"curies":[{"name":"wp","href":"https:\/\/api.w.org\/{rel}","templated":true}]}}