{"id":51753,"date":"2024-11-20T17:54:25","date_gmt":"2024-11-20T15:54:25","guid":{"rendered":"https:\/\/www.esplac.cat\/?p=51753"},"modified":"2025-03-27T14:55:38","modified_gmt":"2025-03-27T12:55:38","slug":"trobada-monis-barcelona-exir-participacio","status":"publish","type":"post","link":"https:\/\/www.esplac.cat\/es\/trobada-monis-barcelona-exir-participacio\/","title":{"rendered":"La Trobada de Monis de Barcelona, tot un \u00e8xit de participaci\u00f3!"},"content":{"rendered":"<div class=\"fusion-fullwidth fullwidth-box fusion-builder-row-1 fusion-flex-container has-pattern-background has-mask-background nonhundred-percent-fullwidth non-hundred-percent-height-scrolling\" style=\"--awb-border-radius-top-left:0px;--awb-border-radius-top-right:0px;--awb-border-radius-bottom-right:0px;--awb-border-radius-bottom-left:0px;--awb-flex-wrap:wrap;\" ><div class=\"fusion-builder-row fusion-row fusion-flex-align-items-flex-start fusion-flex-content-wrap\" style=\"max-width:1248px;margin-left: calc(-4% \/ 2 );margin-right: calc(-4% \/ 2 );\"><div class=\"fusion-layout-column fusion_builder_column fusion-builder-column-0 fusion_builder_column_1_1 1_1 fusion-flex-column\" style=\"--awb-bg-size:cover;--awb-width-large:100%;--awb-margin-top-large:0px;--awb-spacing-right-large:1.92%;--awb-margin-bottom-large:20px;--awb-spacing-left-large:1.92%;--awb-width-medium:100%;--awb-order-medium:0;--awb-spacing-right-medium:1.92%;--awb-spacing-left-medium:1.92%;--awb-width-small:100%;--awb-order-small:0;--awb-spacing-right-small:1.92%;--awb-spacing-left-small:1.92%;\"><div class=\"fusion-column-wrapper fusion-column-has-shadow fusion-flex-justify-content-flex-start fusion-content-layout-column\"><div class=\"fusion-text fusion-text-1\"><h6><strong>Gaireb\u00e9 300 persones han participat a la Trobada de Monis dels tres sectors de Barcelona, una activitat que creix any rere any.<\/strong><\/h6>\n<p>El cap de setmana del 16 i 17 de novembre s\u2019ha celebrat la <strong>Trobada de monis de Barcelona<\/strong> a la casa de col\u00f2nies Artur Martorell, a Calafell, amb la participaci\u00f3 de <strong>290 monis de 21 esplais diferents<\/strong>. La trobada \u00e9s l\u2019activitat que dona tret d\u2019inici al curs, generant un espai de retrobament i caliu entre les monitores i els monitors de la ciutat. Aquesta \u00e9s una de les activitats amb m\u00e9s pes pels tres sectors que l\u2019autogestionen i gaudeixen, el <span style=\"color: #f69d0b;\"><a style=\"color: #f69d0b;\" href=\"https:\/\/www.esplac.cat\/sectors-geografics\/barcelona-nord-est\/\" target=\"_blank\" rel=\"noopener\"><strong>Sector Barcelona Nord-Est<\/strong><\/a><\/span>, el <span style=\"color: #f69d0b;\"><a style=\"color: #f69d0b;\" href=\"https:\/\/www.esplac.cat\/sectors-geografics\/barcelona-oest\/\" target=\"_blank\" rel=\"noopener\"><strong>Sector Barcelona Oest<\/strong><\/a><\/span> i el <span style=\"color: #f69d0b;\"><a style=\"color: #f69d0b;\" href=\"https:\/\/www.esplac.cat\/sectors-geografics\/barcelona-sud\/\" target=\"_blank\" rel=\"noopener\"><strong>Sector Barcelona Sud<\/strong><\/a><\/span>.<\/p>\n<p>Enguany, el grup motor que ha preparat l\u2019activitat ha estat conformat per 8 monis representants dels tres sectors, l\u2019equip d\u2019EGS respectiu i les dues t\u00e8cniques dels sectors. L\u2019eix central de l\u2019activitat ha girat al voltant dels <strong>discursos d\u2019odi i la desafecci\u00f3 pol\u00edtica<\/strong>, dos fen\u00f2mens que es troben a l\u2019ordre del dia de la tasca educativa dels esplais.<\/p>\n<p>La tarda de dissabte ha comptat amb <strong>10 espais formatius simultanis<\/strong> on les monitores i monitors s&#8217;han pogut formar sobre algun aspecte relacionat amb la tem\u00e0tica de la trobada. Les participants han valorat molt positivament els diferents espais formatius, sobretot pel que fa a la nova aposta de focalitzar la trobada en un mateix tema.<\/p>\n<p>Acabades les formacions, ha arribat el moment de sopar i comen\u00e7ar a preparar el cl\u00e0ssic <strong>concurs de balls<\/strong> de la trobada: una mostra de talents coreogr\u00e0fics on la competici\u00f3 i l\u2019originalitat enfronten els espais dels sectors per proclamar els reis de la pista. Enguany, els tres esplais guanyadors s\u2019han endut de premi una tenda, un cremador, una bombona, una cadira de c\u00e0mping i un fanalet! Diumenge, s&#8217;ha fet un torneig de v\u00f2lei i despr\u00e9s una carmanyolada popular!<\/p>\n<p>Els sectors de Barcelona estan molt contents de la trobada. Segur que ha estat plena d\u2019an\u00e8cdotes i aprenentatges!<\/p>\n<\/div><div class=\"fusion-image-element \" style=\"--awb-caption-title-font-family:var(--h2_typography-font-family);--awb-caption-title-font-weight:var(--h2_typography-font-weight);--awb-caption-title-font-style:var(--h2_typography-font-style);--awb-caption-title-size:var(--h2_typography-font-size);--awb-caption-title-transform:var(--h2_typography-text-transform);--awb-caption-title-line-height:var(--h2_typography-line-height);--awb-caption-title-letter-spacing:var(--h2_typography-letter-spacing);\"><span class=\" fusion-imageframe imageframe-none imageframe-1 hover-type-none\"><img decoding=\"async\" width=\"1697\" height=\"700\" title=\"Logo_BCN (1)\" src=\"https:\/\/www.esplac.cat\/wp-content\/uploads\/2024\/11\/Logo_BCN-1-1.png\" alt class=\"img-responsive wp-image-53331\" srcset=\"https:\/\/www.esplac.cat\/wp-content\/uploads\/2024\/11\/Logo_BCN-1-1-200x82.png 200w, https:\/\/www.esplac.cat\/wp-content\/uploads\/2024\/11\/Logo_BCN-1-1-400x165.png 400w, https:\/\/www.esplac.cat\/wp-content\/uploads\/2024\/11\/Logo_BCN-1-1-600x247.png 600w, https:\/\/www.esplac.cat\/wp-content\/uploads\/2024\/11\/Logo_BCN-1-1-800x330.png 800w, https:\/\/www.esplac.cat\/wp-content\/uploads\/2024\/11\/Logo_BCN-1-1-1200x495.png 1200w, https:\/\/www.esplac.cat\/wp-content\/uploads\/2024\/11\/Logo_BCN-1-1.png 1697w\" sizes=\"(max-width: 1024px) 100vw, (max-width: 640px) 100vw, 1200px\" \/><\/span><\/div><\/div><\/div><\/div><\/div>\n","protected":false},"excerpt":{"rendered":"","protected":false},"author":3,"featured_media":51756,"comment_status":"closed","ping_status":"closed","sticky":false,"template":"","format":"standard","meta":{"om_disable_all_campaigns":false,"_monsterinsights_skip_tracking":false,"_monsterinsights_sitenote_active":false,"_monsterinsights_sitenote_note":"","_monsterinsights_sitenote_category":0,"_uf_show_specific_survey":0,"_uf_disable_surveys":false,"footnotes":""},"categories":[1110,1398,1399,1397,1],"tags":[],"class_list":["post-51753","post","type-post","status-publish","format-standard","has-post-thumbnail","hentry","category-activitats-sectors","category-sector-barcelona-nord-est","category-sector-barcelona-oest","category-sector-barcelona-sud","category-sense-categoria"],"yoast_head":"<!-- This site is optimized with the Yoast SEO plugin v27.4 - https:\/\/yoast.com\/product\/yoast-seo-wordpress\/ -->\n<title>La Trobada de Monis de Barcelona, tot un \u00e8xit de participaci\u00f3! - Esplac<\/title>\n<meta name=\"description\" content=\"El cap de setmana del 16 i 17 de novembre s\u2019ha celebrat la Trobada de monis de Barcelona, amb la participaci\u00f3 de 290 monis de 21 esplais diferents.\" \/>\n<meta name=\"robots\" content=\"index, follow, max-snippet:-1, max-image-preview:large, max-video-preview:-1\" \/>\n<link rel=\"canonical\" href=\"https:\/\/www.esplac.cat\/trobada-monis-barcelona-exir-participacio\/\" \/>\n<meta property=\"og:locale\" content=\"es_ES\" \/>\n<meta property=\"og:type\" content=\"article\" \/>\n<meta property=\"og:title\" content=\"La Trobada de Monis de Barcelona, tot un \u00e8xit de participaci\u00f3! - Esplac\" \/>\n<meta property=\"og:description\" content=\"El cap de setmana del 16 i 17 de novembre s\u2019ha celebrat la Trobada de monis de Barcelona, amb la participaci\u00f3 de 290 monis de 21 esplais diferents.\" \/>\n<meta property=\"og:url\" content=\"https:\/\/www.esplac.cat\/trobada-monis-barcelona-exir-participacio\/\" \/>\n<meta property=\"og:site_name\" content=\"Esplac\" \/>\n<meta property=\"article:published_time\" content=\"2024-11-20T15:54:25+00:00\" \/>\n<meta property=\"article:modified_time\" content=\"2025-03-27T12:55:38+00:00\" \/>\n<meta property=\"og:image\" content=\"https:\/\/www.esplac.cat\/wp-content\/uploads\/2024\/11\/Trobada_monis_BCN_Post.jpg\" \/>\n\t<meta property=\"og:image:width\" content=\"1697\" \/>\n\t<meta property=\"og:image:height\" content=\"700\" \/>\n\t<meta property=\"og:image:type\" content=\"image\/jpeg\" \/>\n<meta name=\"author\" content=\"Comunicaci\u00f3 Esplac\" \/>\n<meta name=\"twitter:card\" content=\"summary_large_image\" \/>\n<meta name=\"twitter:label1\" content=\"Escrito por\" \/>\n\t<meta name=\"twitter:data1\" content=\"Comunicaci\u00f3 Esplac\" \/>\n\t<meta name=\"twitter:label2\" content=\"Tiempo de lectura\" \/>\n\t<meta name=\"twitter:data2\" content=\"3 minutos\" \/>\n<script type=\"application\/ld+json\" class=\"yoast-schema-graph\">{\"@context\":\"https:\\\/\\\/schema.org\",\"@graph\":[{\"@type\":\"Article\",\"@id\":\"https:\\\/\\\/www.esplac.cat\\\/trobada-monis-barcelona-exir-participacio\\\/#article\",\"isPartOf\":{\"@id\":\"https:\\\/\\\/www.esplac.cat\\\/trobada-monis-barcelona-exir-participacio\\\/\"},\"author\":{\"name\":\"Comunicaci\u00f3 Esplac\",\"@id\":\"https:\\\/\\\/www.esplac.cat\\\/#\\\/schema\\\/person\\\/908383cf240be18b68f8855d0583faca\"},\"headline\":\"La Trobada de Monis de Barcelona, tot un \u00e8xit de participaci\u00f3!\",\"datePublished\":\"2024-11-20T15:54:25+00:00\",\"dateModified\":\"2025-03-27T12:55:38+00:00\",\"mainEntityOfPage\":{\"@id\":\"https:\\\/\\\/www.esplac.cat\\\/trobada-monis-barcelona-exir-participacio\\\/\"},\"wordCount\":1602,\"publisher\":{\"@id\":\"https:\\\/\\\/www.esplac.cat\\\/#organization\"},\"image\":{\"@id\":\"https:\\\/\\\/www.esplac.cat\\\/trobada-monis-barcelona-exir-participacio\\\/#primaryimage\"},\"thumbnailUrl\":\"https:\\\/\\\/www.esplac.cat\\\/wp-content\\\/uploads\\\/2024\\\/11\\\/Trobada_monis_BCN_Post.jpg\",\"articleSection\":[\"Activitats sectors\",\"Sector Barcelona Nord-Est\",\"Sector Barcelona Oest\",\"Sector Barcelona Sud\",\"Sense categoria\"],\"inLanguage\":\"es\"},{\"@type\":\"WebPage\",\"@id\":\"https:\\\/\\\/www.esplac.cat\\\/trobada-monis-barcelona-exir-participacio\\\/\",\"url\":\"https:\\\/\\\/www.esplac.cat\\\/trobada-monis-barcelona-exir-participacio\\\/\",\"name\":\"La Trobada de Monis de Barcelona, tot un \u00e8xit de participaci\u00f3! - Esplac\",\"isPartOf\":{\"@id\":\"https:\\\/\\\/www.esplac.cat\\\/#website\"},\"primaryImageOfPage\":{\"@id\":\"https:\\\/\\\/www.esplac.cat\\\/trobada-monis-barcelona-exir-participacio\\\/#primaryimage\"},\"image\":{\"@id\":\"https:\\\/\\\/www.esplac.cat\\\/trobada-monis-barcelona-exir-participacio\\\/#primaryimage\"},\"thumbnailUrl\":\"https:\\\/\\\/www.esplac.cat\\\/wp-content\\\/uploads\\\/2024\\\/11\\\/Trobada_monis_BCN_Post.jpg\",\"datePublished\":\"2024-11-20T15:54:25+00:00\",\"dateModified\":\"2025-03-27T12:55:38+00:00\",\"description\":\"El cap de setmana del 16 i 17 de novembre s\u2019ha celebrat la Trobada de monis de Barcelona, amb la participaci\u00f3 de 290 monis de 21 esplais diferents.\",\"breadcrumb\":{\"@id\":\"https:\\\/\\\/www.esplac.cat\\\/trobada-monis-barcelona-exir-participacio\\\/#breadcrumb\"},\"inLanguage\":\"es\",\"potentialAction\":[{\"@type\":\"ReadAction\",\"target\":[\"https:\\\/\\\/www.esplac.cat\\\/trobada-monis-barcelona-exir-participacio\\\/\"]}]},{\"@type\":\"ImageObject\",\"inLanguage\":\"es\",\"@id\":\"https:\\\/\\\/www.esplac.cat\\\/trobada-monis-barcelona-exir-participacio\\\/#primaryimage\",\"url\":\"https:\\\/\\\/www.esplac.cat\\\/wp-content\\\/uploads\\\/2024\\\/11\\\/Trobada_monis_BCN_Post.jpg\",\"contentUrl\":\"https:\\\/\\\/www.esplac.cat\\\/wp-content\\\/uploads\\\/2024\\\/11\\\/Trobada_monis_BCN_Post.jpg\",\"width\":1697,\"height\":700,\"caption\":\"monis barcelona\"},{\"@type\":\"BreadcrumbList\",\"@id\":\"https:\\\/\\\/www.esplac.cat\\\/trobada-monis-barcelona-exir-participacio\\\/#breadcrumb\",\"itemListElement\":[{\"@type\":\"ListItem\",\"position\":1,\"name\":\"Inici\",\"item\":\"https:\\\/\\\/www.esplac.cat\\\/es\\\/\"},{\"@type\":\"ListItem\",\"position\":2,\"name\":\"La Trobada de Monis de Barcelona, tot un \u00e8xit de participaci\u00f3!\"}]},{\"@type\":\"WebSite\",\"@id\":\"https:\\\/\\\/www.esplac.cat\\\/#website\",\"url\":\"https:\\\/\\\/www.esplac.cat\\\/\",\"name\":\"Esplac\",\"description\":\"Esplais Catalans\",\"publisher\":{\"@id\":\"https:\\\/\\\/www.esplac.cat\\\/#organization\"},\"potentialAction\":[{\"@type\":\"SearchAction\",\"target\":{\"@type\":\"EntryPoint\",\"urlTemplate\":\"https:\\\/\\\/www.esplac.cat\\\/?s={search_term_string}\"},\"query-input\":{\"@type\":\"PropertyValueSpecification\",\"valueRequired\":true,\"valueName\":\"search_term_string\"}}],\"inLanguage\":\"es\"},{\"@type\":\"Organization\",\"@id\":\"https:\\\/\\\/www.esplac.cat\\\/#organization\",\"name\":\"Esplac\",\"url\":\"https:\\\/\\\/www.esplac.cat\\\/\",\"logo\":{\"@type\":\"ImageObject\",\"inLanguage\":\"es\",\"@id\":\"https:\\\/\\\/www.esplac.cat\\\/#\\\/schema\\\/logo\\\/image\\\/\",\"url\":\"https:\\\/\\\/www.esplac.cat\\\/wp-content\\\/uploads\\\/2019\\\/08\\\/logox2.png\",\"contentUrl\":\"https:\\\/\\\/www.esplac.cat\\\/wp-content\\\/uploads\\\/2019\\\/08\\\/logox2.png\",\"width\":600,\"height\":295,\"caption\":\"Esplac\"},\"image\":{\"@id\":\"https:\\\/\\\/www.esplac.cat\\\/#\\\/schema\\\/logo\\\/image\\\/\"}},{\"@type\":\"Person\",\"@id\":\"https:\\\/\\\/www.esplac.cat\\\/#\\\/schema\\\/person\\\/908383cf240be18b68f8855d0583faca\",\"name\":\"Comunicaci\u00f3 Esplac\",\"image\":{\"@type\":\"ImageObject\",\"inLanguage\":\"es\",\"@id\":\"https:\\\/\\\/secure.gravatar.com\\\/avatar\\\/7a4cf8feb412a76ea4a740ca02d95b06b2907b5a6c648c2dd0a1082a093c3141?s=96&d=mm&r=g\",\"url\":\"https:\\\/\\\/secure.gravatar.com\\\/avatar\\\/7a4cf8feb412a76ea4a740ca02d95b06b2907b5a6c648c2dd0a1082a093c3141?s=96&d=mm&r=g\",\"contentUrl\":\"https:\\\/\\\/secure.gravatar.com\\\/avatar\\\/7a4cf8feb412a76ea4a740ca02d95b06b2907b5a6c648c2dd0a1082a093c3141?s=96&d=mm&r=g\",\"caption\":\"Comunicaci\u00f3 Esplac\"}}]}<\/script>\n<!-- \/ Yoast SEO plugin. -->","yoast_head_json":{"title":"La Trobada de Monis de Barcelona, tot un \u00e8xit de participaci\u00f3! - Esplac","description":"El cap de setmana del 16 i 17 de novembre s\u2019ha celebrat la Trobada de monis de Barcelona, amb la participaci\u00f3 de 290 monis de 21 esplais diferents.","robots":{"index":"index","follow":"follow","max-snippet":"max-snippet:-1","max-image-preview":"max-image-preview:large","max-video-preview":"max-video-preview:-1"},"canonical":"https:\/\/www.esplac.cat\/trobada-monis-barcelona-exir-participacio\/","og_locale":"es_ES","og_type":"article","og_title":"La Trobada de Monis de Barcelona, tot un \u00e8xit de participaci\u00f3! - Esplac","og_description":"El cap de setmana del 16 i 17 de novembre s\u2019ha celebrat la Trobada de monis de Barcelona, amb la participaci\u00f3 de 290 monis de 21 esplais diferents.","og_url":"https:\/\/www.esplac.cat\/trobada-monis-barcelona-exir-participacio\/","og_site_name":"Esplac","article_published_time":"2024-11-20T15:54:25+00:00","article_modified_time":"2025-03-27T12:55:38+00:00","og_image":[{"width":1697,"height":700,"url":"https:\/\/www.esplac.cat\/wp-content\/uploads\/2024\/11\/Trobada_monis_BCN_Post.jpg","type":"image\/jpeg"}],"author":"Comunicaci\u00f3 Esplac","twitter_card":"summary_large_image","twitter_misc":{"Escrito por":"Comunicaci\u00f3 Esplac","Tiempo de lectura":"3 minutos"},"schema":{"@context":"https:\/\/schema.org","@graph":[{"@type":"Article","@id":"https:\/\/www.esplac.cat\/trobada-monis-barcelona-exir-participacio\/#article","isPartOf":{"@id":"https:\/\/www.esplac.cat\/trobada-monis-barcelona-exir-participacio\/"},"author":{"name":"Comunicaci\u00f3 Esplac","@id":"https:\/\/www.esplac.cat\/#\/schema\/person\/908383cf240be18b68f8855d0583faca"},"headline":"La Trobada de Monis de Barcelona, tot un \u00e8xit de participaci\u00f3!","datePublished":"2024-11-20T15:54:25+00:00","dateModified":"2025-03-27T12:55:38+00:00","mainEntityOfPage":{"@id":"https:\/\/www.esplac.cat\/trobada-monis-barcelona-exir-participacio\/"},"wordCount":1602,"publisher":{"@id":"https:\/\/www.esplac.cat\/#organization"},"image":{"@id":"https:\/\/www.esplac.cat\/trobada-monis-barcelona-exir-participacio\/#primaryimage"},"thumbnailUrl":"https:\/\/www.esplac.cat\/wp-content\/uploads\/2024\/11\/Trobada_monis_BCN_Post.jpg","articleSection":["Activitats sectors","Sector Barcelona Nord-Est","Sector Barcelona Oest","Sector Barcelona Sud","Sense categoria"],"inLanguage":"es"},{"@type":"WebPage","@id":"https:\/\/www.esplac.cat\/trobada-monis-barcelona-exir-participacio\/","url":"https:\/\/www.esplac.cat\/trobada-monis-barcelona-exir-participacio\/","name":"La Trobada de Monis de Barcelona, tot un \u00e8xit de participaci\u00f3! - Esplac","isPartOf":{"@id":"https:\/\/www.esplac.cat\/#website"},"primaryImageOfPage":{"@id":"https:\/\/www.esplac.cat\/trobada-monis-barcelona-exir-participacio\/#primaryimage"},"image":{"@id":"https:\/\/www.esplac.cat\/trobada-monis-barcelona-exir-participacio\/#primaryimage"},"thumbnailUrl":"https:\/\/www.esplac.cat\/wp-content\/uploads\/2024\/11\/Trobada_monis_BCN_Post.jpg","datePublished":"2024-11-20T15:54:25+00:00","dateModified":"2025-03-27T12:55:38+00:00","description":"El cap de setmana del 16 i 17 de novembre s\u2019ha celebrat la Trobada de monis de Barcelona, amb la participaci\u00f3 de 290 monis de 21 esplais diferents.","breadcrumb":{"@id":"https:\/\/www.esplac.cat\/trobada-monis-barcelona-exir-participacio\/#breadcrumb"},"inLanguage":"es","potentialAction":[{"@type":"ReadAction","target":["https:\/\/www.esplac.cat\/trobada-monis-barcelona-exir-participacio\/"]}]},{"@type":"ImageObject","inLanguage":"es","@id":"https:\/\/www.esplac.cat\/trobada-monis-barcelona-exir-participacio\/#primaryimage","url":"https:\/\/www.esplac.cat\/wp-content\/uploads\/2024\/11\/Trobada_monis_BCN_Post.jpg","contentUrl":"https:\/\/www.esplac.cat\/wp-content\/uploads\/2024\/11\/Trobada_monis_BCN_Post.jpg","width":1697,"height":700,"caption":"monis barcelona"},{"@type":"BreadcrumbList","@id":"https:\/\/www.esplac.cat\/trobada-monis-barcelona-exir-participacio\/#breadcrumb","itemListElement":[{"@type":"ListItem","position":1,"name":"Inici","item":"https:\/\/www.esplac.cat\/es\/"},{"@type":"ListItem","position":2,"name":"La Trobada de Monis de Barcelona, tot un \u00e8xit de participaci\u00f3!"}]},{"@type":"WebSite","@id":"https:\/\/www.esplac.cat\/#website","url":"https:\/\/www.esplac.cat\/","name":"Esplac","description":"Esplais Catalans","publisher":{"@id":"https:\/\/www.esplac.cat\/#organization"},"potentialAction":[{"@type":"SearchAction","target":{"@type":"EntryPoint","urlTemplate":"https:\/\/www.esplac.cat\/?s={search_term_string}"},"query-input":{"@type":"PropertyValueSpecification","valueRequired":true,"valueName":"search_term_string"}}],"inLanguage":"es"},{"@type":"Organization","@id":"https:\/\/www.esplac.cat\/#organization","name":"Esplac","url":"https:\/\/www.esplac.cat\/","logo":{"@type":"ImageObject","inLanguage":"es","@id":"https:\/\/www.esplac.cat\/#\/schema\/logo\/image\/","url":"https:\/\/www.esplac.cat\/wp-content\/uploads\/2019\/08\/logox2.png","contentUrl":"https:\/\/www.esplac.cat\/wp-content\/uploads\/2019\/08\/logox2.png","width":600,"height":295,"caption":"Esplac"},"image":{"@id":"https:\/\/www.esplac.cat\/#\/schema\/logo\/image\/"}},{"@type":"Person","@id":"https:\/\/www.esplac.cat\/#\/schema\/person\/908383cf240be18b68f8855d0583faca","name":"Comunicaci\u00f3 Esplac","image":{"@type":"ImageObject","inLanguage":"es","@id":"https:\/\/secure.gravatar.com\/avatar\/7a4cf8feb412a76ea4a740ca02d95b06b2907b5a6c648c2dd0a1082a093c3141?s=96&d=mm&r=g","url":"https:\/\/secure.gravatar.com\/avatar\/7a4cf8feb412a76ea4a740ca02d95b06b2907b5a6c648c2dd0a1082a093c3141?s=96&d=mm&r=g","contentUrl":"https:\/\/secure.gravatar.com\/avatar\/7a4cf8feb412a76ea4a740ca02d95b06b2907b5a6c648c2dd0a1082a093c3141?s=96&d=mm&r=g","caption":"Comunicaci\u00f3 Esplac"}}]}},"_links":{"self":[{"href":"https:\/\/www.esplac.cat\/es\/wp-json\/wp\/v2\/posts\/51753","targetHints":{"allow":["GET"]}}],"collection":[{"href":"https:\/\/www.esplac.cat\/es\/wp-json\/wp\/v2\/posts"}],"about":[{"href":"https:\/\/www.esplac.cat\/es\/wp-json\/wp\/v2\/types\/post"}],"author":[{"embeddable":true,"href":"https:\/\/www.esplac.cat\/es\/wp-json\/wp\/v2\/users\/3"}],"replies":[{"embeddable":true,"href":"https:\/\/www.esplac.cat\/es\/wp-json\/wp\/v2\/comments?post=51753"}],"version-history":[{"count":5,"href":"https:\/\/www.esplac.cat\/es\/wp-json\/wp\/v2\/posts\/51753\/revisions"}],"predecessor-version":[{"id":53332,"href":"https:\/\/www.esplac.cat\/es\/wp-json\/wp\/v2\/posts\/51753\/revisions\/53332"}],"wp:featuredmedia":[{"embeddable":true,"href":"https:\/\/www.esplac.cat\/es\/wp-json\/wp\/v2\/media\/51756"}],"wp:attachment":[{"href":"https:\/\/www.esplac.cat\/es\/wp-json\/wp\/v2\/media?parent=51753"}],"wp:term":[{"taxonomy":"category","embeddable":true,"href":"https:\/\/www.esplac.cat\/es\/wp-json\/wp\/v2\/categories?post=51753"},{"taxonomy":"post_tag","embeddable":true,"href":"https:\/\/www.esplac.cat\/es\/wp-json\/wp\/v2\/tags?post=51753"}],"curies":[{"name":"wp","href":"https:\/\/api.w.org\/{rel}","templated":true}]}}