{"id":51836,"date":"2024-11-28T13:38:41","date_gmt":"2024-11-28T11:38:41","guid":{"rendered":"https:\/\/www.esplac.cat\/?p=51836"},"modified":"2025-07-21T13:44:26","modified_gmt":"2025-07-21T11:44:26","slug":"com-puc-participar-a-la-piqueta-la-revista-digital-desplais-catalans","status":"publish","type":"post","link":"https:\/\/www.esplac.cat\/es\/com-puc-participar-a-la-piqueta-la-revista-digital-desplais-catalans\/","title":{"rendered":"Com puc participar a La Piqueta, la revista digital d&#8217;Esplais Catalans?"},"content":{"rendered":"<div class=\"fusion-fullwidth fullwidth-box fusion-builder-row-1 fusion-flex-container has-pattern-background has-mask-background nonhundred-percent-fullwidth non-hundred-percent-height-scrolling\" style=\"--awb-border-radius-top-left:0px;--awb-border-radius-top-right:0px;--awb-border-radius-bottom-right:0px;--awb-border-radius-bottom-left:0px;--awb-flex-wrap:wrap;\" ><div class=\"fusion-builder-row fusion-row fusion-flex-align-items-flex-start fusion-flex-content-wrap\" style=\"max-width:1248px;margin-left: calc(-4% \/ 2 );margin-right: calc(-4% \/ 2 );\"><div class=\"fusion-layout-column fusion_builder_column fusion-builder-column-0 fusion_builder_column_1_1 1_1 fusion-flex-column\" style=\"--awb-bg-size:cover;--awb-width-large:100%;--awb-margin-top-large:0px;--awb-spacing-right-large:1.92%;--awb-margin-bottom-large:20px;--awb-spacing-left-large:1.92%;--awb-width-medium:100%;--awb-order-medium:0;--awb-spacing-right-medium:1.92%;--awb-spacing-left-medium:1.92%;--awb-width-small:100%;--awb-order-small:0;--awb-spacing-right-small:1.92%;--awb-spacing-left-small:1.92%;\"><div class=\"fusion-column-wrapper fusion-column-has-shadow fusion-flex-justify-content-flex-start fusion-content-layout-column\"><div class=\"fusion-text fusion-text-1\"><h6><strong>La Piqueta est\u00e0 d\u2019aniversari, un moment ideal per participar del projecte i fer-lo cr\u00e9ixer!<\/strong><\/h6>\n<p>Fa gaireb\u00e9 un any que vam presentar el projecte de <strong><a href=\"https:\/\/www.lapiqueta.cat\/\" target=\"_blank\" rel=\"noopener\"><span style=\"color: #f69d0b;\">La<\/span> <span style=\"color: #f69d0b;\">Piqueta<\/span><\/a><\/strong>, nascut de la necessitat de fomentar la participaci\u00f3 infantil i juvenil,\u00a0 sota l\u2019objectiu de generar continguts interessants per a infants i joves tot promovent la reflexi\u00f3 i el debat. Despr\u00e9s d\u2019aquest temps d\u2019experi\u00e8ncia, l\u2019objectiu \u00e9s el mateix, i per aix\u00f2 us necessitem.<\/p>\n<p>Aquesta revista digital no pret\u00e9n ser una simple eina de comunicaci\u00f3, sin\u00f3 <strong>una plataforma de participaci\u00f3 activa per a infants, joves i monis<\/strong>. Un altaveu que teniu a la vostra disposici\u00f3 per a reivindicar la tasca del lleure i posar sobre la taula tots aquells temes que us interpel\u00b7len! La Piqueta compta amb un Grup de Treball, com tota la resta de projectes, i si alguna persona s\u2019hi vol unir la rebrem amb els bra\u00e7os oberts. Per\u00f2 aquesta no \u00e9s l&#8217;\u00fanica manera de participar-hi\u2026\u00a0 Existeixen diferents opcions per fer-ho.<\/p>\n<p><strong>Per\u00f2 abans\u2026 Qui pot participar de la Piqueta?\u00a0<\/strong><\/p>\n<p>Des d\u2019infants xics fins a monis i dirigents podeu ser part del projecte, per\u00f2 com podeu participar-hi?<\/p>\n<ul>\n<li>Treu la teva part m\u00e9s inquieta i creativa fent les diferents <strong>activitats i manualitats<\/strong> de les seccions de \u201dPassatemps\u201d i de \u201cLa m\u00e0 trencada\u201d i fes-nos arribar una foto. Qu\u00e8 et crida l\u2019atenci\u00f3 del teu entorn? L&#8217;esgl\u00e9sia del teu poble \u00e9s la m\u00e9s bonica de Catalunya? Envia&#8217;ns-ho!<\/li>\n<li>Utilitzeu <strong>la b\u00fastia<\/strong> per fer-nos arribar les vostres inquietuds, reflexions i propostes. Qu\u00e8 en penses del nou parc que han fet al teu barri? Creus que falten espais per poder fer esplai? Volem sentir les vostres opinions!<\/li>\n<li>Deu-nos arribar <strong>propostes de contingut o temes que voleu que es tractin<\/strong> al correu:\u00a0 redacciolapiqueta@esplac.cat<\/li>\n<\/ul>\n<p>Animeu-vos a participar, volem sentir la vostra veu!<\/p>\n<\/div><div class=\"fusion-image-element \" style=\"--awb-caption-title-font-family:var(--h2_typography-font-family);--awb-caption-title-font-weight:var(--h2_typography-font-weight);--awb-caption-title-font-style:var(--h2_typography-font-style);--awb-caption-title-size:var(--h2_typography-font-size);--awb-caption-title-transform:var(--h2_typography-text-transform);--awb-caption-title-line-height:var(--h2_typography-line-height);--awb-caption-title-letter-spacing:var(--h2_typography-letter-spacing);\"><span class=\" fusion-imageframe imageframe-none imageframe-1 hover-type-none\"><img decoding=\"async\" width=\"1697\" height=\"700\" title=\"Logo_BCN\" src=\"https:\/\/www.esplac.cat\/wp-content\/uploads\/2024\/11\/Logo_BCN-1.png\" alt class=\"img-responsive wp-image-53328\" srcset=\"https:\/\/www.esplac.cat\/wp-content\/uploads\/2024\/11\/Logo_BCN-1-200x82.png 200w, https:\/\/www.esplac.cat\/wp-content\/uploads\/2024\/11\/Logo_BCN-1-400x165.png 400w, https:\/\/www.esplac.cat\/wp-content\/uploads\/2024\/11\/Logo_BCN-1-600x247.png 600w, https:\/\/www.esplac.cat\/wp-content\/uploads\/2024\/11\/Logo_BCN-1-800x330.png 800w, https:\/\/www.esplac.cat\/wp-content\/uploads\/2024\/11\/Logo_BCN-1-1200x495.png 1200w, https:\/\/www.esplac.cat\/wp-content\/uploads\/2024\/11\/Logo_BCN-1.png 1697w\" sizes=\"(max-width: 1024px) 100vw, (max-width: 640px) 100vw, 1200px\" \/><\/span><\/div><\/div><\/div><\/div><\/div>\n","protected":false},"excerpt":{"rendered":"","protected":false},"author":3,"featured_media":51839,"comment_status":"closed","ping_status":"closed","sticky":false,"template":"","format":"standard","meta":{"om_disable_all_campaigns":false,"_monsterinsights_skip_tracking":false,"_monsterinsights_sitenote_active":false,"_monsterinsights_sitenote_note":"","_monsterinsights_sitenote_category":0,"_uf_show_specific_survey":0,"_uf_disable_surveys":false,"footnotes":""},"categories":[1126,1328],"tags":[],"class_list":["post-51836","post","type-post","status-publish","format-standard","has-post-thumbnail","hentry","category-lapiqueta","category-participacio"],"yoast_head":"<!-- This site is optimized with the Yoast SEO plugin v27.5 - https:\/\/yoast.com\/product\/yoast-seo-wordpress\/ -->\n<title>Participia a La Piqueta, la revista digital d&#039;Esplais Catalans!<\/title>\n<meta name=\"description\" content=\"La Piqueta est\u00e0 d\u2019aniversari i volem aprofitar l&#039;ocasi\u00f3 per sumar-hi mans! Vols participar del projecte i fer-lo cr\u00e9ixer amb nosaltres?\" \/>\n<meta name=\"robots\" content=\"index, follow, max-snippet:-1, max-image-preview:large, max-video-preview:-1\" \/>\n<link rel=\"canonical\" href=\"https:\/\/www.esplac.cat\/com-puc-participar-a-la-piqueta-la-revista-digital-desplais-catalans\/\" \/>\n<meta property=\"og:locale\" content=\"es_ES\" \/>\n<meta property=\"og:type\" content=\"article\" \/>\n<meta property=\"og:title\" content=\"Participia a La Piqueta, la revista digital d&#039;Esplais Catalans!\" \/>\n<meta property=\"og:description\" content=\"La Piqueta est\u00e0 d\u2019aniversari i volem aprofitar l&#039;ocasi\u00f3 per sumar-hi mans! Vols participar del projecte i fer-lo cr\u00e9ixer amb nosaltres?\" \/>\n<meta property=\"og:url\" content=\"https:\/\/www.esplac.cat\/com-puc-participar-a-la-piqueta-la-revista-digital-desplais-catalans\/\" \/>\n<meta property=\"og:site_name\" content=\"Esplac\" \/>\n<meta property=\"article:published_time\" content=\"2024-11-28T11:38:41+00:00\" \/>\n<meta property=\"article:modified_time\" content=\"2025-07-21T11:44:26+00:00\" \/>\n<meta property=\"og:image\" content=\"https:\/\/www.esplac.cat\/wp-content\/uploads\/2024\/11\/Piqueta.jpg\" \/>\n\t<meta property=\"og:image:width\" content=\"1697\" \/>\n\t<meta property=\"og:image:height\" content=\"700\" \/>\n\t<meta property=\"og:image:type\" content=\"image\/jpeg\" \/>\n<meta name=\"author\" content=\"Comunicaci\u00f3 Esplac\" \/>\n<meta name=\"twitter:card\" content=\"summary_large_image\" \/>\n<meta name=\"twitter:label1\" content=\"Escrito por\" \/>\n\t<meta name=\"twitter:data1\" content=\"Comunicaci\u00f3 Esplac\" \/>\n\t<meta name=\"twitter:label2\" content=\"Tiempo de lectura\" \/>\n\t<meta name=\"twitter:data2\" content=\"2 minutos\" \/>\n<script type=\"application\/ld+json\" class=\"yoast-schema-graph\">{\"@context\":\"https:\\\/\\\/schema.org\",\"@graph\":[{\"@type\":\"Article\",\"@id\":\"https:\\\/\\\/www.esplac.cat\\\/com-puc-participar-a-la-piqueta-la-revista-digital-desplais-catalans\\\/#article\",\"isPartOf\":{\"@id\":\"https:\\\/\\\/www.esplac.cat\\\/com-puc-participar-a-la-piqueta-la-revista-digital-desplais-catalans\\\/\"},\"author\":{\"name\":\"Comunicaci\u00f3 Esplac\",\"@id\":\"https:\\\/\\\/www.esplac.cat\\\/#\\\/schema\\\/person\\\/908383cf240be18b68f8855d0583faca\"},\"headline\":\"Com puc participar a La Piqueta, la revista digital d&#8217;Esplais Catalans?\",\"datePublished\":\"2024-11-28T11:38:41+00:00\",\"dateModified\":\"2025-07-21T11:44:26+00:00\",\"mainEntityOfPage\":{\"@id\":\"https:\\\/\\\/www.esplac.cat\\\/com-puc-participar-a-la-piqueta-la-revista-digital-desplais-catalans\\\/\"},\"wordCount\":1229,\"publisher\":{\"@id\":\"https:\\\/\\\/www.esplac.cat\\\/#organization\"},\"image\":{\"@id\":\"https:\\\/\\\/www.esplac.cat\\\/com-puc-participar-a-la-piqueta-la-revista-digital-desplais-catalans\\\/#primaryimage\"},\"thumbnailUrl\":\"https:\\\/\\\/www.esplac.cat\\\/wp-content\\\/uploads\\\/2024\\\/11\\\/Piqueta.jpg\",\"articleSection\":[\"La Piqueta\",\"Participaci\u00f3\"],\"inLanguage\":\"es\"},{\"@type\":\"WebPage\",\"@id\":\"https:\\\/\\\/www.esplac.cat\\\/com-puc-participar-a-la-piqueta-la-revista-digital-desplais-catalans\\\/\",\"url\":\"https:\\\/\\\/www.esplac.cat\\\/com-puc-participar-a-la-piqueta-la-revista-digital-desplais-catalans\\\/\",\"name\":\"Participia a La Piqueta, la revista digital d'Esplais Catalans!\",\"isPartOf\":{\"@id\":\"https:\\\/\\\/www.esplac.cat\\\/#website\"},\"primaryImageOfPage\":{\"@id\":\"https:\\\/\\\/www.esplac.cat\\\/com-puc-participar-a-la-piqueta-la-revista-digital-desplais-catalans\\\/#primaryimage\"},\"image\":{\"@id\":\"https:\\\/\\\/www.esplac.cat\\\/com-puc-participar-a-la-piqueta-la-revista-digital-desplais-catalans\\\/#primaryimage\"},\"thumbnailUrl\":\"https:\\\/\\\/www.esplac.cat\\\/wp-content\\\/uploads\\\/2024\\\/11\\\/Piqueta.jpg\",\"datePublished\":\"2024-11-28T11:38:41+00:00\",\"dateModified\":\"2025-07-21T11:44:26+00:00\",\"description\":\"La Piqueta est\u00e0 d\u2019aniversari i volem aprofitar l'ocasi\u00f3 per sumar-hi mans! Vols participar del projecte i fer-lo cr\u00e9ixer amb nosaltres?\",\"breadcrumb\":{\"@id\":\"https:\\\/\\\/www.esplac.cat\\\/com-puc-participar-a-la-piqueta-la-revista-digital-desplais-catalans\\\/#breadcrumb\"},\"inLanguage\":\"es\",\"potentialAction\":[{\"@type\":\"ReadAction\",\"target\":[\"https:\\\/\\\/www.esplac.cat\\\/com-puc-participar-a-la-piqueta-la-revista-digital-desplais-catalans\\\/\"]}]},{\"@type\":\"ImageObject\",\"inLanguage\":\"es\",\"@id\":\"https:\\\/\\\/www.esplac.cat\\\/com-puc-participar-a-la-piqueta-la-revista-digital-desplais-catalans\\\/#primaryimage\",\"url\":\"https:\\\/\\\/www.esplac.cat\\\/wp-content\\\/uploads\\\/2024\\\/11\\\/Piqueta.jpg\",\"contentUrl\":\"https:\\\/\\\/www.esplac.cat\\\/wp-content\\\/uploads\\\/2024\\\/11\\\/Piqueta.jpg\",\"width\":1697,\"height\":700,\"caption\":\"piqueta\"},{\"@type\":\"BreadcrumbList\",\"@id\":\"https:\\\/\\\/www.esplac.cat\\\/com-puc-participar-a-la-piqueta-la-revista-digital-desplais-catalans\\\/#breadcrumb\",\"itemListElement\":[{\"@type\":\"ListItem\",\"position\":1,\"name\":\"Inici\",\"item\":\"https:\\\/\\\/www.esplac.cat\\\/es\\\/\"},{\"@type\":\"ListItem\",\"position\":2,\"name\":\"Com puc participar a La Piqueta, la revista digital d&#8217;Esplais Catalans?\"}]},{\"@type\":\"WebSite\",\"@id\":\"https:\\\/\\\/www.esplac.cat\\\/#website\",\"url\":\"https:\\\/\\\/www.esplac.cat\\\/\",\"name\":\"Esplac\",\"description\":\"Esplais Catalans\",\"publisher\":{\"@id\":\"https:\\\/\\\/www.esplac.cat\\\/#organization\"},\"potentialAction\":[{\"@type\":\"SearchAction\",\"target\":{\"@type\":\"EntryPoint\",\"urlTemplate\":\"https:\\\/\\\/www.esplac.cat\\\/?s={search_term_string}\"},\"query-input\":{\"@type\":\"PropertyValueSpecification\",\"valueRequired\":true,\"valueName\":\"search_term_string\"}}],\"inLanguage\":\"es\"},{\"@type\":\"Organization\",\"@id\":\"https:\\\/\\\/www.esplac.cat\\\/#organization\",\"name\":\"Esplac\",\"url\":\"https:\\\/\\\/www.esplac.cat\\\/\",\"logo\":{\"@type\":\"ImageObject\",\"inLanguage\":\"es\",\"@id\":\"https:\\\/\\\/www.esplac.cat\\\/#\\\/schema\\\/logo\\\/image\\\/\",\"url\":\"https:\\\/\\\/www.esplac.cat\\\/wp-content\\\/uploads\\\/2019\\\/08\\\/logox2.png\",\"contentUrl\":\"https:\\\/\\\/www.esplac.cat\\\/wp-content\\\/uploads\\\/2019\\\/08\\\/logox2.png\",\"width\":600,\"height\":295,\"caption\":\"Esplac\"},\"image\":{\"@id\":\"https:\\\/\\\/www.esplac.cat\\\/#\\\/schema\\\/logo\\\/image\\\/\"}},{\"@type\":\"Person\",\"@id\":\"https:\\\/\\\/www.esplac.cat\\\/#\\\/schema\\\/person\\\/908383cf240be18b68f8855d0583faca\",\"name\":\"Comunicaci\u00f3 Esplac\",\"image\":{\"@type\":\"ImageObject\",\"inLanguage\":\"es\",\"@id\":\"https:\\\/\\\/secure.gravatar.com\\\/avatar\\\/7a4cf8feb412a76ea4a740ca02d95b06b2907b5a6c648c2dd0a1082a093c3141?s=96&d=mm&r=g\",\"url\":\"https:\\\/\\\/secure.gravatar.com\\\/avatar\\\/7a4cf8feb412a76ea4a740ca02d95b06b2907b5a6c648c2dd0a1082a093c3141?s=96&d=mm&r=g\",\"contentUrl\":\"https:\\\/\\\/secure.gravatar.com\\\/avatar\\\/7a4cf8feb412a76ea4a740ca02d95b06b2907b5a6c648c2dd0a1082a093c3141?s=96&d=mm&r=g\",\"caption\":\"Comunicaci\u00f3 Esplac\"}}]}<\/script>\n<!-- \/ Yoast SEO plugin. -->","yoast_head_json":{"title":"Participia a La Piqueta, la revista digital d'Esplais Catalans!","description":"La Piqueta est\u00e0 d\u2019aniversari i volem aprofitar l'ocasi\u00f3 per sumar-hi mans! Vols participar del projecte i fer-lo cr\u00e9ixer amb nosaltres?","robots":{"index":"index","follow":"follow","max-snippet":"max-snippet:-1","max-image-preview":"max-image-preview:large","max-video-preview":"max-video-preview:-1"},"canonical":"https:\/\/www.esplac.cat\/com-puc-participar-a-la-piqueta-la-revista-digital-desplais-catalans\/","og_locale":"es_ES","og_type":"article","og_title":"Participia a La Piqueta, la revista digital d'Esplais Catalans!","og_description":"La Piqueta est\u00e0 d\u2019aniversari i volem aprofitar l'ocasi\u00f3 per sumar-hi mans! Vols participar del projecte i fer-lo cr\u00e9ixer amb nosaltres?","og_url":"https:\/\/www.esplac.cat\/com-puc-participar-a-la-piqueta-la-revista-digital-desplais-catalans\/","og_site_name":"Esplac","article_published_time":"2024-11-28T11:38:41+00:00","article_modified_time":"2025-07-21T11:44:26+00:00","og_image":[{"width":1697,"height":700,"url":"https:\/\/www.esplac.cat\/wp-content\/uploads\/2024\/11\/Piqueta.jpg","type":"image\/jpeg"}],"author":"Comunicaci\u00f3 Esplac","twitter_card":"summary_large_image","twitter_misc":{"Escrito por":"Comunicaci\u00f3 Esplac","Tiempo de lectura":"2 minutos"},"schema":{"@context":"https:\/\/schema.org","@graph":[{"@type":"Article","@id":"https:\/\/www.esplac.cat\/com-puc-participar-a-la-piqueta-la-revista-digital-desplais-catalans\/#article","isPartOf":{"@id":"https:\/\/www.esplac.cat\/com-puc-participar-a-la-piqueta-la-revista-digital-desplais-catalans\/"},"author":{"name":"Comunicaci\u00f3 Esplac","@id":"https:\/\/www.esplac.cat\/#\/schema\/person\/908383cf240be18b68f8855d0583faca"},"headline":"Com puc participar a La Piqueta, la revista digital d&#8217;Esplais Catalans?","datePublished":"2024-11-28T11:38:41+00:00","dateModified":"2025-07-21T11:44:26+00:00","mainEntityOfPage":{"@id":"https:\/\/www.esplac.cat\/com-puc-participar-a-la-piqueta-la-revista-digital-desplais-catalans\/"},"wordCount":1229,"publisher":{"@id":"https:\/\/www.esplac.cat\/#organization"},"image":{"@id":"https:\/\/www.esplac.cat\/com-puc-participar-a-la-piqueta-la-revista-digital-desplais-catalans\/#primaryimage"},"thumbnailUrl":"https:\/\/www.esplac.cat\/wp-content\/uploads\/2024\/11\/Piqueta.jpg","articleSection":["La Piqueta","Participaci\u00f3"],"inLanguage":"es"},{"@type":"WebPage","@id":"https:\/\/www.esplac.cat\/com-puc-participar-a-la-piqueta-la-revista-digital-desplais-catalans\/","url":"https:\/\/www.esplac.cat\/com-puc-participar-a-la-piqueta-la-revista-digital-desplais-catalans\/","name":"Participia a La Piqueta, la revista digital d'Esplais Catalans!","isPartOf":{"@id":"https:\/\/www.esplac.cat\/#website"},"primaryImageOfPage":{"@id":"https:\/\/www.esplac.cat\/com-puc-participar-a-la-piqueta-la-revista-digital-desplais-catalans\/#primaryimage"},"image":{"@id":"https:\/\/www.esplac.cat\/com-puc-participar-a-la-piqueta-la-revista-digital-desplais-catalans\/#primaryimage"},"thumbnailUrl":"https:\/\/www.esplac.cat\/wp-content\/uploads\/2024\/11\/Piqueta.jpg","datePublished":"2024-11-28T11:38:41+00:00","dateModified":"2025-07-21T11:44:26+00:00","description":"La Piqueta est\u00e0 d\u2019aniversari i volem aprofitar l'ocasi\u00f3 per sumar-hi mans! Vols participar del projecte i fer-lo cr\u00e9ixer amb nosaltres?","breadcrumb":{"@id":"https:\/\/www.esplac.cat\/com-puc-participar-a-la-piqueta-la-revista-digital-desplais-catalans\/#breadcrumb"},"inLanguage":"es","potentialAction":[{"@type":"ReadAction","target":["https:\/\/www.esplac.cat\/com-puc-participar-a-la-piqueta-la-revista-digital-desplais-catalans\/"]}]},{"@type":"ImageObject","inLanguage":"es","@id":"https:\/\/www.esplac.cat\/com-puc-participar-a-la-piqueta-la-revista-digital-desplais-catalans\/#primaryimage","url":"https:\/\/www.esplac.cat\/wp-content\/uploads\/2024\/11\/Piqueta.jpg","contentUrl":"https:\/\/www.esplac.cat\/wp-content\/uploads\/2024\/11\/Piqueta.jpg","width":1697,"height":700,"caption":"piqueta"},{"@type":"BreadcrumbList","@id":"https:\/\/www.esplac.cat\/com-puc-participar-a-la-piqueta-la-revista-digital-desplais-catalans\/#breadcrumb","itemListElement":[{"@type":"ListItem","position":1,"name":"Inici","item":"https:\/\/www.esplac.cat\/es\/"},{"@type":"ListItem","position":2,"name":"Com puc participar a La Piqueta, la revista digital d&#8217;Esplais Catalans?"}]},{"@type":"WebSite","@id":"https:\/\/www.esplac.cat\/#website","url":"https:\/\/www.esplac.cat\/","name":"Esplac","description":"Esplais Catalans","publisher":{"@id":"https:\/\/www.esplac.cat\/#organization"},"potentialAction":[{"@type":"SearchAction","target":{"@type":"EntryPoint","urlTemplate":"https:\/\/www.esplac.cat\/?s={search_term_string}"},"query-input":{"@type":"PropertyValueSpecification","valueRequired":true,"valueName":"search_term_string"}}],"inLanguage":"es"},{"@type":"Organization","@id":"https:\/\/www.esplac.cat\/#organization","name":"Esplac","url":"https:\/\/www.esplac.cat\/","logo":{"@type":"ImageObject","inLanguage":"es","@id":"https:\/\/www.esplac.cat\/#\/schema\/logo\/image\/","url":"https:\/\/www.esplac.cat\/wp-content\/uploads\/2019\/08\/logox2.png","contentUrl":"https:\/\/www.esplac.cat\/wp-content\/uploads\/2019\/08\/logox2.png","width":600,"height":295,"caption":"Esplac"},"image":{"@id":"https:\/\/www.esplac.cat\/#\/schema\/logo\/image\/"}},{"@type":"Person","@id":"https:\/\/www.esplac.cat\/#\/schema\/person\/908383cf240be18b68f8855d0583faca","name":"Comunicaci\u00f3 Esplac","image":{"@type":"ImageObject","inLanguage":"es","@id":"https:\/\/secure.gravatar.com\/avatar\/7a4cf8feb412a76ea4a740ca02d95b06b2907b5a6c648c2dd0a1082a093c3141?s=96&d=mm&r=g","url":"https:\/\/secure.gravatar.com\/avatar\/7a4cf8feb412a76ea4a740ca02d95b06b2907b5a6c648c2dd0a1082a093c3141?s=96&d=mm&r=g","contentUrl":"https:\/\/secure.gravatar.com\/avatar\/7a4cf8feb412a76ea4a740ca02d95b06b2907b5a6c648c2dd0a1082a093c3141?s=96&d=mm&r=g","caption":"Comunicaci\u00f3 Esplac"}}]}},"_links":{"self":[{"href":"https:\/\/www.esplac.cat\/es\/wp-json\/wp\/v2\/posts\/51836","targetHints":{"allow":["GET"]}}],"collection":[{"href":"https:\/\/www.esplac.cat\/es\/wp-json\/wp\/v2\/posts"}],"about":[{"href":"https:\/\/www.esplac.cat\/es\/wp-json\/wp\/v2\/types\/post"}],"author":[{"embeddable":true,"href":"https:\/\/www.esplac.cat\/es\/wp-json\/wp\/v2\/users\/3"}],"replies":[{"embeddable":true,"href":"https:\/\/www.esplac.cat\/es\/wp-json\/wp\/v2\/comments?post=51836"}],"version-history":[{"count":6,"href":"https:\/\/www.esplac.cat\/es\/wp-json\/wp\/v2\/posts\/51836\/revisions"}],"predecessor-version":[{"id":53774,"href":"https:\/\/www.esplac.cat\/es\/wp-json\/wp\/v2\/posts\/51836\/revisions\/53774"}],"wp:featuredmedia":[{"embeddable":true,"href":"https:\/\/www.esplac.cat\/es\/wp-json\/wp\/v2\/media\/51839"}],"wp:attachment":[{"href":"https:\/\/www.esplac.cat\/es\/wp-json\/wp\/v2\/media?parent=51836"}],"wp:term":[{"taxonomy":"category","embeddable":true,"href":"https:\/\/www.esplac.cat\/es\/wp-json\/wp\/v2\/categories?post=51836"},{"taxonomy":"post_tag","embeddable":true,"href":"https:\/\/www.esplac.cat\/es\/wp-json\/wp\/v2\/tags?post=51836"}],"curies":[{"name":"wp","href":"https:\/\/api.w.org\/{rel}","templated":true}]}}