{"id":51912,"date":"2024-11-26T10:22:14","date_gmt":"2024-11-26T08:22:14","guid":{"rendered":"https:\/\/www.esplac.cat\/?p=51912"},"modified":"2024-12-03T14:03:19","modified_gmt":"2024-12-03T12:03:19","slug":"tarragona-acull-dudi-cdt-pga","status":"publish","type":"post","link":"https:\/\/www.esplac.cat\/es\/tarragona-acull-dudi-cdt-pga\/","title":{"rendered":"Tarragona acull el DUDI i la Trobada d\u2019entitats de lleure educatiu de CdT i PGA"},"content":{"rendered":"<div class=\"fusion-fullwidth fullwidth-box fusion-builder-row-1 fusion-flex-container has-pattern-background has-mask-background nonhundred-percent-fullwidth non-hundred-percent-height-scrolling\" style=\"--awb-border-radius-top-left:0px;--awb-border-radius-top-right:0px;--awb-border-radius-bottom-right:0px;--awb-border-radius-bottom-left:0px;--awb-flex-wrap:wrap;\" ><div class=\"fusion-builder-row fusion-row fusion-flex-align-items-flex-start fusion-flex-content-wrap\" style=\"max-width:1248px;margin-left: calc(-4% \/ 2 );margin-right: calc(-4% \/ 2 );\"><div class=\"fusion-layout-column fusion_builder_column fusion-builder-column-0 fusion_builder_column_1_1 1_1 fusion-flex-column\" style=\"--awb-bg-size:cover;--awb-width-large:100%;--awb-margin-top-large:0px;--awb-spacing-right-large:1.92%;--awb-margin-bottom-large:20px;--awb-spacing-left-large:1.92%;--awb-width-medium:100%;--awb-order-medium:0;--awb-spacing-right-medium:1.92%;--awb-spacing-left-medium:1.92%;--awb-width-small:100%;--awb-order-small:0;--awb-spacing-right-small:1.92%;--awb-spacing-left-small:1.92%;\"><div class=\"fusion-column-wrapper fusion-column-has-shadow fusion-flex-justify-content-flex-start fusion-content-layout-column\"><div class=\"fusion-text fusion-text-1\"><h6><strong>M\u00e9s de 450 participants reivindiquen els drets dels infants i es manifesten contra els discursos d\u2019odi al centre de Tarragona.<\/strong><\/h6>\n<p>El dissabte 23 de novembre els esplais dels sectors <a href=\"https:\/\/www.esplac.cat\/sectors-geografics\/camp-de-tarragona\/\" target=\"_blank\" rel=\"noopener\"><strong><span style=\"color: #f69d0b;\">Camp de Tarragona<\/span><\/strong><\/a> i <span style=\"color: #f69d0b;\"><a style=\"color: #f69d0b;\" href=\"https:\/\/www.esplac.cat\/sectors-geografics\/penedes-garraf-i-anoia\/\" target=\"_blank\" rel=\"noopener\"><strong>Pened\u00e8s, Garraf i Anoia<\/strong><\/a><\/span> han reivindicat conjuntament el <strong>Dia Universal dels Drets dels Infants<\/strong> (DUDI) a Tarragona, consolidant el format que es va definir l\u2019any passat.<\/p>\n<p>Aprofitant l\u2019ocasi\u00f3, s\u2019ha convidat per segon any consecutiu a les <strong>entitats de lleure del Camp de Tarragona<\/strong> per fer la trobada d\u2019entitats del territori. En aquesta jornada reivinidcativa hi han participat <strong>m\u00e9s de 480 entre infants, joves i monis<\/strong> de 9 esplais i agrupacions de Camp de Tarragona i de la vegueria Pened\u00e8s.<\/p>\n<p>Durant el mat\u00ed, els grups petits i mitjans han fet activitats per edats. A trav\u00e9s d&#8217;aquestes han treballat els discursos d\u2019odi i la manera en que aquests afecten els drets dels infants, preparant-se ja pel que ser\u00e0 el tema central de l&#8217;Esplaiada.<\/p>\n<p>Els grups de grans i joves han participat en la manifestaci\u00f3 del 23-N a Tarragona, sota el lema <em>S&#8217;ha acabat, abaixem els lloguers,<\/em> convocada pel moviment per l\u2019habitatge per reclamar un habitatge digne universal.<\/p>\n<p>A la tarda, tots els grups han preparat pancartes amb lemes contra els discursos d\u2019odi per l\u2019acte unitari. La manifestaci\u00f3, convocada pels esplais, ha recorregut els carrers del centre de Tarragona. S\u2019han pogut sentir lemes reivindicant els drets dels infants com <em>La veu d\u2019un infant \u00e9s m\u00e9s gran que un elefant<\/em>. L\u2019<span style=\"color: #f69d0b;\"><a style=\"color: #f69d0b;\" href=\"https:\/\/www.instagram.com\/esplailagrapadora\/\" target=\"_blank\" rel=\"noopener\"><strong>esplai la Grapadora<\/strong><\/a><\/span> ha aprofitat l\u2019ocasi\u00f3 per visibilitzar un cop m\u00e9s que no tenen local. En arribar a la pla\u00e7a de la Font, les joves han llegit el manifest per tancar l\u2019acte i la jornada ha finalitzat amb un berenar popular obert als infants i joves de la ciutat.<\/p>\n<p>Des dels dos sectors es valora molt positivament l\u2019\u00e8xit de participaci\u00f3 en una jornada que s\u2019ha anat consolidant els darrers dos anys i que ha sigut m\u00e9s reivindicativa que mai!<\/p>\n<\/div><\/div><\/div><\/div><\/div>\n","protected":false},"excerpt":{"rendered":"","protected":false},"author":3,"featured_media":51914,"comment_status":"closed","ping_status":"closed","sticky":false,"template":"","format":"standard","meta":{"om_disable_all_campaigns":false,"_monsterinsights_skip_tracking":false,"_monsterinsights_sitenote_active":false,"_monsterinsights_sitenote_note":"","_monsterinsights_sitenote_category":0,"_uf_show_specific_survey":0,"_uf_disable_surveys":false,"footnotes":""},"categories":[1135,1122,1123],"tags":[],"class_list":["post-51912","post","type-post","status-publish","format-standard","has-post-thumbnail","hentry","category-20-n-drets-dels-infants","category-sector-camp-de-tarragona","category-sector-penedes-garraf-anoia"],"yoast_head":"<!-- This site is optimized with the Yoast SEO plugin v27.4 - https:\/\/yoast.com\/product\/yoast-seo-wordpress\/ -->\n<title>Els sectors CdT i PGA reivindiquen els drets d&#039;infants i joves<\/title>\n<meta name=\"description\" content=\"M\u00e9s de 450 participants reivindiquen els drets dels infants i es manifesten contra els discursos d\u2019odi al centre de Tarragona.\" \/>\n<meta name=\"robots\" content=\"index, follow, max-snippet:-1, max-image-preview:large, max-video-preview:-1\" \/>\n<link rel=\"canonical\" href=\"https:\/\/www.esplac.cat\/tarragona-acull-dudi-cdt-pga\/\" \/>\n<meta property=\"og:locale\" content=\"es_ES\" \/>\n<meta property=\"og:type\" content=\"article\" \/>\n<meta property=\"og:title\" content=\"Els sectors CdT i PGA reivindiquen els drets d&#039;infants i joves\" \/>\n<meta property=\"og:description\" content=\"M\u00e9s de 450 participants reivindiquen els drets dels infants i es manifesten contra els discursos d\u2019odi al centre de Tarragona.\" \/>\n<meta property=\"og:url\" content=\"https:\/\/www.esplac.cat\/tarragona-acull-dudi-cdt-pga\/\" \/>\n<meta property=\"og:site_name\" content=\"Esplac\" \/>\n<meta property=\"article:published_time\" content=\"2024-11-26T08:22:14+00:00\" \/>\n<meta property=\"article:modified_time\" content=\"2024-12-03T12:03:19+00:00\" \/>\n<meta property=\"og:image\" content=\"https:\/\/www.esplac.cat\/wp-content\/uploads\/2024\/12\/DUDI-CdT-i-PGA.jpg\" \/>\n\t<meta property=\"og:image:width\" content=\"1697\" \/>\n\t<meta property=\"og:image:height\" content=\"700\" \/>\n\t<meta property=\"og:image:type\" content=\"image\/jpeg\" \/>\n<meta name=\"author\" content=\"Comunicaci\u00f3 Esplac\" \/>\n<meta name=\"twitter:card\" content=\"summary_large_image\" \/>\n<meta name=\"twitter:label1\" content=\"Escrito por\" \/>\n\t<meta name=\"twitter:data1\" content=\"Comunicaci\u00f3 Esplac\" \/>\n\t<meta name=\"twitter:label2\" content=\"Tiempo de lectura\" \/>\n\t<meta name=\"twitter:data2\" content=\"1 minuto\" \/>\n<script type=\"application\/ld+json\" class=\"yoast-schema-graph\">{\"@context\":\"https:\\\/\\\/schema.org\",\"@graph\":[{\"@type\":\"Article\",\"@id\":\"https:\\\/\\\/www.esplac.cat\\\/tarragona-acull-dudi-cdt-pga\\\/#article\",\"isPartOf\":{\"@id\":\"https:\\\/\\\/www.esplac.cat\\\/tarragona-acull-dudi-cdt-pga\\\/\"},\"author\":{\"name\":\"Comunicaci\u00f3 Esplac\",\"@id\":\"https:\\\/\\\/www.esplac.cat\\\/#\\\/schema\\\/person\\\/908383cf240be18b68f8855d0583faca\"},\"headline\":\"Tarragona acull el DUDI i la Trobada d\u2019entitats de lleure educatiu de CdT i PGA\",\"datePublished\":\"2024-11-26T08:22:14+00:00\",\"dateModified\":\"2024-12-03T12:03:19+00:00\",\"mainEntityOfPage\":{\"@id\":\"https:\\\/\\\/www.esplac.cat\\\/tarragona-acull-dudi-cdt-pga\\\/\"},\"wordCount\":1312,\"publisher\":{\"@id\":\"https:\\\/\\\/www.esplac.cat\\\/#organization\"},\"image\":{\"@id\":\"https:\\\/\\\/www.esplac.cat\\\/tarragona-acull-dudi-cdt-pga\\\/#primaryimage\"},\"thumbnailUrl\":\"https:\\\/\\\/www.esplac.cat\\\/wp-content\\\/uploads\\\/2024\\\/12\\\/DUDI-CdT-i-PGA.jpg\",\"articleSection\":[\"20-N: Drets dels infants\",\"Sector Camp de Tarragona\",\"Sector Pened\u00e8s, Garraf i Anoia\"],\"inLanguage\":\"es\"},{\"@type\":\"WebPage\",\"@id\":\"https:\\\/\\\/www.esplac.cat\\\/tarragona-acull-dudi-cdt-pga\\\/\",\"url\":\"https:\\\/\\\/www.esplac.cat\\\/tarragona-acull-dudi-cdt-pga\\\/\",\"name\":\"Els sectors CdT i PGA reivindiquen els drets d'infants i joves\",\"isPartOf\":{\"@id\":\"https:\\\/\\\/www.esplac.cat\\\/#website\"},\"primaryImageOfPage\":{\"@id\":\"https:\\\/\\\/www.esplac.cat\\\/tarragona-acull-dudi-cdt-pga\\\/#primaryimage\"},\"image\":{\"@id\":\"https:\\\/\\\/www.esplac.cat\\\/tarragona-acull-dudi-cdt-pga\\\/#primaryimage\"},\"thumbnailUrl\":\"https:\\\/\\\/www.esplac.cat\\\/wp-content\\\/uploads\\\/2024\\\/12\\\/DUDI-CdT-i-PGA.jpg\",\"datePublished\":\"2024-11-26T08:22:14+00:00\",\"dateModified\":\"2024-12-03T12:03:19+00:00\",\"description\":\"M\u00e9s de 450 participants reivindiquen els drets dels infants i es manifesten contra els discursos d\u2019odi al centre de Tarragona.\",\"breadcrumb\":{\"@id\":\"https:\\\/\\\/www.esplac.cat\\\/tarragona-acull-dudi-cdt-pga\\\/#breadcrumb\"},\"inLanguage\":\"es\",\"potentialAction\":[{\"@type\":\"ReadAction\",\"target\":[\"https:\\\/\\\/www.esplac.cat\\\/tarragona-acull-dudi-cdt-pga\\\/\"]}]},{\"@type\":\"ImageObject\",\"inLanguage\":\"es\",\"@id\":\"https:\\\/\\\/www.esplac.cat\\\/tarragona-acull-dudi-cdt-pga\\\/#primaryimage\",\"url\":\"https:\\\/\\\/www.esplac.cat\\\/wp-content\\\/uploads\\\/2024\\\/12\\\/DUDI-CdT-i-PGA.jpg\",\"contentUrl\":\"https:\\\/\\\/www.esplac.cat\\\/wp-content\\\/uploads\\\/2024\\\/12\\\/DUDI-CdT-i-PGA.jpg\",\"width\":1697,\"height\":700,\"caption\":\"drets\"},{\"@type\":\"BreadcrumbList\",\"@id\":\"https:\\\/\\\/www.esplac.cat\\\/tarragona-acull-dudi-cdt-pga\\\/#breadcrumb\",\"itemListElement\":[{\"@type\":\"ListItem\",\"position\":1,\"name\":\"Inici\",\"item\":\"https:\\\/\\\/www.esplac.cat\\\/es\\\/\"},{\"@type\":\"ListItem\",\"position\":2,\"name\":\"Tarragona acull el DUDI i la Trobada d\u2019entitats de lleure educatiu de CdT i PGA\"}]},{\"@type\":\"WebSite\",\"@id\":\"https:\\\/\\\/www.esplac.cat\\\/#website\",\"url\":\"https:\\\/\\\/www.esplac.cat\\\/\",\"name\":\"Esplac\",\"description\":\"Esplais Catalans\",\"publisher\":{\"@id\":\"https:\\\/\\\/www.esplac.cat\\\/#organization\"},\"potentialAction\":[{\"@type\":\"SearchAction\",\"target\":{\"@type\":\"EntryPoint\",\"urlTemplate\":\"https:\\\/\\\/www.esplac.cat\\\/?s={search_term_string}\"},\"query-input\":{\"@type\":\"PropertyValueSpecification\",\"valueRequired\":true,\"valueName\":\"search_term_string\"}}],\"inLanguage\":\"es\"},{\"@type\":\"Organization\",\"@id\":\"https:\\\/\\\/www.esplac.cat\\\/#organization\",\"name\":\"Esplac\",\"url\":\"https:\\\/\\\/www.esplac.cat\\\/\",\"logo\":{\"@type\":\"ImageObject\",\"inLanguage\":\"es\",\"@id\":\"https:\\\/\\\/www.esplac.cat\\\/#\\\/schema\\\/logo\\\/image\\\/\",\"url\":\"https:\\\/\\\/www.esplac.cat\\\/wp-content\\\/uploads\\\/2019\\\/08\\\/logox2.png\",\"contentUrl\":\"https:\\\/\\\/www.esplac.cat\\\/wp-content\\\/uploads\\\/2019\\\/08\\\/logox2.png\",\"width\":600,\"height\":295,\"caption\":\"Esplac\"},\"image\":{\"@id\":\"https:\\\/\\\/www.esplac.cat\\\/#\\\/schema\\\/logo\\\/image\\\/\"}},{\"@type\":\"Person\",\"@id\":\"https:\\\/\\\/www.esplac.cat\\\/#\\\/schema\\\/person\\\/908383cf240be18b68f8855d0583faca\",\"name\":\"Comunicaci\u00f3 Esplac\",\"image\":{\"@type\":\"ImageObject\",\"inLanguage\":\"es\",\"@id\":\"https:\\\/\\\/secure.gravatar.com\\\/avatar\\\/7a4cf8feb412a76ea4a740ca02d95b06b2907b5a6c648c2dd0a1082a093c3141?s=96&d=mm&r=g\",\"url\":\"https:\\\/\\\/secure.gravatar.com\\\/avatar\\\/7a4cf8feb412a76ea4a740ca02d95b06b2907b5a6c648c2dd0a1082a093c3141?s=96&d=mm&r=g\",\"contentUrl\":\"https:\\\/\\\/secure.gravatar.com\\\/avatar\\\/7a4cf8feb412a76ea4a740ca02d95b06b2907b5a6c648c2dd0a1082a093c3141?s=96&d=mm&r=g\",\"caption\":\"Comunicaci\u00f3 Esplac\"}}]}<\/script>\n<!-- \/ Yoast SEO plugin. -->","yoast_head_json":{"title":"Els sectors CdT i PGA reivindiquen els drets d'infants i joves","description":"M\u00e9s de 450 participants reivindiquen els drets dels infants i es manifesten contra els discursos d\u2019odi al centre de Tarragona.","robots":{"index":"index","follow":"follow","max-snippet":"max-snippet:-1","max-image-preview":"max-image-preview:large","max-video-preview":"max-video-preview:-1"},"canonical":"https:\/\/www.esplac.cat\/tarragona-acull-dudi-cdt-pga\/","og_locale":"es_ES","og_type":"article","og_title":"Els sectors CdT i PGA reivindiquen els drets d'infants i joves","og_description":"M\u00e9s de 450 participants reivindiquen els drets dels infants i es manifesten contra els discursos d\u2019odi al centre de Tarragona.","og_url":"https:\/\/www.esplac.cat\/tarragona-acull-dudi-cdt-pga\/","og_site_name":"Esplac","article_published_time":"2024-11-26T08:22:14+00:00","article_modified_time":"2024-12-03T12:03:19+00:00","og_image":[{"width":1697,"height":700,"url":"https:\/\/www.esplac.cat\/wp-content\/uploads\/2024\/12\/DUDI-CdT-i-PGA.jpg","type":"image\/jpeg"}],"author":"Comunicaci\u00f3 Esplac","twitter_card":"summary_large_image","twitter_misc":{"Escrito por":"Comunicaci\u00f3 Esplac","Tiempo de lectura":"1 minuto"},"schema":{"@context":"https:\/\/schema.org","@graph":[{"@type":"Article","@id":"https:\/\/www.esplac.cat\/tarragona-acull-dudi-cdt-pga\/#article","isPartOf":{"@id":"https:\/\/www.esplac.cat\/tarragona-acull-dudi-cdt-pga\/"},"author":{"name":"Comunicaci\u00f3 Esplac","@id":"https:\/\/www.esplac.cat\/#\/schema\/person\/908383cf240be18b68f8855d0583faca"},"headline":"Tarragona acull el DUDI i la Trobada d\u2019entitats de lleure educatiu de CdT i PGA","datePublished":"2024-11-26T08:22:14+00:00","dateModified":"2024-12-03T12:03:19+00:00","mainEntityOfPage":{"@id":"https:\/\/www.esplac.cat\/tarragona-acull-dudi-cdt-pga\/"},"wordCount":1312,"publisher":{"@id":"https:\/\/www.esplac.cat\/#organization"},"image":{"@id":"https:\/\/www.esplac.cat\/tarragona-acull-dudi-cdt-pga\/#primaryimage"},"thumbnailUrl":"https:\/\/www.esplac.cat\/wp-content\/uploads\/2024\/12\/DUDI-CdT-i-PGA.jpg","articleSection":["20-N: Drets dels infants","Sector Camp de Tarragona","Sector Pened\u00e8s, Garraf i Anoia"],"inLanguage":"es"},{"@type":"WebPage","@id":"https:\/\/www.esplac.cat\/tarragona-acull-dudi-cdt-pga\/","url":"https:\/\/www.esplac.cat\/tarragona-acull-dudi-cdt-pga\/","name":"Els sectors CdT i PGA reivindiquen els drets d'infants i joves","isPartOf":{"@id":"https:\/\/www.esplac.cat\/#website"},"primaryImageOfPage":{"@id":"https:\/\/www.esplac.cat\/tarragona-acull-dudi-cdt-pga\/#primaryimage"},"image":{"@id":"https:\/\/www.esplac.cat\/tarragona-acull-dudi-cdt-pga\/#primaryimage"},"thumbnailUrl":"https:\/\/www.esplac.cat\/wp-content\/uploads\/2024\/12\/DUDI-CdT-i-PGA.jpg","datePublished":"2024-11-26T08:22:14+00:00","dateModified":"2024-12-03T12:03:19+00:00","description":"M\u00e9s de 450 participants reivindiquen els drets dels infants i es manifesten contra els discursos d\u2019odi al centre de Tarragona.","breadcrumb":{"@id":"https:\/\/www.esplac.cat\/tarragona-acull-dudi-cdt-pga\/#breadcrumb"},"inLanguage":"es","potentialAction":[{"@type":"ReadAction","target":["https:\/\/www.esplac.cat\/tarragona-acull-dudi-cdt-pga\/"]}]},{"@type":"ImageObject","inLanguage":"es","@id":"https:\/\/www.esplac.cat\/tarragona-acull-dudi-cdt-pga\/#primaryimage","url":"https:\/\/www.esplac.cat\/wp-content\/uploads\/2024\/12\/DUDI-CdT-i-PGA.jpg","contentUrl":"https:\/\/www.esplac.cat\/wp-content\/uploads\/2024\/12\/DUDI-CdT-i-PGA.jpg","width":1697,"height":700,"caption":"drets"},{"@type":"BreadcrumbList","@id":"https:\/\/www.esplac.cat\/tarragona-acull-dudi-cdt-pga\/#breadcrumb","itemListElement":[{"@type":"ListItem","position":1,"name":"Inici","item":"https:\/\/www.esplac.cat\/es\/"},{"@type":"ListItem","position":2,"name":"Tarragona acull el DUDI i la Trobada d\u2019entitats de lleure educatiu de CdT i PGA"}]},{"@type":"WebSite","@id":"https:\/\/www.esplac.cat\/#website","url":"https:\/\/www.esplac.cat\/","name":"Esplac","description":"Esplais Catalans","publisher":{"@id":"https:\/\/www.esplac.cat\/#organization"},"potentialAction":[{"@type":"SearchAction","target":{"@type":"EntryPoint","urlTemplate":"https:\/\/www.esplac.cat\/?s={search_term_string}"},"query-input":{"@type":"PropertyValueSpecification","valueRequired":true,"valueName":"search_term_string"}}],"inLanguage":"es"},{"@type":"Organization","@id":"https:\/\/www.esplac.cat\/#organization","name":"Esplac","url":"https:\/\/www.esplac.cat\/","logo":{"@type":"ImageObject","inLanguage":"es","@id":"https:\/\/www.esplac.cat\/#\/schema\/logo\/image\/","url":"https:\/\/www.esplac.cat\/wp-content\/uploads\/2019\/08\/logox2.png","contentUrl":"https:\/\/www.esplac.cat\/wp-content\/uploads\/2019\/08\/logox2.png","width":600,"height":295,"caption":"Esplac"},"image":{"@id":"https:\/\/www.esplac.cat\/#\/schema\/logo\/image\/"}},{"@type":"Person","@id":"https:\/\/www.esplac.cat\/#\/schema\/person\/908383cf240be18b68f8855d0583faca","name":"Comunicaci\u00f3 Esplac","image":{"@type":"ImageObject","inLanguage":"es","@id":"https:\/\/secure.gravatar.com\/avatar\/7a4cf8feb412a76ea4a740ca02d95b06b2907b5a6c648c2dd0a1082a093c3141?s=96&d=mm&r=g","url":"https:\/\/secure.gravatar.com\/avatar\/7a4cf8feb412a76ea4a740ca02d95b06b2907b5a6c648c2dd0a1082a093c3141?s=96&d=mm&r=g","contentUrl":"https:\/\/secure.gravatar.com\/avatar\/7a4cf8feb412a76ea4a740ca02d95b06b2907b5a6c648c2dd0a1082a093c3141?s=96&d=mm&r=g","caption":"Comunicaci\u00f3 Esplac"}}]}},"_links":{"self":[{"href":"https:\/\/www.esplac.cat\/es\/wp-json\/wp\/v2\/posts\/51912","targetHints":{"allow":["GET"]}}],"collection":[{"href":"https:\/\/www.esplac.cat\/es\/wp-json\/wp\/v2\/posts"}],"about":[{"href":"https:\/\/www.esplac.cat\/es\/wp-json\/wp\/v2\/types\/post"}],"author":[{"embeddable":true,"href":"https:\/\/www.esplac.cat\/es\/wp-json\/wp\/v2\/users\/3"}],"replies":[{"embeddable":true,"href":"https:\/\/www.esplac.cat\/es\/wp-json\/wp\/v2\/comments?post=51912"}],"version-history":[{"count":2,"href":"https:\/\/www.esplac.cat\/es\/wp-json\/wp\/v2\/posts\/51912\/revisions"}],"predecessor-version":[{"id":51931,"href":"https:\/\/www.esplac.cat\/es\/wp-json\/wp\/v2\/posts\/51912\/revisions\/51931"}],"wp:featuredmedia":[{"embeddable":true,"href":"https:\/\/www.esplac.cat\/es\/wp-json\/wp\/v2\/media\/51914"}],"wp:attachment":[{"href":"https:\/\/www.esplac.cat\/es\/wp-json\/wp\/v2\/media?parent=51912"}],"wp:term":[{"taxonomy":"category","embeddable":true,"href":"https:\/\/www.esplac.cat\/es\/wp-json\/wp\/v2\/categories?post=51912"},{"taxonomy":"post_tag","embeddable":true,"href":"https:\/\/www.esplac.cat\/es\/wp-json\/wp\/v2\/tags?post=51912"}],"curies":[{"name":"wp","href":"https:\/\/api.w.org\/{rel}","templated":true}]}}