{"id":52187,"date":"2025-01-17T09:16:32","date_gmt":"2025-01-17T07:16:32","guid":{"rendered":"https:\/\/www.esplac.cat\/?p=52187"},"modified":"2025-01-21T10:01:07","modified_gmt":"2025-01-21T08:01:07","slug":"ja-es-pot-consultar-documentacio-aprovada-xliii-ago","status":"publish","type":"post","link":"https:\/\/www.esplac.cat\/es\/ja-es-pot-consultar-documentacio-aprovada-xliii-ago\/","title":{"rendered":"Ja pots consultar tota la documentaci\u00f3 aprovada a l&#8217;XLIII AGO d&#8217;Esplac!"},"content":{"rendered":"<div class=\"fusion-fullwidth fullwidth-box fusion-builder-row-1 fusion-flex-container nonhundred-percent-fullwidth non-hundred-percent-height-scrolling\" style=\"--awb-border-radius-top-left:0px;--awb-border-radius-top-right:0px;--awb-border-radius-bottom-right:0px;--awb-border-radius-bottom-left:0px;--awb-flex-wrap:wrap;\" ><div class=\"fusion-builder-row fusion-row fusion-flex-align-items-flex-start fusion-flex-content-wrap\" style=\"max-width:1248px;margin-left: calc(-4% \/ 2 );margin-right: calc(-4% \/ 2 );\"><div class=\"fusion-layout-column fusion_builder_column fusion-builder-column-0 fusion_builder_column_1_1 1_1 fusion-flex-column\" style=\"--awb-bg-size:cover;--awb-width-large:100%;--awb-margin-top-large:0px;--awb-spacing-right-large:1.92%;--awb-margin-bottom-large:0px;--awb-spacing-left-large:1.92%;--awb-width-medium:100%;--awb-spacing-right-medium:1.92%;--awb-spacing-left-medium:1.92%;--awb-width-small:100%;--awb-spacing-right-small:1.92%;--awb-spacing-left-small:1.92%;\"><div class=\"fusion-column-wrapper fusion-flex-justify-content-flex-start fusion-content-layout-column\"><div class=\"fusion-text fusion-text-1\"><h6><strong>El nou Pla Estrat\u00e8gic 2024-2027, els Criteris de Distribuci\u00f3 i la Carta de Gesti\u00f3 Responsable de Recursos definir s\u00f3n alguns dels documents aprovats a l&#8217;AGO 2024. Ara ja pots consultar tota aquesta documentaci\u00f3 al web d&#8217;Esplac!<\/strong><\/h6>\n<div class=\"gmail_default\">\n<p>El cap de setmana del 30 de novembre i l&#8217;1 de desembre de 2024 es va celebrar a Badalona la <strong>43ena Assemblea General Ordin\u00e0ria d&#8217;Esplais Catalans<\/strong>. En aquesta, 69 esplais d&#8217;Esplac van debatre i\/o aprovar 16 punts o documents que recullen les l\u00ednies a seguir de l&#8217;entitat durant el curs.<\/p>\n<p>Enguany l\u2019assemblea ha estat marcat per la reivindicaci\u00f3 pol\u00edtica dels esplais davant el poc reconeixement de les institucions i un replantejament dels objectius estrat\u00e8gics de l\u2019associaci\u00f3, que queden recollits en el nou <span style=\"color: #f69d0b;\"><strong>Pla Estrat\u00e8gic 2024-27<\/strong><\/span>. Aquest defineix tres eixos que marcaran la l\u00ednia pol\u00edtica i estrat\u00e8gia els pr\u00f2xims tres cursos: comprom\u00eds pol\u00edtic, pedagogia i inf\u00e0ncia.<\/p>\n<p>Alhora, tamb\u00e9 s&#8217;han aprovat <span style=\"color: #f69d0b;\"><strong><a style=\"color: #f69d0b;\" href=\"https:\/\/www.esplac.cat\/transparencia\/actes-resolucions-ago\/\" target=\"_blank\" rel=\"noopener\">cinc resolucions<\/a><\/strong><\/span> amb les quals Esplac es posiciona donant una resposta contundent al genocidi de Palestina i el L\u00edban, exigint la millores en el transport p\u00fablic i una quota adaptada a les entitats de lleure, aix\u00ed com la necessitat de lluitar contra els discursos d\u2019odi presents en la societat i el sistema capitalista i neoliberal. Tamb\u00e9 s\u2019ha posat sobre la taula l\u2019emerg\u00e8ncia ling\u00fc\u00edstica que viu el catal\u00e0 i el comprom\u00eds dels esplais en la protecci\u00f3 i \u00fas de la llengua.<\/p>\n<\/div>\n<p>L&#8217;AGO tamb\u00e9 va ser un espai on exposar tot all\u00f2 que s&#8217;havia fet en el curs 2023-24. A trav\u00e9s de la <strong>Mem\u00f2ria 23-24<\/strong> i dels<strong> Informes de Gesti\u00f3<\/strong> es van con\u00e8ixer totes les energies destinades a l&#8217;associaci\u00f3 durant el curs passat: van quedar recollides les accions que s&#8217;havien dut a terme i aquelles a les quals encara hem de destinar forces. Amb la Mem\u00f2ria, tamb\u00e9 es va votar el <strong>Pla de Treball i el Pressupost 2025<\/strong>, documents que marcaran les accions, objectius i partides pressupost\u00e0ries del curs que est\u00e0 per venir. Tota aquesta informaci\u00f3 ja es pot trobar als documents <span style=\"color: #f69d0b;\"><a style=\"color: #f69d0b;\" href=\"https:\/\/www.esplac.cat\/wp-content\/uploads\/2025\/01\/7-16-17.-Memoria_Pla-de-treball_Pressupost_2024_amb_esmenes.pdf\" target=\"_blank\" rel=\"noopener\"><strong>Mem\u00f2ria 2023-24, Pla de Treball 2024-25 i Pressupost 2025<\/strong><\/a><\/span>. A m\u00e9s a m\u00e9s, tamb\u00e9 es poden consultar tots els <strong>Informes de Gesti\u00f3 (<span style=\"color: #f69d0b;\"><a style=\"color: #f69d0b;\" href=\"https:\/\/www.esplac.cat\/wp-content\/uploads\/2024\/11\/Informe_gestio_Secretaria_General_AGO_2024.pdf\" target=\"_blank\" rel=\"noopener\">Secret\u00e0ria General<\/a><\/span> i <span style=\"color: #f69d0b;\"><a style=\"color: #f69d0b;\" href=\"https:\/\/www.esplac.cat\/wp-content\/uploads\/2024\/11\/Informe_Gestio_Equico_AGO_2024.pdf\" target=\"_blank\" rel=\"noopener\">Equip de Coordianci\u00f3<\/a><\/span>) <\/strong><span style=\"color: #ff0000;\"><span style=\"color: #000000;\">que recullen a escala num\u00e8rica la involucraci\u00f3 de les persones dirigents de l&#8217;entitat amb Esplac, aix\u00ed com l&#8217;<span style=\"color: #f69d0b;\"><a style=\"color: #f69d0b;\" href=\"https:\/\/www.esplac.cat\/wp-content\/uploads\/2024\/11\/Informe_Interventor_Comptes_AGO_2024.pdf\" target=\"_blank\" rel=\"noopener\"><strong>Informe de l&#8217;Interventor de Comptes<\/strong><\/a><\/span>, que ens explica el pressupost i dona consell a nivell pressupostari a l&#8217;entitat, i l&#8217;<span style=\"color: #f69d0b;\"><a style=\"color: #f69d0b;\" href=\"https:\/\/www.esplac.cat\/wp-content\/uploads\/2024\/11\/Informe_Aplicacio_CGRR_AGO_2024.pdf\" target=\"_blank\" rel=\"noopener\"><strong>Informe d&#8217;aplicaci\u00f3 de la Carta de Gesti\u00f3 de Recursos<\/strong><\/a><\/span>, que analitza l&#8217;impacte de l&#8217;entitat en termes ambientals.\u00a0<\/span><\/span><\/p>\n<p><span style=\"color: #ff0000;\"><span style=\"color: #000000;\">Per \u00faltim, a l&#8217;AGO tamb\u00e9 es van aprovar documents amb relaci\u00f3 a l&#8217;organitzaci\u00f3 interna d&#8217;Esplac. Podem afirmar que ja tenim<\/span><\/span> uns nous <span style=\"color: #f69d0b;\"><a style=\"color: #f69d0b;\" href=\"https:\/\/www.esplac.cat\/wp-content\/uploads\/2025\/01\/Criteris-de-distribucio-AGO-2024_amb_esmenes.pdf\" target=\"_blank\" rel=\"noopener\"><strong>Criteris de Distribuci\u00f3<\/strong><\/a><\/span><span style=\"color: #ff0000;\"><span style=\"color: #000000;\">. A banda, tamb\u00e9 s&#8217;ha aprovat una actualitzaci\u00f3 de la <a href=\"https:\/\/www.esplac.cat\/wp-content\/uploads\/2025\/01\/20.-Carta-Gestio-Responsable-Recursos_amb_esmenes.pdf\" target=\"_blank\" rel=\"noopener\"><span style=\"color: #f69d0b;\"><strong>Carta de Gesti\u00f3 de Recursos<\/strong><\/span><\/a>. <\/span><\/span><span style=\"color: #ff0000;\"><span style=\"color: #000000;\">Tamb\u00e9 es poden consultar des de ja les persones que formaran part de la <\/span><\/span><strong><a href=\"https:\/\/www.esplac.cat\/wp-content\/uploads\/2024\/11\/Proposta_Comissio_Compliment_AGO_2024.pdf\" target=\"_blank\" rel=\"noopener\"><span style=\"color: #f69d0b;\">Comissi\u00f3 de Compliment (Coco)<\/span><\/a><\/strong><span style=\"color: #ff0000;\"><span style=\"color: #000000;\"> ,encarregada de l&#8217;aplicaci\u00f3 del Codi \u00c8tic,<\/span><\/span><span style=\"color: #ff0000;\"><span style=\"color: #000000;\">\u00a0i de l&#8217;<\/span><\/span><span style=\"color: #f69d0b;\"><a style=\"color: #f69d0b;\" href=\"https:\/\/www.esplac.cat\/wp-content\/uploads\/2024\/10\/15.-Proposta_Equip_Gestor_Protocol_AGO_2024.pdf\" target=\"_blank\" rel=\"noopener\"><strong>Equip Gestor de Protocol,<\/strong><\/a><\/span><span style=\"color: #ff0000;\"><span style=\"color: #000000;\">\u00a0en cas d&#8217;haver d&#8217;aplicar el Protocol d&#8217;actituds discriminat\u00f2ries d&#8217;Esplais Catalans.<\/span><\/span><\/p>\n<p>M\u00e9s enll\u00e0 de tota la documentaci\u00f3 aprovada, Esplac compta amb cinc esplais nous: \u00a0<strong>Ja en som 108!<\/strong> A m\u00e9s, en aquesta AGO tamb\u00e9 s&#8217;ha aprovat la incorporaci\u00f3 de l&#8217;Andrea Sellar\u00e9s com a representant de la Comissi\u00f3 L\u00ednies Pedag\u00f2giques.<\/p>\n<p>Podeu consultar el transcurs de l&#8217;XLIII Assemblea a l&#8217;Acta que penjarem durant els pr\u00f2xims dies, aix\u00ed com les fotografies al <strong>Flickr d&#8217;Esplais Catalans!<\/strong><\/p>\n<div class=\"gmail_default\"><\/div>\n<div>\n<div class=\"gmail_signature\" dir=\"ltr\" data-smartmail=\"gmail_signature\">\n<div dir=\"ltr\">\n<div dir=\"ltr\">\n<div dir=\"ltr\">\n<div dir=\"ltr\">\n<div dir=\"ltr\"><\/div>\n<\/div>\n<\/div>\n<\/div>\n<\/div>\n<\/div>\n<\/div>\n<\/div><a data-flickr-embed=\"true\" href=\"https:\/\/www.flickr.com\/photos\/esplaiscatalans\/albums\/72177720322341833\" title=\"AGO 2024\"><img decoding=\"async\" src=\"https:\/\/live.staticflickr.com\/65535\/54180981470_3abd2c8645_z.jpg\" width=\"640\" height=\"480\" alt=\"AGO 2024\"\/><\/a><script async src=\"\/\/embedr.flickr.com\/assets\/client-code.js\" charset=\"utf-8\"><\/script><\/div><\/div><\/div><\/div>\n","protected":false},"excerpt":{"rendered":"","protected":false},"author":3,"featured_media":52188,"comment_status":"closed","ping_status":"closed","sticky":false,"template":"","format":"standard","meta":{"om_disable_all_campaigns":false,"_monsterinsights_skip_tracking":false,"_monsterinsights_sitenote_active":false,"_monsterinsights_sitenote_note":"","_monsterinsights_sitenote_category":0,"_uf_show_specific_survey":0,"_uf_disable_surveys":false,"footnotes":""},"categories":[1111,1134,1],"tags":[],"class_list":["post-52187","post","type-post","status-publish","format-standard","has-post-thumbnail","hentry","category-activitats-esplac","category-assemblea-general-ordinaria","category-sense-categoria"],"yoast_head":"<!-- This site is optimized with the Yoast SEO plugin v27.4 - https:\/\/yoast.com\/product\/yoast-seo-wordpress\/ -->\n<title>Ja pots consultar la documentaci\u00f3 aprovada a l&#039;XLIII AGO d&#039;Esplac!<\/title>\n<meta name=\"description\" content=\"El nou Pla Estrat\u00e8gic 2024-2027 i els Criteris de Distribuci\u00f3 s\u00f3n alguns dels documents aprovats a l&#039;AGO 2024. Consulta&#039;ls al web d&#039;Esplac!\" \/>\n<meta name=\"robots\" content=\"index, follow, max-snippet:-1, max-image-preview:large, max-video-preview:-1\" \/>\n<link rel=\"canonical\" href=\"https:\/\/www.esplac.cat\/ja-es-pot-consultar-documentacio-aprovada-xliii-ago\/\" \/>\n<meta property=\"og:locale\" content=\"es_ES\" \/>\n<meta property=\"og:type\" content=\"article\" \/>\n<meta property=\"og:title\" content=\"Ja pots consultar la documentaci\u00f3 aprovada a l&#039;XLIII AGO d&#039;Esplac!\" \/>\n<meta property=\"og:description\" content=\"El nou Pla Estrat\u00e8gic 2024-2027 i els Criteris de Distribuci\u00f3 s\u00f3n alguns dels documents aprovats a l&#039;AGO 2024. Consulta&#039;ls al web d&#039;Esplac!\" \/>\n<meta property=\"og:url\" content=\"https:\/\/www.esplac.cat\/ja-es-pot-consultar-documentacio-aprovada-xliii-ago\/\" \/>\n<meta property=\"og:site_name\" content=\"Esplac\" \/>\n<meta property=\"article:published_time\" content=\"2025-01-17T07:16:32+00:00\" \/>\n<meta property=\"article:modified_time\" content=\"2025-01-21T08:01:07+00:00\" \/>\n<meta property=\"og:image\" content=\"https:\/\/www.esplac.cat\/wp-content\/uploads\/2025\/01\/Documentacio_AGO.jpg\" \/>\n\t<meta property=\"og:image:width\" content=\"1697\" \/>\n\t<meta property=\"og:image:height\" content=\"700\" \/>\n\t<meta property=\"og:image:type\" content=\"image\/jpeg\" \/>\n<meta name=\"author\" content=\"Comunicaci\u00f3 Esplac\" \/>\n<meta name=\"twitter:card\" content=\"summary_large_image\" \/>\n<meta name=\"twitter:label1\" content=\"Escrito por\" \/>\n\t<meta name=\"twitter:data1\" content=\"Comunicaci\u00f3 Esplac\" \/>\n\t<meta name=\"twitter:label2\" content=\"Tiempo de lectura\" \/>\n\t<meta name=\"twitter:data2\" content=\"4 minutos\" \/>\n<script type=\"application\/ld+json\" class=\"yoast-schema-graph\">{\"@context\":\"https:\\\/\\\/schema.org\",\"@graph\":[{\"@type\":\"Article\",\"@id\":\"https:\\\/\\\/www.esplac.cat\\\/ja-es-pot-consultar-documentacio-aprovada-xliii-ago\\\/#article\",\"isPartOf\":{\"@id\":\"https:\\\/\\\/www.esplac.cat\\\/ja-es-pot-consultar-documentacio-aprovada-xliii-ago\\\/\"},\"author\":{\"name\":\"Comunicaci\u00f3 Esplac\",\"@id\":\"https:\\\/\\\/www.esplac.cat\\\/#\\\/schema\\\/person\\\/908383cf240be18b68f8855d0583faca\"},\"headline\":\"Ja pots consultar tota la documentaci\u00f3 aprovada a l&#8217;XLIII AGO d&#8217;Esplac!\",\"datePublished\":\"2025-01-17T07:16:32+00:00\",\"dateModified\":\"2025-01-21T08:01:07+00:00\",\"mainEntityOfPage\":{\"@id\":\"https:\\\/\\\/www.esplac.cat\\\/ja-es-pot-consultar-documentacio-aprovada-xliii-ago\\\/\"},\"wordCount\":936,\"publisher\":{\"@id\":\"https:\\\/\\\/www.esplac.cat\\\/#organization\"},\"image\":{\"@id\":\"https:\\\/\\\/www.esplac.cat\\\/ja-es-pot-consultar-documentacio-aprovada-xliii-ago\\\/#primaryimage\"},\"thumbnailUrl\":\"https:\\\/\\\/www.esplac.cat\\\/wp-content\\\/uploads\\\/2025\\\/01\\\/Documentacio_AGO.jpg\",\"articleSection\":[\"Activitats esplac\",\"Assemblea General Ordin\u00e0ria\",\"Sense categoria\"],\"inLanguage\":\"es\"},{\"@type\":\"WebPage\",\"@id\":\"https:\\\/\\\/www.esplac.cat\\\/ja-es-pot-consultar-documentacio-aprovada-xliii-ago\\\/\",\"url\":\"https:\\\/\\\/www.esplac.cat\\\/ja-es-pot-consultar-documentacio-aprovada-xliii-ago\\\/\",\"name\":\"Ja pots consultar la documentaci\u00f3 aprovada a l'XLIII AGO d'Esplac!\",\"isPartOf\":{\"@id\":\"https:\\\/\\\/www.esplac.cat\\\/#website\"},\"primaryImageOfPage\":{\"@id\":\"https:\\\/\\\/www.esplac.cat\\\/ja-es-pot-consultar-documentacio-aprovada-xliii-ago\\\/#primaryimage\"},\"image\":{\"@id\":\"https:\\\/\\\/www.esplac.cat\\\/ja-es-pot-consultar-documentacio-aprovada-xliii-ago\\\/#primaryimage\"},\"thumbnailUrl\":\"https:\\\/\\\/www.esplac.cat\\\/wp-content\\\/uploads\\\/2025\\\/01\\\/Documentacio_AGO.jpg\",\"datePublished\":\"2025-01-17T07:16:32+00:00\",\"dateModified\":\"2025-01-21T08:01:07+00:00\",\"description\":\"El nou Pla Estrat\u00e8gic 2024-2027 i els Criteris de Distribuci\u00f3 s\u00f3n alguns dels documents aprovats a l'AGO 2024. Consulta'ls al web d'Esplac!\",\"breadcrumb\":{\"@id\":\"https:\\\/\\\/www.esplac.cat\\\/ja-es-pot-consultar-documentacio-aprovada-xliii-ago\\\/#breadcrumb\"},\"inLanguage\":\"es\",\"potentialAction\":[{\"@type\":\"ReadAction\",\"target\":[\"https:\\\/\\\/www.esplac.cat\\\/ja-es-pot-consultar-documentacio-aprovada-xliii-ago\\\/\"]}]},{\"@type\":\"ImageObject\",\"inLanguage\":\"es\",\"@id\":\"https:\\\/\\\/www.esplac.cat\\\/ja-es-pot-consultar-documentacio-aprovada-xliii-ago\\\/#primaryimage\",\"url\":\"https:\\\/\\\/www.esplac.cat\\\/wp-content\\\/uploads\\\/2025\\\/01\\\/Documentacio_AGO.jpg\",\"contentUrl\":\"https:\\\/\\\/www.esplac.cat\\\/wp-content\\\/uploads\\\/2025\\\/01\\\/Documentacio_AGO.jpg\",\"width\":1697,\"height\":700},{\"@type\":\"BreadcrumbList\",\"@id\":\"https:\\\/\\\/www.esplac.cat\\\/ja-es-pot-consultar-documentacio-aprovada-xliii-ago\\\/#breadcrumb\",\"itemListElement\":[{\"@type\":\"ListItem\",\"position\":1,\"name\":\"Inici\",\"item\":\"https:\\\/\\\/www.esplac.cat\\\/es\\\/\"},{\"@type\":\"ListItem\",\"position\":2,\"name\":\"Ja pots consultar tota la documentaci\u00f3 aprovada a l&#8217;XLIII AGO d&#8217;Esplac!\"}]},{\"@type\":\"WebSite\",\"@id\":\"https:\\\/\\\/www.esplac.cat\\\/#website\",\"url\":\"https:\\\/\\\/www.esplac.cat\\\/\",\"name\":\"Esplac\",\"description\":\"Esplais Catalans\",\"publisher\":{\"@id\":\"https:\\\/\\\/www.esplac.cat\\\/#organization\"},\"potentialAction\":[{\"@type\":\"SearchAction\",\"target\":{\"@type\":\"EntryPoint\",\"urlTemplate\":\"https:\\\/\\\/www.esplac.cat\\\/?s={search_term_string}\"},\"query-input\":{\"@type\":\"PropertyValueSpecification\",\"valueRequired\":true,\"valueName\":\"search_term_string\"}}],\"inLanguage\":\"es\"},{\"@type\":\"Organization\",\"@id\":\"https:\\\/\\\/www.esplac.cat\\\/#organization\",\"name\":\"Esplac\",\"url\":\"https:\\\/\\\/www.esplac.cat\\\/\",\"logo\":{\"@type\":\"ImageObject\",\"inLanguage\":\"es\",\"@id\":\"https:\\\/\\\/www.esplac.cat\\\/#\\\/schema\\\/logo\\\/image\\\/\",\"url\":\"https:\\\/\\\/www.esplac.cat\\\/wp-content\\\/uploads\\\/2019\\\/08\\\/logox2.png\",\"contentUrl\":\"https:\\\/\\\/www.esplac.cat\\\/wp-content\\\/uploads\\\/2019\\\/08\\\/logox2.png\",\"width\":600,\"height\":295,\"caption\":\"Esplac\"},\"image\":{\"@id\":\"https:\\\/\\\/www.esplac.cat\\\/#\\\/schema\\\/logo\\\/image\\\/\"}},{\"@type\":\"Person\",\"@id\":\"https:\\\/\\\/www.esplac.cat\\\/#\\\/schema\\\/person\\\/908383cf240be18b68f8855d0583faca\",\"name\":\"Comunicaci\u00f3 Esplac\",\"image\":{\"@type\":\"ImageObject\",\"inLanguage\":\"es\",\"@id\":\"https:\\\/\\\/secure.gravatar.com\\\/avatar\\\/7a4cf8feb412a76ea4a740ca02d95b06b2907b5a6c648c2dd0a1082a093c3141?s=96&d=mm&r=g\",\"url\":\"https:\\\/\\\/secure.gravatar.com\\\/avatar\\\/7a4cf8feb412a76ea4a740ca02d95b06b2907b5a6c648c2dd0a1082a093c3141?s=96&d=mm&r=g\",\"contentUrl\":\"https:\\\/\\\/secure.gravatar.com\\\/avatar\\\/7a4cf8feb412a76ea4a740ca02d95b06b2907b5a6c648c2dd0a1082a093c3141?s=96&d=mm&r=g\",\"caption\":\"Comunicaci\u00f3 Esplac\"}}]}<\/script>\n<!-- \/ Yoast SEO plugin. -->","yoast_head_json":{"title":"Ja pots consultar la documentaci\u00f3 aprovada a l'XLIII AGO d'Esplac!","description":"El nou Pla Estrat\u00e8gic 2024-2027 i els Criteris de Distribuci\u00f3 s\u00f3n alguns dels documents aprovats a l'AGO 2024. Consulta'ls al web d'Esplac!","robots":{"index":"index","follow":"follow","max-snippet":"max-snippet:-1","max-image-preview":"max-image-preview:large","max-video-preview":"max-video-preview:-1"},"canonical":"https:\/\/www.esplac.cat\/ja-es-pot-consultar-documentacio-aprovada-xliii-ago\/","og_locale":"es_ES","og_type":"article","og_title":"Ja pots consultar la documentaci\u00f3 aprovada a l'XLIII AGO d'Esplac!","og_description":"El nou Pla Estrat\u00e8gic 2024-2027 i els Criteris de Distribuci\u00f3 s\u00f3n alguns dels documents aprovats a l'AGO 2024. Consulta'ls al web d'Esplac!","og_url":"https:\/\/www.esplac.cat\/ja-es-pot-consultar-documentacio-aprovada-xliii-ago\/","og_site_name":"Esplac","article_published_time":"2025-01-17T07:16:32+00:00","article_modified_time":"2025-01-21T08:01:07+00:00","og_image":[{"width":1697,"height":700,"url":"https:\/\/www.esplac.cat\/wp-content\/uploads\/2025\/01\/Documentacio_AGO.jpg","type":"image\/jpeg"}],"author":"Comunicaci\u00f3 Esplac","twitter_card":"summary_large_image","twitter_misc":{"Escrito por":"Comunicaci\u00f3 Esplac","Tiempo de lectura":"4 minutos"},"schema":{"@context":"https:\/\/schema.org","@graph":[{"@type":"Article","@id":"https:\/\/www.esplac.cat\/ja-es-pot-consultar-documentacio-aprovada-xliii-ago\/#article","isPartOf":{"@id":"https:\/\/www.esplac.cat\/ja-es-pot-consultar-documentacio-aprovada-xliii-ago\/"},"author":{"name":"Comunicaci\u00f3 Esplac","@id":"https:\/\/www.esplac.cat\/#\/schema\/person\/908383cf240be18b68f8855d0583faca"},"headline":"Ja pots consultar tota la documentaci\u00f3 aprovada a l&#8217;XLIII AGO d&#8217;Esplac!","datePublished":"2025-01-17T07:16:32+00:00","dateModified":"2025-01-21T08:01:07+00:00","mainEntityOfPage":{"@id":"https:\/\/www.esplac.cat\/ja-es-pot-consultar-documentacio-aprovada-xliii-ago\/"},"wordCount":936,"publisher":{"@id":"https:\/\/www.esplac.cat\/#organization"},"image":{"@id":"https:\/\/www.esplac.cat\/ja-es-pot-consultar-documentacio-aprovada-xliii-ago\/#primaryimage"},"thumbnailUrl":"https:\/\/www.esplac.cat\/wp-content\/uploads\/2025\/01\/Documentacio_AGO.jpg","articleSection":["Activitats esplac","Assemblea General Ordin\u00e0ria","Sense categoria"],"inLanguage":"es"},{"@type":"WebPage","@id":"https:\/\/www.esplac.cat\/ja-es-pot-consultar-documentacio-aprovada-xliii-ago\/","url":"https:\/\/www.esplac.cat\/ja-es-pot-consultar-documentacio-aprovada-xliii-ago\/","name":"Ja pots consultar la documentaci\u00f3 aprovada a l'XLIII AGO d'Esplac!","isPartOf":{"@id":"https:\/\/www.esplac.cat\/#website"},"primaryImageOfPage":{"@id":"https:\/\/www.esplac.cat\/ja-es-pot-consultar-documentacio-aprovada-xliii-ago\/#primaryimage"},"image":{"@id":"https:\/\/www.esplac.cat\/ja-es-pot-consultar-documentacio-aprovada-xliii-ago\/#primaryimage"},"thumbnailUrl":"https:\/\/www.esplac.cat\/wp-content\/uploads\/2025\/01\/Documentacio_AGO.jpg","datePublished":"2025-01-17T07:16:32+00:00","dateModified":"2025-01-21T08:01:07+00:00","description":"El nou Pla Estrat\u00e8gic 2024-2027 i els Criteris de Distribuci\u00f3 s\u00f3n alguns dels documents aprovats a l'AGO 2024. Consulta'ls al web d'Esplac!","breadcrumb":{"@id":"https:\/\/www.esplac.cat\/ja-es-pot-consultar-documentacio-aprovada-xliii-ago\/#breadcrumb"},"inLanguage":"es","potentialAction":[{"@type":"ReadAction","target":["https:\/\/www.esplac.cat\/ja-es-pot-consultar-documentacio-aprovada-xliii-ago\/"]}]},{"@type":"ImageObject","inLanguage":"es","@id":"https:\/\/www.esplac.cat\/ja-es-pot-consultar-documentacio-aprovada-xliii-ago\/#primaryimage","url":"https:\/\/www.esplac.cat\/wp-content\/uploads\/2025\/01\/Documentacio_AGO.jpg","contentUrl":"https:\/\/www.esplac.cat\/wp-content\/uploads\/2025\/01\/Documentacio_AGO.jpg","width":1697,"height":700},{"@type":"BreadcrumbList","@id":"https:\/\/www.esplac.cat\/ja-es-pot-consultar-documentacio-aprovada-xliii-ago\/#breadcrumb","itemListElement":[{"@type":"ListItem","position":1,"name":"Inici","item":"https:\/\/www.esplac.cat\/es\/"},{"@type":"ListItem","position":2,"name":"Ja pots consultar tota la documentaci\u00f3 aprovada a l&#8217;XLIII AGO d&#8217;Esplac!"}]},{"@type":"WebSite","@id":"https:\/\/www.esplac.cat\/#website","url":"https:\/\/www.esplac.cat\/","name":"Esplac","description":"Esplais Catalans","publisher":{"@id":"https:\/\/www.esplac.cat\/#organization"},"potentialAction":[{"@type":"SearchAction","target":{"@type":"EntryPoint","urlTemplate":"https:\/\/www.esplac.cat\/?s={search_term_string}"},"query-input":{"@type":"PropertyValueSpecification","valueRequired":true,"valueName":"search_term_string"}}],"inLanguage":"es"},{"@type":"Organization","@id":"https:\/\/www.esplac.cat\/#organization","name":"Esplac","url":"https:\/\/www.esplac.cat\/","logo":{"@type":"ImageObject","inLanguage":"es","@id":"https:\/\/www.esplac.cat\/#\/schema\/logo\/image\/","url":"https:\/\/www.esplac.cat\/wp-content\/uploads\/2019\/08\/logox2.png","contentUrl":"https:\/\/www.esplac.cat\/wp-content\/uploads\/2019\/08\/logox2.png","width":600,"height":295,"caption":"Esplac"},"image":{"@id":"https:\/\/www.esplac.cat\/#\/schema\/logo\/image\/"}},{"@type":"Person","@id":"https:\/\/www.esplac.cat\/#\/schema\/person\/908383cf240be18b68f8855d0583faca","name":"Comunicaci\u00f3 Esplac","image":{"@type":"ImageObject","inLanguage":"es","@id":"https:\/\/secure.gravatar.com\/avatar\/7a4cf8feb412a76ea4a740ca02d95b06b2907b5a6c648c2dd0a1082a093c3141?s=96&d=mm&r=g","url":"https:\/\/secure.gravatar.com\/avatar\/7a4cf8feb412a76ea4a740ca02d95b06b2907b5a6c648c2dd0a1082a093c3141?s=96&d=mm&r=g","contentUrl":"https:\/\/secure.gravatar.com\/avatar\/7a4cf8feb412a76ea4a740ca02d95b06b2907b5a6c648c2dd0a1082a093c3141?s=96&d=mm&r=g","caption":"Comunicaci\u00f3 Esplac"}}]}},"_links":{"self":[{"href":"https:\/\/www.esplac.cat\/es\/wp-json\/wp\/v2\/posts\/52187","targetHints":{"allow":["GET"]}}],"collection":[{"href":"https:\/\/www.esplac.cat\/es\/wp-json\/wp\/v2\/posts"}],"about":[{"href":"https:\/\/www.esplac.cat\/es\/wp-json\/wp\/v2\/types\/post"}],"author":[{"embeddable":true,"href":"https:\/\/www.esplac.cat\/es\/wp-json\/wp\/v2\/users\/3"}],"replies":[{"embeddable":true,"href":"https:\/\/www.esplac.cat\/es\/wp-json\/wp\/v2\/comments?post=52187"}],"version-history":[{"count":7,"href":"https:\/\/www.esplac.cat\/es\/wp-json\/wp\/v2\/posts\/52187\/revisions"}],"predecessor-version":[{"id":52208,"href":"https:\/\/www.esplac.cat\/es\/wp-json\/wp\/v2\/posts\/52187\/revisions\/52208"}],"wp:featuredmedia":[{"embeddable":true,"href":"https:\/\/www.esplac.cat\/es\/wp-json\/wp\/v2\/media\/52188"}],"wp:attachment":[{"href":"https:\/\/www.esplac.cat\/es\/wp-json\/wp\/v2\/media?parent=52187"}],"wp:term":[{"taxonomy":"category","embeddable":true,"href":"https:\/\/www.esplac.cat\/es\/wp-json\/wp\/v2\/categories?post=52187"},{"taxonomy":"post_tag","embeddable":true,"href":"https:\/\/www.esplac.cat\/es\/wp-json\/wp\/v2\/tags?post=52187"}],"curies":[{"name":"wp","href":"https:\/\/api.w.org\/{rel}","templated":true}]}}