{"id":5223,"date":"2019-03-21T13:24:23","date_gmt":"2019-03-21T11:24:23","guid":{"rendered":"https:\/\/www.somesplai.cat\/?p=5223"},"modified":"2020-10-15T17:23:30","modified_gmt":"2020-10-15T16:23:30","slug":"el-valor-de-lesplai","status":"publish","type":"post","link":"https:\/\/www.esplac.cat\/es\/el-valor-de-lesplai\/","title":{"rendered":"El valor de l&#8217;esplai"},"content":{"rendered":"<h5 style=\"text-align: justify;\">21-mar\u00e7-2019<\/h5>\n<p>Autora:&nbsp;<strong>Gemma Solans<\/strong>, monitora de l&#8217;esplai&nbsp;Kasperle i SVE a Berl\u00edn.<\/p>\n<hr>\n<p style=\"text-align: justify;\">I qu\u00e8 fas parlant de l&#8217;esplai quan est\u00e0s a m\u00e9s de 1000 km de dist\u00e0ncia? Doncs s\u00ed camarades. Perqu\u00e8 fins que no ho mires des de fora no arribes a entendre el valor de les coses. <strong>Perqu\u00e8 l&#8217;esplai d\u00f3na valor a la vida.<\/strong> I tinc tants arguments que aix\u00f2 no \u00e9s ni un objecte de debat.\u2028 La meva mare va creure que l&#8217;esplai em faria (millor) persona quan tenia dotze anys i no volia anar-hi. Em va obligar a enfrontar algunes de les meves pors, entre elles la de no sentir-me inclosa. I no crec que trobi la manera d&#8217;agrair-li.<\/p>\n<p style=\"text-align: justify;\">Quan vaig trobar-me c\u00f2mode en el meu rol (que deixava bastant&nbsp;a desitjar) dins el meu grup de joves, responia que no volia ser monitora. Suposo que tampoc sabia qu\u00e8 volia dir. Vaig decidir donar-li una oportunitat quan vaig rebre una carta a casa, on se m&#8217;obria aquesta porta, que ni tan sols havia merescut.<\/p>\n<p style=\"text-align: justify;\">Em vaig trobar amb algun rebuig que altre. I llavors vaig apostar per fer el curs de monitors\/es. Dic que literalment em va canviar la vida, perqu\u00e8 ho va fer. <strong>Em va ajudar a apostar per mi<\/strong>. I de quina manera. Potser les finestres a vegades s\u00f3n bones portes.<\/p>\n<p style=\"text-align: justify;\">\u2028No puc posar en paraules tota la meva experi\u00e8ncia vital com a monitora en quatre par\u00e0grafs d&#8217;un article. Tampoc tinc intenci\u00f3 de conv\u00e8ncer a cap lectora. Senzillament, em va emp\u00e8nyer a aprendre, com a manera de viatjar pels jardins de la vida.\u2028 Sovint aprenem a base de parets i sempre a base d&#8217;errors. \u00c9s quan agafem les escletxes dels errors, juntament amb la const\u00e0ncia i les ganes de millorar, que realment podem dir que aprenem alguna cosa.<\/p>\n<p style=\"text-align: justify;\">Per\u00f2 mai deixem de tenir davant una realitat que tant de bo no fes tanta por. I tant de bo fos m\u00e9s maca i transparent del que veritablement \u00e9s. Aix\u00ed que quan vaig fer una passa al costat, l&#8217;esplai ha servit de refor\u00e7 de tot el que visc.&nbsp;<strong>I aix\u00ed em vaig llen\u00e7ar a viure en un altre pa\u00eds, a experimentar una nova manera de relacionar-me i comunicar-me.<\/strong><\/p>\n<p style=\"text-align: justify;\">Parlo des del punt de vista d&#8217;una privilegiada. En m\u00e9s d&#8217;una ocasi\u00f3 he estat a poc de descarrilar i he tingut l&#8217;oportunitat de tornar a posar els peus a terra. Canviar de direcci\u00f3. Per\u00f2 no tothom ho pot fer. I per aix\u00f2 vinc a parlar de l&#8217;esplai. Perqu\u00e8 \u00e9s una oportunitat. Una porta. Una finestra. Una mica d&#8217;aire pur. Una nova perspectiva. Una lli\u00e7\u00f3 per aquells o aquelles que vulguin agafar-la.<\/p>\n<p style=\"text-align: justify;\">\u00c9s perqu\u00e8 crec profundament en el poder de canvi individual i social de l&#8217;esplai, que vull invertir la meva voluntat a apropar l&#8217;oportunitat de l&#8217;educaci\u00f3 en el lleure a tothom. Poc ambici\u00f3s eh?<\/p>\n<p style=\"text-align: justify;\">L&#8217;esplai no el configuren les coses, sin\u00f3 les persones. Totes les persones que hi formen part fan que siguin les experi\u00e8ncies compartides l&#8217;arrel de tot. Cal creure en el poder de les paraules i en el poder de les petites accions, de les aportacions de les moltes persones que s&#8217;entrecreuen en el nostre cam\u00ed.<\/p>\n<p style=\"text-align: justify;\">Perqu\u00e8, al final del dia, seguirem creient en qu\u00e8 les coses poden canviar, no?<\/p>\n","protected":false},"excerpt":{"rendered":"<p>21-mar\u00e7-2019 Autora:&nbsp;Gemma Solans, monitora de l&#8217;esplai&nbsp;Kasperle i SVE a Berl\u00edn. [&hellip;]<\/p>\n","protected":false},"author":3,"featured_media":5225,"comment_status":"closed","ping_status":"closed","sticky":false,"template":"","format":"standard","meta":{"om_disable_all_campaigns":false,"_monsterinsights_skip_tracking":false,"_monsterinsights_sitenote_active":false,"_monsterinsights_sitenote_note":"","_monsterinsights_sitenote_category":0,"_uf_show_specific_survey":0,"_uf_disable_surveys":false,"footnotes":""},"categories":[1168],"tags":[513,1002,1003,314,874,187,134],"class_list":["post-5223","post","type-post","status-publish","format-standard","has-post-thumbnail","hentry","category-creuant_mirades","tag-berlin","tag-educacio-popular","tag-esplai","tag-evs","tag-monitora","tag-sve","tag-transformacio-social"],"yoast_head":"<!-- This site is optimized with the Yoast SEO plugin v27.5 - https:\/\/yoast.com\/product\/yoast-seo-wordpress\/ -->\n<title>El valor de l&#039;esplai - Esplac<\/title>\n<meta name=\"robots\" content=\"index, follow, max-snippet:-1, max-image-preview:large, max-video-preview:-1\" \/>\n<link rel=\"canonical\" href=\"https:\/\/www.esplac.cat\/el-valor-de-lesplai\/\" \/>\n<meta property=\"og:locale\" content=\"es_ES\" \/>\n<meta property=\"og:type\" content=\"article\" \/>\n<meta property=\"og:title\" content=\"El valor de l&#039;esplai - Esplac\" \/>\n<meta property=\"og:description\" content=\"21-mar\u00e7-2019 Autora:&nbsp;Gemma Solans, monitora de l&#8217;esplai&nbsp;Kasperle i SVE a Berl\u00edn. [&hellip;]\" \/>\n<meta property=\"og:url\" content=\"https:\/\/www.esplac.cat\/el-valor-de-lesplai\/\" \/>\n<meta property=\"og:site_name\" content=\"Esplac\" \/>\n<meta property=\"article:published_time\" content=\"2019-03-21T11:24:23+00:00\" \/>\n<meta property=\"article:modified_time\" content=\"2020-10-15T16:23:30+00:00\" \/>\n<meta property=\"og:image\" content=\"https:\/\/www.esplac.cat\/wp-content\/uploads\/2019\/11\/logo-open.jpg\" \/>\n\t<meta property=\"og:image:width\" content=\"1200\" \/>\n\t<meta property=\"og:image:height\" content=\"630\" \/>\n\t<meta property=\"og:image:type\" content=\"image\/jpeg\" \/>\n<meta name=\"author\" content=\"Comunicaci\u00f3 Esplac\" \/>\n<meta name=\"twitter:card\" content=\"summary_large_image\" \/>\n<meta name=\"twitter:label1\" content=\"Escrito por\" \/>\n\t<meta name=\"twitter:data1\" content=\"Comunicaci\u00f3 Esplac\" \/>\n\t<meta name=\"twitter:label2\" content=\"Tiempo de lectura\" \/>\n\t<meta name=\"twitter:data2\" content=\"3 minutos\" \/>\n<script type=\"application\/ld+json\" class=\"yoast-schema-graph\">{\"@context\":\"https:\\\/\\\/schema.org\",\"@graph\":[{\"@type\":\"Article\",\"@id\":\"https:\\\/\\\/www.esplac.cat\\\/el-valor-de-lesplai\\\/#article\",\"isPartOf\":{\"@id\":\"https:\\\/\\\/www.esplac.cat\\\/el-valor-de-lesplai\\\/\"},\"author\":{\"name\":\"Comunicaci\u00f3 Esplac\",\"@id\":\"https:\\\/\\\/www.esplac.cat\\\/#\\\/schema\\\/person\\\/908383cf240be18b68f8855d0583faca\"},\"headline\":\"El valor de l&#8217;esplai\",\"datePublished\":\"2019-03-21T11:24:23+00:00\",\"dateModified\":\"2020-10-15T16:23:30+00:00\",\"mainEntityOfPage\":{\"@id\":\"https:\\\/\\\/www.esplac.cat\\\/el-valor-de-lesplai\\\/\"},\"wordCount\":581,\"publisher\":{\"@id\":\"https:\\\/\\\/www.esplac.cat\\\/#organization\"},\"image\":{\"@id\":\"https:\\\/\\\/www.esplac.cat\\\/el-valor-de-lesplai\\\/#primaryimage\"},\"thumbnailUrl\":\"\",\"keywords\":[\"Berlin\",\"educaci\u00f3 popular\",\"esplai\",\"evs\",\"monitora\",\"sve\",\"transformaci\u00f3 social\"],\"articleSection\":[\"Creuant mirades\"],\"inLanguage\":\"es\"},{\"@type\":\"WebPage\",\"@id\":\"https:\\\/\\\/www.esplac.cat\\\/el-valor-de-lesplai\\\/\",\"url\":\"https:\\\/\\\/www.esplac.cat\\\/el-valor-de-lesplai\\\/\",\"name\":\"El valor de l'esplai - Esplac\",\"isPartOf\":{\"@id\":\"https:\\\/\\\/www.esplac.cat\\\/#website\"},\"primaryImageOfPage\":{\"@id\":\"https:\\\/\\\/www.esplac.cat\\\/el-valor-de-lesplai\\\/#primaryimage\"},\"image\":{\"@id\":\"https:\\\/\\\/www.esplac.cat\\\/el-valor-de-lesplai\\\/#primaryimage\"},\"thumbnailUrl\":\"\",\"datePublished\":\"2019-03-21T11:24:23+00:00\",\"dateModified\":\"2020-10-15T16:23:30+00:00\",\"breadcrumb\":{\"@id\":\"https:\\\/\\\/www.esplac.cat\\\/el-valor-de-lesplai\\\/#breadcrumb\"},\"inLanguage\":\"es\",\"potentialAction\":[{\"@type\":\"ReadAction\",\"target\":[\"https:\\\/\\\/www.esplac.cat\\\/el-valor-de-lesplai\\\/\"]}]},{\"@type\":\"ImageObject\",\"inLanguage\":\"es\",\"@id\":\"https:\\\/\\\/www.esplac.cat\\\/el-valor-de-lesplai\\\/#primaryimage\",\"url\":\"\",\"contentUrl\":\"\"},{\"@type\":\"BreadcrumbList\",\"@id\":\"https:\\\/\\\/www.esplac.cat\\\/el-valor-de-lesplai\\\/#breadcrumb\",\"itemListElement\":[{\"@type\":\"ListItem\",\"position\":1,\"name\":\"Inici\",\"item\":\"https:\\\/\\\/www.esplac.cat\\\/es\\\/\"},{\"@type\":\"ListItem\",\"position\":2,\"name\":\"El valor de l&#8217;esplai\"}]},{\"@type\":\"WebSite\",\"@id\":\"https:\\\/\\\/www.esplac.cat\\\/#website\",\"url\":\"https:\\\/\\\/www.esplac.cat\\\/\",\"name\":\"Esplac\",\"description\":\"Esplais Catalans\",\"publisher\":{\"@id\":\"https:\\\/\\\/www.esplac.cat\\\/#organization\"},\"potentialAction\":[{\"@type\":\"SearchAction\",\"target\":{\"@type\":\"EntryPoint\",\"urlTemplate\":\"https:\\\/\\\/www.esplac.cat\\\/?s={search_term_string}\"},\"query-input\":{\"@type\":\"PropertyValueSpecification\",\"valueRequired\":true,\"valueName\":\"search_term_string\"}}],\"inLanguage\":\"es\"},{\"@type\":\"Organization\",\"@id\":\"https:\\\/\\\/www.esplac.cat\\\/#organization\",\"name\":\"Esplac\",\"url\":\"https:\\\/\\\/www.esplac.cat\\\/\",\"logo\":{\"@type\":\"ImageObject\",\"inLanguage\":\"es\",\"@id\":\"https:\\\/\\\/www.esplac.cat\\\/#\\\/schema\\\/logo\\\/image\\\/\",\"url\":\"https:\\\/\\\/www.esplac.cat\\\/wp-content\\\/uploads\\\/2019\\\/08\\\/logox2.png\",\"contentUrl\":\"https:\\\/\\\/www.esplac.cat\\\/wp-content\\\/uploads\\\/2019\\\/08\\\/logox2.png\",\"width\":600,\"height\":295,\"caption\":\"Esplac\"},\"image\":{\"@id\":\"https:\\\/\\\/www.esplac.cat\\\/#\\\/schema\\\/logo\\\/image\\\/\"}},{\"@type\":\"Person\",\"@id\":\"https:\\\/\\\/www.esplac.cat\\\/#\\\/schema\\\/person\\\/908383cf240be18b68f8855d0583faca\",\"name\":\"Comunicaci\u00f3 Esplac\",\"image\":{\"@type\":\"ImageObject\",\"inLanguage\":\"es\",\"@id\":\"https:\\\/\\\/secure.gravatar.com\\\/avatar\\\/7a4cf8feb412a76ea4a740ca02d95b06b2907b5a6c648c2dd0a1082a093c3141?s=96&d=mm&r=g\",\"url\":\"https:\\\/\\\/secure.gravatar.com\\\/avatar\\\/7a4cf8feb412a76ea4a740ca02d95b06b2907b5a6c648c2dd0a1082a093c3141?s=96&d=mm&r=g\",\"contentUrl\":\"https:\\\/\\\/secure.gravatar.com\\\/avatar\\\/7a4cf8feb412a76ea4a740ca02d95b06b2907b5a6c648c2dd0a1082a093c3141?s=96&d=mm&r=g\",\"caption\":\"Comunicaci\u00f3 Esplac\"}}]}<\/script>\n<!-- \/ Yoast SEO plugin. -->","yoast_head_json":{"title":"El valor de l'esplai - Esplac","robots":{"index":"index","follow":"follow","max-snippet":"max-snippet:-1","max-image-preview":"max-image-preview:large","max-video-preview":"max-video-preview:-1"},"canonical":"https:\/\/www.esplac.cat\/el-valor-de-lesplai\/","og_locale":"es_ES","og_type":"article","og_title":"El valor de l'esplai - Esplac","og_description":"21-mar\u00e7-2019 Autora:&nbsp;Gemma Solans, monitora de l&#8217;esplai&nbsp;Kasperle i SVE a Berl\u00edn. [&hellip;]","og_url":"https:\/\/www.esplac.cat\/el-valor-de-lesplai\/","og_site_name":"Esplac","article_published_time":"2019-03-21T11:24:23+00:00","article_modified_time":"2020-10-15T16:23:30+00:00","og_image":[{"width":1200,"height":630,"url":"https:\/\/www.esplac.cat\/wp-content\/uploads\/2019\/11\/logo-open.jpg","type":"image\/jpeg"}],"author":"Comunicaci\u00f3 Esplac","twitter_card":"summary_large_image","twitter_misc":{"Escrito por":"Comunicaci\u00f3 Esplac","Tiempo de lectura":"3 minutos"},"schema":{"@context":"https:\/\/schema.org","@graph":[{"@type":"Article","@id":"https:\/\/www.esplac.cat\/el-valor-de-lesplai\/#article","isPartOf":{"@id":"https:\/\/www.esplac.cat\/el-valor-de-lesplai\/"},"author":{"name":"Comunicaci\u00f3 Esplac","@id":"https:\/\/www.esplac.cat\/#\/schema\/person\/908383cf240be18b68f8855d0583faca"},"headline":"El valor de l&#8217;esplai","datePublished":"2019-03-21T11:24:23+00:00","dateModified":"2020-10-15T16:23:30+00:00","mainEntityOfPage":{"@id":"https:\/\/www.esplac.cat\/el-valor-de-lesplai\/"},"wordCount":581,"publisher":{"@id":"https:\/\/www.esplac.cat\/#organization"},"image":{"@id":"https:\/\/www.esplac.cat\/el-valor-de-lesplai\/#primaryimage"},"thumbnailUrl":"","keywords":["Berlin","educaci\u00f3 popular","esplai","evs","monitora","sve","transformaci\u00f3 social"],"articleSection":["Creuant mirades"],"inLanguage":"es"},{"@type":"WebPage","@id":"https:\/\/www.esplac.cat\/el-valor-de-lesplai\/","url":"https:\/\/www.esplac.cat\/el-valor-de-lesplai\/","name":"El valor de l'esplai - Esplac","isPartOf":{"@id":"https:\/\/www.esplac.cat\/#website"},"primaryImageOfPage":{"@id":"https:\/\/www.esplac.cat\/el-valor-de-lesplai\/#primaryimage"},"image":{"@id":"https:\/\/www.esplac.cat\/el-valor-de-lesplai\/#primaryimage"},"thumbnailUrl":"","datePublished":"2019-03-21T11:24:23+00:00","dateModified":"2020-10-15T16:23:30+00:00","breadcrumb":{"@id":"https:\/\/www.esplac.cat\/el-valor-de-lesplai\/#breadcrumb"},"inLanguage":"es","potentialAction":[{"@type":"ReadAction","target":["https:\/\/www.esplac.cat\/el-valor-de-lesplai\/"]}]},{"@type":"ImageObject","inLanguage":"es","@id":"https:\/\/www.esplac.cat\/el-valor-de-lesplai\/#primaryimage","url":"","contentUrl":""},{"@type":"BreadcrumbList","@id":"https:\/\/www.esplac.cat\/el-valor-de-lesplai\/#breadcrumb","itemListElement":[{"@type":"ListItem","position":1,"name":"Inici","item":"https:\/\/www.esplac.cat\/es\/"},{"@type":"ListItem","position":2,"name":"El valor de l&#8217;esplai"}]},{"@type":"WebSite","@id":"https:\/\/www.esplac.cat\/#website","url":"https:\/\/www.esplac.cat\/","name":"Esplac","description":"Esplais Catalans","publisher":{"@id":"https:\/\/www.esplac.cat\/#organization"},"potentialAction":[{"@type":"SearchAction","target":{"@type":"EntryPoint","urlTemplate":"https:\/\/www.esplac.cat\/?s={search_term_string}"},"query-input":{"@type":"PropertyValueSpecification","valueRequired":true,"valueName":"search_term_string"}}],"inLanguage":"es"},{"@type":"Organization","@id":"https:\/\/www.esplac.cat\/#organization","name":"Esplac","url":"https:\/\/www.esplac.cat\/","logo":{"@type":"ImageObject","inLanguage":"es","@id":"https:\/\/www.esplac.cat\/#\/schema\/logo\/image\/","url":"https:\/\/www.esplac.cat\/wp-content\/uploads\/2019\/08\/logox2.png","contentUrl":"https:\/\/www.esplac.cat\/wp-content\/uploads\/2019\/08\/logox2.png","width":600,"height":295,"caption":"Esplac"},"image":{"@id":"https:\/\/www.esplac.cat\/#\/schema\/logo\/image\/"}},{"@type":"Person","@id":"https:\/\/www.esplac.cat\/#\/schema\/person\/908383cf240be18b68f8855d0583faca","name":"Comunicaci\u00f3 Esplac","image":{"@type":"ImageObject","inLanguage":"es","@id":"https:\/\/secure.gravatar.com\/avatar\/7a4cf8feb412a76ea4a740ca02d95b06b2907b5a6c648c2dd0a1082a093c3141?s=96&d=mm&r=g","url":"https:\/\/secure.gravatar.com\/avatar\/7a4cf8feb412a76ea4a740ca02d95b06b2907b5a6c648c2dd0a1082a093c3141?s=96&d=mm&r=g","contentUrl":"https:\/\/secure.gravatar.com\/avatar\/7a4cf8feb412a76ea4a740ca02d95b06b2907b5a6c648c2dd0a1082a093c3141?s=96&d=mm&r=g","caption":"Comunicaci\u00f3 Esplac"}}]}},"_links":{"self":[{"href":"https:\/\/www.esplac.cat\/es\/wp-json\/wp\/v2\/posts\/5223","targetHints":{"allow":["GET"]}}],"collection":[{"href":"https:\/\/www.esplac.cat\/es\/wp-json\/wp\/v2\/posts"}],"about":[{"href":"https:\/\/www.esplac.cat\/es\/wp-json\/wp\/v2\/types\/post"}],"author":[{"embeddable":true,"href":"https:\/\/www.esplac.cat\/es\/wp-json\/wp\/v2\/users\/3"}],"replies":[{"embeddable":true,"href":"https:\/\/www.esplac.cat\/es\/wp-json\/wp\/v2\/comments?post=5223"}],"version-history":[{"count":0,"href":"https:\/\/www.esplac.cat\/es\/wp-json\/wp\/v2\/posts\/5223\/revisions"}],"wp:featuredmedia":[{"embeddable":true,"href":"https:\/\/www.esplac.cat\/es\/wp-json\/"}],"wp:attachment":[{"href":"https:\/\/www.esplac.cat\/es\/wp-json\/wp\/v2\/media?parent=5223"}],"wp:term":[{"taxonomy":"category","embeddable":true,"href":"https:\/\/www.esplac.cat\/es\/wp-json\/wp\/v2\/categories?post=5223"},{"taxonomy":"post_tag","embeddable":true,"href":"https:\/\/www.esplac.cat\/es\/wp-json\/wp\/v2\/tags?post=5223"}],"curies":[{"name":"wp","href":"https:\/\/api.w.org\/{rel}","templated":true}]}}