{"id":52345,"date":"2025-01-27T08:00:39","date_gmt":"2025-01-27T06:00:39","guid":{"rendered":"https:\/\/www.esplac.cat\/?p=52345"},"modified":"2025-01-23T14:51:23","modified_gmt":"2025-01-23T12:51:23","slug":"ja-et-pots-inscriure-sisena-edicio-jornades-dissidents","status":"publish","type":"post","link":"https:\/\/www.esplac.cat\/es\/ja-et-pots-inscriure-sisena-edicio-jornades-dissidents\/","title":{"rendered":"No t\u2019ho perdis! Ja et pots inscriure a la sisena edici\u00f3 de les Jornades Dissidents"},"content":{"rendered":"<div class=\"fusion-fullwidth fullwidth-box fusion-builder-row-1 fusion-flex-container has-pattern-background has-mask-background nonhundred-percent-fullwidth non-hundred-percent-height-scrolling\" style=\"--awb-border-radius-top-left:0px;--awb-border-radius-top-right:0px;--awb-border-radius-bottom-right:0px;--awb-border-radius-bottom-left:0px;--awb-flex-wrap:wrap;\" ><div class=\"fusion-builder-row fusion-row fusion-flex-align-items-flex-start fusion-flex-content-wrap\" style=\"max-width:1248px;margin-left: calc(-4% \/ 2 );margin-right: calc(-4% \/ 2 );\"><div class=\"fusion-layout-column fusion_builder_column fusion-builder-column-0 fusion_builder_column_1_1 1_1 fusion-flex-column\" style=\"--awb-bg-size:cover;--awb-width-large:100%;--awb-margin-top-large:0px;--awb-spacing-right-large:1.92%;--awb-margin-bottom-large:20px;--awb-spacing-left-large:1.92%;--awb-width-medium:100%;--awb-order-medium:0;--awb-spacing-right-medium:1.92%;--awb-spacing-left-medium:1.92%;--awb-width-small:100%;--awb-order-small:0;--awb-spacing-right-small:1.92%;--awb-spacing-left-small:1.92%;\"><div class=\"fusion-column-wrapper fusion-column-has-shadow fusion-flex-justify-content-flex-start fusion-content-layout-column\"><div class=\"fusion-text fusion-text-1\"><p><strong>El diumenge 30 de mar\u00e7 arriba la sisena edici\u00f3 de les Jornades Dissidents a Barcelona, posant al centre l\u2019educaci\u00f3 afectiva i sexual que oferim des de l\u2019esplai.<\/strong><\/p>\n<p>La sisena edici\u00f3 de les <span style=\"color: #f69d0b;\"><a style=\"color: #f69d0b;\" href=\"https:\/\/www.esplac.cat\/formacions\/jornades-dissidents\/\" target=\"_blank\" rel=\"noopener\"><strong>Jornades Dissidents<\/strong><\/a><\/span> organitzada per la comissi\u00f3 de <span style=\"color: #f69d0b;\"><a style=\"color: #f69d0b;\" href=\"https:\/\/www.esplac.cat\/comissions\/generes-sexualitats-diverses-dissidents\/\" target=\"_blank\" rel=\"noopener\"><strong>G\u00e8neres i Sexualitats Diverses i Dissidents<\/strong><\/a><\/span> (GSDD) arriba el proper diumenge 30 de mar\u00e7 al<span style=\"color: #f69d0b;\"><a style=\"color: #f69d0b;\" href=\"https:\/\/www.instagram.com\/casaljovesagciutatvella\/\" target=\"_blank\" rel=\"noopener\"><strong> Casal de Joves Autogestionat de Ciutat Vella<\/strong><\/a><\/span> de Barcelona. Sota el t\u00edtol <strong><em>Menys mites, m\u00e9s plaer! Vivim sexualitats i relacions m\u00e9s sanes<\/em><\/strong>, l\u2019objectiu de les jornades \u00e9s transversalitzar l\u2019educaci\u00f3 afectiva i sexual a les diferents etapes educatives de l\u2019esplai.<\/p>\n<p>GSDD \u00e9s una comissi\u00f3 d\u2019Esplais Catalans que pret\u00e9n fer de l\u2019associaci\u00f3 i dels esplais <strong>un espai on donar resposta a les necessitats i demandes del col\u00b7lectiu LGTBIQA+<\/strong>. Posant en el punt de mira el <strong>feminisme interseccional<\/strong>, aquesta comissi\u00f3 prepara cada any les Jornades Dissidents, per a les quals escull estrat\u00e8gicament una tem\u00e0tica central per tal de formar les monitores i els monitors d\u2019Esplac en mat\u00e8ria de g\u00e8nere i sexualitats.<\/p>\n<p>El primer taller de les jornades d\u2019enguany el dur\u00e0 a terme el <span style=\"color: #f69d0b;\"><a style=\"color: #f69d0b;\" href=\"https:\/\/www.instagram.com\/collectiu.argelaga\/\" target=\"_blank\" rel=\"noopener\"><strong>Col\u00b7lectiu l\u2019Argelaga<\/strong><\/a><\/span>, professionals de l\u2019educaci\u00f3 especialitzadis en neurodiverg\u00e8ncies, g\u00e8nere i el col\u00b7lectiu LGTBIQA+. En les seves formacions combinen la seva experi\u00e8ncia personal com a persones dissidents i el seu coneixement professional al voltant de la mat\u00e8ria. Pel segon taller, comptarem amb el projecte de <span style=\"color: #f69d0b;\"><strong><a style=\"color: #f69d0b;\" href=\"https:\/\/www.instagram.com\/corporealitats\/?locale=es_ES%2F&amp;hl=en\" target=\"_blank\" rel=\"noopener\">Corporealitats,<\/a><\/strong><\/span> un projecte educatiu centrat a formar i sensibilitzar sobre les viol\u00e8ncies est\u00e8tiques, la grassof\u00f2bia i les sexualitats des d&#8217;una visi\u00f3 integral i interseccional, posant l&#8217;apoderament, el plaer i la tendresa al centre.<\/p>\n<p>Les jornades tenen una <strong>quota de 5\u20ac<\/strong> que inclou l\u2019acc\u00e9s als tallers, l\u2019esmorzar i un petit obsequi de record. Assistir a les dues formacions <strong>convalida 4h associatives del curs Marta Mata \u00c8xit<\/strong> de l\u2019<span style=\"color: #f69d0b;\"><a style=\"color: #f69d0b;\" href=\"https:\/\/escolaelsol.coop\/\" target=\"_blank\" rel=\"noopener\"><strong>Escola Lliure el Sol<\/strong><\/a><\/span> i estan obertes a monitores i monitors d\u2019altres federacions de lleure. Si sou monis, dirigents o s\u00f2cies d\u2019Esplac, podeu inscriure-us <span style=\"color: #f69d0b;\"><a style=\"color: #f69d0b;\" href=\"https:\/\/era.esplac.cat\/#\/gestio-edt\/comissiodegenere\/activitats\/edit\/67865714d3d301f06c89646e\" target=\"_blank\" rel=\"noopener\"><strong>a trav\u00e9s de l\u2019Era<\/strong><\/a><\/span>. Les persones externes a Esplac us podeu inscriure a trav\u00e9s d\u2019<a href=\"https:\/\/infoesplac.typeform.com\/to\/Wg8Uyucp\" target=\"_blank\" rel=\"noopener\"><span style=\"color: #f69d0b;\"><strong>aquest formulari<\/strong><\/span><\/a>. <strong>Les inscripcions tanquen el 23 de febrer<\/strong>.<\/p>\n<p>Per m\u00e9s informaci\u00f3 podeu consultar l\u2019apartat web de les jornades. En cas de tenir dubtes o alguna incid\u00e8ncia podeu contactar amb nosaltres a <strong>generesisexualitats@esplac.cat<\/strong>.<\/p>\n<\/div><\/div><\/div><\/div><\/div>\n","protected":false},"excerpt":{"rendered":"","protected":false},"author":3,"featured_media":52245,"comment_status":"closed","ping_status":"closed","sticky":false,"template":"","format":"standard","meta":{"om_disable_all_campaigns":false,"_monsterinsights_skip_tracking":false,"_monsterinsights_sitenote_active":false,"_monsterinsights_sitenote_note":"","_monsterinsights_sitenote_category":0,"_uf_show_specific_survey":0,"_uf_disable_surveys":false,"footnotes":""},"categories":[1111,1160],"tags":[],"class_list":["post-52345","post","type-post","status-publish","format-standard","has-post-thumbnail","hentry","category-activitats-esplac","category-comissio-gsdd"],"yoast_head":"<!-- This site is optimized with the Yoast SEO plugin v27.5 - https:\/\/yoast.com\/product\/yoast-seo-wordpress\/ -->\n<title>Ja et pots inscriure a la sisena edici\u00f3 de les Jornades Dissidents!<\/title>\n<meta name=\"description\" content=\"El diumenge 30 de mar\u00e7 arriben les Jornades Dissidents a Barcelona, posant al centre l\u2019educaci\u00f3 afectiva i sexual que oferim des de l\u2019esplai.\" \/>\n<meta name=\"robots\" content=\"index, follow, max-snippet:-1, max-image-preview:large, max-video-preview:-1\" \/>\n<link rel=\"canonical\" href=\"https:\/\/www.esplac.cat\/ja-et-pots-inscriure-sisena-edicio-jornades-dissidents\/\" \/>\n<meta property=\"og:locale\" content=\"es_ES\" \/>\n<meta property=\"og:type\" content=\"article\" \/>\n<meta property=\"og:title\" content=\"Ja et pots inscriure a la sisena edici\u00f3 de les Jornades Dissidents!\" \/>\n<meta property=\"og:description\" content=\"El diumenge 30 de mar\u00e7 arriben les Jornades Dissidents a Barcelona, posant al centre l\u2019educaci\u00f3 afectiva i sexual que oferim des de l\u2019esplai.\" \/>\n<meta property=\"og:url\" content=\"https:\/\/www.esplac.cat\/ja-et-pots-inscriure-sisena-edicio-jornades-dissidents\/\" \/>\n<meta property=\"og:site_name\" content=\"Esplac\" \/>\n<meta property=\"article:published_time\" content=\"2025-01-27T06:00:39+00:00\" \/>\n<meta property=\"og:image\" content=\"https:\/\/www.esplac.cat\/wp-content\/uploads\/2025\/01\/Jornades_Dissidents_2025.jpg\" \/>\n\t<meta property=\"og:image:width\" content=\"1697\" \/>\n\t<meta property=\"og:image:height\" content=\"700\" \/>\n\t<meta property=\"og:image:type\" content=\"image\/jpeg\" \/>\n<meta name=\"author\" content=\"Comunicaci\u00f3 Esplac\" \/>\n<meta name=\"twitter:card\" content=\"summary_large_image\" \/>\n<meta name=\"twitter:label1\" content=\"Escrito por\" \/>\n\t<meta name=\"twitter:data1\" content=\"Comunicaci\u00f3 Esplac\" \/>\n\t<meta name=\"twitter:label2\" content=\"Tiempo de lectura\" \/>\n\t<meta name=\"twitter:data2\" content=\"3 minutos\" \/>\n<script type=\"application\/ld+json\" class=\"yoast-schema-graph\">{\"@context\":\"https:\\\/\\\/schema.org\",\"@graph\":[{\"@type\":\"Article\",\"@id\":\"https:\\\/\\\/www.esplac.cat\\\/ja-et-pots-inscriure-sisena-edicio-jornades-dissidents\\\/#article\",\"isPartOf\":{\"@id\":\"https:\\\/\\\/www.esplac.cat\\\/ja-et-pots-inscriure-sisena-edicio-jornades-dissidents\\\/\"},\"author\":{\"name\":\"Comunicaci\u00f3 Esplac\",\"@id\":\"https:\\\/\\\/www.esplac.cat\\\/#\\\/schema\\\/person\\\/908383cf240be18b68f8855d0583faca\"},\"headline\":\"No t\u2019ho perdis! Ja et pots inscriure a la sisena edici\u00f3 de les Jornades Dissidents\",\"datePublished\":\"2025-01-27T06:00:39+00:00\",\"mainEntityOfPage\":{\"@id\":\"https:\\\/\\\/www.esplac.cat\\\/ja-et-pots-inscriure-sisena-edicio-jornades-dissidents\\\/\"},\"wordCount\":1372,\"publisher\":{\"@id\":\"https:\\\/\\\/www.esplac.cat\\\/#organization\"},\"image\":{\"@id\":\"https:\\\/\\\/www.esplac.cat\\\/ja-et-pots-inscriure-sisena-edicio-jornades-dissidents\\\/#primaryimage\"},\"thumbnailUrl\":\"https:\\\/\\\/www.esplac.cat\\\/wp-content\\\/uploads\\\/2025\\\/01\\\/Jornades_Dissidents_2025.jpg\",\"articleSection\":[\"Activitats esplac\",\"Comissi\u00f3 GSDD\"],\"inLanguage\":\"es\"},{\"@type\":\"WebPage\",\"@id\":\"https:\\\/\\\/www.esplac.cat\\\/ja-et-pots-inscriure-sisena-edicio-jornades-dissidents\\\/\",\"url\":\"https:\\\/\\\/www.esplac.cat\\\/ja-et-pots-inscriure-sisena-edicio-jornades-dissidents\\\/\",\"name\":\"Ja et pots inscriure a la sisena edici\u00f3 de les Jornades Dissidents!\",\"isPartOf\":{\"@id\":\"https:\\\/\\\/www.esplac.cat\\\/#website\"},\"primaryImageOfPage\":{\"@id\":\"https:\\\/\\\/www.esplac.cat\\\/ja-et-pots-inscriure-sisena-edicio-jornades-dissidents\\\/#primaryimage\"},\"image\":{\"@id\":\"https:\\\/\\\/www.esplac.cat\\\/ja-et-pots-inscriure-sisena-edicio-jornades-dissidents\\\/#primaryimage\"},\"thumbnailUrl\":\"https:\\\/\\\/www.esplac.cat\\\/wp-content\\\/uploads\\\/2025\\\/01\\\/Jornades_Dissidents_2025.jpg\",\"datePublished\":\"2025-01-27T06:00:39+00:00\",\"description\":\"El diumenge 30 de mar\u00e7 arriben les Jornades Dissidents a Barcelona, posant al centre l\u2019educaci\u00f3 afectiva i sexual que oferim des de l\u2019esplai.\",\"breadcrumb\":{\"@id\":\"https:\\\/\\\/www.esplac.cat\\\/ja-et-pots-inscriure-sisena-edicio-jornades-dissidents\\\/#breadcrumb\"},\"inLanguage\":\"es\",\"potentialAction\":[{\"@type\":\"ReadAction\",\"target\":[\"https:\\\/\\\/www.esplac.cat\\\/ja-et-pots-inscriure-sisena-edicio-jornades-dissidents\\\/\"]}]},{\"@type\":\"ImageObject\",\"inLanguage\":\"es\",\"@id\":\"https:\\\/\\\/www.esplac.cat\\\/ja-et-pots-inscriure-sisena-edicio-jornades-dissidents\\\/#primaryimage\",\"url\":\"https:\\\/\\\/www.esplac.cat\\\/wp-content\\\/uploads\\\/2025\\\/01\\\/Jornades_Dissidents_2025.jpg\",\"contentUrl\":\"https:\\\/\\\/www.esplac.cat\\\/wp-content\\\/uploads\\\/2025\\\/01\\\/Jornades_Dissidents_2025.jpg\",\"width\":1697,\"height\":700,\"caption\":\"Jornades dissidents\"},{\"@type\":\"BreadcrumbList\",\"@id\":\"https:\\\/\\\/www.esplac.cat\\\/ja-et-pots-inscriure-sisena-edicio-jornades-dissidents\\\/#breadcrumb\",\"itemListElement\":[{\"@type\":\"ListItem\",\"position\":1,\"name\":\"Inici\",\"item\":\"https:\\\/\\\/www.esplac.cat\\\/es\\\/\"},{\"@type\":\"ListItem\",\"position\":2,\"name\":\"No t\u2019ho perdis! Ja et pots inscriure a la sisena edici\u00f3 de les Jornades Dissidents\"}]},{\"@type\":\"WebSite\",\"@id\":\"https:\\\/\\\/www.esplac.cat\\\/#website\",\"url\":\"https:\\\/\\\/www.esplac.cat\\\/\",\"name\":\"Esplac\",\"description\":\"Esplais Catalans\",\"publisher\":{\"@id\":\"https:\\\/\\\/www.esplac.cat\\\/#organization\"},\"potentialAction\":[{\"@type\":\"SearchAction\",\"target\":{\"@type\":\"EntryPoint\",\"urlTemplate\":\"https:\\\/\\\/www.esplac.cat\\\/?s={search_term_string}\"},\"query-input\":{\"@type\":\"PropertyValueSpecification\",\"valueRequired\":true,\"valueName\":\"search_term_string\"}}],\"inLanguage\":\"es\"},{\"@type\":\"Organization\",\"@id\":\"https:\\\/\\\/www.esplac.cat\\\/#organization\",\"name\":\"Esplac\",\"url\":\"https:\\\/\\\/www.esplac.cat\\\/\",\"logo\":{\"@type\":\"ImageObject\",\"inLanguage\":\"es\",\"@id\":\"https:\\\/\\\/www.esplac.cat\\\/#\\\/schema\\\/logo\\\/image\\\/\",\"url\":\"https:\\\/\\\/www.esplac.cat\\\/wp-content\\\/uploads\\\/2019\\\/08\\\/logox2.png\",\"contentUrl\":\"https:\\\/\\\/www.esplac.cat\\\/wp-content\\\/uploads\\\/2019\\\/08\\\/logox2.png\",\"width\":600,\"height\":295,\"caption\":\"Esplac\"},\"image\":{\"@id\":\"https:\\\/\\\/www.esplac.cat\\\/#\\\/schema\\\/logo\\\/image\\\/\"}},{\"@type\":\"Person\",\"@id\":\"https:\\\/\\\/www.esplac.cat\\\/#\\\/schema\\\/person\\\/908383cf240be18b68f8855d0583faca\",\"name\":\"Comunicaci\u00f3 Esplac\",\"image\":{\"@type\":\"ImageObject\",\"inLanguage\":\"es\",\"@id\":\"https:\\\/\\\/secure.gravatar.com\\\/avatar\\\/7a4cf8feb412a76ea4a740ca02d95b06b2907b5a6c648c2dd0a1082a093c3141?s=96&d=mm&r=g\",\"url\":\"https:\\\/\\\/secure.gravatar.com\\\/avatar\\\/7a4cf8feb412a76ea4a740ca02d95b06b2907b5a6c648c2dd0a1082a093c3141?s=96&d=mm&r=g\",\"contentUrl\":\"https:\\\/\\\/secure.gravatar.com\\\/avatar\\\/7a4cf8feb412a76ea4a740ca02d95b06b2907b5a6c648c2dd0a1082a093c3141?s=96&d=mm&r=g\",\"caption\":\"Comunicaci\u00f3 Esplac\"}}]}<\/script>\n<!-- \/ Yoast SEO plugin. -->","yoast_head_json":{"title":"Ja et pots inscriure a la sisena edici\u00f3 de les Jornades Dissidents!","description":"El diumenge 30 de mar\u00e7 arriben les Jornades Dissidents a Barcelona, posant al centre l\u2019educaci\u00f3 afectiva i sexual que oferim des de l\u2019esplai.","robots":{"index":"index","follow":"follow","max-snippet":"max-snippet:-1","max-image-preview":"max-image-preview:large","max-video-preview":"max-video-preview:-1"},"canonical":"https:\/\/www.esplac.cat\/ja-et-pots-inscriure-sisena-edicio-jornades-dissidents\/","og_locale":"es_ES","og_type":"article","og_title":"Ja et pots inscriure a la sisena edici\u00f3 de les Jornades Dissidents!","og_description":"El diumenge 30 de mar\u00e7 arriben les Jornades Dissidents a Barcelona, posant al centre l\u2019educaci\u00f3 afectiva i sexual que oferim des de l\u2019esplai.","og_url":"https:\/\/www.esplac.cat\/ja-et-pots-inscriure-sisena-edicio-jornades-dissidents\/","og_site_name":"Esplac","article_published_time":"2025-01-27T06:00:39+00:00","og_image":[{"width":1697,"height":700,"url":"https:\/\/www.esplac.cat\/wp-content\/uploads\/2025\/01\/Jornades_Dissidents_2025.jpg","type":"image\/jpeg"}],"author":"Comunicaci\u00f3 Esplac","twitter_card":"summary_large_image","twitter_misc":{"Escrito por":"Comunicaci\u00f3 Esplac","Tiempo de lectura":"3 minutos"},"schema":{"@context":"https:\/\/schema.org","@graph":[{"@type":"Article","@id":"https:\/\/www.esplac.cat\/ja-et-pots-inscriure-sisena-edicio-jornades-dissidents\/#article","isPartOf":{"@id":"https:\/\/www.esplac.cat\/ja-et-pots-inscriure-sisena-edicio-jornades-dissidents\/"},"author":{"name":"Comunicaci\u00f3 Esplac","@id":"https:\/\/www.esplac.cat\/#\/schema\/person\/908383cf240be18b68f8855d0583faca"},"headline":"No t\u2019ho perdis! Ja et pots inscriure a la sisena edici\u00f3 de les Jornades Dissidents","datePublished":"2025-01-27T06:00:39+00:00","mainEntityOfPage":{"@id":"https:\/\/www.esplac.cat\/ja-et-pots-inscriure-sisena-edicio-jornades-dissidents\/"},"wordCount":1372,"publisher":{"@id":"https:\/\/www.esplac.cat\/#organization"},"image":{"@id":"https:\/\/www.esplac.cat\/ja-et-pots-inscriure-sisena-edicio-jornades-dissidents\/#primaryimage"},"thumbnailUrl":"https:\/\/www.esplac.cat\/wp-content\/uploads\/2025\/01\/Jornades_Dissidents_2025.jpg","articleSection":["Activitats esplac","Comissi\u00f3 GSDD"],"inLanguage":"es"},{"@type":"WebPage","@id":"https:\/\/www.esplac.cat\/ja-et-pots-inscriure-sisena-edicio-jornades-dissidents\/","url":"https:\/\/www.esplac.cat\/ja-et-pots-inscriure-sisena-edicio-jornades-dissidents\/","name":"Ja et pots inscriure a la sisena edici\u00f3 de les Jornades Dissidents!","isPartOf":{"@id":"https:\/\/www.esplac.cat\/#website"},"primaryImageOfPage":{"@id":"https:\/\/www.esplac.cat\/ja-et-pots-inscriure-sisena-edicio-jornades-dissidents\/#primaryimage"},"image":{"@id":"https:\/\/www.esplac.cat\/ja-et-pots-inscriure-sisena-edicio-jornades-dissidents\/#primaryimage"},"thumbnailUrl":"https:\/\/www.esplac.cat\/wp-content\/uploads\/2025\/01\/Jornades_Dissidents_2025.jpg","datePublished":"2025-01-27T06:00:39+00:00","description":"El diumenge 30 de mar\u00e7 arriben les Jornades Dissidents a Barcelona, posant al centre l\u2019educaci\u00f3 afectiva i sexual que oferim des de l\u2019esplai.","breadcrumb":{"@id":"https:\/\/www.esplac.cat\/ja-et-pots-inscriure-sisena-edicio-jornades-dissidents\/#breadcrumb"},"inLanguage":"es","potentialAction":[{"@type":"ReadAction","target":["https:\/\/www.esplac.cat\/ja-et-pots-inscriure-sisena-edicio-jornades-dissidents\/"]}]},{"@type":"ImageObject","inLanguage":"es","@id":"https:\/\/www.esplac.cat\/ja-et-pots-inscriure-sisena-edicio-jornades-dissidents\/#primaryimage","url":"https:\/\/www.esplac.cat\/wp-content\/uploads\/2025\/01\/Jornades_Dissidents_2025.jpg","contentUrl":"https:\/\/www.esplac.cat\/wp-content\/uploads\/2025\/01\/Jornades_Dissidents_2025.jpg","width":1697,"height":700,"caption":"Jornades dissidents"},{"@type":"BreadcrumbList","@id":"https:\/\/www.esplac.cat\/ja-et-pots-inscriure-sisena-edicio-jornades-dissidents\/#breadcrumb","itemListElement":[{"@type":"ListItem","position":1,"name":"Inici","item":"https:\/\/www.esplac.cat\/es\/"},{"@type":"ListItem","position":2,"name":"No t\u2019ho perdis! Ja et pots inscriure a la sisena edici\u00f3 de les Jornades Dissidents"}]},{"@type":"WebSite","@id":"https:\/\/www.esplac.cat\/#website","url":"https:\/\/www.esplac.cat\/","name":"Esplac","description":"Esplais Catalans","publisher":{"@id":"https:\/\/www.esplac.cat\/#organization"},"potentialAction":[{"@type":"SearchAction","target":{"@type":"EntryPoint","urlTemplate":"https:\/\/www.esplac.cat\/?s={search_term_string}"},"query-input":{"@type":"PropertyValueSpecification","valueRequired":true,"valueName":"search_term_string"}}],"inLanguage":"es"},{"@type":"Organization","@id":"https:\/\/www.esplac.cat\/#organization","name":"Esplac","url":"https:\/\/www.esplac.cat\/","logo":{"@type":"ImageObject","inLanguage":"es","@id":"https:\/\/www.esplac.cat\/#\/schema\/logo\/image\/","url":"https:\/\/www.esplac.cat\/wp-content\/uploads\/2019\/08\/logox2.png","contentUrl":"https:\/\/www.esplac.cat\/wp-content\/uploads\/2019\/08\/logox2.png","width":600,"height":295,"caption":"Esplac"},"image":{"@id":"https:\/\/www.esplac.cat\/#\/schema\/logo\/image\/"}},{"@type":"Person","@id":"https:\/\/www.esplac.cat\/#\/schema\/person\/908383cf240be18b68f8855d0583faca","name":"Comunicaci\u00f3 Esplac","image":{"@type":"ImageObject","inLanguage":"es","@id":"https:\/\/secure.gravatar.com\/avatar\/7a4cf8feb412a76ea4a740ca02d95b06b2907b5a6c648c2dd0a1082a093c3141?s=96&d=mm&r=g","url":"https:\/\/secure.gravatar.com\/avatar\/7a4cf8feb412a76ea4a740ca02d95b06b2907b5a6c648c2dd0a1082a093c3141?s=96&d=mm&r=g","contentUrl":"https:\/\/secure.gravatar.com\/avatar\/7a4cf8feb412a76ea4a740ca02d95b06b2907b5a6c648c2dd0a1082a093c3141?s=96&d=mm&r=g","caption":"Comunicaci\u00f3 Esplac"}}]}},"_links":{"self":[{"href":"https:\/\/www.esplac.cat\/es\/wp-json\/wp\/v2\/posts\/52345","targetHints":{"allow":["GET"]}}],"collection":[{"href":"https:\/\/www.esplac.cat\/es\/wp-json\/wp\/v2\/posts"}],"about":[{"href":"https:\/\/www.esplac.cat\/es\/wp-json\/wp\/v2\/types\/post"}],"author":[{"embeddable":true,"href":"https:\/\/www.esplac.cat\/es\/wp-json\/wp\/v2\/users\/3"}],"replies":[{"embeddable":true,"href":"https:\/\/www.esplac.cat\/es\/wp-json\/wp\/v2\/comments?post=52345"}],"version-history":[{"count":4,"href":"https:\/\/www.esplac.cat\/es\/wp-json\/wp\/v2\/posts\/52345\/revisions"}],"predecessor-version":[{"id":52350,"href":"https:\/\/www.esplac.cat\/es\/wp-json\/wp\/v2\/posts\/52345\/revisions\/52350"}],"wp:featuredmedia":[{"embeddable":true,"href":"https:\/\/www.esplac.cat\/es\/wp-json\/wp\/v2\/media\/52245"}],"wp:attachment":[{"href":"https:\/\/www.esplac.cat\/es\/wp-json\/wp\/v2\/media?parent=52345"}],"wp:term":[{"taxonomy":"category","embeddable":true,"href":"https:\/\/www.esplac.cat\/es\/wp-json\/wp\/v2\/categories?post=52345"},{"taxonomy":"post_tag","embeddable":true,"href":"https:\/\/www.esplac.cat\/es\/wp-json\/wp\/v2\/tags?post=52345"}],"curies":[{"name":"wp","href":"https:\/\/api.w.org\/{rel}","templated":true}]}}