{"id":52351,"date":"2025-01-28T14:09:18","date_gmt":"2025-01-28T12:09:18","guid":{"rendered":"https:\/\/www.esplac.cat\/?p=52351"},"modified":"2025-01-28T14:25:55","modified_gmt":"2025-01-28T12:25:55","slug":"dirigents-desplais-catalans-es-reuneixen-al-primer-gran-comite-del-2025","status":"publish","type":"post","link":"https:\/\/www.esplac.cat\/es\/dirigents-desplais-catalans-es-reuneixen-al-primer-gran-comite-del-2025\/","title":{"rendered":"Dirigents d\u2019Esplais Catalans es reuneixen al primer Gran Comit\u00e8 del 2025!"},"content":{"rendered":"<div class=\"fusion-fullwidth fullwidth-box fusion-builder-row-1 fusion-flex-container has-pattern-background has-mask-background nonhundred-percent-fullwidth non-hundred-percent-height-scrolling\" style=\"--awb-border-radius-top-left:0px;--awb-border-radius-top-right:0px;--awb-border-radius-bottom-right:0px;--awb-border-radius-bottom-left:0px;--awb-flex-wrap:wrap;\" ><div class=\"fusion-builder-row fusion-row fusion-flex-align-items-flex-start fusion-flex-content-wrap\" style=\"max-width:1248px;margin-left: calc(-4% \/ 2 );margin-right: calc(-4% \/ 2 );\"><div class=\"fusion-layout-column fusion_builder_column fusion-builder-column-0 fusion_builder_column_1_1 1_1 fusion-flex-column\" style=\"--awb-bg-size:cover;--awb-width-large:100%;--awb-margin-top-large:0px;--awb-spacing-right-large:1.92%;--awb-margin-bottom-large:20px;--awb-spacing-left-large:1.92%;--awb-width-medium:100%;--awb-order-medium:0;--awb-spacing-right-medium:1.92%;--awb-spacing-left-medium:1.92%;--awb-width-small:100%;--awb-order-small:0;--awb-spacing-right-small:1.92%;--awb-spacing-left-small:1.92%;\"><div class=\"fusion-column-wrapper fusion-column-has-shadow fusion-flex-justify-content-flex-start fusion-content-layout-column\"><div class=\"fusion-text fusion-text-1\"><h6><strong>Dirigents d\u2019Esplais Catalans s\u2019han reunit durant el cap de setmana del 25 i 26 de gener per formar-se sobre inclusi\u00f3 i diversitat, parlar sobre comprom\u00eds i participaci\u00f3, preparar l\u2019Esplaiada 2025.<\/strong><\/h6>\n<p>El cap de setmana del 25 i 26 de gener s\u2019ha celebrat la <strong>primera tancada del Gran Comit\u00e8 de l\u2019any<\/strong>, la qual ha tingut lloc a <strong>Manresa<\/strong> (<strong><span style=\"color: #f69d0b;\"><a style=\"color: #f69d0b;\" href=\"https:\/\/www.esplac.cat\/sectors-geografics\/bages-bergueda-cerdanya\/\" target=\"_blank\" rel=\"noopener\">Sector Bages, Bergued\u00e0 i la Cerdanya<\/a><\/span>)<\/strong>. Aquesta ha estat la primera trobada despr\u00e9s de l\u2019<span style=\"color: #f69d0b;\"><a style=\"color: #f69d0b;\" href=\"https:\/\/www.esplac.cat\/exit-de-participacio-en-una-ago-marcada-per-la-reivindicacio-politica-i-estrategica-de-lentitat\/\" target=\"_blank\" rel=\"noopener\"><strong>Assemblea General Ordin\u00e0ria<\/strong> <\/a><\/span>(AGO) celebrada el cap de setmana del 30 de novembre i l\u20191 de desembre, on els esplais van aprovar les accions que es duran a terme aquest curs. El Gran Comit\u00e8 \u00e9s un dels \u00f2rgans de participaci\u00f3 m\u00e9s importants d\u2019Esplac, on estan representats tots els \u00f2rgans de decisi\u00f3 i els espais de treball de l\u2019associaci\u00f3. Al final d\u2019aquesta not\u00edcia podeu veure qui hi participa!<\/p>\n<p>El dissabte al mat\u00ed s\u2019ha fet una formaci\u00f3 sota el t\u00edtol <em><strong>Com fem les entitats m\u00e9s inclusives?<\/strong><\/em>, a c\u00e0rrec de l\u2019<span style=\"color: #f69d0b;\"><a style=\"color: #f69d0b;\" href=\"https:\/\/escolaelsol.coop\/\" target=\"_blank\" rel=\"noopener\"><strong>Escola Lliure el Sol<\/strong><\/a><\/span>. La sessi\u00f3 ha servit per analitzar amb perspectiva cr\u00edtica la realitat dels diferents sectors pel que fa a la diversitat de les persones que hi participen i plantejar quines eines tenen els esplais a l\u2019abast per potenciar-la. A la tarda, per altra banda, s\u2019ha fet <strong>seguiment dels diferents equips d\u2019Esplac<\/strong>, des dels sectors fins a la Secretaria T\u00e8cnica, passant pels projectes i comissions. Alhora, tamb\u00e9 s\u2019ha generat un espai on treballar sobre la diferenciaci\u00f3 entre les tasques pol\u00edtiques i t\u00e8cniques.<\/p>\n<p>Diumenge, per altra banda, s\u2019ha generat un espai on compartir i debatre sobre <strong>la ra\u00f3 de ser d\u2019Esplac i del Gran Comit\u00e8<\/strong>, dirigit en especial a totes aquelles persones que s\u2019acaben d\u2019incorporar. A m\u00e9s, tamb\u00e9 s\u2019ha parlat de l<span style=\"color: #f69d0b;\"><a style=\"color: #f69d0b;\" href=\"https:\/\/www.esplac.cat\/trobades\/esplaiada\/\" target=\"_blank\" rel=\"noopener\"><strong>\u2019Esplaiada 2025<\/strong><\/a><\/span>, la trobada m\u00e9s important del curs. En aquest punt s\u2019ha compartit la feina feta fins ara pel Grup de Treball i s\u2019ha explicat quin ser\u00e0 el rol de l\u2019Equip d\u2019Organitzaci\u00f3 durant el cap de setmana.<\/p>\n<p>Amb tot, ha estat un cap de setmana intens per comen\u00e7ar l\u2019any amb molta for\u00e7a!<\/p>\n<h4><strong>*Qui \u00e9s qui al Gran Comit\u00e8?<\/strong><\/h4>\n<blockquote>\n<p><strong>L\u2019Equip de Coordinaci\u00f3 (Equico)<\/strong> s\u00f3n les persones volunt\u00e0ries que lideren l\u2019associaci\u00f3 i que s\u00f3n escollides a l\u2019Assemblea General Ordin\u00e0ria per un mandat de 2 anys.<\/p>\n<p><strong>Els Equips Generals dels Sectors (EGS)<\/strong> s\u00f3n les persones que coordinen l\u2019acci\u00f3 dels sectors geogr\u00e0fics amb unes funcions semblants a l\u2019Equip de Coordinaci\u00f3 per\u00f2 en l\u2019\u00e0mbit del Sector Geogr\u00e0fic.<\/p>\n<p><strong>Les Representants de les Comissions (RdC)<\/strong> s\u00f3n les persones que representen cada comissi\u00f3 i que aporten una visi\u00f3 especialitzada i transversal en les decisions que es prenen a l\u2019entitat.<\/p>\n<p><strong>La Coordinaci\u00f3 T\u00e8cnica (CT)<\/strong> s\u00f3n la representaci\u00f3 de les treballadores que realitzen la tasca quotidiana d\u2019Esplais Catalans.<\/p>\n<\/blockquote>\n<\/div><blockquote class=\"instagram-media\" data-instgrm-captioned data-instgrm-permalink=\"https:\/\/www.instagram.com\/p\/DFXnajbqsx_\/?utm_source=ig_embed&utm_campaign=loading\" data-instgrm-version=\"14\" style=\" background:#FFF; border:0; border-radius:3px; box-shadow:0 0 1px 0 rgba(0,0,0,0.5),0 1px 10px 0 rgba(0,0,0,0.15); margin: 1px; max-width:540px; min-width:326px; padding:0; width:99.375%; width:-webkit-calc(100% - 2px); width:calc(100% - 2px);\"><div style=\"padding:16px;\"> <a href=\"https:\/\/www.instagram.com\/p\/DFXnajbqsx_\/?utm_source=ig_embed&utm_campaign=loading\" style=\" background:#FFFFFF; line-height:0; padding:0 0; text-align:center; text-decoration:none; width:100%;\" target=\"_blank\"> <div style=\" display: flex; flex-direction: row; align-items: center;\"> <div style=\"background-color: #F4F4F4; border-radius: 50%; flex-grow: 0; height: 40px; margin-right: 14px; width: 40px;\"><\/div> <div style=\"display: flex; flex-direction: column; flex-grow: 1; justify-content: center;\"> <div style=\" background-color: #F4F4F4; border-radius: 4px; flex-grow: 0; height: 14px; margin-bottom: 6px; width: 100px;\"><\/div> <div style=\" background-color: #F4F4F4; border-radius: 4px; flex-grow: 0; height: 14px; width: 60px;\"><\/div><\/div><\/div><div style=\"padding: 19% 0;\"><\/div> <div style=\"display:block; height:50px; margin:0 auto 12px; width:50px;\"><svg width=\"50px\" height=\"50px\" viewBox=\"0 0 60 60\" version=\"1.1\" xmlns=\"https:\/\/www.w3.org\/2000\/svg\" xmlns:xlink=\"https:\/\/www.w3.org\/1999\/xlink\"><g stroke=\"none\" stroke-width=\"1\" fill=\"none\" fill-rule=\"evenodd\"><g transform=\"translate(-511.000000, -20.000000)\" fill=\"#000000\"><g><path d=\"M556.869,30.41 C554.814,30.41 553.148,32.076 553.148,34.131 C553.148,36.186 554.814,37.852 556.869,37.852 C558.924,37.852 560.59,36.186 560.59,34.131 C560.59,32.076 558.924,30.41 556.869,30.41 M541,60.657 C535.114,60.657 530.342,55.887 530.342,50 C530.342,44.114 535.114,39.342 541,39.342 C546.887,39.342 551.658,44.114 551.658,50 C551.658,55.887 546.887,60.657 541,60.657 M541,33.886 C532.1,33.886 524.886,41.1 524.886,50 C524.886,58.899 532.1,66.113 541,66.113 C549.9,66.113 557.115,58.899 557.115,50 C557.115,41.1 549.9,33.886 541,33.886 M565.378,62.101 C565.244,65.022 564.756,66.606 564.346,67.663 C563.803,69.06 563.154,70.057 562.106,71.106 C561.058,72.155 560.06,72.803 558.662,73.347 C557.607,73.757 556.021,74.244 553.102,74.378 C549.944,74.521 548.997,74.552 541,74.552 C533.003,74.552 532.056,74.521 528.898,74.378 C525.979,74.244 524.393,73.757 523.338,73.347 C521.94,72.803 520.942,72.155 519.894,71.106 C518.846,70.057 518.197,69.06 517.654,67.663 C517.244,66.606 516.755,65.022 516.623,62.101 C516.479,58.943 516.448,57.996 516.448,50 C516.448,42.003 516.479,41.056 516.623,37.899 C516.755,34.978 517.244,33.391 517.654,32.338 C518.197,30.938 518.846,29.942 519.894,28.894 C520.942,27.846 521.94,27.196 523.338,26.654 C524.393,26.244 525.979,25.756 528.898,25.623 C532.057,25.479 533.004,25.448 541,25.448 C548.997,25.448 549.943,25.479 553.102,25.623 C556.021,25.756 557.607,26.244 558.662,26.654 C560.06,27.196 561.058,27.846 562.106,28.894 C563.154,29.942 563.803,30.938 564.346,32.338 C564.756,33.391 565.244,34.978 565.378,37.899 C565.522,41.056 565.552,42.003 565.552,50 C565.552,57.996 565.522,58.943 565.378,62.101 M570.82,37.631 C570.674,34.438 570.167,32.258 569.425,30.349 C568.659,28.377 567.633,26.702 565.965,25.035 C564.297,23.368 562.623,22.342 560.652,21.575 C558.743,20.834 556.562,20.326 553.369,20.18 C550.169,20.033 549.148,20 541,20 C532.853,20 531.831,20.033 528.631,20.18 C525.438,20.326 523.257,20.834 521.349,21.575 C519.376,22.342 517.703,23.368 516.035,25.035 C514.368,26.702 513.342,28.377 512.574,30.349 C511.834,32.258 511.326,34.438 511.181,37.631 C511.035,40.831 511,41.851 511,50 C511,58.147 511.035,59.17 511.181,62.369 C511.326,65.562 511.834,67.743 512.574,69.651 C513.342,71.625 514.368,73.296 516.035,74.965 C517.703,76.634 519.376,77.658 521.349,78.425 C523.257,79.167 525.438,79.673 528.631,79.82 C531.831,79.965 532.853,80.001 541,80.001 C549.148,80.001 550.169,79.965 553.369,79.82 C556.562,79.673 558.743,79.167 560.652,78.425 C562.623,77.658 564.297,76.634 565.965,74.965 C567.633,73.296 568.659,71.625 569.425,69.651 C570.167,67.743 570.674,65.562 570.82,62.369 C570.966,59.17 571,58.147 571,50 C571,41.851 570.966,40.831 570.82,37.631\"><\/path><\/g><\/g><\/g><\/svg><\/div><div style=\"padding-top: 8px;\"> <div style=\" color:#3897f0; font-family:Arial,sans-serif; font-size:14px; font-style:normal; font-weight:550; line-height:18px;\">View this post on Instagram<\/div><\/div><div style=\"padding: 12.5% 0;\"><\/div> <div style=\"display: flex; flex-direction: row; margin-bottom: 14px; align-items: center;\"><div> <div style=\"background-color: #F4F4F4; border-radius: 50%; height: 12.5px; width: 12.5px; transform: translateX(0px) translateY(7px);\"><\/div> <div style=\"background-color: #F4F4F4; height: 12.5px; transform: rotate(-45deg) translateX(3px) translateY(1px); width: 12.5px; flex-grow: 0; margin-right: 14px; margin-left: 2px;\"><\/div> <div style=\"background-color: #F4F4F4; border-radius: 50%; height: 12.5px; width: 12.5px; transform: translateX(9px) translateY(-18px);\"><\/div><\/div><div style=\"margin-left: 8px;\"> <div style=\" background-color: #F4F4F4; border-radius: 50%; flex-grow: 0; height: 20px; width: 20px;\"><\/div> <div style=\" width: 0; height: 0; border-top: 2px solid transparent; border-left: 6px solid #f4f4f4; border-bottom: 2px solid transparent; transform: translateX(16px) translateY(-4px) rotate(30deg)\"><\/div><\/div><div style=\"margin-left: auto;\"> <div style=\" width: 0px; border-top: 8px solid #F4F4F4; border-right: 8px solid transparent; transform: translateY(16px);\"><\/div> <div style=\" background-color: #F4F4F4; flex-grow: 0; height: 12px; width: 16px; transform: translateY(-4px);\"><\/div> <div style=\" width: 0; height: 0; border-top: 8px solid #F4F4F4; border-left: 8px solid transparent; transform: translateY(-4px) translateX(8px);\"><\/div><\/div><\/div> <div style=\"display: flex; flex-direction: column; flex-grow: 1; justify-content: center; margin-bottom: 24px;\"> <div style=\" background-color: #F4F4F4; border-radius: 4px; flex-grow: 0; height: 14px; margin-bottom: 6px; width: 224px;\"><\/div> <div style=\" background-color: #F4F4F4; border-radius: 4px; flex-grow: 0; height: 14px; width: 144px;\"><\/div><\/div><\/a><p style=\" color:#c9c8cd; font-family:Arial,sans-serif; font-size:14px; line-height:17px; margin-bottom:0; margin-top:8px; overflow:hidden; padding:8px 0 7px; text-align:center; text-overflow:ellipsis; white-space:nowrap;\"><a href=\"https:\/\/www.instagram.com\/p\/DFXnajbqsx_\/?utm_source=ig_embed&utm_campaign=loading\" style=\" color:#c9c8cd; font-family:Arial,sans-serif; font-size:14px; font-style:normal; font-weight:normal; line-height:17px; text-decoration:none;\" target=\"_blank\">A post shared by Esplais Catalans (Esplac) (@esplaiscatalans)<\/a><\/p><\/div><\/blockquote>\n<script async src=\"\/\/www.instagram.com\/embed.js\"><\/script><\/div><\/div><\/div><\/div>\n","protected":false},"excerpt":{"rendered":"","protected":false},"author":3,"featured_media":52353,"comment_status":"closed","ping_status":"closed","sticky":false,"template":"","format":"standard","meta":{"om_disable_all_campaigns":false,"_monsterinsights_skip_tracking":false,"_monsterinsights_sitenote_active":false,"_monsterinsights_sitenote_note":"","_monsterinsights_sitenote_category":0,"_uf_show_specific_survey":0,"_uf_disable_surveys":false,"footnotes":""},"categories":[1339,1247],"tags":[],"class_list":["post-52351","post","type-post","status-publish","format-standard","has-post-thumbnail","hentry","category-equip-de-coordinacio","category-gran-comite"],"yoast_head":"<!-- This site is optimized with the Yoast SEO plugin v27.4 - https:\/\/yoast.com\/product\/yoast-seo-wordpress\/ -->\n<title>Dirigents d\u2019Esplais Catalans es reuneixen al Gran Comit\u00e8!<\/title>\n<meta name=\"description\" content=\"Dirigents d\u2019Esplais Catalans s\u2019han reunit durant el cap de setmana del 25 i 26 al primer Gran Comit\u00e8 del 2025.\" \/>\n<meta name=\"robots\" content=\"index, follow, max-snippet:-1, max-image-preview:large, max-video-preview:-1\" \/>\n<link rel=\"canonical\" href=\"https:\/\/www.esplac.cat\/dirigents-desplais-catalans-es-reuneixen-al-primer-gran-comite-del-2025\/\" \/>\n<meta property=\"og:locale\" content=\"es_ES\" \/>\n<meta property=\"og:type\" content=\"article\" \/>\n<meta property=\"og:title\" content=\"Dirigents d\u2019Esplais Catalans es reuneixen al Gran Comit\u00e8!\" \/>\n<meta property=\"og:description\" content=\"Dirigents d\u2019Esplais Catalans s\u2019han reunit durant el cap de setmana del 25 i 26 al primer Gran Comit\u00e8 del 2025.\" \/>\n<meta property=\"og:url\" content=\"https:\/\/www.esplac.cat\/dirigents-desplais-catalans-es-reuneixen-al-primer-gran-comite-del-2025\/\" \/>\n<meta property=\"og:site_name\" content=\"Esplac\" \/>\n<meta property=\"article:published_time\" content=\"2025-01-28T12:09:18+00:00\" \/>\n<meta property=\"article:modified_time\" content=\"2025-01-28T12:25:55+00:00\" \/>\n<meta property=\"og:image\" content=\"https:\/\/www.esplac.cat\/wp-content\/uploads\/2025\/01\/Gran_Comite-1.jpg\" \/>\n\t<meta property=\"og:image:width\" content=\"1697\" \/>\n\t<meta property=\"og:image:height\" content=\"700\" \/>\n\t<meta property=\"og:image:type\" content=\"image\/jpeg\" \/>\n<meta name=\"author\" content=\"Comunicaci\u00f3 Esplac\" \/>\n<meta name=\"twitter:card\" content=\"summary_large_image\" \/>\n<meta name=\"twitter:label1\" content=\"Escrito por\" \/>\n\t<meta name=\"twitter:data1\" content=\"Comunicaci\u00f3 Esplac\" \/>\n\t<meta name=\"twitter:label2\" content=\"Tiempo de lectura\" \/>\n\t<meta name=\"twitter:data2\" content=\"3 minutos\" \/>\n<script type=\"application\/ld+json\" class=\"yoast-schema-graph\">{\"@context\":\"https:\\\/\\\/schema.org\",\"@graph\":[{\"@type\":\"Article\",\"@id\":\"https:\\\/\\\/www.esplac.cat\\\/dirigents-desplais-catalans-es-reuneixen-al-primer-gran-comite-del-2025\\\/#article\",\"isPartOf\":{\"@id\":\"https:\\\/\\\/www.esplac.cat\\\/dirigents-desplais-catalans-es-reuneixen-al-primer-gran-comite-del-2025\\\/\"},\"author\":{\"name\":\"Comunicaci\u00f3 Esplac\",\"@id\":\"https:\\\/\\\/www.esplac.cat\\\/#\\\/schema\\\/person\\\/908383cf240be18b68f8855d0583faca\"},\"headline\":\"Dirigents d\u2019Esplais Catalans es reuneixen al primer Gran Comit\u00e8 del 2025!\",\"datePublished\":\"2025-01-28T12:09:18+00:00\",\"dateModified\":\"2025-01-28T12:25:55+00:00\",\"mainEntityOfPage\":{\"@id\":\"https:\\\/\\\/www.esplac.cat\\\/dirigents-desplais-catalans-es-reuneixen-al-primer-gran-comite-del-2025\\\/\"},\"wordCount\":2644,\"publisher\":{\"@id\":\"https:\\\/\\\/www.esplac.cat\\\/#organization\"},\"image\":{\"@id\":\"https:\\\/\\\/www.esplac.cat\\\/dirigents-desplais-catalans-es-reuneixen-al-primer-gran-comite-del-2025\\\/#primaryimage\"},\"thumbnailUrl\":\"https:\\\/\\\/www.esplac.cat\\\/wp-content\\\/uploads\\\/2025\\\/01\\\/Gran_Comite-1.jpg\",\"articleSection\":[\"Equip de Coordinaci\u00f3\",\"Gran Comit\u00e8\"],\"inLanguage\":\"es\"},{\"@type\":\"WebPage\",\"@id\":\"https:\\\/\\\/www.esplac.cat\\\/dirigents-desplais-catalans-es-reuneixen-al-primer-gran-comite-del-2025\\\/\",\"url\":\"https:\\\/\\\/www.esplac.cat\\\/dirigents-desplais-catalans-es-reuneixen-al-primer-gran-comite-del-2025\\\/\",\"name\":\"Dirigents d\u2019Esplais Catalans es reuneixen al Gran Comit\u00e8!\",\"isPartOf\":{\"@id\":\"https:\\\/\\\/www.esplac.cat\\\/#website\"},\"primaryImageOfPage\":{\"@id\":\"https:\\\/\\\/www.esplac.cat\\\/dirigents-desplais-catalans-es-reuneixen-al-primer-gran-comite-del-2025\\\/#primaryimage\"},\"image\":{\"@id\":\"https:\\\/\\\/www.esplac.cat\\\/dirigents-desplais-catalans-es-reuneixen-al-primer-gran-comite-del-2025\\\/#primaryimage\"},\"thumbnailUrl\":\"https:\\\/\\\/www.esplac.cat\\\/wp-content\\\/uploads\\\/2025\\\/01\\\/Gran_Comite-1.jpg\",\"datePublished\":\"2025-01-28T12:09:18+00:00\",\"dateModified\":\"2025-01-28T12:25:55+00:00\",\"description\":\"Dirigents d\u2019Esplais Catalans s\u2019han reunit durant el cap de setmana del 25 i 26 al primer Gran Comit\u00e8 del 2025.\",\"breadcrumb\":{\"@id\":\"https:\\\/\\\/www.esplac.cat\\\/dirigents-desplais-catalans-es-reuneixen-al-primer-gran-comite-del-2025\\\/#breadcrumb\"},\"inLanguage\":\"es\",\"potentialAction\":[{\"@type\":\"ReadAction\",\"target\":[\"https:\\\/\\\/www.esplac.cat\\\/dirigents-desplais-catalans-es-reuneixen-al-primer-gran-comite-del-2025\\\/\"]}]},{\"@type\":\"ImageObject\",\"inLanguage\":\"es\",\"@id\":\"https:\\\/\\\/www.esplac.cat\\\/dirigents-desplais-catalans-es-reuneixen-al-primer-gran-comite-del-2025\\\/#primaryimage\",\"url\":\"https:\\\/\\\/www.esplac.cat\\\/wp-content\\\/uploads\\\/2025\\\/01\\\/Gran_Comite-1.jpg\",\"contentUrl\":\"https:\\\/\\\/www.esplac.cat\\\/wp-content\\\/uploads\\\/2025\\\/01\\\/Gran_Comite-1.jpg\",\"width\":1697,\"height\":700,\"caption\":\"gran comit\u00e8\"},{\"@type\":\"BreadcrumbList\",\"@id\":\"https:\\\/\\\/www.esplac.cat\\\/dirigents-desplais-catalans-es-reuneixen-al-primer-gran-comite-del-2025\\\/#breadcrumb\",\"itemListElement\":[{\"@type\":\"ListItem\",\"position\":1,\"name\":\"Inici\",\"item\":\"https:\\\/\\\/www.esplac.cat\\\/es\\\/\"},{\"@type\":\"ListItem\",\"position\":2,\"name\":\"Dirigents d\u2019Esplais Catalans es reuneixen al primer Gran Comit\u00e8 del 2025!\"}]},{\"@type\":\"WebSite\",\"@id\":\"https:\\\/\\\/www.esplac.cat\\\/#website\",\"url\":\"https:\\\/\\\/www.esplac.cat\\\/\",\"name\":\"Esplac\",\"description\":\"Esplais Catalans\",\"publisher\":{\"@id\":\"https:\\\/\\\/www.esplac.cat\\\/#organization\"},\"potentialAction\":[{\"@type\":\"SearchAction\",\"target\":{\"@type\":\"EntryPoint\",\"urlTemplate\":\"https:\\\/\\\/www.esplac.cat\\\/?s={search_term_string}\"},\"query-input\":{\"@type\":\"PropertyValueSpecification\",\"valueRequired\":true,\"valueName\":\"search_term_string\"}}],\"inLanguage\":\"es\"},{\"@type\":\"Organization\",\"@id\":\"https:\\\/\\\/www.esplac.cat\\\/#organization\",\"name\":\"Esplac\",\"url\":\"https:\\\/\\\/www.esplac.cat\\\/\",\"logo\":{\"@type\":\"ImageObject\",\"inLanguage\":\"es\",\"@id\":\"https:\\\/\\\/www.esplac.cat\\\/#\\\/schema\\\/logo\\\/image\\\/\",\"url\":\"https:\\\/\\\/www.esplac.cat\\\/wp-content\\\/uploads\\\/2019\\\/08\\\/logox2.png\",\"contentUrl\":\"https:\\\/\\\/www.esplac.cat\\\/wp-content\\\/uploads\\\/2019\\\/08\\\/logox2.png\",\"width\":600,\"height\":295,\"caption\":\"Esplac\"},\"image\":{\"@id\":\"https:\\\/\\\/www.esplac.cat\\\/#\\\/schema\\\/logo\\\/image\\\/\"}},{\"@type\":\"Person\",\"@id\":\"https:\\\/\\\/www.esplac.cat\\\/#\\\/schema\\\/person\\\/908383cf240be18b68f8855d0583faca\",\"name\":\"Comunicaci\u00f3 Esplac\",\"image\":{\"@type\":\"ImageObject\",\"inLanguage\":\"es\",\"@id\":\"https:\\\/\\\/secure.gravatar.com\\\/avatar\\\/7a4cf8feb412a76ea4a740ca02d95b06b2907b5a6c648c2dd0a1082a093c3141?s=96&d=mm&r=g\",\"url\":\"https:\\\/\\\/secure.gravatar.com\\\/avatar\\\/7a4cf8feb412a76ea4a740ca02d95b06b2907b5a6c648c2dd0a1082a093c3141?s=96&d=mm&r=g\",\"contentUrl\":\"https:\\\/\\\/secure.gravatar.com\\\/avatar\\\/7a4cf8feb412a76ea4a740ca02d95b06b2907b5a6c648c2dd0a1082a093c3141?s=96&d=mm&r=g\",\"caption\":\"Comunicaci\u00f3 Esplac\"}}]}<\/script>\n<!-- \/ Yoast SEO plugin. -->","yoast_head_json":{"title":"Dirigents d\u2019Esplais Catalans es reuneixen al Gran Comit\u00e8!","description":"Dirigents d\u2019Esplais Catalans s\u2019han reunit durant el cap de setmana del 25 i 26 al primer Gran Comit\u00e8 del 2025.","robots":{"index":"index","follow":"follow","max-snippet":"max-snippet:-1","max-image-preview":"max-image-preview:large","max-video-preview":"max-video-preview:-1"},"canonical":"https:\/\/www.esplac.cat\/dirigents-desplais-catalans-es-reuneixen-al-primer-gran-comite-del-2025\/","og_locale":"es_ES","og_type":"article","og_title":"Dirigents d\u2019Esplais Catalans es reuneixen al Gran Comit\u00e8!","og_description":"Dirigents d\u2019Esplais Catalans s\u2019han reunit durant el cap de setmana del 25 i 26 al primer Gran Comit\u00e8 del 2025.","og_url":"https:\/\/www.esplac.cat\/dirigents-desplais-catalans-es-reuneixen-al-primer-gran-comite-del-2025\/","og_site_name":"Esplac","article_published_time":"2025-01-28T12:09:18+00:00","article_modified_time":"2025-01-28T12:25:55+00:00","og_image":[{"width":1697,"height":700,"url":"https:\/\/www.esplac.cat\/wp-content\/uploads\/2025\/01\/Gran_Comite-1.jpg","type":"image\/jpeg"}],"author":"Comunicaci\u00f3 Esplac","twitter_card":"summary_large_image","twitter_misc":{"Escrito por":"Comunicaci\u00f3 Esplac","Tiempo de lectura":"3 minutos"},"schema":{"@context":"https:\/\/schema.org","@graph":[{"@type":"Article","@id":"https:\/\/www.esplac.cat\/dirigents-desplais-catalans-es-reuneixen-al-primer-gran-comite-del-2025\/#article","isPartOf":{"@id":"https:\/\/www.esplac.cat\/dirigents-desplais-catalans-es-reuneixen-al-primer-gran-comite-del-2025\/"},"author":{"name":"Comunicaci\u00f3 Esplac","@id":"https:\/\/www.esplac.cat\/#\/schema\/person\/908383cf240be18b68f8855d0583faca"},"headline":"Dirigents d\u2019Esplais Catalans es reuneixen al primer Gran Comit\u00e8 del 2025!","datePublished":"2025-01-28T12:09:18+00:00","dateModified":"2025-01-28T12:25:55+00:00","mainEntityOfPage":{"@id":"https:\/\/www.esplac.cat\/dirigents-desplais-catalans-es-reuneixen-al-primer-gran-comite-del-2025\/"},"wordCount":2644,"publisher":{"@id":"https:\/\/www.esplac.cat\/#organization"},"image":{"@id":"https:\/\/www.esplac.cat\/dirigents-desplais-catalans-es-reuneixen-al-primer-gran-comite-del-2025\/#primaryimage"},"thumbnailUrl":"https:\/\/www.esplac.cat\/wp-content\/uploads\/2025\/01\/Gran_Comite-1.jpg","articleSection":["Equip de Coordinaci\u00f3","Gran Comit\u00e8"],"inLanguage":"es"},{"@type":"WebPage","@id":"https:\/\/www.esplac.cat\/dirigents-desplais-catalans-es-reuneixen-al-primer-gran-comite-del-2025\/","url":"https:\/\/www.esplac.cat\/dirigents-desplais-catalans-es-reuneixen-al-primer-gran-comite-del-2025\/","name":"Dirigents d\u2019Esplais Catalans es reuneixen al Gran Comit\u00e8!","isPartOf":{"@id":"https:\/\/www.esplac.cat\/#website"},"primaryImageOfPage":{"@id":"https:\/\/www.esplac.cat\/dirigents-desplais-catalans-es-reuneixen-al-primer-gran-comite-del-2025\/#primaryimage"},"image":{"@id":"https:\/\/www.esplac.cat\/dirigents-desplais-catalans-es-reuneixen-al-primer-gran-comite-del-2025\/#primaryimage"},"thumbnailUrl":"https:\/\/www.esplac.cat\/wp-content\/uploads\/2025\/01\/Gran_Comite-1.jpg","datePublished":"2025-01-28T12:09:18+00:00","dateModified":"2025-01-28T12:25:55+00:00","description":"Dirigents d\u2019Esplais Catalans s\u2019han reunit durant el cap de setmana del 25 i 26 al primer Gran Comit\u00e8 del 2025.","breadcrumb":{"@id":"https:\/\/www.esplac.cat\/dirigents-desplais-catalans-es-reuneixen-al-primer-gran-comite-del-2025\/#breadcrumb"},"inLanguage":"es","potentialAction":[{"@type":"ReadAction","target":["https:\/\/www.esplac.cat\/dirigents-desplais-catalans-es-reuneixen-al-primer-gran-comite-del-2025\/"]}]},{"@type":"ImageObject","inLanguage":"es","@id":"https:\/\/www.esplac.cat\/dirigents-desplais-catalans-es-reuneixen-al-primer-gran-comite-del-2025\/#primaryimage","url":"https:\/\/www.esplac.cat\/wp-content\/uploads\/2025\/01\/Gran_Comite-1.jpg","contentUrl":"https:\/\/www.esplac.cat\/wp-content\/uploads\/2025\/01\/Gran_Comite-1.jpg","width":1697,"height":700,"caption":"gran comit\u00e8"},{"@type":"BreadcrumbList","@id":"https:\/\/www.esplac.cat\/dirigents-desplais-catalans-es-reuneixen-al-primer-gran-comite-del-2025\/#breadcrumb","itemListElement":[{"@type":"ListItem","position":1,"name":"Inici","item":"https:\/\/www.esplac.cat\/es\/"},{"@type":"ListItem","position":2,"name":"Dirigents d\u2019Esplais Catalans es reuneixen al primer Gran Comit\u00e8 del 2025!"}]},{"@type":"WebSite","@id":"https:\/\/www.esplac.cat\/#website","url":"https:\/\/www.esplac.cat\/","name":"Esplac","description":"Esplais Catalans","publisher":{"@id":"https:\/\/www.esplac.cat\/#organization"},"potentialAction":[{"@type":"SearchAction","target":{"@type":"EntryPoint","urlTemplate":"https:\/\/www.esplac.cat\/?s={search_term_string}"},"query-input":{"@type":"PropertyValueSpecification","valueRequired":true,"valueName":"search_term_string"}}],"inLanguage":"es"},{"@type":"Organization","@id":"https:\/\/www.esplac.cat\/#organization","name":"Esplac","url":"https:\/\/www.esplac.cat\/","logo":{"@type":"ImageObject","inLanguage":"es","@id":"https:\/\/www.esplac.cat\/#\/schema\/logo\/image\/","url":"https:\/\/www.esplac.cat\/wp-content\/uploads\/2019\/08\/logox2.png","contentUrl":"https:\/\/www.esplac.cat\/wp-content\/uploads\/2019\/08\/logox2.png","width":600,"height":295,"caption":"Esplac"},"image":{"@id":"https:\/\/www.esplac.cat\/#\/schema\/logo\/image\/"}},{"@type":"Person","@id":"https:\/\/www.esplac.cat\/#\/schema\/person\/908383cf240be18b68f8855d0583faca","name":"Comunicaci\u00f3 Esplac","image":{"@type":"ImageObject","inLanguage":"es","@id":"https:\/\/secure.gravatar.com\/avatar\/7a4cf8feb412a76ea4a740ca02d95b06b2907b5a6c648c2dd0a1082a093c3141?s=96&d=mm&r=g","url":"https:\/\/secure.gravatar.com\/avatar\/7a4cf8feb412a76ea4a740ca02d95b06b2907b5a6c648c2dd0a1082a093c3141?s=96&d=mm&r=g","contentUrl":"https:\/\/secure.gravatar.com\/avatar\/7a4cf8feb412a76ea4a740ca02d95b06b2907b5a6c648c2dd0a1082a093c3141?s=96&d=mm&r=g","caption":"Comunicaci\u00f3 Esplac"}}]}},"_links":{"self":[{"href":"https:\/\/www.esplac.cat\/es\/wp-json\/wp\/v2\/posts\/52351","targetHints":{"allow":["GET"]}}],"collection":[{"href":"https:\/\/www.esplac.cat\/es\/wp-json\/wp\/v2\/posts"}],"about":[{"href":"https:\/\/www.esplac.cat\/es\/wp-json\/wp\/v2\/types\/post"}],"author":[{"embeddable":true,"href":"https:\/\/www.esplac.cat\/es\/wp-json\/wp\/v2\/users\/3"}],"replies":[{"embeddable":true,"href":"https:\/\/www.esplac.cat\/es\/wp-json\/wp\/v2\/comments?post=52351"}],"version-history":[{"count":3,"href":"https:\/\/www.esplac.cat\/es\/wp-json\/wp\/v2\/posts\/52351\/revisions"}],"predecessor-version":[{"id":52358,"href":"https:\/\/www.esplac.cat\/es\/wp-json\/wp\/v2\/posts\/52351\/revisions\/52358"}],"wp:featuredmedia":[{"embeddable":true,"href":"https:\/\/www.esplac.cat\/es\/wp-json\/wp\/v2\/media\/52353"}],"wp:attachment":[{"href":"https:\/\/www.esplac.cat\/es\/wp-json\/wp\/v2\/media?parent=52351"}],"wp:term":[{"taxonomy":"category","embeddable":true,"href":"https:\/\/www.esplac.cat\/es\/wp-json\/wp\/v2\/categories?post=52351"},{"taxonomy":"post_tag","embeddable":true,"href":"https:\/\/www.esplac.cat\/es\/wp-json\/wp\/v2\/tags?post=52351"}],"curies":[{"name":"wp","href":"https:\/\/api.w.org\/{rel}","templated":true}]}}