{"id":5237,"date":"2019-04-11T09:56:51","date_gmt":"2019-04-11T07:56:51","guid":{"rendered":"https:\/\/www.somesplai.cat\/?p=5237"},"modified":"2020-10-15T17:23:27","modified_gmt":"2020-10-15T16:23:27","slug":"formar-se-internacionalment","status":"publish","type":"post","link":"https:\/\/www.esplac.cat\/es\/formar-se-internacionalment\/","title":{"rendered":"Formar-se internacionalment"},"content":{"rendered":"<h5 class=\"p1\" style=\"text-align: justify;\">11-abril-2019<\/h5>\n<p>Autora:\u00a0<strong>Gemma Solans<\/strong>, monitora de l&#8217;esplai Kasperle i SVE a Berl\u00edn.<\/p>\n<hr \/>\n<p style=\"text-align: justify;\">Una de les portes que t\u2019obra viatjar \u00e9s la possibilitat de fer <strong>formacions internacionals<\/strong>. Ara mateix escric des d\u2019un dels ordinadors del Centre Europeu de Joventut a Budapest, Hongria. Un dels avantatges de l\u2019experi\u00e8ncia d\u2019un any de voluntariat europeu, si ets \u201cjove\u201d i formes part d\u2019una organitzacio com IFM-SEI, \u00e9s prendre part de seminaris formatius, sobre tematiques tant diverses com l\u2019educacio progressista, la ciutadania en democr\u00e0cia o la violencia sexual i els drets LGTBQ+ . Aquesta associaci\u00f3 tambe organitza campaments internacionals i sessions de training. Aquests espais et permeten con\u00e8ixer gent amb bagatges culturals molt diferents, definir i debatre sobre metodologies i m\u00e8todes que (ja i des de fa molt temps) utilitza l\u2019educaci\u00f3 en el temps de lleure, t\u2019obre portes a formar part d\u2019una bossa de formadors i formadores dins de l\u2019organitzaci\u00f3 o a compartir pr\u00e0ctiques i recursos amb altres participants tant interessades com tu en aprendre\u201d (26 de febrer de 2019).<\/p>\n<p style=\"text-align: justify;\">I on puc trobar aquestes oportunitats? Us diria que formar-se educativament a nivell internacional \u00e9s molt complicat, per\u00f2 estaria mentint. Requereix *no necess\u00e0riament en aquest ordre:<\/p>\n<ul>\n<li style=\"text-align: justify;\"><span style=\"text-decoration: underline;\"><em>Requisits<\/em><\/span>: algunes organitzacions demanen algunes credencials pr\u00e8vies per acceptar sol\u2022licituds de participaci\u00f3, cadascuna t\u00e9 el seu filtratge, per\u00f2 la majoria nom\u00e9s demanen formar part d&#8217;una federaci\u00f3 o plataforma. <strong>Si ets moni d&#8217;Esplac, ja ho tens cobert.<\/strong> Tot i aix\u00f2, n&#8217;hi ha que pots participar a t\u00edtol individual de totes maneres. En la majoria no demanen un nivell educatiu concret per participar, tot i que sempre est\u00e0 b\u00e9 haver-se format pr\u00e8viament en el tema.<\/li>\n<li style=\"text-align: justify;\"><em><span style=\"text-decoration: underline;\">Caracter\u00edstiques personals<\/span>:<\/em> molts dels seminaris als que em vinc a referir-me en aquest article s\u00f3n organitzats a partir de fonts de finan\u00e7ament europees (Erasmus+), per la qual cosa sovint estan destinades al col\u00b7lectiu juvenil segons els est\u00e0ndards europeus (aprox. 18-30 anys). Altres experi\u00e8ncies, per exemple, tracten de trobar un equilibri en termes de g\u00e8nere (per x raons). N\u2019hi ha de tot i tot dep\u00e8n de l\u2019organitzaci\u00f3 i del seminari en concret, aix\u00ed que registrar-se per si de cas mai est\u00e0 de m\u00e9s!<\/li>\n<li style=\"text-align: justify;\"><em><span style=\"text-decoration: underline;\">Contactes<\/span>:<\/em> tristament, com molts altres, el m\u00f3n de les formacions sovint passa per con\u00e8ixer persones que n&#8217;han format part o que treballen arreu. <strong>A mesura que participes d&#8217;aquestes\u00a0<\/strong><strong>oportunitats se t&#8217;obren moltes altres portes.<\/strong> No obstant, si no coneixes a ning\u00fa tampoc \u00e9s un impediment per no trobar-les!<\/li>\n<li style=\"text-align: justify;\"><span style=\"text-decoration: underline;\"><em>Cerques<\/em><\/span><em>:<\/em> la coordinaci\u00f3 internacional d&#8217;Esplac s&#8217;encarrega de la difusi\u00f3 de formacions internacionals, sobretot a nivell Europeu, de tem\u00e0tiques diverses. A partir d\u2019aqu\u00ed, es poden oferir experi\u00e8ncies diferents, com ara fer un EVS que ara \u00e9s diu <a href=\"https:\/\/europa.eu\/youth\/solidarity_en\" target=\"_blank\" rel=\"noopener noreferrer\">European Solidarity Corps<\/a>, on et pots inscriure volunt\u00e0riament per rebre ofertes, o voluntariat europeu, intercanvis amb altres entitats, tant a nivell local com regional, etc\u00e8tera.\u00a0 Tamb\u00e9 podeu buscar-ne a trav\u00e9s d&#8217;altres plataformes web com<a href=\"https:\/\/www.salto- youth.net\/\" target=\"_blank\" rel=\"noopener noreferrer\"> Salto Youth<\/a>, arreu del m\u00f3n i amb tem\u00e0tiques molt variades, a la p\u00e0gina <a href=\"http:\/\/ifm-sei.org\/en\/\" target=\"_blank\" rel=\"noopener noreferrer\">web d&#8217;IFM-SEI<\/a> oficial o la de Facebook\u00a0 o a la p\u00e0gina web de la <a href=\"https:\/\/www.peretarres.org\/\" target=\"_blank\" rel=\"noopener noreferrer\">Fundaci\u00f3 Pere Tarr\u00e8s<\/a>, per posar tres exemples diferents. Al meu veure, el m\u00e9s f\u00e0cil \u00e9s subscrivint-se al butllet\u00ed electr\u00f2nic per rebre totes les oportunitats formatives al correu personal.<\/li>\n<li style=\"text-align: justify;\"><em><span style=\"text-decoration: underline;\"> Inter\u00e8s<\/span>:<\/em> c<strong>omen\u00e7ant per aqu\u00ed es pot arribar a molts llocs.<\/strong> A partir de l&#8217;inter\u00e8s s&#8217;arriba a tenir m\u00e9s informaci\u00f3 sobre aquestes experi\u00e8ncies i interessar-se sempre \u00e9s el primer pas!<\/li>\n<\/ul>\n<p><a href=\"https:\/\/www.somesplai.cat\/wp-content\/uploads\/2019\/04\/Foto-IFM-SEI.jpg\"><img decoding=\"async\" class=\"aligncenter wp-image-5240\" src=\"https:\/\/www.somesplai.cat\/wp-content\/uploads\/2019\/04\/Foto-IFM-SEI.jpg\" alt=\"Foto IFM-SEI\" width=\"645\" height=\"382\" \/><\/a><\/p>\n","protected":false},"excerpt":{"rendered":"<p>11-abril-2019 Autora:\u00a0Gemma Solans, monitora de l&#8217;esplai Kasperle i SVE a [&hellip;]<\/p>\n","protected":false},"author":3,"featured_media":28225,"comment_status":"closed","ping_status":"closed","sticky":false,"template":"","format":"standard","meta":{"om_disable_all_campaigns":false,"_monsterinsights_skip_tracking":false,"_monsterinsights_sitenote_active":false,"_monsterinsights_sitenote_note":"","_monsterinsights_sitenote_category":0,"_uf_show_specific_survey":0,"_uf_disable_surveys":false,"footnotes":""},"categories":[1168],"tags":[1002,1194,874,134],"class_list":["post-5237","post","type-post","status-publish","format-standard","has-post-thumbnail","hentry","category-creuant_mirades","tag-educacio-popular","tag-formacions-internacionals","tag-monitora","tag-transformacio-social"],"yoast_head":"<!-- This site is optimized with the Yoast SEO plugin v27.5 - https:\/\/yoast.com\/product\/yoast-seo-wordpress\/ -->\n<title>Formar-se internacionalment - Esplac<\/title>\n<meta name=\"robots\" content=\"index, follow, max-snippet:-1, max-image-preview:large, max-video-preview:-1\" \/>\n<link rel=\"canonical\" href=\"https:\/\/www.esplac.cat\/en\/formar-se-internacionalment\/\" \/>\n<meta property=\"og:locale\" content=\"es_ES\" \/>\n<meta property=\"og:type\" content=\"article\" \/>\n<meta property=\"og:title\" content=\"Formar-se internacionalment - Esplac\" \/>\n<meta property=\"og:description\" content=\"11-abril-2019 Autora:\u00a0Gemma Solans, monitora de l&#8217;esplai Kasperle i SVE a [&hellip;]\" \/>\n<meta property=\"og:url\" content=\"https:\/\/www.esplac.cat\/en\/formar-se-internacionalment\/\" \/>\n<meta property=\"og:site_name\" content=\"Esplac\" \/>\n<meta property=\"article:published_time\" content=\"2019-04-11T07:56:51+00:00\" \/>\n<meta property=\"article:modified_time\" content=\"2020-10-15T16:23:27+00:00\" \/>\n<meta property=\"og:image\" content=\"https:\/\/www.esplac.cat\/wp-content\/uploads\/2019\/04\/Foto-IFM-SEI.jpg\" \/>\n\t<meta property=\"og:image:width\" content=\"1792\" \/>\n\t<meta property=\"og:image:height\" content=\"1061\" \/>\n\t<meta property=\"og:image:type\" content=\"image\/jpeg\" \/>\n<meta name=\"author\" content=\"Comunicaci\u00f3 Esplac\" \/>\n<meta name=\"twitter:card\" content=\"summary_large_image\" \/>\n<meta name=\"twitter:label1\" content=\"Escrito por\" \/>\n\t<meta name=\"twitter:data1\" content=\"Comunicaci\u00f3 Esplac\" \/>\n\t<meta name=\"twitter:label2\" content=\"Tiempo de lectura\" \/>\n\t<meta name=\"twitter:data2\" content=\"3 minutos\" \/>\n<script type=\"application\/ld+json\" class=\"yoast-schema-graph\">{\"@context\":\"https:\\\/\\\/schema.org\",\"@graph\":[{\"@type\":\"Article\",\"@id\":\"https:\\\/\\\/www.esplac.cat\\\/en\\\/formar-se-internacionalment\\\/#article\",\"isPartOf\":{\"@id\":\"https:\\\/\\\/www.esplac.cat\\\/en\\\/formar-se-internacionalment\\\/\"},\"author\":{\"name\":\"Comunicaci\u00f3 Esplac\",\"@id\":\"https:\\\/\\\/www.esplac.cat\\\/#\\\/schema\\\/person\\\/908383cf240be18b68f8855d0583faca\"},\"headline\":\"Formar-se internacionalment\",\"datePublished\":\"2019-04-11T07:56:51+00:00\",\"dateModified\":\"2020-10-15T16:23:27+00:00\",\"mainEntityOfPage\":{\"@id\":\"https:\\\/\\\/www.esplac.cat\\\/en\\\/formar-se-internacionalment\\\/\"},\"wordCount\":613,\"publisher\":{\"@id\":\"https:\\\/\\\/www.esplac.cat\\\/#organization\"},\"image\":{\"@id\":\"https:\\\/\\\/www.esplac.cat\\\/en\\\/formar-se-internacionalment\\\/#primaryimage\"},\"thumbnailUrl\":\"https:\\\/\\\/www.esplac.cat\\\/wp-content\\\/uploads\\\/2019\\\/04\\\/Foto-IFM-SEI.jpg\",\"keywords\":[\"educaci\u00f3 popular\",\"Formacions internacionals\",\"monitora\",\"transformaci\u00f3 social\"],\"articleSection\":[\"Creuant mirades\"],\"inLanguage\":\"es\"},{\"@type\":\"WebPage\",\"@id\":\"https:\\\/\\\/www.esplac.cat\\\/en\\\/formar-se-internacionalment\\\/\",\"url\":\"https:\\\/\\\/www.esplac.cat\\\/en\\\/formar-se-internacionalment\\\/\",\"name\":\"Formar-se internacionalment - Esplac\",\"isPartOf\":{\"@id\":\"https:\\\/\\\/www.esplac.cat\\\/#website\"},\"primaryImageOfPage\":{\"@id\":\"https:\\\/\\\/www.esplac.cat\\\/en\\\/formar-se-internacionalment\\\/#primaryimage\"},\"image\":{\"@id\":\"https:\\\/\\\/www.esplac.cat\\\/en\\\/formar-se-internacionalment\\\/#primaryimage\"},\"thumbnailUrl\":\"https:\\\/\\\/www.esplac.cat\\\/wp-content\\\/uploads\\\/2019\\\/04\\\/Foto-IFM-SEI.jpg\",\"datePublished\":\"2019-04-11T07:56:51+00:00\",\"dateModified\":\"2020-10-15T16:23:27+00:00\",\"breadcrumb\":{\"@id\":\"https:\\\/\\\/www.esplac.cat\\\/en\\\/formar-se-internacionalment\\\/#breadcrumb\"},\"inLanguage\":\"es\",\"potentialAction\":[{\"@type\":\"ReadAction\",\"target\":[\"https:\\\/\\\/www.esplac.cat\\\/en\\\/formar-se-internacionalment\\\/\"]}]},{\"@type\":\"ImageObject\",\"inLanguage\":\"es\",\"@id\":\"https:\\\/\\\/www.esplac.cat\\\/en\\\/formar-se-internacionalment\\\/#primaryimage\",\"url\":\"https:\\\/\\\/www.esplac.cat\\\/wp-content\\\/uploads\\\/2019\\\/04\\\/Foto-IFM-SEI.jpg\",\"contentUrl\":\"https:\\\/\\\/www.esplac.cat\\\/wp-content\\\/uploads\\\/2019\\\/04\\\/Foto-IFM-SEI.jpg\",\"width\":1792,\"height\":1061},{\"@type\":\"BreadcrumbList\",\"@id\":\"https:\\\/\\\/www.esplac.cat\\\/en\\\/formar-se-internacionalment\\\/#breadcrumb\",\"itemListElement\":[{\"@type\":\"ListItem\",\"position\":1,\"name\":\"Inici\",\"item\":\"https:\\\/\\\/www.esplac.cat\\\/es\\\/\"},{\"@type\":\"ListItem\",\"position\":2,\"name\":\"Formar-se internacionalment\"}]},{\"@type\":\"WebSite\",\"@id\":\"https:\\\/\\\/www.esplac.cat\\\/#website\",\"url\":\"https:\\\/\\\/www.esplac.cat\\\/\",\"name\":\"Esplac\",\"description\":\"Esplais Catalans\",\"publisher\":{\"@id\":\"https:\\\/\\\/www.esplac.cat\\\/#organization\"},\"potentialAction\":[{\"@type\":\"SearchAction\",\"target\":{\"@type\":\"EntryPoint\",\"urlTemplate\":\"https:\\\/\\\/www.esplac.cat\\\/?s={search_term_string}\"},\"query-input\":{\"@type\":\"PropertyValueSpecification\",\"valueRequired\":true,\"valueName\":\"search_term_string\"}}],\"inLanguage\":\"es\"},{\"@type\":\"Organization\",\"@id\":\"https:\\\/\\\/www.esplac.cat\\\/#organization\",\"name\":\"Esplac\",\"url\":\"https:\\\/\\\/www.esplac.cat\\\/\",\"logo\":{\"@type\":\"ImageObject\",\"inLanguage\":\"es\",\"@id\":\"https:\\\/\\\/www.esplac.cat\\\/#\\\/schema\\\/logo\\\/image\\\/\",\"url\":\"https:\\\/\\\/www.esplac.cat\\\/wp-content\\\/uploads\\\/2019\\\/08\\\/logox2.png\",\"contentUrl\":\"https:\\\/\\\/www.esplac.cat\\\/wp-content\\\/uploads\\\/2019\\\/08\\\/logox2.png\",\"width\":600,\"height\":295,\"caption\":\"Esplac\"},\"image\":{\"@id\":\"https:\\\/\\\/www.esplac.cat\\\/#\\\/schema\\\/logo\\\/image\\\/\"}},{\"@type\":\"Person\",\"@id\":\"https:\\\/\\\/www.esplac.cat\\\/#\\\/schema\\\/person\\\/908383cf240be18b68f8855d0583faca\",\"name\":\"Comunicaci\u00f3 Esplac\",\"image\":{\"@type\":\"ImageObject\",\"inLanguage\":\"es\",\"@id\":\"https:\\\/\\\/secure.gravatar.com\\\/avatar\\\/7a4cf8feb412a76ea4a740ca02d95b06b2907b5a6c648c2dd0a1082a093c3141?s=96&d=mm&r=g\",\"url\":\"https:\\\/\\\/secure.gravatar.com\\\/avatar\\\/7a4cf8feb412a76ea4a740ca02d95b06b2907b5a6c648c2dd0a1082a093c3141?s=96&d=mm&r=g\",\"contentUrl\":\"https:\\\/\\\/secure.gravatar.com\\\/avatar\\\/7a4cf8feb412a76ea4a740ca02d95b06b2907b5a6c648c2dd0a1082a093c3141?s=96&d=mm&r=g\",\"caption\":\"Comunicaci\u00f3 Esplac\"}}]}<\/script>\n<!-- \/ Yoast SEO plugin. -->","yoast_head_json":{"title":"Formar-se internacionalment - Esplac","robots":{"index":"index","follow":"follow","max-snippet":"max-snippet:-1","max-image-preview":"max-image-preview:large","max-video-preview":"max-video-preview:-1"},"canonical":"https:\/\/www.esplac.cat\/en\/formar-se-internacionalment\/","og_locale":"es_ES","og_type":"article","og_title":"Formar-se internacionalment - Esplac","og_description":"11-abril-2019 Autora:\u00a0Gemma Solans, monitora de l&#8217;esplai Kasperle i SVE a [&hellip;]","og_url":"https:\/\/www.esplac.cat\/en\/formar-se-internacionalment\/","og_site_name":"Esplac","article_published_time":"2019-04-11T07:56:51+00:00","article_modified_time":"2020-10-15T16:23:27+00:00","og_image":[{"width":1792,"height":1061,"url":"https:\/\/www.esplac.cat\/wp-content\/uploads\/2019\/04\/Foto-IFM-SEI.jpg","type":"image\/jpeg"}],"author":"Comunicaci\u00f3 Esplac","twitter_card":"summary_large_image","twitter_misc":{"Escrito por":"Comunicaci\u00f3 Esplac","Tiempo de lectura":"3 minutos"},"schema":{"@context":"https:\/\/schema.org","@graph":[{"@type":"Article","@id":"https:\/\/www.esplac.cat\/en\/formar-se-internacionalment\/#article","isPartOf":{"@id":"https:\/\/www.esplac.cat\/en\/formar-se-internacionalment\/"},"author":{"name":"Comunicaci\u00f3 Esplac","@id":"https:\/\/www.esplac.cat\/#\/schema\/person\/908383cf240be18b68f8855d0583faca"},"headline":"Formar-se internacionalment","datePublished":"2019-04-11T07:56:51+00:00","dateModified":"2020-10-15T16:23:27+00:00","mainEntityOfPage":{"@id":"https:\/\/www.esplac.cat\/en\/formar-se-internacionalment\/"},"wordCount":613,"publisher":{"@id":"https:\/\/www.esplac.cat\/#organization"},"image":{"@id":"https:\/\/www.esplac.cat\/en\/formar-se-internacionalment\/#primaryimage"},"thumbnailUrl":"https:\/\/www.esplac.cat\/wp-content\/uploads\/2019\/04\/Foto-IFM-SEI.jpg","keywords":["educaci\u00f3 popular","Formacions internacionals","monitora","transformaci\u00f3 social"],"articleSection":["Creuant mirades"],"inLanguage":"es"},{"@type":"WebPage","@id":"https:\/\/www.esplac.cat\/en\/formar-se-internacionalment\/","url":"https:\/\/www.esplac.cat\/en\/formar-se-internacionalment\/","name":"Formar-se internacionalment - Esplac","isPartOf":{"@id":"https:\/\/www.esplac.cat\/#website"},"primaryImageOfPage":{"@id":"https:\/\/www.esplac.cat\/en\/formar-se-internacionalment\/#primaryimage"},"image":{"@id":"https:\/\/www.esplac.cat\/en\/formar-se-internacionalment\/#primaryimage"},"thumbnailUrl":"https:\/\/www.esplac.cat\/wp-content\/uploads\/2019\/04\/Foto-IFM-SEI.jpg","datePublished":"2019-04-11T07:56:51+00:00","dateModified":"2020-10-15T16:23:27+00:00","breadcrumb":{"@id":"https:\/\/www.esplac.cat\/en\/formar-se-internacionalment\/#breadcrumb"},"inLanguage":"es","potentialAction":[{"@type":"ReadAction","target":["https:\/\/www.esplac.cat\/en\/formar-se-internacionalment\/"]}]},{"@type":"ImageObject","inLanguage":"es","@id":"https:\/\/www.esplac.cat\/en\/formar-se-internacionalment\/#primaryimage","url":"https:\/\/www.esplac.cat\/wp-content\/uploads\/2019\/04\/Foto-IFM-SEI.jpg","contentUrl":"https:\/\/www.esplac.cat\/wp-content\/uploads\/2019\/04\/Foto-IFM-SEI.jpg","width":1792,"height":1061},{"@type":"BreadcrumbList","@id":"https:\/\/www.esplac.cat\/en\/formar-se-internacionalment\/#breadcrumb","itemListElement":[{"@type":"ListItem","position":1,"name":"Inici","item":"https:\/\/www.esplac.cat\/es\/"},{"@type":"ListItem","position":2,"name":"Formar-se internacionalment"}]},{"@type":"WebSite","@id":"https:\/\/www.esplac.cat\/#website","url":"https:\/\/www.esplac.cat\/","name":"Esplac","description":"Esplais Catalans","publisher":{"@id":"https:\/\/www.esplac.cat\/#organization"},"potentialAction":[{"@type":"SearchAction","target":{"@type":"EntryPoint","urlTemplate":"https:\/\/www.esplac.cat\/?s={search_term_string}"},"query-input":{"@type":"PropertyValueSpecification","valueRequired":true,"valueName":"search_term_string"}}],"inLanguage":"es"},{"@type":"Organization","@id":"https:\/\/www.esplac.cat\/#organization","name":"Esplac","url":"https:\/\/www.esplac.cat\/","logo":{"@type":"ImageObject","inLanguage":"es","@id":"https:\/\/www.esplac.cat\/#\/schema\/logo\/image\/","url":"https:\/\/www.esplac.cat\/wp-content\/uploads\/2019\/08\/logox2.png","contentUrl":"https:\/\/www.esplac.cat\/wp-content\/uploads\/2019\/08\/logox2.png","width":600,"height":295,"caption":"Esplac"},"image":{"@id":"https:\/\/www.esplac.cat\/#\/schema\/logo\/image\/"}},{"@type":"Person","@id":"https:\/\/www.esplac.cat\/#\/schema\/person\/908383cf240be18b68f8855d0583faca","name":"Comunicaci\u00f3 Esplac","image":{"@type":"ImageObject","inLanguage":"es","@id":"https:\/\/secure.gravatar.com\/avatar\/7a4cf8feb412a76ea4a740ca02d95b06b2907b5a6c648c2dd0a1082a093c3141?s=96&d=mm&r=g","url":"https:\/\/secure.gravatar.com\/avatar\/7a4cf8feb412a76ea4a740ca02d95b06b2907b5a6c648c2dd0a1082a093c3141?s=96&d=mm&r=g","contentUrl":"https:\/\/secure.gravatar.com\/avatar\/7a4cf8feb412a76ea4a740ca02d95b06b2907b5a6c648c2dd0a1082a093c3141?s=96&d=mm&r=g","caption":"Comunicaci\u00f3 Esplac"}}]}},"_links":{"self":[{"href":"https:\/\/www.esplac.cat\/es\/wp-json\/wp\/v2\/posts\/5237","targetHints":{"allow":["GET"]}}],"collection":[{"href":"https:\/\/www.esplac.cat\/es\/wp-json\/wp\/v2\/posts"}],"about":[{"href":"https:\/\/www.esplac.cat\/es\/wp-json\/wp\/v2\/types\/post"}],"author":[{"embeddable":true,"href":"https:\/\/www.esplac.cat\/es\/wp-json\/wp\/v2\/users\/3"}],"replies":[{"embeddable":true,"href":"https:\/\/www.esplac.cat\/es\/wp-json\/wp\/v2\/comments?post=5237"}],"version-history":[{"count":0,"href":"https:\/\/www.esplac.cat\/es\/wp-json\/wp\/v2\/posts\/5237\/revisions"}],"wp:featuredmedia":[{"embeddable":true,"href":"https:\/\/www.esplac.cat\/es\/wp-json\/wp\/v2\/media\/28225"}],"wp:attachment":[{"href":"https:\/\/www.esplac.cat\/es\/wp-json\/wp\/v2\/media?parent=5237"}],"wp:term":[{"taxonomy":"category","embeddable":true,"href":"https:\/\/www.esplac.cat\/es\/wp-json\/wp\/v2\/categories?post=5237"},{"taxonomy":"post_tag","embeddable":true,"href":"https:\/\/www.esplac.cat\/es\/wp-json\/wp\/v2\/tags?post=5237"}],"curies":[{"name":"wp","href":"https:\/\/api.w.org\/{rel}","templated":true}]}}