{"id":52415,"date":"2025-02-07T08:00:37","date_gmt":"2025-02-07T06:00:37","guid":{"rendered":"https:\/\/www.esplac.cat\/?p=52415"},"modified":"2025-02-06T15:34:43","modified_gmt":"2025-02-06T13:34:43","slug":"els-agermanaments-les-noves-trobades-del-sector-maresme","status":"publish","type":"post","link":"https:\/\/www.esplac.cat\/es\/els-agermanaments-les-noves-trobades-del-sector-maresme\/","title":{"rendered":"Els Agermanaments, les noves trobades del Sector Maresme!"},"content":{"rendered":"<div class=\"fusion-fullwidth fullwidth-box fusion-builder-row-1 fusion-flex-container has-pattern-background has-mask-background nonhundred-percent-fullwidth non-hundred-percent-height-scrolling\" style=\"--awb-border-radius-top-left:0px;--awb-border-radius-top-right:0px;--awb-border-radius-bottom-right:0px;--awb-border-radius-bottom-left:0px;--awb-flex-wrap:wrap;\" ><div class=\"fusion-builder-row fusion-row fusion-flex-align-items-flex-start fusion-flex-content-wrap\" style=\"max-width:1248px;margin-left: calc(-4% \/ 2 );margin-right: calc(-4% \/ 2 );\"><div class=\"fusion-layout-column fusion_builder_column fusion-builder-column-0 fusion_builder_column_1_1 1_1 fusion-flex-column\" style=\"--awb-bg-size:cover;--awb-width-large:100%;--awb-margin-top-large:0px;--awb-spacing-right-large:1.92%;--awb-margin-bottom-large:20px;--awb-spacing-left-large:1.92%;--awb-width-medium:100%;--awb-order-medium:0;--awb-spacing-right-medium:1.92%;--awb-spacing-left-medium:1.92%;--awb-width-small:100%;--awb-order-small:0;--awb-spacing-right-small:1.92%;--awb-spacing-left-small:1.92%;\"><div class=\"fusion-column-wrapper fusion-column-has-shadow fusion-flex-justify-content-flex-start fusion-content-layout-column\"><div class=\"fusion-text fusion-text-1\"><h6><strong>M\u00e9s de 200 infants i joves participen dels Agermanaments del Sector Maresme omplint de vida dues poblacions de la comarca.<\/strong><\/h6>\n<p>El <span style=\"color: #f69d0b;\"><a style=\"color: #f69d0b;\" href=\"https:\/\/www.esplac.cat\/sectors-geografics\/maresme\/\" target=\"_blank\" rel=\"noopener\"><strong>Sector Maresme<\/strong><\/a><\/span>, enguany, ha volgut repensar una de les activitats centrals del curs i ha posat en marxa <strong>una nova trobada d\u2019Infants i Joves del sector<\/strong>. Amb la voluntat de seguir construint vincles entre els diversos esplais i connectar-se d\u2019una manera diferent, va sorgir la idea dels Agermanaments! Els esplais, organitzats en grups de dos o tres, han dut a terme dues trobades simult\u00e0nies a les poblacions de Canet de Mar i Masnou.<\/p>\n<p>Durant el cap de setmana de l\u20191 i 2 de febrer <strong>m\u00e9s de 200 infants i joves dels esplais del <a href=\"https:\/\/www.instagram.com\/esplaigarbi\/\" target=\"_blank\" rel=\"noopener\"><span style=\"color: #f69d0b;\">Garb\u00ed<\/span><\/a>, <span style=\"color: #f69d0b;\"><a style=\"color: #f69d0b;\" href=\"https:\/\/www.instagram.com\/esplaielpas\/\" target=\"_blank\" rel=\"noopener\">El Pas<\/a><\/span>, <span style=\"color: #f69d0b;\"><a style=\"color: #f69d0b;\" href=\"https:\/\/web.esplaibitxus.org\/\" target=\"_blank\" rel=\"noopener\">Bitxus<\/a><\/span>, l\u2019<span style=\"color: #f69d0b;\"><a style=\"color: #f69d0b;\" href=\"https:\/\/www.instagram.com\/esplailolladegrills\/\" target=\"_blank\" rel=\"noopener\">Olla de Grills<\/a><\/span> i el <span style=\"color: #f69d0b;\"><a style=\"color: #f69d0b;\" href=\"https:\/\/www.instagram.com\/esplaiguaital\/\" target=\"_blank\" rel=\"noopener\">Guaita\u2019l<\/a><\/span> han participat d\u2019aquestes trobades<\/strong> paral\u00b7leles en les quals s\u2019han fet jocs de coneixen\u00e7a entre les participants, per\u00f2 que tamb\u00e9 han servit per con\u00e8ixer m\u00e9s i millor cada esplai. Nom\u00e9s els grups m\u00e9s grans de cada esplai van, tamb\u00e9, quedar-se a dormir amb els seus esplais agermanats.<\/p>\n<p>La trobada ha sigut un \u00e8xit i ja es pot dir que els esplais del Maresme han quedat oficialment agermanats.<\/p>\n<\/div><\/div><\/div><\/div><\/div>\n","protected":false},"excerpt":{"rendered":"","protected":false},"author":3,"featured_media":52417,"comment_status":"closed","ping_status":"closed","sticky":false,"template":"","format":"standard","meta":{"om_disable_all_campaigns":false,"_monsterinsights_skip_tracking":false,"_monsterinsights_sitenote_active":false,"_monsterinsights_sitenote_note":"","_monsterinsights_sitenote_category":0,"_uf_show_specific_survey":0,"_uf_disable_surveys":false,"footnotes":""},"categories":[1110,1113],"tags":[],"class_list":["post-52415","post","type-post","status-publish","format-standard","has-post-thumbnail","hentry","category-activitats-sectors","category-sector-maresme"],"yoast_head":"<!-- This site is optimized with the Yoast SEO plugin v27.5 - https:\/\/yoast.com\/product\/yoast-seo-wordpress\/ -->\n<title>Els Agermanaments, les noves trobades del Sector Maresme! - Esplac<\/title>\n<meta name=\"description\" content=\"M\u00e9s de 200 infants i joves participen dels Agermanaments del Sector Maresme omplint de vida dues poblacions de la comarca.\" \/>\n<meta name=\"robots\" content=\"index, follow, max-snippet:-1, max-image-preview:large, max-video-preview:-1\" \/>\n<link rel=\"canonical\" href=\"https:\/\/www.esplac.cat\/els-agermanaments-les-noves-trobades-del-sector-maresme\/\" \/>\n<meta property=\"og:locale\" content=\"es_ES\" \/>\n<meta property=\"og:type\" content=\"article\" \/>\n<meta property=\"og:title\" content=\"Els Agermanaments, les noves trobades del Sector Maresme! - Esplac\" \/>\n<meta property=\"og:description\" content=\"M\u00e9s de 200 infants i joves participen dels Agermanaments del Sector Maresme omplint de vida dues poblacions de la comarca.\" \/>\n<meta property=\"og:url\" content=\"https:\/\/www.esplac.cat\/els-agermanaments-les-noves-trobades-del-sector-maresme\/\" \/>\n<meta property=\"og:site_name\" content=\"Esplac\" \/>\n<meta property=\"article:published_time\" content=\"2025-02-07T06:00:37+00:00\" \/>\n<meta property=\"og:image\" content=\"https:\/\/www.esplac.cat\/wp-content\/uploads\/2025\/02\/Agermanaments_Maresme.jpg\" \/>\n\t<meta property=\"og:image:width\" content=\"1697\" \/>\n\t<meta property=\"og:image:height\" content=\"700\" \/>\n\t<meta property=\"og:image:type\" content=\"image\/jpeg\" \/>\n<meta name=\"author\" content=\"Comunicaci\u00f3 Esplac\" \/>\n<meta name=\"twitter:card\" content=\"summary_large_image\" \/>\n<meta name=\"twitter:label1\" content=\"Escrito por\" \/>\n\t<meta name=\"twitter:data1\" content=\"Comunicaci\u00f3 Esplac\" \/>\n\t<meta name=\"twitter:label2\" content=\"Tiempo de lectura\" \/>\n\t<meta name=\"twitter:data2\" content=\"2 minutos\" \/>\n<script type=\"application\/ld+json\" class=\"yoast-schema-graph\">{\"@context\":\"https:\\\/\\\/schema.org\",\"@graph\":[{\"@type\":\"Article\",\"@id\":\"https:\\\/\\\/www.esplac.cat\\\/els-agermanaments-les-noves-trobades-del-sector-maresme\\\/#article\",\"isPartOf\":{\"@id\":\"https:\\\/\\\/www.esplac.cat\\\/els-agermanaments-les-noves-trobades-del-sector-maresme\\\/\"},\"author\":{\"name\":\"Comunicaci\u00f3 Esplac\",\"@id\":\"https:\\\/\\\/www.esplac.cat\\\/#\\\/schema\\\/person\\\/908383cf240be18b68f8855d0583faca\"},\"headline\":\"Els Agermanaments, les noves trobades del Sector Maresme!\",\"datePublished\":\"2025-02-07T06:00:37+00:00\",\"mainEntityOfPage\":{\"@id\":\"https:\\\/\\\/www.esplac.cat\\\/els-agermanaments-les-noves-trobades-del-sector-maresme\\\/\"},\"wordCount\":1167,\"publisher\":{\"@id\":\"https:\\\/\\\/www.esplac.cat\\\/#organization\"},\"image\":{\"@id\":\"https:\\\/\\\/www.esplac.cat\\\/els-agermanaments-les-noves-trobades-del-sector-maresme\\\/#primaryimage\"},\"thumbnailUrl\":\"https:\\\/\\\/www.esplac.cat\\\/wp-content\\\/uploads\\\/2025\\\/02\\\/Agermanaments_Maresme.jpg\",\"articleSection\":[\"Activitats sectors\",\"Sector Maresme\"],\"inLanguage\":\"es\"},{\"@type\":\"WebPage\",\"@id\":\"https:\\\/\\\/www.esplac.cat\\\/els-agermanaments-les-noves-trobades-del-sector-maresme\\\/\",\"url\":\"https:\\\/\\\/www.esplac.cat\\\/els-agermanaments-les-noves-trobades-del-sector-maresme\\\/\",\"name\":\"Els Agermanaments, les noves trobades del Sector Maresme! - Esplac\",\"isPartOf\":{\"@id\":\"https:\\\/\\\/www.esplac.cat\\\/#website\"},\"primaryImageOfPage\":{\"@id\":\"https:\\\/\\\/www.esplac.cat\\\/els-agermanaments-les-noves-trobades-del-sector-maresme\\\/#primaryimage\"},\"image\":{\"@id\":\"https:\\\/\\\/www.esplac.cat\\\/els-agermanaments-les-noves-trobades-del-sector-maresme\\\/#primaryimage\"},\"thumbnailUrl\":\"https:\\\/\\\/www.esplac.cat\\\/wp-content\\\/uploads\\\/2025\\\/02\\\/Agermanaments_Maresme.jpg\",\"datePublished\":\"2025-02-07T06:00:37+00:00\",\"description\":\"M\u00e9s de 200 infants i joves participen dels Agermanaments del Sector Maresme omplint de vida dues poblacions de la comarca.\",\"breadcrumb\":{\"@id\":\"https:\\\/\\\/www.esplac.cat\\\/els-agermanaments-les-noves-trobades-del-sector-maresme\\\/#breadcrumb\"},\"inLanguage\":\"es\",\"potentialAction\":[{\"@type\":\"ReadAction\",\"target\":[\"https:\\\/\\\/www.esplac.cat\\\/els-agermanaments-les-noves-trobades-del-sector-maresme\\\/\"]}]},{\"@type\":\"ImageObject\",\"inLanguage\":\"es\",\"@id\":\"https:\\\/\\\/www.esplac.cat\\\/els-agermanaments-les-noves-trobades-del-sector-maresme\\\/#primaryimage\",\"url\":\"https:\\\/\\\/www.esplac.cat\\\/wp-content\\\/uploads\\\/2025\\\/02\\\/Agermanaments_Maresme.jpg\",\"contentUrl\":\"https:\\\/\\\/www.esplac.cat\\\/wp-content\\\/uploads\\\/2025\\\/02\\\/Agermanaments_Maresme.jpg\",\"width\":1697,\"height\":700},{\"@type\":\"BreadcrumbList\",\"@id\":\"https:\\\/\\\/www.esplac.cat\\\/els-agermanaments-les-noves-trobades-del-sector-maresme\\\/#breadcrumb\",\"itemListElement\":[{\"@type\":\"ListItem\",\"position\":1,\"name\":\"Inici\",\"item\":\"https:\\\/\\\/www.esplac.cat\\\/es\\\/\"},{\"@type\":\"ListItem\",\"position\":2,\"name\":\"Els Agermanaments, les noves trobades del Sector Maresme!\"}]},{\"@type\":\"WebSite\",\"@id\":\"https:\\\/\\\/www.esplac.cat\\\/#website\",\"url\":\"https:\\\/\\\/www.esplac.cat\\\/\",\"name\":\"Esplac\",\"description\":\"Esplais Catalans\",\"publisher\":{\"@id\":\"https:\\\/\\\/www.esplac.cat\\\/#organization\"},\"potentialAction\":[{\"@type\":\"SearchAction\",\"target\":{\"@type\":\"EntryPoint\",\"urlTemplate\":\"https:\\\/\\\/www.esplac.cat\\\/?s={search_term_string}\"},\"query-input\":{\"@type\":\"PropertyValueSpecification\",\"valueRequired\":true,\"valueName\":\"search_term_string\"}}],\"inLanguage\":\"es\"},{\"@type\":\"Organization\",\"@id\":\"https:\\\/\\\/www.esplac.cat\\\/#organization\",\"name\":\"Esplac\",\"url\":\"https:\\\/\\\/www.esplac.cat\\\/\",\"logo\":{\"@type\":\"ImageObject\",\"inLanguage\":\"es\",\"@id\":\"https:\\\/\\\/www.esplac.cat\\\/#\\\/schema\\\/logo\\\/image\\\/\",\"url\":\"https:\\\/\\\/www.esplac.cat\\\/wp-content\\\/uploads\\\/2019\\\/08\\\/logox2.png\",\"contentUrl\":\"https:\\\/\\\/www.esplac.cat\\\/wp-content\\\/uploads\\\/2019\\\/08\\\/logox2.png\",\"width\":600,\"height\":295,\"caption\":\"Esplac\"},\"image\":{\"@id\":\"https:\\\/\\\/www.esplac.cat\\\/#\\\/schema\\\/logo\\\/image\\\/\"}},{\"@type\":\"Person\",\"@id\":\"https:\\\/\\\/www.esplac.cat\\\/#\\\/schema\\\/person\\\/908383cf240be18b68f8855d0583faca\",\"name\":\"Comunicaci\u00f3 Esplac\",\"image\":{\"@type\":\"ImageObject\",\"inLanguage\":\"es\",\"@id\":\"https:\\\/\\\/secure.gravatar.com\\\/avatar\\\/7a4cf8feb412a76ea4a740ca02d95b06b2907b5a6c648c2dd0a1082a093c3141?s=96&d=mm&r=g\",\"url\":\"https:\\\/\\\/secure.gravatar.com\\\/avatar\\\/7a4cf8feb412a76ea4a740ca02d95b06b2907b5a6c648c2dd0a1082a093c3141?s=96&d=mm&r=g\",\"contentUrl\":\"https:\\\/\\\/secure.gravatar.com\\\/avatar\\\/7a4cf8feb412a76ea4a740ca02d95b06b2907b5a6c648c2dd0a1082a093c3141?s=96&d=mm&r=g\",\"caption\":\"Comunicaci\u00f3 Esplac\"}}]}<\/script>\n<!-- \/ Yoast SEO plugin. -->","yoast_head_json":{"title":"Els Agermanaments, les noves trobades del Sector Maresme! - Esplac","description":"M\u00e9s de 200 infants i joves participen dels Agermanaments del Sector Maresme omplint de vida dues poblacions de la comarca.","robots":{"index":"index","follow":"follow","max-snippet":"max-snippet:-1","max-image-preview":"max-image-preview:large","max-video-preview":"max-video-preview:-1"},"canonical":"https:\/\/www.esplac.cat\/els-agermanaments-les-noves-trobades-del-sector-maresme\/","og_locale":"es_ES","og_type":"article","og_title":"Els Agermanaments, les noves trobades del Sector Maresme! - Esplac","og_description":"M\u00e9s de 200 infants i joves participen dels Agermanaments del Sector Maresme omplint de vida dues poblacions de la comarca.","og_url":"https:\/\/www.esplac.cat\/els-agermanaments-les-noves-trobades-del-sector-maresme\/","og_site_name":"Esplac","article_published_time":"2025-02-07T06:00:37+00:00","og_image":[{"width":1697,"height":700,"url":"https:\/\/www.esplac.cat\/wp-content\/uploads\/2025\/02\/Agermanaments_Maresme.jpg","type":"image\/jpeg"}],"author":"Comunicaci\u00f3 Esplac","twitter_card":"summary_large_image","twitter_misc":{"Escrito por":"Comunicaci\u00f3 Esplac","Tiempo de lectura":"2 minutos"},"schema":{"@context":"https:\/\/schema.org","@graph":[{"@type":"Article","@id":"https:\/\/www.esplac.cat\/els-agermanaments-les-noves-trobades-del-sector-maresme\/#article","isPartOf":{"@id":"https:\/\/www.esplac.cat\/els-agermanaments-les-noves-trobades-del-sector-maresme\/"},"author":{"name":"Comunicaci\u00f3 Esplac","@id":"https:\/\/www.esplac.cat\/#\/schema\/person\/908383cf240be18b68f8855d0583faca"},"headline":"Els Agermanaments, les noves trobades del Sector Maresme!","datePublished":"2025-02-07T06:00:37+00:00","mainEntityOfPage":{"@id":"https:\/\/www.esplac.cat\/els-agermanaments-les-noves-trobades-del-sector-maresme\/"},"wordCount":1167,"publisher":{"@id":"https:\/\/www.esplac.cat\/#organization"},"image":{"@id":"https:\/\/www.esplac.cat\/els-agermanaments-les-noves-trobades-del-sector-maresme\/#primaryimage"},"thumbnailUrl":"https:\/\/www.esplac.cat\/wp-content\/uploads\/2025\/02\/Agermanaments_Maresme.jpg","articleSection":["Activitats sectors","Sector Maresme"],"inLanguage":"es"},{"@type":"WebPage","@id":"https:\/\/www.esplac.cat\/els-agermanaments-les-noves-trobades-del-sector-maresme\/","url":"https:\/\/www.esplac.cat\/els-agermanaments-les-noves-trobades-del-sector-maresme\/","name":"Els Agermanaments, les noves trobades del Sector Maresme! - Esplac","isPartOf":{"@id":"https:\/\/www.esplac.cat\/#website"},"primaryImageOfPage":{"@id":"https:\/\/www.esplac.cat\/els-agermanaments-les-noves-trobades-del-sector-maresme\/#primaryimage"},"image":{"@id":"https:\/\/www.esplac.cat\/els-agermanaments-les-noves-trobades-del-sector-maresme\/#primaryimage"},"thumbnailUrl":"https:\/\/www.esplac.cat\/wp-content\/uploads\/2025\/02\/Agermanaments_Maresme.jpg","datePublished":"2025-02-07T06:00:37+00:00","description":"M\u00e9s de 200 infants i joves participen dels Agermanaments del Sector Maresme omplint de vida dues poblacions de la comarca.","breadcrumb":{"@id":"https:\/\/www.esplac.cat\/els-agermanaments-les-noves-trobades-del-sector-maresme\/#breadcrumb"},"inLanguage":"es","potentialAction":[{"@type":"ReadAction","target":["https:\/\/www.esplac.cat\/els-agermanaments-les-noves-trobades-del-sector-maresme\/"]}]},{"@type":"ImageObject","inLanguage":"es","@id":"https:\/\/www.esplac.cat\/els-agermanaments-les-noves-trobades-del-sector-maresme\/#primaryimage","url":"https:\/\/www.esplac.cat\/wp-content\/uploads\/2025\/02\/Agermanaments_Maresme.jpg","contentUrl":"https:\/\/www.esplac.cat\/wp-content\/uploads\/2025\/02\/Agermanaments_Maresme.jpg","width":1697,"height":700},{"@type":"BreadcrumbList","@id":"https:\/\/www.esplac.cat\/els-agermanaments-les-noves-trobades-del-sector-maresme\/#breadcrumb","itemListElement":[{"@type":"ListItem","position":1,"name":"Inici","item":"https:\/\/www.esplac.cat\/es\/"},{"@type":"ListItem","position":2,"name":"Els Agermanaments, les noves trobades del Sector Maresme!"}]},{"@type":"WebSite","@id":"https:\/\/www.esplac.cat\/#website","url":"https:\/\/www.esplac.cat\/","name":"Esplac","description":"Esplais Catalans","publisher":{"@id":"https:\/\/www.esplac.cat\/#organization"},"potentialAction":[{"@type":"SearchAction","target":{"@type":"EntryPoint","urlTemplate":"https:\/\/www.esplac.cat\/?s={search_term_string}"},"query-input":{"@type":"PropertyValueSpecification","valueRequired":true,"valueName":"search_term_string"}}],"inLanguage":"es"},{"@type":"Organization","@id":"https:\/\/www.esplac.cat\/#organization","name":"Esplac","url":"https:\/\/www.esplac.cat\/","logo":{"@type":"ImageObject","inLanguage":"es","@id":"https:\/\/www.esplac.cat\/#\/schema\/logo\/image\/","url":"https:\/\/www.esplac.cat\/wp-content\/uploads\/2019\/08\/logox2.png","contentUrl":"https:\/\/www.esplac.cat\/wp-content\/uploads\/2019\/08\/logox2.png","width":600,"height":295,"caption":"Esplac"},"image":{"@id":"https:\/\/www.esplac.cat\/#\/schema\/logo\/image\/"}},{"@type":"Person","@id":"https:\/\/www.esplac.cat\/#\/schema\/person\/908383cf240be18b68f8855d0583faca","name":"Comunicaci\u00f3 Esplac","image":{"@type":"ImageObject","inLanguage":"es","@id":"https:\/\/secure.gravatar.com\/avatar\/7a4cf8feb412a76ea4a740ca02d95b06b2907b5a6c648c2dd0a1082a093c3141?s=96&d=mm&r=g","url":"https:\/\/secure.gravatar.com\/avatar\/7a4cf8feb412a76ea4a740ca02d95b06b2907b5a6c648c2dd0a1082a093c3141?s=96&d=mm&r=g","contentUrl":"https:\/\/secure.gravatar.com\/avatar\/7a4cf8feb412a76ea4a740ca02d95b06b2907b5a6c648c2dd0a1082a093c3141?s=96&d=mm&r=g","caption":"Comunicaci\u00f3 Esplac"}}]}},"_links":{"self":[{"href":"https:\/\/www.esplac.cat\/es\/wp-json\/wp\/v2\/posts\/52415","targetHints":{"allow":["GET"]}}],"collection":[{"href":"https:\/\/www.esplac.cat\/es\/wp-json\/wp\/v2\/posts"}],"about":[{"href":"https:\/\/www.esplac.cat\/es\/wp-json\/wp\/v2\/types\/post"}],"author":[{"embeddable":true,"href":"https:\/\/www.esplac.cat\/es\/wp-json\/wp\/v2\/users\/3"}],"replies":[{"embeddable":true,"href":"https:\/\/www.esplac.cat\/es\/wp-json\/wp\/v2\/comments?post=52415"}],"version-history":[{"count":2,"href":"https:\/\/www.esplac.cat\/es\/wp-json\/wp\/v2\/posts\/52415\/revisions"}],"predecessor-version":[{"id":52420,"href":"https:\/\/www.esplac.cat\/es\/wp-json\/wp\/v2\/posts\/52415\/revisions\/52420"}],"wp:featuredmedia":[{"embeddable":true,"href":"https:\/\/www.esplac.cat\/es\/wp-json\/wp\/v2\/media\/52417"}],"wp:attachment":[{"href":"https:\/\/www.esplac.cat\/es\/wp-json\/wp\/v2\/media?parent=52415"}],"wp:term":[{"taxonomy":"category","embeddable":true,"href":"https:\/\/www.esplac.cat\/es\/wp-json\/wp\/v2\/categories?post=52415"},{"taxonomy":"post_tag","embeddable":true,"href":"https:\/\/www.esplac.cat\/es\/wp-json\/wp\/v2\/tags?post=52415"}],"curies":[{"name":"wp","href":"https:\/\/api.w.org\/{rel}","templated":true}]}}