{"id":52559,"date":"2025-02-17T08:00:12","date_gmt":"2025-02-17T06:00:12","guid":{"rendered":"https:\/\/www.esplac.cat\/?p=52559"},"modified":"2025-02-18T10:11:34","modified_gmt":"2025-02-18T08:11:34","slug":"ja-us-podeu-inscriure-a-lesplaiada-2025","status":"publish","type":"post","link":"https:\/\/www.esplac.cat\/es\/ja-us-podeu-inscriure-a-lesplaiada-2025\/","title":{"rendered":"Ja us podeu inscriure a l&#8217;Esplaiada 2025!"},"content":{"rendered":"<div class=\"fusion-fullwidth fullwidth-box fusion-builder-row-1 fusion-flex-container has-pattern-background has-mask-background nonhundred-percent-fullwidth non-hundred-percent-height-scrolling\" style=\"--awb-border-radius-top-left:0px;--awb-border-radius-top-right:0px;--awb-border-radius-bottom-right:0px;--awb-border-radius-bottom-left:0px;--awb-flex-wrap:wrap;\" ><div class=\"fusion-builder-row fusion-row fusion-flex-align-items-flex-start fusion-flex-content-wrap\" style=\"max-width:1248px;margin-left: calc(-4% \/ 2 );margin-right: calc(-4% \/ 2 );\"><div class=\"fusion-layout-column fusion_builder_column fusion-builder-column-0 fusion_builder_column_1_1 1_1 fusion-flex-column\" style=\"--awb-bg-size:cover;--awb-width-large:100%;--awb-margin-top-large:0px;--awb-spacing-right-large:1.92%;--awb-margin-bottom-large:20px;--awb-spacing-left-large:1.92%;--awb-width-medium:100%;--awb-order-medium:0;--awb-spacing-right-medium:1.92%;--awb-spacing-left-medium:1.92%;--awb-width-small:100%;--awb-order-small:0;--awb-spacing-right-small:1.92%;--awb-spacing-left-small:1.92%;\"><div class=\"fusion-column-wrapper fusion-column-has-shadow fusion-flex-justify-content-flex-start fusion-content-layout-column\"><div class=\"fusion-text fusion-text-1\"><h6 style=\"text-align: left;\"><strong>Monis, des d\u2019avui ja us podeu inscriure a trav\u00e9s de l\u2019Era a l\u2019Esplaiada 2025, la trobada de tots els esplais d&#8217;Esplac que celebrarem a Vilanova i la Geltr\u00fa el cap de setmana del 16, 17 i 18 de maig!<\/strong><\/h6>\n<p>Sota el lema<em><strong> Contra el teu odi, que el terra tremoli!<\/strong><\/em> a l\u2019<span style=\"color: #f69d0b;\"><a style=\"color: #f69d0b;\" href=\"https:\/\/www.esplac.cat\/trobades\/esplaiada\/\" target=\"_blank\" rel=\"noopener\"><strong>Esplaiada 2025<\/strong><\/a><\/span> volem denunciar l\u2019auge i la generalitzaci\u00f3 dels discursos d\u2019odi i posar especial atenci\u00f3 a les eines tenim per fer-hi front, reivindicant el paper imprescindible dels esplais en la transformaci\u00f3 social. A trav\u00e9s de diferents activitats adaptades a cada grup d\u2019edat parlarem de feixisme, de racisme, d\u2019antifeminisme i sexisme, de catalanof\u00f2bia i de LGTB-f\u00f2bia.<\/p>\n<h4><span style=\"color: #f69d0b;\"><strong>Qu\u00e8 passar\u00e0 a l&#8217;Esplaiada?<\/strong><\/span><\/h4>\n<p>L&#8217;Esplaiada ser\u00e0 <strong>un cap de setmana ple d\u2019activitats<\/strong> en qu\u00e8 podreu con\u00e8ixer altres esplais d\u2019arreu de Catalunya i passar-ho d\u2019all\u00f2 m\u00e9s b\u00e9: aix\u00ed que no us ho podeu perdre! De divendres a diumenge hi ha programades moltes activitats per infants a les places i parcs, tallers per a joves a c\u00e0rrec d\u2019entitats i associacions externes i un concurs de PDs a la Nau de Joventut de la ciutat acollidora. Us hem d\u2019informar que, per obligaci\u00f3 municipal, l\u2019acc\u00e9s als concerts de joves estar\u00e0 restringit a majors de 16 anys (inclosos). Encara no s&#8217;ha decidit quines activitats alternatives hi haur\u00e0, aix\u00ed que estigueu atentes i atents!<\/p>\n<p>Recordeu que a les reunions de sector del mar\u00e7 rebreu un recurs on podreu con\u00e8ixer tot all\u00f2 que han preparat els diferents Grups de Treball i Comissions d\u2019Esplais Catalans per fer les activitats de l\u2019Esplaiada!<\/p>\n<h4><span style=\"color: #f69d0b;\"><strong>Inscripcions obertes!<\/strong><\/span><\/h4>\n<p>Ja us podeu inscriure a l&#8217;Esplaiada i <strong>teniu temps per fer-ho fins al 31 de mar\u00e7!<\/strong> La quota \u00e9s de 18\u20ac i inclou la samarreta, el transport i els seg\u00fcents \u00e0pats:<\/p>\n<blockquote>\n<p><strong>Grup de Joves<\/strong>: Berenar i sopar de dissabte, i esmorzar i dinar de diumenge.<\/p>\n<p><strong>Grups de Xics, Petits, Mitjans i Grans<\/strong>: Esmorzar i dinar de diumenge.<\/p>\n<\/blockquote>\n<p>La quota la pagar\u00e0 cada esplai i es pagar\u00e0 un cop acabi el per\u00edode d\u2019inscripci\u00f3.<\/p>\n<p>Les inscripcions les heu de fer individualment (monis) i col\u00b7lectivament (com a esplai) a trav\u00e9s de l\u2019usuari de l\u2019Era. A la inscripci\u00f3 cal indicar les franges hor\u00e0ries a les quals assistireu, el transport amb qu\u00e8 us despla\u00e7areu fins a Vilanova i la talla de la samarreta que voleu (en el cas de les inscripcions individuals la vostra i, en el cas de les col\u00b7lectives, la de cada infant i jove).<\/p>\n<p><strong>Pel que fa a les samarretes&#8230;<\/strong> Per evitar embolics amb les talles, pregunteu als vostres infants i joves quina talla volen abans de fer la comanda. En relaci\u00f3 amb el <strong>transport<\/strong>, Esplac ofereix transport a aquells esplais que tinguin m\u00e9s d\u20191\u201945h en transport p\u00fablic o que hagin de fer dos transbords.<\/p>\n<p>A les inscripcions tamb\u00e9 heu d&#8217;<strong>escollir els tallers de joves<\/strong>. Veureu que haureu de marcar dues opcions, seguint l&#8217;ordre de prefer\u00e8ncia. Feu un cop d&#8217;ull a totes les propostes!<\/p>\n<blockquote>\n<p><strong>Opressions i teatre<\/strong><\/p>\n<p><strong>El rap i la m\u00fasica contra l\u2019odi<\/strong><\/p>\n<p><strong>Les grades i l\u2019antifeixisme<\/strong><\/p>\n<p><strong>Els discursos d\u2019odi a les xarxes<\/strong><\/p>\n<p><strong>Art urb\u00e0 contra l\u2019odi<\/strong><\/p>\n<p><strong>Fotografia i lluita<\/strong><\/p>\n<p><strong>Repressi\u00f3 a les lluites<\/strong><\/p>\n<p><strong>Antiracisme i antifeixisme<\/strong><\/p>\n<\/blockquote>\n<\/div><div style=\"text-align:center;\"><a class=\"fusion-button button-flat fusion-button-default-size button-default fusion-button-default button-1 fusion-button-default-span fusion-button-default-type\" target=\"_self\" href=\"https:\/\/era.esplac.cat\/#\/gestio-personal\/activitats\/viz\/67596fd97e7a6d78f6b14119\"><span class=\"fusion-button-text\">INSCRIPCIONS!<\/span><\/a><\/div><div class=\"fusion-text fusion-text-2\"><h4><span style=\"color: #f69d0b;\"><strong>Compte <span style=\"color: #f69d0b;\">enrere<\/span> en marxa!<\/strong><\/span><\/h4>\n<p>Abans del 21 de febrer, us enviarem un <strong>v\u00eddeo amb una gravaci\u00f3 de pantalla per ajudar-vos amb el proc\u00e9s d\u2019inscripci\u00f3<\/strong>. Mentrestant, reviseu b\u00e9 la <span style=\"color: #f69d0b;\"><a style=\"color: #f69d0b;\" href=\"https:\/\/www.esplac.cat\/wp-content\/uploads\/2025\/01\/Manual-Inscripcions_Esplaiada25.pdf\" target=\"_blank\" rel=\"noopener\"><strong>guia d\u2019inscripcions<\/strong><\/a><\/span>!<\/p>\n<p>Recordeu que tota la informaci\u00f3 de l\u2019activitat la podeu trobar a la <a href=\"https:\/\/www.esplac.cat\/trobades\/esplaiada\/\" target=\"_blank\" rel=\"noopener\"><strong><span style=\"color: #f69d0b;\">p\u00e0gina web de l&#8217;Esplaiada<\/span><\/strong><\/a> i al compte d&#8217;<a href=\"https:\/\/www.instagram.com\/esplaiada\/\" target=\"_blank\" rel=\"noopener\"><strong><span style=\"color: #f69d0b;\">Instagram<\/span><\/strong><\/a> de l&#8217;activitat. Activeu les notificacions i comenceu a seguir-nos per estar al dia de tota la informaci\u00f3 actualitzada sobre l\u2019esdeveniment m\u00e9s esperat de l\u2019any!<\/p>\n<\/div><div class=\"_df_book df-lite\" id=\"df_52136\"  _slug=\"manual-dinscripcions-a-lesplaiada-2025\" data-title=\"manual-dinscripcions-a-lesplaiada-2025\" wpoptions=\"true\" thumbtype=\"\" ><\/div><script class=\"df-shortcode-script\" nowprocket type=\"application\/javascript\">window.option_df_52136 = {\"outline\":[],\"autoEnableOutline\":\"false\",\"autoEnableThumbnail\":\"false\",\"overwritePDFOutline\":\"false\",\"direction\":\"1\",\"pageSize\":\"0\",\"source\":\"https:\\\/\\\/www.esplac.cat\\\/wp-content\\\/uploads\\\/2025\\\/01\\\/Manual-Inscripcions_Esplaiada25.pdf\",\"wpOptions\":\"true\"}; if(window.DFLIP && window.DFLIP.parseBooks){window.DFLIP.parseBooks();}<\/script><\/div><\/div><\/div><\/div>\n","protected":false},"excerpt":{"rendered":"","protected":false},"author":3,"featured_media":52561,"comment_status":"closed","ping_status":"closed","sticky":false,"template":"","format":"standard","meta":{"om_disable_all_campaigns":false,"_monsterinsights_skip_tracking":false,"_monsterinsights_sitenote_active":false,"_monsterinsights_sitenote_note":"","_monsterinsights_sitenote_category":0,"_uf_show_specific_survey":0,"_uf_disable_surveys":false,"footnotes":""},"categories":[1136,1167,1],"tags":[],"class_list":["post-52559","post","type-post","status-publish","format-standard","has-post-thumbnail","hentry","category-esplaiada","category-infancia","category-sense-categoria"],"yoast_head":"<!-- This site is optimized with the Yoast SEO plugin v27.4 - https:\/\/yoast.com\/product\/yoast-seo-wordpress\/ -->\n<title>Ja us podeu inscriure a l&#039;Esplaiada 2025! - Esplac<\/title>\n<meta name=\"description\" content=\"Ja us podeu inscriure a l\u2019Esplaiada, la trobada de tots els esplais d&#039;Esplac que celebrarem a Vilanova i la Geltr\u00fa del 16, 17 i 18 de maig!\" \/>\n<meta name=\"robots\" content=\"index, follow, max-snippet:-1, max-image-preview:large, max-video-preview:-1\" \/>\n<link rel=\"canonical\" href=\"https:\/\/www.esplac.cat\/ja-us-podeu-inscriure-a-lesplaiada-2025\/\" \/>\n<meta property=\"og:locale\" content=\"es_ES\" \/>\n<meta property=\"og:type\" content=\"article\" \/>\n<meta property=\"og:title\" content=\"Ja us podeu inscriure a l&#039;Esplaiada 2025! - Esplac\" \/>\n<meta property=\"og:description\" content=\"Ja us podeu inscriure a l\u2019Esplaiada, la trobada de tots els esplais d&#039;Esplac que celebrarem a Vilanova i la Geltr\u00fa del 16, 17 i 18 de maig!\" \/>\n<meta property=\"og:url\" content=\"https:\/\/www.esplac.cat\/ja-us-podeu-inscriure-a-lesplaiada-2025\/\" \/>\n<meta property=\"og:site_name\" content=\"Esplac\" \/>\n<meta property=\"article:published_time\" content=\"2025-02-17T06:00:12+00:00\" \/>\n<meta property=\"article:modified_time\" content=\"2025-02-18T08:11:34+00:00\" \/>\n<meta property=\"og:image\" content=\"https:\/\/www.esplac.cat\/wp-content\/uploads\/2025\/02\/Esplaiada_inscripcions.jpg\" \/>\n\t<meta property=\"og:image:width\" content=\"1697\" \/>\n\t<meta property=\"og:image:height\" content=\"700\" \/>\n\t<meta property=\"og:image:type\" content=\"image\/jpeg\" \/>\n<meta name=\"author\" content=\"Comunicaci\u00f3 Esplac\" \/>\n<meta name=\"twitter:card\" content=\"summary_large_image\" \/>\n<meta name=\"twitter:label1\" content=\"Escrito por\" \/>\n\t<meta name=\"twitter:data1\" content=\"Comunicaci\u00f3 Esplac\" \/>\n\t<meta name=\"twitter:label2\" content=\"Tiempo de lectura\" \/>\n\t<meta name=\"twitter:data2\" content=\"4 minutos\" \/>\n<script type=\"application\/ld+json\" class=\"yoast-schema-graph\">{\"@context\":\"https:\\\/\\\/schema.org\",\"@graph\":[{\"@type\":\"Article\",\"@id\":\"https:\\\/\\\/www.esplac.cat\\\/ja-us-podeu-inscriure-a-lesplaiada-2025\\\/#article\",\"isPartOf\":{\"@id\":\"https:\\\/\\\/www.esplac.cat\\\/ja-us-podeu-inscriure-a-lesplaiada-2025\\\/\"},\"author\":{\"name\":\"Comunicaci\u00f3 Esplac\",\"@id\":\"https:\\\/\\\/www.esplac.cat\\\/#\\\/schema\\\/person\\\/908383cf240be18b68f8855d0583faca\"},\"headline\":\"Ja us podeu inscriure a l&#8217;Esplaiada 2025!\",\"datePublished\":\"2025-02-17T06:00:12+00:00\",\"dateModified\":\"2025-02-18T08:11:34+00:00\",\"mainEntityOfPage\":{\"@id\":\"https:\\\/\\\/www.esplac.cat\\\/ja-us-podeu-inscriure-a-lesplaiada-2025\\\/\"},\"wordCount\":1869,\"publisher\":{\"@id\":\"https:\\\/\\\/www.esplac.cat\\\/#organization\"},\"image\":{\"@id\":\"https:\\\/\\\/www.esplac.cat\\\/ja-us-podeu-inscriure-a-lesplaiada-2025\\\/#primaryimage\"},\"thumbnailUrl\":\"https:\\\/\\\/www.esplac.cat\\\/wp-content\\\/uploads\\\/2025\\\/02\\\/Esplaiada_inscripcions.jpg\",\"articleSection\":[\"Esplaiada\",\"Inf\u00e0ncia i Esplaiada\",\"Sense categoria\"],\"inLanguage\":\"es\"},{\"@type\":\"WebPage\",\"@id\":\"https:\\\/\\\/www.esplac.cat\\\/ja-us-podeu-inscriure-a-lesplaiada-2025\\\/\",\"url\":\"https:\\\/\\\/www.esplac.cat\\\/ja-us-podeu-inscriure-a-lesplaiada-2025\\\/\",\"name\":\"Ja us podeu inscriure a l'Esplaiada 2025! - Esplac\",\"isPartOf\":{\"@id\":\"https:\\\/\\\/www.esplac.cat\\\/#website\"},\"primaryImageOfPage\":{\"@id\":\"https:\\\/\\\/www.esplac.cat\\\/ja-us-podeu-inscriure-a-lesplaiada-2025\\\/#primaryimage\"},\"image\":{\"@id\":\"https:\\\/\\\/www.esplac.cat\\\/ja-us-podeu-inscriure-a-lesplaiada-2025\\\/#primaryimage\"},\"thumbnailUrl\":\"https:\\\/\\\/www.esplac.cat\\\/wp-content\\\/uploads\\\/2025\\\/02\\\/Esplaiada_inscripcions.jpg\",\"datePublished\":\"2025-02-17T06:00:12+00:00\",\"dateModified\":\"2025-02-18T08:11:34+00:00\",\"description\":\"Ja us podeu inscriure a l\u2019Esplaiada, la trobada de tots els esplais d'Esplac que celebrarem a Vilanova i la Geltr\u00fa del 16, 17 i 18 de maig!\",\"breadcrumb\":{\"@id\":\"https:\\\/\\\/www.esplac.cat\\\/ja-us-podeu-inscriure-a-lesplaiada-2025\\\/#breadcrumb\"},\"inLanguage\":\"es\",\"potentialAction\":[{\"@type\":\"ReadAction\",\"target\":[\"https:\\\/\\\/www.esplac.cat\\\/ja-us-podeu-inscriure-a-lesplaiada-2025\\\/\"]}]},{\"@type\":\"ImageObject\",\"inLanguage\":\"es\",\"@id\":\"https:\\\/\\\/www.esplac.cat\\\/ja-us-podeu-inscriure-a-lesplaiada-2025\\\/#primaryimage\",\"url\":\"https:\\\/\\\/www.esplac.cat\\\/wp-content\\\/uploads\\\/2025\\\/02\\\/Esplaiada_inscripcions.jpg\",\"contentUrl\":\"https:\\\/\\\/www.esplac.cat\\\/wp-content\\\/uploads\\\/2025\\\/02\\\/Esplaiada_inscripcions.jpg\",\"width\":1697,\"height\":700,\"caption\":\"esplaiada\"},{\"@type\":\"BreadcrumbList\",\"@id\":\"https:\\\/\\\/www.esplac.cat\\\/ja-us-podeu-inscriure-a-lesplaiada-2025\\\/#breadcrumb\",\"itemListElement\":[{\"@type\":\"ListItem\",\"position\":1,\"name\":\"Inici\",\"item\":\"https:\\\/\\\/www.esplac.cat\\\/es\\\/\"},{\"@type\":\"ListItem\",\"position\":2,\"name\":\"Ja us podeu inscriure a l&#8217;Esplaiada 2025!\"}]},{\"@type\":\"WebSite\",\"@id\":\"https:\\\/\\\/www.esplac.cat\\\/#website\",\"url\":\"https:\\\/\\\/www.esplac.cat\\\/\",\"name\":\"Esplac\",\"description\":\"Esplais Catalans\",\"publisher\":{\"@id\":\"https:\\\/\\\/www.esplac.cat\\\/#organization\"},\"potentialAction\":[{\"@type\":\"SearchAction\",\"target\":{\"@type\":\"EntryPoint\",\"urlTemplate\":\"https:\\\/\\\/www.esplac.cat\\\/?s={search_term_string}\"},\"query-input\":{\"@type\":\"PropertyValueSpecification\",\"valueRequired\":true,\"valueName\":\"search_term_string\"}}],\"inLanguage\":\"es\"},{\"@type\":\"Organization\",\"@id\":\"https:\\\/\\\/www.esplac.cat\\\/#organization\",\"name\":\"Esplac\",\"url\":\"https:\\\/\\\/www.esplac.cat\\\/\",\"logo\":{\"@type\":\"ImageObject\",\"inLanguage\":\"es\",\"@id\":\"https:\\\/\\\/www.esplac.cat\\\/#\\\/schema\\\/logo\\\/image\\\/\",\"url\":\"https:\\\/\\\/www.esplac.cat\\\/wp-content\\\/uploads\\\/2019\\\/08\\\/logox2.png\",\"contentUrl\":\"https:\\\/\\\/www.esplac.cat\\\/wp-content\\\/uploads\\\/2019\\\/08\\\/logox2.png\",\"width\":600,\"height\":295,\"caption\":\"Esplac\"},\"image\":{\"@id\":\"https:\\\/\\\/www.esplac.cat\\\/#\\\/schema\\\/logo\\\/image\\\/\"}},{\"@type\":\"Person\",\"@id\":\"https:\\\/\\\/www.esplac.cat\\\/#\\\/schema\\\/person\\\/908383cf240be18b68f8855d0583faca\",\"name\":\"Comunicaci\u00f3 Esplac\",\"image\":{\"@type\":\"ImageObject\",\"inLanguage\":\"es\",\"@id\":\"https:\\\/\\\/secure.gravatar.com\\\/avatar\\\/7a4cf8feb412a76ea4a740ca02d95b06b2907b5a6c648c2dd0a1082a093c3141?s=96&d=mm&r=g\",\"url\":\"https:\\\/\\\/secure.gravatar.com\\\/avatar\\\/7a4cf8feb412a76ea4a740ca02d95b06b2907b5a6c648c2dd0a1082a093c3141?s=96&d=mm&r=g\",\"contentUrl\":\"https:\\\/\\\/secure.gravatar.com\\\/avatar\\\/7a4cf8feb412a76ea4a740ca02d95b06b2907b5a6c648c2dd0a1082a093c3141?s=96&d=mm&r=g\",\"caption\":\"Comunicaci\u00f3 Esplac\"}}]}<\/script>\n<!-- \/ Yoast SEO plugin. -->","yoast_head_json":{"title":"Ja us podeu inscriure a l'Esplaiada 2025! - Esplac","description":"Ja us podeu inscriure a l\u2019Esplaiada, la trobada de tots els esplais d'Esplac que celebrarem a Vilanova i la Geltr\u00fa del 16, 17 i 18 de maig!","robots":{"index":"index","follow":"follow","max-snippet":"max-snippet:-1","max-image-preview":"max-image-preview:large","max-video-preview":"max-video-preview:-1"},"canonical":"https:\/\/www.esplac.cat\/ja-us-podeu-inscriure-a-lesplaiada-2025\/","og_locale":"es_ES","og_type":"article","og_title":"Ja us podeu inscriure a l'Esplaiada 2025! - Esplac","og_description":"Ja us podeu inscriure a l\u2019Esplaiada, la trobada de tots els esplais d'Esplac que celebrarem a Vilanova i la Geltr\u00fa del 16, 17 i 18 de maig!","og_url":"https:\/\/www.esplac.cat\/ja-us-podeu-inscriure-a-lesplaiada-2025\/","og_site_name":"Esplac","article_published_time":"2025-02-17T06:00:12+00:00","article_modified_time":"2025-02-18T08:11:34+00:00","og_image":[{"width":1697,"height":700,"url":"https:\/\/www.esplac.cat\/wp-content\/uploads\/2025\/02\/Esplaiada_inscripcions.jpg","type":"image\/jpeg"}],"author":"Comunicaci\u00f3 Esplac","twitter_card":"summary_large_image","twitter_misc":{"Escrito por":"Comunicaci\u00f3 Esplac","Tiempo de lectura":"4 minutos"},"schema":{"@context":"https:\/\/schema.org","@graph":[{"@type":"Article","@id":"https:\/\/www.esplac.cat\/ja-us-podeu-inscriure-a-lesplaiada-2025\/#article","isPartOf":{"@id":"https:\/\/www.esplac.cat\/ja-us-podeu-inscriure-a-lesplaiada-2025\/"},"author":{"name":"Comunicaci\u00f3 Esplac","@id":"https:\/\/www.esplac.cat\/#\/schema\/person\/908383cf240be18b68f8855d0583faca"},"headline":"Ja us podeu inscriure a l&#8217;Esplaiada 2025!","datePublished":"2025-02-17T06:00:12+00:00","dateModified":"2025-02-18T08:11:34+00:00","mainEntityOfPage":{"@id":"https:\/\/www.esplac.cat\/ja-us-podeu-inscriure-a-lesplaiada-2025\/"},"wordCount":1869,"publisher":{"@id":"https:\/\/www.esplac.cat\/#organization"},"image":{"@id":"https:\/\/www.esplac.cat\/ja-us-podeu-inscriure-a-lesplaiada-2025\/#primaryimage"},"thumbnailUrl":"https:\/\/www.esplac.cat\/wp-content\/uploads\/2025\/02\/Esplaiada_inscripcions.jpg","articleSection":["Esplaiada","Inf\u00e0ncia i Esplaiada","Sense categoria"],"inLanguage":"es"},{"@type":"WebPage","@id":"https:\/\/www.esplac.cat\/ja-us-podeu-inscriure-a-lesplaiada-2025\/","url":"https:\/\/www.esplac.cat\/ja-us-podeu-inscriure-a-lesplaiada-2025\/","name":"Ja us podeu inscriure a l'Esplaiada 2025! - Esplac","isPartOf":{"@id":"https:\/\/www.esplac.cat\/#website"},"primaryImageOfPage":{"@id":"https:\/\/www.esplac.cat\/ja-us-podeu-inscriure-a-lesplaiada-2025\/#primaryimage"},"image":{"@id":"https:\/\/www.esplac.cat\/ja-us-podeu-inscriure-a-lesplaiada-2025\/#primaryimage"},"thumbnailUrl":"https:\/\/www.esplac.cat\/wp-content\/uploads\/2025\/02\/Esplaiada_inscripcions.jpg","datePublished":"2025-02-17T06:00:12+00:00","dateModified":"2025-02-18T08:11:34+00:00","description":"Ja us podeu inscriure a l\u2019Esplaiada, la trobada de tots els esplais d'Esplac que celebrarem a Vilanova i la Geltr\u00fa del 16, 17 i 18 de maig!","breadcrumb":{"@id":"https:\/\/www.esplac.cat\/ja-us-podeu-inscriure-a-lesplaiada-2025\/#breadcrumb"},"inLanguage":"es","potentialAction":[{"@type":"ReadAction","target":["https:\/\/www.esplac.cat\/ja-us-podeu-inscriure-a-lesplaiada-2025\/"]}]},{"@type":"ImageObject","inLanguage":"es","@id":"https:\/\/www.esplac.cat\/ja-us-podeu-inscriure-a-lesplaiada-2025\/#primaryimage","url":"https:\/\/www.esplac.cat\/wp-content\/uploads\/2025\/02\/Esplaiada_inscripcions.jpg","contentUrl":"https:\/\/www.esplac.cat\/wp-content\/uploads\/2025\/02\/Esplaiada_inscripcions.jpg","width":1697,"height":700,"caption":"esplaiada"},{"@type":"BreadcrumbList","@id":"https:\/\/www.esplac.cat\/ja-us-podeu-inscriure-a-lesplaiada-2025\/#breadcrumb","itemListElement":[{"@type":"ListItem","position":1,"name":"Inici","item":"https:\/\/www.esplac.cat\/es\/"},{"@type":"ListItem","position":2,"name":"Ja us podeu inscriure a l&#8217;Esplaiada 2025!"}]},{"@type":"WebSite","@id":"https:\/\/www.esplac.cat\/#website","url":"https:\/\/www.esplac.cat\/","name":"Esplac","description":"Esplais Catalans","publisher":{"@id":"https:\/\/www.esplac.cat\/#organization"},"potentialAction":[{"@type":"SearchAction","target":{"@type":"EntryPoint","urlTemplate":"https:\/\/www.esplac.cat\/?s={search_term_string}"},"query-input":{"@type":"PropertyValueSpecification","valueRequired":true,"valueName":"search_term_string"}}],"inLanguage":"es"},{"@type":"Organization","@id":"https:\/\/www.esplac.cat\/#organization","name":"Esplac","url":"https:\/\/www.esplac.cat\/","logo":{"@type":"ImageObject","inLanguage":"es","@id":"https:\/\/www.esplac.cat\/#\/schema\/logo\/image\/","url":"https:\/\/www.esplac.cat\/wp-content\/uploads\/2019\/08\/logox2.png","contentUrl":"https:\/\/www.esplac.cat\/wp-content\/uploads\/2019\/08\/logox2.png","width":600,"height":295,"caption":"Esplac"},"image":{"@id":"https:\/\/www.esplac.cat\/#\/schema\/logo\/image\/"}},{"@type":"Person","@id":"https:\/\/www.esplac.cat\/#\/schema\/person\/908383cf240be18b68f8855d0583faca","name":"Comunicaci\u00f3 Esplac","image":{"@type":"ImageObject","inLanguage":"es","@id":"https:\/\/secure.gravatar.com\/avatar\/7a4cf8feb412a76ea4a740ca02d95b06b2907b5a6c648c2dd0a1082a093c3141?s=96&d=mm&r=g","url":"https:\/\/secure.gravatar.com\/avatar\/7a4cf8feb412a76ea4a740ca02d95b06b2907b5a6c648c2dd0a1082a093c3141?s=96&d=mm&r=g","contentUrl":"https:\/\/secure.gravatar.com\/avatar\/7a4cf8feb412a76ea4a740ca02d95b06b2907b5a6c648c2dd0a1082a093c3141?s=96&d=mm&r=g","caption":"Comunicaci\u00f3 Esplac"}}]}},"_links":{"self":[{"href":"https:\/\/www.esplac.cat\/es\/wp-json\/wp\/v2\/posts\/52559","targetHints":{"allow":["GET"]}}],"collection":[{"href":"https:\/\/www.esplac.cat\/es\/wp-json\/wp\/v2\/posts"}],"about":[{"href":"https:\/\/www.esplac.cat\/es\/wp-json\/wp\/v2\/types\/post"}],"author":[{"embeddable":true,"href":"https:\/\/www.esplac.cat\/es\/wp-json\/wp\/v2\/users\/3"}],"replies":[{"embeddable":true,"href":"https:\/\/www.esplac.cat\/es\/wp-json\/wp\/v2\/comments?post=52559"}],"version-history":[{"count":11,"href":"https:\/\/www.esplac.cat\/es\/wp-json\/wp\/v2\/posts\/52559\/revisions"}],"predecessor-version":[{"id":52574,"href":"https:\/\/www.esplac.cat\/es\/wp-json\/wp\/v2\/posts\/52559\/revisions\/52574"}],"wp:featuredmedia":[{"embeddable":true,"href":"https:\/\/www.esplac.cat\/es\/wp-json\/wp\/v2\/media\/52561"}],"wp:attachment":[{"href":"https:\/\/www.esplac.cat\/es\/wp-json\/wp\/v2\/media?parent=52559"}],"wp:term":[{"taxonomy":"category","embeddable":true,"href":"https:\/\/www.esplac.cat\/es\/wp-json\/wp\/v2\/categories?post=52559"},{"taxonomy":"post_tag","embeddable":true,"href":"https:\/\/www.esplac.cat\/es\/wp-json\/wp\/v2\/tags?post=52559"}],"curies":[{"name":"wp","href":"https:\/\/api.w.org\/{rel}","templated":true}]}}