{"id":52716,"date":"2025-02-27T10:18:11","date_gmt":"2025-02-27T08:18:11","guid":{"rendered":"https:\/\/www.esplac.cat\/?p=52716"},"modified":"2025-02-27T10:22:56","modified_gmt":"2025-02-27T08:22:56","slug":"sectors-penedes-garraf-anoia-baix-besos-formarfutures-monis","status":"publish","type":"post","link":"https:\/\/www.esplac.cat\/es\/sectors-penedes-garraf-anoia-baix-besos-formarfutures-monis\/","title":{"rendered":"Els sectors Pened\u00e8s, Garraf i Anoia i el Baix Bes\u00f2s es reuneixen per formar a les futures monitores i monitors"},"content":{"rendered":"<div class=\"fusion-fullwidth fullwidth-box fusion-builder-row-1 fusion-flex-container has-pattern-background has-mask-background nonhundred-percent-fullwidth non-hundred-percent-height-scrolling\" style=\"--awb-border-radius-top-left:0px;--awb-border-radius-top-right:0px;--awb-border-radius-bottom-right:0px;--awb-border-radius-bottom-left:0px;--awb-flex-wrap:wrap;\" ><div class=\"fusion-builder-row fusion-row fusion-flex-align-items-flex-start fusion-flex-content-wrap\" style=\"max-width:1248px;margin-left: calc(-4% \/ 2 );margin-right: calc(-4% \/ 2 );\"><div class=\"fusion-layout-column fusion_builder_column fusion-builder-column-0 fusion_builder_column_1_1 1_1 fusion-flex-column\" style=\"--awb-bg-size:cover;--awb-width-large:100%;--awb-margin-top-large:0px;--awb-spacing-right-large:1.92%;--awb-margin-bottom-large:20px;--awb-spacing-left-large:1.92%;--awb-width-medium:100%;--awb-order-medium:0;--awb-spacing-right-medium:1.92%;--awb-spacing-left-medium:1.92%;--awb-width-small:100%;--awb-order-small:0;--awb-spacing-right-small:1.92%;--awb-spacing-left-small:1.92%;\"><div class=\"fusion-column-wrapper fusion-column-has-shadow fusion-flex-justify-content-flex-start fusion-content-layout-column\"><div class=\"fusion-text fusion-text-1\"><h6><strong>La participaci\u00f3 i el relleu han estat les tem\u00e0tiques protagonistes dels debats durant el CIM intersectorial dels sectors Pened\u00e8s, Garraf i Anoia i Baix Bes\u00f2s.<\/strong><\/h6>\n<p>Enguany el <span style=\"color: #f69d0b;\"><a style=\"color: #f69d0b;\" href=\"https:\/\/www.esplac.cat\/sectors-geografics\/penedes-garraf-i-anoia\/\" target=\"_blank\" rel=\"noopener\"><strong>Sector Pened\u00e8s, Garraf i Anoia<\/strong><\/a><\/span> i el <span style=\"color: #f69d0b;\"><a style=\"color: #f69d0b;\" href=\"https:\/\/www.esplac.cat\/sectors-geografics\/baix-besos\/\" target=\"_blank\" rel=\"noopener\"><strong>Sector Baix Bes\u00f2s<\/strong><\/a> <\/span>s\u2019han organitzat per celebrar un <strong>Curs d&#8217;Iniciaci\u00f3 al Monitoratge<\/strong> (<strong>CIM) intersectorial<\/strong>. Un espai on formar col\u00b7lectivament a aquelles monitores i monitors que prenen aquest rol per primer cop i, en altres casos, aquelles joves que ho seran l\u2019any que ve.<\/p>\n<p>El CIM ha comen\u00e7at amb unes activitats de coneixen\u00e7a i cohesi\u00f3 a l\u2019Alberg Municipal de Joventut de Vilafranca, on hi han passat tot el cap de setmana.<\/p>\n<p>La jornada ha continuat amb l\u2019arribada de la <span style=\"color: #f69d0b;\"><strong><a style=\"color: #f69d0b;\" href=\"https:\/\/www.ferrerguardia.org\/ca_ES\" target=\"_blank\" rel=\"noopener\">Fundaci\u00f3 Ferrer i Gu\u00e0rdia<\/a><\/strong>.<\/span> Ja fa mesos que Esplac estem participant en un estudi que t\u00e9 per objectiu identificar i <strong>definir de manera detallada els reptes de les entitats de base associativa en relaci\u00f3 amb els \u00e0mbits de la participaci\u00f3, el relleu i el comprom\u00eds dels equips<\/strong>, tenint en compte les realitats diverses de les entitats de base i dels agents implicats. Aix\u00ed doncs, joves i premonis han participat d\u2019una din\u00e0mica proposada per la Fundaci\u00f3 en la qual han parlat sobre les expectatives que tenen respecte a la tasca de monitoratge, concretament pel que fa a la participaci\u00f3, el relleu i el comprom\u00eds.<\/p>\n<p>A m\u00e9s, tant dissabte a la tarda, com diumenge al mat\u00ed, les joves han continuat amb les <strong>formacions<\/strong>, aquest cop, proposades per les mateixes monitores i monitors dels esplais. Les formacions han tractat diverses q\u00fcestions: salut mental, masculinitats alternatives, feminisme, creaci\u00f3 d\u2019activitats i jocs, assemblearisme\u2026<\/p>\n<p>Aix\u00ed doncs, ha sigut un cap de setmana en el qual s\u2019han generat molts debats, entre els quals, <strong>els temes m\u00e9s presents han sigut la participaci\u00f3 pol\u00edtica i el relleu<\/strong>. De la mateixa manera, s\u2019ha concl\u00f2s que \u00e9s de gran import\u00e0ncia tenir en compte totes aquelles esferes que afecten el desenvolupament de l\u2019infant i el paper que hi t\u00e9 l\u2019esplai en aquest proc\u00e9s. Com podeu veure, ha sigut un espai molt enriquidor, del qual les joves han sortit molt formades!<\/p>\n<\/div><\/div><\/div><\/div><\/div>\n","protected":false},"excerpt":{"rendered":"","protected":false},"author":3,"featured_media":52718,"comment_status":"closed","ping_status":"closed","sticky":false,"template":"","format":"standard","meta":{"om_disable_all_campaigns":false,"_monsterinsights_skip_tracking":false,"_monsterinsights_sitenote_active":false,"_monsterinsights_sitenote_note":"","_monsterinsights_sitenote_category":0,"_uf_show_specific_survey":0,"_uf_disable_surveys":false,"footnotes":""},"categories":[1110,1132,1123,1],"tags":[],"class_list":["post-52716","post","type-post","status-publish","format-standard","has-post-thumbnail","hentry","category-activitats-sectors","category-baix-besos","category-sector-penedes-garraf-anoia","category-sense-categoria"],"yoast_head":"<!-- This site is optimized with the Yoast SEO plugin v27.4 - https:\/\/yoast.com\/product\/yoast-seo-wordpress\/ -->\n<title>Els sectors PGA i el BBs es reuneixen per formar les futures monis<\/title>\n<meta name=\"description\" content=\"La participaci\u00f3 i el relleu han estat les tem\u00e0tiques protagonistes al CIM intersectorial dels sectors Pened\u00e8s, Garraf i Anoia i Baix Bes\u00f2s.\" \/>\n<meta name=\"robots\" content=\"index, follow, max-snippet:-1, max-image-preview:large, max-video-preview:-1\" \/>\n<link rel=\"canonical\" href=\"https:\/\/www.esplac.cat\/sectors-penedes-garraf-anoia-baix-besos-formarfutures-monis\/\" \/>\n<meta property=\"og:locale\" content=\"es_ES\" \/>\n<meta property=\"og:type\" content=\"article\" \/>\n<meta property=\"og:title\" content=\"Els sectors PGA i el BBs es reuneixen per formar les futures monis\" \/>\n<meta property=\"og:description\" content=\"La participaci\u00f3 i el relleu han estat les tem\u00e0tiques protagonistes al CIM intersectorial dels sectors Pened\u00e8s, Garraf i Anoia i Baix Bes\u00f2s.\" \/>\n<meta property=\"og:url\" content=\"https:\/\/www.esplac.cat\/sectors-penedes-garraf-anoia-baix-besos-formarfutures-monis\/\" \/>\n<meta property=\"og:site_name\" content=\"Esplac\" \/>\n<meta property=\"article:published_time\" content=\"2025-02-27T08:18:11+00:00\" \/>\n<meta property=\"article:modified_time\" content=\"2025-02-27T08:22:56+00:00\" \/>\n<meta property=\"og:image\" content=\"https:\/\/www.esplac.cat\/wp-content\/uploads\/2025\/02\/CIM-PGA-i-BBS.jpg\" \/>\n\t<meta property=\"og:image:width\" content=\"1697\" \/>\n\t<meta property=\"og:image:height\" content=\"700\" \/>\n\t<meta property=\"og:image:type\" content=\"image\/jpeg\" \/>\n<meta name=\"author\" content=\"Comunicaci\u00f3 Esplac\" \/>\n<meta name=\"twitter:card\" content=\"summary_large_image\" \/>\n<meta name=\"twitter:label1\" content=\"Escrito por\" \/>\n\t<meta name=\"twitter:data1\" content=\"Comunicaci\u00f3 Esplac\" \/>\n\t<meta name=\"twitter:label2\" content=\"Tiempo de lectura\" \/>\n\t<meta name=\"twitter:data2\" content=\"2 minutos\" \/>\n<script type=\"application\/ld+json\" class=\"yoast-schema-graph\">{\"@context\":\"https:\\\/\\\/schema.org\",\"@graph\":[{\"@type\":\"Article\",\"@id\":\"https:\\\/\\\/www.esplac.cat\\\/sectors-penedes-garraf-anoia-baix-besos-formarfutures-monis\\\/#article\",\"isPartOf\":{\"@id\":\"https:\\\/\\\/www.esplac.cat\\\/sectors-penedes-garraf-anoia-baix-besos-formarfutures-monis\\\/\"},\"author\":{\"name\":\"Comunicaci\u00f3 Esplac\",\"@id\":\"https:\\\/\\\/www.esplac.cat\\\/#\\\/schema\\\/person\\\/908383cf240be18b68f8855d0583faca\"},\"headline\":\"Els sectors Pened\u00e8s, Garraf i Anoia i el Baix Bes\u00f2s es reuneixen per formar a les futures monitores i monitors\",\"datePublished\":\"2025-02-27T08:18:11+00:00\",\"dateModified\":\"2025-02-27T08:22:56+00:00\",\"mainEntityOfPage\":{\"@id\":\"https:\\\/\\\/www.esplac.cat\\\/sectors-penedes-garraf-anoia-baix-besos-formarfutures-monis\\\/\"},\"wordCount\":1349,\"publisher\":{\"@id\":\"https:\\\/\\\/www.esplac.cat\\\/#organization\"},\"image\":{\"@id\":\"https:\\\/\\\/www.esplac.cat\\\/sectors-penedes-garraf-anoia-baix-besos-formarfutures-monis\\\/#primaryimage\"},\"thumbnailUrl\":\"https:\\\/\\\/www.esplac.cat\\\/wp-content\\\/uploads\\\/2025\\\/02\\\/CIM-PGA-i-BBS.jpg\",\"articleSection\":[\"Activitats sectors\",\"Sector Baix Bes\u00f2s\",\"Sector Pened\u00e8s, Garraf i Anoia\",\"Sense categoria\"],\"inLanguage\":\"es\"},{\"@type\":\"WebPage\",\"@id\":\"https:\\\/\\\/www.esplac.cat\\\/sectors-penedes-garraf-anoia-baix-besos-formarfutures-monis\\\/\",\"url\":\"https:\\\/\\\/www.esplac.cat\\\/sectors-penedes-garraf-anoia-baix-besos-formarfutures-monis\\\/\",\"name\":\"Els sectors PGA i el BBs es reuneixen per formar les futures monis\",\"isPartOf\":{\"@id\":\"https:\\\/\\\/www.esplac.cat\\\/#website\"},\"primaryImageOfPage\":{\"@id\":\"https:\\\/\\\/www.esplac.cat\\\/sectors-penedes-garraf-anoia-baix-besos-formarfutures-monis\\\/#primaryimage\"},\"image\":{\"@id\":\"https:\\\/\\\/www.esplac.cat\\\/sectors-penedes-garraf-anoia-baix-besos-formarfutures-monis\\\/#primaryimage\"},\"thumbnailUrl\":\"https:\\\/\\\/www.esplac.cat\\\/wp-content\\\/uploads\\\/2025\\\/02\\\/CIM-PGA-i-BBS.jpg\",\"datePublished\":\"2025-02-27T08:18:11+00:00\",\"dateModified\":\"2025-02-27T08:22:56+00:00\",\"description\":\"La participaci\u00f3 i el relleu han estat les tem\u00e0tiques protagonistes al CIM intersectorial dels sectors Pened\u00e8s, Garraf i Anoia i Baix Bes\u00f2s.\",\"breadcrumb\":{\"@id\":\"https:\\\/\\\/www.esplac.cat\\\/sectors-penedes-garraf-anoia-baix-besos-formarfutures-monis\\\/#breadcrumb\"},\"inLanguage\":\"es\",\"potentialAction\":[{\"@type\":\"ReadAction\",\"target\":[\"https:\\\/\\\/www.esplac.cat\\\/sectors-penedes-garraf-anoia-baix-besos-formarfutures-monis\\\/\"]}]},{\"@type\":\"ImageObject\",\"inLanguage\":\"es\",\"@id\":\"https:\\\/\\\/www.esplac.cat\\\/sectors-penedes-garraf-anoia-baix-besos-formarfutures-monis\\\/#primaryimage\",\"url\":\"https:\\\/\\\/www.esplac.cat\\\/wp-content\\\/uploads\\\/2025\\\/02\\\/CIM-PGA-i-BBS.jpg\",\"contentUrl\":\"https:\\\/\\\/www.esplac.cat\\\/wp-content\\\/uploads\\\/2025\\\/02\\\/CIM-PGA-i-BBS.jpg\",\"width\":1697,\"height\":700,\"caption\":\"sectors\"},{\"@type\":\"BreadcrumbList\",\"@id\":\"https:\\\/\\\/www.esplac.cat\\\/sectors-penedes-garraf-anoia-baix-besos-formarfutures-monis\\\/#breadcrumb\",\"itemListElement\":[{\"@type\":\"ListItem\",\"position\":1,\"name\":\"Inici\",\"item\":\"https:\\\/\\\/www.esplac.cat\\\/es\\\/\"},{\"@type\":\"ListItem\",\"position\":2,\"name\":\"Els sectors Pened\u00e8s, Garraf i Anoia i el Baix Bes\u00f2s es reuneixen per formar a les futures monitores i monitors\"}]},{\"@type\":\"WebSite\",\"@id\":\"https:\\\/\\\/www.esplac.cat\\\/#website\",\"url\":\"https:\\\/\\\/www.esplac.cat\\\/\",\"name\":\"Esplac\",\"description\":\"Esplais Catalans\",\"publisher\":{\"@id\":\"https:\\\/\\\/www.esplac.cat\\\/#organization\"},\"potentialAction\":[{\"@type\":\"SearchAction\",\"target\":{\"@type\":\"EntryPoint\",\"urlTemplate\":\"https:\\\/\\\/www.esplac.cat\\\/?s={search_term_string}\"},\"query-input\":{\"@type\":\"PropertyValueSpecification\",\"valueRequired\":true,\"valueName\":\"search_term_string\"}}],\"inLanguage\":\"es\"},{\"@type\":\"Organization\",\"@id\":\"https:\\\/\\\/www.esplac.cat\\\/#organization\",\"name\":\"Esplac\",\"url\":\"https:\\\/\\\/www.esplac.cat\\\/\",\"logo\":{\"@type\":\"ImageObject\",\"inLanguage\":\"es\",\"@id\":\"https:\\\/\\\/www.esplac.cat\\\/#\\\/schema\\\/logo\\\/image\\\/\",\"url\":\"https:\\\/\\\/www.esplac.cat\\\/wp-content\\\/uploads\\\/2019\\\/08\\\/logox2.png\",\"contentUrl\":\"https:\\\/\\\/www.esplac.cat\\\/wp-content\\\/uploads\\\/2019\\\/08\\\/logox2.png\",\"width\":600,\"height\":295,\"caption\":\"Esplac\"},\"image\":{\"@id\":\"https:\\\/\\\/www.esplac.cat\\\/#\\\/schema\\\/logo\\\/image\\\/\"}},{\"@type\":\"Person\",\"@id\":\"https:\\\/\\\/www.esplac.cat\\\/#\\\/schema\\\/person\\\/908383cf240be18b68f8855d0583faca\",\"name\":\"Comunicaci\u00f3 Esplac\",\"image\":{\"@type\":\"ImageObject\",\"inLanguage\":\"es\",\"@id\":\"https:\\\/\\\/secure.gravatar.com\\\/avatar\\\/7a4cf8feb412a76ea4a740ca02d95b06b2907b5a6c648c2dd0a1082a093c3141?s=96&d=mm&r=g\",\"url\":\"https:\\\/\\\/secure.gravatar.com\\\/avatar\\\/7a4cf8feb412a76ea4a740ca02d95b06b2907b5a6c648c2dd0a1082a093c3141?s=96&d=mm&r=g\",\"contentUrl\":\"https:\\\/\\\/secure.gravatar.com\\\/avatar\\\/7a4cf8feb412a76ea4a740ca02d95b06b2907b5a6c648c2dd0a1082a093c3141?s=96&d=mm&r=g\",\"caption\":\"Comunicaci\u00f3 Esplac\"}}]}<\/script>\n<!-- \/ Yoast SEO plugin. -->","yoast_head_json":{"title":"Els sectors PGA i el BBs es reuneixen per formar les futures monis","description":"La participaci\u00f3 i el relleu han estat les tem\u00e0tiques protagonistes al CIM intersectorial dels sectors Pened\u00e8s, Garraf i Anoia i Baix Bes\u00f2s.","robots":{"index":"index","follow":"follow","max-snippet":"max-snippet:-1","max-image-preview":"max-image-preview:large","max-video-preview":"max-video-preview:-1"},"canonical":"https:\/\/www.esplac.cat\/sectors-penedes-garraf-anoia-baix-besos-formarfutures-monis\/","og_locale":"es_ES","og_type":"article","og_title":"Els sectors PGA i el BBs es reuneixen per formar les futures monis","og_description":"La participaci\u00f3 i el relleu han estat les tem\u00e0tiques protagonistes al CIM intersectorial dels sectors Pened\u00e8s, Garraf i Anoia i Baix Bes\u00f2s.","og_url":"https:\/\/www.esplac.cat\/sectors-penedes-garraf-anoia-baix-besos-formarfutures-monis\/","og_site_name":"Esplac","article_published_time":"2025-02-27T08:18:11+00:00","article_modified_time":"2025-02-27T08:22:56+00:00","og_image":[{"width":1697,"height":700,"url":"https:\/\/www.esplac.cat\/wp-content\/uploads\/2025\/02\/CIM-PGA-i-BBS.jpg","type":"image\/jpeg"}],"author":"Comunicaci\u00f3 Esplac","twitter_card":"summary_large_image","twitter_misc":{"Escrito por":"Comunicaci\u00f3 Esplac","Tiempo de lectura":"2 minutos"},"schema":{"@context":"https:\/\/schema.org","@graph":[{"@type":"Article","@id":"https:\/\/www.esplac.cat\/sectors-penedes-garraf-anoia-baix-besos-formarfutures-monis\/#article","isPartOf":{"@id":"https:\/\/www.esplac.cat\/sectors-penedes-garraf-anoia-baix-besos-formarfutures-monis\/"},"author":{"name":"Comunicaci\u00f3 Esplac","@id":"https:\/\/www.esplac.cat\/#\/schema\/person\/908383cf240be18b68f8855d0583faca"},"headline":"Els sectors Pened\u00e8s, Garraf i Anoia i el Baix Bes\u00f2s es reuneixen per formar a les futures monitores i monitors","datePublished":"2025-02-27T08:18:11+00:00","dateModified":"2025-02-27T08:22:56+00:00","mainEntityOfPage":{"@id":"https:\/\/www.esplac.cat\/sectors-penedes-garraf-anoia-baix-besos-formarfutures-monis\/"},"wordCount":1349,"publisher":{"@id":"https:\/\/www.esplac.cat\/#organization"},"image":{"@id":"https:\/\/www.esplac.cat\/sectors-penedes-garraf-anoia-baix-besos-formarfutures-monis\/#primaryimage"},"thumbnailUrl":"https:\/\/www.esplac.cat\/wp-content\/uploads\/2025\/02\/CIM-PGA-i-BBS.jpg","articleSection":["Activitats sectors","Sector Baix Bes\u00f2s","Sector Pened\u00e8s, Garraf i Anoia","Sense categoria"],"inLanguage":"es"},{"@type":"WebPage","@id":"https:\/\/www.esplac.cat\/sectors-penedes-garraf-anoia-baix-besos-formarfutures-monis\/","url":"https:\/\/www.esplac.cat\/sectors-penedes-garraf-anoia-baix-besos-formarfutures-monis\/","name":"Els sectors PGA i el BBs es reuneixen per formar les futures monis","isPartOf":{"@id":"https:\/\/www.esplac.cat\/#website"},"primaryImageOfPage":{"@id":"https:\/\/www.esplac.cat\/sectors-penedes-garraf-anoia-baix-besos-formarfutures-monis\/#primaryimage"},"image":{"@id":"https:\/\/www.esplac.cat\/sectors-penedes-garraf-anoia-baix-besos-formarfutures-monis\/#primaryimage"},"thumbnailUrl":"https:\/\/www.esplac.cat\/wp-content\/uploads\/2025\/02\/CIM-PGA-i-BBS.jpg","datePublished":"2025-02-27T08:18:11+00:00","dateModified":"2025-02-27T08:22:56+00:00","description":"La participaci\u00f3 i el relleu han estat les tem\u00e0tiques protagonistes al CIM intersectorial dels sectors Pened\u00e8s, Garraf i Anoia i Baix Bes\u00f2s.","breadcrumb":{"@id":"https:\/\/www.esplac.cat\/sectors-penedes-garraf-anoia-baix-besos-formarfutures-monis\/#breadcrumb"},"inLanguage":"es","potentialAction":[{"@type":"ReadAction","target":["https:\/\/www.esplac.cat\/sectors-penedes-garraf-anoia-baix-besos-formarfutures-monis\/"]}]},{"@type":"ImageObject","inLanguage":"es","@id":"https:\/\/www.esplac.cat\/sectors-penedes-garraf-anoia-baix-besos-formarfutures-monis\/#primaryimage","url":"https:\/\/www.esplac.cat\/wp-content\/uploads\/2025\/02\/CIM-PGA-i-BBS.jpg","contentUrl":"https:\/\/www.esplac.cat\/wp-content\/uploads\/2025\/02\/CIM-PGA-i-BBS.jpg","width":1697,"height":700,"caption":"sectors"},{"@type":"BreadcrumbList","@id":"https:\/\/www.esplac.cat\/sectors-penedes-garraf-anoia-baix-besos-formarfutures-monis\/#breadcrumb","itemListElement":[{"@type":"ListItem","position":1,"name":"Inici","item":"https:\/\/www.esplac.cat\/es\/"},{"@type":"ListItem","position":2,"name":"Els sectors Pened\u00e8s, Garraf i Anoia i el Baix Bes\u00f2s es reuneixen per formar a les futures monitores i monitors"}]},{"@type":"WebSite","@id":"https:\/\/www.esplac.cat\/#website","url":"https:\/\/www.esplac.cat\/","name":"Esplac","description":"Esplais Catalans","publisher":{"@id":"https:\/\/www.esplac.cat\/#organization"},"potentialAction":[{"@type":"SearchAction","target":{"@type":"EntryPoint","urlTemplate":"https:\/\/www.esplac.cat\/?s={search_term_string}"},"query-input":{"@type":"PropertyValueSpecification","valueRequired":true,"valueName":"search_term_string"}}],"inLanguage":"es"},{"@type":"Organization","@id":"https:\/\/www.esplac.cat\/#organization","name":"Esplac","url":"https:\/\/www.esplac.cat\/","logo":{"@type":"ImageObject","inLanguage":"es","@id":"https:\/\/www.esplac.cat\/#\/schema\/logo\/image\/","url":"https:\/\/www.esplac.cat\/wp-content\/uploads\/2019\/08\/logox2.png","contentUrl":"https:\/\/www.esplac.cat\/wp-content\/uploads\/2019\/08\/logox2.png","width":600,"height":295,"caption":"Esplac"},"image":{"@id":"https:\/\/www.esplac.cat\/#\/schema\/logo\/image\/"}},{"@type":"Person","@id":"https:\/\/www.esplac.cat\/#\/schema\/person\/908383cf240be18b68f8855d0583faca","name":"Comunicaci\u00f3 Esplac","image":{"@type":"ImageObject","inLanguage":"es","@id":"https:\/\/secure.gravatar.com\/avatar\/7a4cf8feb412a76ea4a740ca02d95b06b2907b5a6c648c2dd0a1082a093c3141?s=96&d=mm&r=g","url":"https:\/\/secure.gravatar.com\/avatar\/7a4cf8feb412a76ea4a740ca02d95b06b2907b5a6c648c2dd0a1082a093c3141?s=96&d=mm&r=g","contentUrl":"https:\/\/secure.gravatar.com\/avatar\/7a4cf8feb412a76ea4a740ca02d95b06b2907b5a6c648c2dd0a1082a093c3141?s=96&d=mm&r=g","caption":"Comunicaci\u00f3 Esplac"}}]}},"_links":{"self":[{"href":"https:\/\/www.esplac.cat\/es\/wp-json\/wp\/v2\/posts\/52716","targetHints":{"allow":["GET"]}}],"collection":[{"href":"https:\/\/www.esplac.cat\/es\/wp-json\/wp\/v2\/posts"}],"about":[{"href":"https:\/\/www.esplac.cat\/es\/wp-json\/wp\/v2\/types\/post"}],"author":[{"embeddable":true,"href":"https:\/\/www.esplac.cat\/es\/wp-json\/wp\/v2\/users\/3"}],"replies":[{"embeddable":true,"href":"https:\/\/www.esplac.cat\/es\/wp-json\/wp\/v2\/comments?post=52716"}],"version-history":[{"count":2,"href":"https:\/\/www.esplac.cat\/es\/wp-json\/wp\/v2\/posts\/52716\/revisions"}],"predecessor-version":[{"id":52721,"href":"https:\/\/www.esplac.cat\/es\/wp-json\/wp\/v2\/posts\/52716\/revisions\/52721"}],"wp:featuredmedia":[{"embeddable":true,"href":"https:\/\/www.esplac.cat\/es\/wp-json\/wp\/v2\/media\/52718"}],"wp:attachment":[{"href":"https:\/\/www.esplac.cat\/es\/wp-json\/wp\/v2\/media?parent=52716"}],"wp:term":[{"taxonomy":"category","embeddable":true,"href":"https:\/\/www.esplac.cat\/es\/wp-json\/wp\/v2\/categories?post=52716"},{"taxonomy":"post_tag","embeddable":true,"href":"https:\/\/www.esplac.cat\/es\/wp-json\/wp\/v2\/tags?post=52716"}],"curies":[{"name":"wp","href":"https:\/\/api.w.org\/{rel}","templated":true}]}}