{"id":52991,"date":"2025-03-19T10:32:40","date_gmt":"2025-03-19T08:32:40","guid":{"rendered":"https:\/\/www.esplac.cat\/?p=52991"},"modified":"2025-03-19T10:41:22","modified_gmt":"2025-03-19T08:41:22","slug":"oportunitat-internacional-joves-art-camp-2025","status":"publish","type":"post","link":"https:\/\/www.esplac.cat\/es\/oportunitat-internacional-joves-art-camp-2025\/","title":{"rendered":"Oportunitat internacional per a joves: apunteu-vos a l\u2019Art Camp 2025!"},"content":{"rendered":"<div class=\"fusion-fullwidth fullwidth-box fusion-builder-row-1 fusion-flex-container nonhundred-percent-fullwidth non-hundred-percent-height-scrolling\" style=\"--awb-border-radius-top-left:0px;--awb-border-radius-top-right:0px;--awb-border-radius-bottom-right:0px;--awb-border-radius-bottom-left:0px;--awb-flex-wrap:wrap;\" ><div class=\"fusion-builder-row fusion-row fusion-flex-align-items-flex-start fusion-flex-content-wrap\" style=\"max-width:1248px;margin-left: calc(-4% \/ 2 );margin-right: calc(-4% \/ 2 );\"><div class=\"fusion-layout-column fusion_builder_column fusion-builder-column-0 fusion_builder_column_1_1 1_1 fusion-flex-column\" style=\"--awb-bg-size:cover;--awb-width-large:100%;--awb-margin-top-large:0px;--awb-spacing-right-large:1.92%;--awb-margin-bottom-large:0px;--awb-spacing-left-large:1.92%;--awb-width-medium:100%;--awb-spacing-right-medium:1.92%;--awb-spacing-left-medium:1.92%;--awb-width-small:100%;--awb-spacing-right-small:1.92%;--awb-spacing-left-small:1.92%;\"><div class=\"fusion-column-wrapper fusion-flex-justify-content-flex-start fusion-content-layout-column\"><div class=\"fusion-text fusion-text-1\"><h6><strong>Torna l\u2019intercanvi internacional Art Camp, aquest any amb un nou enfocament sobre la just\u00edcia social i la consci\u00e8ncia de classe.<\/strong><\/h6>\n<p>Aquest estiu, l\u2019entitat <span style=\"color: #f69d0b;\"><strong><a style=\"color: #f69d0b;\" href=\"https:\/\/soziale-bildung.org\/en\/soziale-bildung-start-2\/\" target=\"_blank\" rel=\"noopener\">Soziale Bildung<\/a><\/strong><\/span> organitza de nou l\u2019<strong>Art Camp<\/strong>, un intercanvi internacional que combina l&#8217;educaci\u00f3 no formal i les arts per fomentar el debat i la reflexi\u00f3 sobre temes socials i pol\u00edtics. L\u2019Art Camp 2025 centrar\u00e0 la seva tem\u00e0tica en<strong> la just\u00edcia social i la lluita de classes a Europa<\/strong>, oferint als joves un espai per compartir experi\u00e8ncies i perspectives sobre la realitat social del continent.<\/p>\n<p>L&#8217;activitat promou l&#8217;aprenentatge intercultural i la diversitat a trav\u00e9s de tallers i din\u00e0miques participatives. A m\u00e9s, com a part del projecte, es desenvolupar\u00e0 una creaci\u00f3 teatral col\u00b7laborativa que servir\u00e0 com a eina per expressar les reflexions dels participants.<\/p>\n<p>L&#8217;Art Camp es dur\u00e0 a terme a L\u00e4rz a uns 150 km de Berl\u00edn, i est\u00e0 destinat a <strong>grups de joves d\u2019esplai d&#8217;entre 14 i 17 anys, acompanyats per dues monis<\/strong>. Si formes part d&#8217;un grup de joves motivats o ets moni i vols viure una experi\u00e8ncia internacional, llegeix amb atenci\u00f3 i apunta-t&#8217;hi<\/p>\n<p><strong>Informaci\u00f3 b\u00e0sica sobre el projecte<\/strong>:<\/p>\n<blockquote>\n<p><strong>Lloc:<\/strong> L\u00e4rz (Alemanya)<\/p>\n<p><strong>Dates:<\/strong> 3 &#8211; 15 d&#8217;agost 2025<\/p>\n<p><strong>Places:<\/strong> 12 participants (14 &#8211; 17 anys) + 2 monis (+18)<\/p>\n<p><strong>Organitzacions participants:<\/strong> Arciragazzi (It\u00e0lia), Fundacja Rodowo (Pol\u00f2nia), CEMEA Pays de la Loire (Fran\u00e7a), Esplac (Catalunya) i Soziale Bildung (Alemanya &#8211; organitzadors).<\/p>\n<p><strong>Preu:<\/strong> 80\u20ac per participant. El viatge est\u00e0 subvencionat fins a 309\u20ac per persona.<\/p>\n<\/blockquote>\n<p>Per participar-hi, cal omplir el <span style=\"color: #f69d0b;\"><a style=\"color: #f69d0b;\" href=\"https:\/\/infoesplac.typeform.com\/to\/Wn52pvd9\" target=\"_blank\" rel=\"noopener\"><strong>formulari d&#8217;inscripci\u00f3<\/strong><\/a><\/span> abans del <strong>6 d&#8217;abril.<\/strong> Un cop finalitzat el per\u00edode d&#8217;inscripcions, es dur\u00e0 a terme un proc\u00e9s de selecci\u00f3 del grup que viatjar\u00e0 a Alemanya per gaudir d&#8217;aquesta experi\u00e8ncia inoblidable. No deixis escapar aquesta oportunitat!<\/p>\n<p>&nbsp;<\/p>\n<\/div><\/div><\/div><div class=\"fusion-layout-column fusion_builder_column fusion-builder-column-1 fusion_builder_column_1_1 1_1 fusion-flex-column\" style=\"--awb-bg-size:cover;--awb-width-large:100%;--awb-margin-top-large:0px;--awb-spacing-right-large:1.92%;--awb-margin-bottom-large:20px;--awb-spacing-left-large:1.92%;--awb-width-medium:100%;--awb-order-medium:0;--awb-spacing-right-medium:1.92%;--awb-spacing-left-medium:1.92%;--awb-width-small:100%;--awb-order-small:0;--awb-spacing-right-small:1.92%;--awb-spacing-left-small:1.92%;\"><div class=\"fusion-column-wrapper fusion-column-has-shadow fusion-flex-justify-content-flex-start fusion-content-layout-column\"><div style=\"text-align:center;\"><a class=\"fusion-button button-flat fusion-button-default-size button-default fusion-button-default button-1 fusion-button-default-span fusion-button-default-type\" style=\"--button_margin-bottom:20px;\" target=\"_self\" href=\"https:\/\/infoesplac.typeform.com\/to\/Wn52pvd9\"><span class=\"fusion-button-text\">Apunta&#8217;t a l&#8217;Art camp<\/span><\/a><\/div><\/div><\/div><\/div><\/div>\n","protected":false},"excerpt":{"rendered":"","protected":false},"author":3,"featured_media":52995,"comment_status":"closed","ping_status":"closed","sticky":false,"template":"","format":"standard","meta":{"om_disable_all_campaigns":false,"_monsterinsights_skip_tracking":false,"_monsterinsights_sitenote_active":false,"_monsterinsights_sitenote_note":"","_monsterinsights_sitenote_category":0,"_uf_show_specific_survey":0,"_uf_disable_surveys":false,"footnotes":""},"categories":[1112,1],"tags":[],"class_list":["post-52991","post","type-post","status-publish","format-standard","has-post-thumbnail","hentry","category-esplac-al-mon","category-sense-categoria"],"yoast_head":"<!-- This site is optimized with the Yoast SEO plugin v27.4 - https:\/\/yoast.com\/product\/yoast-seo-wordpress\/ -->\n<title>Apunteu-vos a l\u2019Art Camp 2025, una oportunitat internacional \u00fanica!<\/title>\n<meta name=\"description\" content=\"Torna l\u2019intercanvi internacional Art Camp, aquest any amb un nou enfocament sobre la just\u00edcia social i la consci\u00e8ncia de classe.\" \/>\n<meta name=\"robots\" content=\"index, follow, max-snippet:-1, max-image-preview:large, max-video-preview:-1\" \/>\n<link rel=\"canonical\" href=\"https:\/\/www.esplac.cat\/oportunitat-internacional-joves-art-camp-2025\/\" \/>\n<meta property=\"og:locale\" content=\"es_ES\" \/>\n<meta property=\"og:type\" content=\"article\" \/>\n<meta property=\"og:title\" content=\"Apunteu-vos a l\u2019Art Camp 2025, una oportunitat internacional \u00fanica!\" \/>\n<meta property=\"og:description\" content=\"Torna l\u2019intercanvi internacional Art Camp, aquest any amb un nou enfocament sobre la just\u00edcia social i la consci\u00e8ncia de classe.\" \/>\n<meta property=\"og:url\" content=\"https:\/\/www.esplac.cat\/oportunitat-internacional-joves-art-camp-2025\/\" \/>\n<meta property=\"og:site_name\" content=\"Esplac\" \/>\n<meta property=\"article:published_time\" content=\"2025-03-19T08:32:40+00:00\" \/>\n<meta property=\"article:modified_time\" content=\"2025-03-19T08:41:22+00:00\" \/>\n<meta property=\"og:image\" content=\"https:\/\/www.esplac.cat\/wp-content\/uploads\/2025\/03\/ART_CAMP_2025.jpg\" \/>\n\t<meta property=\"og:image:width\" content=\"1697\" \/>\n\t<meta property=\"og:image:height\" content=\"700\" \/>\n\t<meta property=\"og:image:type\" content=\"image\/jpeg\" \/>\n<meta name=\"author\" content=\"Comunicaci\u00f3 Esplac\" \/>\n<meta name=\"twitter:card\" content=\"summary_large_image\" \/>\n<meta name=\"twitter:label1\" content=\"Escrito por\" \/>\n\t<meta name=\"twitter:data1\" content=\"Comunicaci\u00f3 Esplac\" \/>\n\t<meta name=\"twitter:label2\" content=\"Tiempo de lectura\" \/>\n\t<meta name=\"twitter:data2\" content=\"2 minutos\" \/>\n<script type=\"application\/ld+json\" class=\"yoast-schema-graph\">{\"@context\":\"https:\\\/\\\/schema.org\",\"@graph\":[{\"@type\":\"Article\",\"@id\":\"https:\\\/\\\/www.esplac.cat\\\/oportunitat-internacional-joves-art-camp-2025\\\/#article\",\"isPartOf\":{\"@id\":\"https:\\\/\\\/www.esplac.cat\\\/oportunitat-internacional-joves-art-camp-2025\\\/\"},\"author\":{\"name\":\"Comunicaci\u00f3 Esplac\",\"@id\":\"https:\\\/\\\/www.esplac.cat\\\/#\\\/schema\\\/person\\\/908383cf240be18b68f8855d0583faca\"},\"headline\":\"Oportunitat internacional per a joves: apunteu-vos a l\u2019Art Camp 2025!\",\"datePublished\":\"2025-03-19T08:32:40+00:00\",\"dateModified\":\"2025-03-19T08:41:22+00:00\",\"mainEntityOfPage\":{\"@id\":\"https:\\\/\\\/www.esplac.cat\\\/oportunitat-internacional-joves-art-camp-2025\\\/\"},\"wordCount\":784,\"publisher\":{\"@id\":\"https:\\\/\\\/www.esplac.cat\\\/#organization\"},\"image\":{\"@id\":\"https:\\\/\\\/www.esplac.cat\\\/oportunitat-internacional-joves-art-camp-2025\\\/#primaryimage\"},\"thumbnailUrl\":\"https:\\\/\\\/www.esplac.cat\\\/wp-content\\\/uploads\\\/2025\\\/03\\\/ART_CAMP_2025.jpg\",\"articleSection\":[\"Esplac al m\u00f3n\",\"Sense categoria\"],\"inLanguage\":\"es\"},{\"@type\":\"WebPage\",\"@id\":\"https:\\\/\\\/www.esplac.cat\\\/oportunitat-internacional-joves-art-camp-2025\\\/\",\"url\":\"https:\\\/\\\/www.esplac.cat\\\/oportunitat-internacional-joves-art-camp-2025\\\/\",\"name\":\"Apunteu-vos a l\u2019Art Camp 2025, una oportunitat internacional \u00fanica!\",\"isPartOf\":{\"@id\":\"https:\\\/\\\/www.esplac.cat\\\/#website\"},\"primaryImageOfPage\":{\"@id\":\"https:\\\/\\\/www.esplac.cat\\\/oportunitat-internacional-joves-art-camp-2025\\\/#primaryimage\"},\"image\":{\"@id\":\"https:\\\/\\\/www.esplac.cat\\\/oportunitat-internacional-joves-art-camp-2025\\\/#primaryimage\"},\"thumbnailUrl\":\"https:\\\/\\\/www.esplac.cat\\\/wp-content\\\/uploads\\\/2025\\\/03\\\/ART_CAMP_2025.jpg\",\"datePublished\":\"2025-03-19T08:32:40+00:00\",\"dateModified\":\"2025-03-19T08:41:22+00:00\",\"description\":\"Torna l\u2019intercanvi internacional Art Camp, aquest any amb un nou enfocament sobre la just\u00edcia social i la consci\u00e8ncia de classe.\",\"breadcrumb\":{\"@id\":\"https:\\\/\\\/www.esplac.cat\\\/oportunitat-internacional-joves-art-camp-2025\\\/#breadcrumb\"},\"inLanguage\":\"es\",\"potentialAction\":[{\"@type\":\"ReadAction\",\"target\":[\"https:\\\/\\\/www.esplac.cat\\\/oportunitat-internacional-joves-art-camp-2025\\\/\"]}]},{\"@type\":\"ImageObject\",\"inLanguage\":\"es\",\"@id\":\"https:\\\/\\\/www.esplac.cat\\\/oportunitat-internacional-joves-art-camp-2025\\\/#primaryimage\",\"url\":\"https:\\\/\\\/www.esplac.cat\\\/wp-content\\\/uploads\\\/2025\\\/03\\\/ART_CAMP_2025.jpg\",\"contentUrl\":\"https:\\\/\\\/www.esplac.cat\\\/wp-content\\\/uploads\\\/2025\\\/03\\\/ART_CAMP_2025.jpg\",\"width\":1697,\"height\":700,\"caption\":\"art camp\"},{\"@type\":\"BreadcrumbList\",\"@id\":\"https:\\\/\\\/www.esplac.cat\\\/oportunitat-internacional-joves-art-camp-2025\\\/#breadcrumb\",\"itemListElement\":[{\"@type\":\"ListItem\",\"position\":1,\"name\":\"Inici\",\"item\":\"https:\\\/\\\/www.esplac.cat\\\/es\\\/\"},{\"@type\":\"ListItem\",\"position\":2,\"name\":\"Oportunitat internacional per a joves: apunteu-vos a l\u2019Art Camp 2025!\"}]},{\"@type\":\"WebSite\",\"@id\":\"https:\\\/\\\/www.esplac.cat\\\/#website\",\"url\":\"https:\\\/\\\/www.esplac.cat\\\/\",\"name\":\"Esplac\",\"description\":\"Esplais Catalans\",\"publisher\":{\"@id\":\"https:\\\/\\\/www.esplac.cat\\\/#organization\"},\"potentialAction\":[{\"@type\":\"SearchAction\",\"target\":{\"@type\":\"EntryPoint\",\"urlTemplate\":\"https:\\\/\\\/www.esplac.cat\\\/?s={search_term_string}\"},\"query-input\":{\"@type\":\"PropertyValueSpecification\",\"valueRequired\":true,\"valueName\":\"search_term_string\"}}],\"inLanguage\":\"es\"},{\"@type\":\"Organization\",\"@id\":\"https:\\\/\\\/www.esplac.cat\\\/#organization\",\"name\":\"Esplac\",\"url\":\"https:\\\/\\\/www.esplac.cat\\\/\",\"logo\":{\"@type\":\"ImageObject\",\"inLanguage\":\"es\",\"@id\":\"https:\\\/\\\/www.esplac.cat\\\/#\\\/schema\\\/logo\\\/image\\\/\",\"url\":\"https:\\\/\\\/www.esplac.cat\\\/wp-content\\\/uploads\\\/2019\\\/08\\\/logox2.png\",\"contentUrl\":\"https:\\\/\\\/www.esplac.cat\\\/wp-content\\\/uploads\\\/2019\\\/08\\\/logox2.png\",\"width\":600,\"height\":295,\"caption\":\"Esplac\"},\"image\":{\"@id\":\"https:\\\/\\\/www.esplac.cat\\\/#\\\/schema\\\/logo\\\/image\\\/\"}},{\"@type\":\"Person\",\"@id\":\"https:\\\/\\\/www.esplac.cat\\\/#\\\/schema\\\/person\\\/908383cf240be18b68f8855d0583faca\",\"name\":\"Comunicaci\u00f3 Esplac\",\"image\":{\"@type\":\"ImageObject\",\"inLanguage\":\"es\",\"@id\":\"https:\\\/\\\/secure.gravatar.com\\\/avatar\\\/7a4cf8feb412a76ea4a740ca02d95b06b2907b5a6c648c2dd0a1082a093c3141?s=96&d=mm&r=g\",\"url\":\"https:\\\/\\\/secure.gravatar.com\\\/avatar\\\/7a4cf8feb412a76ea4a740ca02d95b06b2907b5a6c648c2dd0a1082a093c3141?s=96&d=mm&r=g\",\"contentUrl\":\"https:\\\/\\\/secure.gravatar.com\\\/avatar\\\/7a4cf8feb412a76ea4a740ca02d95b06b2907b5a6c648c2dd0a1082a093c3141?s=96&d=mm&r=g\",\"caption\":\"Comunicaci\u00f3 Esplac\"}}]}<\/script>\n<!-- \/ Yoast SEO plugin. -->","yoast_head_json":{"title":"Apunteu-vos a l\u2019Art Camp 2025, una oportunitat internacional \u00fanica!","description":"Torna l\u2019intercanvi internacional Art Camp, aquest any amb un nou enfocament sobre la just\u00edcia social i la consci\u00e8ncia de classe.","robots":{"index":"index","follow":"follow","max-snippet":"max-snippet:-1","max-image-preview":"max-image-preview:large","max-video-preview":"max-video-preview:-1"},"canonical":"https:\/\/www.esplac.cat\/oportunitat-internacional-joves-art-camp-2025\/","og_locale":"es_ES","og_type":"article","og_title":"Apunteu-vos a l\u2019Art Camp 2025, una oportunitat internacional \u00fanica!","og_description":"Torna l\u2019intercanvi internacional Art Camp, aquest any amb un nou enfocament sobre la just\u00edcia social i la consci\u00e8ncia de classe.","og_url":"https:\/\/www.esplac.cat\/oportunitat-internacional-joves-art-camp-2025\/","og_site_name":"Esplac","article_published_time":"2025-03-19T08:32:40+00:00","article_modified_time":"2025-03-19T08:41:22+00:00","og_image":[{"width":1697,"height":700,"url":"https:\/\/www.esplac.cat\/wp-content\/uploads\/2025\/03\/ART_CAMP_2025.jpg","type":"image\/jpeg"}],"author":"Comunicaci\u00f3 Esplac","twitter_card":"summary_large_image","twitter_misc":{"Escrito por":"Comunicaci\u00f3 Esplac","Tiempo de lectura":"2 minutos"},"schema":{"@context":"https:\/\/schema.org","@graph":[{"@type":"Article","@id":"https:\/\/www.esplac.cat\/oportunitat-internacional-joves-art-camp-2025\/#article","isPartOf":{"@id":"https:\/\/www.esplac.cat\/oportunitat-internacional-joves-art-camp-2025\/"},"author":{"name":"Comunicaci\u00f3 Esplac","@id":"https:\/\/www.esplac.cat\/#\/schema\/person\/908383cf240be18b68f8855d0583faca"},"headline":"Oportunitat internacional per a joves: apunteu-vos a l\u2019Art Camp 2025!","datePublished":"2025-03-19T08:32:40+00:00","dateModified":"2025-03-19T08:41:22+00:00","mainEntityOfPage":{"@id":"https:\/\/www.esplac.cat\/oportunitat-internacional-joves-art-camp-2025\/"},"wordCount":784,"publisher":{"@id":"https:\/\/www.esplac.cat\/#organization"},"image":{"@id":"https:\/\/www.esplac.cat\/oportunitat-internacional-joves-art-camp-2025\/#primaryimage"},"thumbnailUrl":"https:\/\/www.esplac.cat\/wp-content\/uploads\/2025\/03\/ART_CAMP_2025.jpg","articleSection":["Esplac al m\u00f3n","Sense categoria"],"inLanguage":"es"},{"@type":"WebPage","@id":"https:\/\/www.esplac.cat\/oportunitat-internacional-joves-art-camp-2025\/","url":"https:\/\/www.esplac.cat\/oportunitat-internacional-joves-art-camp-2025\/","name":"Apunteu-vos a l\u2019Art Camp 2025, una oportunitat internacional \u00fanica!","isPartOf":{"@id":"https:\/\/www.esplac.cat\/#website"},"primaryImageOfPage":{"@id":"https:\/\/www.esplac.cat\/oportunitat-internacional-joves-art-camp-2025\/#primaryimage"},"image":{"@id":"https:\/\/www.esplac.cat\/oportunitat-internacional-joves-art-camp-2025\/#primaryimage"},"thumbnailUrl":"https:\/\/www.esplac.cat\/wp-content\/uploads\/2025\/03\/ART_CAMP_2025.jpg","datePublished":"2025-03-19T08:32:40+00:00","dateModified":"2025-03-19T08:41:22+00:00","description":"Torna l\u2019intercanvi internacional Art Camp, aquest any amb un nou enfocament sobre la just\u00edcia social i la consci\u00e8ncia de classe.","breadcrumb":{"@id":"https:\/\/www.esplac.cat\/oportunitat-internacional-joves-art-camp-2025\/#breadcrumb"},"inLanguage":"es","potentialAction":[{"@type":"ReadAction","target":["https:\/\/www.esplac.cat\/oportunitat-internacional-joves-art-camp-2025\/"]}]},{"@type":"ImageObject","inLanguage":"es","@id":"https:\/\/www.esplac.cat\/oportunitat-internacional-joves-art-camp-2025\/#primaryimage","url":"https:\/\/www.esplac.cat\/wp-content\/uploads\/2025\/03\/ART_CAMP_2025.jpg","contentUrl":"https:\/\/www.esplac.cat\/wp-content\/uploads\/2025\/03\/ART_CAMP_2025.jpg","width":1697,"height":700,"caption":"art camp"},{"@type":"BreadcrumbList","@id":"https:\/\/www.esplac.cat\/oportunitat-internacional-joves-art-camp-2025\/#breadcrumb","itemListElement":[{"@type":"ListItem","position":1,"name":"Inici","item":"https:\/\/www.esplac.cat\/es\/"},{"@type":"ListItem","position":2,"name":"Oportunitat internacional per a joves: apunteu-vos a l\u2019Art Camp 2025!"}]},{"@type":"WebSite","@id":"https:\/\/www.esplac.cat\/#website","url":"https:\/\/www.esplac.cat\/","name":"Esplac","description":"Esplais Catalans","publisher":{"@id":"https:\/\/www.esplac.cat\/#organization"},"potentialAction":[{"@type":"SearchAction","target":{"@type":"EntryPoint","urlTemplate":"https:\/\/www.esplac.cat\/?s={search_term_string}"},"query-input":{"@type":"PropertyValueSpecification","valueRequired":true,"valueName":"search_term_string"}}],"inLanguage":"es"},{"@type":"Organization","@id":"https:\/\/www.esplac.cat\/#organization","name":"Esplac","url":"https:\/\/www.esplac.cat\/","logo":{"@type":"ImageObject","inLanguage":"es","@id":"https:\/\/www.esplac.cat\/#\/schema\/logo\/image\/","url":"https:\/\/www.esplac.cat\/wp-content\/uploads\/2019\/08\/logox2.png","contentUrl":"https:\/\/www.esplac.cat\/wp-content\/uploads\/2019\/08\/logox2.png","width":600,"height":295,"caption":"Esplac"},"image":{"@id":"https:\/\/www.esplac.cat\/#\/schema\/logo\/image\/"}},{"@type":"Person","@id":"https:\/\/www.esplac.cat\/#\/schema\/person\/908383cf240be18b68f8855d0583faca","name":"Comunicaci\u00f3 Esplac","image":{"@type":"ImageObject","inLanguage":"es","@id":"https:\/\/secure.gravatar.com\/avatar\/7a4cf8feb412a76ea4a740ca02d95b06b2907b5a6c648c2dd0a1082a093c3141?s=96&d=mm&r=g","url":"https:\/\/secure.gravatar.com\/avatar\/7a4cf8feb412a76ea4a740ca02d95b06b2907b5a6c648c2dd0a1082a093c3141?s=96&d=mm&r=g","contentUrl":"https:\/\/secure.gravatar.com\/avatar\/7a4cf8feb412a76ea4a740ca02d95b06b2907b5a6c648c2dd0a1082a093c3141?s=96&d=mm&r=g","caption":"Comunicaci\u00f3 Esplac"}}]}},"_links":{"self":[{"href":"https:\/\/www.esplac.cat\/es\/wp-json\/wp\/v2\/posts\/52991","targetHints":{"allow":["GET"]}}],"collection":[{"href":"https:\/\/www.esplac.cat\/es\/wp-json\/wp\/v2\/posts"}],"about":[{"href":"https:\/\/www.esplac.cat\/es\/wp-json\/wp\/v2\/types\/post"}],"author":[{"embeddable":true,"href":"https:\/\/www.esplac.cat\/es\/wp-json\/wp\/v2\/users\/3"}],"replies":[{"embeddable":true,"href":"https:\/\/www.esplac.cat\/es\/wp-json\/wp\/v2\/comments?post=52991"}],"version-history":[{"count":7,"href":"https:\/\/www.esplac.cat\/es\/wp-json\/wp\/v2\/posts\/52991\/revisions"}],"predecessor-version":[{"id":53001,"href":"https:\/\/www.esplac.cat\/es\/wp-json\/wp\/v2\/posts\/52991\/revisions\/53001"}],"wp:featuredmedia":[{"embeddable":true,"href":"https:\/\/www.esplac.cat\/es\/wp-json\/wp\/v2\/media\/52995"}],"wp:attachment":[{"href":"https:\/\/www.esplac.cat\/es\/wp-json\/wp\/v2\/media?parent=52991"}],"wp:term":[{"taxonomy":"category","embeddable":true,"href":"https:\/\/www.esplac.cat\/es\/wp-json\/wp\/v2\/categories?post=52991"},{"taxonomy":"post_tag","embeddable":true,"href":"https:\/\/www.esplac.cat\/es\/wp-json\/wp\/v2\/tags?post=52991"}],"curies":[{"name":"wp","href":"https:\/\/api.w.org\/{rel}","templated":true}]}}