{"id":53003,"date":"2025-03-19T11:37:02","date_gmt":"2025-03-19T09:37:02","guid":{"rendered":"https:\/\/www.esplac.cat\/?p=53003"},"modified":"2025-03-19T11:37:02","modified_gmt":"2025-03-19T09:37:02","slug":"baix-besos-cohesio-tgs-tj","status":"publish","type":"post","link":"https:\/\/www.esplac.cat\/es\/baix-besos-cohesio-tgs-tj\/","title":{"rendered":"Els esplais del Baix Bes\u00f2s reforcen la cohesi\u00f3 celebrant la TGS-TJ"},"content":{"rendered":"<div class=\"fusion-fullwidth fullwidth-box fusion-builder-row-1 fusion-flex-container has-pattern-background has-mask-background nonhundred-percent-fullwidth non-hundred-percent-height-scrolling\" style=\"--awb-border-radius-top-left:0px;--awb-border-radius-top-right:0px;--awb-border-radius-bottom-right:0px;--awb-border-radius-bottom-left:0px;--awb-flex-wrap:wrap;\" ><div class=\"fusion-builder-row fusion-row fusion-flex-align-items-flex-start fusion-flex-content-wrap\" style=\"max-width:1248px;margin-left: calc(-4% \/ 2 );margin-right: calc(-4% \/ 2 );\"><div class=\"fusion-layout-column fusion_builder_column fusion-builder-column-0 fusion_builder_column_1_1 1_1 fusion-flex-column\" style=\"--awb-bg-size:cover;--awb-width-large:100%;--awb-margin-top-large:0px;--awb-spacing-right-large:1.92%;--awb-margin-bottom-large:20px;--awb-spacing-left-large:1.92%;--awb-width-medium:100%;--awb-order-medium:0;--awb-spacing-right-medium:1.92%;--awb-spacing-left-medium:1.92%;--awb-width-small:100%;--awb-order-small:0;--awb-spacing-right-small:1.92%;--awb-spacing-left-small:1.92%;\"><div class=\"fusion-column-wrapper fusion-column-has-shadow fusion-flex-justify-content-flex-start fusion-content-layout-column\"><div class=\"fusion-text fusion-text-1\"><h6><strong>El Sector Baix Bes\u00f2s s\u2019ha retrobat a la TGS-TJ, una jornada que ha refor\u00e7at els vincles entre els esplais del sector.<\/strong><\/h6>\n<p>El diumenge 14 de mar\u00e7, el <span style=\"color: #f69d0b;\"><a style=\"color: #f69d0b;\" href=\"https:\/\/www.esplac.cat\/sectors-geografics\/baix-besos\/\" target=\"_blank\" rel=\"noopener\"><strong>Sector Baix Bes\u00f2s<\/strong><\/a><\/span> s&#8217;ha retrobat per celebrar la TGS-TJ, una jornada de conviv\u00e8ncia que ha aplegat m\u00e9s d\u2019un centenar d\u2019infants, monitores i monitors dels esplais del territori. Aquesta trobada t\u00e9 com a objectiu<strong> fomentar la cohesi\u00f3 entre els diferents esplais mitjan\u00e7ant excursions i experi\u00e8ncies compartides<\/strong>.<\/p>\n<p>Els grups de joves ha iniciat la seva ruta des del Brull per pujar fins al Matagalls, on els esperava un paisatge espectacular cobert de neu. La pujada, tot i ser exigent, va ser molt gratificant, i un cop al cim, els participants van gaudir de les vistes i del paisatge.<\/p>\n<p>Mentrestant, la resta de participants van sortir d\u2019Aiguafreda per rec\u00f3rrer un itinerari ple d&#8217;hist\u00f2ria i natura. Al llarg del cam\u00ed, van visitar punts d\u2019inter\u00e8s com la Cova del Moro, el Dolmen de Can Serra de l&#8217;Arca i el Dolmen de Cru\u00eflles. Tot i no poder accedir a les coves, la ruta va permetre a infants i monis gaudir d\u2019una caminada per la zona i fer jocs de coneixen\u00e7a.<\/p>\n<p>Enguany, el bon temps ha perm\u00e8s desenvolupar la jornada amb total normalitat i gaudir d&#8217;una experi\u00e8ncia enriquidora per a tots els esplais. Aix\u00ed, <strong>la TGS-TJ es consolida com un espai clau per refor\u00e7ar els vincles entre infants, joves i equips de monitores i monitors<\/strong>.<\/p>\n<\/div><\/div><\/div><\/div><\/div>\n","protected":false},"excerpt":{"rendered":"","protected":false},"author":3,"featured_media":53005,"comment_status":"closed","ping_status":"closed","sticky":false,"template":"","format":"standard","meta":{"om_disable_all_campaigns":false,"_monsterinsights_skip_tracking":false,"_monsterinsights_sitenote_active":false,"_monsterinsights_sitenote_note":"","_monsterinsights_sitenote_category":0,"_uf_show_specific_survey":0,"_uf_disable_surveys":false,"footnotes":""},"categories":[1110,1132,1],"tags":[],"class_list":["post-53003","post","type-post","status-publish","format-standard","has-post-thumbnail","hentry","category-activitats-sectors","category-baix-besos","category-sense-categoria"],"yoast_head":"<!-- This site is optimized with the Yoast SEO plugin v27.4 - https:\/\/yoast.com\/product\/yoast-seo-wordpress\/ -->\n<title>Els esplais del Baix Bes\u00f2s reforcen la cohesi\u00f3 celebrant la TGS-TJ - Esplac<\/title>\n<meta name=\"description\" content=\"El Sector Baix Bes\u00f2s s\u2019ha retrobat a la TGS-TJ, una jornada que ha refor\u00e7at els vincles entre els esplais del sector.\" \/>\n<meta name=\"robots\" content=\"index, follow, max-snippet:-1, max-image-preview:large, max-video-preview:-1\" \/>\n<link rel=\"canonical\" href=\"https:\/\/www.esplac.cat\/baix-besos-cohesio-tgs-tj\/\" \/>\n<meta property=\"og:locale\" content=\"es_ES\" \/>\n<meta property=\"og:type\" content=\"article\" \/>\n<meta property=\"og:title\" content=\"Els esplais del Baix Bes\u00f2s reforcen la cohesi\u00f3 celebrant la TGS-TJ - Esplac\" \/>\n<meta property=\"og:description\" content=\"El Sector Baix Bes\u00f2s s\u2019ha retrobat a la TGS-TJ, una jornada que ha refor\u00e7at els vincles entre els esplais del sector.\" \/>\n<meta property=\"og:url\" content=\"https:\/\/www.esplac.cat\/baix-besos-cohesio-tgs-tj\/\" \/>\n<meta property=\"og:site_name\" content=\"Esplac\" \/>\n<meta property=\"article:published_time\" content=\"2025-03-19T09:37:02+00:00\" \/>\n<meta property=\"og:image\" content=\"https:\/\/www.esplac.cat\/wp-content\/uploads\/2025\/03\/TGS-TJ-BBS-scaled.jpg\" \/>\n\t<meta property=\"og:image:width\" content=\"2560\" \/>\n\t<meta property=\"og:image:height\" content=\"1056\" \/>\n\t<meta property=\"og:image:type\" content=\"image\/jpeg\" \/>\n<meta name=\"author\" content=\"Comunicaci\u00f3 Esplac\" \/>\n<meta name=\"twitter:card\" content=\"summary_large_image\" \/>\n<meta name=\"twitter:label1\" content=\"Escrito por\" \/>\n\t<meta name=\"twitter:data1\" content=\"Comunicaci\u00f3 Esplac\" \/>\n\t<meta name=\"twitter:label2\" content=\"Tiempo de lectura\" \/>\n\t<meta name=\"twitter:data2\" content=\"2 minutos\" \/>\n<script type=\"application\/ld+json\" class=\"yoast-schema-graph\">{\"@context\":\"https:\\\/\\\/schema.org\",\"@graph\":[{\"@type\":\"Article\",\"@id\":\"https:\\\/\\\/www.esplac.cat\\\/baix-besos-cohesio-tgs-tj\\\/#article\",\"isPartOf\":{\"@id\":\"https:\\\/\\\/www.esplac.cat\\\/baix-besos-cohesio-tgs-tj\\\/\"},\"author\":{\"name\":\"Comunicaci\u00f3 Esplac\",\"@id\":\"https:\\\/\\\/www.esplac.cat\\\/#\\\/schema\\\/person\\\/908383cf240be18b68f8855d0583faca\"},\"headline\":\"Els esplais del Baix Bes\u00f2s reforcen la cohesi\u00f3 celebrant la TGS-TJ\",\"datePublished\":\"2025-03-19T09:37:02+00:00\",\"mainEntityOfPage\":{\"@id\":\"https:\\\/\\\/www.esplac.cat\\\/baix-besos-cohesio-tgs-tj\\\/\"},\"wordCount\":1228,\"publisher\":{\"@id\":\"https:\\\/\\\/www.esplac.cat\\\/#organization\"},\"image\":{\"@id\":\"https:\\\/\\\/www.esplac.cat\\\/baix-besos-cohesio-tgs-tj\\\/#primaryimage\"},\"thumbnailUrl\":\"https:\\\/\\\/www.esplac.cat\\\/wp-content\\\/uploads\\\/2025\\\/03\\\/TGS-TJ-BBS-scaled.jpg\",\"articleSection\":[\"Activitats sectors\",\"Sector Baix Bes\u00f2s\",\"Sense categoria\"],\"inLanguage\":\"es\"},{\"@type\":\"WebPage\",\"@id\":\"https:\\\/\\\/www.esplac.cat\\\/baix-besos-cohesio-tgs-tj\\\/\",\"url\":\"https:\\\/\\\/www.esplac.cat\\\/baix-besos-cohesio-tgs-tj\\\/\",\"name\":\"Els esplais del Baix Bes\u00f2s reforcen la cohesi\u00f3 celebrant la TGS-TJ - Esplac\",\"isPartOf\":{\"@id\":\"https:\\\/\\\/www.esplac.cat\\\/#website\"},\"primaryImageOfPage\":{\"@id\":\"https:\\\/\\\/www.esplac.cat\\\/baix-besos-cohesio-tgs-tj\\\/#primaryimage\"},\"image\":{\"@id\":\"https:\\\/\\\/www.esplac.cat\\\/baix-besos-cohesio-tgs-tj\\\/#primaryimage\"},\"thumbnailUrl\":\"https:\\\/\\\/www.esplac.cat\\\/wp-content\\\/uploads\\\/2025\\\/03\\\/TGS-TJ-BBS-scaled.jpg\",\"datePublished\":\"2025-03-19T09:37:02+00:00\",\"description\":\"El Sector Baix Bes\u00f2s s\u2019ha retrobat a la TGS-TJ, una jornada que ha refor\u00e7at els vincles entre els esplais del sector.\",\"breadcrumb\":{\"@id\":\"https:\\\/\\\/www.esplac.cat\\\/baix-besos-cohesio-tgs-tj\\\/#breadcrumb\"},\"inLanguage\":\"es\",\"potentialAction\":[{\"@type\":\"ReadAction\",\"target\":[\"https:\\\/\\\/www.esplac.cat\\\/baix-besos-cohesio-tgs-tj\\\/\"]}]},{\"@type\":\"ImageObject\",\"inLanguage\":\"es\",\"@id\":\"https:\\\/\\\/www.esplac.cat\\\/baix-besos-cohesio-tgs-tj\\\/#primaryimage\",\"url\":\"https:\\\/\\\/www.esplac.cat\\\/wp-content\\\/uploads\\\/2025\\\/03\\\/TGS-TJ-BBS-scaled.jpg\",\"contentUrl\":\"https:\\\/\\\/www.esplac.cat\\\/wp-content\\\/uploads\\\/2025\\\/03\\\/TGS-TJ-BBS-scaled.jpg\",\"width\":2560,\"height\":1056,\"caption\":\"tgs-tj\"},{\"@type\":\"BreadcrumbList\",\"@id\":\"https:\\\/\\\/www.esplac.cat\\\/baix-besos-cohesio-tgs-tj\\\/#breadcrumb\",\"itemListElement\":[{\"@type\":\"ListItem\",\"position\":1,\"name\":\"Inici\",\"item\":\"https:\\\/\\\/www.esplac.cat\\\/es\\\/\"},{\"@type\":\"ListItem\",\"position\":2,\"name\":\"Els esplais del Baix Bes\u00f2s reforcen la cohesi\u00f3 celebrant la TGS-TJ\"}]},{\"@type\":\"WebSite\",\"@id\":\"https:\\\/\\\/www.esplac.cat\\\/#website\",\"url\":\"https:\\\/\\\/www.esplac.cat\\\/\",\"name\":\"Esplac\",\"description\":\"Esplais Catalans\",\"publisher\":{\"@id\":\"https:\\\/\\\/www.esplac.cat\\\/#organization\"},\"potentialAction\":[{\"@type\":\"SearchAction\",\"target\":{\"@type\":\"EntryPoint\",\"urlTemplate\":\"https:\\\/\\\/www.esplac.cat\\\/?s={search_term_string}\"},\"query-input\":{\"@type\":\"PropertyValueSpecification\",\"valueRequired\":true,\"valueName\":\"search_term_string\"}}],\"inLanguage\":\"es\"},{\"@type\":\"Organization\",\"@id\":\"https:\\\/\\\/www.esplac.cat\\\/#organization\",\"name\":\"Esplac\",\"url\":\"https:\\\/\\\/www.esplac.cat\\\/\",\"logo\":{\"@type\":\"ImageObject\",\"inLanguage\":\"es\",\"@id\":\"https:\\\/\\\/www.esplac.cat\\\/#\\\/schema\\\/logo\\\/image\\\/\",\"url\":\"https:\\\/\\\/www.esplac.cat\\\/wp-content\\\/uploads\\\/2019\\\/08\\\/logox2.png\",\"contentUrl\":\"https:\\\/\\\/www.esplac.cat\\\/wp-content\\\/uploads\\\/2019\\\/08\\\/logox2.png\",\"width\":600,\"height\":295,\"caption\":\"Esplac\"},\"image\":{\"@id\":\"https:\\\/\\\/www.esplac.cat\\\/#\\\/schema\\\/logo\\\/image\\\/\"}},{\"@type\":\"Person\",\"@id\":\"https:\\\/\\\/www.esplac.cat\\\/#\\\/schema\\\/person\\\/908383cf240be18b68f8855d0583faca\",\"name\":\"Comunicaci\u00f3 Esplac\",\"image\":{\"@type\":\"ImageObject\",\"inLanguage\":\"es\",\"@id\":\"https:\\\/\\\/secure.gravatar.com\\\/avatar\\\/7a4cf8feb412a76ea4a740ca02d95b06b2907b5a6c648c2dd0a1082a093c3141?s=96&d=mm&r=g\",\"url\":\"https:\\\/\\\/secure.gravatar.com\\\/avatar\\\/7a4cf8feb412a76ea4a740ca02d95b06b2907b5a6c648c2dd0a1082a093c3141?s=96&d=mm&r=g\",\"contentUrl\":\"https:\\\/\\\/secure.gravatar.com\\\/avatar\\\/7a4cf8feb412a76ea4a740ca02d95b06b2907b5a6c648c2dd0a1082a093c3141?s=96&d=mm&r=g\",\"caption\":\"Comunicaci\u00f3 Esplac\"}}]}<\/script>\n<!-- \/ Yoast SEO plugin. -->","yoast_head_json":{"title":"Els esplais del Baix Bes\u00f2s reforcen la cohesi\u00f3 celebrant la TGS-TJ - Esplac","description":"El Sector Baix Bes\u00f2s s\u2019ha retrobat a la TGS-TJ, una jornada que ha refor\u00e7at els vincles entre els esplais del sector.","robots":{"index":"index","follow":"follow","max-snippet":"max-snippet:-1","max-image-preview":"max-image-preview:large","max-video-preview":"max-video-preview:-1"},"canonical":"https:\/\/www.esplac.cat\/baix-besos-cohesio-tgs-tj\/","og_locale":"es_ES","og_type":"article","og_title":"Els esplais del Baix Bes\u00f2s reforcen la cohesi\u00f3 celebrant la TGS-TJ - Esplac","og_description":"El Sector Baix Bes\u00f2s s\u2019ha retrobat a la TGS-TJ, una jornada que ha refor\u00e7at els vincles entre els esplais del sector.","og_url":"https:\/\/www.esplac.cat\/baix-besos-cohesio-tgs-tj\/","og_site_name":"Esplac","article_published_time":"2025-03-19T09:37:02+00:00","og_image":[{"width":2560,"height":1056,"url":"https:\/\/www.esplac.cat\/wp-content\/uploads\/2025\/03\/TGS-TJ-BBS-scaled.jpg","type":"image\/jpeg"}],"author":"Comunicaci\u00f3 Esplac","twitter_card":"summary_large_image","twitter_misc":{"Escrito por":"Comunicaci\u00f3 Esplac","Tiempo de lectura":"2 minutos"},"schema":{"@context":"https:\/\/schema.org","@graph":[{"@type":"Article","@id":"https:\/\/www.esplac.cat\/baix-besos-cohesio-tgs-tj\/#article","isPartOf":{"@id":"https:\/\/www.esplac.cat\/baix-besos-cohesio-tgs-tj\/"},"author":{"name":"Comunicaci\u00f3 Esplac","@id":"https:\/\/www.esplac.cat\/#\/schema\/person\/908383cf240be18b68f8855d0583faca"},"headline":"Els esplais del Baix Bes\u00f2s reforcen la cohesi\u00f3 celebrant la TGS-TJ","datePublished":"2025-03-19T09:37:02+00:00","mainEntityOfPage":{"@id":"https:\/\/www.esplac.cat\/baix-besos-cohesio-tgs-tj\/"},"wordCount":1228,"publisher":{"@id":"https:\/\/www.esplac.cat\/#organization"},"image":{"@id":"https:\/\/www.esplac.cat\/baix-besos-cohesio-tgs-tj\/#primaryimage"},"thumbnailUrl":"https:\/\/www.esplac.cat\/wp-content\/uploads\/2025\/03\/TGS-TJ-BBS-scaled.jpg","articleSection":["Activitats sectors","Sector Baix Bes\u00f2s","Sense categoria"],"inLanguage":"es"},{"@type":"WebPage","@id":"https:\/\/www.esplac.cat\/baix-besos-cohesio-tgs-tj\/","url":"https:\/\/www.esplac.cat\/baix-besos-cohesio-tgs-tj\/","name":"Els esplais del Baix Bes\u00f2s reforcen la cohesi\u00f3 celebrant la TGS-TJ - Esplac","isPartOf":{"@id":"https:\/\/www.esplac.cat\/#website"},"primaryImageOfPage":{"@id":"https:\/\/www.esplac.cat\/baix-besos-cohesio-tgs-tj\/#primaryimage"},"image":{"@id":"https:\/\/www.esplac.cat\/baix-besos-cohesio-tgs-tj\/#primaryimage"},"thumbnailUrl":"https:\/\/www.esplac.cat\/wp-content\/uploads\/2025\/03\/TGS-TJ-BBS-scaled.jpg","datePublished":"2025-03-19T09:37:02+00:00","description":"El Sector Baix Bes\u00f2s s\u2019ha retrobat a la TGS-TJ, una jornada que ha refor\u00e7at els vincles entre els esplais del sector.","breadcrumb":{"@id":"https:\/\/www.esplac.cat\/baix-besos-cohesio-tgs-tj\/#breadcrumb"},"inLanguage":"es","potentialAction":[{"@type":"ReadAction","target":["https:\/\/www.esplac.cat\/baix-besos-cohesio-tgs-tj\/"]}]},{"@type":"ImageObject","inLanguage":"es","@id":"https:\/\/www.esplac.cat\/baix-besos-cohesio-tgs-tj\/#primaryimage","url":"https:\/\/www.esplac.cat\/wp-content\/uploads\/2025\/03\/TGS-TJ-BBS-scaled.jpg","contentUrl":"https:\/\/www.esplac.cat\/wp-content\/uploads\/2025\/03\/TGS-TJ-BBS-scaled.jpg","width":2560,"height":1056,"caption":"tgs-tj"},{"@type":"BreadcrumbList","@id":"https:\/\/www.esplac.cat\/baix-besos-cohesio-tgs-tj\/#breadcrumb","itemListElement":[{"@type":"ListItem","position":1,"name":"Inici","item":"https:\/\/www.esplac.cat\/es\/"},{"@type":"ListItem","position":2,"name":"Els esplais del Baix Bes\u00f2s reforcen la cohesi\u00f3 celebrant la TGS-TJ"}]},{"@type":"WebSite","@id":"https:\/\/www.esplac.cat\/#website","url":"https:\/\/www.esplac.cat\/","name":"Esplac","description":"Esplais Catalans","publisher":{"@id":"https:\/\/www.esplac.cat\/#organization"},"potentialAction":[{"@type":"SearchAction","target":{"@type":"EntryPoint","urlTemplate":"https:\/\/www.esplac.cat\/?s={search_term_string}"},"query-input":{"@type":"PropertyValueSpecification","valueRequired":true,"valueName":"search_term_string"}}],"inLanguage":"es"},{"@type":"Organization","@id":"https:\/\/www.esplac.cat\/#organization","name":"Esplac","url":"https:\/\/www.esplac.cat\/","logo":{"@type":"ImageObject","inLanguage":"es","@id":"https:\/\/www.esplac.cat\/#\/schema\/logo\/image\/","url":"https:\/\/www.esplac.cat\/wp-content\/uploads\/2019\/08\/logox2.png","contentUrl":"https:\/\/www.esplac.cat\/wp-content\/uploads\/2019\/08\/logox2.png","width":600,"height":295,"caption":"Esplac"},"image":{"@id":"https:\/\/www.esplac.cat\/#\/schema\/logo\/image\/"}},{"@type":"Person","@id":"https:\/\/www.esplac.cat\/#\/schema\/person\/908383cf240be18b68f8855d0583faca","name":"Comunicaci\u00f3 Esplac","image":{"@type":"ImageObject","inLanguage":"es","@id":"https:\/\/secure.gravatar.com\/avatar\/7a4cf8feb412a76ea4a740ca02d95b06b2907b5a6c648c2dd0a1082a093c3141?s=96&d=mm&r=g","url":"https:\/\/secure.gravatar.com\/avatar\/7a4cf8feb412a76ea4a740ca02d95b06b2907b5a6c648c2dd0a1082a093c3141?s=96&d=mm&r=g","contentUrl":"https:\/\/secure.gravatar.com\/avatar\/7a4cf8feb412a76ea4a740ca02d95b06b2907b5a6c648c2dd0a1082a093c3141?s=96&d=mm&r=g","caption":"Comunicaci\u00f3 Esplac"}}]}},"_links":{"self":[{"href":"https:\/\/www.esplac.cat\/es\/wp-json\/wp\/v2\/posts\/53003","targetHints":{"allow":["GET"]}}],"collection":[{"href":"https:\/\/www.esplac.cat\/es\/wp-json\/wp\/v2\/posts"}],"about":[{"href":"https:\/\/www.esplac.cat\/es\/wp-json\/wp\/v2\/types\/post"}],"author":[{"embeddable":true,"href":"https:\/\/www.esplac.cat\/es\/wp-json\/wp\/v2\/users\/3"}],"replies":[{"embeddable":true,"href":"https:\/\/www.esplac.cat\/es\/wp-json\/wp\/v2\/comments?post=53003"}],"version-history":[{"count":2,"href":"https:\/\/www.esplac.cat\/es\/wp-json\/wp\/v2\/posts\/53003\/revisions"}],"predecessor-version":[{"id":53008,"href":"https:\/\/www.esplac.cat\/es\/wp-json\/wp\/v2\/posts\/53003\/revisions\/53008"}],"wp:featuredmedia":[{"embeddable":true,"href":"https:\/\/www.esplac.cat\/es\/wp-json\/wp\/v2\/media\/53005"}],"wp:attachment":[{"href":"https:\/\/www.esplac.cat\/es\/wp-json\/wp\/v2\/media?parent=53003"}],"wp:term":[{"taxonomy":"category","embeddable":true,"href":"https:\/\/www.esplac.cat\/es\/wp-json\/wp\/v2\/categories?post=53003"},{"taxonomy":"post_tag","embeddable":true,"href":"https:\/\/www.esplac.cat\/es\/wp-json\/wp\/v2\/tags?post=53003"}],"curies":[{"name":"wp","href":"https:\/\/api.w.org\/{rel}","templated":true}]}}