{"id":53136,"date":"2025-03-26T11:21:15","date_gmt":"2025-03-26T09:21:15","guid":{"rendered":"https:\/\/www.esplac.cat\/?p=53136"},"modified":"2025-03-27T14:04:39","modified_gmt":"2025-03-27T12:04:39","slug":"descobreix-insectes-protagonitzaran-esplaiada","status":"publish","type":"post","link":"https:\/\/www.esplac.cat\/es\/descobreix-insectes-protagonitzaran-esplaiada\/","title":{"rendered":"Descobreix quins insectes protagonitzaran l\u2019Esplaiada i les samarretes que els representen!"},"content":{"rendered":"<div class=\"fusion-fullwidth fullwidth-box fusion-builder-row-1 fusion-flex-container has-pattern-background has-mask-background nonhundred-percent-fullwidth non-hundred-percent-height-scrolling\" style=\"--awb-border-radius-top-left:0px;--awb-border-radius-top-right:0px;--awb-border-radius-bottom-right:0px;--awb-border-radius-bottom-left:0px;--awb-flex-wrap:wrap;\" ><div class=\"fusion-builder-row fusion-row fusion-flex-align-items-flex-start fusion-flex-content-wrap\" style=\"max-width:1248px;margin-left: calc(-4% \/ 2 );margin-right: calc(-4% \/ 2 );\"><div class=\"fusion-layout-column fusion_builder_column fusion-builder-column-0 fusion_builder_column_1_1 1_1 fusion-flex-column\" style=\"--awb-bg-size:cover;--awb-width-large:100%;--awb-margin-top-large:0px;--awb-spacing-right-large:1.92%;--awb-margin-bottom-large:20px;--awb-spacing-left-large:1.92%;--awb-width-medium:100%;--awb-order-medium:0;--awb-spacing-right-medium:1.92%;--awb-spacing-left-medium:1.92%;--awb-width-small:100%;--awb-order-small:0;--awb-spacing-right-small:1.92%;--awb-spacing-left-small:1.92%;\"><div class=\"fusion-column-wrapper fusion-column-has-shadow fusion-flex-justify-content-flex-start fusion-content-layout-column\"><div class=\"fusion-text fusion-text-1\"><h6><strong> Els dies 16, 17 i 18 de maig ens trobarem a Vilanova i la Geltr\u00fa per gaudir de l\u2019Esplaiada, l\u2019activitat m\u00e9s important i amb m\u00e9s assist\u00e8ncia d\u2019Esplac, on ens acompanyaran uns personatges molt petits i molt especials. Descobreix qui s\u00f3n!<\/strong><\/h6>\n<p>Sota el lema <em><strong>Contra el teu odi, que el terra tremoli <\/strong><\/em>a l\u2019<span style=\"color: #f69d0b;\"><a style=\"color: #f69d0b;\" href=\"https:\/\/www.esplac.cat\/trobades\/esplaiada\/\" target=\"_blank\" rel=\"noopener\"><strong>Esplaiada 2025<\/strong><\/a> <\/span>volem denunciar l\u2019auge i generalitzaci\u00f3 dels discursos d\u2019odi i posar en valor les eines que tenim per fer-hi front des dels esplais. Com ja vam anunciar, aquesta reivindicaci\u00f3 la farem de la m\u00e0 d&#8217;uns personatges molt especials que ens acompanyaran durant tota la trobada: <strong>els insectes de l&#8217;Esplaiada<\/strong>!<\/p>\n<p>En aquesta trobada ens endinsarem en la vida d&#8217;un arbre on habiten esp\u00e8cies d\u2019insectes d&#8217;all\u00f2 m\u00e9s diverses. Tot i que viuen plegats, aquests animalons es barallen molt sovint i viuen en una <strong>lluita constant per aconseguir els fruits que s\u00f3n a dalt de tot de l&#8217;arbre<\/strong>. La situaci\u00f3 \u00e9s molt problem\u00e0tica, perqu\u00e8 ja fa temps que entre les diferents esp\u00e8cies d&#8217;insectes s\u2019ha instaurat un clima de divisi\u00f3 total i de competici\u00f3, en qu\u00e8 s&#8217;ha normalitzat l&#8217;odi i la viol\u00e8ncia.<\/p>\n<p>Durant el cap de setmana els esplais d&#8217;Esplac haurem de veure qu\u00e8 fem davant d&#8217;aquesta realitat.<strong> Cada grup d\u2019edat de l&#8217;Esplaiada formar\u00e0 part d\u2019una esp\u00e8cie d&#8217;insectes diferent<\/strong>. Aix\u00ed, els xics seran cuques de llum, els petits seran formigues, els mitjans formaran part dels saltamartins, els grans seran abelles i els joves representaran els escarabats. A m\u00e9s, cada grup portar\u00e0 una samarreta del mateix color que l&#8217;esp\u00e8cie d&#8217;insectes a la que representa. <strong>Fes clic a sobre els insectes per a descobrir-les!<\/strong><\/p>\n<h4><strong>Com seran aquests insectes?<\/strong><\/h4>\n<\/div><\/div><\/div><div class=\"fusion-layout-column fusion_builder_column fusion-builder-column-1 fusion_builder_column_1_3 1_3 fusion-flex-column\" style=\"--awb-bg-size:cover;--awb-width-large:33.333333333333%;--awb-margin-top-large:0px;--awb-spacing-right-large:5.76%;--awb-margin-bottom-large:20px;--awb-spacing-left-large:5.76%;--awb-width-medium:100%;--awb-order-medium:0;--awb-spacing-right-medium:1.92%;--awb-spacing-left-medium:1.92%;--awb-width-small:100%;--awb-order-small:0;--awb-spacing-right-small:1.92%;--awb-spacing-left-small:1.92%;\"><div class=\"fusion-column-wrapper fusion-column-has-shadow fusion-flex-justify-content-flex-start fusion-content-layout-column\"><div class=\"fusion-image-before-after-wrapper fusion-animated type-switch hover-type-together fusion-image-before-after-wrapper-1\" style=\"--awb-font-size:13px;--awb-bordersize:0px;--awb-accent-color-bg:rgba(255,255,255,0.15);--awb-transition-time:0.3s;\" data-animationType=\"fadeInLeft\" data-animationDuration=\"0.3\" data-animationOffset=\"top-into-view\"><div class=\"fusion-image-before-after-element fusion-image-switch fusion-image-before-after-1\"><img decoding=\"async\" alt=\"esplaiada\" class=\"fusion-image-switch-before\" src=\"https:\/\/www.esplac.cat\/wp-content\/uploads\/2025\/03\/1.CUCA_LLUM-300x300.png\" width=\"300\" height=\"300\"><img decoding=\"async\" alt=\"Esplaiada\" class=\"fusion-image-switch-after\" src=\"https:\/\/www.esplac.cat\/wp-content\/uploads\/2025\/03\/1.1-CUCA_LLUM-300x300.png\" width=\"300\" height=\"300\"><\/a><\/div><\/div><\/div><\/div><div class=\"fusion-layout-column fusion_builder_column fusion-builder-column-2 fusion_builder_column_2_3 2_3 fusion-flex-column\" style=\"--awb-bg-size:cover;--awb-width-large:66.666666666667%;--awb-margin-top-large:0px;--awb-spacing-right-large:2.88%;--awb-margin-bottom-large:20px;--awb-spacing-left-large:2.88%;--awb-width-medium:100%;--awb-order-medium:0;--awb-spacing-right-medium:1.92%;--awb-spacing-left-medium:1.92%;--awb-width-small:100%;--awb-order-small:0;--awb-spacing-right-small:1.92%;--awb-spacing-left-small:1.92%;\"><div class=\"fusion-column-wrapper fusion-column-has-shadow fusion-flex-justify-content-flex-start fusion-content-layout-column\"><div class=\"fusion-separator fusion-full-width-sep\" style=\"align-self: center;margin-left: auto;margin-right: auto;margin-top:40px;margin-bottom:40px;width:100%;\"><div class=\"fusion-separator-border sep-single\" style=\"--awb-height:20px;--awb-amount:20px;--awb-sep-color:rgba(246,157,11,0);border-color:rgba(246,157,11,0);border-top-width:1px;\"><\/div><\/div><div class=\"fusion-text fusion-text-2\"><p>Les <strong>cuques de llum<\/strong> s\u00f3n insectes gaireb\u00e9 m\u00e0gics i juguen un paper clau perqu\u00e8 poden il\u00b7luminar als altres a la nit. Tot i aix\u00f2, la resta dels insectes no en s\u00f3n conscients i pensen que ho fan nom\u00e9s per lluir-se.<\/p>\n<\/div><div class=\"fusion-separator fusion-full-width-sep\" style=\"align-self: center;margin-left: auto;margin-right: auto;margin-top:40px;margin-bottom:40px;width:100%;\"><div class=\"fusion-separator-border sep-single\" style=\"--awb-height:20px;--awb-amount:20px;--awb-sep-color:rgba(246,157,11,0);border-color:rgba(246,157,11,0);border-top-width:1px;\"><\/div><\/div><\/div><\/div><div class=\"fusion-layout-column fusion_builder_column fusion-builder-column-3 fusion_builder_column_1_3 1_3 fusion-flex-column\" style=\"--awb-bg-size:cover;--awb-width-large:33.333333333333%;--awb-margin-top-large:0px;--awb-spacing-right-large:5.76%;--awb-margin-bottom-large:20px;--awb-spacing-left-large:5.76%;--awb-width-medium:100%;--awb-order-medium:0;--awb-spacing-right-medium:1.92%;--awb-spacing-left-medium:1.92%;--awb-width-small:100%;--awb-order-small:0;--awb-spacing-right-small:1.92%;--awb-spacing-left-small:1.92%;\"><div class=\"fusion-column-wrapper fusion-column-has-shadow fusion-flex-justify-content-flex-start fusion-content-layout-column\"><div class=\"fusion-image-before-after-wrapper fusion-animated type-switch hover-type-together fusion-image-before-after-wrapper-2\" style=\"--awb-font-size:13px;--awb-bordersize:0px;--awb-accent-color-bg:rgba(255,255,255,0.15);--awb-transition-time:0.3s;\" data-animationType=\"fadeInLeft\" data-animationDuration=\"0.3\" data-animationOffset=\"top-into-view\"><div class=\"fusion-image-before-after-element fusion-image-switch fusion-image-before-after-2\"><img decoding=\"async\" class=\"fusion-image-switch-before\" src=\"https:\/\/www.esplac.cat\/wp-content\/uploads\/2025\/03\/2.-FORMIGA-300x300.png\" width=\"300\" height=\"300\"><img decoding=\"async\" class=\"fusion-image-switch-after\" src=\"https:\/\/www.esplac.cat\/wp-content\/uploads\/2025\/03\/2.1-FORMIGA-300x300.png\" width=\"300\" height=\"300\"><\/a><\/div><\/div><\/div><\/div><div class=\"fusion-layout-column fusion_builder_column fusion-builder-column-4 fusion_builder_column_2_3 2_3 fusion-flex-column\" style=\"--awb-bg-size:cover;--awb-width-large:66.666666666667%;--awb-margin-top-large:0px;--awb-spacing-right-large:2.88%;--awb-margin-bottom-large:20px;--awb-spacing-left-large:2.88%;--awb-width-medium:100%;--awb-order-medium:0;--awb-spacing-right-medium:1.92%;--awb-spacing-left-medium:1.92%;--awb-width-small:100%;--awb-order-small:0;--awb-spacing-right-small:1.92%;--awb-spacing-left-small:1.92%;\"><div class=\"fusion-column-wrapper fusion-column-has-shadow fusion-flex-justify-content-flex-start fusion-content-layout-column\"><div class=\"fusion-separator fusion-full-width-sep\" style=\"align-self: center;margin-left: auto;margin-right: auto;margin-top:40px;margin-bottom:40px;width:100%;\"><div class=\"fusion-separator-border sep-single\" style=\"--awb-height:20px;--awb-amount:20px;--awb-sep-color:rgba(246,157,11,0);border-color:rgba(246,157,11,0);border-top-width:1px;\"><\/div><\/div><div class=\"fusion-text fusion-text-3\"><p>Les <strong>formigues<\/strong> s\u00f3n treballadores i organitzades. Cadascuna t\u00e9 una feina especial i, quan totes col\u00b7laboren, aconsegueixen coses incre\u00efbles! Malgrat tot, de vegades altres insectes desfan els seus camins.<\/p>\n<\/div><div class=\"fusion-separator fusion-full-width-sep\" style=\"align-self: center;margin-left: auto;margin-right: auto;margin-top:40px;margin-bottom:40px;width:100%;\"><div class=\"fusion-separator-border sep-single\" style=\"--awb-height:20px;--awb-amount:20px;--awb-sep-color:rgba(246,157,11,0);border-color:rgba(246,157,11,0);border-top-width:1px;\"><\/div><\/div><\/div><\/div><div class=\"fusion-layout-column fusion_builder_column fusion-builder-column-5 fusion_builder_column_1_3 1_3 fusion-flex-column\" style=\"--awb-bg-size:cover;--awb-width-large:33.333333333333%;--awb-margin-top-large:0px;--awb-spacing-right-large:5.76%;--awb-margin-bottom-large:20px;--awb-spacing-left-large:5.76%;--awb-width-medium:100%;--awb-order-medium:0;--awb-spacing-right-medium:1.92%;--awb-spacing-left-medium:1.92%;--awb-width-small:100%;--awb-order-small:0;--awb-spacing-right-small:1.92%;--awb-spacing-left-small:1.92%;\"><div class=\"fusion-column-wrapper fusion-column-has-shadow fusion-flex-justify-content-flex-start fusion-content-layout-column\"><div class=\"fusion-image-before-after-wrapper fusion-animated type-switch hover-type-together fusion-image-before-after-wrapper-3\" style=\"--awb-font-size:13px;--awb-bordersize:0px;--awb-accent-color-bg:rgba(255,255,255,0.15);--awb-transition-time:0.3s;\" data-animationType=\"fadeInLeft\" data-animationDuration=\"0.3\" data-animationOffset=\"top-into-view\"><div class=\"fusion-image-before-after-element fusion-image-switch fusion-image-before-after-3\"><img decoding=\"async\" class=\"fusion-image-switch-before\" src=\"https:\/\/www.esplac.cat\/wp-content\/uploads\/2025\/03\/3.-SALTAMARTI-300x300.png\" width=\"300\" height=\"300\"><img decoding=\"async\" class=\"fusion-image-switch-after\" src=\"https:\/\/www.esplac.cat\/wp-content\/uploads\/2025\/03\/31.-SALTAMARTI-300x300.png\" width=\"300\" height=\"300\"><\/a><\/div><\/div><\/div><\/div><div class=\"fusion-layout-column fusion_builder_column fusion-builder-column-6 fusion_builder_column_2_3 2_3 fusion-flex-column\" style=\"--awb-bg-size:cover;--awb-width-large:66.666666666667%;--awb-margin-top-large:0px;--awb-spacing-right-large:2.88%;--awb-margin-bottom-large:20px;--awb-spacing-left-large:2.88%;--awb-width-medium:100%;--awb-order-medium:0;--awb-spacing-right-medium:1.92%;--awb-spacing-left-medium:1.92%;--awb-width-small:100%;--awb-order-small:0;--awb-spacing-right-small:1.92%;--awb-spacing-left-small:1.92%;\"><div class=\"fusion-column-wrapper fusion-column-has-shadow fusion-flex-justify-content-flex-start fusion-content-layout-column\"><div class=\"fusion-separator fusion-full-width-sep\" style=\"align-self: center;margin-left: auto;margin-right: auto;margin-top:40px;margin-bottom:50px;width:100%;\"><div class=\"fusion-separator-border sep-single\" style=\"--awb-height:20px;--awb-amount:20px;--awb-sep-color:rgba(246,157,11,0);border-color:rgba(246,157,11,0);border-top-width:1px;\"><\/div><\/div><div class=\"fusion-text fusion-text-4\"><p>Els <strong>saltamartins<\/strong> s\u00f3n \u00e0gils, en\u00e8rgics i lliures. Altres insectes els acusen d&#8217;anar massa pel seu compte i consideren que s\u00f3n molt esbojarrats i no aporten gaire a l\u2019arbre.<\/p>\n<\/div><div class=\"fusion-separator fusion-full-width-sep\" style=\"align-self: center;margin-left: auto;margin-right: auto;margin-top:40px;margin-bottom:40px;width:100%;\"><div class=\"fusion-separator-border sep-single\" style=\"--awb-height:20px;--awb-amount:20px;--awb-sep-color:rgba(246,157,11,0);border-color:rgba(246,157,11,0);border-top-width:1px;\"><\/div><\/div><\/div><\/div><div class=\"fusion-layout-column fusion_builder_column fusion-builder-column-7 fusion_builder_column_1_3 1_3 fusion-flex-column\" style=\"--awb-bg-size:cover;--awb-width-large:33.333333333333%;--awb-margin-top-large:0px;--awb-spacing-right-large:5.76%;--awb-margin-bottom-large:20px;--awb-spacing-left-large:5.76%;--awb-width-medium:100%;--awb-order-medium:0;--awb-spacing-right-medium:1.92%;--awb-spacing-left-medium:1.92%;--awb-width-small:100%;--awb-order-small:0;--awb-spacing-right-small:1.92%;--awb-spacing-left-small:1.92%;\"><div class=\"fusion-column-wrapper fusion-column-has-shadow fusion-flex-justify-content-flex-start fusion-content-layout-column\"><div class=\"fusion-image-before-after-wrapper fusion-animated type-switch hover-type-together has-alignment align-center fusion-image-before-after-wrapper-4\" style=\"--awb-font-size:13px;--awb-bordersize:0px;--awb-accent-color-bg:rgba(255,255,255,0.15);--awb-transition-time:0.5s;\" data-animationType=\"fadeInLeft\" data-animationDuration=\"0.3\" data-animationOffset=\"top-into-view\"><div class=\"fusion-image-before-after-element fusion-image-switch fusion-image-before-after-4\"><img decoding=\"async\" class=\"fusion-image-switch-before\" src=\"https:\/\/www.esplac.cat\/wp-content\/uploads\/2025\/03\/4.-ABELLA-300x300.png\" width=\"300\" height=\"300\"><img decoding=\"async\" class=\"fusion-image-switch-after\" src=\"https:\/\/www.esplac.cat\/wp-content\/uploads\/2025\/03\/41.-ABELLA-300x300.png\" width=\"300\" height=\"300\"><\/a><\/div><\/div><\/div><\/div><div class=\"fusion-layout-column fusion_builder_column fusion-builder-column-8 fusion_builder_column_2_3 2_3 fusion-flex-column\" style=\"--awb-bg-size:cover;--awb-width-large:66.666666666667%;--awb-margin-top-large:0px;--awb-spacing-right-large:2.88%;--awb-margin-bottom-large:20px;--awb-spacing-left-large:2.88%;--awb-width-medium:100%;--awb-order-medium:0;--awb-spacing-right-medium:1.92%;--awb-spacing-left-medium:1.92%;--awb-width-small:100%;--awb-order-small:0;--awb-spacing-right-small:1.92%;--awb-spacing-left-small:1.92%;\"><div class=\"fusion-column-wrapper fusion-column-has-shadow fusion-flex-justify-content-flex-start fusion-content-layout-column\"><div class=\"fusion-separator fusion-full-width-sep\" style=\"align-self: center;margin-left: auto;margin-right: auto;margin-top:50px;margin-bottom:40px;width:100%;\"><div class=\"fusion-separator-border sep-single\" style=\"--awb-height:20px;--awb-amount:20px;--awb-sep-color:rgba(246,157,11,0);border-color:rgba(246,157,11,0);border-top-width:1px;\"><\/div><\/div><div class=\"fusion-text fusion-text-5\"><p>Les <strong>abelles<\/strong> fan que els arbres, les flors i les plantes creixin, s\u00f3n les protectores de la natura. Alguns es pensen que nom\u00e9s fan la guitza o que volen sense sentit.<\/p>\n<\/div><div class=\"fusion-separator fusion-full-width-sep\" style=\"align-self: center;margin-left: auto;margin-right: auto;margin-top:40px;margin-bottom:40px;width:100%;\"><div class=\"fusion-separator-border sep-single\" style=\"--awb-height:20px;--awb-amount:20px;--awb-sep-color:rgba(246,157,11,0);border-color:rgba(246,157,11,0);border-top-width:1px;\"><\/div><\/div><\/div><\/div><div class=\"fusion-layout-column fusion_builder_column fusion-builder-column-9 fusion_builder_column_1_3 1_3 fusion-flex-column\" style=\"--awb-bg-size:cover;--awb-width-large:33.333333333333%;--awb-margin-top-large:0px;--awb-spacing-right-large:5.76%;--awb-margin-bottom-large:20px;--awb-spacing-left-large:5.76%;--awb-width-medium:100%;--awb-order-medium:0;--awb-spacing-right-medium:1.92%;--awb-spacing-left-medium:1.92%;--awb-width-small:100%;--awb-order-small:0;--awb-spacing-right-small:1.92%;--awb-spacing-left-small:1.92%;\"><div class=\"fusion-column-wrapper fusion-column-has-shadow fusion-flex-justify-content-flex-start fusion-content-layout-column\"><div class=\"fusion-image-before-after-wrapper fusion-animated type-switch hover-type-together fusion-image-before-after-wrapper-5\" style=\"--awb-font-size:13px;--awb-bordersize:0px;--awb-accent-color-bg:rgba(255,255,255,0.15);--awb-transition-time:0.3s;\" data-animationType=\"fadeInLeft\" data-animationDuration=\"0.3\" data-animationOffset=\"top-into-view\"><div class=\"fusion-image-before-after-element fusion-image-switch fusion-image-before-after-5\"><img decoding=\"async\" class=\"fusion-image-switch-before\" src=\"https:\/\/www.esplac.cat\/wp-content\/uploads\/2025\/03\/5.-ESCARABAT-300x300.png\" width=\"300\" height=\"300\"><img decoding=\"async\" class=\"fusion-image-switch-after\" src=\"https:\/\/www.esplac.cat\/wp-content\/uploads\/2025\/03\/5.1-ESCARABAT-300x300.png\" width=\"300\" height=\"300\"><\/a><\/div><\/div><\/div><\/div><div class=\"fusion-layout-column fusion_builder_column fusion-builder-column-10 fusion_builder_column_2_3 2_3 fusion-flex-column\" style=\"--awb-bg-size:cover;--awb-width-large:66.666666666667%;--awb-margin-top-large:0px;--awb-spacing-right-large:2.88%;--awb-margin-bottom-large:20px;--awb-spacing-left-large:2.88%;--awb-width-medium:100%;--awb-order-medium:0;--awb-spacing-right-medium:1.92%;--awb-spacing-left-medium:1.92%;--awb-width-small:100%;--awb-order-small:0;--awb-spacing-right-small:1.92%;--awb-spacing-left-small:1.92%;\"><div class=\"fusion-column-wrapper fusion-column-has-shadow fusion-flex-justify-content-flex-start fusion-content-layout-column\"><div class=\"fusion-separator fusion-full-width-sep\" style=\"align-self: center;margin-left: auto;margin-right: auto;margin-top:40px;margin-bottom:40px;width:100%;\"><div class=\"fusion-separator-border sep-single\" style=\"--awb-height:20px;--awb-amount:20px;--awb-sep-color:rgba(246,157,11,0);border-color:rgba(246,157,11,0);border-top-width:1px;\"><\/div><\/div><div class=\"fusion-text fusion-text-6\"><p>Els <strong>escarabats<\/strong> s\u00f3n uns insectes extraordinaris, coneguts per la seva for\u00e7a i capacitat d\u2019adaptaci\u00f3. No nom\u00e9s s\u00f3n supervivents, tamb\u00e9 s\u00f3n els encarregats de mantenir l\u2019equilibri a l\u2019arbre. De vegades, altres insectes els veuen com a bruts, molestos o in\u00fatils, simplement perqu\u00e8 no entenen la seva import\u00e0ncia.<\/p>\n<\/div><div class=\"fusion-separator fusion-full-width-sep\" style=\"align-self: center;margin-left: auto;margin-right: auto;margin-top:40px;margin-bottom:40px;width:100%;\"><div class=\"fusion-separator-border sep-single\" style=\"--awb-height:20px;--awb-amount:20px;--awb-sep-color:rgba(246,157,11,0);border-color:rgba(246,157,11,0);border-top-width:1px;\"><\/div><\/div><\/div><\/div><div class=\"fusion-layout-column fusion_builder_column fusion-builder-column-11 fusion_builder_column_1_1 1_1 fusion-flex-column\" style=\"--awb-bg-size:cover;--awb-width-large:100%;--awb-margin-top-large:0px;--awb-spacing-right-large:1.92%;--awb-margin-bottom-large:20px;--awb-spacing-left-large:1.92%;--awb-width-medium:100%;--awb-order-medium:0;--awb-spacing-right-medium:1.92%;--awb-spacing-left-medium:1.92%;--awb-width-small:100%;--awb-order-small:0;--awb-spacing-right-small:1.92%;--awb-spacing-left-small:1.92%;\"><div class=\"fusion-column-wrapper fusion-column-has-shadow fusion-flex-justify-content-flex-start fusion-content-layout-column\"><div class=\"fusion-text fusion-text-7\"><h4><strong>\u00daltims dies per apuntar-se a l&#8217;esplaiada!<\/strong><\/h4>\n<p>Nom\u00e9s queden 5 dies perqu\u00e8 tanquin les <span style=\"color: #f69d0b;\"><a style=\"color: #f69d0b;\" href=\"https:\/\/era.esplac.cat\/#\/gestio-personal\/activitats\/viz\/67596fd97e7a6d78f6b14119\" target=\"_blank\" rel=\"noopener\"><strong>inscripcions:<\/strong><\/a> <\/span>teniu temps fins al 31 de mar\u00e7! Recordeu que podeu fer \u00fas de la <span style=\"color: #f69d0b;\"><a style=\"color: #f69d0b;\" href=\"https:\/\/www.esplac.cat\/wp-content\/uploads\/2025\/01\/Manual-Inscripcions_Esplaiada25.pdf\" target=\"_blank\" rel=\"noopener\"><strong>Guia d\u2019Inscripcions<\/strong><\/a><\/span>, els v\u00eddeos que us hem fet arribar per correu o els FAQS (actualitzats) del <span style=\"color: #f69d0b;\"><a style=\"color: #f69d0b;\" href=\"https:\/\/www.esplac.cat\/trobades\/esplaiada\/\" target=\"_blank\" rel=\"noopener\"><strong>web de l\u2019Esplaiada<\/strong><\/a><\/span>.<\/p>\n<p>No oblideu preguntar als grups de joves quins tallers volen fer, parlar amb infants i joves quina talla de samarreta volen i tenir actualitzades les dades a l\u2019Era. Si teniu qualsevol dubte, contacteu amb la Coordinadora de Projectes del vostre sector!<\/p>\n<\/div><\/div><\/div><\/div><\/div>\n","protected":false},"excerpt":{"rendered":"","protected":false},"author":3,"featured_media":53166,"comment_status":"closed","ping_status":"closed","sticky":false,"template":"","format":"standard","meta":{"om_disable_all_campaigns":false,"_monsterinsights_skip_tracking":false,"_monsterinsights_sitenote_active":false,"_monsterinsights_sitenote_note":"","_monsterinsights_sitenote_category":0,"_uf_show_specific_survey":0,"_uf_disable_surveys":false,"footnotes":""},"categories":[1111,1136,1167,1],"tags":[],"class_list":["post-53136","post","type-post","status-publish","format-standard","has-post-thumbnail","hentry","category-activitats-esplac","category-esplaiada","category-infancia","category-sense-categoria"],"yoast_head":"<!-- This site is optimized with the Yoast SEO plugin v27.5 - https:\/\/yoast.com\/product\/yoast-seo-wordpress\/ -->\n<title>Descobreix quins insectes protagonitzaran l\u2019Esplaiada!<\/title>\n<meta name=\"description\" content=\"Els dies 16, 17 i 18 de maig ens trobarem a Vilanova i la Geltr\u00fa per gaudir de l\u2019Esplaiada, l\u2019activitat m\u00e9s important d\u2019Esplac.\" \/>\n<meta name=\"robots\" content=\"index, follow, max-snippet:-1, max-image-preview:large, max-video-preview:-1\" \/>\n<link rel=\"canonical\" href=\"https:\/\/www.esplac.cat\/descobreix-insectes-protagonitzaran-esplaiada\/\" \/>\n<meta property=\"og:locale\" content=\"es_ES\" \/>\n<meta property=\"og:type\" content=\"article\" \/>\n<meta property=\"og:title\" content=\"Descobreix quins insectes protagonitzaran l\u2019Esplaiada!\" \/>\n<meta property=\"og:description\" content=\"Els dies 16, 17 i 18 de maig ens trobarem a Vilanova i la Geltr\u00fa per gaudir de l\u2019Esplaiada, l\u2019activitat m\u00e9s important d\u2019Esplac.\" \/>\n<meta property=\"og:url\" content=\"https:\/\/www.esplac.cat\/descobreix-insectes-protagonitzaran-esplaiada\/\" \/>\n<meta property=\"og:site_name\" content=\"Esplac\" \/>\n<meta property=\"article:published_time\" content=\"2025-03-26T09:21:15+00:00\" \/>\n<meta property=\"article:modified_time\" content=\"2025-03-27T12:04:39+00:00\" \/>\n<meta property=\"og:image\" content=\"https:\/\/www.esplac.cat\/wp-content\/uploads\/2025\/03\/CI-Esplaiada-1.jpg\" \/>\n\t<meta property=\"og:image:width\" content=\"1697\" \/>\n\t<meta property=\"og:image:height\" content=\"700\" \/>\n\t<meta property=\"og:image:type\" content=\"image\/jpeg\" \/>\n<meta name=\"author\" content=\"Comunicaci\u00f3 Esplac\" \/>\n<meta name=\"twitter:card\" content=\"summary_large_image\" \/>\n<meta name=\"twitter:label1\" content=\"Escrito por\" \/>\n\t<meta name=\"twitter:data1\" content=\"Comunicaci\u00f3 Esplac\" \/>\n\t<meta name=\"twitter:label2\" content=\"Tiempo de lectura\" \/>\n\t<meta name=\"twitter:data2\" content=\"6 minutos\" \/>\n<script type=\"application\/ld+json\" class=\"yoast-schema-graph\">{\"@context\":\"https:\\\/\\\/schema.org\",\"@graph\":[{\"@type\":\"Article\",\"@id\":\"https:\\\/\\\/www.esplac.cat\\\/descobreix-insectes-protagonitzaran-esplaiada\\\/#article\",\"isPartOf\":{\"@id\":\"https:\\\/\\\/www.esplac.cat\\\/descobreix-insectes-protagonitzaran-esplaiada\\\/\"},\"author\":{\"name\":\"Comunicaci\u00f3 Esplac\",\"@id\":\"https:\\\/\\\/www.esplac.cat\\\/#\\\/schema\\\/person\\\/908383cf240be18b68f8855d0583faca\"},\"headline\":\"Descobreix quins insectes protagonitzaran l\u2019Esplaiada i les samarretes que els representen!\",\"datePublished\":\"2025-03-26T09:21:15+00:00\",\"dateModified\":\"2025-03-27T12:04:39+00:00\",\"mainEntityOfPage\":{\"@id\":\"https:\\\/\\\/www.esplac.cat\\\/descobreix-insectes-protagonitzaran-esplaiada\\\/\"},\"wordCount\":7647,\"publisher\":{\"@id\":\"https:\\\/\\\/www.esplac.cat\\\/#organization\"},\"image\":{\"@id\":\"https:\\\/\\\/www.esplac.cat\\\/descobreix-insectes-protagonitzaran-esplaiada\\\/#primaryimage\"},\"thumbnailUrl\":\"https:\\\/\\\/www.esplac.cat\\\/wp-content\\\/uploads\\\/2025\\\/03\\\/CI-Esplaiada-1.jpg\",\"articleSection\":[\"Activitats esplac\",\"Esplaiada\",\"Inf\u00e0ncia i Esplaiada\",\"Sense categoria\"],\"inLanguage\":\"es\"},{\"@type\":\"WebPage\",\"@id\":\"https:\\\/\\\/www.esplac.cat\\\/descobreix-insectes-protagonitzaran-esplaiada\\\/\",\"url\":\"https:\\\/\\\/www.esplac.cat\\\/descobreix-insectes-protagonitzaran-esplaiada\\\/\",\"name\":\"Descobreix quins insectes protagonitzaran l\u2019Esplaiada!\",\"isPartOf\":{\"@id\":\"https:\\\/\\\/www.esplac.cat\\\/#website\"},\"primaryImageOfPage\":{\"@id\":\"https:\\\/\\\/www.esplac.cat\\\/descobreix-insectes-protagonitzaran-esplaiada\\\/#primaryimage\"},\"image\":{\"@id\":\"https:\\\/\\\/www.esplac.cat\\\/descobreix-insectes-protagonitzaran-esplaiada\\\/#primaryimage\"},\"thumbnailUrl\":\"https:\\\/\\\/www.esplac.cat\\\/wp-content\\\/uploads\\\/2025\\\/03\\\/CI-Esplaiada-1.jpg\",\"datePublished\":\"2025-03-26T09:21:15+00:00\",\"dateModified\":\"2025-03-27T12:04:39+00:00\",\"description\":\"Els dies 16, 17 i 18 de maig ens trobarem a Vilanova i la Geltr\u00fa per gaudir de l\u2019Esplaiada, l\u2019activitat m\u00e9s important d\u2019Esplac.\",\"breadcrumb\":{\"@id\":\"https:\\\/\\\/www.esplac.cat\\\/descobreix-insectes-protagonitzaran-esplaiada\\\/#breadcrumb\"},\"inLanguage\":\"es\",\"potentialAction\":[{\"@type\":\"ReadAction\",\"target\":[\"https:\\\/\\\/www.esplac.cat\\\/descobreix-insectes-protagonitzaran-esplaiada\\\/\"]}]},{\"@type\":\"ImageObject\",\"inLanguage\":\"es\",\"@id\":\"https:\\\/\\\/www.esplac.cat\\\/descobreix-insectes-protagonitzaran-esplaiada\\\/#primaryimage\",\"url\":\"https:\\\/\\\/www.esplac.cat\\\/wp-content\\\/uploads\\\/2025\\\/03\\\/CI-Esplaiada-1.jpg\",\"contentUrl\":\"https:\\\/\\\/www.esplac.cat\\\/wp-content\\\/uploads\\\/2025\\\/03\\\/CI-Esplaiada-1.jpg\",\"width\":1697,\"height\":700},{\"@type\":\"BreadcrumbList\",\"@id\":\"https:\\\/\\\/www.esplac.cat\\\/descobreix-insectes-protagonitzaran-esplaiada\\\/#breadcrumb\",\"itemListElement\":[{\"@type\":\"ListItem\",\"position\":1,\"name\":\"Inici\",\"item\":\"https:\\\/\\\/www.esplac.cat\\\/es\\\/\"},{\"@type\":\"ListItem\",\"position\":2,\"name\":\"Descobreix quins insectes protagonitzaran l\u2019Esplaiada i les samarretes que els representen!\"}]},{\"@type\":\"WebSite\",\"@id\":\"https:\\\/\\\/www.esplac.cat\\\/#website\",\"url\":\"https:\\\/\\\/www.esplac.cat\\\/\",\"name\":\"Esplac\",\"description\":\"Esplais Catalans\",\"publisher\":{\"@id\":\"https:\\\/\\\/www.esplac.cat\\\/#organization\"},\"potentialAction\":[{\"@type\":\"SearchAction\",\"target\":{\"@type\":\"EntryPoint\",\"urlTemplate\":\"https:\\\/\\\/www.esplac.cat\\\/?s={search_term_string}\"},\"query-input\":{\"@type\":\"PropertyValueSpecification\",\"valueRequired\":true,\"valueName\":\"search_term_string\"}}],\"inLanguage\":\"es\"},{\"@type\":\"Organization\",\"@id\":\"https:\\\/\\\/www.esplac.cat\\\/#organization\",\"name\":\"Esplac\",\"url\":\"https:\\\/\\\/www.esplac.cat\\\/\",\"logo\":{\"@type\":\"ImageObject\",\"inLanguage\":\"es\",\"@id\":\"https:\\\/\\\/www.esplac.cat\\\/#\\\/schema\\\/logo\\\/image\\\/\",\"url\":\"https:\\\/\\\/www.esplac.cat\\\/wp-content\\\/uploads\\\/2019\\\/08\\\/logox2.png\",\"contentUrl\":\"https:\\\/\\\/www.esplac.cat\\\/wp-content\\\/uploads\\\/2019\\\/08\\\/logox2.png\",\"width\":600,\"height\":295,\"caption\":\"Esplac\"},\"image\":{\"@id\":\"https:\\\/\\\/www.esplac.cat\\\/#\\\/schema\\\/logo\\\/image\\\/\"}},{\"@type\":\"Person\",\"@id\":\"https:\\\/\\\/www.esplac.cat\\\/#\\\/schema\\\/person\\\/908383cf240be18b68f8855d0583faca\",\"name\":\"Comunicaci\u00f3 Esplac\",\"image\":{\"@type\":\"ImageObject\",\"inLanguage\":\"es\",\"@id\":\"https:\\\/\\\/secure.gravatar.com\\\/avatar\\\/7a4cf8feb412a76ea4a740ca02d95b06b2907b5a6c648c2dd0a1082a093c3141?s=96&d=mm&r=g\",\"url\":\"https:\\\/\\\/secure.gravatar.com\\\/avatar\\\/7a4cf8feb412a76ea4a740ca02d95b06b2907b5a6c648c2dd0a1082a093c3141?s=96&d=mm&r=g\",\"contentUrl\":\"https:\\\/\\\/secure.gravatar.com\\\/avatar\\\/7a4cf8feb412a76ea4a740ca02d95b06b2907b5a6c648c2dd0a1082a093c3141?s=96&d=mm&r=g\",\"caption\":\"Comunicaci\u00f3 Esplac\"}}]}<\/script>\n<!-- \/ Yoast SEO plugin. -->","yoast_head_json":{"title":"Descobreix quins insectes protagonitzaran l\u2019Esplaiada!","description":"Els dies 16, 17 i 18 de maig ens trobarem a Vilanova i la Geltr\u00fa per gaudir de l\u2019Esplaiada, l\u2019activitat m\u00e9s important d\u2019Esplac.","robots":{"index":"index","follow":"follow","max-snippet":"max-snippet:-1","max-image-preview":"max-image-preview:large","max-video-preview":"max-video-preview:-1"},"canonical":"https:\/\/www.esplac.cat\/descobreix-insectes-protagonitzaran-esplaiada\/","og_locale":"es_ES","og_type":"article","og_title":"Descobreix quins insectes protagonitzaran l\u2019Esplaiada!","og_description":"Els dies 16, 17 i 18 de maig ens trobarem a Vilanova i la Geltr\u00fa per gaudir de l\u2019Esplaiada, l\u2019activitat m\u00e9s important d\u2019Esplac.","og_url":"https:\/\/www.esplac.cat\/descobreix-insectes-protagonitzaran-esplaiada\/","og_site_name":"Esplac","article_published_time":"2025-03-26T09:21:15+00:00","article_modified_time":"2025-03-27T12:04:39+00:00","og_image":[{"width":1697,"height":700,"url":"https:\/\/www.esplac.cat\/wp-content\/uploads\/2025\/03\/CI-Esplaiada-1.jpg","type":"image\/jpeg"}],"author":"Comunicaci\u00f3 Esplac","twitter_card":"summary_large_image","twitter_misc":{"Escrito por":"Comunicaci\u00f3 Esplac","Tiempo de lectura":"6 minutos"},"schema":{"@context":"https:\/\/schema.org","@graph":[{"@type":"Article","@id":"https:\/\/www.esplac.cat\/descobreix-insectes-protagonitzaran-esplaiada\/#article","isPartOf":{"@id":"https:\/\/www.esplac.cat\/descobreix-insectes-protagonitzaran-esplaiada\/"},"author":{"name":"Comunicaci\u00f3 Esplac","@id":"https:\/\/www.esplac.cat\/#\/schema\/person\/908383cf240be18b68f8855d0583faca"},"headline":"Descobreix quins insectes protagonitzaran l\u2019Esplaiada i les samarretes que els representen!","datePublished":"2025-03-26T09:21:15+00:00","dateModified":"2025-03-27T12:04:39+00:00","mainEntityOfPage":{"@id":"https:\/\/www.esplac.cat\/descobreix-insectes-protagonitzaran-esplaiada\/"},"wordCount":7647,"publisher":{"@id":"https:\/\/www.esplac.cat\/#organization"},"image":{"@id":"https:\/\/www.esplac.cat\/descobreix-insectes-protagonitzaran-esplaiada\/#primaryimage"},"thumbnailUrl":"https:\/\/www.esplac.cat\/wp-content\/uploads\/2025\/03\/CI-Esplaiada-1.jpg","articleSection":["Activitats esplac","Esplaiada","Inf\u00e0ncia i Esplaiada","Sense categoria"],"inLanguage":"es"},{"@type":"WebPage","@id":"https:\/\/www.esplac.cat\/descobreix-insectes-protagonitzaran-esplaiada\/","url":"https:\/\/www.esplac.cat\/descobreix-insectes-protagonitzaran-esplaiada\/","name":"Descobreix quins insectes protagonitzaran l\u2019Esplaiada!","isPartOf":{"@id":"https:\/\/www.esplac.cat\/#website"},"primaryImageOfPage":{"@id":"https:\/\/www.esplac.cat\/descobreix-insectes-protagonitzaran-esplaiada\/#primaryimage"},"image":{"@id":"https:\/\/www.esplac.cat\/descobreix-insectes-protagonitzaran-esplaiada\/#primaryimage"},"thumbnailUrl":"https:\/\/www.esplac.cat\/wp-content\/uploads\/2025\/03\/CI-Esplaiada-1.jpg","datePublished":"2025-03-26T09:21:15+00:00","dateModified":"2025-03-27T12:04:39+00:00","description":"Els dies 16, 17 i 18 de maig ens trobarem a Vilanova i la Geltr\u00fa per gaudir de l\u2019Esplaiada, l\u2019activitat m\u00e9s important d\u2019Esplac.","breadcrumb":{"@id":"https:\/\/www.esplac.cat\/descobreix-insectes-protagonitzaran-esplaiada\/#breadcrumb"},"inLanguage":"es","potentialAction":[{"@type":"ReadAction","target":["https:\/\/www.esplac.cat\/descobreix-insectes-protagonitzaran-esplaiada\/"]}]},{"@type":"ImageObject","inLanguage":"es","@id":"https:\/\/www.esplac.cat\/descobreix-insectes-protagonitzaran-esplaiada\/#primaryimage","url":"https:\/\/www.esplac.cat\/wp-content\/uploads\/2025\/03\/CI-Esplaiada-1.jpg","contentUrl":"https:\/\/www.esplac.cat\/wp-content\/uploads\/2025\/03\/CI-Esplaiada-1.jpg","width":1697,"height":700},{"@type":"BreadcrumbList","@id":"https:\/\/www.esplac.cat\/descobreix-insectes-protagonitzaran-esplaiada\/#breadcrumb","itemListElement":[{"@type":"ListItem","position":1,"name":"Inici","item":"https:\/\/www.esplac.cat\/es\/"},{"@type":"ListItem","position":2,"name":"Descobreix quins insectes protagonitzaran l\u2019Esplaiada i les samarretes que els representen!"}]},{"@type":"WebSite","@id":"https:\/\/www.esplac.cat\/#website","url":"https:\/\/www.esplac.cat\/","name":"Esplac","description":"Esplais Catalans","publisher":{"@id":"https:\/\/www.esplac.cat\/#organization"},"potentialAction":[{"@type":"SearchAction","target":{"@type":"EntryPoint","urlTemplate":"https:\/\/www.esplac.cat\/?s={search_term_string}"},"query-input":{"@type":"PropertyValueSpecification","valueRequired":true,"valueName":"search_term_string"}}],"inLanguage":"es"},{"@type":"Organization","@id":"https:\/\/www.esplac.cat\/#organization","name":"Esplac","url":"https:\/\/www.esplac.cat\/","logo":{"@type":"ImageObject","inLanguage":"es","@id":"https:\/\/www.esplac.cat\/#\/schema\/logo\/image\/","url":"https:\/\/www.esplac.cat\/wp-content\/uploads\/2019\/08\/logox2.png","contentUrl":"https:\/\/www.esplac.cat\/wp-content\/uploads\/2019\/08\/logox2.png","width":600,"height":295,"caption":"Esplac"},"image":{"@id":"https:\/\/www.esplac.cat\/#\/schema\/logo\/image\/"}},{"@type":"Person","@id":"https:\/\/www.esplac.cat\/#\/schema\/person\/908383cf240be18b68f8855d0583faca","name":"Comunicaci\u00f3 Esplac","image":{"@type":"ImageObject","inLanguage":"es","@id":"https:\/\/secure.gravatar.com\/avatar\/7a4cf8feb412a76ea4a740ca02d95b06b2907b5a6c648c2dd0a1082a093c3141?s=96&d=mm&r=g","url":"https:\/\/secure.gravatar.com\/avatar\/7a4cf8feb412a76ea4a740ca02d95b06b2907b5a6c648c2dd0a1082a093c3141?s=96&d=mm&r=g","contentUrl":"https:\/\/secure.gravatar.com\/avatar\/7a4cf8feb412a76ea4a740ca02d95b06b2907b5a6c648c2dd0a1082a093c3141?s=96&d=mm&r=g","caption":"Comunicaci\u00f3 Esplac"}}]}},"_links":{"self":[{"href":"https:\/\/www.esplac.cat\/es\/wp-json\/wp\/v2\/posts\/53136","targetHints":{"allow":["GET"]}}],"collection":[{"href":"https:\/\/www.esplac.cat\/es\/wp-json\/wp\/v2\/posts"}],"about":[{"href":"https:\/\/www.esplac.cat\/es\/wp-json\/wp\/v2\/types\/post"}],"author":[{"embeddable":true,"href":"https:\/\/www.esplac.cat\/es\/wp-json\/wp\/v2\/users\/3"}],"replies":[{"embeddable":true,"href":"https:\/\/www.esplac.cat\/es\/wp-json\/wp\/v2\/comments?post=53136"}],"version-history":[{"count":26,"href":"https:\/\/www.esplac.cat\/es\/wp-json\/wp\/v2\/posts\/53136\/revisions"}],"predecessor-version":[{"id":53321,"href":"https:\/\/www.esplac.cat\/es\/wp-json\/wp\/v2\/posts\/53136\/revisions\/53321"}],"wp:featuredmedia":[{"embeddable":true,"href":"https:\/\/www.esplac.cat\/es\/wp-json\/wp\/v2\/media\/53166"}],"wp:attachment":[{"href":"https:\/\/www.esplac.cat\/es\/wp-json\/wp\/v2\/media?parent=53136"}],"wp:term":[{"taxonomy":"category","embeddable":true,"href":"https:\/\/www.esplac.cat\/es\/wp-json\/wp\/v2\/categories?post=53136"},{"taxonomy":"post_tag","embeddable":true,"href":"https:\/\/www.esplac.cat\/es\/wp-json\/wp\/v2\/tags?post=53136"}],"curies":[{"name":"wp","href":"https:\/\/api.w.org\/{rel}","templated":true}]}}