{"id":53340,"date":"2025-03-28T14:20:33","date_gmt":"2025-03-28T12:20:33","guid":{"rendered":"https:\/\/www.esplac.cat\/?p=53340"},"modified":"2025-03-28T14:20:33","modified_gmt":"2025-03-28T12:20:33","slug":"com-es-que-encara-no-ets-socia-esplac","status":"publish","type":"post","link":"https:\/\/www.esplac.cat\/es\/com-es-que-encara-no-ets-socia-esplac\/","title":{"rendered":"I tu, com \u00e9s que encara no ets s\u00f2cia d\u2019Esplac?"},"content":{"rendered":"<div class=\"fusion-fullwidth fullwidth-box fusion-builder-row-1 fusion-flex-container has-pattern-background has-mask-background nonhundred-percent-fullwidth non-hundred-percent-height-scrolling\" style=\"--awb-border-radius-top-left:0px;--awb-border-radius-top-right:0px;--awb-border-radius-bottom-right:0px;--awb-border-radius-bottom-left:0px;--awb-flex-wrap:wrap;\" ><div class=\"fusion-builder-row fusion-row fusion-flex-align-items-flex-start fusion-flex-content-wrap\" style=\"max-width:1248px;margin-left: calc(-4% \/ 2 );margin-right: calc(-4% \/ 2 );\"><div class=\"fusion-layout-column fusion_builder_column fusion-builder-column-0 fusion_builder_column_1_1 1_1 fusion-flex-column\" style=\"--awb-bg-size:cover;--awb-width-large:100%;--awb-margin-top-large:0px;--awb-spacing-right-large:1.92%;--awb-margin-bottom-large:20px;--awb-spacing-left-large:1.92%;--awb-width-medium:100%;--awb-order-medium:0;--awb-spacing-right-medium:1.92%;--awb-spacing-left-medium:1.92%;--awb-width-small:100%;--awb-order-small:0;--awb-spacing-right-small:1.92%;--awb-spacing-left-small:1.92%;\"><div class=\"fusion-column-wrapper fusion-column-has-shadow fusion-flex-justify-content-flex-start fusion-content-layout-column\"><div class=\"fusion-text fusion-text-1\"><h6><strong>Cada cop s\u00f3n m\u00e9s les persones que aposten per fer-se s\u00f2cies d\u2019Esplais Catalans, una manera de donar suport directe als esplais i enfortir, aix\u00ed, la tasca del lleure educatiu.<\/strong><\/h6>\n<p>Sota el lema <strong>\u00abEl canvi comen\u00e7a a l\u2019esplai. Fem cr\u00e9ixer l\u2019educaci\u00f3 que revoluciona!\u00bb<\/strong>, des d\u2019Esplac ja fa gaireb\u00e9 dos mesos que vam llan\u00e7ar una <a href=\"https:\/\/www.esplac.cat\/descobreix-amaga-darrere-nova-campanya-socies-esplac\/\" target=\"_blank\" rel=\"noopener\"><span style=\"color: #f69d0b;\"><strong>campanya comunicativa<\/strong> <\/span><\/a>per sumar noves s\u00f2cies i socis al projecte. Des de l\u2019associaci\u00f3 volem augmentar el finan\u00e7ament propi dels esplais i d\u2019Esplac, per refor\u00e7ar la tasca educativa del lleure educatiu i dependre menys del finan\u00e7ament p\u00fablic.<\/p>\n<p>Tal com es va aprovar a l\u2019\u00faltima Assemblea General Ordin\u00e0ria d\u2019Esplac, a partir d\u2019ara, <strong>el 50% de les quotes de les s\u00f2cies es destina directament als esplais<\/strong>! La resta de la quota serveix per enfortir els projectes d\u2019Esplac i el funcionament del dia a dia de l\u2019entitat. Aix\u00ed doncs, fer-se s\u00f2cia d\u2019Esplac \u00e9s una manera f\u00e0cil i directa de defensar un model d\u2019educaci\u00f3 popular que es basa en la participaci\u00f3 i els drets dels infants.<\/p>\n<p><strong>Cada cop s\u00f3n m\u00e9s les persones que han decidit fer el pas i associar-se a Esplac<\/strong>. Les raons s\u00f3n d\u2019all\u00f2 m\u00e9s diverses! Sergi Bogatell, EGS del Sector Barcelona Oest, destaca que \u201cdespr\u00e9s de tota una vida anant a l\u2019esplai\u201d, per a ell fer-se soci d\u2019Esplac \u201c\u00e9s una manera de seguir creient en el projecte\u201d i defensar \u201cla import\u00e0ncia del lleure educatiu en la nostra societat\u201d. Per a Bernat Riu, exdirigent, la principal ra\u00f3 per a fer-se soci ha estat poder seguir participant del projecte. I \u00e9s que com a persona s\u00f2cia d\u2019Esplac pots formar part de les comissions i grups de treball de l\u2019associaci\u00f3 i de l\u2019Equip de Redacci\u00f3 de la revista digital <span style=\"color: #f69d0b;\"><strong><a style=\"color: #f69d0b;\" href=\"https:\/\/www.lapiqueta.cat\/\" target=\"_blank\" rel=\"noopener\">La Piqueta<\/a><\/strong><\/span>.<\/p>\n<p>A qu\u00e8 esperes? <a href=\"https:\/\/www.esplac.cat\/fes-te-socia\/\" target=\"_blank\" rel=\"noopener\"><strong><span style=\"color: #f69d0b;\">Suma\u2019t a la campanya<\/span><\/strong><\/a> i contribueix tu tamb\u00e9 a fer m\u00e9s forts els esplais i la seva tasca transformadora!<\/p>\n<h4><strong>Nou marxandatge!<\/strong><\/h4>\n<p>Recorda que si et fas s\u00f2cia o soci rebr\u00e0s un <strong>calendari anual gratu\u00eft<\/strong> amb il\u00b7lustracions que representen els valors de l\u2019associaci\u00f3 i tot all\u00f2 que volem reivindicar. Aquest any el disseny l\u2019ha fet la Paula Montalb\u00e1n, la dissenyadora que ha fet el cartell de l\u2019Esplaiada. <span style=\"color: #f69d0b;\"><a style=\"color: #f69d0b;\" href=\"https:\/\/infoesplac.typeform.com\/to\/FvQ56uqt?typeform-source=www.esplac.cat\" target=\"_blank\" rel=\"noopener\"><strong>Demana\u2019l aqu\u00ed!<\/strong> <\/a><\/span>Aquest curs, a m\u00e9s, tamb\u00e9 t\u2019emportar\u00e0s la <strong>llibreta \u201cEsplais anticapitalistes\u201d<\/strong>.<\/p>\n<\/div><div class=\"awb-gallery-wrapper awb-gallery-wrapper-1 button-span-no\" style=\"--more-btn-alignment:center;\"><div style=\"margin:-5px;--awb-bordersize:0px;\" class=\"fusion-gallery fusion-gallery-container fusion-grid-2 fusion-columns-total-2 fusion-gallery-layout-grid fusion-gallery-1\"><div style=\"padding:5px;\" class=\"fusion-grid-column fusion-gallery-column fusion-gallery-column-2 hover-type-none\"><div class=\"fusion-gallery-image\"><a href=\"https:\/\/www.esplac.cat\/wp-content\/uploads\/2025\/03\/Calendari_socies_1.jpg\" rel=\"noreferrer\" data-rel=\"iLightbox[gallery_image_1]\" class=\"fusion-lightbox\" target=\"_self\"><img decoding=\"async\" src=\"https:\/\/www.esplac.cat\/wp-content\/uploads\/2025\/03\/Calendari_socies_1.jpg\" width=\"2025\" height=\"2025\" alt=\"\" title=\"Calendari_so\u0300cies_1\" aria-label=\"Calendari_so\u0300cies_1\" class=\"img-responsive wp-image-53346\" srcset=\"https:\/\/www.esplac.cat\/wp-content\/uploads\/2025\/03\/Calendari_socies_1-200x200.jpg 200w, https:\/\/www.esplac.cat\/wp-content\/uploads\/2025\/03\/Calendari_socies_1-400x400.jpg 400w, https:\/\/www.esplac.cat\/wp-content\/uploads\/2025\/03\/Calendari_socies_1-600x600.jpg 600w, https:\/\/www.esplac.cat\/wp-content\/uploads\/2025\/03\/Calendari_socies_1-800x800.jpg 800w, https:\/\/www.esplac.cat\/wp-content\/uploads\/2025\/03\/Calendari_socies_1-1200x1200.jpg 1200w, https:\/\/www.esplac.cat\/wp-content\/uploads\/2025\/03\/Calendari_socies_1.jpg 2025w\" sizes=\"(min-width: 2200px) 100vw, (min-width: 712px) 598px, (min-width: 640px) 712px, \" \/><\/a><\/div><\/div><div style=\"padding:5px;\" class=\"fusion-grid-column fusion-gallery-column fusion-gallery-column-2 hover-type-none\"><div class=\"fusion-gallery-image\"><a href=\"https:\/\/www.esplac.cat\/wp-content\/uploads\/2025\/03\/Calendari_socies_2.jpg\" rel=\"noreferrer\" data-rel=\"iLightbox[gallery_image_1]\" class=\"fusion-lightbox\" target=\"_self\"><img decoding=\"async\" src=\"https:\/\/www.esplac.cat\/wp-content\/uploads\/2025\/03\/Calendari_socies_2.jpg\" width=\"1620\" height=\"1620\" alt=\"\" title=\"Calendari_so\u0300cies_2\" aria-label=\"Calendari_so\u0300cies_2\" class=\"img-responsive wp-image-53349\" srcset=\"https:\/\/www.esplac.cat\/wp-content\/uploads\/2025\/03\/Calendari_socies_2-200x200.jpg 200w, https:\/\/www.esplac.cat\/wp-content\/uploads\/2025\/03\/Calendari_socies_2-400x400.jpg 400w, https:\/\/www.esplac.cat\/wp-content\/uploads\/2025\/03\/Calendari_socies_2-600x600.jpg 600w, https:\/\/www.esplac.cat\/wp-content\/uploads\/2025\/03\/Calendari_socies_2-800x800.jpg 800w, https:\/\/www.esplac.cat\/wp-content\/uploads\/2025\/03\/Calendari_socies_2-1200x1200.jpg 1200w, https:\/\/www.esplac.cat\/wp-content\/uploads\/2025\/03\/Calendari_socies_2.jpg 1620w\" sizes=\"(min-width: 2200px) 100vw, (min-width: 712px) 598px, (min-width: 640px) 712px, \" \/><\/a><\/div><\/div><div class=\"clearfix\"><\/div><\/div><\/div><div style=\"text-align:center;\"><a class=\"fusion-button button-flat fusion-button-default-size button-default fusion-button-default button-1 fusion-button-default-span fusion-button-default-type\" style=\"--button_margin-top:30px;--button_margin-bottom:30px;\" target=\"_self\" href=\"https:\/\/infoesplac.typeform.com\/to\/TLGFlz\"><span class=\"fusion-button-text\">Vull fer-me s\u00f2cia!<\/span><\/a><\/div><\/div><\/div><\/div><\/div>\n","protected":false},"excerpt":{"rendered":"","protected":false},"author":3,"featured_media":53343,"comment_status":"closed","ping_status":"closed","sticky":false,"template":"","format":"standard","meta":{"om_disable_all_campaigns":false,"_monsterinsights_skip_tracking":false,"_monsterinsights_sitenote_active":false,"_monsterinsights_sitenote_note":"","_monsterinsights_sitenote_category":0,"_uf_show_specific_survey":0,"_uf_disable_surveys":false,"footnotes":""},"categories":[1563,1,1396],"tags":[],"class_list":["post-53340","post","type-post","status-publish","format-standard","has-post-thumbnail","hentry","category-leducacio-que-revoluciona","category-sense-categoria","category-socies"],"yoast_head":"<!-- This site is optimized with the Yoast SEO plugin v27.5 - https:\/\/yoast.com\/product\/yoast-seo-wordpress\/ -->\n<title>I tu, com \u00e9s que encara no ets s\u00f2cia d\u2019Esplac? - Esplac<\/title>\n<meta name=\"description\" content=\"Cada cop s\u00f3n m\u00e9s les persones que aposten per fer-se s\u00f2cies d\u2019Esplais Catalans, una manera de donar suport directe als esplais.\" \/>\n<meta name=\"robots\" content=\"index, follow, max-snippet:-1, max-image-preview:large, max-video-preview:-1\" \/>\n<link rel=\"canonical\" href=\"https:\/\/www.esplac.cat\/com-es-que-encara-no-ets-socia-esplac\/\" \/>\n<meta property=\"og:locale\" content=\"es_ES\" \/>\n<meta property=\"og:type\" content=\"article\" \/>\n<meta property=\"og:title\" content=\"I tu, com \u00e9s que encara no ets s\u00f2cia d\u2019Esplac? - Esplac\" \/>\n<meta property=\"og:description\" content=\"Cada cop s\u00f3n m\u00e9s les persones que aposten per fer-se s\u00f2cies d\u2019Esplais Catalans, una manera de donar suport directe als esplais.\" \/>\n<meta property=\"og:url\" content=\"https:\/\/www.esplac.cat\/com-es-que-encara-no-ets-socia-esplac\/\" \/>\n<meta property=\"og:site_name\" content=\"Esplac\" \/>\n<meta property=\"article:published_time\" content=\"2025-03-28T12:20:33+00:00\" \/>\n<meta property=\"og:image\" content=\"https:\/\/www.esplac.cat\/wp-content\/uploads\/2025\/03\/Campanya_Socies-scaled.jpg\" \/>\n\t<meta property=\"og:image:width\" content=\"2560\" \/>\n\t<meta property=\"og:image:height\" content=\"1056\" \/>\n\t<meta property=\"og:image:type\" content=\"image\/jpeg\" \/>\n<meta name=\"author\" content=\"Comunicaci\u00f3 Esplac\" \/>\n<meta name=\"twitter:card\" content=\"summary_large_image\" \/>\n<meta name=\"twitter:label1\" content=\"Escrito por\" \/>\n\t<meta name=\"twitter:data1\" content=\"Comunicaci\u00f3 Esplac\" \/>\n\t<meta name=\"twitter:label2\" content=\"Tiempo de lectura\" \/>\n\t<meta name=\"twitter:data2\" content=\"3 minutos\" \/>\n<script type=\"application\/ld+json\" class=\"yoast-schema-graph\">{\"@context\":\"https:\\\/\\\/schema.org\",\"@graph\":[{\"@type\":\"Article\",\"@id\":\"https:\\\/\\\/www.esplac.cat\\\/com-es-que-encara-no-ets-socia-esplac\\\/#article\",\"isPartOf\":{\"@id\":\"https:\\\/\\\/www.esplac.cat\\\/com-es-que-encara-no-ets-socia-esplac\\\/\"},\"author\":{\"name\":\"Comunicaci\u00f3 Esplac\",\"@id\":\"https:\\\/\\\/www.esplac.cat\\\/#\\\/schema\\\/person\\\/908383cf240be18b68f8855d0583faca\"},\"headline\":\"I tu, com \u00e9s que encara no ets s\u00f2cia d\u2019Esplac?\",\"datePublished\":\"2025-03-28T12:20:33+00:00\",\"mainEntityOfPage\":{\"@id\":\"https:\\\/\\\/www.esplac.cat\\\/com-es-que-encara-no-ets-socia-esplac\\\/\"},\"wordCount\":1820,\"publisher\":{\"@id\":\"https:\\\/\\\/www.esplac.cat\\\/#organization\"},\"image\":{\"@id\":\"https:\\\/\\\/www.esplac.cat\\\/com-es-que-encara-no-ets-socia-esplac\\\/#primaryimage\"},\"thumbnailUrl\":\"https:\\\/\\\/www.esplac.cat\\\/wp-content\\\/uploads\\\/2025\\\/03\\\/Campanya_Socies-scaled.jpg\",\"articleSection\":[\"L'educaci\u00f3 que revoluciona\",\"Sense categoria\",\"S\u00f2cies\"],\"inLanguage\":\"es\"},{\"@type\":\"WebPage\",\"@id\":\"https:\\\/\\\/www.esplac.cat\\\/com-es-que-encara-no-ets-socia-esplac\\\/\",\"url\":\"https:\\\/\\\/www.esplac.cat\\\/com-es-que-encara-no-ets-socia-esplac\\\/\",\"name\":\"I tu, com \u00e9s que encara no ets s\u00f2cia d\u2019Esplac? - Esplac\",\"isPartOf\":{\"@id\":\"https:\\\/\\\/www.esplac.cat\\\/#website\"},\"primaryImageOfPage\":{\"@id\":\"https:\\\/\\\/www.esplac.cat\\\/com-es-que-encara-no-ets-socia-esplac\\\/#primaryimage\"},\"image\":{\"@id\":\"https:\\\/\\\/www.esplac.cat\\\/com-es-que-encara-no-ets-socia-esplac\\\/#primaryimage\"},\"thumbnailUrl\":\"https:\\\/\\\/www.esplac.cat\\\/wp-content\\\/uploads\\\/2025\\\/03\\\/Campanya_Socies-scaled.jpg\",\"datePublished\":\"2025-03-28T12:20:33+00:00\",\"description\":\"Cada cop s\u00f3n m\u00e9s les persones que aposten per fer-se s\u00f2cies d\u2019Esplais Catalans, una manera de donar suport directe als esplais.\",\"breadcrumb\":{\"@id\":\"https:\\\/\\\/www.esplac.cat\\\/com-es-que-encara-no-ets-socia-esplac\\\/#breadcrumb\"},\"inLanguage\":\"es\",\"potentialAction\":[{\"@type\":\"ReadAction\",\"target\":[\"https:\\\/\\\/www.esplac.cat\\\/com-es-que-encara-no-ets-socia-esplac\\\/\"]}]},{\"@type\":\"ImageObject\",\"inLanguage\":\"es\",\"@id\":\"https:\\\/\\\/www.esplac.cat\\\/com-es-que-encara-no-ets-socia-esplac\\\/#primaryimage\",\"url\":\"https:\\\/\\\/www.esplac.cat\\\/wp-content\\\/uploads\\\/2025\\\/03\\\/Campanya_Socies-scaled.jpg\",\"contentUrl\":\"https:\\\/\\\/www.esplac.cat\\\/wp-content\\\/uploads\\\/2025\\\/03\\\/Campanya_Socies-scaled.jpg\",\"width\":2560,\"height\":1056,\"caption\":\"s\u00f2cia\"},{\"@type\":\"BreadcrumbList\",\"@id\":\"https:\\\/\\\/www.esplac.cat\\\/com-es-que-encara-no-ets-socia-esplac\\\/#breadcrumb\",\"itemListElement\":[{\"@type\":\"ListItem\",\"position\":1,\"name\":\"Inici\",\"item\":\"https:\\\/\\\/www.esplac.cat\\\/es\\\/\"},{\"@type\":\"ListItem\",\"position\":2,\"name\":\"I tu, com \u00e9s que encara no ets s\u00f2cia d\u2019Esplac?\"}]},{\"@type\":\"WebSite\",\"@id\":\"https:\\\/\\\/www.esplac.cat\\\/#website\",\"url\":\"https:\\\/\\\/www.esplac.cat\\\/\",\"name\":\"Esplac\",\"description\":\"Esplais Catalans\",\"publisher\":{\"@id\":\"https:\\\/\\\/www.esplac.cat\\\/#organization\"},\"potentialAction\":[{\"@type\":\"SearchAction\",\"target\":{\"@type\":\"EntryPoint\",\"urlTemplate\":\"https:\\\/\\\/www.esplac.cat\\\/?s={search_term_string}\"},\"query-input\":{\"@type\":\"PropertyValueSpecification\",\"valueRequired\":true,\"valueName\":\"search_term_string\"}}],\"inLanguage\":\"es\"},{\"@type\":\"Organization\",\"@id\":\"https:\\\/\\\/www.esplac.cat\\\/#organization\",\"name\":\"Esplac\",\"url\":\"https:\\\/\\\/www.esplac.cat\\\/\",\"logo\":{\"@type\":\"ImageObject\",\"inLanguage\":\"es\",\"@id\":\"https:\\\/\\\/www.esplac.cat\\\/#\\\/schema\\\/logo\\\/image\\\/\",\"url\":\"https:\\\/\\\/www.esplac.cat\\\/wp-content\\\/uploads\\\/2019\\\/08\\\/logox2.png\",\"contentUrl\":\"https:\\\/\\\/www.esplac.cat\\\/wp-content\\\/uploads\\\/2019\\\/08\\\/logox2.png\",\"width\":600,\"height\":295,\"caption\":\"Esplac\"},\"image\":{\"@id\":\"https:\\\/\\\/www.esplac.cat\\\/#\\\/schema\\\/logo\\\/image\\\/\"}},{\"@type\":\"Person\",\"@id\":\"https:\\\/\\\/www.esplac.cat\\\/#\\\/schema\\\/person\\\/908383cf240be18b68f8855d0583faca\",\"name\":\"Comunicaci\u00f3 Esplac\",\"image\":{\"@type\":\"ImageObject\",\"inLanguage\":\"es\",\"@id\":\"https:\\\/\\\/secure.gravatar.com\\\/avatar\\\/7a4cf8feb412a76ea4a740ca02d95b06b2907b5a6c648c2dd0a1082a093c3141?s=96&d=mm&r=g\",\"url\":\"https:\\\/\\\/secure.gravatar.com\\\/avatar\\\/7a4cf8feb412a76ea4a740ca02d95b06b2907b5a6c648c2dd0a1082a093c3141?s=96&d=mm&r=g\",\"contentUrl\":\"https:\\\/\\\/secure.gravatar.com\\\/avatar\\\/7a4cf8feb412a76ea4a740ca02d95b06b2907b5a6c648c2dd0a1082a093c3141?s=96&d=mm&r=g\",\"caption\":\"Comunicaci\u00f3 Esplac\"}}]}<\/script>\n<!-- \/ Yoast SEO plugin. -->","yoast_head_json":{"title":"I tu, com \u00e9s que encara no ets s\u00f2cia d\u2019Esplac? - Esplac","description":"Cada cop s\u00f3n m\u00e9s les persones que aposten per fer-se s\u00f2cies d\u2019Esplais Catalans, una manera de donar suport directe als esplais.","robots":{"index":"index","follow":"follow","max-snippet":"max-snippet:-1","max-image-preview":"max-image-preview:large","max-video-preview":"max-video-preview:-1"},"canonical":"https:\/\/www.esplac.cat\/com-es-que-encara-no-ets-socia-esplac\/","og_locale":"es_ES","og_type":"article","og_title":"I tu, com \u00e9s que encara no ets s\u00f2cia d\u2019Esplac? - Esplac","og_description":"Cada cop s\u00f3n m\u00e9s les persones que aposten per fer-se s\u00f2cies d\u2019Esplais Catalans, una manera de donar suport directe als esplais.","og_url":"https:\/\/www.esplac.cat\/com-es-que-encara-no-ets-socia-esplac\/","og_site_name":"Esplac","article_published_time":"2025-03-28T12:20:33+00:00","og_image":[{"width":2560,"height":1056,"url":"https:\/\/www.esplac.cat\/wp-content\/uploads\/2025\/03\/Campanya_Socies-scaled.jpg","type":"image\/jpeg"}],"author":"Comunicaci\u00f3 Esplac","twitter_card":"summary_large_image","twitter_misc":{"Escrito por":"Comunicaci\u00f3 Esplac","Tiempo de lectura":"3 minutos"},"schema":{"@context":"https:\/\/schema.org","@graph":[{"@type":"Article","@id":"https:\/\/www.esplac.cat\/com-es-que-encara-no-ets-socia-esplac\/#article","isPartOf":{"@id":"https:\/\/www.esplac.cat\/com-es-que-encara-no-ets-socia-esplac\/"},"author":{"name":"Comunicaci\u00f3 Esplac","@id":"https:\/\/www.esplac.cat\/#\/schema\/person\/908383cf240be18b68f8855d0583faca"},"headline":"I tu, com \u00e9s que encara no ets s\u00f2cia d\u2019Esplac?","datePublished":"2025-03-28T12:20:33+00:00","mainEntityOfPage":{"@id":"https:\/\/www.esplac.cat\/com-es-que-encara-no-ets-socia-esplac\/"},"wordCount":1820,"publisher":{"@id":"https:\/\/www.esplac.cat\/#organization"},"image":{"@id":"https:\/\/www.esplac.cat\/com-es-que-encara-no-ets-socia-esplac\/#primaryimage"},"thumbnailUrl":"https:\/\/www.esplac.cat\/wp-content\/uploads\/2025\/03\/Campanya_Socies-scaled.jpg","articleSection":["L'educaci\u00f3 que revoluciona","Sense categoria","S\u00f2cies"],"inLanguage":"es"},{"@type":"WebPage","@id":"https:\/\/www.esplac.cat\/com-es-que-encara-no-ets-socia-esplac\/","url":"https:\/\/www.esplac.cat\/com-es-que-encara-no-ets-socia-esplac\/","name":"I tu, com \u00e9s que encara no ets s\u00f2cia d\u2019Esplac? - Esplac","isPartOf":{"@id":"https:\/\/www.esplac.cat\/#website"},"primaryImageOfPage":{"@id":"https:\/\/www.esplac.cat\/com-es-que-encara-no-ets-socia-esplac\/#primaryimage"},"image":{"@id":"https:\/\/www.esplac.cat\/com-es-que-encara-no-ets-socia-esplac\/#primaryimage"},"thumbnailUrl":"https:\/\/www.esplac.cat\/wp-content\/uploads\/2025\/03\/Campanya_Socies-scaled.jpg","datePublished":"2025-03-28T12:20:33+00:00","description":"Cada cop s\u00f3n m\u00e9s les persones que aposten per fer-se s\u00f2cies d\u2019Esplais Catalans, una manera de donar suport directe als esplais.","breadcrumb":{"@id":"https:\/\/www.esplac.cat\/com-es-que-encara-no-ets-socia-esplac\/#breadcrumb"},"inLanguage":"es","potentialAction":[{"@type":"ReadAction","target":["https:\/\/www.esplac.cat\/com-es-que-encara-no-ets-socia-esplac\/"]}]},{"@type":"ImageObject","inLanguage":"es","@id":"https:\/\/www.esplac.cat\/com-es-que-encara-no-ets-socia-esplac\/#primaryimage","url":"https:\/\/www.esplac.cat\/wp-content\/uploads\/2025\/03\/Campanya_Socies-scaled.jpg","contentUrl":"https:\/\/www.esplac.cat\/wp-content\/uploads\/2025\/03\/Campanya_Socies-scaled.jpg","width":2560,"height":1056,"caption":"s\u00f2cia"},{"@type":"BreadcrumbList","@id":"https:\/\/www.esplac.cat\/com-es-que-encara-no-ets-socia-esplac\/#breadcrumb","itemListElement":[{"@type":"ListItem","position":1,"name":"Inici","item":"https:\/\/www.esplac.cat\/es\/"},{"@type":"ListItem","position":2,"name":"I tu, com \u00e9s que encara no ets s\u00f2cia d\u2019Esplac?"}]},{"@type":"WebSite","@id":"https:\/\/www.esplac.cat\/#website","url":"https:\/\/www.esplac.cat\/","name":"Esplac","description":"Esplais Catalans","publisher":{"@id":"https:\/\/www.esplac.cat\/#organization"},"potentialAction":[{"@type":"SearchAction","target":{"@type":"EntryPoint","urlTemplate":"https:\/\/www.esplac.cat\/?s={search_term_string}"},"query-input":{"@type":"PropertyValueSpecification","valueRequired":true,"valueName":"search_term_string"}}],"inLanguage":"es"},{"@type":"Organization","@id":"https:\/\/www.esplac.cat\/#organization","name":"Esplac","url":"https:\/\/www.esplac.cat\/","logo":{"@type":"ImageObject","inLanguage":"es","@id":"https:\/\/www.esplac.cat\/#\/schema\/logo\/image\/","url":"https:\/\/www.esplac.cat\/wp-content\/uploads\/2019\/08\/logox2.png","contentUrl":"https:\/\/www.esplac.cat\/wp-content\/uploads\/2019\/08\/logox2.png","width":600,"height":295,"caption":"Esplac"},"image":{"@id":"https:\/\/www.esplac.cat\/#\/schema\/logo\/image\/"}},{"@type":"Person","@id":"https:\/\/www.esplac.cat\/#\/schema\/person\/908383cf240be18b68f8855d0583faca","name":"Comunicaci\u00f3 Esplac","image":{"@type":"ImageObject","inLanguage":"es","@id":"https:\/\/secure.gravatar.com\/avatar\/7a4cf8feb412a76ea4a740ca02d95b06b2907b5a6c648c2dd0a1082a093c3141?s=96&d=mm&r=g","url":"https:\/\/secure.gravatar.com\/avatar\/7a4cf8feb412a76ea4a740ca02d95b06b2907b5a6c648c2dd0a1082a093c3141?s=96&d=mm&r=g","contentUrl":"https:\/\/secure.gravatar.com\/avatar\/7a4cf8feb412a76ea4a740ca02d95b06b2907b5a6c648c2dd0a1082a093c3141?s=96&d=mm&r=g","caption":"Comunicaci\u00f3 Esplac"}}]}},"_links":{"self":[{"href":"https:\/\/www.esplac.cat\/es\/wp-json\/wp\/v2\/posts\/53340","targetHints":{"allow":["GET"]}}],"collection":[{"href":"https:\/\/www.esplac.cat\/es\/wp-json\/wp\/v2\/posts"}],"about":[{"href":"https:\/\/www.esplac.cat\/es\/wp-json\/wp\/v2\/types\/post"}],"author":[{"embeddable":true,"href":"https:\/\/www.esplac.cat\/es\/wp-json\/wp\/v2\/users\/3"}],"replies":[{"embeddable":true,"href":"https:\/\/www.esplac.cat\/es\/wp-json\/wp\/v2\/comments?post=53340"}],"version-history":[{"count":8,"href":"https:\/\/www.esplac.cat\/es\/wp-json\/wp\/v2\/posts\/53340\/revisions"}],"predecessor-version":[{"id":53357,"href":"https:\/\/www.esplac.cat\/es\/wp-json\/wp\/v2\/posts\/53340\/revisions\/53357"}],"wp:featuredmedia":[{"embeddable":true,"href":"https:\/\/www.esplac.cat\/es\/wp-json\/wp\/v2\/media\/53343"}],"wp:attachment":[{"href":"https:\/\/www.esplac.cat\/es\/wp-json\/wp\/v2\/media?parent=53340"}],"wp:term":[{"taxonomy":"category","embeddable":true,"href":"https:\/\/www.esplac.cat\/es\/wp-json\/wp\/v2\/categories?post=53340"},{"taxonomy":"post_tag","embeddable":true,"href":"https:\/\/www.esplac.cat\/es\/wp-json\/wp\/v2\/tags?post=53340"}],"curies":[{"name":"wp","href":"https:\/\/api.w.org\/{rel}","templated":true}]}}