{"id":53467,"date":"2025-01-21T10:00:58","date_gmt":"2025-01-21T08:00:58","guid":{"rendered":"https:\/\/www.esplac.cat\/?p=53467"},"modified":"2025-04-10T09:52:52","modified_gmt":"2025-04-10T07:52:52","slug":"equico-2024-2025","status":"publish","type":"post","link":"https:\/\/www.esplac.cat\/es\/equico-2024-2025\/","title":{"rendered":"Qui \u00e9s qui a l\u2019Equico 2024-2025?"},"content":{"rendered":"<div class=\"fusion-fullwidth fullwidth-box fusion-builder-row-1 fusion-flex-container has-pattern-background has-mask-background nonhundred-percent-fullwidth non-hundred-percent-height-scrolling\" style=\"--awb-border-radius-top-left:0px;--awb-border-radius-top-right:0px;--awb-border-radius-bottom-right:0px;--awb-border-radius-bottom-left:0px;--awb-flex-wrap:wrap;\" ><div class=\"fusion-builder-row fusion-row fusion-flex-align-items-flex-start fusion-flex-content-wrap\" style=\"max-width:1248px;margin-left: calc(-4% \/ 2 );margin-right: calc(-4% \/ 2 );\"><div class=\"fusion-layout-column fusion_builder_column fusion-builder-column-0 fusion_builder_column_1_1 1_1 fusion-flex-column\" style=\"--awb-bg-size:cover;--awb-width-large:100%;--awb-margin-top-large:0px;--awb-spacing-right-large:1.92%;--awb-margin-bottom-large:20px;--awb-spacing-left-large:1.92%;--awb-width-medium:100%;--awb-order-medium:0;--awb-spacing-right-medium:1.92%;--awb-spacing-left-medium:1.92%;--awb-width-small:100%;--awb-order-small:0;--awb-spacing-right-small:1.92%;--awb-spacing-left-small:1.92%;\"><div class=\"fusion-column-wrapper fusion-column-has-shadow fusion-flex-justify-content-flex-start fusion-content-layout-column\"><div class=\"fusion-text fusion-text-1\"><h6><strong>Descobreix qui s\u00f3n les persones que formen part de l\u2019Equip de Coordinaci\u00f3 d\u2019Esplac i de qu\u00e8 s\u2019encarrega cadascuna!<\/strong><\/h6>\n<p>A l\u2019<span style=\"color: #f69d0b;\"><a style=\"color: #f69d0b;\" href=\"https:\/\/www.esplac.cat\/exit-de-participacio-en-una-ago-marcada-per-la-reivindicacio-politica-i-estrategica-de-lentitat\/\" target=\"_blank\" rel=\"noopener\"><strong>Assemblea General Ordin\u00e0ria<\/strong><\/a><\/span> els esplais escullen les persones que formen part de l\u2019<strong>Equip de Coordinaci\u00f3<\/strong> (Equico). I tu, ja saps qui forma part de l\u2019Equico aquest curs 2024-2025? De qu\u00e8 s\u2019encarrega cada membre de l\u2019equip?<\/p>\n<p>La <strong>presidenta<\/strong> d\u2019Esplac \u00e9s la <strong>Cristina Gotzens Vives<\/strong>. T\u00e9 25 anys i ve de l\u2019esplai Xirusplai (Badalona). La Cristina aquest curs \u00e9s referent del Sector Barcelona Sud, del Sector Baix Bes\u00f2s, del projecte La Piqueta, l\u2019\u00e0rea de Comunicaci\u00f3 i la Comissi\u00f3 Internacional. Tamb\u00e9 \u00e9s l\u2019encarregada de la relaci\u00f3 d\u2019Esplac amb l\u2019IFM-SEI i la Fundaci\u00f3 Francesc Ferrer i Gu\u00e0rdia. Per \u00faltim, juntament amb la Clara Bricull\u00e9 s\u00f3n les responsables de coordinar l\u2019Esplaiada.<\/p>\n<p>A la <strong>vicepresid\u00e8ncia<\/strong> tenim a la <strong>Mariona Guill\u00e9n<\/strong>, t\u00e9 25 anys i \u00e9s de l\u2019esplai Puigcastellar (Santa Coloma de Gramenet). \u00c9s la referent del sectors Baix Llobregat, Maresme i Girona. Alhora coordina el projecte de L\u00ednies Pedag\u00f2giques i \u00e9s referent de l\u2019\u00e0rea d\u2019Atenci\u00f3 Personalitzada, que s\u2019encarrega de la Prevenci\u00f3 de l&#8217;Ab\u00fas Sexual Infantil i del Protocol contra agressions discriminat\u00f2ries. Tamb\u00e9 assumeix la relaci\u00f3 amb el Consell Nacional de la Joventut de Catalunya.<\/p>\n<p>La <strong>Paula Duaso<\/strong> s\u2019encarrega de la <strong>tresoreria<\/strong>. T\u00e9 26 anys i \u00e9s de l\u2019esplai El Bot\u00f3 (Palau Solit\u00e0 i Plegamans). Ella \u00e9s la referent del Sector Vall\u00e8s Occidental, del Vall\u00e8s Oriental i del Bages, Bergued\u00e0 i La Cerdanya, aix\u00ed com de l\u2019\u00c0rea d\u2019organitzaci\u00f3. Tamb\u00e9, s\u2019encarrega de les Tardes de Lleure i Antiracisme i de la relaci\u00f3 d\u2019Esplac amb Incoop i l\u2019Escola Lliure el Sol.<\/p>\n<p>Com a <strong>secretaria<\/strong> tenim la <strong>Martina Picas<\/strong>, que t\u00e9 24 anys i ve de l\u2019esplai Sarau (Sant Cugat). La Martina \u00e9s la referent dels sectors Barcelona Nord-Est, Barcelona Oest i Ripoll\u00e8s, Osona i Moian\u00e8s. Tamb\u00e9 coordina el projecte d\u2019Incid\u00e8ncia pol\u00edtica i la Comissi\u00f3 G\u00e8neres i Sexual. A la vegada, \u00e9s la responsable de les Jornades de Lleure i Feminismes i, amb la Clara, s\u00f3n les referents del Pla de Transici\u00f3 Feminista.<\/p>\n<p>I, per \u00faltim per\u00f2 no menys important, a la <strong>Secretaria General<\/strong> hi ha la <strong>Clara Bricull\u00e9<\/strong>! T\u00e9 29 anys i ha estat tota la vida de l\u2019esplai MIV (Vilafranca del Pened\u00e8s). La Clara \u00e9s la referent dels sectors Camp de Tarragona i Pened\u00e8s, garraf i Anoia. Tamb\u00e9 \u00e9s responsable de l\u2019Esplaiada, de la m\u00e0 de la Cristina, i del Pla de Transici\u00f3 Feminista, amb la Martina.<\/p>\n<p>Per\u00f2, ep! Que ning\u00fa pensi que aquest equip coordina l\u2019entitat tot sol. Esplac tamb\u00e9 compta amb les <strong>Representants de Comissi\u00f3<\/strong> i els <strong>Equips Generals dels Sectors<\/strong>. Les primeres, com el seu nom indica, s\u00f3n portaveus i representants de les de les opinions que es prenen i les l\u00ednies que es marquen en cada comissi\u00f3. Per altra banda, els Equips Generals dels Sectors estan formats per les persones que coordinen l\u2019acci\u00f3 dels sectors geogr\u00e0fics amb unes funcions semblants a l\u2019Equip de Coordinaci\u00f3, per\u00f2 en l\u2019\u00e0mbit del sector geogr\u00e0fic. Descobreix qui forma part d&#8217;aquests equips, <span style=\"color: #f69d0b;\"><a style=\"color: #f69d0b;\" href=\"https:\/\/www.esplac.cat\/equips\/\" target=\"_blank\" rel=\"noopener\"><strong>aqu\u00ed<\/strong><\/a><\/span>!<\/p>\n<p>Probablement ja ho sabeu, per\u00f2 \u00e9s important especificar que totes les persones que formen part de l\u2019equip de dirigents d\u2019Esplac (ja siguin EGS, RdC o Equico) realitzen la seva tasca de manera volunt\u00e0ria!<\/p>\n<\/div><div class=\"fusion-image-element \" style=\"text-align:center;--awb-caption-title-font-family:var(--h2_typography-font-family);--awb-caption-title-font-weight:var(--h2_typography-font-weight);--awb-caption-title-font-style:var(--h2_typography-font-style);--awb-caption-title-size:var(--h2_typography-font-size);--awb-caption-title-transform:var(--h2_typography-text-transform);--awb-caption-title-line-height:var(--h2_typography-line-height);--awb-caption-title-letter-spacing:var(--h2_typography-letter-spacing);\"><span class=\" fusion-imageframe imageframe-none imageframe-1 hover-type-none\"><img decoding=\"async\" width=\"2560\" height=\"1344\" title=\"1\" src=\"https:\/\/www.esplac.cat\/wp-content\/uploads\/2025\/01\/1-1-scaled.jpg\" alt class=\"img-responsive wp-image-53477\" srcset=\"https:\/\/www.esplac.cat\/wp-content\/uploads\/2025\/01\/1-1-200x105.jpg 200w, https:\/\/www.esplac.cat\/wp-content\/uploads\/2025\/01\/1-1-400x210.jpg 400w, https:\/\/www.esplac.cat\/wp-content\/uploads\/2025\/01\/1-1-600x315.jpg 600w, https:\/\/www.esplac.cat\/wp-content\/uploads\/2025\/01\/1-1-800x420.jpg 800w, https:\/\/www.esplac.cat\/wp-content\/uploads\/2025\/01\/1-1-1200x630.jpg 1200w, https:\/\/www.esplac.cat\/wp-content\/uploads\/2025\/01\/1-1-scaled.jpg 2560w\" sizes=\"(max-width: 1024px) 100vw, (max-width: 640px) 100vw, 1200px\" \/><\/span><\/div><div class=\"fusion-image-element \" style=\"text-align:center;--awb-caption-title-font-family:var(--h2_typography-font-family);--awb-caption-title-font-weight:var(--h2_typography-font-weight);--awb-caption-title-font-style:var(--h2_typography-font-style);--awb-caption-title-size:var(--h2_typography-font-size);--awb-caption-title-transform:var(--h2_typography-text-transform);--awb-caption-title-line-height:var(--h2_typography-line-height);--awb-caption-title-letter-spacing:var(--h2_typography-letter-spacing);\"><span class=\" fusion-imageframe imageframe-none imageframe-2 hover-type-none\"><img decoding=\"async\" width=\"2560\" height=\"1344\" title=\"2\" src=\"https:\/\/www.esplac.cat\/wp-content\/uploads\/2025\/01\/2-1-scaled.jpg\" alt class=\"img-responsive wp-image-53481\" srcset=\"https:\/\/www.esplac.cat\/wp-content\/uploads\/2025\/01\/2-1-200x105.jpg 200w, https:\/\/www.esplac.cat\/wp-content\/uploads\/2025\/01\/2-1-400x210.jpg 400w, https:\/\/www.esplac.cat\/wp-content\/uploads\/2025\/01\/2-1-600x315.jpg 600w, https:\/\/www.esplac.cat\/wp-content\/uploads\/2025\/01\/2-1-800x420.jpg 800w, https:\/\/www.esplac.cat\/wp-content\/uploads\/2025\/01\/2-1-1200x630.jpg 1200w, https:\/\/www.esplac.cat\/wp-content\/uploads\/2025\/01\/2-1-scaled.jpg 2560w\" sizes=\"(max-width: 1024px) 100vw, (max-width: 640px) 100vw, 1200px\" \/><\/span><\/div><\/div><\/div><\/div><\/div>\n","protected":false},"excerpt":{"rendered":"","protected":false},"author":3,"featured_media":53469,"comment_status":"closed","ping_status":"closed","sticky":false,"template":"","format":"standard","meta":{"om_disable_all_campaigns":false,"_monsterinsights_skip_tracking":false,"_monsterinsights_sitenote_active":false,"_monsterinsights_sitenote_note":"","_monsterinsights_sitenote_category":0,"_uf_show_specific_survey":0,"_uf_disable_surveys":false,"footnotes":""},"categories":[1339,1],"tags":[],"class_list":["post-53467","post","type-post","status-publish","format-standard","has-post-thumbnail","hentry","category-equip-de-coordinacio","category-sense-categoria"],"yoast_head":"<!-- This site is optimized with the Yoast SEO plugin v27.4 - https:\/\/yoast.com\/product\/yoast-seo-wordpress\/ -->\n<title>Qui \u00e9s qui a l\u2019Equico 2024-2025? - Esplac<\/title>\n<meta name=\"description\" content=\"Descobreix qui s\u00f3n les persones que formen part de l\u2019Equip de Coordinaci\u00f3 d\u2019Esplac i de qu\u00e8 s\u2019encarrega cadascuna!\" \/>\n<meta name=\"robots\" content=\"index, follow, max-snippet:-1, max-image-preview:large, max-video-preview:-1\" \/>\n<link rel=\"canonical\" href=\"https:\/\/www.esplac.cat\/equico-2024-2025\/\" \/>\n<meta property=\"og:locale\" content=\"es_ES\" \/>\n<meta property=\"og:type\" content=\"article\" \/>\n<meta property=\"og:title\" content=\"Qui \u00e9s qui a l\u2019Equico 2024-2025? - Esplac\" \/>\n<meta property=\"og:description\" content=\"Descobreix qui s\u00f3n les persones que formen part de l\u2019Equip de Coordinaci\u00f3 d\u2019Esplac i de qu\u00e8 s\u2019encarrega cadascuna!\" \/>\n<meta property=\"og:url\" content=\"https:\/\/www.esplac.cat\/equico-2024-2025\/\" \/>\n<meta property=\"og:site_name\" content=\"Esplac\" \/>\n<meta property=\"article:published_time\" content=\"2025-01-21T08:00:58+00:00\" \/>\n<meta property=\"article:modified_time\" content=\"2025-04-10T07:52:52+00:00\" \/>\n<meta property=\"og:image\" content=\"https:\/\/www.esplac.cat\/wp-content\/uploads\/2025\/04\/Equico-24-25.jpg\" \/>\n\t<meta property=\"og:image:width\" content=\"1697\" \/>\n\t<meta property=\"og:image:height\" content=\"700\" \/>\n\t<meta property=\"og:image:type\" content=\"image\/jpeg\" \/>\n<meta name=\"author\" content=\"Comunicaci\u00f3 Esplac\" \/>\n<meta name=\"twitter:card\" content=\"summary_large_image\" \/>\n<meta name=\"twitter:label1\" content=\"Escrito por\" \/>\n\t<meta name=\"twitter:data1\" content=\"Comunicaci\u00f3 Esplac\" \/>\n\t<meta name=\"twitter:label2\" content=\"Tiempo de lectura\" \/>\n\t<meta name=\"twitter:data2\" content=\"4 minutos\" \/>\n<script type=\"application\/ld+json\" class=\"yoast-schema-graph\">{\"@context\":\"https:\\\/\\\/schema.org\",\"@graph\":[{\"@type\":\"Article\",\"@id\":\"https:\\\/\\\/www.esplac.cat\\\/equico-2024-2025\\\/#article\",\"isPartOf\":{\"@id\":\"https:\\\/\\\/www.esplac.cat\\\/equico-2024-2025\\\/\"},\"author\":{\"name\":\"Comunicaci\u00f3 Esplac\",\"@id\":\"https:\\\/\\\/www.esplac.cat\\\/#\\\/schema\\\/person\\\/908383cf240be18b68f8855d0583faca\"},\"headline\":\"Qui \u00e9s qui a l\u2019Equico 2024-2025?\",\"datePublished\":\"2025-01-21T08:00:58+00:00\",\"dateModified\":\"2025-04-10T07:52:52+00:00\",\"mainEntityOfPage\":{\"@id\":\"https:\\\/\\\/www.esplac.cat\\\/equico-2024-2025\\\/\"},\"wordCount\":2128,\"publisher\":{\"@id\":\"https:\\\/\\\/www.esplac.cat\\\/#organization\"},\"image\":{\"@id\":\"https:\\\/\\\/www.esplac.cat\\\/equico-2024-2025\\\/#primaryimage\"},\"thumbnailUrl\":\"https:\\\/\\\/www.esplac.cat\\\/wp-content\\\/uploads\\\/2025\\\/04\\\/Equico-24-25.jpg\",\"articleSection\":[\"Equip de Coordinaci\u00f3\",\"Sense categoria\"],\"inLanguage\":\"es\"},{\"@type\":\"WebPage\",\"@id\":\"https:\\\/\\\/www.esplac.cat\\\/equico-2024-2025\\\/\",\"url\":\"https:\\\/\\\/www.esplac.cat\\\/equico-2024-2025\\\/\",\"name\":\"Qui \u00e9s qui a l\u2019Equico 2024-2025? - Esplac\",\"isPartOf\":{\"@id\":\"https:\\\/\\\/www.esplac.cat\\\/#website\"},\"primaryImageOfPage\":{\"@id\":\"https:\\\/\\\/www.esplac.cat\\\/equico-2024-2025\\\/#primaryimage\"},\"image\":{\"@id\":\"https:\\\/\\\/www.esplac.cat\\\/equico-2024-2025\\\/#primaryimage\"},\"thumbnailUrl\":\"https:\\\/\\\/www.esplac.cat\\\/wp-content\\\/uploads\\\/2025\\\/04\\\/Equico-24-25.jpg\",\"datePublished\":\"2025-01-21T08:00:58+00:00\",\"dateModified\":\"2025-04-10T07:52:52+00:00\",\"description\":\"Descobreix qui s\u00f3n les persones que formen part de l\u2019Equip de Coordinaci\u00f3 d\u2019Esplac i de qu\u00e8 s\u2019encarrega cadascuna!\",\"breadcrumb\":{\"@id\":\"https:\\\/\\\/www.esplac.cat\\\/equico-2024-2025\\\/#breadcrumb\"},\"inLanguage\":\"es\",\"potentialAction\":[{\"@type\":\"ReadAction\",\"target\":[\"https:\\\/\\\/www.esplac.cat\\\/equico-2024-2025\\\/\"]}]},{\"@type\":\"ImageObject\",\"inLanguage\":\"es\",\"@id\":\"https:\\\/\\\/www.esplac.cat\\\/equico-2024-2025\\\/#primaryimage\",\"url\":\"https:\\\/\\\/www.esplac.cat\\\/wp-content\\\/uploads\\\/2025\\\/04\\\/Equico-24-25.jpg\",\"contentUrl\":\"https:\\\/\\\/www.esplac.cat\\\/wp-content\\\/uploads\\\/2025\\\/04\\\/Equico-24-25.jpg\",\"width\":1697,\"height\":700,\"caption\":\"Equip de Coordinaci\u00f3\"},{\"@type\":\"BreadcrumbList\",\"@id\":\"https:\\\/\\\/www.esplac.cat\\\/equico-2024-2025\\\/#breadcrumb\",\"itemListElement\":[{\"@type\":\"ListItem\",\"position\":1,\"name\":\"Inici\",\"item\":\"https:\\\/\\\/www.esplac.cat\\\/es\\\/\"},{\"@type\":\"ListItem\",\"position\":2,\"name\":\"Qui \u00e9s qui a l\u2019Equico 2024-2025?\"}]},{\"@type\":\"WebSite\",\"@id\":\"https:\\\/\\\/www.esplac.cat\\\/#website\",\"url\":\"https:\\\/\\\/www.esplac.cat\\\/\",\"name\":\"Esplac\",\"description\":\"Esplais Catalans\",\"publisher\":{\"@id\":\"https:\\\/\\\/www.esplac.cat\\\/#organization\"},\"potentialAction\":[{\"@type\":\"SearchAction\",\"target\":{\"@type\":\"EntryPoint\",\"urlTemplate\":\"https:\\\/\\\/www.esplac.cat\\\/?s={search_term_string}\"},\"query-input\":{\"@type\":\"PropertyValueSpecification\",\"valueRequired\":true,\"valueName\":\"search_term_string\"}}],\"inLanguage\":\"es\"},{\"@type\":\"Organization\",\"@id\":\"https:\\\/\\\/www.esplac.cat\\\/#organization\",\"name\":\"Esplac\",\"url\":\"https:\\\/\\\/www.esplac.cat\\\/\",\"logo\":{\"@type\":\"ImageObject\",\"inLanguage\":\"es\",\"@id\":\"https:\\\/\\\/www.esplac.cat\\\/#\\\/schema\\\/logo\\\/image\\\/\",\"url\":\"https:\\\/\\\/www.esplac.cat\\\/wp-content\\\/uploads\\\/2019\\\/08\\\/logox2.png\",\"contentUrl\":\"https:\\\/\\\/www.esplac.cat\\\/wp-content\\\/uploads\\\/2019\\\/08\\\/logox2.png\",\"width\":600,\"height\":295,\"caption\":\"Esplac\"},\"image\":{\"@id\":\"https:\\\/\\\/www.esplac.cat\\\/#\\\/schema\\\/logo\\\/image\\\/\"}},{\"@type\":\"Person\",\"@id\":\"https:\\\/\\\/www.esplac.cat\\\/#\\\/schema\\\/person\\\/908383cf240be18b68f8855d0583faca\",\"name\":\"Comunicaci\u00f3 Esplac\",\"image\":{\"@type\":\"ImageObject\",\"inLanguage\":\"es\",\"@id\":\"https:\\\/\\\/secure.gravatar.com\\\/avatar\\\/7a4cf8feb412a76ea4a740ca02d95b06b2907b5a6c648c2dd0a1082a093c3141?s=96&d=mm&r=g\",\"url\":\"https:\\\/\\\/secure.gravatar.com\\\/avatar\\\/7a4cf8feb412a76ea4a740ca02d95b06b2907b5a6c648c2dd0a1082a093c3141?s=96&d=mm&r=g\",\"contentUrl\":\"https:\\\/\\\/secure.gravatar.com\\\/avatar\\\/7a4cf8feb412a76ea4a740ca02d95b06b2907b5a6c648c2dd0a1082a093c3141?s=96&d=mm&r=g\",\"caption\":\"Comunicaci\u00f3 Esplac\"}}]}<\/script>\n<!-- \/ Yoast SEO plugin. -->","yoast_head_json":{"title":"Qui \u00e9s qui a l\u2019Equico 2024-2025? - Esplac","description":"Descobreix qui s\u00f3n les persones que formen part de l\u2019Equip de Coordinaci\u00f3 d\u2019Esplac i de qu\u00e8 s\u2019encarrega cadascuna!","robots":{"index":"index","follow":"follow","max-snippet":"max-snippet:-1","max-image-preview":"max-image-preview:large","max-video-preview":"max-video-preview:-1"},"canonical":"https:\/\/www.esplac.cat\/equico-2024-2025\/","og_locale":"es_ES","og_type":"article","og_title":"Qui \u00e9s qui a l\u2019Equico 2024-2025? - Esplac","og_description":"Descobreix qui s\u00f3n les persones que formen part de l\u2019Equip de Coordinaci\u00f3 d\u2019Esplac i de qu\u00e8 s\u2019encarrega cadascuna!","og_url":"https:\/\/www.esplac.cat\/equico-2024-2025\/","og_site_name":"Esplac","article_published_time":"2025-01-21T08:00:58+00:00","article_modified_time":"2025-04-10T07:52:52+00:00","og_image":[{"width":1697,"height":700,"url":"https:\/\/www.esplac.cat\/wp-content\/uploads\/2025\/04\/Equico-24-25.jpg","type":"image\/jpeg"}],"author":"Comunicaci\u00f3 Esplac","twitter_card":"summary_large_image","twitter_misc":{"Escrito por":"Comunicaci\u00f3 Esplac","Tiempo de lectura":"4 minutos"},"schema":{"@context":"https:\/\/schema.org","@graph":[{"@type":"Article","@id":"https:\/\/www.esplac.cat\/equico-2024-2025\/#article","isPartOf":{"@id":"https:\/\/www.esplac.cat\/equico-2024-2025\/"},"author":{"name":"Comunicaci\u00f3 Esplac","@id":"https:\/\/www.esplac.cat\/#\/schema\/person\/908383cf240be18b68f8855d0583faca"},"headline":"Qui \u00e9s qui a l\u2019Equico 2024-2025?","datePublished":"2025-01-21T08:00:58+00:00","dateModified":"2025-04-10T07:52:52+00:00","mainEntityOfPage":{"@id":"https:\/\/www.esplac.cat\/equico-2024-2025\/"},"wordCount":2128,"publisher":{"@id":"https:\/\/www.esplac.cat\/#organization"},"image":{"@id":"https:\/\/www.esplac.cat\/equico-2024-2025\/#primaryimage"},"thumbnailUrl":"https:\/\/www.esplac.cat\/wp-content\/uploads\/2025\/04\/Equico-24-25.jpg","articleSection":["Equip de Coordinaci\u00f3","Sense categoria"],"inLanguage":"es"},{"@type":"WebPage","@id":"https:\/\/www.esplac.cat\/equico-2024-2025\/","url":"https:\/\/www.esplac.cat\/equico-2024-2025\/","name":"Qui \u00e9s qui a l\u2019Equico 2024-2025? - Esplac","isPartOf":{"@id":"https:\/\/www.esplac.cat\/#website"},"primaryImageOfPage":{"@id":"https:\/\/www.esplac.cat\/equico-2024-2025\/#primaryimage"},"image":{"@id":"https:\/\/www.esplac.cat\/equico-2024-2025\/#primaryimage"},"thumbnailUrl":"https:\/\/www.esplac.cat\/wp-content\/uploads\/2025\/04\/Equico-24-25.jpg","datePublished":"2025-01-21T08:00:58+00:00","dateModified":"2025-04-10T07:52:52+00:00","description":"Descobreix qui s\u00f3n les persones que formen part de l\u2019Equip de Coordinaci\u00f3 d\u2019Esplac i de qu\u00e8 s\u2019encarrega cadascuna!","breadcrumb":{"@id":"https:\/\/www.esplac.cat\/equico-2024-2025\/#breadcrumb"},"inLanguage":"es","potentialAction":[{"@type":"ReadAction","target":["https:\/\/www.esplac.cat\/equico-2024-2025\/"]}]},{"@type":"ImageObject","inLanguage":"es","@id":"https:\/\/www.esplac.cat\/equico-2024-2025\/#primaryimage","url":"https:\/\/www.esplac.cat\/wp-content\/uploads\/2025\/04\/Equico-24-25.jpg","contentUrl":"https:\/\/www.esplac.cat\/wp-content\/uploads\/2025\/04\/Equico-24-25.jpg","width":1697,"height":700,"caption":"Equip de Coordinaci\u00f3"},{"@type":"BreadcrumbList","@id":"https:\/\/www.esplac.cat\/equico-2024-2025\/#breadcrumb","itemListElement":[{"@type":"ListItem","position":1,"name":"Inici","item":"https:\/\/www.esplac.cat\/es\/"},{"@type":"ListItem","position":2,"name":"Qui \u00e9s qui a l\u2019Equico 2024-2025?"}]},{"@type":"WebSite","@id":"https:\/\/www.esplac.cat\/#website","url":"https:\/\/www.esplac.cat\/","name":"Esplac","description":"Esplais Catalans","publisher":{"@id":"https:\/\/www.esplac.cat\/#organization"},"potentialAction":[{"@type":"SearchAction","target":{"@type":"EntryPoint","urlTemplate":"https:\/\/www.esplac.cat\/?s={search_term_string}"},"query-input":{"@type":"PropertyValueSpecification","valueRequired":true,"valueName":"search_term_string"}}],"inLanguage":"es"},{"@type":"Organization","@id":"https:\/\/www.esplac.cat\/#organization","name":"Esplac","url":"https:\/\/www.esplac.cat\/","logo":{"@type":"ImageObject","inLanguage":"es","@id":"https:\/\/www.esplac.cat\/#\/schema\/logo\/image\/","url":"https:\/\/www.esplac.cat\/wp-content\/uploads\/2019\/08\/logox2.png","contentUrl":"https:\/\/www.esplac.cat\/wp-content\/uploads\/2019\/08\/logox2.png","width":600,"height":295,"caption":"Esplac"},"image":{"@id":"https:\/\/www.esplac.cat\/#\/schema\/logo\/image\/"}},{"@type":"Person","@id":"https:\/\/www.esplac.cat\/#\/schema\/person\/908383cf240be18b68f8855d0583faca","name":"Comunicaci\u00f3 Esplac","image":{"@type":"ImageObject","inLanguage":"es","@id":"https:\/\/secure.gravatar.com\/avatar\/7a4cf8feb412a76ea4a740ca02d95b06b2907b5a6c648c2dd0a1082a093c3141?s=96&d=mm&r=g","url":"https:\/\/secure.gravatar.com\/avatar\/7a4cf8feb412a76ea4a740ca02d95b06b2907b5a6c648c2dd0a1082a093c3141?s=96&d=mm&r=g","contentUrl":"https:\/\/secure.gravatar.com\/avatar\/7a4cf8feb412a76ea4a740ca02d95b06b2907b5a6c648c2dd0a1082a093c3141?s=96&d=mm&r=g","caption":"Comunicaci\u00f3 Esplac"}}]}},"_links":{"self":[{"href":"https:\/\/www.esplac.cat\/es\/wp-json\/wp\/v2\/posts\/53467","targetHints":{"allow":["GET"]}}],"collection":[{"href":"https:\/\/www.esplac.cat\/es\/wp-json\/wp\/v2\/posts"}],"about":[{"href":"https:\/\/www.esplac.cat\/es\/wp-json\/wp\/v2\/types\/post"}],"author":[{"embeddable":true,"href":"https:\/\/www.esplac.cat\/es\/wp-json\/wp\/v2\/users\/3"}],"replies":[{"embeddable":true,"href":"https:\/\/www.esplac.cat\/es\/wp-json\/wp\/v2\/comments?post=53467"}],"version-history":[{"count":5,"href":"https:\/\/www.esplac.cat\/es\/wp-json\/wp\/v2\/posts\/53467\/revisions"}],"predecessor-version":[{"id":53482,"href":"https:\/\/www.esplac.cat\/es\/wp-json\/wp\/v2\/posts\/53467\/revisions\/53482"}],"wp:featuredmedia":[{"embeddable":true,"href":"https:\/\/www.esplac.cat\/es\/wp-json\/wp\/v2\/media\/53469"}],"wp:attachment":[{"href":"https:\/\/www.esplac.cat\/es\/wp-json\/wp\/v2\/media?parent=53467"}],"wp:term":[{"taxonomy":"category","embeddable":true,"href":"https:\/\/www.esplac.cat\/es\/wp-json\/wp\/v2\/categories?post=53467"},{"taxonomy":"post_tag","embeddable":true,"href":"https:\/\/www.esplac.cat\/es\/wp-json\/wp\/v2\/tags?post=53467"}],"curies":[{"name":"wp","href":"https:\/\/api.w.org\/{rel}","templated":true}]}}