{"id":53483,"date":"2025-04-14T13:41:41","date_gmt":"2025-04-14T11:41:41","guid":{"rendered":"https:\/\/www.esplac.cat\/?p=53483"},"modified":"2025-04-25T09:40:08","modified_gmt":"2025-04-25T07:40:08","slug":"busquem-responsable-dinformatica","status":"publish","type":"post","link":"https:\/\/www.esplac.cat\/es\/busquem-responsable-dinformatica\/","title":{"rendered":"Busquem responsable d&#8217;inform\u00e0tica!"},"content":{"rendered":"<div class=\"fusion-fullwidth fullwidth-box fusion-builder-row-1 fusion-flex-container has-pattern-background has-mask-background nonhundred-percent-fullwidth non-hundred-percent-height-scrolling\" style=\"--awb-border-radius-top-left:0px;--awb-border-radius-top-right:0px;--awb-border-radius-bottom-right:0px;--awb-border-radius-bottom-left:0px;--awb-flex-wrap:wrap;\" ><div class=\"fusion-builder-row fusion-row fusion-flex-align-items-flex-start fusion-flex-content-wrap\" style=\"max-width:1248px;margin-left: calc(-4% \/ 2 );margin-right: calc(-4% \/ 2 );\"><div class=\"fusion-layout-column fusion_builder_column fusion-builder-column-0 fusion_builder_column_1_1 1_1 fusion-flex-column\" style=\"--awb-bg-size:cover;--awb-width-large:100%;--awb-margin-top-large:0px;--awb-spacing-right-large:1.92%;--awb-margin-bottom-large:20px;--awb-spacing-left-large:1.92%;--awb-width-medium:100%;--awb-order-medium:0;--awb-spacing-right-medium:1.92%;--awb-spacing-left-medium:1.92%;--awb-width-small:100%;--awb-order-small:0;--awb-spacing-right-small:1.92%;--awb-spacing-left-small:1.92%;\" data-motion-effects=\"[{&quot;type&quot;:&quot;&quot;,&quot;scroll_type&quot;:&quot;transition&quot;,&quot;scroll_direction&quot;:&quot;up&quot;,&quot;transition_speed&quot;:&quot;1&quot;,&quot;fade_type&quot;:&quot;in&quot;,&quot;scale_type&quot;:&quot;up&quot;,&quot;initial_scale&quot;:&quot;1&quot;,&quot;max_scale&quot;:&quot;1.5&quot;,&quot;min_scale&quot;:&quot;0.5&quot;,&quot;initial_rotate&quot;:&quot;0&quot;,&quot;end_rotate&quot;:&quot;30&quot;,&quot;initial_blur&quot;:&quot;0&quot;,&quot;end_blur&quot;:&quot;3&quot;,&quot;start_element&quot;:&quot;top&quot;,&quot;start_viewport&quot;:&quot;bottom&quot;,&quot;end_element&quot;:&quot;bottom&quot;,&quot;end_viewport&quot;:&quot;top&quot;,&quot;mouse_effect&quot;:&quot;track&quot;,&quot;mouse_effect_direction&quot;:&quot;opposite&quot;,&quot;mouse_effect_speed&quot;:&quot;2&quot;,&quot;infinite_animation&quot;:&quot;float&quot;,&quot;infinite_animation_speed&quot;:&quot;2&quot;}]\" data-scroll-devices=\"small-visibility,medium-visibility,large-visibility\"><div class=\"fusion-column-wrapper fusion-column-has-shadow fusion-flex-justify-content-flex-start fusion-content-layout-column\"><div class=\"fusion-text fusion-text-1\"><h6><strong>Obrim un termini per a la presentaci\u00f3 de curr\u00edculums amb l\u2019objectiu de cobrir la pla\u00e7a de responsable d&#8217;iform\u00e0tica d&#8217;Esplais Catalans.<\/strong><\/h6>\n<p>Els curr\u00edculums i les cartes de motivaci\u00f3 les heu de fer arribar mitjan\u00e7ant <a href=\"https:\/\/infoesplac.typeform.com\/to\/NoArlq6R\" target=\"_blank\" rel=\"noopener\"><span style=\"color: #f69d0b;\"><strong>aquest<\/strong><\/span><\/a> formulari <strong>abans del 29 d&#8217;abril de 2025<\/strong>.<\/p>\n<p><strong>Funcions:<\/strong><\/p>\n<ul>\n<li style=\"font-weight: 300;\" aria-level=\"1\"><span style=\"font-weight: 300;\">Desenvolupament i manteniment de l\u2019aplicaci\u00f3 web de gesti\u00f3 de l\u2019entitat: programaci\u00f3 en javascript\/typescript amb els frameworks Angular, NodeJS\/ExpressJS, mongoDB (MEAN stack) i model client-servidor amb API REST<\/span><\/li>\n<li style=\"font-weight: 300;\" aria-level=\"1\"><span style=\"font-weight: 300;\">Elaboraci\u00f3, execuci\u00f3 i avaluaci\u00f3 del pla de treball de les aplicacions inform\u00e0tiques que s&#8217;usen a Esplac.<\/span><\/li>\n<li style=\"font-weight: 300;\" aria-level=\"1\"><span style=\"font-weight: 300;\">Coordinaci\u00f3 amb els equips de treball i dirigents de l\u2019entitat per a les funcions assignades i d&#8217;altres que puguin sorgir.<br \/><\/span><\/li>\n<\/ul>\n<p><strong>Es demana:<\/strong><\/p>\n<ul>\n<li aria-level=\"1\">Titulaci\u00f3 acabada o en curs de Grau en Enginyeria Inform\u00e0tica o Cicle Formatiu de Grau Superior (CFGS) de Desenvolupament d&#8217;Aplicacions Web (DAW) o Desenvolupament d\u2019Aplicacions Multiplataforma (DAM) o coneixements equivalents demostrables.<\/li>\n<li aria-level=\"1\">Coneixement mitj\u00e0 de bases de dades.<\/li>\n<li aria-level=\"1\">Coneixement o experi\u00e8ncia en desenvolupament d&#8217;aplicacions web.<\/li>\n<li aria-level=\"1\">Coneixement b\u00e0sic de gesti\u00f3 de servidors dedicats.<\/li>\n<li aria-level=\"1\">Compet\u00e8ncia escrita: capacitat de redacci\u00f3 i capacitat de s\u00edntesi.<\/li>\n<li aria-level=\"1\">Capacitat d&#8217;organitzaci\u00f3, gesti\u00f3 del temps i compliments de terminis, treball en equip, autonomia personal, flexibilitat i adaptabilitat.<\/li>\n<li aria-level=\"1\">Assist\u00e8ncia a reunions o activitats d\u2019especial inter\u00e8s en horari associatiu, vocaci\u00f3 de servei als esplais i comprom\u00eds amb els valors d&#8217;Esplais Catalans.<\/li>\n<li aria-level=\"1\">Tenir menys de 30 anys.<\/li>\n<\/ul>\n<p><b>Es valorar\u00e0:<\/b><\/p>\n<ul>\n<li aria-level=\"1\">Experi\u00e8ncia en les funcions descrites i facilitat per con\u00e8ixer noves eines de treball.<\/li>\n<li aria-level=\"1\">Experi\u00e8ncia en desenvolupament amb tecnologies web, espec\u00edficament Angular i NodeJS.<\/li>\n<li aria-level=\"1\">Experi\u00e8ncia en especificaci\u00f3 i disseny de bases de dades no relacionals.<\/li>\n<li aria-level=\"1\">Coneixement de disseny web.<\/li>\n<li aria-level=\"1\">Coneixement o experi\u00e8ncia en Linux, terminal Bash i administraci\u00f3 de sistemes.<\/li>\n<li aria-level=\"1\">Experi\u00e8ncia amb sistema de versions, especialment Git i l&#8217;entorn GitLab.<\/li>\n<li aria-level=\"1\">Experi\u00e8ncia en comunitats de desenvolupament de codi obert i en projectes de promoci\u00f3 de la sobirania tecnol\u00f2gica.<\/li>\n<li aria-level=\"1\">Coneixement i experi\u00e8ncia en l&#8217;\u00e0mbit de l&#8217;associacionisme educatiu i els esplais.<\/li>\n<li aria-level=\"1\">Coneixement en temes espec\u00edfics relacionats amb el projecte educatiu d\u2019Esplais Catalans.<\/li>\n<\/ul>\n<p><strong>Condicions laborals:<\/strong><\/p>\n<ul>\n<li aria-level=\"1\">Contracte indefinit de 20 hores setmanals. Sou segons l&#8217;escala salarial de l&#8217;entitat (13.896,66\u20ac \u20ac bruts anuals).<\/li>\n<li aria-level=\"1\">Incorporaci\u00f3 el mes de maig amb 2 mesos de prova. i incorporaci\u00f3 el mes de maig.<\/li>\n<li aria-level=\"1\">Lloc de treball habitual: Barcelona.<\/li>\n<\/ul>\n<p>Podeu consultar <a href=\"https:\/\/www.esplac.cat\/wp-content\/uploads\/2025\/04\/RespInformatica_oferta_2025-1.pdf\"><strong><span style=\"color: #f69d0b;\">aqu\u00ed<\/span><\/strong><\/a> la convocat\u00f2ria completa.<\/p>\n<\/div><\/div><\/div><\/div><\/div>\n","protected":false},"excerpt":{"rendered":"","protected":false},"author":3,"featured_media":53488,"comment_status":"closed","ping_status":"closed","sticky":false,"template":"","format":"standard","meta":{"om_disable_all_campaigns":false,"_monsterinsights_skip_tracking":false,"_monsterinsights_sitenote_active":false,"_monsterinsights_sitenote_note":"","_monsterinsights_sitenote_category":0,"_uf_show_specific_survey":0,"_uf_disable_surveys":false,"footnotes":""},"categories":[1116,1],"tags":[],"class_list":["post-53483","post","type-post","status-publish","format-standard","has-post-thumbnail","hentry","category-secretaria-esplac","category-sense-categoria"],"yoast_head":"<!-- This site is optimized with the Yoast SEO plugin v27.4 - https:\/\/yoast.com\/product\/yoast-seo-wordpress\/ -->\n<title>Busquem responsable d&#039;inform\u00e0tica! - Esplac<\/title>\n<meta name=\"description\" content=\"Hem obert una pla\u00e7a de Responsable d&#039;Inform\u00e0tica d&#039;Esplais Catalans.\u00a0El termini per presentar curr\u00edculums finalitza el dia 24 d&#039;abril.\" \/>\n<meta name=\"robots\" content=\"index, follow, max-snippet:-1, max-image-preview:large, max-video-preview:-1\" \/>\n<link rel=\"canonical\" href=\"https:\/\/www.esplac.cat\/busquem-responsable-dinformatica\/\" \/>\n<meta property=\"og:locale\" content=\"es_ES\" \/>\n<meta property=\"og:type\" content=\"article\" \/>\n<meta property=\"og:title\" content=\"Busquem responsable d&#039;inform\u00e0tica! - Esplac\" \/>\n<meta property=\"og:description\" content=\"Hem obert una pla\u00e7a de Responsable d&#039;Inform\u00e0tica d&#039;Esplais Catalans.\u00a0El termini per presentar curr\u00edculums finalitza el dia 24 d&#039;abril.\" \/>\n<meta property=\"og:url\" content=\"https:\/\/www.esplac.cat\/busquem-responsable-dinformatica\/\" \/>\n<meta property=\"og:site_name\" content=\"Esplac\" \/>\n<meta property=\"article:published_time\" content=\"2025-04-14T11:41:41+00:00\" \/>\n<meta property=\"article:modified_time\" content=\"2025-04-25T07:40:08+00:00\" \/>\n<meta property=\"og:image\" content=\"https:\/\/www.esplac.cat\/wp-content\/uploads\/2025\/04\/Responsable-informatica.png\" \/>\n\t<meta property=\"og:image:width\" content=\"1694\" \/>\n\t<meta property=\"og:image:height\" content=\"700\" \/>\n\t<meta property=\"og:image:type\" content=\"image\/png\" \/>\n<meta name=\"author\" content=\"Comunicaci\u00f3 Esplac\" \/>\n<meta name=\"twitter:card\" content=\"summary_large_image\" \/>\n<meta name=\"twitter:label1\" content=\"Escrito por\" \/>\n\t<meta name=\"twitter:data1\" content=\"Comunicaci\u00f3 Esplac\" \/>\n\t<meta name=\"twitter:label2\" content=\"Tiempo de lectura\" \/>\n\t<meta name=\"twitter:data2\" content=\"3 minutos\" \/>\n<script type=\"application\/ld+json\" class=\"yoast-schema-graph\">{\"@context\":\"https:\\\/\\\/schema.org\",\"@graph\":[{\"@type\":\"Article\",\"@id\":\"https:\\\/\\\/www.esplac.cat\\\/busquem-responsable-dinformatica\\\/#article\",\"isPartOf\":{\"@id\":\"https:\\\/\\\/www.esplac.cat\\\/busquem-responsable-dinformatica\\\/\"},\"author\":{\"name\":\"Comunicaci\u00f3 Esplac\",\"@id\":\"https:\\\/\\\/www.esplac.cat\\\/#\\\/schema\\\/person\\\/908383cf240be18b68f8855d0583faca\"},\"headline\":\"Busquem responsable d&#8217;inform\u00e0tica!\",\"datePublished\":\"2025-04-14T11:41:41+00:00\",\"dateModified\":\"2025-04-25T07:40:08+00:00\",\"mainEntityOfPage\":{\"@id\":\"https:\\\/\\\/www.esplac.cat\\\/busquem-responsable-dinformatica\\\/\"},\"wordCount\":1504,\"publisher\":{\"@id\":\"https:\\\/\\\/www.esplac.cat\\\/#organization\"},\"image\":{\"@id\":\"https:\\\/\\\/www.esplac.cat\\\/busquem-responsable-dinformatica\\\/#primaryimage\"},\"thumbnailUrl\":\"https:\\\/\\\/www.esplac.cat\\\/wp-content\\\/uploads\\\/2025\\\/04\\\/Responsable-informatica.png\",\"articleSection\":[\"Secretaria T\u00e8cnica\",\"Sense categoria\"],\"inLanguage\":\"es\"},{\"@type\":\"WebPage\",\"@id\":\"https:\\\/\\\/www.esplac.cat\\\/busquem-responsable-dinformatica\\\/\",\"url\":\"https:\\\/\\\/www.esplac.cat\\\/busquem-responsable-dinformatica\\\/\",\"name\":\"Busquem responsable d'inform\u00e0tica! - Esplac\",\"isPartOf\":{\"@id\":\"https:\\\/\\\/www.esplac.cat\\\/#website\"},\"primaryImageOfPage\":{\"@id\":\"https:\\\/\\\/www.esplac.cat\\\/busquem-responsable-dinformatica\\\/#primaryimage\"},\"image\":{\"@id\":\"https:\\\/\\\/www.esplac.cat\\\/busquem-responsable-dinformatica\\\/#primaryimage\"},\"thumbnailUrl\":\"https:\\\/\\\/www.esplac.cat\\\/wp-content\\\/uploads\\\/2025\\\/04\\\/Responsable-informatica.png\",\"datePublished\":\"2025-04-14T11:41:41+00:00\",\"dateModified\":\"2025-04-25T07:40:08+00:00\",\"description\":\"Hem obert una pla\u00e7a de Responsable d'Inform\u00e0tica d'Esplais Catalans.\u00a0El termini per presentar curr\u00edculums finalitza el dia 24 d'abril.\",\"breadcrumb\":{\"@id\":\"https:\\\/\\\/www.esplac.cat\\\/busquem-responsable-dinformatica\\\/#breadcrumb\"},\"inLanguage\":\"es\",\"potentialAction\":[{\"@type\":\"ReadAction\",\"target\":[\"https:\\\/\\\/www.esplac.cat\\\/busquem-responsable-dinformatica\\\/\"]}]},{\"@type\":\"ImageObject\",\"inLanguage\":\"es\",\"@id\":\"https:\\\/\\\/www.esplac.cat\\\/busquem-responsable-dinformatica\\\/#primaryimage\",\"url\":\"https:\\\/\\\/www.esplac.cat\\\/wp-content\\\/uploads\\\/2025\\\/04\\\/Responsable-informatica.png\",\"contentUrl\":\"https:\\\/\\\/www.esplac.cat\\\/wp-content\\\/uploads\\\/2025\\\/04\\\/Responsable-informatica.png\",\"width\":1694,\"height\":700},{\"@type\":\"BreadcrumbList\",\"@id\":\"https:\\\/\\\/www.esplac.cat\\\/busquem-responsable-dinformatica\\\/#breadcrumb\",\"itemListElement\":[{\"@type\":\"ListItem\",\"position\":1,\"name\":\"Inici\",\"item\":\"https:\\\/\\\/www.esplac.cat\\\/es\\\/\"},{\"@type\":\"ListItem\",\"position\":2,\"name\":\"Busquem responsable d&#8217;inform\u00e0tica!\"}]},{\"@type\":\"WebSite\",\"@id\":\"https:\\\/\\\/www.esplac.cat\\\/#website\",\"url\":\"https:\\\/\\\/www.esplac.cat\\\/\",\"name\":\"Esplac\",\"description\":\"Esplais Catalans\",\"publisher\":{\"@id\":\"https:\\\/\\\/www.esplac.cat\\\/#organization\"},\"potentialAction\":[{\"@type\":\"SearchAction\",\"target\":{\"@type\":\"EntryPoint\",\"urlTemplate\":\"https:\\\/\\\/www.esplac.cat\\\/?s={search_term_string}\"},\"query-input\":{\"@type\":\"PropertyValueSpecification\",\"valueRequired\":true,\"valueName\":\"search_term_string\"}}],\"inLanguage\":\"es\"},{\"@type\":\"Organization\",\"@id\":\"https:\\\/\\\/www.esplac.cat\\\/#organization\",\"name\":\"Esplac\",\"url\":\"https:\\\/\\\/www.esplac.cat\\\/\",\"logo\":{\"@type\":\"ImageObject\",\"inLanguage\":\"es\",\"@id\":\"https:\\\/\\\/www.esplac.cat\\\/#\\\/schema\\\/logo\\\/image\\\/\",\"url\":\"https:\\\/\\\/www.esplac.cat\\\/wp-content\\\/uploads\\\/2019\\\/08\\\/logox2.png\",\"contentUrl\":\"https:\\\/\\\/www.esplac.cat\\\/wp-content\\\/uploads\\\/2019\\\/08\\\/logox2.png\",\"width\":600,\"height\":295,\"caption\":\"Esplac\"},\"image\":{\"@id\":\"https:\\\/\\\/www.esplac.cat\\\/#\\\/schema\\\/logo\\\/image\\\/\"}},{\"@type\":\"Person\",\"@id\":\"https:\\\/\\\/www.esplac.cat\\\/#\\\/schema\\\/person\\\/908383cf240be18b68f8855d0583faca\",\"name\":\"Comunicaci\u00f3 Esplac\",\"image\":{\"@type\":\"ImageObject\",\"inLanguage\":\"es\",\"@id\":\"https:\\\/\\\/secure.gravatar.com\\\/avatar\\\/7a4cf8feb412a76ea4a740ca02d95b06b2907b5a6c648c2dd0a1082a093c3141?s=96&d=mm&r=g\",\"url\":\"https:\\\/\\\/secure.gravatar.com\\\/avatar\\\/7a4cf8feb412a76ea4a740ca02d95b06b2907b5a6c648c2dd0a1082a093c3141?s=96&d=mm&r=g\",\"contentUrl\":\"https:\\\/\\\/secure.gravatar.com\\\/avatar\\\/7a4cf8feb412a76ea4a740ca02d95b06b2907b5a6c648c2dd0a1082a093c3141?s=96&d=mm&r=g\",\"caption\":\"Comunicaci\u00f3 Esplac\"}}]}<\/script>\n<!-- \/ Yoast SEO plugin. -->","yoast_head_json":{"title":"Busquem responsable d'inform\u00e0tica! - Esplac","description":"Hem obert una pla\u00e7a de Responsable d'Inform\u00e0tica d'Esplais Catalans.\u00a0El termini per presentar curr\u00edculums finalitza el dia 24 d'abril.","robots":{"index":"index","follow":"follow","max-snippet":"max-snippet:-1","max-image-preview":"max-image-preview:large","max-video-preview":"max-video-preview:-1"},"canonical":"https:\/\/www.esplac.cat\/busquem-responsable-dinformatica\/","og_locale":"es_ES","og_type":"article","og_title":"Busquem responsable d'inform\u00e0tica! - Esplac","og_description":"Hem obert una pla\u00e7a de Responsable d'Inform\u00e0tica d'Esplais Catalans.\u00a0El termini per presentar curr\u00edculums finalitza el dia 24 d'abril.","og_url":"https:\/\/www.esplac.cat\/busquem-responsable-dinformatica\/","og_site_name":"Esplac","article_published_time":"2025-04-14T11:41:41+00:00","article_modified_time":"2025-04-25T07:40:08+00:00","og_image":[{"width":1694,"height":700,"url":"https:\/\/www.esplac.cat\/wp-content\/uploads\/2025\/04\/Responsable-informatica.png","type":"image\/png"}],"author":"Comunicaci\u00f3 Esplac","twitter_card":"summary_large_image","twitter_misc":{"Escrito por":"Comunicaci\u00f3 Esplac","Tiempo de lectura":"3 minutos"},"schema":{"@context":"https:\/\/schema.org","@graph":[{"@type":"Article","@id":"https:\/\/www.esplac.cat\/busquem-responsable-dinformatica\/#article","isPartOf":{"@id":"https:\/\/www.esplac.cat\/busquem-responsable-dinformatica\/"},"author":{"name":"Comunicaci\u00f3 Esplac","@id":"https:\/\/www.esplac.cat\/#\/schema\/person\/908383cf240be18b68f8855d0583faca"},"headline":"Busquem responsable d&#8217;inform\u00e0tica!","datePublished":"2025-04-14T11:41:41+00:00","dateModified":"2025-04-25T07:40:08+00:00","mainEntityOfPage":{"@id":"https:\/\/www.esplac.cat\/busquem-responsable-dinformatica\/"},"wordCount":1504,"publisher":{"@id":"https:\/\/www.esplac.cat\/#organization"},"image":{"@id":"https:\/\/www.esplac.cat\/busquem-responsable-dinformatica\/#primaryimage"},"thumbnailUrl":"https:\/\/www.esplac.cat\/wp-content\/uploads\/2025\/04\/Responsable-informatica.png","articleSection":["Secretaria T\u00e8cnica","Sense categoria"],"inLanguage":"es"},{"@type":"WebPage","@id":"https:\/\/www.esplac.cat\/busquem-responsable-dinformatica\/","url":"https:\/\/www.esplac.cat\/busquem-responsable-dinformatica\/","name":"Busquem responsable d'inform\u00e0tica! - Esplac","isPartOf":{"@id":"https:\/\/www.esplac.cat\/#website"},"primaryImageOfPage":{"@id":"https:\/\/www.esplac.cat\/busquem-responsable-dinformatica\/#primaryimage"},"image":{"@id":"https:\/\/www.esplac.cat\/busquem-responsable-dinformatica\/#primaryimage"},"thumbnailUrl":"https:\/\/www.esplac.cat\/wp-content\/uploads\/2025\/04\/Responsable-informatica.png","datePublished":"2025-04-14T11:41:41+00:00","dateModified":"2025-04-25T07:40:08+00:00","description":"Hem obert una pla\u00e7a de Responsable d'Inform\u00e0tica d'Esplais Catalans.\u00a0El termini per presentar curr\u00edculums finalitza el dia 24 d'abril.","breadcrumb":{"@id":"https:\/\/www.esplac.cat\/busquem-responsable-dinformatica\/#breadcrumb"},"inLanguage":"es","potentialAction":[{"@type":"ReadAction","target":["https:\/\/www.esplac.cat\/busquem-responsable-dinformatica\/"]}]},{"@type":"ImageObject","inLanguage":"es","@id":"https:\/\/www.esplac.cat\/busquem-responsable-dinformatica\/#primaryimage","url":"https:\/\/www.esplac.cat\/wp-content\/uploads\/2025\/04\/Responsable-informatica.png","contentUrl":"https:\/\/www.esplac.cat\/wp-content\/uploads\/2025\/04\/Responsable-informatica.png","width":1694,"height":700},{"@type":"BreadcrumbList","@id":"https:\/\/www.esplac.cat\/busquem-responsable-dinformatica\/#breadcrumb","itemListElement":[{"@type":"ListItem","position":1,"name":"Inici","item":"https:\/\/www.esplac.cat\/es\/"},{"@type":"ListItem","position":2,"name":"Busquem responsable d&#8217;inform\u00e0tica!"}]},{"@type":"WebSite","@id":"https:\/\/www.esplac.cat\/#website","url":"https:\/\/www.esplac.cat\/","name":"Esplac","description":"Esplais Catalans","publisher":{"@id":"https:\/\/www.esplac.cat\/#organization"},"potentialAction":[{"@type":"SearchAction","target":{"@type":"EntryPoint","urlTemplate":"https:\/\/www.esplac.cat\/?s={search_term_string}"},"query-input":{"@type":"PropertyValueSpecification","valueRequired":true,"valueName":"search_term_string"}}],"inLanguage":"es"},{"@type":"Organization","@id":"https:\/\/www.esplac.cat\/#organization","name":"Esplac","url":"https:\/\/www.esplac.cat\/","logo":{"@type":"ImageObject","inLanguage":"es","@id":"https:\/\/www.esplac.cat\/#\/schema\/logo\/image\/","url":"https:\/\/www.esplac.cat\/wp-content\/uploads\/2019\/08\/logox2.png","contentUrl":"https:\/\/www.esplac.cat\/wp-content\/uploads\/2019\/08\/logox2.png","width":600,"height":295,"caption":"Esplac"},"image":{"@id":"https:\/\/www.esplac.cat\/#\/schema\/logo\/image\/"}},{"@type":"Person","@id":"https:\/\/www.esplac.cat\/#\/schema\/person\/908383cf240be18b68f8855d0583faca","name":"Comunicaci\u00f3 Esplac","image":{"@type":"ImageObject","inLanguage":"es","@id":"https:\/\/secure.gravatar.com\/avatar\/7a4cf8feb412a76ea4a740ca02d95b06b2907b5a6c648c2dd0a1082a093c3141?s=96&d=mm&r=g","url":"https:\/\/secure.gravatar.com\/avatar\/7a4cf8feb412a76ea4a740ca02d95b06b2907b5a6c648c2dd0a1082a093c3141?s=96&d=mm&r=g","contentUrl":"https:\/\/secure.gravatar.com\/avatar\/7a4cf8feb412a76ea4a740ca02d95b06b2907b5a6c648c2dd0a1082a093c3141?s=96&d=mm&r=g","caption":"Comunicaci\u00f3 Esplac"}}]}},"_links":{"self":[{"href":"https:\/\/www.esplac.cat\/es\/wp-json\/wp\/v2\/posts\/53483","targetHints":{"allow":["GET"]}}],"collection":[{"href":"https:\/\/www.esplac.cat\/es\/wp-json\/wp\/v2\/posts"}],"about":[{"href":"https:\/\/www.esplac.cat\/es\/wp-json\/wp\/v2\/types\/post"}],"author":[{"embeddable":true,"href":"https:\/\/www.esplac.cat\/es\/wp-json\/wp\/v2\/users\/3"}],"replies":[{"embeddable":true,"href":"https:\/\/www.esplac.cat\/es\/wp-json\/wp\/v2\/comments?post=53483"}],"version-history":[{"count":8,"href":"https:\/\/www.esplac.cat\/es\/wp-json\/wp\/v2\/posts\/53483\/revisions"}],"predecessor-version":[{"id":53560,"href":"https:\/\/www.esplac.cat\/es\/wp-json\/wp\/v2\/posts\/53483\/revisions\/53560"}],"wp:featuredmedia":[{"embeddable":true,"href":"https:\/\/www.esplac.cat\/es\/wp-json\/wp\/v2\/media\/53488"}],"wp:attachment":[{"href":"https:\/\/www.esplac.cat\/es\/wp-json\/wp\/v2\/media?parent=53483"}],"wp:term":[{"taxonomy":"category","embeddable":true,"href":"https:\/\/www.esplac.cat\/es\/wp-json\/wp\/v2\/categories?post=53483"},{"taxonomy":"post_tag","embeddable":true,"href":"https:\/\/www.esplac.cat\/es\/wp-json\/wp\/v2\/tags?post=53483"}],"curies":[{"name":"wp","href":"https:\/\/api.w.org\/{rel}","templated":true}]}}