{"id":53562,"date":"2025-04-29T13:07:45","date_gmt":"2025-04-29T11:07:45","guid":{"rendered":"https:\/\/www.esplac.cat\/?p=53562"},"modified":"2025-04-30T13:44:20","modified_gmt":"2025-04-30T11:44:20","slug":"els-esplais-fem-creixer-leducacio-que-revoluciona-amb-projectes-transformadors-basats-en-lassemblearisme-lautogestio-i-la-cura-collectiva","status":"publish","type":"post","link":"https:\/\/www.esplac.cat\/es\/els-esplais-fem-creixer-leducacio-que-revoluciona-amb-projectes-transformadors-basats-en-lassemblearisme-lautogestio-i-la-cura-collectiva\/","title":{"rendered":"Els esplais fem cr\u00e9ixer l\u2019educaci\u00f3 que revoluciona amb projectes transformadors basats en l\u2019assemblearisme, l\u2019autogesti\u00f3 i la cura col\u00b7lectiva"},"content":{"rendered":"<div class=\"fusion-fullwidth fullwidth-box fusion-builder-row-1 fusion-flex-container has-pattern-background has-mask-background nonhundred-percent-fullwidth non-hundred-percent-height-scrolling\" style=\"--awb-border-radius-top-left:0px;--awb-border-radius-top-right:0px;--awb-border-radius-bottom-right:0px;--awb-border-radius-bottom-left:0px;--awb-flex-wrap:wrap;\" ><div class=\"fusion-builder-row fusion-row fusion-flex-align-items-flex-start fusion-flex-content-wrap\" style=\"max-width:1248px;margin-left: calc(-4% \/ 2 );margin-right: calc(-4% \/ 2 );\"><div class=\"fusion-layout-column fusion_builder_column fusion-builder-column-0 fusion_builder_column_1_1 1_1 fusion-flex-column\" style=\"--awb-bg-size:cover;--awb-width-large:100%;--awb-margin-top-large:0px;--awb-spacing-right-large:1.92%;--awb-margin-bottom-large:20px;--awb-spacing-left-large:1.92%;--awb-width-medium:100%;--awb-order-medium:0;--awb-spacing-right-medium:1.92%;--awb-spacing-left-medium:1.92%;--awb-width-small:100%;--awb-order-small:0;--awb-spacing-right-small:1.92%;--awb-spacing-left-small:1.92%;\"><div class=\"fusion-column-wrapper fusion-column-has-shadow fusion-flex-justify-content-flex-start fusion-content-layout-column\"><div class=\"fusion-text fusion-text-1\"><h6><strong>Esplais Catalans reivindiquem el paper transformador del lleure educatiu en una campanya comunicativa per sumar s\u00f2cies i socis al projecte, amb l\u2019objectiu d\u2019augmentar el finan\u00e7ament propi dels esplais i de l\u2019associaci\u00f3.<\/strong><\/h6>\n<p><em>Article de Cristina Gotzens, membre de l\u2019Equip de Coordinaci\u00f3 d\u2019Esplac.<\/em><\/p>\n<p>El lleure educatiu viu moments dif\u00edcils; <strong>els reptes a qu\u00e8 actualment fem front com a societat afecten, tamb\u00e9, a la realitat del dia a dia dels esplais<\/strong>. Ens trobem en un context de crisi sist\u00e8mica que, des d\u2019Esplais Catalans (Esplac), identifiquem principalment en tres eixos que s\u2019entrecreuen: <strong>una crisi econ\u00f2mica, una crisi ambiental i una crisi social<\/strong>. Aquesta realitat implica que les monitores i monitors d\u2019esplai tinguem dificultats a l\u2019hora de dur a terme les nostres activitats i fer cr\u00e9ixer els nostres projectes. Moltes som joves amb feines prec\u00e0ries, que vivim en un context en qu\u00e8 cada vegada \u00e9s m\u00e9s dif\u00edcil accedir a l\u2019habitatge i estem esgotades emocionalment de conviure amb desigualtats cronificades i viure en primera persona una creixent desafecci\u00f3 pol\u00edtica i una crisi de valors. A m\u00e9s, vivim un context cr\u00edtic a nivell mediambiental en el qual, entre altres factors, hem de fer front a un per\u00edode de sequera que cada vegada fa m\u00e9s dif\u00edcil poder realitzar activitats com els campaments d\u2019estiu.<\/p>\n<p>Malgrat tot, davant aquesta situaci\u00f3 els esplais continuem duent a terme<strong> projectes transformadors a partir de l\u2019assemblearisme, l\u2019autogesti\u00f3 i la cura col\u00b7lectiva<\/strong>. Amb la convicci\u00f3 que la nostra tasca \u00e9s revolucion\u00e0ria, fem esplai dissabte rere dissabte i mostrem a infants i joves del nostre entorn que es pot viure d\u2019una altra manera. Creem espais segurs per a totes elles i tots ells; els fem saber que la seva opini\u00f3 \u00e9s igual de v\u00e0lida que la d\u2019una persona adulta, posem les emocions i la vida al centre i, a trav\u00e9s del joc, fomentem els valors de la societat que volem ser. Eduquem en el decreixement, la just\u00edcia global, el feminisme interseccional, el voluntariat, l\u2019associacionisme, el paidocentrisme i la la\u00efcitat. En definitiva, som part de la resist\u00e8ncia a un sistema capitalista que pret\u00e9n trencar els vincles comunitaris.<\/p>\n<blockquote>\n<h3><strong>\u00abAmb la convicci\u00f3 que la nostra tasca \u00e9s revolucion\u00e0ria, fem esplai dissabte rere dissabte i mostrem a infants i joves del nostre entorn que es pot viure d\u2019una altra manera\u00bb<\/strong><\/h3>\n<\/blockquote>\n<p>Aquesta inclinaci\u00f3 a l\u2019individualisme s\u2019impregna a les nostres vides de maneres molt diverses i la trobem arreu: ja sigui en un bombardeig constant de missatges a trav\u00e9s de les xarxes socials o en forma de traves burocr\u00e0tiques quan volem organitzar una cal\u00e7otada popular a la pla\u00e7a del poble. Les m\u00faltiples formes d\u2019aquesta tend\u00e8ncia posen en perill la continu\u00eftat dels nostres projectes i aix\u00f2 no \u00e9s una casualitat. <strong>La desafecci\u00f3 pol\u00edtica forma part d\u2019una estrat\u00e8gia del sistema: com menys persones compromeses hi ha, menys lluites col\u00b7lectives es poden sostenir.<\/strong><\/p>\n<p>En un context en qu\u00e8 els esplais fem front a tantes dificultats, des d\u2019Esplac creiem que el paper de les administracions p\u00fabliques es queda curt. <strong>El lleure educatiu \u00e9s un moviment en qu\u00e8 hi participem m\u00e9s de 40.000 persones, per\u00f2 sentim que no se\u2019ns escolta prou<\/strong>. La realitat \u00e9s que per dur a terme la nostra tasca, els esplais ens veiem abocats a una burocr\u00e0cia excessiva que ens fa desviar el focus de la tasca pedag\u00f2gica. Alhora, les administracions tampoc donen resposta a les problem\u00e0tiques que afrontem en el nostre dia a dia i, quan les necessitem en moments d&#8217;urg\u00e8ncia, com en la passada crisi de terrenys, les solucions arriben tard.<\/p>\n<blockquote>\n<h3><strong>\u00abLa desafecci\u00f3 pol\u00edtica forma part d\u2019una estrat\u00e8gia del sistema: com menys persones compromeses hi ha, menys lluites col\u00b7lectives es poden sostenir\u00bb<\/strong><\/h3>\n<\/blockquote>\n<p>La realitat \u00e9s que actualment el finan\u00e7ament d\u2019Esplac dep\u00e8n principalment d\u2019aquestes administracions i, des de fa 8 anys, est\u00e0 estancat. En aquest temps la realitat econ\u00f2mica ha canviat i l\u2019IPC ha anat incrementant, fent que la vida sigui m\u00e9s cara. Davant d\u2019aquesta realitat, creiem que \u00e9s necessari<strong> apostar per augmentar el finan\u00e7ament privat, amb l\u2019objectiu de protegir la tasca dels esplais i garantir la nostra autonomia i independ\u00e8ncia pol\u00edtica<\/strong>. Per fer-ho, necessitem augmentar el nombre de persones que s\u00f3n s\u00f2cies de l\u2019entitat.<\/p>\n<p>Precisament amb aquest objectiu, enguany hem decidit impulsar<strong> una campanya comunicativa que reivindica el valor de la tasca educativa dels esplais laics i voluntaris<\/strong>, sota el lema <span style=\"color: #f69d0b;\"><a style=\"color: #f69d0b;\" href=\"https:\/\/www.esplac.cat\/descobreix-amaga-darrere-nova-campanya-socies-esplac\/\" target=\"_blank\" rel=\"noopener\"><strong><em>El canvi comen\u00e7a a l\u2019esplai. Fem cr\u00e9ixer l\u2019educaci\u00f3 que revoluciona!<\/em><\/strong><\/a><\/span>. L\u2019objectiu \u00e9s sumar noves s\u00f2cies i socis al projecte, demostrant que fer aquest pas \u00e9s una manera f\u00e0cil i directa de defensar un model d\u2019educaci\u00f3 popular que es basa en la participaci\u00f3 i els drets dels infants. I \u00e9s que, tal com es va aprovar a l\u2019\u00faltima Assemblea General Ordin\u00e0ria d\u2019Esplac, a partir d\u2019ara, <strong>el 50% de les quotes de les s\u00f2cies es destina directament als esplais<\/strong>. La resta de la quota serveix per enfortir els projectes d\u2019Esplac i el funcionament del dia a dia de l\u2019entitat.<\/p>\n<p>I tu, a qu\u00e8 esperes? <span style=\"color: #f69d0b;\"><a style=\"color: #f69d0b;\" href=\"https:\/\/www.esplac.cat\/fes-te-socia\/\" target=\"_blank\" rel=\"noopener\"><strong>Suma\u2019t a la campanya<\/strong><\/a><\/span> i contribueix tu tamb\u00e9 a fer m\u00e9s forts els esplais i la seva tasca transformadora!<\/p>\n<\/div><div style=\"text-align:center;\"><a class=\"fusion-button button-flat fusion-button-default-size button-default fusion-button-default button-1 fusion-button-default-span fusion-button-default-type\" style=\"--button_margin-top:50px;--button_margin-bottom:50px;\" target=\"_self\" href=\"https:\/\/www.esplac.cat\/fes-te-socia\/\"><span class=\"fusion-button-text\">Fes-te s\u00f2cia!<\/span><\/a><\/div><div class=\"fusion-video fusion-youtube\" style=\"--awb-max-width:1000px;--awb-max-height:563px;--awb-align-self:center;--awb-width:100%;\"><div class=\"video-shortcode\"><div class=\"fluid-width-video-wrapper\" style=\"padding-top:56.3%;\" ><iframe class=\"fusion-hidden\" data-privacy-type=\"youtube\" src=\"\" title=\"YouTube video player 1\" data-privacy-src=\"https:\/\/www.youtube.com\/embed\/WSHcrYJg264?wmode=transparent&autoplay=0\" width=\"1000\" height=\"563\" allowfullscreen allow=\"autoplay; fullscreen\"><\/iframe><div class=\"fusion-privacy-placeholder\" style=\"width:1000px; height:563px;\" data-privacy-type=\"youtube\"><div class=\"fusion-privacy-placeholder-content\"><div class=\"fusion-privacy-label\">For privacy reasons YouTube needs your permission to be loaded. For more details, please see our <a class=\"privacy-policy-link\" href=\"https:\/\/www.esplac.cat\/avis-legal\/\" rel=\"privacy-policy\">Av\u00eds Legal<\/a>.<\/div><a href=\"\" data-privacy-type=\"youtube\" class=\"fusion-button button-default fusion-button-default-size button fusion-privacy-consent\">I Accept<\/a><\/div><\/div><\/div><\/div><\/div><\/div><\/div><\/div><\/div>\n","protected":false},"excerpt":{"rendered":"","protected":false},"author":3,"featured_media":53564,"comment_status":"closed","ping_status":"closed","sticky":false,"template":"","format":"standard","meta":{"om_disable_all_campaigns":false,"_monsterinsights_skip_tracking":false,"_monsterinsights_sitenote_active":false,"_monsterinsights_sitenote_note":"","_monsterinsights_sitenote_category":0,"_uf_show_specific_survey":0,"_uf_disable_surveys":false,"footnotes":""},"categories":[1563,1,1396],"tags":[],"class_list":["post-53562","post","type-post","status-publish","format-standard","has-post-thumbnail","hentry","category-leducacio-que-revoluciona","category-sense-categoria","category-socies"],"yoast_head":"<!-- This site is optimized with the Yoast SEO plugin v27.4 - https:\/\/yoast.com\/product\/yoast-seo-wordpress\/ -->\n<title>Els esplais fem cr\u00e9ixer l\u2019educaci\u00f3 que revoluciona!<\/title>\n<meta name=\"description\" content=\"Reivindiquem el paper transformador del lleure educatiu en una campanya per sumar s\u00f2cies i socis al projecte.\" \/>\n<meta name=\"robots\" content=\"index, follow, max-snippet:-1, max-image-preview:large, max-video-preview:-1\" \/>\n<link rel=\"canonical\" href=\"https:\/\/www.esplac.cat\/els-esplais-fem-creixer-leducacio-que-revoluciona-amb-projectes-transformadors-basats-en-lassemblearisme-lautogestio-i-la-cura-collectiva\/\" \/>\n<meta property=\"og:locale\" content=\"es_ES\" \/>\n<meta property=\"og:type\" content=\"article\" \/>\n<meta property=\"og:title\" content=\"Els esplais fem cr\u00e9ixer l\u2019educaci\u00f3 que revoluciona!\" \/>\n<meta property=\"og:description\" content=\"Reivindiquem el paper transformador del lleure educatiu en una campanya per sumar s\u00f2cies i socis al projecte.\" \/>\n<meta property=\"og:url\" content=\"https:\/\/www.esplac.cat\/els-esplais-fem-creixer-leducacio-que-revoluciona-amb-projectes-transformadors-basats-en-lassemblearisme-lautogestio-i-la-cura-collectiva\/\" \/>\n<meta property=\"og:site_name\" content=\"Esplac\" \/>\n<meta property=\"article:published_time\" content=\"2025-04-29T11:07:45+00:00\" \/>\n<meta property=\"article:modified_time\" content=\"2025-04-30T11:44:20+00:00\" \/>\n<meta property=\"og:image\" content=\"https:\/\/www.esplac.cat\/wp-content\/uploads\/2025\/04\/Campanya_Socies.jpg\" \/>\n\t<meta property=\"og:image:width\" content=\"1697\" \/>\n\t<meta property=\"og:image:height\" content=\"700\" \/>\n\t<meta property=\"og:image:type\" content=\"image\/jpeg\" \/>\n<meta name=\"author\" content=\"Comunicaci\u00f3 Esplac\" \/>\n<meta name=\"twitter:card\" content=\"summary_large_image\" \/>\n<meta name=\"twitter:label1\" content=\"Escrito por\" \/>\n\t<meta name=\"twitter:data1\" content=\"Comunicaci\u00f3 Esplac\" \/>\n\t<meta name=\"twitter:label2\" content=\"Tiempo de lectura\" \/>\n\t<meta name=\"twitter:data2\" content=\"5 minutos\" \/>\n<script type=\"application\/ld+json\" class=\"yoast-schema-graph\">{\"@context\":\"https:\\\/\\\/schema.org\",\"@graph\":[{\"@type\":\"Article\",\"@id\":\"https:\\\/\\\/www.esplac.cat\\\/els-esplais-fem-creixer-leducacio-que-revoluciona-amb-projectes-transformadors-basats-en-lassemblearisme-lautogestio-i-la-cura-collectiva\\\/#article\",\"isPartOf\":{\"@id\":\"https:\\\/\\\/www.esplac.cat\\\/els-esplais-fem-creixer-leducacio-que-revoluciona-amb-projectes-transformadors-basats-en-lassemblearisme-lautogestio-i-la-cura-collectiva\\\/\"},\"author\":{\"name\":\"Comunicaci\u00f3 Esplac\",\"@id\":\"https:\\\/\\\/www.esplac.cat\\\/#\\\/schema\\\/person\\\/908383cf240be18b68f8855d0583faca\"},\"headline\":\"Els esplais fem cr\u00e9ixer l\u2019educaci\u00f3 que revoluciona amb projectes transformadors basats en l\u2019assemblearisme, l\u2019autogesti\u00f3 i la cura col\u00b7lectiva\",\"datePublished\":\"2025-04-29T11:07:45+00:00\",\"dateModified\":\"2025-04-30T11:44:20+00:00\",\"mainEntityOfPage\":{\"@id\":\"https:\\\/\\\/www.esplac.cat\\\/els-esplais-fem-creixer-leducacio-que-revoluciona-amb-projectes-transformadors-basats-en-lassemblearisme-lautogestio-i-la-cura-collectiva\\\/\"},\"wordCount\":2121,\"publisher\":{\"@id\":\"https:\\\/\\\/www.esplac.cat\\\/#organization\"},\"image\":{\"@id\":\"https:\\\/\\\/www.esplac.cat\\\/els-esplais-fem-creixer-leducacio-que-revoluciona-amb-projectes-transformadors-basats-en-lassemblearisme-lautogestio-i-la-cura-collectiva\\\/#primaryimage\"},\"thumbnailUrl\":\"https:\\\/\\\/www.esplac.cat\\\/wp-content\\\/uploads\\\/2025\\\/04\\\/Campanya_Socies.jpg\",\"articleSection\":[\"L'educaci\u00f3 que revoluciona\",\"Sense categoria\",\"S\u00f2cies\"],\"inLanguage\":\"es\"},{\"@type\":\"WebPage\",\"@id\":\"https:\\\/\\\/www.esplac.cat\\\/els-esplais-fem-creixer-leducacio-que-revoluciona-amb-projectes-transformadors-basats-en-lassemblearisme-lautogestio-i-la-cura-collectiva\\\/\",\"url\":\"https:\\\/\\\/www.esplac.cat\\\/els-esplais-fem-creixer-leducacio-que-revoluciona-amb-projectes-transformadors-basats-en-lassemblearisme-lautogestio-i-la-cura-collectiva\\\/\",\"name\":\"Els esplais fem cr\u00e9ixer l\u2019educaci\u00f3 que revoluciona!\",\"isPartOf\":{\"@id\":\"https:\\\/\\\/www.esplac.cat\\\/#website\"},\"primaryImageOfPage\":{\"@id\":\"https:\\\/\\\/www.esplac.cat\\\/els-esplais-fem-creixer-leducacio-que-revoluciona-amb-projectes-transformadors-basats-en-lassemblearisme-lautogestio-i-la-cura-collectiva\\\/#primaryimage\"},\"image\":{\"@id\":\"https:\\\/\\\/www.esplac.cat\\\/els-esplais-fem-creixer-leducacio-que-revoluciona-amb-projectes-transformadors-basats-en-lassemblearisme-lautogestio-i-la-cura-collectiva\\\/#primaryimage\"},\"thumbnailUrl\":\"https:\\\/\\\/www.esplac.cat\\\/wp-content\\\/uploads\\\/2025\\\/04\\\/Campanya_Socies.jpg\",\"datePublished\":\"2025-04-29T11:07:45+00:00\",\"dateModified\":\"2025-04-30T11:44:20+00:00\",\"description\":\"Reivindiquem el paper transformador del lleure educatiu en una campanya per sumar s\u00f2cies i socis al projecte.\",\"breadcrumb\":{\"@id\":\"https:\\\/\\\/www.esplac.cat\\\/els-esplais-fem-creixer-leducacio-que-revoluciona-amb-projectes-transformadors-basats-en-lassemblearisme-lautogestio-i-la-cura-collectiva\\\/#breadcrumb\"},\"inLanguage\":\"es\",\"potentialAction\":[{\"@type\":\"ReadAction\",\"target\":[\"https:\\\/\\\/www.esplac.cat\\\/els-esplais-fem-creixer-leducacio-que-revoluciona-amb-projectes-transformadors-basats-en-lassemblearisme-lautogestio-i-la-cura-collectiva\\\/\"]}]},{\"@type\":\"ImageObject\",\"inLanguage\":\"es\",\"@id\":\"https:\\\/\\\/www.esplac.cat\\\/els-esplais-fem-creixer-leducacio-que-revoluciona-amb-projectes-transformadors-basats-en-lassemblearisme-lautogestio-i-la-cura-collectiva\\\/#primaryimage\",\"url\":\"https:\\\/\\\/www.esplac.cat\\\/wp-content\\\/uploads\\\/2025\\\/04\\\/Campanya_Socies.jpg\",\"contentUrl\":\"https:\\\/\\\/www.esplac.cat\\\/wp-content\\\/uploads\\\/2025\\\/04\\\/Campanya_Socies.jpg\",\"width\":1697,\"height\":700,\"caption\":\"esplais\"},{\"@type\":\"BreadcrumbList\",\"@id\":\"https:\\\/\\\/www.esplac.cat\\\/els-esplais-fem-creixer-leducacio-que-revoluciona-amb-projectes-transformadors-basats-en-lassemblearisme-lautogestio-i-la-cura-collectiva\\\/#breadcrumb\",\"itemListElement\":[{\"@type\":\"ListItem\",\"position\":1,\"name\":\"Inici\",\"item\":\"https:\\\/\\\/www.esplac.cat\\\/es\\\/\"},{\"@type\":\"ListItem\",\"position\":2,\"name\":\"Els esplais fem cr\u00e9ixer l\u2019educaci\u00f3 que revoluciona amb projectes transformadors basats en l\u2019assemblearisme, l\u2019autogesti\u00f3 i la cura col\u00b7lectiva\"}]},{\"@type\":\"WebSite\",\"@id\":\"https:\\\/\\\/www.esplac.cat\\\/#website\",\"url\":\"https:\\\/\\\/www.esplac.cat\\\/\",\"name\":\"Esplac\",\"description\":\"Esplais Catalans\",\"publisher\":{\"@id\":\"https:\\\/\\\/www.esplac.cat\\\/#organization\"},\"potentialAction\":[{\"@type\":\"SearchAction\",\"target\":{\"@type\":\"EntryPoint\",\"urlTemplate\":\"https:\\\/\\\/www.esplac.cat\\\/?s={search_term_string}\"},\"query-input\":{\"@type\":\"PropertyValueSpecification\",\"valueRequired\":true,\"valueName\":\"search_term_string\"}}],\"inLanguage\":\"es\"},{\"@type\":\"Organization\",\"@id\":\"https:\\\/\\\/www.esplac.cat\\\/#organization\",\"name\":\"Esplac\",\"url\":\"https:\\\/\\\/www.esplac.cat\\\/\",\"logo\":{\"@type\":\"ImageObject\",\"inLanguage\":\"es\",\"@id\":\"https:\\\/\\\/www.esplac.cat\\\/#\\\/schema\\\/logo\\\/image\\\/\",\"url\":\"https:\\\/\\\/www.esplac.cat\\\/wp-content\\\/uploads\\\/2019\\\/08\\\/logox2.png\",\"contentUrl\":\"https:\\\/\\\/www.esplac.cat\\\/wp-content\\\/uploads\\\/2019\\\/08\\\/logox2.png\",\"width\":600,\"height\":295,\"caption\":\"Esplac\"},\"image\":{\"@id\":\"https:\\\/\\\/www.esplac.cat\\\/#\\\/schema\\\/logo\\\/image\\\/\"}},{\"@type\":\"Person\",\"@id\":\"https:\\\/\\\/www.esplac.cat\\\/#\\\/schema\\\/person\\\/908383cf240be18b68f8855d0583faca\",\"name\":\"Comunicaci\u00f3 Esplac\",\"image\":{\"@type\":\"ImageObject\",\"inLanguage\":\"es\",\"@id\":\"https:\\\/\\\/secure.gravatar.com\\\/avatar\\\/7a4cf8feb412a76ea4a740ca02d95b06b2907b5a6c648c2dd0a1082a093c3141?s=96&d=mm&r=g\",\"url\":\"https:\\\/\\\/secure.gravatar.com\\\/avatar\\\/7a4cf8feb412a76ea4a740ca02d95b06b2907b5a6c648c2dd0a1082a093c3141?s=96&d=mm&r=g\",\"contentUrl\":\"https:\\\/\\\/secure.gravatar.com\\\/avatar\\\/7a4cf8feb412a76ea4a740ca02d95b06b2907b5a6c648c2dd0a1082a093c3141?s=96&d=mm&r=g\",\"caption\":\"Comunicaci\u00f3 Esplac\"}}]}<\/script>\n<!-- \/ Yoast SEO plugin. -->","yoast_head_json":{"title":"Els esplais fem cr\u00e9ixer l\u2019educaci\u00f3 que revoluciona!","description":"Reivindiquem el paper transformador del lleure educatiu en una campanya per sumar s\u00f2cies i socis al projecte.","robots":{"index":"index","follow":"follow","max-snippet":"max-snippet:-1","max-image-preview":"max-image-preview:large","max-video-preview":"max-video-preview:-1"},"canonical":"https:\/\/www.esplac.cat\/els-esplais-fem-creixer-leducacio-que-revoluciona-amb-projectes-transformadors-basats-en-lassemblearisme-lautogestio-i-la-cura-collectiva\/","og_locale":"es_ES","og_type":"article","og_title":"Els esplais fem cr\u00e9ixer l\u2019educaci\u00f3 que revoluciona!","og_description":"Reivindiquem el paper transformador del lleure educatiu en una campanya per sumar s\u00f2cies i socis al projecte.","og_url":"https:\/\/www.esplac.cat\/els-esplais-fem-creixer-leducacio-que-revoluciona-amb-projectes-transformadors-basats-en-lassemblearisme-lautogestio-i-la-cura-collectiva\/","og_site_name":"Esplac","article_published_time":"2025-04-29T11:07:45+00:00","article_modified_time":"2025-04-30T11:44:20+00:00","og_image":[{"width":1697,"height":700,"url":"https:\/\/www.esplac.cat\/wp-content\/uploads\/2025\/04\/Campanya_Socies.jpg","type":"image\/jpeg"}],"author":"Comunicaci\u00f3 Esplac","twitter_card":"summary_large_image","twitter_misc":{"Escrito por":"Comunicaci\u00f3 Esplac","Tiempo de lectura":"5 minutos"},"schema":{"@context":"https:\/\/schema.org","@graph":[{"@type":"Article","@id":"https:\/\/www.esplac.cat\/els-esplais-fem-creixer-leducacio-que-revoluciona-amb-projectes-transformadors-basats-en-lassemblearisme-lautogestio-i-la-cura-collectiva\/#article","isPartOf":{"@id":"https:\/\/www.esplac.cat\/els-esplais-fem-creixer-leducacio-que-revoluciona-amb-projectes-transformadors-basats-en-lassemblearisme-lautogestio-i-la-cura-collectiva\/"},"author":{"name":"Comunicaci\u00f3 Esplac","@id":"https:\/\/www.esplac.cat\/#\/schema\/person\/908383cf240be18b68f8855d0583faca"},"headline":"Els esplais fem cr\u00e9ixer l\u2019educaci\u00f3 que revoluciona amb projectes transformadors basats en l\u2019assemblearisme, l\u2019autogesti\u00f3 i la cura col\u00b7lectiva","datePublished":"2025-04-29T11:07:45+00:00","dateModified":"2025-04-30T11:44:20+00:00","mainEntityOfPage":{"@id":"https:\/\/www.esplac.cat\/els-esplais-fem-creixer-leducacio-que-revoluciona-amb-projectes-transformadors-basats-en-lassemblearisme-lautogestio-i-la-cura-collectiva\/"},"wordCount":2121,"publisher":{"@id":"https:\/\/www.esplac.cat\/#organization"},"image":{"@id":"https:\/\/www.esplac.cat\/els-esplais-fem-creixer-leducacio-que-revoluciona-amb-projectes-transformadors-basats-en-lassemblearisme-lautogestio-i-la-cura-collectiva\/#primaryimage"},"thumbnailUrl":"https:\/\/www.esplac.cat\/wp-content\/uploads\/2025\/04\/Campanya_Socies.jpg","articleSection":["L'educaci\u00f3 que revoluciona","Sense categoria","S\u00f2cies"],"inLanguage":"es"},{"@type":"WebPage","@id":"https:\/\/www.esplac.cat\/els-esplais-fem-creixer-leducacio-que-revoluciona-amb-projectes-transformadors-basats-en-lassemblearisme-lautogestio-i-la-cura-collectiva\/","url":"https:\/\/www.esplac.cat\/els-esplais-fem-creixer-leducacio-que-revoluciona-amb-projectes-transformadors-basats-en-lassemblearisme-lautogestio-i-la-cura-collectiva\/","name":"Els esplais fem cr\u00e9ixer l\u2019educaci\u00f3 que revoluciona!","isPartOf":{"@id":"https:\/\/www.esplac.cat\/#website"},"primaryImageOfPage":{"@id":"https:\/\/www.esplac.cat\/els-esplais-fem-creixer-leducacio-que-revoluciona-amb-projectes-transformadors-basats-en-lassemblearisme-lautogestio-i-la-cura-collectiva\/#primaryimage"},"image":{"@id":"https:\/\/www.esplac.cat\/els-esplais-fem-creixer-leducacio-que-revoluciona-amb-projectes-transformadors-basats-en-lassemblearisme-lautogestio-i-la-cura-collectiva\/#primaryimage"},"thumbnailUrl":"https:\/\/www.esplac.cat\/wp-content\/uploads\/2025\/04\/Campanya_Socies.jpg","datePublished":"2025-04-29T11:07:45+00:00","dateModified":"2025-04-30T11:44:20+00:00","description":"Reivindiquem el paper transformador del lleure educatiu en una campanya per sumar s\u00f2cies i socis al projecte.","breadcrumb":{"@id":"https:\/\/www.esplac.cat\/els-esplais-fem-creixer-leducacio-que-revoluciona-amb-projectes-transformadors-basats-en-lassemblearisme-lautogestio-i-la-cura-collectiva\/#breadcrumb"},"inLanguage":"es","potentialAction":[{"@type":"ReadAction","target":["https:\/\/www.esplac.cat\/els-esplais-fem-creixer-leducacio-que-revoluciona-amb-projectes-transformadors-basats-en-lassemblearisme-lautogestio-i-la-cura-collectiva\/"]}]},{"@type":"ImageObject","inLanguage":"es","@id":"https:\/\/www.esplac.cat\/els-esplais-fem-creixer-leducacio-que-revoluciona-amb-projectes-transformadors-basats-en-lassemblearisme-lautogestio-i-la-cura-collectiva\/#primaryimage","url":"https:\/\/www.esplac.cat\/wp-content\/uploads\/2025\/04\/Campanya_Socies.jpg","contentUrl":"https:\/\/www.esplac.cat\/wp-content\/uploads\/2025\/04\/Campanya_Socies.jpg","width":1697,"height":700,"caption":"esplais"},{"@type":"BreadcrumbList","@id":"https:\/\/www.esplac.cat\/els-esplais-fem-creixer-leducacio-que-revoluciona-amb-projectes-transformadors-basats-en-lassemblearisme-lautogestio-i-la-cura-collectiva\/#breadcrumb","itemListElement":[{"@type":"ListItem","position":1,"name":"Inici","item":"https:\/\/www.esplac.cat\/es\/"},{"@type":"ListItem","position":2,"name":"Els esplais fem cr\u00e9ixer l\u2019educaci\u00f3 que revoluciona amb projectes transformadors basats en l\u2019assemblearisme, l\u2019autogesti\u00f3 i la cura col\u00b7lectiva"}]},{"@type":"WebSite","@id":"https:\/\/www.esplac.cat\/#website","url":"https:\/\/www.esplac.cat\/","name":"Esplac","description":"Esplais Catalans","publisher":{"@id":"https:\/\/www.esplac.cat\/#organization"},"potentialAction":[{"@type":"SearchAction","target":{"@type":"EntryPoint","urlTemplate":"https:\/\/www.esplac.cat\/?s={search_term_string}"},"query-input":{"@type":"PropertyValueSpecification","valueRequired":true,"valueName":"search_term_string"}}],"inLanguage":"es"},{"@type":"Organization","@id":"https:\/\/www.esplac.cat\/#organization","name":"Esplac","url":"https:\/\/www.esplac.cat\/","logo":{"@type":"ImageObject","inLanguage":"es","@id":"https:\/\/www.esplac.cat\/#\/schema\/logo\/image\/","url":"https:\/\/www.esplac.cat\/wp-content\/uploads\/2019\/08\/logox2.png","contentUrl":"https:\/\/www.esplac.cat\/wp-content\/uploads\/2019\/08\/logox2.png","width":600,"height":295,"caption":"Esplac"},"image":{"@id":"https:\/\/www.esplac.cat\/#\/schema\/logo\/image\/"}},{"@type":"Person","@id":"https:\/\/www.esplac.cat\/#\/schema\/person\/908383cf240be18b68f8855d0583faca","name":"Comunicaci\u00f3 Esplac","image":{"@type":"ImageObject","inLanguage":"es","@id":"https:\/\/secure.gravatar.com\/avatar\/7a4cf8feb412a76ea4a740ca02d95b06b2907b5a6c648c2dd0a1082a093c3141?s=96&d=mm&r=g","url":"https:\/\/secure.gravatar.com\/avatar\/7a4cf8feb412a76ea4a740ca02d95b06b2907b5a6c648c2dd0a1082a093c3141?s=96&d=mm&r=g","contentUrl":"https:\/\/secure.gravatar.com\/avatar\/7a4cf8feb412a76ea4a740ca02d95b06b2907b5a6c648c2dd0a1082a093c3141?s=96&d=mm&r=g","caption":"Comunicaci\u00f3 Esplac"}}]}},"_links":{"self":[{"href":"https:\/\/www.esplac.cat\/es\/wp-json\/wp\/v2\/posts\/53562","targetHints":{"allow":["GET"]}}],"collection":[{"href":"https:\/\/www.esplac.cat\/es\/wp-json\/wp\/v2\/posts"}],"about":[{"href":"https:\/\/www.esplac.cat\/es\/wp-json\/wp\/v2\/types\/post"}],"author":[{"embeddable":true,"href":"https:\/\/www.esplac.cat\/es\/wp-json\/wp\/v2\/users\/3"}],"replies":[{"embeddable":true,"href":"https:\/\/www.esplac.cat\/es\/wp-json\/wp\/v2\/comments?post=53562"}],"version-history":[{"count":8,"href":"https:\/\/www.esplac.cat\/es\/wp-json\/wp\/v2\/posts\/53562\/revisions"}],"predecessor-version":[{"id":53578,"href":"https:\/\/www.esplac.cat\/es\/wp-json\/wp\/v2\/posts\/53562\/revisions\/53578"}],"wp:featuredmedia":[{"embeddable":true,"href":"https:\/\/www.esplac.cat\/es\/wp-json\/wp\/v2\/media\/53564"}],"wp:attachment":[{"href":"https:\/\/www.esplac.cat\/es\/wp-json\/wp\/v2\/media?parent=53562"}],"wp:term":[{"taxonomy":"category","embeddable":true,"href":"https:\/\/www.esplac.cat\/es\/wp-json\/wp\/v2\/categories?post=53562"},{"taxonomy":"post_tag","embeddable":true,"href":"https:\/\/www.esplac.cat\/es\/wp-json\/wp\/v2\/tags?post=53562"}],"curies":[{"name":"wp","href":"https:\/\/api.w.org\/{rel}","templated":true}]}}