{"id":53582,"date":"2025-05-09T13:45:03","date_gmt":"2025-05-09T11:45:03","guid":{"rendered":"https:\/\/www.esplac.cat\/?p=53582"},"modified":"2025-05-12T13:37:48","modified_gmt":"2025-05-12T11:37:48","slug":"presentem-esplaiada-2025-roda-premsa","status":"publish","type":"post","link":"https:\/\/www.esplac.cat\/es\/presentem-esplaiada-2025-roda-premsa\/","title":{"rendered":"Presentem l\u2019Esplaiada 2025 en roda de premsa!"},"content":{"rendered":"<div class=\"fusion-fullwidth fullwidth-box fusion-builder-row-1 fusion-flex-container has-pattern-background has-mask-background nonhundred-percent-fullwidth non-hundred-percent-height-scrolling\" style=\"--awb-border-radius-top-left:0px;--awb-border-radius-top-right:0px;--awb-border-radius-bottom-right:0px;--awb-border-radius-bottom-left:0px;--awb-flex-wrap:wrap;\" ><div class=\"fusion-builder-row fusion-row fusion-flex-align-items-flex-start fusion-flex-content-wrap\" style=\"max-width:1248px;margin-left: calc(-4% \/ 2 );margin-right: calc(-4% \/ 2 );\"><div class=\"fusion-layout-column fusion_builder_column fusion-builder-column-0 fusion_builder_column_1_1 1_1 fusion-flex-column\" style=\"--awb-bg-size:cover;--awb-width-large:100%;--awb-margin-top-large:0px;--awb-spacing-right-large:1.92%;--awb-margin-bottom-large:20px;--awb-spacing-left-large:1.92%;--awb-width-medium:100%;--awb-order-medium:0;--awb-spacing-right-medium:1.92%;--awb-spacing-left-medium:1.92%;--awb-width-small:100%;--awb-order-small:0;--awb-spacing-right-small:1.92%;--awb-spacing-left-small:1.92%;\"><div class=\"fusion-column-wrapper fusion-column-has-shadow fusion-flex-justify-content-flex-start fusion-content-layout-column\"><div class=\"fusion-text fusion-text-1\"><h6><strong>El dijous 8 de maig hem presentat l\u2019Esplaiada en roda de premsa a l\u2019Ajuntament de Vilanova i la Geltr\u00fa.<\/strong><\/h6>\n<p>Comen\u00e7a el compte enrere per l\u2019<span style=\"color: #f69d0b;\"><a style=\"color: #f69d0b;\" href=\"https:\/\/www.esplac.cat\/trobades\/esplaiada\/\" target=\"_blank\" rel=\"noopener\"><strong>Esplaiada 2025<\/strong><\/a><\/span>! El dijous 8 de maig s\u2019ha dut a terme la presentaci\u00f3 oficial de la trobada a Vilanova i la Geltr\u00fa, la poblaci\u00f3 que acollir\u00e0 l\u2019esdeveniment. La roda de premsa ha comptat amb l\u2019assist\u00e8ncia de la <strong>Mariona Guill\u00e9n<\/strong>, membre de l\u2019Equip de Coordinaci\u00f3 d\u2019Esplac, l\u2019<strong>Adri\u00e0 Hermini<\/strong> <strong>Gonz\u00e1lez<\/strong>, membre de l&#8217;Equip d&#8217;Organitzaci\u00f3 de l&#8217;Esplaiada 2025, <strong>Juan Luis Ruiz L\u00f3pez<\/strong>, alcalde de Vilanova i la Geltr\u00fa, i <strong>Gisela Vargas Reyes<\/strong>, regidora d&#8217;inf\u00e0ncia i adolesc\u00e8ncia de la mateixa localitat.<\/p>\n<p>Mariona Guill\u00e9n i Adri\u00e0 Hermini Gonz\u00e1lez han recalcat la import\u00e0ncia de l\u2019Esplaiada 2025 dins l\u2019activitat de l\u2019associaci\u00f3, entenent aquest esdeveniment com una oportunitat per <strong>reivindicar la tasca educativa dels esplais com a agents de transformaci\u00f3 social<\/strong>. Sota el lema \u201c<strong><em>Contra el teu odi, que el terra tremoli!<\/em><\/strong>\u201d, la cinquena edici\u00f3 de l\u2019Esplaiada vol <strong>denunciar l\u2019auge i la generalitzaci\u00f3 dels discursos d\u2019odi<\/strong> i posar especial atenci\u00f3 a la manera en qu\u00e8 aquests afecten als infants i a les eines que el lleure associatiu t\u00e9 per fer-hi front.<\/p>\n<p>Tamb\u00e9 s\u2019ha destacat l\u2019alta participaci\u00f3 a la trobada, que reunir\u00e0 <strong>m\u00e9s de 3.300 participants entre infants, joves i monis<\/strong>. Aquesta xifra situa aquesta Esplaiada com la m\u00e9s multitudin\u00e0ria fins al moment. Finalment, les portaveus han concl\u00f2s amb la import\u00e0ncia de fer territori, real\u00e7ant la implicaci\u00f3 de l\u2019esplai <span style=\"color: #f69d0b;\"><a style=\"color: #f69d0b;\" href=\"https:\/\/www.instagram.com\/ce.dracmagic\/\" target=\"_blank\" rel=\"noopener\"><strong>Drac M\u00e0gic<\/strong><\/a><\/span> com a amfitri\u00f3 de l\u2019esdeveniment.<\/p>\n<p>A banda, Ruiz i Vargas han destacat el comprom\u00eds de Vilanova i la Getr\u00fa i l\u2019administraci\u00f3 amb l\u2019educaci\u00f3 en el lleure i l\u2019associacionisme educatiu, convidant a la ciutadania a assistir l\u2019Esplaiada i l\u2019acte unitari i reivindicatiu que tindr\u00e0 lloc el diumenge 18 de maig a la Pla\u00e7a 1 d&#8217;octubre. Tamb\u00e9 han destacat que la tem\u00e0tica de la trobada connecta amb la ciutat, ja que \u201cVilanova t\u00e9 toler\u00e0ncia zero amb l\u2019extrema dreta i els discursos d\u2019odi\u201d.<\/p>\n<\/div><div class=\"fusion-separator fusion-full-width-sep\" style=\"align-self: center;margin-left: auto;margin-right: auto;margin-top:20px;width:100%;\"><div class=\"fusion-separator-border sep-single\" style=\"--awb-height:20px;--awb-amount:20px;--awb-sep-color:rgba(246,157,11,0);border-color:rgba(246,157,11,0);border-top-width:1px;\"><\/div><\/div><div class=\"fusion-video fusion-youtube\" style=\"--awb-max-width:1000px;--awb-max-height:563px;--awb-align-self:center;--awb-width:100%;\"><div class=\"video-shortcode\"><div class=\"fluid-width-video-wrapper\" style=\"padding-top:56.3%;\" ><iframe class=\"fusion-hidden\" data-privacy-type=\"youtube\" src=\"\" title=\"YouTube video player 1\" data-privacy-src=\"https:\/\/www.youtube.com\/embed\/0Bayf2Zb6DE?wmode=transparent&autoplay=0\" width=\"1000\" height=\"563\" allowfullscreen allow=\"autoplay; fullscreen\"><\/iframe><div class=\"fusion-privacy-placeholder\" style=\"width:1000px; height:563px;\" data-privacy-type=\"youtube\"><div class=\"fusion-privacy-placeholder-content\"><div class=\"fusion-privacy-label\">For privacy reasons YouTube needs your permission to be loaded. For more details, please see our <a class=\"privacy-policy-link\" href=\"https:\/\/www.esplac.cat\/avis-legal\/\" rel=\"privacy-policy\">Av\u00eds Legal<\/a>.<\/div><a href=\"\" data-privacy-type=\"youtube\" class=\"fusion-button button-default fusion-button-default-size button fusion-privacy-consent\">I Accept<\/a><\/div><\/div><\/div><\/div><\/div><\/div><\/div><\/div><\/div>\n","protected":false},"excerpt":{"rendered":"","protected":false},"author":3,"featured_media":53583,"comment_status":"closed","ping_status":"closed","sticky":false,"template":"","format":"standard","meta":{"om_disable_all_campaigns":false,"_monsterinsights_skip_tracking":false,"_monsterinsights_sitenote_active":false,"_monsterinsights_sitenote_note":"","_monsterinsights_sitenote_category":0,"_uf_show_specific_survey":0,"_uf_disable_surveys":false,"footnotes":""},"categories":[1111,1136],"tags":[],"class_list":["post-53582","post","type-post","status-publish","format-standard","has-post-thumbnail","hentry","category-activitats-esplac","category-esplaiada"],"yoast_head":"<!-- This site is optimized with the Yoast SEO plugin v27.5 - https:\/\/yoast.com\/product\/yoast-seo-wordpress\/ -->\n<title>Presentem l\u2019Esplaiada 2025 en roda de premsa! - Esplac<\/title>\n<meta name=\"description\" content=\"El dijous 8 de maig hem presentat la trobada general d&#039;Esplais Catalans en roda de premsa a l\u2019Ajuntament de Vilanova i la Geltr\u00fa.\" \/>\n<meta name=\"robots\" content=\"index, follow, max-snippet:-1, max-image-preview:large, max-video-preview:-1\" \/>\n<link rel=\"canonical\" href=\"https:\/\/www.esplac.cat\/presentem-esplaiada-2025-roda-premsa\/\" \/>\n<meta property=\"og:locale\" content=\"es_ES\" \/>\n<meta property=\"og:type\" content=\"article\" \/>\n<meta property=\"og:title\" content=\"Presentem l\u2019Esplaiada 2025 en roda de premsa! - Esplac\" \/>\n<meta property=\"og:description\" content=\"El dijous 8 de maig hem presentat la trobada general d&#039;Esplais Catalans en roda de premsa a l\u2019Ajuntament de Vilanova i la Geltr\u00fa.\" \/>\n<meta property=\"og:url\" content=\"https:\/\/www.esplac.cat\/presentem-esplaiada-2025-roda-premsa\/\" \/>\n<meta property=\"og:site_name\" content=\"Esplac\" \/>\n<meta property=\"article:published_time\" content=\"2025-05-09T11:45:03+00:00\" \/>\n<meta property=\"article:modified_time\" content=\"2025-05-12T11:37:48+00:00\" \/>\n<meta property=\"og:image\" content=\"https:\/\/www.esplac.cat\/wp-content\/uploads\/2025\/05\/RdP-ESPLAIADA-scaled.jpg\" \/>\n\t<meta property=\"og:image:width\" content=\"2560\" \/>\n\t<meta property=\"og:image:height\" content=\"1056\" \/>\n\t<meta property=\"og:image:type\" content=\"image\/jpeg\" \/>\n<meta name=\"author\" content=\"Comunicaci\u00f3 Esplac\" \/>\n<meta name=\"twitter:card\" content=\"summary_large_image\" \/>\n<meta name=\"twitter:label1\" content=\"Escrito por\" \/>\n\t<meta name=\"twitter:data1\" content=\"Comunicaci\u00f3 Esplac\" \/>\n\t<meta name=\"twitter:label2\" content=\"Tiempo de lectura\" \/>\n\t<meta name=\"twitter:data2\" content=\"2 minutos\" \/>\n<script type=\"application\/ld+json\" class=\"yoast-schema-graph\">{\"@context\":\"https:\\\/\\\/schema.org\",\"@graph\":[{\"@type\":\"Article\",\"@id\":\"https:\\\/\\\/www.esplac.cat\\\/presentem-esplaiada-2025-roda-premsa\\\/#article\",\"isPartOf\":{\"@id\":\"https:\\\/\\\/www.esplac.cat\\\/presentem-esplaiada-2025-roda-premsa\\\/\"},\"author\":{\"name\":\"Comunicaci\u00f3 Esplac\",\"@id\":\"https:\\\/\\\/www.esplac.cat\\\/#\\\/schema\\\/person\\\/908383cf240be18b68f8855d0583faca\"},\"headline\":\"Presentem l\u2019Esplaiada 2025 en roda de premsa!\",\"datePublished\":\"2025-05-09T11:45:03+00:00\",\"dateModified\":\"2025-05-12T11:37:48+00:00\",\"mainEntityOfPage\":{\"@id\":\"https:\\\/\\\/www.esplac.cat\\\/presentem-esplaiada-2025-roda-premsa\\\/\"},\"wordCount\":1421,\"publisher\":{\"@id\":\"https:\\\/\\\/www.esplac.cat\\\/#organization\"},\"image\":{\"@id\":\"https:\\\/\\\/www.esplac.cat\\\/presentem-esplaiada-2025-roda-premsa\\\/#primaryimage\"},\"thumbnailUrl\":\"https:\\\/\\\/www.esplac.cat\\\/wp-content\\\/uploads\\\/2025\\\/05\\\/RdP-ESPLAIADA-scaled.jpg\",\"articleSection\":[\"Activitats esplac\",\"Esplaiada\"],\"inLanguage\":\"es\"},{\"@type\":\"WebPage\",\"@id\":\"https:\\\/\\\/www.esplac.cat\\\/presentem-esplaiada-2025-roda-premsa\\\/\",\"url\":\"https:\\\/\\\/www.esplac.cat\\\/presentem-esplaiada-2025-roda-premsa\\\/\",\"name\":\"Presentem l\u2019Esplaiada 2025 en roda de premsa! - Esplac\",\"isPartOf\":{\"@id\":\"https:\\\/\\\/www.esplac.cat\\\/#website\"},\"primaryImageOfPage\":{\"@id\":\"https:\\\/\\\/www.esplac.cat\\\/presentem-esplaiada-2025-roda-premsa\\\/#primaryimage\"},\"image\":{\"@id\":\"https:\\\/\\\/www.esplac.cat\\\/presentem-esplaiada-2025-roda-premsa\\\/#primaryimage\"},\"thumbnailUrl\":\"https:\\\/\\\/www.esplac.cat\\\/wp-content\\\/uploads\\\/2025\\\/05\\\/RdP-ESPLAIADA-scaled.jpg\",\"datePublished\":\"2025-05-09T11:45:03+00:00\",\"dateModified\":\"2025-05-12T11:37:48+00:00\",\"description\":\"El dijous 8 de maig hem presentat la trobada general d'Esplais Catalans en roda de premsa a l\u2019Ajuntament de Vilanova i la Geltr\u00fa.\",\"breadcrumb\":{\"@id\":\"https:\\\/\\\/www.esplac.cat\\\/presentem-esplaiada-2025-roda-premsa\\\/#breadcrumb\"},\"inLanguage\":\"es\",\"potentialAction\":[{\"@type\":\"ReadAction\",\"target\":[\"https:\\\/\\\/www.esplac.cat\\\/presentem-esplaiada-2025-roda-premsa\\\/\"]}]},{\"@type\":\"ImageObject\",\"inLanguage\":\"es\",\"@id\":\"https:\\\/\\\/www.esplac.cat\\\/presentem-esplaiada-2025-roda-premsa\\\/#primaryimage\",\"url\":\"https:\\\/\\\/www.esplac.cat\\\/wp-content\\\/uploads\\\/2025\\\/05\\\/RdP-ESPLAIADA-scaled.jpg\",\"contentUrl\":\"https:\\\/\\\/www.esplac.cat\\\/wp-content\\\/uploads\\\/2025\\\/05\\\/RdP-ESPLAIADA-scaled.jpg\",\"width\":2560,\"height\":1056,\"caption\":\"esplaiada\"},{\"@type\":\"BreadcrumbList\",\"@id\":\"https:\\\/\\\/www.esplac.cat\\\/presentem-esplaiada-2025-roda-premsa\\\/#breadcrumb\",\"itemListElement\":[{\"@type\":\"ListItem\",\"position\":1,\"name\":\"Inici\",\"item\":\"https:\\\/\\\/www.esplac.cat\\\/es\\\/\"},{\"@type\":\"ListItem\",\"position\":2,\"name\":\"Presentem l\u2019Esplaiada 2025 en roda de premsa!\"}]},{\"@type\":\"WebSite\",\"@id\":\"https:\\\/\\\/www.esplac.cat\\\/#website\",\"url\":\"https:\\\/\\\/www.esplac.cat\\\/\",\"name\":\"Esplac\",\"description\":\"Esplais Catalans\",\"publisher\":{\"@id\":\"https:\\\/\\\/www.esplac.cat\\\/#organization\"},\"potentialAction\":[{\"@type\":\"SearchAction\",\"target\":{\"@type\":\"EntryPoint\",\"urlTemplate\":\"https:\\\/\\\/www.esplac.cat\\\/?s={search_term_string}\"},\"query-input\":{\"@type\":\"PropertyValueSpecification\",\"valueRequired\":true,\"valueName\":\"search_term_string\"}}],\"inLanguage\":\"es\"},{\"@type\":\"Organization\",\"@id\":\"https:\\\/\\\/www.esplac.cat\\\/#organization\",\"name\":\"Esplac\",\"url\":\"https:\\\/\\\/www.esplac.cat\\\/\",\"logo\":{\"@type\":\"ImageObject\",\"inLanguage\":\"es\",\"@id\":\"https:\\\/\\\/www.esplac.cat\\\/#\\\/schema\\\/logo\\\/image\\\/\",\"url\":\"https:\\\/\\\/www.esplac.cat\\\/wp-content\\\/uploads\\\/2019\\\/08\\\/logox2.png\",\"contentUrl\":\"https:\\\/\\\/www.esplac.cat\\\/wp-content\\\/uploads\\\/2019\\\/08\\\/logox2.png\",\"width\":600,\"height\":295,\"caption\":\"Esplac\"},\"image\":{\"@id\":\"https:\\\/\\\/www.esplac.cat\\\/#\\\/schema\\\/logo\\\/image\\\/\"}},{\"@type\":\"Person\",\"@id\":\"https:\\\/\\\/www.esplac.cat\\\/#\\\/schema\\\/person\\\/908383cf240be18b68f8855d0583faca\",\"name\":\"Comunicaci\u00f3 Esplac\",\"image\":{\"@type\":\"ImageObject\",\"inLanguage\":\"es\",\"@id\":\"https:\\\/\\\/secure.gravatar.com\\\/avatar\\\/7a4cf8feb412a76ea4a740ca02d95b06b2907b5a6c648c2dd0a1082a093c3141?s=96&d=mm&r=g\",\"url\":\"https:\\\/\\\/secure.gravatar.com\\\/avatar\\\/7a4cf8feb412a76ea4a740ca02d95b06b2907b5a6c648c2dd0a1082a093c3141?s=96&d=mm&r=g\",\"contentUrl\":\"https:\\\/\\\/secure.gravatar.com\\\/avatar\\\/7a4cf8feb412a76ea4a740ca02d95b06b2907b5a6c648c2dd0a1082a093c3141?s=96&d=mm&r=g\",\"caption\":\"Comunicaci\u00f3 Esplac\"}}]}<\/script>\n<!-- \/ Yoast SEO plugin. -->","yoast_head_json":{"title":"Presentem l\u2019Esplaiada 2025 en roda de premsa! - Esplac","description":"El dijous 8 de maig hem presentat la trobada general d'Esplais Catalans en roda de premsa a l\u2019Ajuntament de Vilanova i la Geltr\u00fa.","robots":{"index":"index","follow":"follow","max-snippet":"max-snippet:-1","max-image-preview":"max-image-preview:large","max-video-preview":"max-video-preview:-1"},"canonical":"https:\/\/www.esplac.cat\/presentem-esplaiada-2025-roda-premsa\/","og_locale":"es_ES","og_type":"article","og_title":"Presentem l\u2019Esplaiada 2025 en roda de premsa! - Esplac","og_description":"El dijous 8 de maig hem presentat la trobada general d'Esplais Catalans en roda de premsa a l\u2019Ajuntament de Vilanova i la Geltr\u00fa.","og_url":"https:\/\/www.esplac.cat\/presentem-esplaiada-2025-roda-premsa\/","og_site_name":"Esplac","article_published_time":"2025-05-09T11:45:03+00:00","article_modified_time":"2025-05-12T11:37:48+00:00","og_image":[{"width":2560,"height":1056,"url":"https:\/\/www.esplac.cat\/wp-content\/uploads\/2025\/05\/RdP-ESPLAIADA-scaled.jpg","type":"image\/jpeg"}],"author":"Comunicaci\u00f3 Esplac","twitter_card":"summary_large_image","twitter_misc":{"Escrito por":"Comunicaci\u00f3 Esplac","Tiempo de lectura":"2 minutos"},"schema":{"@context":"https:\/\/schema.org","@graph":[{"@type":"Article","@id":"https:\/\/www.esplac.cat\/presentem-esplaiada-2025-roda-premsa\/#article","isPartOf":{"@id":"https:\/\/www.esplac.cat\/presentem-esplaiada-2025-roda-premsa\/"},"author":{"name":"Comunicaci\u00f3 Esplac","@id":"https:\/\/www.esplac.cat\/#\/schema\/person\/908383cf240be18b68f8855d0583faca"},"headline":"Presentem l\u2019Esplaiada 2025 en roda de premsa!","datePublished":"2025-05-09T11:45:03+00:00","dateModified":"2025-05-12T11:37:48+00:00","mainEntityOfPage":{"@id":"https:\/\/www.esplac.cat\/presentem-esplaiada-2025-roda-premsa\/"},"wordCount":1421,"publisher":{"@id":"https:\/\/www.esplac.cat\/#organization"},"image":{"@id":"https:\/\/www.esplac.cat\/presentem-esplaiada-2025-roda-premsa\/#primaryimage"},"thumbnailUrl":"https:\/\/www.esplac.cat\/wp-content\/uploads\/2025\/05\/RdP-ESPLAIADA-scaled.jpg","articleSection":["Activitats esplac","Esplaiada"],"inLanguage":"es"},{"@type":"WebPage","@id":"https:\/\/www.esplac.cat\/presentem-esplaiada-2025-roda-premsa\/","url":"https:\/\/www.esplac.cat\/presentem-esplaiada-2025-roda-premsa\/","name":"Presentem l\u2019Esplaiada 2025 en roda de premsa! - Esplac","isPartOf":{"@id":"https:\/\/www.esplac.cat\/#website"},"primaryImageOfPage":{"@id":"https:\/\/www.esplac.cat\/presentem-esplaiada-2025-roda-premsa\/#primaryimage"},"image":{"@id":"https:\/\/www.esplac.cat\/presentem-esplaiada-2025-roda-premsa\/#primaryimage"},"thumbnailUrl":"https:\/\/www.esplac.cat\/wp-content\/uploads\/2025\/05\/RdP-ESPLAIADA-scaled.jpg","datePublished":"2025-05-09T11:45:03+00:00","dateModified":"2025-05-12T11:37:48+00:00","description":"El dijous 8 de maig hem presentat la trobada general d'Esplais Catalans en roda de premsa a l\u2019Ajuntament de Vilanova i la Geltr\u00fa.","breadcrumb":{"@id":"https:\/\/www.esplac.cat\/presentem-esplaiada-2025-roda-premsa\/#breadcrumb"},"inLanguage":"es","potentialAction":[{"@type":"ReadAction","target":["https:\/\/www.esplac.cat\/presentem-esplaiada-2025-roda-premsa\/"]}]},{"@type":"ImageObject","inLanguage":"es","@id":"https:\/\/www.esplac.cat\/presentem-esplaiada-2025-roda-premsa\/#primaryimage","url":"https:\/\/www.esplac.cat\/wp-content\/uploads\/2025\/05\/RdP-ESPLAIADA-scaled.jpg","contentUrl":"https:\/\/www.esplac.cat\/wp-content\/uploads\/2025\/05\/RdP-ESPLAIADA-scaled.jpg","width":2560,"height":1056,"caption":"esplaiada"},{"@type":"BreadcrumbList","@id":"https:\/\/www.esplac.cat\/presentem-esplaiada-2025-roda-premsa\/#breadcrumb","itemListElement":[{"@type":"ListItem","position":1,"name":"Inici","item":"https:\/\/www.esplac.cat\/es\/"},{"@type":"ListItem","position":2,"name":"Presentem l\u2019Esplaiada 2025 en roda de premsa!"}]},{"@type":"WebSite","@id":"https:\/\/www.esplac.cat\/#website","url":"https:\/\/www.esplac.cat\/","name":"Esplac","description":"Esplais Catalans","publisher":{"@id":"https:\/\/www.esplac.cat\/#organization"},"potentialAction":[{"@type":"SearchAction","target":{"@type":"EntryPoint","urlTemplate":"https:\/\/www.esplac.cat\/?s={search_term_string}"},"query-input":{"@type":"PropertyValueSpecification","valueRequired":true,"valueName":"search_term_string"}}],"inLanguage":"es"},{"@type":"Organization","@id":"https:\/\/www.esplac.cat\/#organization","name":"Esplac","url":"https:\/\/www.esplac.cat\/","logo":{"@type":"ImageObject","inLanguage":"es","@id":"https:\/\/www.esplac.cat\/#\/schema\/logo\/image\/","url":"https:\/\/www.esplac.cat\/wp-content\/uploads\/2019\/08\/logox2.png","contentUrl":"https:\/\/www.esplac.cat\/wp-content\/uploads\/2019\/08\/logox2.png","width":600,"height":295,"caption":"Esplac"},"image":{"@id":"https:\/\/www.esplac.cat\/#\/schema\/logo\/image\/"}},{"@type":"Person","@id":"https:\/\/www.esplac.cat\/#\/schema\/person\/908383cf240be18b68f8855d0583faca","name":"Comunicaci\u00f3 Esplac","image":{"@type":"ImageObject","inLanguage":"es","@id":"https:\/\/secure.gravatar.com\/avatar\/7a4cf8feb412a76ea4a740ca02d95b06b2907b5a6c648c2dd0a1082a093c3141?s=96&d=mm&r=g","url":"https:\/\/secure.gravatar.com\/avatar\/7a4cf8feb412a76ea4a740ca02d95b06b2907b5a6c648c2dd0a1082a093c3141?s=96&d=mm&r=g","contentUrl":"https:\/\/secure.gravatar.com\/avatar\/7a4cf8feb412a76ea4a740ca02d95b06b2907b5a6c648c2dd0a1082a093c3141?s=96&d=mm&r=g","caption":"Comunicaci\u00f3 Esplac"}}]}},"_links":{"self":[{"href":"https:\/\/www.esplac.cat\/es\/wp-json\/wp\/v2\/posts\/53582","targetHints":{"allow":["GET"]}}],"collection":[{"href":"https:\/\/www.esplac.cat\/es\/wp-json\/wp\/v2\/posts"}],"about":[{"href":"https:\/\/www.esplac.cat\/es\/wp-json\/wp\/v2\/types\/post"}],"author":[{"embeddable":true,"href":"https:\/\/www.esplac.cat\/es\/wp-json\/wp\/v2\/users\/3"}],"replies":[{"embeddable":true,"href":"https:\/\/www.esplac.cat\/es\/wp-json\/wp\/v2\/comments?post=53582"}],"version-history":[{"count":3,"href":"https:\/\/www.esplac.cat\/es\/wp-json\/wp\/v2\/posts\/53582\/revisions"}],"predecessor-version":[{"id":53588,"href":"https:\/\/www.esplac.cat\/es\/wp-json\/wp\/v2\/posts\/53582\/revisions\/53588"}],"wp:featuredmedia":[{"embeddable":true,"href":"https:\/\/www.esplac.cat\/es\/wp-json\/wp\/v2\/media\/53583"}],"wp:attachment":[{"href":"https:\/\/www.esplac.cat\/es\/wp-json\/wp\/v2\/media?parent=53582"}],"wp:term":[{"taxonomy":"category","embeddable":true,"href":"https:\/\/www.esplac.cat\/es\/wp-json\/wp\/v2\/categories?post=53582"},{"taxonomy":"post_tag","embeddable":true,"href":"https:\/\/www.esplac.cat\/es\/wp-json\/wp\/v2\/tags?post=53582"}],"curies":[{"name":"wp","href":"https:\/\/api.w.org\/{rel}","templated":true}]}}