{"id":53736,"date":"2025-07-01T10:35:16","date_gmt":"2025-07-01T08:35:16","guid":{"rendered":"https:\/\/www.esplac.cat\/?p=53736"},"modified":"2025-07-01T10:35:16","modified_gmt":"2025-07-01T08:35:16","slug":"esplais-comencen-activitats-estiu","status":"publish","type":"post","link":"https:\/\/www.esplac.cat\/es\/esplais-comencen-activitats-estiu\/","title":{"rendered":"Els esplais comencen les activitats d\u2019estiu: campaments, col\u00f2nies i rutes que s\u00f3n possibles gr\u00e0cies a la implicaci\u00f3 volunt\u00e0ria"},"content":{"rendered":"<div class=\"fusion-fullwidth fullwidth-box fusion-builder-row-1 fusion-flex-container has-pattern-background has-mask-background nonhundred-percent-fullwidth non-hundred-percent-height-scrolling\" style=\"--awb-border-radius-top-left:0px;--awb-border-radius-top-right:0px;--awb-border-radius-bottom-right:0px;--awb-border-radius-bottom-left:0px;--awb-flex-wrap:wrap;\" ><div class=\"fusion-builder-row fusion-row fusion-flex-align-items-flex-start fusion-flex-content-wrap\" style=\"max-width:1248px;margin-left: calc(-4% \/ 2 );margin-right: calc(-4% \/ 2 );\"><div class=\"fusion-layout-column fusion_builder_column fusion-builder-column-0 fusion_builder_column_1_1 1_1 fusion-flex-column\" style=\"--awb-bg-size:cover;--awb-width-large:100%;--awb-margin-top-large:0px;--awb-spacing-right-large:1.92%;--awb-margin-bottom-large:20px;--awb-spacing-left-large:1.92%;--awb-width-medium:100%;--awb-order-medium:0;--awb-spacing-right-medium:1.92%;--awb-spacing-left-medium:1.92%;--awb-width-small:100%;--awb-order-small:0;--awb-spacing-right-small:1.92%;--awb-spacing-left-small:1.92%;\"><div class=\"fusion-column-wrapper fusion-column-has-shadow fusion-flex-justify-content-flex-start fusion-content-layout-column\"><div class=\"fusion-text fusion-text-1\"><h6><strong>M\u00e9s de 4.000 infants i joves i m\u00e9s de 1.200 monis d\u2019Esplais Catalans marxen de campaments, col\u00f2nies i rutes aquest estiu, mantenint viu un model basat en l\u2019educaci\u00f3 comunit\u00e0ria i el voluntariat.<\/strong><\/h6>\n<p>Arriben les vacances d\u2019estiu i, amb aquestes, un dels moments m\u00e9s esperats pels infants i joves d\u2019esplai: els <strong><a href=\"https:\/\/www.esplac.cat\/preparem-lestiu-ccr\/\" target=\"_blank\" rel=\"noopener\"><span style=\"color: #f69d0b;\">campaments, les col\u00f2nies i les rutes<\/span><\/a><\/strong><a href=\"https:\/\/www.esplac.cat\/preparem-lestiu-ccr\/\" target=\"_blank\" rel=\"noopener\">.<\/a> Durant diversos dies aquests estaran en contacte amb la natura, coneixeran l\u2019espai que els acull, faran din\u00e0miques i activitats pedag\u00f2giques i, sobretot, acabaran de teixir el vincle que han estat construint amb el seu grup al llarg del curs. En concret, entre juny i setembre, <strong>els esplais d\u2019Esplac duran a terme un total de 153 activitats<\/strong> de les quals, 129 es desenvolupen arreu del territori catal\u00e0, 16 a l\u2019estat espanyol i 8 en l\u2019\u00e0mbit internacional.<\/p>\n<p>Les activitats d\u2019estiu s\u00f3n una part essencial de la tasca dels esplais que any rere any s\u00f3n possibles gr\u00e0cies a les hores pr\u00e8vies de preparaci\u00f3 volunt\u00e0ria que dediquen les monitores i els monitors durant mesos. I \u00e9s que, en un context cada cop m\u00e9s individualista i amb m\u00e9s traves a l\u2019hora de realitzar activitats sense lucre econ\u00f2mic, <strong>els esplais continuen duent a terme projectes transformadors a partir de l\u2019assemblearisme, l\u2019autogesti\u00f3 i la cura col\u00b7lectiva<\/strong>.<\/p>\n<h4><span style=\"color: #f69d0b;\"><strong>El lleure associatiu de base volunt\u00e0ria, un model a defensar<\/strong><\/span><\/h4>\n<p>L\u2019associacionisme educatiu afronta diversos obstacles que posen en perill la qualitat i l\u2019accessibilitat de la seva tasca. En un context en qu\u00e8 la precarietat juvenil est\u00e0 cada vegada m\u00e9s present, les monitores i monitors tenen m\u00e9s dificultats per compaginar l&#8217;esplai amb els estudis, la feina i altres milit\u00e0ncies. Aix\u00f2 provoca que cada vegada els cicles de relleu siguin m\u00e9s curts i la manca de participaci\u00f3 causi un augment en la c\u00e0rrega de feina que ha d\u2019assumir cada dirigent.<\/p>\n<p>A tot aix\u00f2 se li suma una manca de reconeixement per part de les administracions i la complicaci\u00f3 dels procediments burocr\u00e0tics que els esplais han d\u2019assumir per dur a terme la seva activitat. Aquestes traves es fan evidents, per exemple, amb l\u2019actual context de crisi clim\u00e0tica, en qu\u00e8 l\u2019augment de restriccions no ha vingut acompanyat d\u2019alternatives.<\/p>\n<p>En aquest context, marcat tamb\u00e9 per la creixent privatitzaci\u00f3 del lleure i la monopolitzaci\u00f3 per part d\u2019empreses privades de les activitats d\u2019oci d\u2019estiu dedicades a infants i joves, <strong>l\u2019esplai es vol reivindicar com a un agent educatiu clau pel foment de l\u2019aprenentatge de la inf\u00e0ncia i la joventut del territori<\/strong>. A partir del contacte amb la natura i el foment de l\u2019esperit cr\u00edtic de les i els participants, l\u2019esplai esdev\u00e9 una alternativa educativa de gran valor. En aquest sentit, des d\u2019Esplac es vol posar en q\u00fcesti\u00f3 un sistema en qu\u00e8 les activitats que generen un benefici social i no econ\u00f2mic queden en un segon pla.<\/p>\n<h4><span style=\"color: #f69d0b;\"><strong>Les activitats d\u2019estiu, en dades<\/strong><\/span><\/h4>\n<p>Durant els mesos de juny, juliol, agost i setembre es preveuen, segons dades recollides per Esplais Catalans, 200 activitats d\u2019estiu d\u2019esplais de l\u2019associaci\u00f3. D\u2019aquestes, ja hi ha confirmades un total de 88 campaments, 52 col\u00f2nies i 60 rutes de m\u00e9s de 80 esplais diferents d\u2019Esplac. Tamb\u00e9 est\u00e0 prevista la participaci\u00f3 de 1489 monitores i monitors en la preparaci\u00f3 i realitzaci\u00f3 de les activitats i un total de 5144 infants i joves que gaudiran de campaments, col\u00f2nies i rutes amb els seus esplais.<\/p>\n<p>En l\u2019\u00e0mbit nacional i internacional es preveuen 25 activitats arreu de l\u2019Estat Espanyol i sis en l\u2019\u00e0mbit internacional. Els esplais aprofiten aquestes oportunitats per crear vincles i xarxa, aix\u00ed com per fomentar la coneixen\u00e7a entre participants.<\/p>\n<\/div><\/div><\/div><\/div><\/div>\n","protected":false},"excerpt":{"rendered":"","protected":false},"author":3,"featured_media":53738,"comment_status":"closed","ping_status":"closed","sticky":false,"template":"","format":"standard","meta":{"om_disable_all_campaigns":false,"_monsterinsights_skip_tracking":false,"_monsterinsights_sitenote_active":false,"_monsterinsights_sitenote_note":"","_monsterinsights_sitenote_category":0,"_uf_show_specific_survey":0,"_uf_disable_surveys":false,"footnotes":""},"categories":[1117,1563,1],"tags":[],"class_list":["post-53736","post","type-post","status-publish","format-standard","has-post-thumbnail","hentry","category-activitats-esplais","category-leducacio-que-revoluciona","category-sense-categoria"],"yoast_head":"<!-- This site is optimized with the Yoast SEO plugin v27.4 - https:\/\/yoast.com\/product\/yoast-seo-wordpress\/ -->\n<title>Els esplais comencen les activitats d&#039;estiu!<\/title>\n<meta name=\"description\" content=\"Esplaisis de tot Catalunya marxen de campaments, col\u00f2nies i rutes, mantenint viu un model basat en l\u2019educaci\u00f3 comunit\u00e0ria i el voluntariat\" \/>\n<meta name=\"robots\" content=\"index, follow, max-snippet:-1, max-image-preview:large, max-video-preview:-1\" \/>\n<link rel=\"canonical\" href=\"https:\/\/www.esplac.cat\/esplais-comencen-activitats-estiu\/\" \/>\n<meta property=\"og:locale\" content=\"es_ES\" \/>\n<meta property=\"og:type\" content=\"article\" \/>\n<meta property=\"og:title\" content=\"Els esplais comencen les activitats d&#039;estiu!\" \/>\n<meta property=\"og:description\" content=\"Esplaisis de tot Catalunya marxen de campaments, col\u00f2nies i rutes, mantenint viu un model basat en l\u2019educaci\u00f3 comunit\u00e0ria i el voluntariat\" \/>\n<meta property=\"og:url\" content=\"https:\/\/www.esplac.cat\/esplais-comencen-activitats-estiu\/\" \/>\n<meta property=\"og:site_name\" content=\"Esplac\" \/>\n<meta property=\"article:published_time\" content=\"2025-07-01T08:35:16+00:00\" \/>\n<meta property=\"og:image\" content=\"https:\/\/www.esplac.cat\/wp-content\/uploads\/2025\/07\/CCR_2025.jpg\" \/>\n\t<meta property=\"og:image:width\" content=\"1697\" \/>\n\t<meta property=\"og:image:height\" content=\"700\" \/>\n\t<meta property=\"og:image:type\" content=\"image\/jpeg\" \/>\n<meta name=\"author\" content=\"Comunicaci\u00f3 Esplac\" \/>\n<meta name=\"twitter:card\" content=\"summary_large_image\" \/>\n<meta name=\"twitter:label1\" content=\"Escrito por\" \/>\n\t<meta name=\"twitter:data1\" content=\"Comunicaci\u00f3 Esplac\" \/>\n\t<meta name=\"twitter:label2\" content=\"Tiempo de lectura\" \/>\n\t<meta name=\"twitter:data2\" content=\"4 minutos\" \/>\n<script type=\"application\/ld+json\" class=\"yoast-schema-graph\">{\"@context\":\"https:\\\/\\\/schema.org\",\"@graph\":[{\"@type\":\"Article\",\"@id\":\"https:\\\/\\\/www.esplac.cat\\\/esplais-comencen-activitats-estiu\\\/#article\",\"isPartOf\":{\"@id\":\"https:\\\/\\\/www.esplac.cat\\\/esplais-comencen-activitats-estiu\\\/\"},\"author\":{\"name\":\"Comunicaci\u00f3 Esplac\",\"@id\":\"https:\\\/\\\/www.esplac.cat\\\/#\\\/schema\\\/person\\\/908383cf240be18b68f8855d0583faca\"},\"headline\":\"Els esplais comencen les activitats d\u2019estiu: campaments, col\u00f2nies i rutes que s\u00f3n possibles gr\u00e0cies a la implicaci\u00f3 volunt\u00e0ria\",\"datePublished\":\"2025-07-01T08:35:16+00:00\",\"mainEntityOfPage\":{\"@id\":\"https:\\\/\\\/www.esplac.cat\\\/esplais-comencen-activitats-estiu\\\/\"},\"wordCount\":1613,\"publisher\":{\"@id\":\"https:\\\/\\\/www.esplac.cat\\\/#organization\"},\"image\":{\"@id\":\"https:\\\/\\\/www.esplac.cat\\\/esplais-comencen-activitats-estiu\\\/#primaryimage\"},\"thumbnailUrl\":\"https:\\\/\\\/www.esplac.cat\\\/wp-content\\\/uploads\\\/2025\\\/07\\\/CCR_2025.jpg\",\"articleSection\":[\"Activitats esplais\",\"L'educaci\u00f3 que revoluciona\",\"Sense categoria\"],\"inLanguage\":\"es\"},{\"@type\":\"WebPage\",\"@id\":\"https:\\\/\\\/www.esplac.cat\\\/esplais-comencen-activitats-estiu\\\/\",\"url\":\"https:\\\/\\\/www.esplac.cat\\\/esplais-comencen-activitats-estiu\\\/\",\"name\":\"Els esplais comencen les activitats d'estiu!\",\"isPartOf\":{\"@id\":\"https:\\\/\\\/www.esplac.cat\\\/#website\"},\"primaryImageOfPage\":{\"@id\":\"https:\\\/\\\/www.esplac.cat\\\/esplais-comencen-activitats-estiu\\\/#primaryimage\"},\"image\":{\"@id\":\"https:\\\/\\\/www.esplac.cat\\\/esplais-comencen-activitats-estiu\\\/#primaryimage\"},\"thumbnailUrl\":\"https:\\\/\\\/www.esplac.cat\\\/wp-content\\\/uploads\\\/2025\\\/07\\\/CCR_2025.jpg\",\"datePublished\":\"2025-07-01T08:35:16+00:00\",\"description\":\"Esplaisis de tot Catalunya marxen de campaments, col\u00f2nies i rutes, mantenint viu un model basat en l\u2019educaci\u00f3 comunit\u00e0ria i el voluntariat\",\"breadcrumb\":{\"@id\":\"https:\\\/\\\/www.esplac.cat\\\/esplais-comencen-activitats-estiu\\\/#breadcrumb\"},\"inLanguage\":\"es\",\"potentialAction\":[{\"@type\":\"ReadAction\",\"target\":[\"https:\\\/\\\/www.esplac.cat\\\/esplais-comencen-activitats-estiu\\\/\"]}]},{\"@type\":\"ImageObject\",\"inLanguage\":\"es\",\"@id\":\"https:\\\/\\\/www.esplac.cat\\\/esplais-comencen-activitats-estiu\\\/#primaryimage\",\"url\":\"https:\\\/\\\/www.esplac.cat\\\/wp-content\\\/uploads\\\/2025\\\/07\\\/CCR_2025.jpg\",\"contentUrl\":\"https:\\\/\\\/www.esplac.cat\\\/wp-content\\\/uploads\\\/2025\\\/07\\\/CCR_2025.jpg\",\"width\":1697,\"height\":700,\"caption\":\"estiu\"},{\"@type\":\"BreadcrumbList\",\"@id\":\"https:\\\/\\\/www.esplac.cat\\\/esplais-comencen-activitats-estiu\\\/#breadcrumb\",\"itemListElement\":[{\"@type\":\"ListItem\",\"position\":1,\"name\":\"Inici\",\"item\":\"https:\\\/\\\/www.esplac.cat\\\/es\\\/\"},{\"@type\":\"ListItem\",\"position\":2,\"name\":\"Els esplais comencen les activitats d\u2019estiu: campaments, col\u00f2nies i rutes que s\u00f3n possibles gr\u00e0cies a la implicaci\u00f3 volunt\u00e0ria\"}]},{\"@type\":\"WebSite\",\"@id\":\"https:\\\/\\\/www.esplac.cat\\\/#website\",\"url\":\"https:\\\/\\\/www.esplac.cat\\\/\",\"name\":\"Esplac\",\"description\":\"Esplais Catalans\",\"publisher\":{\"@id\":\"https:\\\/\\\/www.esplac.cat\\\/#organization\"},\"potentialAction\":[{\"@type\":\"SearchAction\",\"target\":{\"@type\":\"EntryPoint\",\"urlTemplate\":\"https:\\\/\\\/www.esplac.cat\\\/?s={search_term_string}\"},\"query-input\":{\"@type\":\"PropertyValueSpecification\",\"valueRequired\":true,\"valueName\":\"search_term_string\"}}],\"inLanguage\":\"es\"},{\"@type\":\"Organization\",\"@id\":\"https:\\\/\\\/www.esplac.cat\\\/#organization\",\"name\":\"Esplac\",\"url\":\"https:\\\/\\\/www.esplac.cat\\\/\",\"logo\":{\"@type\":\"ImageObject\",\"inLanguage\":\"es\",\"@id\":\"https:\\\/\\\/www.esplac.cat\\\/#\\\/schema\\\/logo\\\/image\\\/\",\"url\":\"https:\\\/\\\/www.esplac.cat\\\/wp-content\\\/uploads\\\/2019\\\/08\\\/logox2.png\",\"contentUrl\":\"https:\\\/\\\/www.esplac.cat\\\/wp-content\\\/uploads\\\/2019\\\/08\\\/logox2.png\",\"width\":600,\"height\":295,\"caption\":\"Esplac\"},\"image\":{\"@id\":\"https:\\\/\\\/www.esplac.cat\\\/#\\\/schema\\\/logo\\\/image\\\/\"}},{\"@type\":\"Person\",\"@id\":\"https:\\\/\\\/www.esplac.cat\\\/#\\\/schema\\\/person\\\/908383cf240be18b68f8855d0583faca\",\"name\":\"Comunicaci\u00f3 Esplac\",\"image\":{\"@type\":\"ImageObject\",\"inLanguage\":\"es\",\"@id\":\"https:\\\/\\\/secure.gravatar.com\\\/avatar\\\/7a4cf8feb412a76ea4a740ca02d95b06b2907b5a6c648c2dd0a1082a093c3141?s=96&d=mm&r=g\",\"url\":\"https:\\\/\\\/secure.gravatar.com\\\/avatar\\\/7a4cf8feb412a76ea4a740ca02d95b06b2907b5a6c648c2dd0a1082a093c3141?s=96&d=mm&r=g\",\"contentUrl\":\"https:\\\/\\\/secure.gravatar.com\\\/avatar\\\/7a4cf8feb412a76ea4a740ca02d95b06b2907b5a6c648c2dd0a1082a093c3141?s=96&d=mm&r=g\",\"caption\":\"Comunicaci\u00f3 Esplac\"}}]}<\/script>\n<!-- \/ Yoast SEO plugin. -->","yoast_head_json":{"title":"Els esplais comencen les activitats d'estiu!","description":"Esplaisis de tot Catalunya marxen de campaments, col\u00f2nies i rutes, mantenint viu un model basat en l\u2019educaci\u00f3 comunit\u00e0ria i el voluntariat","robots":{"index":"index","follow":"follow","max-snippet":"max-snippet:-1","max-image-preview":"max-image-preview:large","max-video-preview":"max-video-preview:-1"},"canonical":"https:\/\/www.esplac.cat\/esplais-comencen-activitats-estiu\/","og_locale":"es_ES","og_type":"article","og_title":"Els esplais comencen les activitats d'estiu!","og_description":"Esplaisis de tot Catalunya marxen de campaments, col\u00f2nies i rutes, mantenint viu un model basat en l\u2019educaci\u00f3 comunit\u00e0ria i el voluntariat","og_url":"https:\/\/www.esplac.cat\/esplais-comencen-activitats-estiu\/","og_site_name":"Esplac","article_published_time":"2025-07-01T08:35:16+00:00","og_image":[{"width":1697,"height":700,"url":"https:\/\/www.esplac.cat\/wp-content\/uploads\/2025\/07\/CCR_2025.jpg","type":"image\/jpeg"}],"author":"Comunicaci\u00f3 Esplac","twitter_card":"summary_large_image","twitter_misc":{"Escrito por":"Comunicaci\u00f3 Esplac","Tiempo de lectura":"4 minutos"},"schema":{"@context":"https:\/\/schema.org","@graph":[{"@type":"Article","@id":"https:\/\/www.esplac.cat\/esplais-comencen-activitats-estiu\/#article","isPartOf":{"@id":"https:\/\/www.esplac.cat\/esplais-comencen-activitats-estiu\/"},"author":{"name":"Comunicaci\u00f3 Esplac","@id":"https:\/\/www.esplac.cat\/#\/schema\/person\/908383cf240be18b68f8855d0583faca"},"headline":"Els esplais comencen les activitats d\u2019estiu: campaments, col\u00f2nies i rutes que s\u00f3n possibles gr\u00e0cies a la implicaci\u00f3 volunt\u00e0ria","datePublished":"2025-07-01T08:35:16+00:00","mainEntityOfPage":{"@id":"https:\/\/www.esplac.cat\/esplais-comencen-activitats-estiu\/"},"wordCount":1613,"publisher":{"@id":"https:\/\/www.esplac.cat\/#organization"},"image":{"@id":"https:\/\/www.esplac.cat\/esplais-comencen-activitats-estiu\/#primaryimage"},"thumbnailUrl":"https:\/\/www.esplac.cat\/wp-content\/uploads\/2025\/07\/CCR_2025.jpg","articleSection":["Activitats esplais","L'educaci\u00f3 que revoluciona","Sense categoria"],"inLanguage":"es"},{"@type":"WebPage","@id":"https:\/\/www.esplac.cat\/esplais-comencen-activitats-estiu\/","url":"https:\/\/www.esplac.cat\/esplais-comencen-activitats-estiu\/","name":"Els esplais comencen les activitats d'estiu!","isPartOf":{"@id":"https:\/\/www.esplac.cat\/#website"},"primaryImageOfPage":{"@id":"https:\/\/www.esplac.cat\/esplais-comencen-activitats-estiu\/#primaryimage"},"image":{"@id":"https:\/\/www.esplac.cat\/esplais-comencen-activitats-estiu\/#primaryimage"},"thumbnailUrl":"https:\/\/www.esplac.cat\/wp-content\/uploads\/2025\/07\/CCR_2025.jpg","datePublished":"2025-07-01T08:35:16+00:00","description":"Esplaisis de tot Catalunya marxen de campaments, col\u00f2nies i rutes, mantenint viu un model basat en l\u2019educaci\u00f3 comunit\u00e0ria i el voluntariat","breadcrumb":{"@id":"https:\/\/www.esplac.cat\/esplais-comencen-activitats-estiu\/#breadcrumb"},"inLanguage":"es","potentialAction":[{"@type":"ReadAction","target":["https:\/\/www.esplac.cat\/esplais-comencen-activitats-estiu\/"]}]},{"@type":"ImageObject","inLanguage":"es","@id":"https:\/\/www.esplac.cat\/esplais-comencen-activitats-estiu\/#primaryimage","url":"https:\/\/www.esplac.cat\/wp-content\/uploads\/2025\/07\/CCR_2025.jpg","contentUrl":"https:\/\/www.esplac.cat\/wp-content\/uploads\/2025\/07\/CCR_2025.jpg","width":1697,"height":700,"caption":"estiu"},{"@type":"BreadcrumbList","@id":"https:\/\/www.esplac.cat\/esplais-comencen-activitats-estiu\/#breadcrumb","itemListElement":[{"@type":"ListItem","position":1,"name":"Inici","item":"https:\/\/www.esplac.cat\/es\/"},{"@type":"ListItem","position":2,"name":"Els esplais comencen les activitats d\u2019estiu: campaments, col\u00f2nies i rutes que s\u00f3n possibles gr\u00e0cies a la implicaci\u00f3 volunt\u00e0ria"}]},{"@type":"WebSite","@id":"https:\/\/www.esplac.cat\/#website","url":"https:\/\/www.esplac.cat\/","name":"Esplac","description":"Esplais Catalans","publisher":{"@id":"https:\/\/www.esplac.cat\/#organization"},"potentialAction":[{"@type":"SearchAction","target":{"@type":"EntryPoint","urlTemplate":"https:\/\/www.esplac.cat\/?s={search_term_string}"},"query-input":{"@type":"PropertyValueSpecification","valueRequired":true,"valueName":"search_term_string"}}],"inLanguage":"es"},{"@type":"Organization","@id":"https:\/\/www.esplac.cat\/#organization","name":"Esplac","url":"https:\/\/www.esplac.cat\/","logo":{"@type":"ImageObject","inLanguage":"es","@id":"https:\/\/www.esplac.cat\/#\/schema\/logo\/image\/","url":"https:\/\/www.esplac.cat\/wp-content\/uploads\/2019\/08\/logox2.png","contentUrl":"https:\/\/www.esplac.cat\/wp-content\/uploads\/2019\/08\/logox2.png","width":600,"height":295,"caption":"Esplac"},"image":{"@id":"https:\/\/www.esplac.cat\/#\/schema\/logo\/image\/"}},{"@type":"Person","@id":"https:\/\/www.esplac.cat\/#\/schema\/person\/908383cf240be18b68f8855d0583faca","name":"Comunicaci\u00f3 Esplac","image":{"@type":"ImageObject","inLanguage":"es","@id":"https:\/\/secure.gravatar.com\/avatar\/7a4cf8feb412a76ea4a740ca02d95b06b2907b5a6c648c2dd0a1082a093c3141?s=96&d=mm&r=g","url":"https:\/\/secure.gravatar.com\/avatar\/7a4cf8feb412a76ea4a740ca02d95b06b2907b5a6c648c2dd0a1082a093c3141?s=96&d=mm&r=g","contentUrl":"https:\/\/secure.gravatar.com\/avatar\/7a4cf8feb412a76ea4a740ca02d95b06b2907b5a6c648c2dd0a1082a093c3141?s=96&d=mm&r=g","caption":"Comunicaci\u00f3 Esplac"}}]}},"_links":{"self":[{"href":"https:\/\/www.esplac.cat\/es\/wp-json\/wp\/v2\/posts\/53736","targetHints":{"allow":["GET"]}}],"collection":[{"href":"https:\/\/www.esplac.cat\/es\/wp-json\/wp\/v2\/posts"}],"about":[{"href":"https:\/\/www.esplac.cat\/es\/wp-json\/wp\/v2\/types\/post"}],"author":[{"embeddable":true,"href":"https:\/\/www.esplac.cat\/es\/wp-json\/wp\/v2\/users\/3"}],"replies":[{"embeddable":true,"href":"https:\/\/www.esplac.cat\/es\/wp-json\/wp\/v2\/comments?post=53736"}],"version-history":[{"count":4,"href":"https:\/\/www.esplac.cat\/es\/wp-json\/wp\/v2\/posts\/53736\/revisions"}],"predecessor-version":[{"id":53743,"href":"https:\/\/www.esplac.cat\/es\/wp-json\/wp\/v2\/posts\/53736\/revisions\/53743"}],"wp:featuredmedia":[{"embeddable":true,"href":"https:\/\/www.esplac.cat\/es\/wp-json\/wp\/v2\/media\/53738"}],"wp:attachment":[{"href":"https:\/\/www.esplac.cat\/es\/wp-json\/wp\/v2\/media?parent=53736"}],"wp:term":[{"taxonomy":"category","embeddable":true,"href":"https:\/\/www.esplac.cat\/es\/wp-json\/wp\/v2\/categories?post=53736"},{"taxonomy":"post_tag","embeddable":true,"href":"https:\/\/www.esplac.cat\/es\/wp-json\/wp\/v2\/tags?post=53736"}],"curies":[{"name":"wp","href":"https:\/\/api.w.org\/{rel}","templated":true}]}}