{"id":5380,"date":"2019-07-04T12:38:06","date_gmt":"2019-07-04T10:38:06","guid":{"rendered":"https:\/\/www.somesplai.cat\/?p=5380"},"modified":"2020-10-15T17:23:18","modified_gmt":"2020-10-15T16:23:18","slug":"forum-europeu-de-joves-2019","status":"publish","type":"post","link":"https:\/\/www.esplac.cat\/es\/forum-europeu-de-joves-2019\/","title":{"rendered":"F\u00f2rum Europeu de Joves 2019 &#8211; Creant ponts per la cohesi\u00f3 social"},"content":{"rendered":"<h5 class=\"p1\" style=\"text-align: justify;\">04-juliol-2019<\/h5>\n<p>Autora: <strong>Natalya Chetverova<\/strong>, SVE&nbsp;alemanya&nbsp;a Terrassa i monitora de l\u2019esplai La Fera.<\/p>\n<hr>\n<p><em>(English below)<\/em><br \/>\nDel 25 al 27 de juny del 2019, el Project Aladin&nbsp;i el Bertelsmann Stiftung, juntament amb l&#8217;UNESCO, van organitzar un <strong>F\u00f2rum per joves europeus a Berl\u00edn<\/strong>, Alemanya. La idea era treballar amb un marc general del tema i continuar amb el di\u00e0leg i propostes de canvi sobre com treballar per una <strong>conviv\u00e8ncia pac\u00edfica, respectuosa i solid\u00e0ria entre persones amb cultures, creences, valors i estils de vida diferents, aix\u00ed com fomentar una cohesi\u00f3 social forta en la diversitat.<\/strong> Al voltant de 100 joves es van acabar reunint, juntament amb activistes i pol\u00edtics\/es.<\/p>\n<p>Esplac va tenir l&#8217;oportunitat d&#8217;enviar 3 persones en aquest esdeveniment, del qual vam tornar amb sensacions positives, nous aprenentatges i noves xarxes per treballar la cohesi\u00f3 social i per saber com fomentar-la. El f\u00f2rum era una experi\u00e8ncia interessant i vam treballar moltes preguntes importants:&nbsp;&nbsp;<\/p>\n<ul>\n<li>De quina forma conviuen els valors com la pau, la solidaritat, el respecte en un m\u00f3n tan obert i divers que canvia tan r\u00e0pidament? Quines compet\u00e8ncies s\u00f3n necess\u00e0ries per tractar els reptes futurs?<\/li>\n<li>Com podem promoure m\u00e9s la cohesi\u00f3 social?<\/li>\n<li>Com podem promoure que els i les joves siguin agents actius que siguin l\u00edders que promouen la cohesi\u00f3 social?<\/li>\n<li>Com la participaci\u00f3 c\u00edvica i social es relaciona amb la cohesi\u00f3 social en les societats plurals?<\/li>\n<\/ul>\n<p>En general&nbsp;les persones participants van valorar el F\u00f2rum com una experi\u00e8ncia molt enriquidora al mateix temps que ten\u00edem temps per explorar una mica la bonica ciutat de Berl\u00edn.<\/p>\n<p>Amb el hashtag <strong>#YES2019<\/strong> podeu veure m\u00e9s fotos, idees i informacions sobre el F\u00f2rum en totes les xarxes socials, i qui sap, potser t&#8217;animes a venir al proper f\u00f2rum?<\/p>\n<p>&nbsp;<\/p>\n<p><a href=\"https:\/\/www.somesplai.cat\/wp-content\/uploads\/2019\/07\/e8d8d85e-a007-4158-9140-fdfc3522eaac-1.jpg\"><img decoding=\"async\" class=\"aligncenter wp-image-5383\" src=\"https:\/\/www.somesplai.cat\/wp-content\/uploads\/2019\/07\/e8d8d85e-a007-4158-9140-fdfc3522eaac-1-225x300.jpg\" alt=\"e8d8d85e-a007-4158-9140-fdfc3522eaac (1)\" width=\"311\" height=\"415\"><\/a><\/p>\n<p>&nbsp;<\/p>\n<hr>\n<p><em>English:&nbsp;<\/em><\/p>\n<p>Young Europeans\u2019 Forum 2019 &#8211; Building Bridges for Social Cohesion<\/p>\n<p>From 25 to 27 June 2019 the Projet Aladin and the Bertelsmann Stiftung, in cooperation with UNESCO, were organizing a <strong>Forum for young Europeans in Berlin<\/strong>, Germany. The idea was to set the framework for a broad and continuing dialogue and exchange on <strong>how to shape a peaceful, respectful, solidary living together between people with different cultures, beliefs, values and lifestyles, and how to create strong social cohesion in diversity.<\/strong> The Young Europeans\u2019 Forum brought together around 100 young engaged Europeans with policymakers, activists and experts.<br \/>\nEsplac was lucky to send their own few people to this event, which all came back with positive feelings, new networks and knowledge about social cohesion and how to foster it. The forum was and interesting experience, and a lot of important questions were discussed:<\/p>\n<ul>\n<li>Which values form a common framework for a peaceful, respectful, solidary living together in open, diverse, rapidly changing societies? Which competencies are needed for dealing with future challenges?<\/li>\n<li>What can we do to foster social cohesion in diversity?<\/li>\n<li>How can we empower young adults to become leaders who promote social cohesion?<\/li>\n<li>How can civic engagement shape social cohesion in pluralistic societies?<\/li>\n<\/ul>\n<p>Overall the participants experienced the event as very enriching, while they were also able to explore a little of the beautiful city Berlin.<br \/>\nUnder the hashtag <strong>#YES2019<\/strong> you can see more pictures, insights and information about the forum on all social media, and who knows, maybe you will join us on the next forum?<\/p>\n","protected":false},"excerpt":{"rendered":"<p>04-juliol-2019 Autora: Natalya Chetverova, SVE&nbsp;alemanya&nbsp;a Terrassa i monitora de l\u2019esplai [&hellip;]<\/p>\n","protected":false},"author":3,"featured_media":5389,"comment_status":"closed","ping_status":"closed","sticky":false,"template":"","format":"standard","meta":{"om_disable_all_campaigns":false,"_monsterinsights_skip_tracking":false,"_monsterinsights_sitenote_active":false,"_monsterinsights_sitenote_note":"","_monsterinsights_sitenote_category":0,"_uf_show_specific_survey":0,"_uf_disable_surveys":false,"footnotes":""},"categories":[1168],"tags":[513,402,138,1002,1195,134],"class_list":["post-5380","post","type-post","status-publish","format-standard","has-post-thumbnail","hentry","category-creuant_mirades","tag-berlin","tag-cohesio-social","tag-diversitat","tag-educacio-popular","tag-forum-europeu-de-joves","tag-transformacio-social"],"yoast_head":"<!-- This site is optimized with the Yoast SEO plugin v27.5 - https:\/\/yoast.com\/product\/yoast-seo-wordpress\/ -->\n<title>F\u00f2rum Europeu de Joves 2019 - Creant ponts per la cohesi\u00f3 social - Esplac<\/title>\n<meta name=\"robots\" content=\"index, follow, max-snippet:-1, max-image-preview:large, max-video-preview:-1\" \/>\n<link rel=\"canonical\" href=\"https:\/\/www.esplac.cat\/forum-europeu-de-joves-2019\/\" \/>\n<meta property=\"og:locale\" content=\"es_ES\" \/>\n<meta property=\"og:type\" content=\"article\" \/>\n<meta property=\"og:title\" content=\"F\u00f2rum Europeu de Joves 2019 - Creant ponts per la cohesi\u00f3 social - Esplac\" \/>\n<meta property=\"og:description\" content=\"04-juliol-2019 Autora: Natalya Chetverova, SVE&nbsp;alemanya&nbsp;a Terrassa i monitora de l\u2019esplai [&hellip;]\" \/>\n<meta property=\"og:url\" content=\"https:\/\/www.esplac.cat\/forum-europeu-de-joves-2019\/\" \/>\n<meta property=\"og:site_name\" content=\"Esplac\" \/>\n<meta property=\"article:published_time\" content=\"2019-07-04T10:38:06+00:00\" \/>\n<meta property=\"article:modified_time\" content=\"2020-10-15T16:23:18+00:00\" \/>\n<meta property=\"og:image\" content=\"https:\/\/www.esplac.cat\/wp-content\/uploads\/2019\/11\/logo-open.jpg\" \/>\n\t<meta property=\"og:image:width\" content=\"1200\" \/>\n\t<meta property=\"og:image:height\" content=\"630\" \/>\n\t<meta property=\"og:image:type\" content=\"image\/jpeg\" \/>\n<meta name=\"author\" content=\"Comunicaci\u00f3 Esplac\" \/>\n<meta name=\"twitter:card\" content=\"summary_large_image\" \/>\n<meta name=\"twitter:label1\" content=\"Escrito por\" \/>\n\t<meta name=\"twitter:data1\" content=\"Comunicaci\u00f3 Esplac\" \/>\n\t<meta name=\"twitter:label2\" content=\"Tiempo de lectura\" \/>\n\t<meta name=\"twitter:data2\" content=\"3 minutos\" \/>\n<script type=\"application\/ld+json\" class=\"yoast-schema-graph\">{\"@context\":\"https:\\\/\\\/schema.org\",\"@graph\":[{\"@type\":\"Article\",\"@id\":\"https:\\\/\\\/www.esplac.cat\\\/forum-europeu-de-joves-2019\\\/#article\",\"isPartOf\":{\"@id\":\"https:\\\/\\\/www.esplac.cat\\\/forum-europeu-de-joves-2019\\\/\"},\"author\":{\"name\":\"Comunicaci\u00f3 Esplac\",\"@id\":\"https:\\\/\\\/www.esplac.cat\\\/#\\\/schema\\\/person\\\/908383cf240be18b68f8855d0583faca\"},\"headline\":\"F\u00f2rum Europeu de Joves 2019 &#8211; Creant ponts per la cohesi\u00f3 social\",\"datePublished\":\"2019-07-04T10:38:06+00:00\",\"dateModified\":\"2020-10-15T16:23:18+00:00\",\"mainEntityOfPage\":{\"@id\":\"https:\\\/\\\/www.esplac.cat\\\/forum-europeu-de-joves-2019\\\/\"},\"wordCount\":583,\"publisher\":{\"@id\":\"https:\\\/\\\/www.esplac.cat\\\/#organization\"},\"image\":{\"@id\":\"https:\\\/\\\/www.esplac.cat\\\/forum-europeu-de-joves-2019\\\/#primaryimage\"},\"thumbnailUrl\":\"\",\"keywords\":[\"Berlin\",\"cohesi\u00f3 social\",\"diversitat\",\"educaci\u00f3 popular\",\"F\u00f2rum Europeu de Joves\",\"transformaci\u00f3 social\"],\"articleSection\":[\"Creuant mirades\"],\"inLanguage\":\"es\"},{\"@type\":\"WebPage\",\"@id\":\"https:\\\/\\\/www.esplac.cat\\\/forum-europeu-de-joves-2019\\\/\",\"url\":\"https:\\\/\\\/www.esplac.cat\\\/forum-europeu-de-joves-2019\\\/\",\"name\":\"F\u00f2rum Europeu de Joves 2019 - Creant ponts per la cohesi\u00f3 social - Esplac\",\"isPartOf\":{\"@id\":\"https:\\\/\\\/www.esplac.cat\\\/#website\"},\"primaryImageOfPage\":{\"@id\":\"https:\\\/\\\/www.esplac.cat\\\/forum-europeu-de-joves-2019\\\/#primaryimage\"},\"image\":{\"@id\":\"https:\\\/\\\/www.esplac.cat\\\/forum-europeu-de-joves-2019\\\/#primaryimage\"},\"thumbnailUrl\":\"\",\"datePublished\":\"2019-07-04T10:38:06+00:00\",\"dateModified\":\"2020-10-15T16:23:18+00:00\",\"breadcrumb\":{\"@id\":\"https:\\\/\\\/www.esplac.cat\\\/forum-europeu-de-joves-2019\\\/#breadcrumb\"},\"inLanguage\":\"es\",\"potentialAction\":[{\"@type\":\"ReadAction\",\"target\":[\"https:\\\/\\\/www.esplac.cat\\\/forum-europeu-de-joves-2019\\\/\"]}]},{\"@type\":\"ImageObject\",\"inLanguage\":\"es\",\"@id\":\"https:\\\/\\\/www.esplac.cat\\\/forum-europeu-de-joves-2019\\\/#primaryimage\",\"url\":\"\",\"contentUrl\":\"\"},{\"@type\":\"BreadcrumbList\",\"@id\":\"https:\\\/\\\/www.esplac.cat\\\/forum-europeu-de-joves-2019\\\/#breadcrumb\",\"itemListElement\":[{\"@type\":\"ListItem\",\"position\":1,\"name\":\"Inici\",\"item\":\"https:\\\/\\\/www.esplac.cat\\\/es\\\/\"},{\"@type\":\"ListItem\",\"position\":2,\"name\":\"F\u00f2rum Europeu de Joves 2019 &#8211; Creant ponts per la cohesi\u00f3 social\"}]},{\"@type\":\"WebSite\",\"@id\":\"https:\\\/\\\/www.esplac.cat\\\/#website\",\"url\":\"https:\\\/\\\/www.esplac.cat\\\/\",\"name\":\"Esplac\",\"description\":\"Esplais Catalans\",\"publisher\":{\"@id\":\"https:\\\/\\\/www.esplac.cat\\\/#organization\"},\"potentialAction\":[{\"@type\":\"SearchAction\",\"target\":{\"@type\":\"EntryPoint\",\"urlTemplate\":\"https:\\\/\\\/www.esplac.cat\\\/?s={search_term_string}\"},\"query-input\":{\"@type\":\"PropertyValueSpecification\",\"valueRequired\":true,\"valueName\":\"search_term_string\"}}],\"inLanguage\":\"es\"},{\"@type\":\"Organization\",\"@id\":\"https:\\\/\\\/www.esplac.cat\\\/#organization\",\"name\":\"Esplac\",\"url\":\"https:\\\/\\\/www.esplac.cat\\\/\",\"logo\":{\"@type\":\"ImageObject\",\"inLanguage\":\"es\",\"@id\":\"https:\\\/\\\/www.esplac.cat\\\/#\\\/schema\\\/logo\\\/image\\\/\",\"url\":\"https:\\\/\\\/www.esplac.cat\\\/wp-content\\\/uploads\\\/2019\\\/08\\\/logox2.png\",\"contentUrl\":\"https:\\\/\\\/www.esplac.cat\\\/wp-content\\\/uploads\\\/2019\\\/08\\\/logox2.png\",\"width\":600,\"height\":295,\"caption\":\"Esplac\"},\"image\":{\"@id\":\"https:\\\/\\\/www.esplac.cat\\\/#\\\/schema\\\/logo\\\/image\\\/\"}},{\"@type\":\"Person\",\"@id\":\"https:\\\/\\\/www.esplac.cat\\\/#\\\/schema\\\/person\\\/908383cf240be18b68f8855d0583faca\",\"name\":\"Comunicaci\u00f3 Esplac\",\"image\":{\"@type\":\"ImageObject\",\"inLanguage\":\"es\",\"@id\":\"https:\\\/\\\/secure.gravatar.com\\\/avatar\\\/7a4cf8feb412a76ea4a740ca02d95b06b2907b5a6c648c2dd0a1082a093c3141?s=96&d=mm&r=g\",\"url\":\"https:\\\/\\\/secure.gravatar.com\\\/avatar\\\/7a4cf8feb412a76ea4a740ca02d95b06b2907b5a6c648c2dd0a1082a093c3141?s=96&d=mm&r=g\",\"contentUrl\":\"https:\\\/\\\/secure.gravatar.com\\\/avatar\\\/7a4cf8feb412a76ea4a740ca02d95b06b2907b5a6c648c2dd0a1082a093c3141?s=96&d=mm&r=g\",\"caption\":\"Comunicaci\u00f3 Esplac\"}}]}<\/script>\n<!-- \/ Yoast SEO plugin. -->","yoast_head_json":{"title":"F\u00f2rum Europeu de Joves 2019 - Creant ponts per la cohesi\u00f3 social - Esplac","robots":{"index":"index","follow":"follow","max-snippet":"max-snippet:-1","max-image-preview":"max-image-preview:large","max-video-preview":"max-video-preview:-1"},"canonical":"https:\/\/www.esplac.cat\/forum-europeu-de-joves-2019\/","og_locale":"es_ES","og_type":"article","og_title":"F\u00f2rum Europeu de Joves 2019 - Creant ponts per la cohesi\u00f3 social - Esplac","og_description":"04-juliol-2019 Autora: Natalya Chetverova, SVE&nbsp;alemanya&nbsp;a Terrassa i monitora de l\u2019esplai [&hellip;]","og_url":"https:\/\/www.esplac.cat\/forum-europeu-de-joves-2019\/","og_site_name":"Esplac","article_published_time":"2019-07-04T10:38:06+00:00","article_modified_time":"2020-10-15T16:23:18+00:00","og_image":[{"width":1200,"height":630,"url":"https:\/\/www.esplac.cat\/wp-content\/uploads\/2019\/11\/logo-open.jpg","type":"image\/jpeg"}],"author":"Comunicaci\u00f3 Esplac","twitter_card":"summary_large_image","twitter_misc":{"Escrito por":"Comunicaci\u00f3 Esplac","Tiempo de lectura":"3 minutos"},"schema":{"@context":"https:\/\/schema.org","@graph":[{"@type":"Article","@id":"https:\/\/www.esplac.cat\/forum-europeu-de-joves-2019\/#article","isPartOf":{"@id":"https:\/\/www.esplac.cat\/forum-europeu-de-joves-2019\/"},"author":{"name":"Comunicaci\u00f3 Esplac","@id":"https:\/\/www.esplac.cat\/#\/schema\/person\/908383cf240be18b68f8855d0583faca"},"headline":"F\u00f2rum Europeu de Joves 2019 &#8211; Creant ponts per la cohesi\u00f3 social","datePublished":"2019-07-04T10:38:06+00:00","dateModified":"2020-10-15T16:23:18+00:00","mainEntityOfPage":{"@id":"https:\/\/www.esplac.cat\/forum-europeu-de-joves-2019\/"},"wordCount":583,"publisher":{"@id":"https:\/\/www.esplac.cat\/#organization"},"image":{"@id":"https:\/\/www.esplac.cat\/forum-europeu-de-joves-2019\/#primaryimage"},"thumbnailUrl":"","keywords":["Berlin","cohesi\u00f3 social","diversitat","educaci\u00f3 popular","F\u00f2rum Europeu de Joves","transformaci\u00f3 social"],"articleSection":["Creuant mirades"],"inLanguage":"es"},{"@type":"WebPage","@id":"https:\/\/www.esplac.cat\/forum-europeu-de-joves-2019\/","url":"https:\/\/www.esplac.cat\/forum-europeu-de-joves-2019\/","name":"F\u00f2rum Europeu de Joves 2019 - Creant ponts per la cohesi\u00f3 social - Esplac","isPartOf":{"@id":"https:\/\/www.esplac.cat\/#website"},"primaryImageOfPage":{"@id":"https:\/\/www.esplac.cat\/forum-europeu-de-joves-2019\/#primaryimage"},"image":{"@id":"https:\/\/www.esplac.cat\/forum-europeu-de-joves-2019\/#primaryimage"},"thumbnailUrl":"","datePublished":"2019-07-04T10:38:06+00:00","dateModified":"2020-10-15T16:23:18+00:00","breadcrumb":{"@id":"https:\/\/www.esplac.cat\/forum-europeu-de-joves-2019\/#breadcrumb"},"inLanguage":"es","potentialAction":[{"@type":"ReadAction","target":["https:\/\/www.esplac.cat\/forum-europeu-de-joves-2019\/"]}]},{"@type":"ImageObject","inLanguage":"es","@id":"https:\/\/www.esplac.cat\/forum-europeu-de-joves-2019\/#primaryimage","url":"","contentUrl":""},{"@type":"BreadcrumbList","@id":"https:\/\/www.esplac.cat\/forum-europeu-de-joves-2019\/#breadcrumb","itemListElement":[{"@type":"ListItem","position":1,"name":"Inici","item":"https:\/\/www.esplac.cat\/es\/"},{"@type":"ListItem","position":2,"name":"F\u00f2rum Europeu de Joves 2019 &#8211; Creant ponts per la cohesi\u00f3 social"}]},{"@type":"WebSite","@id":"https:\/\/www.esplac.cat\/#website","url":"https:\/\/www.esplac.cat\/","name":"Esplac","description":"Esplais Catalans","publisher":{"@id":"https:\/\/www.esplac.cat\/#organization"},"potentialAction":[{"@type":"SearchAction","target":{"@type":"EntryPoint","urlTemplate":"https:\/\/www.esplac.cat\/?s={search_term_string}"},"query-input":{"@type":"PropertyValueSpecification","valueRequired":true,"valueName":"search_term_string"}}],"inLanguage":"es"},{"@type":"Organization","@id":"https:\/\/www.esplac.cat\/#organization","name":"Esplac","url":"https:\/\/www.esplac.cat\/","logo":{"@type":"ImageObject","inLanguage":"es","@id":"https:\/\/www.esplac.cat\/#\/schema\/logo\/image\/","url":"https:\/\/www.esplac.cat\/wp-content\/uploads\/2019\/08\/logox2.png","contentUrl":"https:\/\/www.esplac.cat\/wp-content\/uploads\/2019\/08\/logox2.png","width":600,"height":295,"caption":"Esplac"},"image":{"@id":"https:\/\/www.esplac.cat\/#\/schema\/logo\/image\/"}},{"@type":"Person","@id":"https:\/\/www.esplac.cat\/#\/schema\/person\/908383cf240be18b68f8855d0583faca","name":"Comunicaci\u00f3 Esplac","image":{"@type":"ImageObject","inLanguage":"es","@id":"https:\/\/secure.gravatar.com\/avatar\/7a4cf8feb412a76ea4a740ca02d95b06b2907b5a6c648c2dd0a1082a093c3141?s=96&d=mm&r=g","url":"https:\/\/secure.gravatar.com\/avatar\/7a4cf8feb412a76ea4a740ca02d95b06b2907b5a6c648c2dd0a1082a093c3141?s=96&d=mm&r=g","contentUrl":"https:\/\/secure.gravatar.com\/avatar\/7a4cf8feb412a76ea4a740ca02d95b06b2907b5a6c648c2dd0a1082a093c3141?s=96&d=mm&r=g","caption":"Comunicaci\u00f3 Esplac"}}]}},"_links":{"self":[{"href":"https:\/\/www.esplac.cat\/es\/wp-json\/wp\/v2\/posts\/5380","targetHints":{"allow":["GET"]}}],"collection":[{"href":"https:\/\/www.esplac.cat\/es\/wp-json\/wp\/v2\/posts"}],"about":[{"href":"https:\/\/www.esplac.cat\/es\/wp-json\/wp\/v2\/types\/post"}],"author":[{"embeddable":true,"href":"https:\/\/www.esplac.cat\/es\/wp-json\/wp\/v2\/users\/3"}],"replies":[{"embeddable":true,"href":"https:\/\/www.esplac.cat\/es\/wp-json\/wp\/v2\/comments?post=5380"}],"version-history":[{"count":0,"href":"https:\/\/www.esplac.cat\/es\/wp-json\/wp\/v2\/posts\/5380\/revisions"}],"wp:featuredmedia":[{"embeddable":true,"href":"https:\/\/www.esplac.cat\/es\/wp-json\/"}],"wp:attachment":[{"href":"https:\/\/www.esplac.cat\/es\/wp-json\/wp\/v2\/media?parent=5380"}],"wp:term":[{"taxonomy":"category","embeddable":true,"href":"https:\/\/www.esplac.cat\/es\/wp-json\/wp\/v2\/categories?post=5380"},{"taxonomy":"post_tag","embeddable":true,"href":"https:\/\/www.esplac.cat\/es\/wp-json\/wp\/v2\/tags?post=5380"}],"curies":[{"name":"wp","href":"https:\/\/api.w.org\/{rel}","templated":true}]}}