{"id":5403,"date":"2019-08-29T10:08:35","date_gmt":"2019-08-29T08:08:35","guid":{"rendered":"https:\/\/www.somesplai.cat\/?p=5403"},"modified":"2020-10-15T17:23:16","modified_gmt":"2020-10-15T16:23:16","slug":"falkencamp-internacional-dobriach","status":"publish","type":"post","link":"https:\/\/www.esplac.cat\/es\/falkencamp-internacional-dobriach\/","title":{"rendered":"Falkencamp internacional D\u00f6briach: Campaments a \u00c0ustria"},"content":{"rendered":"<h5 class=\"p1\" style=\"text-align: justify;\">29-agost-2019<\/h5>\n<p>Autora: <strong>Natalya Chetverova<\/strong>, SVE\u00a0alemanya\u00a0a Terrassa i monitora de l\u2019esplai La Fera.<\/p>\n<hr \/>\n<p><em>(English below)<\/em><\/p>\n<p>Del 20 al 31 de juliol, l\u2019entitat Rote Falken \u00c0ustria va convidar a tots els seus amics i amigues i organitzacions germanes a celebrar el <strong>70\u00e8 aniversari de l\u2019acampada dels Falken a D\u00f6briach<\/strong>.<strong> Al voltant de 700 infants, adolescents i joves l\u00edders van participar de l\u2019esdeveniment.<\/strong> Hi havia moltes activitats dins del programa general: l\u2019escenari de les nits, festes, tallers durant el dia i activitats i estructures democr\u00e0tiques. Tamb\u00e9 hi havia temps de gaudir de l\u2019espai propi i de l\u2019esplai, de relaxar-se i de reflexionar sobre el dia.<\/p>\n<p><a href=\"https:\/\/www.somesplai.cat\/wp-content\/uploads\/2019\/08\/nat1.jpg\"><img decoding=\"async\" class=\"size-medium wp-image-5405 alignnone\" src=\"https:\/\/www.somesplai.cat\/wp-content\/uploads\/2019\/08\/nat1-225x300.jpg\" alt=\"nat1\" width=\"225\" height=\"300\" \/><\/a>\u00a0 \u00a0<a href=\"https:\/\/www.somesplai.cat\/wp-content\/uploads\/2019\/08\/nat2.jpg\"><img decoding=\"async\" class=\"size-medium wp-image-5406 alignnone\" src=\"https:\/\/www.somesplai.cat\/wp-content\/uploads\/2019\/08\/nat2-300x225.jpg\" alt=\"nat2\" width=\"300\" height=\"225\" \/><\/a><\/p>\n<p><strong>El Falkencamp D\u00f6briach est\u00e0 situat al sud d\u2019\u00c0ustria<\/strong>, a prop de les fronteres d\u2019It\u00e0lia i d\u2019Eslov\u00e8nia i durant el nostre dia d\u2019excursi\u00f3 vam poder visitar Ljubljana, la capital d\u2019Eslov\u00e8nia.<\/p>\n<p>&nbsp;<\/p>\n<p><a href=\"https:\/\/www.somesplai.cat\/wp-content\/uploads\/2019\/08\/nat4.jpg\"><img decoding=\"async\" class=\"alignnone wp-image-5408 size-medium\" src=\"https:\/\/www.somesplai.cat\/wp-content\/uploads\/2019\/08\/nat4-225x300.jpg\" alt=\"nat4\" width=\"225\" height=\"300\" \/><\/a>\u00a0 \u00a0 \u00a0<img decoding=\"async\" class=\"alignnone wp-image-5407 size-medium\" src=\"https:\/\/www.somesplai.cat\/wp-content\/uploads\/2019\/08\/nat3-225x300.jpg\" alt=\"nat3\" width=\"225\" height=\"300\" \/><\/p>\n<p>Est\u00e0vem d&#8217;acampada a prop d&#8217;un llac anomenat Milst\u00e4tter See. Ten\u00edem una platja privada pels nens i nenes del nostre campament d&#8217;estiu i es podia passar el temps de forma m\u00e9s relaxant, refrescant i divertida mentre el sol no et crem\u00e9s. Sempre que envi\u00e0vem als infants a la zona d&#8217;atenci\u00f3 sanit\u00e0ria per coses petites, la resposta\/medicina sempre era \u00abper\u00f2 no vol\u00edeu anar ara a la platja?\u00bb.<\/p>\n<p>El c\u00e0mping est\u00e0 envoltat de muntanyes altes i boniques, i alguns matins ens vam trobar gaireb\u00e9 coberts\/es sota n\u00favols.<\/p>\n<p><a href=\"https:\/\/www.somesplai.cat\/wp-content\/uploads\/2019\/08\/nat5.jpg\"><img decoding=\"async\" class=\"size-medium wp-image-5409 alignnone\" src=\"https:\/\/www.somesplai.cat\/wp-content\/uploads\/2019\/08\/nat5-225x300.jpg\" alt=\"nat5\" width=\"225\" height=\"300\" \/><\/a>\u00a0\u00a0<a href=\"https:\/\/www.somesplai.cat\/wp-content\/uploads\/2019\/08\/nat6.jpg\"><img decoding=\"async\" class=\"size-medium wp-image-5410 alignnone\" src=\"https:\/\/www.somesplai.cat\/wp-content\/uploads\/2019\/08\/nat6-225x300.jpg\" alt=\"nat6\" width=\"225\" height=\"300\" \/><\/a><\/p>\n<p>Els Rote Falken van ser incre\u00efbles a l\u2019hora d\u2019organitzar i subministrar a totes les zones del campament amb tot el que necessitaven. Els matins, personalment, venien a portar el programa del dia, a portar taules amb tractors o a treure les escombraries, i el millor:<strong> construir una foguera per totes les zones i ens donaven prou llenya per poder seure al foc cada nit.<\/strong><br \/>\nEl clima era c\u00e0lid i c\u00f2mode, normalment, tot i que els darrers dies van haver d&#8217;informar a la protecci\u00f3 civil perqu\u00e8 el campament podia quedar inundat completament. <strong>Va ploure molt, per\u00f2 hi havia tantes mans que ajudaven que, fins i tot, ens vam divertir.<\/strong><\/p>\n<p>&nbsp;<\/p>\n<p><a href=\"https:\/\/www.somesplai.cat\/wp-content\/uploads\/2019\/08\/nat7.jpg\"><img decoding=\"async\" class=\"size-medium wp-image-5411 alignnone\" src=\"https:\/\/www.somesplai.cat\/wp-content\/uploads\/2019\/08\/nat7-225x300.jpg\" alt=\"nat7\" width=\"225\" height=\"300\" \/><\/a>\u00a0 \u00a0<a href=\"https:\/\/www.somesplai.cat\/wp-content\/uploads\/2019\/08\/nat8.jpg\"><img decoding=\"async\" class=\"size-medium wp-image-5412 alignnone\" src=\"https:\/\/www.somesplai.cat\/wp-content\/uploads\/2019\/08\/nat8-300x225.jpg\" alt=\"nat8\" width=\"300\" height=\"225\" \/><\/a><\/p>\n<p class=\"western\" align=\"justify\">Per\u00f2 <strong>el meu joc preferit<\/strong> era un joc que es va establir aviat entre els i les monis, quan els\u00a0infants ja havien anat a dormir. Potser ho podeu provar amb els altres monis o fins i tot amb els infants: quan alg\u00fa us ve mostrant l&#8217;estranya m\u00e0scara amb les mans i no reaccioneu prou de pressa amb el gest del monocle, \u00abmoriu\u00bb , heu de caure a terra i fer com si us estigu\u00e9ssiu morint (no importa el que feu, es tracta de fer algun gest). A continuaci\u00f3 us ensenyo quins son els gestos d&#8217;atac i defensa i un exemple de gest que seria incorrecte:<\/p>\n<p class=\"western\" align=\"justify\">\n<div id=\"attachment_5413\" style=\"width: 235px\" class=\"wp-caption aligncenter\"><a href=\"https:\/\/www.somesplai.cat\/wp-content\/uploads\/2019\/08\/nat9.jpg\"><img decoding=\"async\" aria-describedby=\"caption-attachment-5413\" class=\"wp-image-5413 size-medium\" title=\"ATTACK\" src=\"https:\/\/www.somesplai.cat\/wp-content\/uploads\/2019\/08\/nat9-225x300.jpg\" alt=\"nat9\" width=\"225\" height=\"300\" \/><\/a><p id=\"caption-attachment-5413\" class=\"wp-caption-text\"><strong>ATAC<\/strong><\/p><\/div>\n<p>&nbsp;<\/p>\n<div id=\"attachment_5415\" style=\"width: 235px\" class=\"wp-caption aligncenter\"><a href=\"https:\/\/www.somesplai.cat\/wp-content\/uploads\/2019\/08\/nat11.jpg\"><img decoding=\"async\" aria-describedby=\"caption-attachment-5415\" class=\"wp-image-5415 size-medium\" src=\"https:\/\/www.somesplai.cat\/wp-content\/uploads\/2019\/08\/nat11-225x300.jpg\" alt=\"nat11\" width=\"225\" height=\"300\" \/><\/a><p id=\"caption-attachment-5415\" class=\"wp-caption-text\"><strong>RES\/ERROR<\/strong><\/p><\/div>\n<p>&nbsp;<\/p>\n<div id=\"attachment_5414\" style=\"width: 235px\" class=\"wp-caption aligncenter\"><img decoding=\"async\" aria-describedby=\"caption-attachment-5414\" class=\"wp-image-5414 size-medium\" src=\"https:\/\/www.somesplai.cat\/wp-content\/uploads\/2019\/08\/nat10-225x300.jpg\" alt=\"nat10\" width=\"225\" height=\"300\" \/><p id=\"caption-attachment-5414\" class=\"wp-caption-text\"><strong>DEFENSA<\/strong><\/p><\/div>\n<p class=\"western\" align=\"justify\">\n<p class=\"western\" align=\"justify\">\n<p>Per\u00f2 compte! No heu de fer-ho nom\u00e9s amb rapidesa, sin\u00f3 que han de ser els gestos adequats. Si utilitzeu accidentalment les mans equivocades o les dues mans, o fins i tot feu el gest amb el costat equivocat, tamb\u00e9 morireu. \u00c9s un joc divertit, per\u00f2 en algun moment pot posar-te dels nervis.<\/p>\n<p>Sens dubte <strong>val la pena participar en campaments i activitats internacionals,<\/strong> aprens molt d&#8217;ells. Nom\u00e9s puc recomanar-ho i espero veure aviat a tothom a <strong>l\u2019IFM Camp 2020 a Anglaterra.<\/strong><\/p>\n<p>&nbsp;<\/p>\n<p><a href=\"https:\/\/www.somesplai.cat\/wp-content\/uploads\/2019\/08\/nat12.jpg\"><img decoding=\"async\" class=\"wp-image-5416 aligncenter\" src=\"https:\/\/www.somesplai.cat\/wp-content\/uploads\/2019\/08\/nat12-300x225.jpg\" alt=\"nat12\" width=\"361\" height=\"271\" \/><\/a><\/p>\n<p>&nbsp;<\/p>\n<hr \/>\n<p><em>English:\u00a0<\/em><\/p>\n<p>From the 20.-31. of July the Rote Falken Austria invited all their friends and sister organisations to celebrate the 70th anniversary of the falken\u2019s campside in D\u00f6briach. <strong>About 700 kids, teens and young leader attended to this event.<\/strong> There was a lot of central programme: on stage in the nights, parties, workshops in the day time and democratic structures, but it was well balanced with the time to spend privately with your own esplai to relax and reflect on the day.<\/p>\n<p><strong>The Falkencamp D\u00f6briach is located in the very south of Austria<\/strong>, so close to the borders of Italy and Slovenia that on our excursion day we could visit Ljubljana, the capital of Slovenia.<\/p>\n<p>We were camping near a lake called Milst\u00e4tter See. With a private beach for the children of our summer camp you could spend the most relaxing, cooling and fun time when the sun was burning on our heads. Whenever we send our kids to the sanitary station for little things the number one medicine\/answer always was \u201cbut didn\u2019t you want to go to the beach now?\u201d.<br \/>\nThe campside itself is surrounded by high and beautiful mountains, and some mornings we found ourselves almost covered under clouds.<\/p>\n<p>The Rote Falken were amazing at organising and supplying all little villages with what they need. In the mornings they\u2019d personally come to bring the programme for the day, bring tables with tractors or take out the trash, and the best thing: <strong>build fire places in every village and provided us with enough wood so we could sit by the fire every night.<\/strong><br \/>\nThe weather was warm and comfortable, mostly: The last days they did have to inform the civil protection in case our camp would have completely drowned. <strong>It was raining so heavily, but there were so many helpful hands and even then we had fun.<\/strong><\/p>\n<p>But my personal favourite was a game that was soon established between the monis, when the kids have mostly gone to bed already. Maybe you can try it with the other monis or even the kids: when somebody showed you the strange mask with their hands, and you don\u2019t react fast enough with the monocle gesture, you \u201cdie\u201d and have to fall on the ground and make dying sounds (no matter what you are doing, holding or carrying at the moment).<\/p>\n<p>But careful! You don\u2019t only have to be fast, it have to be the right gestures. If you accidentally use the wrong hands or both, or even turn them the wrong side, you die as well. It\u2019s a fun game, but it might get on your nerves at some point.<\/p>\n<p><strong>It is definitely worth in engaging in international camps and activities,<\/strong> you learn so much from them. I can only recommend it, and <strong>hope to see all you people soon at IFM Camp 2020 in England!<\/strong><\/p>\n","protected":false},"excerpt":{"rendered":"<p>29-agost-2019 Autora: Natalya Chetverova, SVE\u00a0alemanya\u00a0a Terrassa i monitora de l\u2019esplai [&hellip;]<\/p>\n","protected":false},"author":3,"featured_media":28216,"comment_status":"closed","ping_status":"closed","sticky":false,"template":"","format":"standard","meta":{"om_disable_all_campaigns":false,"_monsterinsights_skip_tracking":false,"_monsterinsights_sitenote_active":false,"_monsterinsights_sitenote_note":"","_monsterinsights_sitenote_category":0,"_uf_show_specific_survey":0,"_uf_disable_surveys":false,"footnotes":""},"categories":[1168],"tags":[673,692,1198,1002,1003,1199,555,187,134],"class_list":["post-5403","post","type-post","status-publish","format-standard","has-post-thumbnail","hentry","category-creuant_mirades","tag-acampada","tag-austria","tag-dobriach","tag-educacio-popular","tag-esplai","tag-falkencamp","tag-internacional","tag-sve","tag-transformacio-social"],"yoast_head":"<!-- This site is optimized with the Yoast SEO plugin v27.5 - https:\/\/yoast.com\/product\/yoast-seo-wordpress\/ -->\n<title>Falkencamp internacional D\u00f6briach: Campaments a \u00c0ustria - Esplac<\/title>\n<meta name=\"robots\" content=\"index, follow, max-snippet:-1, max-image-preview:large, max-video-preview:-1\" \/>\n<link rel=\"canonical\" href=\"https:\/\/www.esplac.cat\/falkencamp-internacional-dobriach\/\" \/>\n<meta property=\"og:locale\" content=\"es_ES\" \/>\n<meta property=\"og:type\" content=\"article\" \/>\n<meta property=\"og:title\" content=\"Falkencamp internacional D\u00f6briach: Campaments a \u00c0ustria - Esplac\" \/>\n<meta property=\"og:description\" content=\"29-agost-2019 Autora: Natalya Chetverova, SVE\u00a0alemanya\u00a0a Terrassa i monitora de l\u2019esplai [&hellip;]\" \/>\n<meta property=\"og:url\" content=\"https:\/\/www.esplac.cat\/falkencamp-internacional-dobriach\/\" \/>\n<meta property=\"og:site_name\" content=\"Esplac\" \/>\n<meta property=\"article:published_time\" content=\"2019-08-29T08:08:35+00:00\" \/>\n<meta property=\"article:modified_time\" content=\"2020-10-15T16:23:16+00:00\" \/>\n<meta property=\"og:image\" content=\"https:\/\/www.esplac.cat\/wp-content\/uploads\/2019\/08\/nat1-e1574267923399.jpg\" \/>\n\t<meta property=\"og:image:width\" content=\"722\" \/>\n\t<meta property=\"og:image:height\" content=\"330\" \/>\n\t<meta property=\"og:image:type\" content=\"image\/jpeg\" \/>\n<meta name=\"author\" content=\"Comunicaci\u00f3 Esplac\" \/>\n<meta name=\"twitter:card\" content=\"summary_large_image\" \/>\n<meta name=\"twitter:label1\" content=\"Escrito por\" \/>\n\t<meta name=\"twitter:data1\" content=\"Comunicaci\u00f3 Esplac\" \/>\n\t<meta name=\"twitter:label2\" content=\"Tiempo de lectura\" \/>\n\t<meta name=\"twitter:data2\" content=\"5 minutos\" \/>\n<script type=\"application\/ld+json\" class=\"yoast-schema-graph\">{\"@context\":\"https:\\\/\\\/schema.org\",\"@graph\":[{\"@type\":\"Article\",\"@id\":\"https:\\\/\\\/www.esplac.cat\\\/falkencamp-internacional-dobriach\\\/#article\",\"isPartOf\":{\"@id\":\"https:\\\/\\\/www.esplac.cat\\\/falkencamp-internacional-dobriach\\\/\"},\"author\":{\"name\":\"Comunicaci\u00f3 Esplac\",\"@id\":\"https:\\\/\\\/www.esplac.cat\\\/#\\\/schema\\\/person\\\/908383cf240be18b68f8855d0583faca\"},\"headline\":\"Falkencamp internacional D\u00f6briach: Campaments a \u00c0ustria\",\"datePublished\":\"2019-08-29T08:08:35+00:00\",\"dateModified\":\"2020-10-15T16:23:16+00:00\",\"mainEntityOfPage\":{\"@id\":\"https:\\\/\\\/www.esplac.cat\\\/falkencamp-internacional-dobriach\\\/\"},\"wordCount\":1076,\"publisher\":{\"@id\":\"https:\\\/\\\/www.esplac.cat\\\/#organization\"},\"image\":{\"@id\":\"https:\\\/\\\/www.esplac.cat\\\/falkencamp-internacional-dobriach\\\/#primaryimage\"},\"thumbnailUrl\":\"https:\\\/\\\/www.esplac.cat\\\/wp-content\\\/uploads\\\/2019\\\/08\\\/nat1-e1574267923399.jpg\",\"keywords\":[\"acampada\",\"\u00c0ustria\",\"D\u00f6briach\",\"educaci\u00f3 popular\",\"esplai\",\"Falkencamp\",\"internacional\",\"sve\",\"transformaci\u00f3 social\"],\"articleSection\":[\"Creuant mirades\"],\"inLanguage\":\"es\"},{\"@type\":\"WebPage\",\"@id\":\"https:\\\/\\\/www.esplac.cat\\\/falkencamp-internacional-dobriach\\\/\",\"url\":\"https:\\\/\\\/www.esplac.cat\\\/falkencamp-internacional-dobriach\\\/\",\"name\":\"Falkencamp internacional D\u00f6briach: Campaments a \u00c0ustria - Esplac\",\"isPartOf\":{\"@id\":\"https:\\\/\\\/www.esplac.cat\\\/#website\"},\"primaryImageOfPage\":{\"@id\":\"https:\\\/\\\/www.esplac.cat\\\/falkencamp-internacional-dobriach\\\/#primaryimage\"},\"image\":{\"@id\":\"https:\\\/\\\/www.esplac.cat\\\/falkencamp-internacional-dobriach\\\/#primaryimage\"},\"thumbnailUrl\":\"https:\\\/\\\/www.esplac.cat\\\/wp-content\\\/uploads\\\/2019\\\/08\\\/nat1-e1574267923399.jpg\",\"datePublished\":\"2019-08-29T08:08:35+00:00\",\"dateModified\":\"2020-10-15T16:23:16+00:00\",\"breadcrumb\":{\"@id\":\"https:\\\/\\\/www.esplac.cat\\\/falkencamp-internacional-dobriach\\\/#breadcrumb\"},\"inLanguage\":\"es\",\"potentialAction\":[{\"@type\":\"ReadAction\",\"target\":[\"https:\\\/\\\/www.esplac.cat\\\/falkencamp-internacional-dobriach\\\/\"]}]},{\"@type\":\"ImageObject\",\"inLanguage\":\"es\",\"@id\":\"https:\\\/\\\/www.esplac.cat\\\/falkencamp-internacional-dobriach\\\/#primaryimage\",\"url\":\"https:\\\/\\\/www.esplac.cat\\\/wp-content\\\/uploads\\\/2019\\\/08\\\/nat1-e1574267923399.jpg\",\"contentUrl\":\"https:\\\/\\\/www.esplac.cat\\\/wp-content\\\/uploads\\\/2019\\\/08\\\/nat1-e1574267923399.jpg\",\"width\":722,\"height\":330},{\"@type\":\"BreadcrumbList\",\"@id\":\"https:\\\/\\\/www.esplac.cat\\\/falkencamp-internacional-dobriach\\\/#breadcrumb\",\"itemListElement\":[{\"@type\":\"ListItem\",\"position\":1,\"name\":\"Inici\",\"item\":\"https:\\\/\\\/www.esplac.cat\\\/es\\\/\"},{\"@type\":\"ListItem\",\"position\":2,\"name\":\"Falkencamp internacional D\u00f6briach: Campaments a \u00c0ustria\"}]},{\"@type\":\"WebSite\",\"@id\":\"https:\\\/\\\/www.esplac.cat\\\/#website\",\"url\":\"https:\\\/\\\/www.esplac.cat\\\/\",\"name\":\"Esplac\",\"description\":\"Esplais Catalans\",\"publisher\":{\"@id\":\"https:\\\/\\\/www.esplac.cat\\\/#organization\"},\"potentialAction\":[{\"@type\":\"SearchAction\",\"target\":{\"@type\":\"EntryPoint\",\"urlTemplate\":\"https:\\\/\\\/www.esplac.cat\\\/?s={search_term_string}\"},\"query-input\":{\"@type\":\"PropertyValueSpecification\",\"valueRequired\":true,\"valueName\":\"search_term_string\"}}],\"inLanguage\":\"es\"},{\"@type\":\"Organization\",\"@id\":\"https:\\\/\\\/www.esplac.cat\\\/#organization\",\"name\":\"Esplac\",\"url\":\"https:\\\/\\\/www.esplac.cat\\\/\",\"logo\":{\"@type\":\"ImageObject\",\"inLanguage\":\"es\",\"@id\":\"https:\\\/\\\/www.esplac.cat\\\/#\\\/schema\\\/logo\\\/image\\\/\",\"url\":\"https:\\\/\\\/www.esplac.cat\\\/wp-content\\\/uploads\\\/2019\\\/08\\\/logox2.png\",\"contentUrl\":\"https:\\\/\\\/www.esplac.cat\\\/wp-content\\\/uploads\\\/2019\\\/08\\\/logox2.png\",\"width\":600,\"height\":295,\"caption\":\"Esplac\"},\"image\":{\"@id\":\"https:\\\/\\\/www.esplac.cat\\\/#\\\/schema\\\/logo\\\/image\\\/\"}},{\"@type\":\"Person\",\"@id\":\"https:\\\/\\\/www.esplac.cat\\\/#\\\/schema\\\/person\\\/908383cf240be18b68f8855d0583faca\",\"name\":\"Comunicaci\u00f3 Esplac\",\"image\":{\"@type\":\"ImageObject\",\"inLanguage\":\"es\",\"@id\":\"https:\\\/\\\/secure.gravatar.com\\\/avatar\\\/7a4cf8feb412a76ea4a740ca02d95b06b2907b5a6c648c2dd0a1082a093c3141?s=96&d=mm&r=g\",\"url\":\"https:\\\/\\\/secure.gravatar.com\\\/avatar\\\/7a4cf8feb412a76ea4a740ca02d95b06b2907b5a6c648c2dd0a1082a093c3141?s=96&d=mm&r=g\",\"contentUrl\":\"https:\\\/\\\/secure.gravatar.com\\\/avatar\\\/7a4cf8feb412a76ea4a740ca02d95b06b2907b5a6c648c2dd0a1082a093c3141?s=96&d=mm&r=g\",\"caption\":\"Comunicaci\u00f3 Esplac\"}}]}<\/script>\n<!-- \/ Yoast SEO plugin. -->","yoast_head_json":{"title":"Falkencamp internacional D\u00f6briach: Campaments a \u00c0ustria - Esplac","robots":{"index":"index","follow":"follow","max-snippet":"max-snippet:-1","max-image-preview":"max-image-preview:large","max-video-preview":"max-video-preview:-1"},"canonical":"https:\/\/www.esplac.cat\/falkencamp-internacional-dobriach\/","og_locale":"es_ES","og_type":"article","og_title":"Falkencamp internacional D\u00f6briach: Campaments a \u00c0ustria - Esplac","og_description":"29-agost-2019 Autora: Natalya Chetverova, SVE\u00a0alemanya\u00a0a Terrassa i monitora de l\u2019esplai [&hellip;]","og_url":"https:\/\/www.esplac.cat\/falkencamp-internacional-dobriach\/","og_site_name":"Esplac","article_published_time":"2019-08-29T08:08:35+00:00","article_modified_time":"2020-10-15T16:23:16+00:00","og_image":[{"width":722,"height":330,"url":"https:\/\/www.esplac.cat\/wp-content\/uploads\/2019\/08\/nat1-e1574267923399.jpg","type":"image\/jpeg"}],"author":"Comunicaci\u00f3 Esplac","twitter_card":"summary_large_image","twitter_misc":{"Escrito por":"Comunicaci\u00f3 Esplac","Tiempo de lectura":"5 minutos"},"schema":{"@context":"https:\/\/schema.org","@graph":[{"@type":"Article","@id":"https:\/\/www.esplac.cat\/falkencamp-internacional-dobriach\/#article","isPartOf":{"@id":"https:\/\/www.esplac.cat\/falkencamp-internacional-dobriach\/"},"author":{"name":"Comunicaci\u00f3 Esplac","@id":"https:\/\/www.esplac.cat\/#\/schema\/person\/908383cf240be18b68f8855d0583faca"},"headline":"Falkencamp internacional D\u00f6briach: Campaments a \u00c0ustria","datePublished":"2019-08-29T08:08:35+00:00","dateModified":"2020-10-15T16:23:16+00:00","mainEntityOfPage":{"@id":"https:\/\/www.esplac.cat\/falkencamp-internacional-dobriach\/"},"wordCount":1076,"publisher":{"@id":"https:\/\/www.esplac.cat\/#organization"},"image":{"@id":"https:\/\/www.esplac.cat\/falkencamp-internacional-dobriach\/#primaryimage"},"thumbnailUrl":"https:\/\/www.esplac.cat\/wp-content\/uploads\/2019\/08\/nat1-e1574267923399.jpg","keywords":["acampada","\u00c0ustria","D\u00f6briach","educaci\u00f3 popular","esplai","Falkencamp","internacional","sve","transformaci\u00f3 social"],"articleSection":["Creuant mirades"],"inLanguage":"es"},{"@type":"WebPage","@id":"https:\/\/www.esplac.cat\/falkencamp-internacional-dobriach\/","url":"https:\/\/www.esplac.cat\/falkencamp-internacional-dobriach\/","name":"Falkencamp internacional D\u00f6briach: Campaments a \u00c0ustria - Esplac","isPartOf":{"@id":"https:\/\/www.esplac.cat\/#website"},"primaryImageOfPage":{"@id":"https:\/\/www.esplac.cat\/falkencamp-internacional-dobriach\/#primaryimage"},"image":{"@id":"https:\/\/www.esplac.cat\/falkencamp-internacional-dobriach\/#primaryimage"},"thumbnailUrl":"https:\/\/www.esplac.cat\/wp-content\/uploads\/2019\/08\/nat1-e1574267923399.jpg","datePublished":"2019-08-29T08:08:35+00:00","dateModified":"2020-10-15T16:23:16+00:00","breadcrumb":{"@id":"https:\/\/www.esplac.cat\/falkencamp-internacional-dobriach\/#breadcrumb"},"inLanguage":"es","potentialAction":[{"@type":"ReadAction","target":["https:\/\/www.esplac.cat\/falkencamp-internacional-dobriach\/"]}]},{"@type":"ImageObject","inLanguage":"es","@id":"https:\/\/www.esplac.cat\/falkencamp-internacional-dobriach\/#primaryimage","url":"https:\/\/www.esplac.cat\/wp-content\/uploads\/2019\/08\/nat1-e1574267923399.jpg","contentUrl":"https:\/\/www.esplac.cat\/wp-content\/uploads\/2019\/08\/nat1-e1574267923399.jpg","width":722,"height":330},{"@type":"BreadcrumbList","@id":"https:\/\/www.esplac.cat\/falkencamp-internacional-dobriach\/#breadcrumb","itemListElement":[{"@type":"ListItem","position":1,"name":"Inici","item":"https:\/\/www.esplac.cat\/es\/"},{"@type":"ListItem","position":2,"name":"Falkencamp internacional D\u00f6briach: Campaments a \u00c0ustria"}]},{"@type":"WebSite","@id":"https:\/\/www.esplac.cat\/#website","url":"https:\/\/www.esplac.cat\/","name":"Esplac","description":"Esplais Catalans","publisher":{"@id":"https:\/\/www.esplac.cat\/#organization"},"potentialAction":[{"@type":"SearchAction","target":{"@type":"EntryPoint","urlTemplate":"https:\/\/www.esplac.cat\/?s={search_term_string}"},"query-input":{"@type":"PropertyValueSpecification","valueRequired":true,"valueName":"search_term_string"}}],"inLanguage":"es"},{"@type":"Organization","@id":"https:\/\/www.esplac.cat\/#organization","name":"Esplac","url":"https:\/\/www.esplac.cat\/","logo":{"@type":"ImageObject","inLanguage":"es","@id":"https:\/\/www.esplac.cat\/#\/schema\/logo\/image\/","url":"https:\/\/www.esplac.cat\/wp-content\/uploads\/2019\/08\/logox2.png","contentUrl":"https:\/\/www.esplac.cat\/wp-content\/uploads\/2019\/08\/logox2.png","width":600,"height":295,"caption":"Esplac"},"image":{"@id":"https:\/\/www.esplac.cat\/#\/schema\/logo\/image\/"}},{"@type":"Person","@id":"https:\/\/www.esplac.cat\/#\/schema\/person\/908383cf240be18b68f8855d0583faca","name":"Comunicaci\u00f3 Esplac","image":{"@type":"ImageObject","inLanguage":"es","@id":"https:\/\/secure.gravatar.com\/avatar\/7a4cf8feb412a76ea4a740ca02d95b06b2907b5a6c648c2dd0a1082a093c3141?s=96&d=mm&r=g","url":"https:\/\/secure.gravatar.com\/avatar\/7a4cf8feb412a76ea4a740ca02d95b06b2907b5a6c648c2dd0a1082a093c3141?s=96&d=mm&r=g","contentUrl":"https:\/\/secure.gravatar.com\/avatar\/7a4cf8feb412a76ea4a740ca02d95b06b2907b5a6c648c2dd0a1082a093c3141?s=96&d=mm&r=g","caption":"Comunicaci\u00f3 Esplac"}}]}},"_links":{"self":[{"href":"https:\/\/www.esplac.cat\/es\/wp-json\/wp\/v2\/posts\/5403","targetHints":{"allow":["GET"]}}],"collection":[{"href":"https:\/\/www.esplac.cat\/es\/wp-json\/wp\/v2\/posts"}],"about":[{"href":"https:\/\/www.esplac.cat\/es\/wp-json\/wp\/v2\/types\/post"}],"author":[{"embeddable":true,"href":"https:\/\/www.esplac.cat\/es\/wp-json\/wp\/v2\/users\/3"}],"replies":[{"embeddable":true,"href":"https:\/\/www.esplac.cat\/es\/wp-json\/wp\/v2\/comments?post=5403"}],"version-history":[{"count":0,"href":"https:\/\/www.esplac.cat\/es\/wp-json\/wp\/v2\/posts\/5403\/revisions"}],"wp:featuredmedia":[{"embeddable":true,"href":"https:\/\/www.esplac.cat\/es\/wp-json\/wp\/v2\/media\/28216"}],"wp:attachment":[{"href":"https:\/\/www.esplac.cat\/es\/wp-json\/wp\/v2\/media?parent=5403"}],"wp:term":[{"taxonomy":"category","embeddable":true,"href":"https:\/\/www.esplac.cat\/es\/wp-json\/wp\/v2\/categories?post=5403"},{"taxonomy":"post_tag","embeddable":true,"href":"https:\/\/www.esplac.cat\/es\/wp-json\/wp\/v2\/tags?post=5403"}],"curies":[{"name":"wp","href":"https:\/\/api.w.org\/{rel}","templated":true}]}}