{"id":54230,"date":"2025-10-13T10:24:12","date_gmt":"2025-10-13T08:24:12","guid":{"rendered":"https:\/\/www.esplac.cat\/?p=54230"},"modified":"2026-02-20T10:55:27","modified_gmt":"2026-02-20T08:55:27","slug":"incidencia-politica-formacio-historia-lleure","status":"publish","type":"post","link":"https:\/\/www.esplac.cat\/es\/incidencia-politica-formacio-historia-lleure\/","title":{"rendered":"Incid\u00e8ncia Pol\u00edtica es forma en la hist\u00f2ria del lleure"},"content":{"rendered":"<div class=\"fusion-fullwidth fullwidth-box fusion-builder-row-1 fusion-flex-container has-pattern-background has-mask-background nonhundred-percent-fullwidth non-hundred-percent-height-scrolling\" style=\"--awb-border-radius-top-left:0px;--awb-border-radius-top-right:0px;--awb-border-radius-bottom-right:0px;--awb-border-radius-bottom-left:0px;--awb-flex-wrap:wrap;\" ><div class=\"fusion-builder-row fusion-row fusion-flex-align-items-flex-start fusion-flex-content-wrap\" style=\"max-width:1248px;margin-left: calc(-4% \/ 2 );margin-right: calc(-4% \/ 2 );\"><div class=\"fusion-layout-column fusion_builder_column fusion-builder-column-0 fusion_builder_column_1_1 1_1 fusion-flex-column\" style=\"--awb-bg-size:cover;--awb-width-large:100%;--awb-margin-top-large:0px;--awb-spacing-right-large:1.92%;--awb-margin-bottom-large:20px;--awb-spacing-left-large:1.92%;--awb-width-medium:100%;--awb-order-medium:0;--awb-spacing-right-medium:1.92%;--awb-spacing-left-medium:1.92%;--awb-width-small:100%;--awb-order-small:0;--awb-spacing-right-small:1.92%;--awb-spacing-left-small:1.92%;\"><div class=\"fusion-column-wrapper fusion-column-has-shadow fusion-flex-justify-content-flex-start fusion-content-layout-column\"><div class=\"fusion-text fusion-text-1\"><h6><strong>El grup de treball d\u2019Incid\u00e8ncia Pol\u00edtica es forma en l\u2019origen i recorregut hist\u00f2ric del lleure, un punt d\u2019inici per poder entendre com som els esplais i quins reptes tenim per endavant.<\/strong><\/h6>\n<p>El grup de treball d\u2019<a href=\"https:\/\/www.esplac.cat\/projectes\/incidencia-politica\/\" target=\"_blank\" rel=\"noopener\"><strong><span style=\"color: #f69d0b;\">Incid\u00e8ncia Pol\u00edtica<\/span><\/strong><\/a> i algunes monitores i monitors d\u2019Esplac han participat aquest diumenge 12 d\u2019octubre en la formaci\u00f3 <strong><em>Lleure educatiu: un recorregut hist\u00f2ric<\/em><\/strong>, impartida per l\u2019<span style=\"color: #f69d0b;\"><a style=\"color: #f69d0b;\" href=\"https:\/\/escolaelsol.coop\/\" target=\"_blank\" rel=\"noopener\"><strong>Escola Lliure el Sol<\/strong><\/a><\/span>.<\/p>\n<p>La formaci\u00f3 ha servit per entendre els <strong>or\u00edgens del lleure a Catalunya<\/strong> a trav\u00e9s d\u2019un viatge en el temps que ha servit per con\u00e8ixer els or\u00edgens de la tasca educativa que els esplais duem a terme avui en dia. El recorregut ha partit de l\u2019<strong>Escola Moderna de Francesc Ferrer i Gu\u00e0rdia<\/strong> i el seu afany de transformaci\u00f3 i ha perm\u00e8s parlar de q\u00fcestions com l\u2019<strong>aparici\u00f3 de l\u2019escoltisme<\/strong> de la m\u00e0 de Baden Powell i la creaci\u00f3 dels primers esplais, molt sovint vinculats a l\u2019esgl\u00e9sia, o la <strong>repressi\u00f3 de l\u2019associacionisme<\/strong> en temps de dictadura i la gran expansi\u00f3 d\u2019esplais i agrupaments que va tenir lloc un cop el r\u00e8gim va ser m\u00e9s lax.<\/p>\n<p>Amb tot, tamb\u00e9 hi ha hagut espai per parlar del present i analitzar quin \u00e9s el <strong>panorama del lleure educatiu en l\u2019actualitat<\/strong>, un moment en qu\u00e8 un centenar d\u2019esplais laics i progressistes d\u2019arreu de Catalunya formen part d\u2019Esplais Catalans. Una de les conclusions que s\u2019han pogut extreure d\u2019aquest recorregut hist\u00f2ric \u00e9s que els esplais han sigut sempre una <strong>eina imprescindible per donar resposta a les mancances socials i educatives<\/strong> que presenta el sistema, independentment de la seva activitat, forma o etapa.<\/p>\n<p>Finalment, la formaci\u00f3 ha acabat amb una din\u00e0mica per identificar els principals <strong>reptes als quals ens enfrontem els joves en el present<\/strong>, en la qual s\u2019ha fet molt d\u2019\u00e8mfasi en la import\u00e0ncia de mantenir-nos associades i associats i el poder que podem arribar a tenir actuant plegades.<\/p>\n<p>Aquest espai ha estat molt enriquidor i el grup de treball s\u2019end\u00fa eines \u00fatils per a poder detectar les necessitats a les quals els esplais donem resposta avui en dia i, a partir d\u2019aqu\u00ed, definir la voluntat pol\u00edtica dels esplais d\u2019Esplac.<\/p>\n<\/div><div class=\"fusion-separator fusion-full-width-sep\" style=\"align-self: center;margin-left: auto;margin-right: auto;width:100%;\"><div class=\"fusion-separator-border sep-single\" style=\"--awb-height:20px;--awb-amount:20px;--awb-sep-color:#f4f4f4;border-color:#f4f4f4;border-top-width:1px;\"><\/div><\/div><div class=\"fusion-text fusion-text-2\"><p><img decoding=\"async\" class=\"size-full wp-image-55460 alignright\" src=\"https:\/\/www.esplac.cat\/wp-content\/uploads\/2025\/11\/Amb-el-suport-de.jpg\" alt=\"\" width=\"600\" height=\"200\" srcset=\"https:\/\/www.esplac.cat\/wp-content\/uploads\/2025\/11\/Amb-el-suport-de-200x67.jpg 200w, https:\/\/www.esplac.cat\/wp-content\/uploads\/2025\/11\/Amb-el-suport-de-300x100.jpg 300w, https:\/\/www.esplac.cat\/wp-content\/uploads\/2025\/11\/Amb-el-suport-de-400x133.jpg 400w, https:\/\/www.esplac.cat\/wp-content\/uploads\/2025\/11\/Amb-el-suport-de.jpg 600w\" sizes=\"(max-width: 600px) 100vw, 600px\" \/><\/p>\n<\/div><\/div><\/div><\/div><\/div>\n","protected":false},"excerpt":{"rendered":"","protected":false},"author":3,"featured_media":54231,"comment_status":"closed","ping_status":"closed","sticky":false,"template":"","format":"standard","meta":{"om_disable_all_campaigns":false,"_monsterinsights_skip_tracking":false,"_monsterinsights_sitenote_active":false,"_monsterinsights_sitenote_note":"","_monsterinsights_sitenote_category":0,"_uf_show_specific_survey":0,"_uf_disable_surveys":false,"footnotes":""},"categories":[1119,1574],"tags":[],"class_list":["post-54230","post","type-post","status-publish","format-standard","has-post-thumbnail","hentry","category-activitats-comissions-grups-de-treball","category-incidencia-politca"],"yoast_head":"<!-- This site is optimized with the Yoast SEO plugin v27.4 - https:\/\/yoast.com\/product\/yoast-seo-wordpress\/ -->\n<title>Incid\u00e8ncia Pol\u00edtica es forma en la hist\u00f2ria del lleure - Esplac<\/title>\n<meta name=\"description\" content=\"El GdT d\u2019Incid\u00e8ncia Pol\u00edtica es forma en l\u2019origen i recorregut hist\u00f2ric del lleure per poder entendre quins reptes tenim per endavant.\" \/>\n<meta name=\"robots\" content=\"index, follow, max-snippet:-1, max-image-preview:large, max-video-preview:-1\" \/>\n<link rel=\"canonical\" href=\"https:\/\/www.esplac.cat\/incidencia-politica-formacio-historia-lleure\/\" \/>\n<meta property=\"og:locale\" content=\"es_ES\" \/>\n<meta property=\"og:type\" content=\"article\" \/>\n<meta property=\"og:title\" content=\"Incid\u00e8ncia Pol\u00edtica es forma en la hist\u00f2ria del lleure - Esplac\" \/>\n<meta property=\"og:description\" content=\"El GdT d\u2019Incid\u00e8ncia Pol\u00edtica es forma en l\u2019origen i recorregut hist\u00f2ric del lleure per poder entendre quins reptes tenim per endavant.\" \/>\n<meta property=\"og:url\" content=\"https:\/\/www.esplac.cat\/incidencia-politica-formacio-historia-lleure\/\" \/>\n<meta property=\"og:site_name\" content=\"Esplac\" \/>\n<meta property=\"article:published_time\" content=\"2025-10-13T08:24:12+00:00\" \/>\n<meta property=\"article:modified_time\" content=\"2026-02-20T08:55:27+00:00\" \/>\n<meta property=\"og:image\" content=\"https:\/\/www.esplac.cat\/wp-content\/uploads\/2025\/10\/Formacio_Incidencia_politica.jpg\" \/>\n\t<meta property=\"og:image:width\" content=\"2121\" \/>\n\t<meta property=\"og:image:height\" content=\"875\" \/>\n\t<meta property=\"og:image:type\" content=\"image\/jpeg\" \/>\n<meta name=\"author\" content=\"Comunicaci\u00f3 Esplac\" \/>\n<meta name=\"twitter:card\" content=\"summary_large_image\" \/>\n<meta name=\"twitter:label1\" content=\"Escrito por\" \/>\n\t<meta name=\"twitter:data1\" content=\"Comunicaci\u00f3 Esplac\" \/>\n\t<meta name=\"twitter:label2\" content=\"Tiempo de lectura\" \/>\n\t<meta name=\"twitter:data2\" content=\"3 minutos\" \/>\n<script type=\"application\/ld+json\" class=\"yoast-schema-graph\">{\"@context\":\"https:\\\/\\\/schema.org\",\"@graph\":[{\"@type\":\"Article\",\"@id\":\"https:\\\/\\\/www.esplac.cat\\\/incidencia-politica-formacio-historia-lleure\\\/#article\",\"isPartOf\":{\"@id\":\"https:\\\/\\\/www.esplac.cat\\\/incidencia-politica-formacio-historia-lleure\\\/\"},\"author\":{\"name\":\"Comunicaci\u00f3 Esplac\",\"@id\":\"https:\\\/\\\/www.esplac.cat\\\/#\\\/schema\\\/person\\\/908383cf240be18b68f8855d0583faca\"},\"headline\":\"Incid\u00e8ncia Pol\u00edtica es forma en la hist\u00f2ria del lleure\",\"datePublished\":\"2025-10-13T08:24:12+00:00\",\"dateModified\":\"2026-02-20T08:55:27+00:00\",\"mainEntityOfPage\":{\"@id\":\"https:\\\/\\\/www.esplac.cat\\\/incidencia-politica-formacio-historia-lleure\\\/\"},\"wordCount\":1489,\"publisher\":{\"@id\":\"https:\\\/\\\/www.esplac.cat\\\/#organization\"},\"image\":{\"@id\":\"https:\\\/\\\/www.esplac.cat\\\/incidencia-politica-formacio-historia-lleure\\\/#primaryimage\"},\"thumbnailUrl\":\"https:\\\/\\\/www.esplac.cat\\\/wp-content\\\/uploads\\\/2025\\\/10\\\/Formacio_Incidencia_politica.jpg\",\"articleSection\":[\"Activitats comissions i grups de treball\",\"Incid\u00e8ncia pol\u00edtca\"],\"inLanguage\":\"es\"},{\"@type\":\"WebPage\",\"@id\":\"https:\\\/\\\/www.esplac.cat\\\/incidencia-politica-formacio-historia-lleure\\\/\",\"url\":\"https:\\\/\\\/www.esplac.cat\\\/incidencia-politica-formacio-historia-lleure\\\/\",\"name\":\"Incid\u00e8ncia Pol\u00edtica es forma en la hist\u00f2ria del lleure - Esplac\",\"isPartOf\":{\"@id\":\"https:\\\/\\\/www.esplac.cat\\\/#website\"},\"primaryImageOfPage\":{\"@id\":\"https:\\\/\\\/www.esplac.cat\\\/incidencia-politica-formacio-historia-lleure\\\/#primaryimage\"},\"image\":{\"@id\":\"https:\\\/\\\/www.esplac.cat\\\/incidencia-politica-formacio-historia-lleure\\\/#primaryimage\"},\"thumbnailUrl\":\"https:\\\/\\\/www.esplac.cat\\\/wp-content\\\/uploads\\\/2025\\\/10\\\/Formacio_Incidencia_politica.jpg\",\"datePublished\":\"2025-10-13T08:24:12+00:00\",\"dateModified\":\"2026-02-20T08:55:27+00:00\",\"description\":\"El GdT d\u2019Incid\u00e8ncia Pol\u00edtica es forma en l\u2019origen i recorregut hist\u00f2ric del lleure per poder entendre quins reptes tenim per endavant.\",\"breadcrumb\":{\"@id\":\"https:\\\/\\\/www.esplac.cat\\\/incidencia-politica-formacio-historia-lleure\\\/#breadcrumb\"},\"inLanguage\":\"es\",\"potentialAction\":[{\"@type\":\"ReadAction\",\"target\":[\"https:\\\/\\\/www.esplac.cat\\\/incidencia-politica-formacio-historia-lleure\\\/\"]}]},{\"@type\":\"ImageObject\",\"inLanguage\":\"es\",\"@id\":\"https:\\\/\\\/www.esplac.cat\\\/incidencia-politica-formacio-historia-lleure\\\/#primaryimage\",\"url\":\"https:\\\/\\\/www.esplac.cat\\\/wp-content\\\/uploads\\\/2025\\\/10\\\/Formacio_Incidencia_politica.jpg\",\"contentUrl\":\"https:\\\/\\\/www.esplac.cat\\\/wp-content\\\/uploads\\\/2025\\\/10\\\/Formacio_Incidencia_politica.jpg\",\"width\":2121,\"height\":875,\"caption\":\"incidencia politica\"},{\"@type\":\"BreadcrumbList\",\"@id\":\"https:\\\/\\\/www.esplac.cat\\\/incidencia-politica-formacio-historia-lleure\\\/#breadcrumb\",\"itemListElement\":[{\"@type\":\"ListItem\",\"position\":1,\"name\":\"Inici\",\"item\":\"https:\\\/\\\/www.esplac.cat\\\/es\\\/\"},{\"@type\":\"ListItem\",\"position\":2,\"name\":\"Incid\u00e8ncia Pol\u00edtica es forma en la hist\u00f2ria del lleure\"}]},{\"@type\":\"WebSite\",\"@id\":\"https:\\\/\\\/www.esplac.cat\\\/#website\",\"url\":\"https:\\\/\\\/www.esplac.cat\\\/\",\"name\":\"Esplac\",\"description\":\"Esplais Catalans\",\"publisher\":{\"@id\":\"https:\\\/\\\/www.esplac.cat\\\/#organization\"},\"potentialAction\":[{\"@type\":\"SearchAction\",\"target\":{\"@type\":\"EntryPoint\",\"urlTemplate\":\"https:\\\/\\\/www.esplac.cat\\\/?s={search_term_string}\"},\"query-input\":{\"@type\":\"PropertyValueSpecification\",\"valueRequired\":true,\"valueName\":\"search_term_string\"}}],\"inLanguage\":\"es\"},{\"@type\":\"Organization\",\"@id\":\"https:\\\/\\\/www.esplac.cat\\\/#organization\",\"name\":\"Esplac\",\"url\":\"https:\\\/\\\/www.esplac.cat\\\/\",\"logo\":{\"@type\":\"ImageObject\",\"inLanguage\":\"es\",\"@id\":\"https:\\\/\\\/www.esplac.cat\\\/#\\\/schema\\\/logo\\\/image\\\/\",\"url\":\"https:\\\/\\\/www.esplac.cat\\\/wp-content\\\/uploads\\\/2019\\\/08\\\/logox2.png\",\"contentUrl\":\"https:\\\/\\\/www.esplac.cat\\\/wp-content\\\/uploads\\\/2019\\\/08\\\/logox2.png\",\"width\":600,\"height\":295,\"caption\":\"Esplac\"},\"image\":{\"@id\":\"https:\\\/\\\/www.esplac.cat\\\/#\\\/schema\\\/logo\\\/image\\\/\"}},{\"@type\":\"Person\",\"@id\":\"https:\\\/\\\/www.esplac.cat\\\/#\\\/schema\\\/person\\\/908383cf240be18b68f8855d0583faca\",\"name\":\"Comunicaci\u00f3 Esplac\",\"image\":{\"@type\":\"ImageObject\",\"inLanguage\":\"es\",\"@id\":\"https:\\\/\\\/secure.gravatar.com\\\/avatar\\\/7a4cf8feb412a76ea4a740ca02d95b06b2907b5a6c648c2dd0a1082a093c3141?s=96&d=mm&r=g\",\"url\":\"https:\\\/\\\/secure.gravatar.com\\\/avatar\\\/7a4cf8feb412a76ea4a740ca02d95b06b2907b5a6c648c2dd0a1082a093c3141?s=96&d=mm&r=g\",\"contentUrl\":\"https:\\\/\\\/secure.gravatar.com\\\/avatar\\\/7a4cf8feb412a76ea4a740ca02d95b06b2907b5a6c648c2dd0a1082a093c3141?s=96&d=mm&r=g\",\"caption\":\"Comunicaci\u00f3 Esplac\"}}]}<\/script>\n<!-- \/ Yoast SEO plugin. -->","yoast_head_json":{"title":"Incid\u00e8ncia Pol\u00edtica es forma en la hist\u00f2ria del lleure - Esplac","description":"El GdT d\u2019Incid\u00e8ncia Pol\u00edtica es forma en l\u2019origen i recorregut hist\u00f2ric del lleure per poder entendre quins reptes tenim per endavant.","robots":{"index":"index","follow":"follow","max-snippet":"max-snippet:-1","max-image-preview":"max-image-preview:large","max-video-preview":"max-video-preview:-1"},"canonical":"https:\/\/www.esplac.cat\/incidencia-politica-formacio-historia-lleure\/","og_locale":"es_ES","og_type":"article","og_title":"Incid\u00e8ncia Pol\u00edtica es forma en la hist\u00f2ria del lleure - Esplac","og_description":"El GdT d\u2019Incid\u00e8ncia Pol\u00edtica es forma en l\u2019origen i recorregut hist\u00f2ric del lleure per poder entendre quins reptes tenim per endavant.","og_url":"https:\/\/www.esplac.cat\/incidencia-politica-formacio-historia-lleure\/","og_site_name":"Esplac","article_published_time":"2025-10-13T08:24:12+00:00","article_modified_time":"2026-02-20T08:55:27+00:00","og_image":[{"width":2121,"height":875,"url":"https:\/\/www.esplac.cat\/wp-content\/uploads\/2025\/10\/Formacio_Incidencia_politica.jpg","type":"image\/jpeg"}],"author":"Comunicaci\u00f3 Esplac","twitter_card":"summary_large_image","twitter_misc":{"Escrito por":"Comunicaci\u00f3 Esplac","Tiempo de lectura":"3 minutos"},"schema":{"@context":"https:\/\/schema.org","@graph":[{"@type":"Article","@id":"https:\/\/www.esplac.cat\/incidencia-politica-formacio-historia-lleure\/#article","isPartOf":{"@id":"https:\/\/www.esplac.cat\/incidencia-politica-formacio-historia-lleure\/"},"author":{"name":"Comunicaci\u00f3 Esplac","@id":"https:\/\/www.esplac.cat\/#\/schema\/person\/908383cf240be18b68f8855d0583faca"},"headline":"Incid\u00e8ncia Pol\u00edtica es forma en la hist\u00f2ria del lleure","datePublished":"2025-10-13T08:24:12+00:00","dateModified":"2026-02-20T08:55:27+00:00","mainEntityOfPage":{"@id":"https:\/\/www.esplac.cat\/incidencia-politica-formacio-historia-lleure\/"},"wordCount":1489,"publisher":{"@id":"https:\/\/www.esplac.cat\/#organization"},"image":{"@id":"https:\/\/www.esplac.cat\/incidencia-politica-formacio-historia-lleure\/#primaryimage"},"thumbnailUrl":"https:\/\/www.esplac.cat\/wp-content\/uploads\/2025\/10\/Formacio_Incidencia_politica.jpg","articleSection":["Activitats comissions i grups de treball","Incid\u00e8ncia pol\u00edtca"],"inLanguage":"es"},{"@type":"WebPage","@id":"https:\/\/www.esplac.cat\/incidencia-politica-formacio-historia-lleure\/","url":"https:\/\/www.esplac.cat\/incidencia-politica-formacio-historia-lleure\/","name":"Incid\u00e8ncia Pol\u00edtica es forma en la hist\u00f2ria del lleure - Esplac","isPartOf":{"@id":"https:\/\/www.esplac.cat\/#website"},"primaryImageOfPage":{"@id":"https:\/\/www.esplac.cat\/incidencia-politica-formacio-historia-lleure\/#primaryimage"},"image":{"@id":"https:\/\/www.esplac.cat\/incidencia-politica-formacio-historia-lleure\/#primaryimage"},"thumbnailUrl":"https:\/\/www.esplac.cat\/wp-content\/uploads\/2025\/10\/Formacio_Incidencia_politica.jpg","datePublished":"2025-10-13T08:24:12+00:00","dateModified":"2026-02-20T08:55:27+00:00","description":"El GdT d\u2019Incid\u00e8ncia Pol\u00edtica es forma en l\u2019origen i recorregut hist\u00f2ric del lleure per poder entendre quins reptes tenim per endavant.","breadcrumb":{"@id":"https:\/\/www.esplac.cat\/incidencia-politica-formacio-historia-lleure\/#breadcrumb"},"inLanguage":"es","potentialAction":[{"@type":"ReadAction","target":["https:\/\/www.esplac.cat\/incidencia-politica-formacio-historia-lleure\/"]}]},{"@type":"ImageObject","inLanguage":"es","@id":"https:\/\/www.esplac.cat\/incidencia-politica-formacio-historia-lleure\/#primaryimage","url":"https:\/\/www.esplac.cat\/wp-content\/uploads\/2025\/10\/Formacio_Incidencia_politica.jpg","contentUrl":"https:\/\/www.esplac.cat\/wp-content\/uploads\/2025\/10\/Formacio_Incidencia_politica.jpg","width":2121,"height":875,"caption":"incidencia politica"},{"@type":"BreadcrumbList","@id":"https:\/\/www.esplac.cat\/incidencia-politica-formacio-historia-lleure\/#breadcrumb","itemListElement":[{"@type":"ListItem","position":1,"name":"Inici","item":"https:\/\/www.esplac.cat\/es\/"},{"@type":"ListItem","position":2,"name":"Incid\u00e8ncia Pol\u00edtica es forma en la hist\u00f2ria del lleure"}]},{"@type":"WebSite","@id":"https:\/\/www.esplac.cat\/#website","url":"https:\/\/www.esplac.cat\/","name":"Esplac","description":"Esplais Catalans","publisher":{"@id":"https:\/\/www.esplac.cat\/#organization"},"potentialAction":[{"@type":"SearchAction","target":{"@type":"EntryPoint","urlTemplate":"https:\/\/www.esplac.cat\/?s={search_term_string}"},"query-input":{"@type":"PropertyValueSpecification","valueRequired":true,"valueName":"search_term_string"}}],"inLanguage":"es"},{"@type":"Organization","@id":"https:\/\/www.esplac.cat\/#organization","name":"Esplac","url":"https:\/\/www.esplac.cat\/","logo":{"@type":"ImageObject","inLanguage":"es","@id":"https:\/\/www.esplac.cat\/#\/schema\/logo\/image\/","url":"https:\/\/www.esplac.cat\/wp-content\/uploads\/2019\/08\/logox2.png","contentUrl":"https:\/\/www.esplac.cat\/wp-content\/uploads\/2019\/08\/logox2.png","width":600,"height":295,"caption":"Esplac"},"image":{"@id":"https:\/\/www.esplac.cat\/#\/schema\/logo\/image\/"}},{"@type":"Person","@id":"https:\/\/www.esplac.cat\/#\/schema\/person\/908383cf240be18b68f8855d0583faca","name":"Comunicaci\u00f3 Esplac","image":{"@type":"ImageObject","inLanguage":"es","@id":"https:\/\/secure.gravatar.com\/avatar\/7a4cf8feb412a76ea4a740ca02d95b06b2907b5a6c648c2dd0a1082a093c3141?s=96&d=mm&r=g","url":"https:\/\/secure.gravatar.com\/avatar\/7a4cf8feb412a76ea4a740ca02d95b06b2907b5a6c648c2dd0a1082a093c3141?s=96&d=mm&r=g","contentUrl":"https:\/\/secure.gravatar.com\/avatar\/7a4cf8feb412a76ea4a740ca02d95b06b2907b5a6c648c2dd0a1082a093c3141?s=96&d=mm&r=g","caption":"Comunicaci\u00f3 Esplac"}}]}},"_links":{"self":[{"href":"https:\/\/www.esplac.cat\/es\/wp-json\/wp\/v2\/posts\/54230","targetHints":{"allow":["GET"]}}],"collection":[{"href":"https:\/\/www.esplac.cat\/es\/wp-json\/wp\/v2\/posts"}],"about":[{"href":"https:\/\/www.esplac.cat\/es\/wp-json\/wp\/v2\/types\/post"}],"author":[{"embeddable":true,"href":"https:\/\/www.esplac.cat\/es\/wp-json\/wp\/v2\/users\/3"}],"replies":[{"embeddable":true,"href":"https:\/\/www.esplac.cat\/es\/wp-json\/wp\/v2\/comments?post=54230"}],"version-history":[{"count":4,"href":"https:\/\/www.esplac.cat\/es\/wp-json\/wp\/v2\/posts\/54230\/revisions"}],"predecessor-version":[{"id":55499,"href":"https:\/\/www.esplac.cat\/es\/wp-json\/wp\/v2\/posts\/54230\/revisions\/55499"}],"wp:featuredmedia":[{"embeddable":true,"href":"https:\/\/www.esplac.cat\/es\/wp-json\/wp\/v2\/media\/54231"}],"wp:attachment":[{"href":"https:\/\/www.esplac.cat\/es\/wp-json\/wp\/v2\/media?parent=54230"}],"wp:term":[{"taxonomy":"category","embeddable":true,"href":"https:\/\/www.esplac.cat\/es\/wp-json\/wp\/v2\/categories?post=54230"},{"taxonomy":"post_tag","embeddable":true,"href":"https:\/\/www.esplac.cat\/es\/wp-json\/wp\/v2\/tags?post=54230"}],"curies":[{"name":"wp","href":"https:\/\/api.w.org\/{rel}","templated":true}]}}