{"id":54287,"date":"2025-10-24T09:30:02","date_gmt":"2025-10-24T07:30:02","guid":{"rendered":"https:\/\/www.esplac.cat\/?p=54287"},"modified":"2025-10-24T13:36:42","modified_gmt":"2025-10-24T11:36:42","slug":"el-sector-baix-llobregat-sinicia-i-el-curs-ja-te-vida","status":"publish","type":"post","link":"https:\/\/www.esplac.cat\/es\/el-sector-baix-llobregat-sinicia-i-el-curs-ja-te-vida\/","title":{"rendered":"El Sector Baix Llobregat s\u2019inicia i el curs ja t\u00e9 vida"},"content":{"rendered":"<div class=\"fusion-fullwidth fullwidth-box fusion-builder-row-1 fusion-flex-container has-pattern-background has-mask-background nonhundred-percent-fullwidth non-hundred-percent-height-scrolling\" style=\"--awb-border-radius-top-left:0px;--awb-border-radius-top-right:0px;--awb-border-radius-bottom-right:0px;--awb-border-radius-bottom-left:0px;--awb-flex-wrap:wrap;\" ><div class=\"fusion-builder-row fusion-row fusion-flex-align-items-flex-start fusion-flex-content-wrap\" style=\"max-width:1248px;margin-left: calc(-4% \/ 2 );margin-right: calc(-4% \/ 2 );\"><div class=\"fusion-layout-column fusion_builder_column fusion-builder-column-0 fusion_builder_column_1_1 1_1 fusion-flex-column\" style=\"--awb-bg-size:cover;--awb-width-large:100%;--awb-margin-top-large:0px;--awb-spacing-right-large:1.92%;--awb-margin-bottom-large:20px;--awb-spacing-left-large:1.92%;--awb-width-medium:100%;--awb-order-medium:0;--awb-spacing-right-medium:1.92%;--awb-spacing-left-medium:1.92%;--awb-width-small:100%;--awb-order-small:0;--awb-spacing-right-small:1.92%;--awb-spacing-left-small:1.92%;\"><div class=\"fusion-column-wrapper fusion-column-has-shadow fusion-flex-justify-content-flex-start fusion-content-layout-column\"><div class=\"fusion-text fusion-text-1\"><h6><strong>El Sector Baix Llobregat arrenca el curs 2025-2026 amb la seva Assemblea General Ordin\u00e0ria, un espai on retrobar-se i organitzar-se!<\/strong><\/h6>\n<p>El dijous 16 d\u2019octubre, el <span style=\"color: #f69d0b;\"><a style=\"color: #f69d0b;\" href=\"https:\/\/www.esplac.cat\/sectors-geografics\/baix-llobregat\/\" target=\"_blank\" rel=\"noopener\"><strong>Sector Baix Llobregat<\/strong><\/a> <\/span>es va trobar a l\u2019<span style=\"color: #f69d0b;\"><a style=\"color: #f69d0b;\" href=\"https:\/\/www.google.com\/search?q=Agrupaci%C3%B3+Folkl%C3%B2rica+de+Molins&amp;rlz=1C5CHFA_enES802ES802&amp;oq=Agrupaci%C3%B3+Folkl%C3%B2rica+de+Molins&amp;aqs=chrome..69i57.862j0j7&amp;sourceid=chrome&amp;ie=UTF-8\" target=\"_blank\" rel=\"noopener\"><strong>Agrupaci\u00f3 Folkl\u00f2rica de Molins<\/strong><\/a><\/span> per celebrar l\u2019<strong>Assemblea General Ordin\u00e0ria (AGO) de sector<\/strong> i donar el tret de sortida al nou curs. Hi van participar<strong> 16 monitores i monitors<\/strong> dels esplais Trapella, l\u2019Agrupa, Pa amb Tom\u00e0quet, Greska, Guspira i Ara Mateix.<\/p>\n<p>Durant l\u2019assemblea es va aprovar la mem\u00f2ria del curs passat i el Pla de Treball del curs 2025-2026, que recull els objectius i les accions previstes per aquest any. L\u2019Equip General de Sector continua format per dues persones, ja que enguany no s\u2019hi ha afegit ning\u00fa de nou.<\/p>\n<p>Amb aquesta AGO, <strong>el Sector Baix Llobregat comen\u00e7a un nou curs amb ganes, energia i il\u00b7lusi\u00f3<\/strong>! A m\u00e9s, referma el comprom\u00eds de seguir treballant per aconseguir un sector m\u00e9s cohesionat i amb m\u00e9s participaci\u00f3.<\/p>\n<\/div><\/div><\/div><\/div><\/div>\n","protected":false},"excerpt":{"rendered":"","protected":false},"author":3,"featured_media":54289,"comment_status":"closed","ping_status":"closed","sticky":false,"template":"","format":"standard","meta":{"om_disable_all_campaigns":false,"_monsterinsights_skip_tracking":false,"_monsterinsights_sitenote_active":false,"_monsterinsights_sitenote_note":"","_monsterinsights_sitenote_category":0,"_uf_show_specific_survey":0,"_uf_disable_surveys":false,"footnotes":""},"categories":[1110,1124],"tags":[],"class_list":["post-54287","post","type-post","status-publish","format-standard","has-post-thumbnail","hentry","category-activitats-sectors","category-sector-baix-llobregat"],"yoast_head":"<!-- This site is optimized with the Yoast SEO plugin v27.4 - https:\/\/yoast.com\/product\/yoast-seo-wordpress\/ -->\n<title>El Sector Baix Llobregat s\u2019inicia i el curs ja t\u00e9 vida - Esplac<\/title>\n<meta name=\"description\" content=\"El Sector Baix Llobregat arrenca el curs 2025-2026 amb la seva Assemblea General Ordin\u00e0ria, un espai on retrobar-se i organitzar-se!\" \/>\n<meta name=\"robots\" content=\"index, follow, max-snippet:-1, max-image-preview:large, max-video-preview:-1\" \/>\n<link rel=\"canonical\" href=\"https:\/\/www.esplac.cat\/el-sector-baix-llobregat-sinicia-i-el-curs-ja-te-vida\/\" \/>\n<meta property=\"og:locale\" content=\"es_ES\" \/>\n<meta property=\"og:type\" content=\"article\" \/>\n<meta property=\"og:title\" content=\"El Sector Baix Llobregat s\u2019inicia i el curs ja t\u00e9 vida - Esplac\" \/>\n<meta property=\"og:description\" content=\"El Sector Baix Llobregat arrenca el curs 2025-2026 amb la seva Assemblea General Ordin\u00e0ria, un espai on retrobar-se i organitzar-se!\" \/>\n<meta property=\"og:url\" content=\"https:\/\/www.esplac.cat\/el-sector-baix-llobregat-sinicia-i-el-curs-ja-te-vida\/\" \/>\n<meta property=\"og:site_name\" content=\"Esplac\" \/>\n<meta property=\"article:published_time\" content=\"2025-10-24T07:30:02+00:00\" \/>\n<meta property=\"article:modified_time\" content=\"2025-10-24T11:36:42+00:00\" \/>\n<meta property=\"og:image\" content=\"https:\/\/www.esplac.cat\/wp-content\/uploads\/2025\/10\/AGO_Baixllo.jpg\" \/>\n\t<meta property=\"og:image:width\" content=\"2333\" \/>\n\t<meta property=\"og:image:height\" content=\"963\" \/>\n\t<meta property=\"og:image:type\" content=\"image\/jpeg\" \/>\n<meta name=\"author\" content=\"Comunicaci\u00f3 Esplac\" \/>\n<meta name=\"twitter:card\" content=\"summary_large_image\" \/>\n<meta name=\"twitter:label1\" content=\"Escrito por\" \/>\n\t<meta name=\"twitter:data1\" content=\"Comunicaci\u00f3 Esplac\" \/>\n\t<meta name=\"twitter:label2\" content=\"Tiempo de lectura\" \/>\n\t<meta name=\"twitter:data2\" content=\"2 minutos\" \/>\n<script type=\"application\/ld+json\" class=\"yoast-schema-graph\">{\"@context\":\"https:\\\/\\\/schema.org\",\"@graph\":[{\"@type\":\"Article\",\"@id\":\"https:\\\/\\\/www.esplac.cat\\\/el-sector-baix-llobregat-sinicia-i-el-curs-ja-te-vida\\\/#article\",\"isPartOf\":{\"@id\":\"https:\\\/\\\/www.esplac.cat\\\/el-sector-baix-llobregat-sinicia-i-el-curs-ja-te-vida\\\/\"},\"author\":{\"name\":\"Comunicaci\u00f3 Esplac\",\"@id\":\"https:\\\/\\\/www.esplac.cat\\\/#\\\/schema\\\/person\\\/908383cf240be18b68f8855d0583faca\"},\"headline\":\"El Sector Baix Llobregat s\u2019inicia i el curs ja t\u00e9 vida\",\"datePublished\":\"2025-10-24T07:30:02+00:00\",\"dateModified\":\"2025-10-24T11:36:42+00:00\",\"mainEntityOfPage\":{\"@id\":\"https:\\\/\\\/www.esplac.cat\\\/el-sector-baix-llobregat-sinicia-i-el-curs-ja-te-vida\\\/\"},\"wordCount\":1139,\"publisher\":{\"@id\":\"https:\\\/\\\/www.esplac.cat\\\/#organization\"},\"image\":{\"@id\":\"https:\\\/\\\/www.esplac.cat\\\/el-sector-baix-llobregat-sinicia-i-el-curs-ja-te-vida\\\/#primaryimage\"},\"thumbnailUrl\":\"https:\\\/\\\/www.esplac.cat\\\/wp-content\\\/uploads\\\/2025\\\/10\\\/AGO_Baixllo.jpg\",\"articleSection\":[\"Activitats sectors\",\"Sector Baix Llobregat\"],\"inLanguage\":\"es\"},{\"@type\":\"WebPage\",\"@id\":\"https:\\\/\\\/www.esplac.cat\\\/el-sector-baix-llobregat-sinicia-i-el-curs-ja-te-vida\\\/\",\"url\":\"https:\\\/\\\/www.esplac.cat\\\/el-sector-baix-llobregat-sinicia-i-el-curs-ja-te-vida\\\/\",\"name\":\"El Sector Baix Llobregat s\u2019inicia i el curs ja t\u00e9 vida - Esplac\",\"isPartOf\":{\"@id\":\"https:\\\/\\\/www.esplac.cat\\\/#website\"},\"primaryImageOfPage\":{\"@id\":\"https:\\\/\\\/www.esplac.cat\\\/el-sector-baix-llobregat-sinicia-i-el-curs-ja-te-vida\\\/#primaryimage\"},\"image\":{\"@id\":\"https:\\\/\\\/www.esplac.cat\\\/el-sector-baix-llobregat-sinicia-i-el-curs-ja-te-vida\\\/#primaryimage\"},\"thumbnailUrl\":\"https:\\\/\\\/www.esplac.cat\\\/wp-content\\\/uploads\\\/2025\\\/10\\\/AGO_Baixllo.jpg\",\"datePublished\":\"2025-10-24T07:30:02+00:00\",\"dateModified\":\"2025-10-24T11:36:42+00:00\",\"description\":\"El Sector Baix Llobregat arrenca el curs 2025-2026 amb la seva Assemblea General Ordin\u00e0ria, un espai on retrobar-se i organitzar-se!\",\"breadcrumb\":{\"@id\":\"https:\\\/\\\/www.esplac.cat\\\/el-sector-baix-llobregat-sinicia-i-el-curs-ja-te-vida\\\/#breadcrumb\"},\"inLanguage\":\"es\",\"potentialAction\":[{\"@type\":\"ReadAction\",\"target\":[\"https:\\\/\\\/www.esplac.cat\\\/el-sector-baix-llobregat-sinicia-i-el-curs-ja-te-vida\\\/\"]}]},{\"@type\":\"ImageObject\",\"inLanguage\":\"es\",\"@id\":\"https:\\\/\\\/www.esplac.cat\\\/el-sector-baix-llobregat-sinicia-i-el-curs-ja-te-vida\\\/#primaryimage\",\"url\":\"https:\\\/\\\/www.esplac.cat\\\/wp-content\\\/uploads\\\/2025\\\/10\\\/AGO_Baixllo.jpg\",\"contentUrl\":\"https:\\\/\\\/www.esplac.cat\\\/wp-content\\\/uploads\\\/2025\\\/10\\\/AGO_Baixllo.jpg\",\"width\":2333,\"height\":963,\"caption\":\"sector\"},{\"@type\":\"BreadcrumbList\",\"@id\":\"https:\\\/\\\/www.esplac.cat\\\/el-sector-baix-llobregat-sinicia-i-el-curs-ja-te-vida\\\/#breadcrumb\",\"itemListElement\":[{\"@type\":\"ListItem\",\"position\":1,\"name\":\"Inici\",\"item\":\"https:\\\/\\\/www.esplac.cat\\\/es\\\/\"},{\"@type\":\"ListItem\",\"position\":2,\"name\":\"El Sector Baix Llobregat s\u2019inicia i el curs ja t\u00e9 vida\"}]},{\"@type\":\"WebSite\",\"@id\":\"https:\\\/\\\/www.esplac.cat\\\/#website\",\"url\":\"https:\\\/\\\/www.esplac.cat\\\/\",\"name\":\"Esplac\",\"description\":\"Esplais Catalans\",\"publisher\":{\"@id\":\"https:\\\/\\\/www.esplac.cat\\\/#organization\"},\"potentialAction\":[{\"@type\":\"SearchAction\",\"target\":{\"@type\":\"EntryPoint\",\"urlTemplate\":\"https:\\\/\\\/www.esplac.cat\\\/?s={search_term_string}\"},\"query-input\":{\"@type\":\"PropertyValueSpecification\",\"valueRequired\":true,\"valueName\":\"search_term_string\"}}],\"inLanguage\":\"es\"},{\"@type\":\"Organization\",\"@id\":\"https:\\\/\\\/www.esplac.cat\\\/#organization\",\"name\":\"Esplac\",\"url\":\"https:\\\/\\\/www.esplac.cat\\\/\",\"logo\":{\"@type\":\"ImageObject\",\"inLanguage\":\"es\",\"@id\":\"https:\\\/\\\/www.esplac.cat\\\/#\\\/schema\\\/logo\\\/image\\\/\",\"url\":\"https:\\\/\\\/www.esplac.cat\\\/wp-content\\\/uploads\\\/2019\\\/08\\\/logox2.png\",\"contentUrl\":\"https:\\\/\\\/www.esplac.cat\\\/wp-content\\\/uploads\\\/2019\\\/08\\\/logox2.png\",\"width\":600,\"height\":295,\"caption\":\"Esplac\"},\"image\":{\"@id\":\"https:\\\/\\\/www.esplac.cat\\\/#\\\/schema\\\/logo\\\/image\\\/\"}},{\"@type\":\"Person\",\"@id\":\"https:\\\/\\\/www.esplac.cat\\\/#\\\/schema\\\/person\\\/908383cf240be18b68f8855d0583faca\",\"name\":\"Comunicaci\u00f3 Esplac\",\"image\":{\"@type\":\"ImageObject\",\"inLanguage\":\"es\",\"@id\":\"https:\\\/\\\/secure.gravatar.com\\\/avatar\\\/7a4cf8feb412a76ea4a740ca02d95b06b2907b5a6c648c2dd0a1082a093c3141?s=96&d=mm&r=g\",\"url\":\"https:\\\/\\\/secure.gravatar.com\\\/avatar\\\/7a4cf8feb412a76ea4a740ca02d95b06b2907b5a6c648c2dd0a1082a093c3141?s=96&d=mm&r=g\",\"contentUrl\":\"https:\\\/\\\/secure.gravatar.com\\\/avatar\\\/7a4cf8feb412a76ea4a740ca02d95b06b2907b5a6c648c2dd0a1082a093c3141?s=96&d=mm&r=g\",\"caption\":\"Comunicaci\u00f3 Esplac\"}}]}<\/script>\n<!-- \/ Yoast SEO plugin. -->","yoast_head_json":{"title":"El Sector Baix Llobregat s\u2019inicia i el curs ja t\u00e9 vida - Esplac","description":"El Sector Baix Llobregat arrenca el curs 2025-2026 amb la seva Assemblea General Ordin\u00e0ria, un espai on retrobar-se i organitzar-se!","robots":{"index":"index","follow":"follow","max-snippet":"max-snippet:-1","max-image-preview":"max-image-preview:large","max-video-preview":"max-video-preview:-1"},"canonical":"https:\/\/www.esplac.cat\/el-sector-baix-llobregat-sinicia-i-el-curs-ja-te-vida\/","og_locale":"es_ES","og_type":"article","og_title":"El Sector Baix Llobregat s\u2019inicia i el curs ja t\u00e9 vida - Esplac","og_description":"El Sector Baix Llobregat arrenca el curs 2025-2026 amb la seva Assemblea General Ordin\u00e0ria, un espai on retrobar-se i organitzar-se!","og_url":"https:\/\/www.esplac.cat\/el-sector-baix-llobregat-sinicia-i-el-curs-ja-te-vida\/","og_site_name":"Esplac","article_published_time":"2025-10-24T07:30:02+00:00","article_modified_time":"2025-10-24T11:36:42+00:00","og_image":[{"width":2333,"height":963,"url":"https:\/\/www.esplac.cat\/wp-content\/uploads\/2025\/10\/AGO_Baixllo.jpg","type":"image\/jpeg"}],"author":"Comunicaci\u00f3 Esplac","twitter_card":"summary_large_image","twitter_misc":{"Escrito por":"Comunicaci\u00f3 Esplac","Tiempo de lectura":"2 minutos"},"schema":{"@context":"https:\/\/schema.org","@graph":[{"@type":"Article","@id":"https:\/\/www.esplac.cat\/el-sector-baix-llobregat-sinicia-i-el-curs-ja-te-vida\/#article","isPartOf":{"@id":"https:\/\/www.esplac.cat\/el-sector-baix-llobregat-sinicia-i-el-curs-ja-te-vida\/"},"author":{"name":"Comunicaci\u00f3 Esplac","@id":"https:\/\/www.esplac.cat\/#\/schema\/person\/908383cf240be18b68f8855d0583faca"},"headline":"El Sector Baix Llobregat s\u2019inicia i el curs ja t\u00e9 vida","datePublished":"2025-10-24T07:30:02+00:00","dateModified":"2025-10-24T11:36:42+00:00","mainEntityOfPage":{"@id":"https:\/\/www.esplac.cat\/el-sector-baix-llobregat-sinicia-i-el-curs-ja-te-vida\/"},"wordCount":1139,"publisher":{"@id":"https:\/\/www.esplac.cat\/#organization"},"image":{"@id":"https:\/\/www.esplac.cat\/el-sector-baix-llobregat-sinicia-i-el-curs-ja-te-vida\/#primaryimage"},"thumbnailUrl":"https:\/\/www.esplac.cat\/wp-content\/uploads\/2025\/10\/AGO_Baixllo.jpg","articleSection":["Activitats sectors","Sector Baix Llobregat"],"inLanguage":"es"},{"@type":"WebPage","@id":"https:\/\/www.esplac.cat\/el-sector-baix-llobregat-sinicia-i-el-curs-ja-te-vida\/","url":"https:\/\/www.esplac.cat\/el-sector-baix-llobregat-sinicia-i-el-curs-ja-te-vida\/","name":"El Sector Baix Llobregat s\u2019inicia i el curs ja t\u00e9 vida - Esplac","isPartOf":{"@id":"https:\/\/www.esplac.cat\/#website"},"primaryImageOfPage":{"@id":"https:\/\/www.esplac.cat\/el-sector-baix-llobregat-sinicia-i-el-curs-ja-te-vida\/#primaryimage"},"image":{"@id":"https:\/\/www.esplac.cat\/el-sector-baix-llobregat-sinicia-i-el-curs-ja-te-vida\/#primaryimage"},"thumbnailUrl":"https:\/\/www.esplac.cat\/wp-content\/uploads\/2025\/10\/AGO_Baixllo.jpg","datePublished":"2025-10-24T07:30:02+00:00","dateModified":"2025-10-24T11:36:42+00:00","description":"El Sector Baix Llobregat arrenca el curs 2025-2026 amb la seva Assemblea General Ordin\u00e0ria, un espai on retrobar-se i organitzar-se!","breadcrumb":{"@id":"https:\/\/www.esplac.cat\/el-sector-baix-llobregat-sinicia-i-el-curs-ja-te-vida\/#breadcrumb"},"inLanguage":"es","potentialAction":[{"@type":"ReadAction","target":["https:\/\/www.esplac.cat\/el-sector-baix-llobregat-sinicia-i-el-curs-ja-te-vida\/"]}]},{"@type":"ImageObject","inLanguage":"es","@id":"https:\/\/www.esplac.cat\/el-sector-baix-llobregat-sinicia-i-el-curs-ja-te-vida\/#primaryimage","url":"https:\/\/www.esplac.cat\/wp-content\/uploads\/2025\/10\/AGO_Baixllo.jpg","contentUrl":"https:\/\/www.esplac.cat\/wp-content\/uploads\/2025\/10\/AGO_Baixllo.jpg","width":2333,"height":963,"caption":"sector"},{"@type":"BreadcrumbList","@id":"https:\/\/www.esplac.cat\/el-sector-baix-llobregat-sinicia-i-el-curs-ja-te-vida\/#breadcrumb","itemListElement":[{"@type":"ListItem","position":1,"name":"Inici","item":"https:\/\/www.esplac.cat\/es\/"},{"@type":"ListItem","position":2,"name":"El Sector Baix Llobregat s\u2019inicia i el curs ja t\u00e9 vida"}]},{"@type":"WebSite","@id":"https:\/\/www.esplac.cat\/#website","url":"https:\/\/www.esplac.cat\/","name":"Esplac","description":"Esplais Catalans","publisher":{"@id":"https:\/\/www.esplac.cat\/#organization"},"potentialAction":[{"@type":"SearchAction","target":{"@type":"EntryPoint","urlTemplate":"https:\/\/www.esplac.cat\/?s={search_term_string}"},"query-input":{"@type":"PropertyValueSpecification","valueRequired":true,"valueName":"search_term_string"}}],"inLanguage":"es"},{"@type":"Organization","@id":"https:\/\/www.esplac.cat\/#organization","name":"Esplac","url":"https:\/\/www.esplac.cat\/","logo":{"@type":"ImageObject","inLanguage":"es","@id":"https:\/\/www.esplac.cat\/#\/schema\/logo\/image\/","url":"https:\/\/www.esplac.cat\/wp-content\/uploads\/2019\/08\/logox2.png","contentUrl":"https:\/\/www.esplac.cat\/wp-content\/uploads\/2019\/08\/logox2.png","width":600,"height":295,"caption":"Esplac"},"image":{"@id":"https:\/\/www.esplac.cat\/#\/schema\/logo\/image\/"}},{"@type":"Person","@id":"https:\/\/www.esplac.cat\/#\/schema\/person\/908383cf240be18b68f8855d0583faca","name":"Comunicaci\u00f3 Esplac","image":{"@type":"ImageObject","inLanguage":"es","@id":"https:\/\/secure.gravatar.com\/avatar\/7a4cf8feb412a76ea4a740ca02d95b06b2907b5a6c648c2dd0a1082a093c3141?s=96&d=mm&r=g","url":"https:\/\/secure.gravatar.com\/avatar\/7a4cf8feb412a76ea4a740ca02d95b06b2907b5a6c648c2dd0a1082a093c3141?s=96&d=mm&r=g","contentUrl":"https:\/\/secure.gravatar.com\/avatar\/7a4cf8feb412a76ea4a740ca02d95b06b2907b5a6c648c2dd0a1082a093c3141?s=96&d=mm&r=g","caption":"Comunicaci\u00f3 Esplac"}}]}},"_links":{"self":[{"href":"https:\/\/www.esplac.cat\/es\/wp-json\/wp\/v2\/posts\/54287","targetHints":{"allow":["GET"]}}],"collection":[{"href":"https:\/\/www.esplac.cat\/es\/wp-json\/wp\/v2\/posts"}],"about":[{"href":"https:\/\/www.esplac.cat\/es\/wp-json\/wp\/v2\/types\/post"}],"author":[{"embeddable":true,"href":"https:\/\/www.esplac.cat\/es\/wp-json\/wp\/v2\/users\/3"}],"replies":[{"embeddable":true,"href":"https:\/\/www.esplac.cat\/es\/wp-json\/wp\/v2\/comments?post=54287"}],"version-history":[{"count":3,"href":"https:\/\/www.esplac.cat\/es\/wp-json\/wp\/v2\/posts\/54287\/revisions"}],"predecessor-version":[{"id":54293,"href":"https:\/\/www.esplac.cat\/es\/wp-json\/wp\/v2\/posts\/54287\/revisions\/54293"}],"wp:featuredmedia":[{"embeddable":true,"href":"https:\/\/www.esplac.cat\/es\/wp-json\/wp\/v2\/media\/54289"}],"wp:attachment":[{"href":"https:\/\/www.esplac.cat\/es\/wp-json\/wp\/v2\/media?parent=54287"}],"wp:term":[{"taxonomy":"category","embeddable":true,"href":"https:\/\/www.esplac.cat\/es\/wp-json\/wp\/v2\/categories?post=54287"},{"taxonomy":"post_tag","embeddable":true,"href":"https:\/\/www.esplac.cat\/es\/wp-json\/wp\/v2\/tags?post=54287"}],"curies":[{"name":"wp","href":"https:\/\/api.w.org\/{rel}","templated":true}]}}