{"id":54294,"date":"2025-10-24T14:14:26","date_gmt":"2025-10-24T12:14:26","guid":{"rendered":"https:\/\/www.esplac.cat\/?p=54294"},"modified":"2025-10-24T14:14:26","modified_gmt":"2025-10-24T12:14:26","slug":"els-esplais-de-girona-es-reuneixen-per-compartir-una-jornada-daprenentatge-i-caliu","status":"publish","type":"post","link":"https:\/\/www.esplac.cat\/es\/els-esplais-de-girona-es-reuneixen-per-compartir-una-jornada-daprenentatge-i-caliu\/","title":{"rendered":"Els esplais de Girona es reuneixen per compartir una jornada d\u2019aprenentatge i caliu"},"content":{"rendered":"<div class=\"fusion-fullwidth fullwidth-box fusion-builder-row-1 fusion-flex-container has-pattern-background has-mask-background nonhundred-percent-fullwidth non-hundred-percent-height-scrolling\" style=\"--awb-border-radius-top-left:0px;--awb-border-radius-top-right:0px;--awb-border-radius-bottom-right:0px;--awb-border-radius-bottom-left:0px;--awb-flex-wrap:wrap;\" ><div class=\"fusion-builder-row fusion-row fusion-flex-align-items-flex-start fusion-flex-content-wrap\" style=\"max-width:1248px;margin-left: calc(-4% \/ 2 );margin-right: calc(-4% \/ 2 );\"><div class=\"fusion-layout-column fusion_builder_column fusion-builder-column-0 fusion_builder_column_1_1 1_1 fusion-flex-column\" style=\"--awb-bg-size:cover;--awb-width-large:100%;--awb-margin-top-large:0px;--awb-spacing-right-large:1.92%;--awb-margin-bottom-large:20px;--awb-spacing-left-large:1.92%;--awb-width-medium:100%;--awb-order-medium:0;--awb-spacing-right-medium:1.92%;--awb-spacing-left-medium:1.92%;--awb-width-small:100%;--awb-order-small:0;--awb-spacing-right-small:1.92%;--awb-spacing-left-small:1.92%;\"><div class=\"fusion-column-wrapper fusion-column-has-shadow fusion-flex-justify-content-flex-start fusion-content-layout-column\"><div class=\"fusion-text fusion-text-1\"><h6><strong>El Sector Girona comen\u00e7a el curs amb la Giroformaci\u00f3, una trobada on les monitores i els monitors del sector comparteixen aprenentatges i gaudeixen d\u2019un espai de cohesi\u00f3.<\/strong><\/h6>\n<p>La Giroformaci\u00f3 \u00e9s una jornada formativa que se celebra un cop al curs i que organitza una comissi\u00f3 formada per monitores i monitors dels diferents esplais del <span style=\"color: #f69d0b;\"><a style=\"color: #f69d0b;\" href=\"https:\/\/www.esplac.cat\/sectors-geografics\/girona\/\" target=\"_blank\" rel=\"noopener\"><strong>Sector Girona<\/strong><\/a><\/span>.<\/p>\n<p>Enguany l\u2019activitat s\u2019ha dividit en tres parts. Al mat\u00ed s\u2019ha fet una formaci\u00f3 dinamitzada per l\u2019<span style=\"color: #f69d0b;\"><a style=\"color: #f69d0b;\" href=\"https:\/\/escolaelsol.coop\/\" target=\"_blank\" rel=\"noopener\"><strong>Escola Lliure el Sol<\/strong><\/a> <\/span>sobre el Treball amb adolescents. Ha estat tot un \u00e8xit, amb l\u2019assist\u00e8ncia de 32 persones! Despr\u00e9s l\u2019activitat ha continuat com m\u00e9s agrada, amb un dinar conjunt de carmanyola. I, com a bona gent d\u2019esplai, la jornada ha acabat amb un parell d\u2019activitats de cohesi\u00f3.<\/p>\n<p>Amb tot, ha estat un dia molt bonic en qu\u00e8 els esplais <strong>4 camins,<\/strong> <strong>Aixopluc<\/strong>, <strong>El Garbell<\/strong> i el <strong>Papu-Tisores<\/strong> s\u2019han unit per compartir un dissabte de caliu, riures, aprenentatge i cohesi\u00f3. Les monitores i els monitors del sector arrenquen aix\u00ed el curs amb les piles carregades i amb ganes de la pr\u00f2xima Giroformaci\u00f3!<\/p>\n<\/div><\/div><\/div><\/div><\/div>\n","protected":false},"excerpt":{"rendered":"","protected":false},"author":3,"featured_media":54295,"comment_status":"closed","ping_status":"closed","sticky":false,"template":"","format":"standard","meta":{"om_disable_all_campaigns":false,"_monsterinsights_skip_tracking":false,"_monsterinsights_sitenote_active":false,"_monsterinsights_sitenote_note":"","_monsterinsights_sitenote_category":0,"_uf_show_specific_survey":0,"_uf_disable_surveys":false,"footnotes":""},"categories":[1110,1130],"tags":[],"class_list":["post-54294","post","type-post","status-publish","format-standard","has-post-thumbnail","hentry","category-activitats-sectors","category-sector-girona"],"yoast_head":"<!-- This site is optimized with the Yoast SEO plugin v27.4 - https:\/\/yoast.com\/product\/yoast-seo-wordpress\/ -->\n<title>Els esplais de Girona es reuneixen a la Giroformaci\u00f3!<\/title>\n<meta name=\"description\" content=\"El Sector Girona comen\u00e7a el curs amb la Giroformaci\u00f3, una trobada on compartir aprenentatges i gaudeixen d\u2019un espai de cohesi\u00f3.\" \/>\n<meta name=\"robots\" content=\"index, follow, max-snippet:-1, max-image-preview:large, max-video-preview:-1\" \/>\n<link rel=\"canonical\" href=\"https:\/\/www.esplac.cat\/els-esplais-de-girona-es-reuneixen-per-compartir-una-jornada-daprenentatge-i-caliu\/\" \/>\n<meta property=\"og:locale\" content=\"es_ES\" \/>\n<meta property=\"og:type\" content=\"article\" \/>\n<meta property=\"og:title\" content=\"Els esplais de Girona es reuneixen a la Giroformaci\u00f3!\" \/>\n<meta property=\"og:description\" content=\"El Sector Girona comen\u00e7a el curs amb la Giroformaci\u00f3, una trobada on compartir aprenentatges i gaudeixen d\u2019un espai de cohesi\u00f3.\" \/>\n<meta property=\"og:url\" content=\"https:\/\/www.esplac.cat\/els-esplais-de-girona-es-reuneixen-per-compartir-una-jornada-daprenentatge-i-caliu\/\" \/>\n<meta property=\"og:site_name\" content=\"Esplac\" \/>\n<meta property=\"article:published_time\" content=\"2025-10-24T12:14:26+00:00\" \/>\n<meta property=\"og:image\" content=\"https:\/\/www.esplac.cat\/wp-content\/uploads\/2025\/10\/Giroformacio-scaled.jpg\" \/>\n\t<meta property=\"og:image:width\" content=\"2560\" \/>\n\t<meta property=\"og:image:height\" content=\"1056\" \/>\n\t<meta property=\"og:image:type\" content=\"image\/jpeg\" \/>\n<meta name=\"author\" content=\"Comunicaci\u00f3 Esplac\" \/>\n<meta name=\"twitter:card\" content=\"summary_large_image\" \/>\n<meta name=\"twitter:label1\" content=\"Escrito por\" \/>\n\t<meta name=\"twitter:data1\" content=\"Comunicaci\u00f3 Esplac\" \/>\n\t<meta name=\"twitter:label2\" content=\"Tiempo de lectura\" \/>\n\t<meta name=\"twitter:data2\" content=\"2 minutos\" \/>\n<script type=\"application\/ld+json\" class=\"yoast-schema-graph\">{\"@context\":\"https:\\\/\\\/schema.org\",\"@graph\":[{\"@type\":\"Article\",\"@id\":\"https:\\\/\\\/www.esplac.cat\\\/els-esplais-de-girona-es-reuneixen-per-compartir-una-jornada-daprenentatge-i-caliu\\\/#article\",\"isPartOf\":{\"@id\":\"https:\\\/\\\/www.esplac.cat\\\/els-esplais-de-girona-es-reuneixen-per-compartir-una-jornada-daprenentatge-i-caliu\\\/\"},\"author\":{\"name\":\"Comunicaci\u00f3 Esplac\",\"@id\":\"https:\\\/\\\/www.esplac.cat\\\/#\\\/schema\\\/person\\\/908383cf240be18b68f8855d0583faca\"},\"headline\":\"Els esplais de Girona es reuneixen per compartir una jornada d\u2019aprenentatge i caliu\",\"datePublished\":\"2025-10-24T12:14:26+00:00\",\"mainEntityOfPage\":{\"@id\":\"https:\\\/\\\/www.esplac.cat\\\/els-esplais-de-girona-es-reuneixen-per-compartir-una-jornada-daprenentatge-i-caliu\\\/\"},\"wordCount\":1154,\"publisher\":{\"@id\":\"https:\\\/\\\/www.esplac.cat\\\/#organization\"},\"image\":{\"@id\":\"https:\\\/\\\/www.esplac.cat\\\/els-esplais-de-girona-es-reuneixen-per-compartir-una-jornada-daprenentatge-i-caliu\\\/#primaryimage\"},\"thumbnailUrl\":\"https:\\\/\\\/www.esplac.cat\\\/wp-content\\\/uploads\\\/2025\\\/10\\\/Giroformacio-scaled.jpg\",\"articleSection\":[\"Activitats sectors\",\"Sector Girona\"],\"inLanguage\":\"es\"},{\"@type\":\"WebPage\",\"@id\":\"https:\\\/\\\/www.esplac.cat\\\/els-esplais-de-girona-es-reuneixen-per-compartir-una-jornada-daprenentatge-i-caliu\\\/\",\"url\":\"https:\\\/\\\/www.esplac.cat\\\/els-esplais-de-girona-es-reuneixen-per-compartir-una-jornada-daprenentatge-i-caliu\\\/\",\"name\":\"Els esplais de Girona es reuneixen a la Giroformaci\u00f3!\",\"isPartOf\":{\"@id\":\"https:\\\/\\\/www.esplac.cat\\\/#website\"},\"primaryImageOfPage\":{\"@id\":\"https:\\\/\\\/www.esplac.cat\\\/els-esplais-de-girona-es-reuneixen-per-compartir-una-jornada-daprenentatge-i-caliu\\\/#primaryimage\"},\"image\":{\"@id\":\"https:\\\/\\\/www.esplac.cat\\\/els-esplais-de-girona-es-reuneixen-per-compartir-una-jornada-daprenentatge-i-caliu\\\/#primaryimage\"},\"thumbnailUrl\":\"https:\\\/\\\/www.esplac.cat\\\/wp-content\\\/uploads\\\/2025\\\/10\\\/Giroformacio-scaled.jpg\",\"datePublished\":\"2025-10-24T12:14:26+00:00\",\"description\":\"El Sector Girona comen\u00e7a el curs amb la Giroformaci\u00f3, una trobada on compartir aprenentatges i gaudeixen d\u2019un espai de cohesi\u00f3.\",\"breadcrumb\":{\"@id\":\"https:\\\/\\\/www.esplac.cat\\\/els-esplais-de-girona-es-reuneixen-per-compartir-una-jornada-daprenentatge-i-caliu\\\/#breadcrumb\"},\"inLanguage\":\"es\",\"potentialAction\":[{\"@type\":\"ReadAction\",\"target\":[\"https:\\\/\\\/www.esplac.cat\\\/els-esplais-de-girona-es-reuneixen-per-compartir-una-jornada-daprenentatge-i-caliu\\\/\"]}]},{\"@type\":\"ImageObject\",\"inLanguage\":\"es\",\"@id\":\"https:\\\/\\\/www.esplac.cat\\\/els-esplais-de-girona-es-reuneixen-per-compartir-una-jornada-daprenentatge-i-caliu\\\/#primaryimage\",\"url\":\"https:\\\/\\\/www.esplac.cat\\\/wp-content\\\/uploads\\\/2025\\\/10\\\/Giroformacio-scaled.jpg\",\"contentUrl\":\"https:\\\/\\\/www.esplac.cat\\\/wp-content\\\/uploads\\\/2025\\\/10\\\/Giroformacio-scaled.jpg\",\"width\":2560,\"height\":1056,\"caption\":\"sector\"},{\"@type\":\"BreadcrumbList\",\"@id\":\"https:\\\/\\\/www.esplac.cat\\\/els-esplais-de-girona-es-reuneixen-per-compartir-una-jornada-daprenentatge-i-caliu\\\/#breadcrumb\",\"itemListElement\":[{\"@type\":\"ListItem\",\"position\":1,\"name\":\"Inici\",\"item\":\"https:\\\/\\\/www.esplac.cat\\\/es\\\/\"},{\"@type\":\"ListItem\",\"position\":2,\"name\":\"Els esplais de Girona es reuneixen per compartir una jornada d\u2019aprenentatge i caliu\"}]},{\"@type\":\"WebSite\",\"@id\":\"https:\\\/\\\/www.esplac.cat\\\/#website\",\"url\":\"https:\\\/\\\/www.esplac.cat\\\/\",\"name\":\"Esplac\",\"description\":\"Esplais Catalans\",\"publisher\":{\"@id\":\"https:\\\/\\\/www.esplac.cat\\\/#organization\"},\"potentialAction\":[{\"@type\":\"SearchAction\",\"target\":{\"@type\":\"EntryPoint\",\"urlTemplate\":\"https:\\\/\\\/www.esplac.cat\\\/?s={search_term_string}\"},\"query-input\":{\"@type\":\"PropertyValueSpecification\",\"valueRequired\":true,\"valueName\":\"search_term_string\"}}],\"inLanguage\":\"es\"},{\"@type\":\"Organization\",\"@id\":\"https:\\\/\\\/www.esplac.cat\\\/#organization\",\"name\":\"Esplac\",\"url\":\"https:\\\/\\\/www.esplac.cat\\\/\",\"logo\":{\"@type\":\"ImageObject\",\"inLanguage\":\"es\",\"@id\":\"https:\\\/\\\/www.esplac.cat\\\/#\\\/schema\\\/logo\\\/image\\\/\",\"url\":\"https:\\\/\\\/www.esplac.cat\\\/wp-content\\\/uploads\\\/2019\\\/08\\\/logox2.png\",\"contentUrl\":\"https:\\\/\\\/www.esplac.cat\\\/wp-content\\\/uploads\\\/2019\\\/08\\\/logox2.png\",\"width\":600,\"height\":295,\"caption\":\"Esplac\"},\"image\":{\"@id\":\"https:\\\/\\\/www.esplac.cat\\\/#\\\/schema\\\/logo\\\/image\\\/\"}},{\"@type\":\"Person\",\"@id\":\"https:\\\/\\\/www.esplac.cat\\\/#\\\/schema\\\/person\\\/908383cf240be18b68f8855d0583faca\",\"name\":\"Comunicaci\u00f3 Esplac\",\"image\":{\"@type\":\"ImageObject\",\"inLanguage\":\"es\",\"@id\":\"https:\\\/\\\/secure.gravatar.com\\\/avatar\\\/7a4cf8feb412a76ea4a740ca02d95b06b2907b5a6c648c2dd0a1082a093c3141?s=96&d=mm&r=g\",\"url\":\"https:\\\/\\\/secure.gravatar.com\\\/avatar\\\/7a4cf8feb412a76ea4a740ca02d95b06b2907b5a6c648c2dd0a1082a093c3141?s=96&d=mm&r=g\",\"contentUrl\":\"https:\\\/\\\/secure.gravatar.com\\\/avatar\\\/7a4cf8feb412a76ea4a740ca02d95b06b2907b5a6c648c2dd0a1082a093c3141?s=96&d=mm&r=g\",\"caption\":\"Comunicaci\u00f3 Esplac\"}}]}<\/script>\n<!-- \/ Yoast SEO plugin. -->","yoast_head_json":{"title":"Els esplais de Girona es reuneixen a la Giroformaci\u00f3!","description":"El Sector Girona comen\u00e7a el curs amb la Giroformaci\u00f3, una trobada on compartir aprenentatges i gaudeixen d\u2019un espai de cohesi\u00f3.","robots":{"index":"index","follow":"follow","max-snippet":"max-snippet:-1","max-image-preview":"max-image-preview:large","max-video-preview":"max-video-preview:-1"},"canonical":"https:\/\/www.esplac.cat\/els-esplais-de-girona-es-reuneixen-per-compartir-una-jornada-daprenentatge-i-caliu\/","og_locale":"es_ES","og_type":"article","og_title":"Els esplais de Girona es reuneixen a la Giroformaci\u00f3!","og_description":"El Sector Girona comen\u00e7a el curs amb la Giroformaci\u00f3, una trobada on compartir aprenentatges i gaudeixen d\u2019un espai de cohesi\u00f3.","og_url":"https:\/\/www.esplac.cat\/els-esplais-de-girona-es-reuneixen-per-compartir-una-jornada-daprenentatge-i-caliu\/","og_site_name":"Esplac","article_published_time":"2025-10-24T12:14:26+00:00","og_image":[{"width":2560,"height":1056,"url":"https:\/\/www.esplac.cat\/wp-content\/uploads\/2025\/10\/Giroformacio-scaled.jpg","type":"image\/jpeg"}],"author":"Comunicaci\u00f3 Esplac","twitter_card":"summary_large_image","twitter_misc":{"Escrito por":"Comunicaci\u00f3 Esplac","Tiempo de lectura":"2 minutos"},"schema":{"@context":"https:\/\/schema.org","@graph":[{"@type":"Article","@id":"https:\/\/www.esplac.cat\/els-esplais-de-girona-es-reuneixen-per-compartir-una-jornada-daprenentatge-i-caliu\/#article","isPartOf":{"@id":"https:\/\/www.esplac.cat\/els-esplais-de-girona-es-reuneixen-per-compartir-una-jornada-daprenentatge-i-caliu\/"},"author":{"name":"Comunicaci\u00f3 Esplac","@id":"https:\/\/www.esplac.cat\/#\/schema\/person\/908383cf240be18b68f8855d0583faca"},"headline":"Els esplais de Girona es reuneixen per compartir una jornada d\u2019aprenentatge i caliu","datePublished":"2025-10-24T12:14:26+00:00","mainEntityOfPage":{"@id":"https:\/\/www.esplac.cat\/els-esplais-de-girona-es-reuneixen-per-compartir-una-jornada-daprenentatge-i-caliu\/"},"wordCount":1154,"publisher":{"@id":"https:\/\/www.esplac.cat\/#organization"},"image":{"@id":"https:\/\/www.esplac.cat\/els-esplais-de-girona-es-reuneixen-per-compartir-una-jornada-daprenentatge-i-caliu\/#primaryimage"},"thumbnailUrl":"https:\/\/www.esplac.cat\/wp-content\/uploads\/2025\/10\/Giroformacio-scaled.jpg","articleSection":["Activitats sectors","Sector Girona"],"inLanguage":"es"},{"@type":"WebPage","@id":"https:\/\/www.esplac.cat\/els-esplais-de-girona-es-reuneixen-per-compartir-una-jornada-daprenentatge-i-caliu\/","url":"https:\/\/www.esplac.cat\/els-esplais-de-girona-es-reuneixen-per-compartir-una-jornada-daprenentatge-i-caliu\/","name":"Els esplais de Girona es reuneixen a la Giroformaci\u00f3!","isPartOf":{"@id":"https:\/\/www.esplac.cat\/#website"},"primaryImageOfPage":{"@id":"https:\/\/www.esplac.cat\/els-esplais-de-girona-es-reuneixen-per-compartir-una-jornada-daprenentatge-i-caliu\/#primaryimage"},"image":{"@id":"https:\/\/www.esplac.cat\/els-esplais-de-girona-es-reuneixen-per-compartir-una-jornada-daprenentatge-i-caliu\/#primaryimage"},"thumbnailUrl":"https:\/\/www.esplac.cat\/wp-content\/uploads\/2025\/10\/Giroformacio-scaled.jpg","datePublished":"2025-10-24T12:14:26+00:00","description":"El Sector Girona comen\u00e7a el curs amb la Giroformaci\u00f3, una trobada on compartir aprenentatges i gaudeixen d\u2019un espai de cohesi\u00f3.","breadcrumb":{"@id":"https:\/\/www.esplac.cat\/els-esplais-de-girona-es-reuneixen-per-compartir-una-jornada-daprenentatge-i-caliu\/#breadcrumb"},"inLanguage":"es","potentialAction":[{"@type":"ReadAction","target":["https:\/\/www.esplac.cat\/els-esplais-de-girona-es-reuneixen-per-compartir-una-jornada-daprenentatge-i-caliu\/"]}]},{"@type":"ImageObject","inLanguage":"es","@id":"https:\/\/www.esplac.cat\/els-esplais-de-girona-es-reuneixen-per-compartir-una-jornada-daprenentatge-i-caliu\/#primaryimage","url":"https:\/\/www.esplac.cat\/wp-content\/uploads\/2025\/10\/Giroformacio-scaled.jpg","contentUrl":"https:\/\/www.esplac.cat\/wp-content\/uploads\/2025\/10\/Giroformacio-scaled.jpg","width":2560,"height":1056,"caption":"sector"},{"@type":"BreadcrumbList","@id":"https:\/\/www.esplac.cat\/els-esplais-de-girona-es-reuneixen-per-compartir-una-jornada-daprenentatge-i-caliu\/#breadcrumb","itemListElement":[{"@type":"ListItem","position":1,"name":"Inici","item":"https:\/\/www.esplac.cat\/es\/"},{"@type":"ListItem","position":2,"name":"Els esplais de Girona es reuneixen per compartir una jornada d\u2019aprenentatge i caliu"}]},{"@type":"WebSite","@id":"https:\/\/www.esplac.cat\/#website","url":"https:\/\/www.esplac.cat\/","name":"Esplac","description":"Esplais Catalans","publisher":{"@id":"https:\/\/www.esplac.cat\/#organization"},"potentialAction":[{"@type":"SearchAction","target":{"@type":"EntryPoint","urlTemplate":"https:\/\/www.esplac.cat\/?s={search_term_string}"},"query-input":{"@type":"PropertyValueSpecification","valueRequired":true,"valueName":"search_term_string"}}],"inLanguage":"es"},{"@type":"Organization","@id":"https:\/\/www.esplac.cat\/#organization","name":"Esplac","url":"https:\/\/www.esplac.cat\/","logo":{"@type":"ImageObject","inLanguage":"es","@id":"https:\/\/www.esplac.cat\/#\/schema\/logo\/image\/","url":"https:\/\/www.esplac.cat\/wp-content\/uploads\/2019\/08\/logox2.png","contentUrl":"https:\/\/www.esplac.cat\/wp-content\/uploads\/2019\/08\/logox2.png","width":600,"height":295,"caption":"Esplac"},"image":{"@id":"https:\/\/www.esplac.cat\/#\/schema\/logo\/image\/"}},{"@type":"Person","@id":"https:\/\/www.esplac.cat\/#\/schema\/person\/908383cf240be18b68f8855d0583faca","name":"Comunicaci\u00f3 Esplac","image":{"@type":"ImageObject","inLanguage":"es","@id":"https:\/\/secure.gravatar.com\/avatar\/7a4cf8feb412a76ea4a740ca02d95b06b2907b5a6c648c2dd0a1082a093c3141?s=96&d=mm&r=g","url":"https:\/\/secure.gravatar.com\/avatar\/7a4cf8feb412a76ea4a740ca02d95b06b2907b5a6c648c2dd0a1082a093c3141?s=96&d=mm&r=g","contentUrl":"https:\/\/secure.gravatar.com\/avatar\/7a4cf8feb412a76ea4a740ca02d95b06b2907b5a6c648c2dd0a1082a093c3141?s=96&d=mm&r=g","caption":"Comunicaci\u00f3 Esplac"}}]}},"_links":{"self":[{"href":"https:\/\/www.esplac.cat\/es\/wp-json\/wp\/v2\/posts\/54294","targetHints":{"allow":["GET"]}}],"collection":[{"href":"https:\/\/www.esplac.cat\/es\/wp-json\/wp\/v2\/posts"}],"about":[{"href":"https:\/\/www.esplac.cat\/es\/wp-json\/wp\/v2\/types\/post"}],"author":[{"embeddable":true,"href":"https:\/\/www.esplac.cat\/es\/wp-json\/wp\/v2\/users\/3"}],"replies":[{"embeddable":true,"href":"https:\/\/www.esplac.cat\/es\/wp-json\/wp\/v2\/comments?post=54294"}],"version-history":[{"count":1,"href":"https:\/\/www.esplac.cat\/es\/wp-json\/wp\/v2\/posts\/54294\/revisions"}],"predecessor-version":[{"id":54298,"href":"https:\/\/www.esplac.cat\/es\/wp-json\/wp\/v2\/posts\/54294\/revisions\/54298"}],"wp:featuredmedia":[{"embeddable":true,"href":"https:\/\/www.esplac.cat\/es\/wp-json\/wp\/v2\/media\/54295"}],"wp:attachment":[{"href":"https:\/\/www.esplac.cat\/es\/wp-json\/wp\/v2\/media?parent=54294"}],"wp:term":[{"taxonomy":"category","embeddable":true,"href":"https:\/\/www.esplac.cat\/es\/wp-json\/wp\/v2\/categories?post=54294"},{"taxonomy":"post_tag","embeddable":true,"href":"https:\/\/www.esplac.cat\/es\/wp-json\/wp\/v2\/tags?post=54294"}],"curies":[{"name":"wp","href":"https:\/\/api.w.org\/{rel}","templated":true}]}}